{"id":12055,"date":"2022-03-08T00:29:39","date_gmt":"2022-03-07T23:29:39","guid":{"rendered":"https:\/\/www.organisator.ch\/?p=12055"},"modified":"2022-03-07T16:46:27","modified_gmt":"2022-03-07T15:46:27","slug":"zum-weltfrauentag-schweizer-luftraum-fuer-einmal-in-frauenhand","status":"publish","type":"post","link":"https:\/\/www.organisator.ch\/it\/human-resources\/2022-03-08\/zum-weltfrauentag-schweizer-luftraum-fuer-einmal-in-frauenhand\/","title":{"rendered":"Per la giornata internazionale della donna: lo spazio aereo svizzero in mano alle donne per una volta"},"content":{"rendered":"<figure id=\"attachment_12056\" aria-describedby=\"caption-attachment-12056\" style=\"width: 680px\" class=\"wp-caption alignnone\"><img loading=\"lazy\" decoding=\"async\" class=\"size-medium wp-image-12056\" src=\"https:\/\/www.organisator.ch\/wp-content\/uploads\/2022\/03\/Zum-Weltfrauentag-Schweizer-Luftraum-fuer-einmal-in-Frauenhand_Organisator-680x408.jpg\" alt=\"\" width=\"680\" height=\"408\" srcset=\"https:\/\/www.organisator.ch\/wp-content\/uploads\/2022\/03\/Zum-Weltfrauentag-Schweizer-Luftraum-fuer-einmal-in-Frauenhand_Organisator-680x408.jpg 680w, https:\/\/www.organisator.ch\/wp-content\/uploads\/2022\/03\/Zum-Weltfrauentag-Schweizer-Luftraum-fuer-einmal-in-Frauenhand_Organisator-1024x615.jpg 1024w, https:\/\/www.organisator.ch\/wp-content\/uploads\/2022\/03\/Zum-Weltfrauentag-Schweizer-Luftraum-fuer-einmal-in-Frauenhand_Organisator-768x461.jpg 768w, https:\/\/www.organisator.ch\/wp-content\/uploads\/2022\/03\/Zum-Weltfrauentag-Schweizer-Luftraum-fuer-einmal-in-Frauenhand_Organisator-1536x922.jpg 1536w, https:\/\/www.organisator.ch\/wp-content\/uploads\/2022\/03\/Zum-Weltfrauentag-Schweizer-Luftraum-fuer-einmal-in-Frauenhand_Organisator-18x12.jpg 18w, https:\/\/www.organisator.ch\/wp-content\/uploads\/2022\/03\/Zum-Weltfrauentag-Schweizer-Luftraum-fuer-einmal-in-Frauenhand_Organisator-292x175.jpg 292w, https:\/\/www.organisator.ch\/wp-content\/uploads\/2022\/03\/Zum-Weltfrauentag-Schweizer-Luftraum-fuer-einmal-in-Frauenhand_Organisator-583x350.jpg 583w, https:\/\/www.organisator.ch\/wp-content\/uploads\/2022\/03\/Zum-Weltfrauentag-Schweizer-Luftraum-fuer-einmal-in-Frauenhand_Organisator-1333x800.jpg 1333w, https:\/\/www.organisator.ch\/wp-content\/uploads\/2022\/03\/Zum-Weltfrauentag-Schweizer-Luftraum-fuer-einmal-in-Frauenhand_Organisator-920x552.jpg 920w, https:\/\/www.organisator.ch\/wp-content\/uploads\/2022\/03\/Zum-Weltfrauentag-Schweizer-Luftraum-fuer-einmal-in-Frauenhand_Organisator-1400x840.jpg 1400w, https:\/\/www.organisator.ch\/wp-content\/uploads\/2022\/03\/Zum-Weltfrauentag-Schweizer-Luftraum-fuer-einmal-in-Frauenhand_Organisator-300x180.jpg 300w, https:\/\/www.organisator.ch\/wp-content\/uploads\/2022\/03\/Zum-Weltfrauentag-Schweizer-Luftraum-fuer-einmal-in-Frauenhand_Organisator.jpg 1586w\" sizes=\"auto, (max-width: 680px) 100vw, 680px\" \/><figcaption id=\"caption-attachment-12056\" class=\"wp-caption-text\">In occasione della giornata internazionale della donna, l'8 marzo, skyguide lascia i cieli della Svizzera soprattutto alle donne controllori del traffico aereo. (Immagine: Skyguide)<\/figcaption><\/figure>\n<p>Nella giornata internazionale della donna, lo spazio aereo svizzero sar\u00e0 per una volta gestito prevalentemente da controllori del traffico aereo donne. Questo significa che i piloti che atterreranno e decolleranno in uno dei 14 aeroporti o campi d'aviazione in Svizzera marted\u00ec 8 marzo 2022, saranno in gran parte guidati da voci femminili. Questo perch\u00e9 nella giornata internazionale della donna, la maggior parte di coloro che lavorano nella sorveglianza dello spazio aereo, nelle torri degli aeroporti internazionali di Zurigo e Ginevra e nelle torri di controllo degli aeroporti regionali saranno donne. Nella giornata internazionale della donna, l'8 marzo 2022, 50 controllori di volo donna saranno in servizio per tutto il giorno.<\/p>\n<h2>Crescente percentuale di donne a Skyguide<\/h2>\n<p>In occasione della Giornata Internazionale della Donna, skyguide dimostra cos\u00ec che anche in settori \"maschili\" come l'aviazione, le collaboratrici svolgono un ruolo sempre pi\u00f9 importante. La percentuale di donne impiegate da skyguide \u00e8 aumentata costantemente negli ultimi anni. Quasi una posizione su quattro \u00e8 attualmente occupata da una donna. Inoltre, ci sono due donne nel consiglio di amministrazione esecutivo e tre nel consiglio di amministrazione. Queste cifre dimostrano che le pari opportunit\u00e0 sono praticate, promosse e incrementate in skyguide, per esempio attraverso il lavoro part-time, l'home office e il job sharing.<\/p>\n<h2>Dare l'esempio per la Giornata Internazionale della Donna 2022<\/h2>\n<p>\"Troviamo che le discussioni nei team misti sono pi\u00f9 dinamiche ed equilibrate. Questo si traduce in discussioni pi\u00f9 coordinate e queste alla fine portano a decisioni migliori. Maggiore \u00e8 la diversit\u00e0, maggiori sono le possibilit\u00e0 di successo di un'azienda\", dice Alex Bristol, CEO di Skyguide. Il fornitore di servizi di navigazione aerea, che celebra quest'anno il suo 100\u00b0 anniversario, promuove la diversit\u00e0 da quasi dieci anni. La diversit\u00e0 \u00e8 ora una parte importante della strategia dell'azienda, secondo la societ\u00e0.<\/p>\n<p><em>Fonte: <a href=\"http:\/\/www.skyguide.ch\">Skyguide<\/a><\/em><\/p>","protected":false},"excerpt":{"rendered":"<p>Der Schweizer Luftraum wird am Internationalen Frauentag f\u00fcr einmal \u00fcberwiegend von Flugverkehrsleiterinnen gef\u00fchrt. Das bedeutet: Pilotinnen und Piloten, die am Dienstag, 8. M\u00e4rz 2022, an einem der 14 Flugh\u00e4fen beziehungsweise Flugpl\u00e4tze in der Schweiz landen und starten, werden gr\u00f6sstenteils von weiblichen Stimmen geleitet. Denn am Internationalen Frauentag arbeiten in der Luftraum-\u00dcberwachung, in den Towers der [&hellip;]<\/p>\n","protected":false},"author":4,"featured_media":12056,"comment_status":"closed","ping_status":"closed","sticky":false,"template":"","format":"standard","meta":{"_acf_changed":false,"_yoast_wpseo_focuskw":"zum Weltfrauentag","_yoast_wpseo_metadesc":"Skyguide zeigt als Aktion zum Weltfrauentag am 8. M\u00e4rz, welche wichtige Rolle Frauen in der Aviatik-Branche spielen.","articlekey":"","footnotes":""},"categories":[579],"tags":[159,254,335,519],"class_list":["post-12055","post","type-post","status-publish","format-standard","has-post-thumbnail","hentry","category-human-resources","tag-diversity","tag-hrm","tag-management-und-unternehmensfuehrung","tag-weltfrauentag"],"acf":[],"yoast_head":"<!-- This site is optimized with the Yoast SEO plugin v27.4 - https:\/\/yoast.com\/product\/yoast-seo-wordpress\/ -->\n<title>Zum Weltfrauentag: Schweizer Luftraum f\u00fcr einmal in Frauenhand - Organisator<\/title>\n<meta name=\"description\" content=\"Skyguide zeigt als Aktion zum Weltfrauentag am 8. M\u00e4rz, welche wichtige Rolle Frauen in der Aviatik-Branche spielen.\" \/>\n<meta name=\"robots\" content=\"index, follow, max-snippet:-1, max-image-preview:large, max-video-preview:-1\" \/>\n<link rel=\"canonical\" href=\"https:\/\/www.organisator.ch\/it\/risorse-umane\/2022-03-08\/zum-weltfrauentag-schweizer-luftraum-fuer-einmal-in-frauenhand\/\" \/>\n<meta property=\"og:locale\" content=\"it_IT\" \/>\n<meta property=\"og:type\" content=\"article\" \/>\n<meta property=\"og:title\" content=\"Zum Weltfrauentag: Schweizer Luftraum f\u00fcr einmal in Frauenhand\" \/>\n<meta property=\"og:description\" content=\"Skyguide zeigt als Aktion zum Weltfrauentag am 8. M\u00e4rz, welche wichtige Rolle Frauen in der Aviatik-Branche spielen.\" \/>\n<meta property=\"og:url\" content=\"https:\/\/www.organisator.ch\/it\/risorse-umane\/2022-03-08\/zum-weltfrauentag-schweizer-luftraum-fuer-einmal-in-frauenhand\/\" \/>\n<meta property=\"og:site_name\" content=\"Organisator\" \/>\n<meta property=\"article:publisher\" content=\"https:\/\/www.facebook.com\/OrganisatorFachmagazin\" \/>\n<meta property=\"article:published_time\" content=\"2022-03-07T23:29:39+00:00\" \/>\n<meta property=\"og:image\" content=\"https:\/\/www.organisator.ch\/wp-content\/uploads\/2022\/03\/Zum-Weltfrauentag-Schweizer-Luftraum-fuer-einmal-in-Frauenhand_Organisator.jpg\" \/>\n\t<meta property=\"og:image:width\" content=\"1586\" \/>\n\t<meta property=\"og:image:height\" content=\"952\" \/>\n\t<meta property=\"og:image:type\" content=\"image\/jpeg\" \/>\n<meta name=\"author\" content=\"thomas.berner\" \/>\n<meta name=\"twitter:card\" content=\"summary_large_image\" \/>\n<meta name=\"twitter:title\" content=\"Zum #Weltfrauentag: Schweizer #Luftraum f\u00fcr einmal in #Frauenhand\" \/>\n<meta name=\"twitter:description\" content=\"#Skyguide zeigt als Aktion zum #Weltfrauentag am 8. M\u00e4rz, welche wichtige Rolle Frauen in der #Aviatik-Branche spielen.\" \/>\n<meta name=\"twitter:image\" content=\"https:\/\/www.organisator.ch\/wp-content\/uploads\/2022\/03\/Zum-Weltfrauentag-Schweizer-Luftraum-fuer-einmal-in-Frauenhand_Organisator.jpg\" \/>\n<script type=\"application\/ld+json\" class=\"yoast-schema-graph\">{\"@context\":\"https:\\\/\\\/schema.org\",\"@graph\":[{\"@type\":\"Article\",\"@id\":\"https:\\\/\\\/www.organisator.ch\\\/human-resources\\\/2022-03-08\\\/zum-weltfrauentag-schweizer-luftraum-fuer-einmal-in-frauenhand\\\/#article\",\"isPartOf\":{\"@id\":\"https:\\\/\\\/www.organisator.ch\\\/human-resources\\\/2022-03-08\\\/zum-weltfrauentag-schweizer-luftraum-fuer-einmal-in-frauenhand\\\/\"},\"author\":{\"name\":\"thomas.berner\",\"@id\":\"https:\\\/\\\/www.organisator.ch\\\/#\\\/schema\\\/person\\\/6f650f90b2842cd4c0cc334b4e36f67e\"},\"headline\":\"Zum Weltfrauentag: Schweizer Luftraum f\u00fcr einmal in Frauenhand\",\"datePublished\":\"2022-03-07T23:29:39+00:00\",\"mainEntityOfPage\":{\"@id\":\"https:\\\/\\\/www.organisator.ch\\\/human-resources\\\/2022-03-08\\\/zum-weltfrauentag-schweizer-luftraum-fuer-einmal-in-frauenhand\\\/\"},\"wordCount\":288,\"publisher\":{\"@id\":\"https:\\\/\\\/www.organisator.ch\\\/#organization\"},\"image\":{\"@id\":\"https:\\\/\\\/www.organisator.ch\\\/human-resources\\\/2022-03-08\\\/zum-weltfrauentag-schweizer-luftraum-fuer-einmal-in-frauenhand\\\/#primaryimage\"},\"thumbnailUrl\":\"https:\\\/\\\/www.organisator.ch\\\/wp-content\\\/uploads\\\/2022\\\/03\\\/Zum-Weltfrauentag-Schweizer-Luftraum-fuer-einmal-in-Frauenhand_Organisator.jpg\",\"keywords\":[\"Diversity\",\"HRM\",\"Management und Unternehmensf\u00fchrung\",\"Weltfrauentag\"],\"articleSection\":[\"HUMAN RESOURCES\"],\"inLanguage\":\"it-IT\"},{\"@type\":\"WebPage\",\"@id\":\"https:\\\/\\\/www.organisator.ch\\\/human-resources\\\/2022-03-08\\\/zum-weltfrauentag-schweizer-luftraum-fuer-einmal-in-frauenhand\\\/\",\"url\":\"https:\\\/\\\/www.organisator.ch\\\/human-resources\\\/2022-03-08\\\/zum-weltfrauentag-schweizer-luftraum-fuer-einmal-in-frauenhand\\\/\",\"name\":\"Zum Weltfrauentag: Schweizer Luftraum f\u00fcr einmal in Frauenhand - Organisator\",\"isPartOf\":{\"@id\":\"https:\\\/\\\/www.organisator.ch\\\/#website\"},\"primaryImageOfPage\":{\"@id\":\"https:\\\/\\\/www.organisator.ch\\\/human-resources\\\/2022-03-08\\\/zum-weltfrauentag-schweizer-luftraum-fuer-einmal-in-frauenhand\\\/#primaryimage\"},\"image\":{\"@id\":\"https:\\\/\\\/www.organisator.ch\\\/human-resources\\\/2022-03-08\\\/zum-weltfrauentag-schweizer-luftraum-fuer-einmal-in-frauenhand\\\/#primaryimage\"},\"thumbnailUrl\":\"https:\\\/\\\/www.organisator.ch\\\/wp-content\\\/uploads\\\/2022\\\/03\\\/Zum-Weltfrauentag-Schweizer-Luftraum-fuer-einmal-in-Frauenhand_Organisator.jpg\",\"datePublished\":\"2022-03-07T23:29:39+00:00\",\"description\":\"Skyguide zeigt als Aktion zum Weltfrauentag am 8. M\u00e4rz, welche wichtige Rolle Frauen in der Aviatik-Branche spielen.\",\"breadcrumb\":{\"@id\":\"https:\\\/\\\/www.organisator.ch\\\/human-resources\\\/2022-03-08\\\/zum-weltfrauentag-schweizer-luftraum-fuer-einmal-in-frauenhand\\\/#breadcrumb\"},\"inLanguage\":\"it-IT\",\"potentialAction\":[{\"@type\":\"ReadAction\",\"target\":[\"https:\\\/\\\/www.organisator.ch\\\/human-resources\\\/2022-03-08\\\/zum-weltfrauentag-schweizer-luftraum-fuer-einmal-in-frauenhand\\\/\"]}]},{\"@type\":\"ImageObject\",\"inLanguage\":\"it-IT\",\"@id\":\"https:\\\/\\\/www.organisator.ch\\\/human-resources\\\/2022-03-08\\\/zum-weltfrauentag-schweizer-luftraum-fuer-einmal-in-frauenhand\\\/#primaryimage\",\"url\":\"https:\\\/\\\/www.organisator.ch\\\/wp-content\\\/uploads\\\/2022\\\/03\\\/Zum-Weltfrauentag-Schweizer-Luftraum-fuer-einmal-in-Frauenhand_Organisator.jpg\",\"contentUrl\":\"https:\\\/\\\/www.organisator.ch\\\/wp-content\\\/uploads\\\/2022\\\/03\\\/Zum-Weltfrauentag-Schweizer-Luftraum-fuer-einmal-in-Frauenhand_Organisator.jpg\",\"width\":1586,\"height\":952,\"caption\":\"Zum Weltfrauentag am 8. M\u00e4rz \u00fcberl\u00e4sst Skyguide den Himmel \u00fcber der Schweiz mehrheitlich den Flugverkehrsleiterinnen. (Bild: Skyguide)\"},{\"@type\":\"BreadcrumbList\",\"@id\":\"https:\\\/\\\/www.organisator.ch\\\/human-resources\\\/2022-03-08\\\/zum-weltfrauentag-schweizer-luftraum-fuer-einmal-in-frauenhand\\\/#breadcrumb\",\"itemListElement\":[{\"@type\":\"ListItem\",\"position\":1,\"name\":\"Home\",\"item\":\"https:\\\/\\\/www.organisator.ch\\\/\"},{\"@type\":\"ListItem\",\"position\":2,\"name\":\"Zum Weltfrauentag: Schweizer Luftraum f\u00fcr einmal in Frauenhand\"}]},{\"@type\":\"WebSite\",\"@id\":\"https:\\\/\\\/www.organisator.ch\\\/#website\",\"url\":\"https:\\\/\\\/www.organisator.ch\\\/\",\"name\":\"Organisator\",\"description\":\"Kompetent. Praxisnah. Der ORGANISATOR bereitet in 10 Ausgaben pro Jahr die wesentlichen Themen f\u00fcr F\u00fchrungskr\u00e4fte von KMU auf.\",\"publisher\":{\"@id\":\"https:\\\/\\\/www.organisator.ch\\\/#organization\"},\"potentialAction\":[{\"@type\":\"SearchAction\",\"target\":{\"@type\":\"EntryPoint\",\"urlTemplate\":\"https:\\\/\\\/www.organisator.ch\\\/?s={search_term_string}\"},\"query-input\":{\"@type\":\"PropertyValueSpecification\",\"valueRequired\":true,\"valueName\":\"search_term_string\"}}],\"inLanguage\":\"it-IT\"},{\"@type\":\"Organization\",\"@id\":\"https:\\\/\\\/www.organisator.ch\\\/#organization\",\"name\":\"Organisator\",\"url\":\"https:\\\/\\\/www.organisator.ch\\\/\",\"logo\":{\"@type\":\"ImageObject\",\"inLanguage\":\"it-IT\",\"@id\":\"https:\\\/\\\/www.organisator.ch\\\/#\\\/schema\\\/logo\\\/image\\\/\",\"url\":\"https:\\\/\\\/www.organisator.ch\\\/wp-content\\\/uploads\\\/2022\\\/01\\\/Logo_Organisator_Website.png\",\"contentUrl\":\"https:\\\/\\\/www.organisator.ch\\\/wp-content\\\/uploads\\\/2022\\\/01\\\/Logo_Organisator_Website.png\",\"width\":800,\"height\":77,\"caption\":\"Organisator\"},\"image\":{\"@id\":\"https:\\\/\\\/www.organisator.ch\\\/#\\\/schema\\\/logo\\\/image\\\/\"},\"sameAs\":[\"https:\\\/\\\/www.facebook.com\\\/OrganisatorFachmagazin\",\"https:\\\/\\\/www.linkedin.com\\\/showcase\\\/organisator-das-magazin-fr-kmu\",\"https:\\\/\\\/www.xing.com\\\/news\\\/pages\\\/organisator-ch-695\",\"https:\\\/\\\/www.youtube.com\\\/channel\\\/UCGP2Sq0iWaZwT3BdIAQFYpw\"]},{\"@type\":\"Person\",\"@id\":\"https:\\\/\\\/www.organisator.ch\\\/#\\\/schema\\\/person\\\/6f650f90b2842cd4c0cc334b4e36f67e\",\"name\":\"thomas.berner\",\"image\":{\"@type\":\"ImageObject\",\"inLanguage\":\"it-IT\",\"@id\":\"https:\\\/\\\/secure.gravatar.com\\\/avatar\\\/ac5001d2a36cb6c6cd3e50789007ffca834b477b74a2144564522e944eabff61?s=96&d=mm&r=g\",\"url\":\"https:\\\/\\\/secure.gravatar.com\\\/avatar\\\/ac5001d2a36cb6c6cd3e50789007ffca834b477b74a2144564522e944eabff61?s=96&d=mm&r=g\",\"contentUrl\":\"https:\\\/\\\/secure.gravatar.com\\\/avatar\\\/ac5001d2a36cb6c6cd3e50789007ffca834b477b74a2144564522e944eabff61?s=96&d=mm&r=g\",\"caption\":\"thomas.berner\"},\"url\":\"https:\\\/\\\/www.organisator.ch\\\/it\\\/author\\\/thomas-berner\\\/\"}]}<\/script>\n<!-- \/ Yoast SEO plugin. -->","yoast_head_json":{"title":"Per la Giornata internazionale della donna: lo spazio aereo svizzero per una volta in mano alle donne - Organizzatore","description":"La campagna di Skyguide per la Giornata Internazionale della Donna dell'8 marzo dimostra l'importanza del ruolo delle donne nell'industria aeronautica.","robots":{"index":"index","follow":"follow","max-snippet":"max-snippet:-1","max-image-preview":"max-image-preview:large","max-video-preview":"max-video-preview:-1"},"canonical":"https:\/\/www.organisator.ch\/it\/risorse-umane\/2022-03-08\/zum-weltfrauentag-schweizer-luftraum-fuer-einmal-in-frauenhand\/","og_locale":"it_IT","og_type":"article","og_title":"Zum Weltfrauentag: Schweizer Luftraum f\u00fcr einmal in Frauenhand","og_description":"Skyguide zeigt als Aktion zum Weltfrauentag am 8. M\u00e4rz, welche wichtige Rolle Frauen in der Aviatik-Branche spielen.","og_url":"https:\/\/www.organisator.ch\/it\/risorse-umane\/2022-03-08\/zum-weltfrauentag-schweizer-luftraum-fuer-einmal-in-frauenhand\/","og_site_name":"Organisator","article_publisher":"https:\/\/www.facebook.com\/OrganisatorFachmagazin","article_published_time":"2022-03-07T23:29:39+00:00","og_image":[{"width":1586,"height":952,"url":"https:\/\/www.organisator.ch\/wp-content\/uploads\/2022\/03\/Zum-Weltfrauentag-Schweizer-Luftraum-fuer-einmal-in-Frauenhand_Organisator.jpg","type":"image\/jpeg"}],"author":"thomas.berner","twitter_card":"summary_large_image","twitter_title":"Zum #Weltfrauentag: Schweizer #Luftraum f\u00fcr einmal in #Frauenhand","twitter_description":"#Skyguide zeigt als Aktion zum #Weltfrauentag am 8. M\u00e4rz, welche wichtige Rolle Frauen in der #Aviatik-Branche spielen.","twitter_image":"https:\/\/www.organisator.ch\/wp-content\/uploads\/2022\/03\/Zum-Weltfrauentag-Schweizer-Luftraum-fuer-einmal-in-Frauenhand_Organisator.jpg","schema":{"@context":"https:\/\/schema.org","@graph":[{"@type":"Article","@id":"https:\/\/www.organisator.ch\/human-resources\/2022-03-08\/zum-weltfrauentag-schweizer-luftraum-fuer-einmal-in-frauenhand\/#article","isPartOf":{"@id":"https:\/\/www.organisator.ch\/human-resources\/2022-03-08\/zum-weltfrauentag-schweizer-luftraum-fuer-einmal-in-frauenhand\/"},"author":{"name":"thomas.berner","@id":"https:\/\/www.organisator.ch\/#\/schema\/person\/6f650f90b2842cd4c0cc334b4e36f67e"},"headline":"Zum Weltfrauentag: Schweizer Luftraum f\u00fcr einmal in Frauenhand","datePublished":"2022-03-07T23:29:39+00:00","mainEntityOfPage":{"@id":"https:\/\/www.organisator.ch\/human-resources\/2022-03-08\/zum-weltfrauentag-schweizer-luftraum-fuer-einmal-in-frauenhand\/"},"wordCount":288,"publisher":{"@id":"https:\/\/www.organisator.ch\/#organization"},"image":{"@id":"https:\/\/www.organisator.ch\/human-resources\/2022-03-08\/zum-weltfrauentag-schweizer-luftraum-fuer-einmal-in-frauenhand\/#primaryimage"},"thumbnailUrl":"https:\/\/www.organisator.ch\/wp-content\/uploads\/2022\/03\/Zum-Weltfrauentag-Schweizer-Luftraum-fuer-einmal-in-Frauenhand_Organisator.jpg","keywords":["Diversity","HRM","Management und Unternehmensf\u00fchrung","Weltfrauentag"],"articleSection":["HUMAN RESOURCES"],"inLanguage":"it-IT"},{"@type":"WebPage","@id":"https:\/\/www.organisator.ch\/human-resources\/2022-03-08\/zum-weltfrauentag-schweizer-luftraum-fuer-einmal-in-frauenhand\/","url":"https:\/\/www.organisator.ch\/human-resources\/2022-03-08\/zum-weltfrauentag-schweizer-luftraum-fuer-einmal-in-frauenhand\/","name":"Per la Giornata internazionale della donna: lo spazio aereo svizzero per una volta in mano alle donne - Organizzatore","isPartOf":{"@id":"https:\/\/www.organisator.ch\/#website"},"primaryImageOfPage":{"@id":"https:\/\/www.organisator.ch\/human-resources\/2022-03-08\/zum-weltfrauentag-schweizer-luftraum-fuer-einmal-in-frauenhand\/#primaryimage"},"image":{"@id":"https:\/\/www.organisator.ch\/human-resources\/2022-03-08\/zum-weltfrauentag-schweizer-luftraum-fuer-einmal-in-frauenhand\/#primaryimage"},"thumbnailUrl":"https:\/\/www.organisator.ch\/wp-content\/uploads\/2022\/03\/Zum-Weltfrauentag-Schweizer-Luftraum-fuer-einmal-in-Frauenhand_Organisator.jpg","datePublished":"2022-03-07T23:29:39+00:00","description":"La campagna di Skyguide per la Giornata Internazionale della Donna dell'8 marzo dimostra l'importanza del ruolo delle donne nell'industria aeronautica.","breadcrumb":{"@id":"https:\/\/www.organisator.ch\/human-resources\/2022-03-08\/zum-weltfrauentag-schweizer-luftraum-fuer-einmal-in-frauenhand\/#breadcrumb"},"inLanguage":"it-IT","potentialAction":[{"@type":"ReadAction","target":["https:\/\/www.organisator.ch\/human-resources\/2022-03-08\/zum-weltfrauentag-schweizer-luftraum-fuer-einmal-in-frauenhand\/"]}]},{"@type":"ImageObject","inLanguage":"it-IT","@id":"https:\/\/www.organisator.ch\/human-resources\/2022-03-08\/zum-weltfrauentag-schweizer-luftraum-fuer-einmal-in-frauenhand\/#primaryimage","url":"https:\/\/www.organisator.ch\/wp-content\/uploads\/2022\/03\/Zum-Weltfrauentag-Schweizer-Luftraum-fuer-einmal-in-Frauenhand_Organisator.jpg","contentUrl":"https:\/\/www.organisator.ch\/wp-content\/uploads\/2022\/03\/Zum-Weltfrauentag-Schweizer-Luftraum-fuer-einmal-in-Frauenhand_Organisator.jpg","width":1586,"height":952,"caption":"Zum Weltfrauentag am 8. M\u00e4rz \u00fcberl\u00e4sst Skyguide den Himmel \u00fcber der Schweiz mehrheitlich den Flugverkehrsleiterinnen. (Bild: Skyguide)"},{"@type":"BreadcrumbList","@id":"https:\/\/www.organisator.ch\/human-resources\/2022-03-08\/zum-weltfrauentag-schweizer-luftraum-fuer-einmal-in-frauenhand\/#breadcrumb","itemListElement":[{"@type":"ListItem","position":1,"name":"Home","item":"https:\/\/www.organisator.ch\/"},{"@type":"ListItem","position":2,"name":"Zum Weltfrauentag: Schweizer Luftraum f\u00fcr einmal in Frauenhand"}]},{"@type":"WebSite","@id":"https:\/\/www.organisator.ch\/#website","url":"https:\/\/www.organisator.ch\/","name":"Organizzatore","description":"Competente. Pratico. In 10 numeri all'anno, ORGANISATOR presenta i temi essenziali per i manager delle PMI.","publisher":{"@id":"https:\/\/www.organisator.ch\/#organization"},"potentialAction":[{"@type":"SearchAction","target":{"@type":"EntryPoint","urlTemplate":"https:\/\/www.organisator.ch\/?s={search_term_string}"},"query-input":{"@type":"PropertyValueSpecification","valueRequired":true,"valueName":"search_term_string"}}],"inLanguage":"it-IT"},{"@type":"Organization","@id":"https:\/\/www.organisator.ch\/#organization","name":"Organizzatore","url":"https:\/\/www.organisator.ch\/","logo":{"@type":"ImageObject","inLanguage":"it-IT","@id":"https:\/\/www.organisator.ch\/#\/schema\/logo\/image\/","url":"https:\/\/www.organisator.ch\/wp-content\/uploads\/2022\/01\/Logo_Organisator_Website.png","contentUrl":"https:\/\/www.organisator.ch\/wp-content\/uploads\/2022\/01\/Logo_Organisator_Website.png","width":800,"height":77,"caption":"Organisator"},"image":{"@id":"https:\/\/www.organisator.ch\/#\/schema\/logo\/image\/"},"sameAs":["https:\/\/www.facebook.com\/OrganisatorFachmagazin","https:\/\/www.linkedin.com\/showcase\/organisator-das-magazin-fr-kmu","https:\/\/www.xing.com\/news\/pages\/organisator-ch-695","https:\/\/www.youtube.com\/channel\/UCGP2Sq0iWaZwT3BdIAQFYpw"]},{"@type":"Person","@id":"https:\/\/www.organisator.ch\/#\/schema\/person\/6f650f90b2842cd4c0cc334b4e36f67e","name":"Tommaso.berner","image":{"@type":"ImageObject","inLanguage":"it-IT","@id":"https:\/\/secure.gravatar.com\/avatar\/ac5001d2a36cb6c6cd3e50789007ffca834b477b74a2144564522e944eabff61?s=96&d=mm&r=g","url":"https:\/\/secure.gravatar.com\/avatar\/ac5001d2a36cb6c6cd3e50789007ffca834b477b74a2144564522e944eabff61?s=96&d=mm&r=g","contentUrl":"https:\/\/secure.gravatar.com\/avatar\/ac5001d2a36cb6c6cd3e50789007ffca834b477b74a2144564522e944eabff61?s=96&d=mm&r=g","caption":"thomas.berner"},"url":"https:\/\/www.organisator.ch\/it\/author\/thomas-berner\/"}]}},"_links":{"self":[{"href":"https:\/\/www.organisator.ch\/it\/wp-json\/wp\/v2\/posts\/12055","targetHints":{"allow":["GET"]}}],"collection":[{"href":"https:\/\/www.organisator.ch\/it\/wp-json\/wp\/v2\/posts"}],"about":[{"href":"https:\/\/www.organisator.ch\/it\/wp-json\/wp\/v2\/types\/post"}],"author":[{"embeddable":true,"href":"https:\/\/www.organisator.ch\/it\/wp-json\/wp\/v2\/users\/4"}],"replies":[{"embeddable":true,"href":"https:\/\/www.organisator.ch\/it\/wp-json\/wp\/v2\/comments?post=12055"}],"version-history":[{"count":1,"href":"https:\/\/www.organisator.ch\/it\/wp-json\/wp\/v2\/posts\/12055\/revisions"}],"predecessor-version":[{"id":12057,"href":"https:\/\/www.organisator.ch\/it\/wp-json\/wp\/v2\/posts\/12055\/revisions\/12057"}],"wp:featuredmedia":[{"embeddable":true,"href":"https:\/\/www.organisator.ch\/it\/wp-json\/wp\/v2\/media\/12056"}],"wp:attachment":[{"href":"https:\/\/www.organisator.ch\/it\/wp-json\/wp\/v2\/media?parent=12055"}],"wp:term":[{"taxonomy":"category","embeddable":true,"href":"https:\/\/www.organisator.ch\/it\/wp-json\/wp\/v2\/categories?post=12055"},{"taxonomy":"post_tag","embeddable":true,"href":"https:\/\/www.organisator.ch\/it\/wp-json\/wp\/v2\/tags?post=12055"}],"curies":[{"name":"wp","href":"https:\/\/api.w.org\/{rel}","templated":true}]}}