{"id":12063,"date":"2022-03-08T11:51:25","date_gmt":"2022-03-08T10:51:25","guid":{"rendered":"https:\/\/www.organisator.ch\/?p=12063"},"modified":"2022-03-08T11:51:25","modified_gmt":"2022-03-08T10:51:25","slug":"neue-geschaeftsleitungsmitglieder-fuer-victorinox","status":"publish","type":"post","link":"https:\/\/www.organisator.ch\/it\/management\/2022-03-08\/neue-geschaeftsleitungsmitglieder-fuer-victorinox\/","title":{"rendered":"Nuovi membri del consiglio esecutivo per Victorinox"},"content":{"rendered":"<figure id=\"attachment_12064\" aria-describedby=\"caption-attachment-12064\" style=\"width: 680px\" class=\"wp-caption alignnone\"><img loading=\"lazy\" decoding=\"async\" class=\"size-full wp-image-12064\" src=\"https:\/\/www.organisator.ch\/wp-content\/uploads\/2022\/03\/Neue-Geschaeftsleitungsmitglieder-fuer-Victorinox_Organisator.jpg\" alt=\"\" width=\"680\" height=\"840\" srcset=\"https:\/\/www.organisator.ch\/wp-content\/uploads\/2022\/03\/Neue-Geschaeftsleitungsmitglieder-fuer-Victorinox_Organisator.jpg 680w, https:\/\/www.organisator.ch\/wp-content\/uploads\/2022\/03\/Neue-Geschaeftsleitungsmitglieder-fuer-Victorinox_Organisator-10x12.jpg 10w, https:\/\/www.organisator.ch\/wp-content\/uploads\/2022\/03\/Neue-Geschaeftsleitungsmitglieder-fuer-Victorinox_Organisator-142x175.jpg 142w, https:\/\/www.organisator.ch\/wp-content\/uploads\/2022\/03\/Neue-Geschaeftsleitungsmitglieder-fuer-Victorinox_Organisator-283x350.jpg 283w, https:\/\/www.organisator.ch\/wp-content\/uploads\/2022\/03\/Neue-Geschaeftsleitungsmitglieder-fuer-Victorinox_Organisator-648x800.jpg 648w, https:\/\/www.organisator.ch\/wp-content\/uploads\/2022\/03\/Neue-Geschaeftsleitungsmitglieder-fuer-Victorinox_Organisator-300x371.jpg 300w\" sizes=\"auto, (max-width: 680px) 100vw, 680px\" \/><figcaption id=\"caption-attachment-12064\" class=\"wp-caption-text\">Victorinox ha tre nuovi membri del comitato esecutivo: Patrik Hauert (in alto), Michela Argir\u00f2 (in basso a sinistra) e Kilian Eyholzer. (Immagini: Victorinox)<\/figcaption><\/figure>\n<p>Tre nuovi membri del comitato esecutivo rafforzano la gestione dell'azienda a conduzione familiare Victorinox AG, attiva a livello mondiale. Patrik Hauert ha iniziato come Chief Sales Officer all'inizio di febbraio 2022 e dirige l'organizzazione globale delle vendite. Originario della Svizzera, ha una laurea in Business Administration e un Executive MBA. Hauert ha iniziato la sua carriera in KPMG e successivamente ha acquisito un'esperienza di leadership globale in Swarovski. Pi\u00f9 recentemente, \u00e8 stato Chief Sales Officer e membro del comitato esecutivo di St\u00f6ckli Swiss Sports AG. Nel suo ruolo di Chief Sales Officer di Victorinox, \u00e8 ora responsabile delle vendite globali e gestisce le filiali di vendita all'estero. La gamma di prodotti Victorinox \u00e8 disponibile nei punti vendita di oltre 120 paesi in tutto il mondo. Il mondo del marchio Victorinox pu\u00f2 essere vissuto negli shop-in-shops e in pi\u00f9 di 50 negozi propri in localit\u00e0 attraenti come Zurigo, Berlino, Londra, Tokyo e Hong Kong. Dal 2019, la presenza \u00e8 stata anche continuamente ampliata per mezzo di un concetto di franchising. L'attenzione continua ad essere rivolta alla digitalizzazione e all'espansione dei canali digitali.<\/p>\n<h2>Successione nella divisione Supply Chain regolata<\/h2>\n<p>Michela Argir\u00f2 ha assunto la direzione della divisione Supply Chain come membro della direzione a met\u00e0 novembre 2021 nell'ambito di un piano di successione. Michela Argir\u00f2 \u00e8 stata in precedenza responsabile della Supply Chain Europe del gruppo americano Sherwin Williams per dieci anni. Ha una vasta esperienza internazionale e una comprovata competenza nella gestione della catena di approvvigionamento. Durante la sua carriera professionale, ha acquisito una vasta conoscenza nelle aree della pianificazione strategica del business, della logistica e della distribuzione, nonch\u00e9 del servizio clienti nel settore B2C. Il suo profilo \u00e8 completato dall'esperienza in complessi progetti di trasformazione per ottimizzare la soddisfazione dei clienti e i costi operativi. L'area della catena di approvvigionamento comprende l'attivit\u00e0 operativa del centro di distribuzione Victorinox a Seewen (Canton Svitto), che entrer\u00e0 in funzione nell'autunno 2020 e dal quale possono essere spediti pi\u00f9 di 40 milioni di prodotti all'anno con un buon utilizzo della capacit\u00e0.<\/p>\n<h2>Divisione \"Trasformazione &amp; Tecnologia\" di nuova creazione<\/h2>\n<p>Infine, Kilian Eyholzer dirige dall'inizio dell'anno la nuova divisione Transformation &amp; Technology, che copre i temi di gestione dell'innovazione, servizi e applicazioni aziendali, gestione di progetti e processi, dati e BI e IT. Kilian Eyholzer \u00e8 entrato in Victorinox nel 2014 dopo aver lavorato nella consulenza gestionale, nell'industria dei viaggi e nell'e-commerce. Come Global Head of E-Commerce, insieme al suo team ha costruito con successo i canali digitali e il business online di Victorinox. Da settembre 2020, Kilian Eyholzer dirige il dipartimento Digital Business Transformation, allora di recente istituzione, che \u00e8 stato fuso con i dipartimenti Global IT e Data Management a partire dal 1\u00b0 gennaio 2022. Eyholzer ha conseguito un MBA in Business Administration e un PhD in Business Informatics presso l'Universit\u00e0 di Berna, oltre a un'ampia conoscenza pratica nei settori dell'eCommerce, della digitalizzazione, dello sviluppo aziendale e della gestione dei progetti.<\/p>\n<h2>I nuovi membri del comitato esecutivo: \"Dare forma con successo al futuro\".<\/h2>\n<p>Carl Elsener, CEO di Victorinox AG, non vede l'ora di lavorare con i nuovi membri del consiglio di amministrazione. \"Sono convinto che saranno in grado di portare il loro vasto know-how a Victorinox in modo redditizio. Con la loro vasta esperienza, contribuiranno a plasmare attivamente e con successo il futuro dell'azienda\".<\/p>\n<p><em>Fonte: <a href=\"http:\/\/www.victorinox.com\">Victorinox AG<\/a><\/em><\/p>","protected":false},"excerpt":{"rendered":"<p>Drei neue Gesch\u00e4ftsleitungsmitglieder verst\u00e4rken die F\u00fchrung des weltweit t\u00e4tigen Familienunternehmens Victorinox AG. Anfang Februar 2022 ist Patrik Hauert als Chief Sales Officer gestartet und leitet die globale Vertriebsorganisation. Der geb\u00fcrtiger Schweizer verf\u00fcgt \u00fcber einen Abschluss in Business Administration und einen Executive MBA. Seine Karriere begann Hauert bei KPMG und sammelte im Anschluss bei Swarovski globale [&hellip;]<\/p>\n","protected":false},"author":4,"featured_media":12064,"comment_status":"closed","ping_status":"closed","sticky":false,"template":"","format":"standard","meta":{"_acf_changed":false,"_yoast_wpseo_focuskw":"Gesch\u00e4ftsleitungsmitglieder","_yoast_wpseo_metadesc":"Victorinox AG erh\u00e4lt drei neue Gesch\u00e4ftsleitungsmitglieder: Patrik Hauert, Michela Argir\u00f2 und Kilian Eyholzer.","articlekey":"","footnotes":""},"categories":[28],"tags":[335,381,492],"class_list":["post-12063","post","type-post","status-publish","format-standard","has-post-thumbnail","hentry","category-management","tag-management-und-unternehmensfuehrung","tag-personalia","tag-unternehmen"],"acf":[],"yoast_head":"<!-- This site is optimized with the Yoast SEO plugin v27.5 - https:\/\/yoast.com\/product\/yoast-seo-wordpress\/ -->\n<title>Neue Gesch\u00e4ftsleitungsmitglieder f\u00fcr Victorinox - Organisator<\/title>\n<meta name=\"description\" content=\"Victorinox AG erh\u00e4lt drei neue Gesch\u00e4ftsleitungsmitglieder: Patrik Hauert, Michela Argir\u00f2 und Kilian Eyholzer.\" \/>\n<meta name=\"robots\" content=\"index, follow, max-snippet:-1, max-image-preview:large, max-video-preview:-1\" \/>\n<link rel=\"canonical\" href=\"https:\/\/www.organisator.ch\/it\/gestione-2\/2022-03-08\/neue-geschaeftsleitungsmitglieder-fuer-victorinox\/\" \/>\n<meta property=\"og:locale\" content=\"it_IT\" \/>\n<meta property=\"og:type\" content=\"article\" \/>\n<meta property=\"og:title\" content=\"Neue Gesch\u00e4ftsleitungsmitglieder f\u00fcr Victorinox\" \/>\n<meta property=\"og:description\" content=\"Victorinox AG erh\u00e4lt drei neue Gesch\u00e4ftsleitungsmitglieder: Patrik Hauert, Michela Argir\u00f2 und Kilian Eyholzer.\" \/>\n<meta property=\"og:url\" content=\"https:\/\/www.organisator.ch\/it\/gestione-2\/2022-03-08\/neue-geschaeftsleitungsmitglieder-fuer-victorinox\/\" \/>\n<meta property=\"og:site_name\" content=\"Organisator\" \/>\n<meta property=\"article:publisher\" content=\"https:\/\/www.facebook.com\/OrganisatorFachmagazin\" \/>\n<meta property=\"article:published_time\" content=\"2022-03-08T10:51:25+00:00\" \/>\n<meta property=\"og:image\" content=\"https:\/\/www.organisator.ch\/wp-content\/uploads\/2022\/03\/Neue-Geschaeftsleitungsmitglieder-fuer-Victorinox_Organisator.jpg\" \/>\n\t<meta property=\"og:image:width\" content=\"680\" \/>\n\t<meta property=\"og:image:height\" content=\"840\" \/>\n\t<meta property=\"og:image:type\" content=\"image\/jpeg\" \/>\n<meta name=\"author\" content=\"thomas.berner\" \/>\n<meta name=\"twitter:card\" content=\"summary_large_image\" \/>\n<meta name=\"twitter:title\" content=\"Neue #Gesch\u00e4ftsleitungsmitglieder f\u00fcr #Victorinox\" \/>\n<meta name=\"twitter:description\" content=\"#Victorinox AG erh\u00e4lt drei neue #Gesch\u00e4ftsleitungsmitglieder: Patrik Hauert, Michela Argir\u00f2 und Kilian Eyholzer.\" \/>\n<meta name=\"twitter:image\" content=\"https:\/\/www.organisator.ch\/wp-content\/uploads\/2022\/03\/Neue-Geschaeftsleitungsmitglieder-fuer-Victorinox_Organisator.jpg\" \/>\n<script type=\"application\/ld+json\" class=\"yoast-schema-graph\">{\"@context\":\"https:\\\/\\\/schema.org\",\"@graph\":[{\"@type\":\"Article\",\"@id\":\"https:\\\/\\\/www.organisator.ch\\\/management\\\/2022-03-08\\\/neue-geschaeftsleitungsmitglieder-fuer-victorinox\\\/#article\",\"isPartOf\":{\"@id\":\"https:\\\/\\\/www.organisator.ch\\\/management\\\/2022-03-08\\\/neue-geschaeftsleitungsmitglieder-fuer-victorinox\\\/\"},\"author\":{\"name\":\"thomas.berner\",\"@id\":\"https:\\\/\\\/www.organisator.ch\\\/#\\\/schema\\\/person\\\/6f650f90b2842cd4c0cc334b4e36f67e\"},\"headline\":\"Neue Gesch\u00e4ftsleitungsmitglieder f\u00fcr Victorinox\",\"datePublished\":\"2022-03-08T10:51:25+00:00\",\"mainEntityOfPage\":{\"@id\":\"https:\\\/\\\/www.organisator.ch\\\/management\\\/2022-03-08\\\/neue-geschaeftsleitungsmitglieder-fuer-victorinox\\\/\"},\"wordCount\":536,\"publisher\":{\"@id\":\"https:\\\/\\\/www.organisator.ch\\\/#organization\"},\"image\":{\"@id\":\"https:\\\/\\\/www.organisator.ch\\\/management\\\/2022-03-08\\\/neue-geschaeftsleitungsmitglieder-fuer-victorinox\\\/#primaryimage\"},\"thumbnailUrl\":\"https:\\\/\\\/www.organisator.ch\\\/wp-content\\\/uploads\\\/2022\\\/03\\\/Neue-Geschaeftsleitungsmitglieder-fuer-Victorinox_Organisator.jpg\",\"keywords\":[\"Management und Unternehmensf\u00fchrung\",\"Personalia\",\"Unternehmen\"],\"articleSection\":[\"MANAGEMENT\"],\"inLanguage\":\"it-IT\"},{\"@type\":\"WebPage\",\"@id\":\"https:\\\/\\\/www.organisator.ch\\\/management\\\/2022-03-08\\\/neue-geschaeftsleitungsmitglieder-fuer-victorinox\\\/\",\"url\":\"https:\\\/\\\/www.organisator.ch\\\/management\\\/2022-03-08\\\/neue-geschaeftsleitungsmitglieder-fuer-victorinox\\\/\",\"name\":\"Neue Gesch\u00e4ftsleitungsmitglieder f\u00fcr Victorinox - Organisator\",\"isPartOf\":{\"@id\":\"https:\\\/\\\/www.organisator.ch\\\/#website\"},\"primaryImageOfPage\":{\"@id\":\"https:\\\/\\\/www.organisator.ch\\\/management\\\/2022-03-08\\\/neue-geschaeftsleitungsmitglieder-fuer-victorinox\\\/#primaryimage\"},\"image\":{\"@id\":\"https:\\\/\\\/www.organisator.ch\\\/management\\\/2022-03-08\\\/neue-geschaeftsleitungsmitglieder-fuer-victorinox\\\/#primaryimage\"},\"thumbnailUrl\":\"https:\\\/\\\/www.organisator.ch\\\/wp-content\\\/uploads\\\/2022\\\/03\\\/Neue-Geschaeftsleitungsmitglieder-fuer-Victorinox_Organisator.jpg\",\"datePublished\":\"2022-03-08T10:51:25+00:00\",\"description\":\"Victorinox AG erh\u00e4lt drei neue Gesch\u00e4ftsleitungsmitglieder: Patrik Hauert, Michela Argir\u00f2 und Kilian Eyholzer.\",\"breadcrumb\":{\"@id\":\"https:\\\/\\\/www.organisator.ch\\\/management\\\/2022-03-08\\\/neue-geschaeftsleitungsmitglieder-fuer-victorinox\\\/#breadcrumb\"},\"inLanguage\":\"it-IT\",\"potentialAction\":[{\"@type\":\"ReadAction\",\"target\":[\"https:\\\/\\\/www.organisator.ch\\\/management\\\/2022-03-08\\\/neue-geschaeftsleitungsmitglieder-fuer-victorinox\\\/\"]}]},{\"@type\":\"ImageObject\",\"inLanguage\":\"it-IT\",\"@id\":\"https:\\\/\\\/www.organisator.ch\\\/management\\\/2022-03-08\\\/neue-geschaeftsleitungsmitglieder-fuer-victorinox\\\/#primaryimage\",\"url\":\"https:\\\/\\\/www.organisator.ch\\\/wp-content\\\/uploads\\\/2022\\\/03\\\/Neue-Geschaeftsleitungsmitglieder-fuer-Victorinox_Organisator.jpg\",\"contentUrl\":\"https:\\\/\\\/www.organisator.ch\\\/wp-content\\\/uploads\\\/2022\\\/03\\\/Neue-Geschaeftsleitungsmitglieder-fuer-Victorinox_Organisator.jpg\",\"width\":680,\"height\":840,\"caption\":\"Victorinox hat drei neue Gesch\u00e4ftsleitungsmitglieder: Patrik Hauert (oben), Michela Argir\u00f2 (unten links) und Kilian Eyholzer. (Bilder: Victorinox)\"},{\"@type\":\"BreadcrumbList\",\"@id\":\"https:\\\/\\\/www.organisator.ch\\\/management\\\/2022-03-08\\\/neue-geschaeftsleitungsmitglieder-fuer-victorinox\\\/#breadcrumb\",\"itemListElement\":[{\"@type\":\"ListItem\",\"position\":1,\"name\":\"Home\",\"item\":\"https:\\\/\\\/www.organisator.ch\\\/\"},{\"@type\":\"ListItem\",\"position\":2,\"name\":\"Neue Gesch\u00e4ftsleitungsmitglieder f\u00fcr Victorinox\"}]},{\"@type\":\"WebSite\",\"@id\":\"https:\\\/\\\/www.organisator.ch\\\/#website\",\"url\":\"https:\\\/\\\/www.organisator.ch\\\/\",\"name\":\"Organisator\",\"description\":\"Kompetent. Praxisnah. Der ORGANISATOR bereitet in 10 Ausgaben pro Jahr die wesentlichen Themen f\u00fcr F\u00fchrungskr\u00e4fte von KMU auf.\",\"publisher\":{\"@id\":\"https:\\\/\\\/www.organisator.ch\\\/#organization\"},\"potentialAction\":[{\"@type\":\"SearchAction\",\"target\":{\"@type\":\"EntryPoint\",\"urlTemplate\":\"https:\\\/\\\/www.organisator.ch\\\/?s={search_term_string}\"},\"query-input\":{\"@type\":\"PropertyValueSpecification\",\"valueRequired\":true,\"valueName\":\"search_term_string\"}}],\"inLanguage\":\"it-IT\"},{\"@type\":\"Organization\",\"@id\":\"https:\\\/\\\/www.organisator.ch\\\/#organization\",\"name\":\"Organisator\",\"url\":\"https:\\\/\\\/www.organisator.ch\\\/\",\"logo\":{\"@type\":\"ImageObject\",\"inLanguage\":\"it-IT\",\"@id\":\"https:\\\/\\\/www.organisator.ch\\\/#\\\/schema\\\/logo\\\/image\\\/\",\"url\":\"https:\\\/\\\/www.organisator.ch\\\/wp-content\\\/uploads\\\/2022\\\/01\\\/Logo_Organisator_Website.png\",\"contentUrl\":\"https:\\\/\\\/www.organisator.ch\\\/wp-content\\\/uploads\\\/2022\\\/01\\\/Logo_Organisator_Website.png\",\"width\":800,\"height\":77,\"caption\":\"Organisator\"},\"image\":{\"@id\":\"https:\\\/\\\/www.organisator.ch\\\/#\\\/schema\\\/logo\\\/image\\\/\"},\"sameAs\":[\"https:\\\/\\\/www.facebook.com\\\/OrganisatorFachmagazin\",\"https:\\\/\\\/www.linkedin.com\\\/showcase\\\/organisator-das-magazin-fr-kmu\",\"https:\\\/\\\/www.xing.com\\\/news\\\/pages\\\/organisator-ch-695\",\"https:\\\/\\\/www.youtube.com\\\/channel\\\/UCGP2Sq0iWaZwT3BdIAQFYpw\"]},{\"@type\":\"Person\",\"@id\":\"https:\\\/\\\/www.organisator.ch\\\/#\\\/schema\\\/person\\\/6f650f90b2842cd4c0cc334b4e36f67e\",\"name\":\"thomas.berner\",\"image\":{\"@type\":\"ImageObject\",\"inLanguage\":\"it-IT\",\"@id\":\"https:\\\/\\\/secure.gravatar.com\\\/avatar\\\/ac5001d2a36cb6c6cd3e50789007ffca834b477b74a2144564522e944eabff61?s=96&d=mm&r=g\",\"url\":\"https:\\\/\\\/secure.gravatar.com\\\/avatar\\\/ac5001d2a36cb6c6cd3e50789007ffca834b477b74a2144564522e944eabff61?s=96&d=mm&r=g\",\"contentUrl\":\"https:\\\/\\\/secure.gravatar.com\\\/avatar\\\/ac5001d2a36cb6c6cd3e50789007ffca834b477b74a2144564522e944eabff61?s=96&d=mm&r=g\",\"caption\":\"thomas.berner\"},\"url\":\"https:\\\/\\\/www.organisator.ch\\\/it\\\/author\\\/thomas-berner\\\/\"}]}<\/script>\n<!-- \/ Yoast SEO plugin. -->","yoast_head_json":{"title":"Nuovi membri del Consiglio Direttivo per Victorinox - Organizzatore","description":"Victorinox AG riceve tre nuovi membri del Comitato esecutivo: Patrik Hauert, Michela Argir\u00f2 e Kilian Eyholzer.","robots":{"index":"index","follow":"follow","max-snippet":"max-snippet:-1","max-image-preview":"max-image-preview:large","max-video-preview":"max-video-preview:-1"},"canonical":"https:\/\/www.organisator.ch\/it\/gestione-2\/2022-03-08\/neue-geschaeftsleitungsmitglieder-fuer-victorinox\/","og_locale":"it_IT","og_type":"article","og_title":"Neue Gesch\u00e4ftsleitungsmitglieder f\u00fcr Victorinox","og_description":"Victorinox AG erh\u00e4lt drei neue Gesch\u00e4ftsleitungsmitglieder: Patrik Hauert, Michela Argir\u00f2 und Kilian Eyholzer.","og_url":"https:\/\/www.organisator.ch\/it\/gestione-2\/2022-03-08\/neue-geschaeftsleitungsmitglieder-fuer-victorinox\/","og_site_name":"Organisator","article_publisher":"https:\/\/www.facebook.com\/OrganisatorFachmagazin","article_published_time":"2022-03-08T10:51:25+00:00","og_image":[{"width":680,"height":840,"url":"https:\/\/www.organisator.ch\/wp-content\/uploads\/2022\/03\/Neue-Geschaeftsleitungsmitglieder-fuer-Victorinox_Organisator.jpg","type":"image\/jpeg"}],"author":"thomas.berner","twitter_card":"summary_large_image","twitter_title":"Neue #Gesch\u00e4ftsleitungsmitglieder f\u00fcr #Victorinox","twitter_description":"#Victorinox AG erh\u00e4lt drei neue #Gesch\u00e4ftsleitungsmitglieder: Patrik Hauert, Michela Argir\u00f2 und Kilian Eyholzer.","twitter_image":"https:\/\/www.organisator.ch\/wp-content\/uploads\/2022\/03\/Neue-Geschaeftsleitungsmitglieder-fuer-Victorinox_Organisator.jpg","schema":{"@context":"https:\/\/schema.org","@graph":[{"@type":"Article","@id":"https:\/\/www.organisator.ch\/management\/2022-03-08\/neue-geschaeftsleitungsmitglieder-fuer-victorinox\/#article","isPartOf":{"@id":"https:\/\/www.organisator.ch\/management\/2022-03-08\/neue-geschaeftsleitungsmitglieder-fuer-victorinox\/"},"author":{"name":"thomas.berner","@id":"https:\/\/www.organisator.ch\/#\/schema\/person\/6f650f90b2842cd4c0cc334b4e36f67e"},"headline":"Neue Gesch\u00e4ftsleitungsmitglieder f\u00fcr Victorinox","datePublished":"2022-03-08T10:51:25+00:00","mainEntityOfPage":{"@id":"https:\/\/www.organisator.ch\/management\/2022-03-08\/neue-geschaeftsleitungsmitglieder-fuer-victorinox\/"},"wordCount":536,"publisher":{"@id":"https:\/\/www.organisator.ch\/#organization"},"image":{"@id":"https:\/\/www.organisator.ch\/management\/2022-03-08\/neue-geschaeftsleitungsmitglieder-fuer-victorinox\/#primaryimage"},"thumbnailUrl":"https:\/\/www.organisator.ch\/wp-content\/uploads\/2022\/03\/Neue-Geschaeftsleitungsmitglieder-fuer-Victorinox_Organisator.jpg","keywords":["Management und Unternehmensf\u00fchrung","Personalia","Unternehmen"],"articleSection":["MANAGEMENT"],"inLanguage":"it-IT"},{"@type":"WebPage","@id":"https:\/\/www.organisator.ch\/management\/2022-03-08\/neue-geschaeftsleitungsmitglieder-fuer-victorinox\/","url":"https:\/\/www.organisator.ch\/management\/2022-03-08\/neue-geschaeftsleitungsmitglieder-fuer-victorinox\/","name":"Nuovi membri del Consiglio Direttivo per Victorinox - Organizzatore","isPartOf":{"@id":"https:\/\/www.organisator.ch\/#website"},"primaryImageOfPage":{"@id":"https:\/\/www.organisator.ch\/management\/2022-03-08\/neue-geschaeftsleitungsmitglieder-fuer-victorinox\/#primaryimage"},"image":{"@id":"https:\/\/www.organisator.ch\/management\/2022-03-08\/neue-geschaeftsleitungsmitglieder-fuer-victorinox\/#primaryimage"},"thumbnailUrl":"https:\/\/www.organisator.ch\/wp-content\/uploads\/2022\/03\/Neue-Geschaeftsleitungsmitglieder-fuer-Victorinox_Organisator.jpg","datePublished":"2022-03-08T10:51:25+00:00","description":"Victorinox AG riceve tre nuovi membri del Comitato esecutivo: Patrik Hauert, Michela Argir\u00f2 e Kilian Eyholzer.","breadcrumb":{"@id":"https:\/\/www.organisator.ch\/management\/2022-03-08\/neue-geschaeftsleitungsmitglieder-fuer-victorinox\/#breadcrumb"},"inLanguage":"it-IT","potentialAction":[{"@type":"ReadAction","target":["https:\/\/www.organisator.ch\/management\/2022-03-08\/neue-geschaeftsleitungsmitglieder-fuer-victorinox\/"]}]},{"@type":"ImageObject","inLanguage":"it-IT","@id":"https:\/\/www.organisator.ch\/management\/2022-03-08\/neue-geschaeftsleitungsmitglieder-fuer-victorinox\/#primaryimage","url":"https:\/\/www.organisator.ch\/wp-content\/uploads\/2022\/03\/Neue-Geschaeftsleitungsmitglieder-fuer-Victorinox_Organisator.jpg","contentUrl":"https:\/\/www.organisator.ch\/wp-content\/uploads\/2022\/03\/Neue-Geschaeftsleitungsmitglieder-fuer-Victorinox_Organisator.jpg","width":680,"height":840,"caption":"Victorinox hat drei neue Gesch\u00e4ftsleitungsmitglieder: Patrik Hauert (oben), Michela Argir\u00f2 (unten links) und Kilian Eyholzer. (Bilder: Victorinox)"},{"@type":"BreadcrumbList","@id":"https:\/\/www.organisator.ch\/management\/2022-03-08\/neue-geschaeftsleitungsmitglieder-fuer-victorinox\/#breadcrumb","itemListElement":[{"@type":"ListItem","position":1,"name":"Home","item":"https:\/\/www.organisator.ch\/"},{"@type":"ListItem","position":2,"name":"Neue Gesch\u00e4ftsleitungsmitglieder f\u00fcr Victorinox"}]},{"@type":"WebSite","@id":"https:\/\/www.organisator.ch\/#website","url":"https:\/\/www.organisator.ch\/","name":"Organizzatore","description":"Competente. Pratico. In 10 numeri all'anno, ORGANISATOR presenta i temi essenziali per i manager delle PMI.","publisher":{"@id":"https:\/\/www.organisator.ch\/#organization"},"potentialAction":[{"@type":"SearchAction","target":{"@type":"EntryPoint","urlTemplate":"https:\/\/www.organisator.ch\/?s={search_term_string}"},"query-input":{"@type":"PropertyValueSpecification","valueRequired":true,"valueName":"search_term_string"}}],"inLanguage":"it-IT"},{"@type":"Organization","@id":"https:\/\/www.organisator.ch\/#organization","name":"Organizzatore","url":"https:\/\/www.organisator.ch\/","logo":{"@type":"ImageObject","inLanguage":"it-IT","@id":"https:\/\/www.organisator.ch\/#\/schema\/logo\/image\/","url":"https:\/\/www.organisator.ch\/wp-content\/uploads\/2022\/01\/Logo_Organisator_Website.png","contentUrl":"https:\/\/www.organisator.ch\/wp-content\/uploads\/2022\/01\/Logo_Organisator_Website.png","width":800,"height":77,"caption":"Organisator"},"image":{"@id":"https:\/\/www.organisator.ch\/#\/schema\/logo\/image\/"},"sameAs":["https:\/\/www.facebook.com\/OrganisatorFachmagazin","https:\/\/www.linkedin.com\/showcase\/organisator-das-magazin-fr-kmu","https:\/\/www.xing.com\/news\/pages\/organisator-ch-695","https:\/\/www.youtube.com\/channel\/UCGP2Sq0iWaZwT3BdIAQFYpw"]},{"@type":"Person","@id":"https:\/\/www.organisator.ch\/#\/schema\/person\/6f650f90b2842cd4c0cc334b4e36f67e","name":"Tommaso.berner","image":{"@type":"ImageObject","inLanguage":"it-IT","@id":"https:\/\/secure.gravatar.com\/avatar\/ac5001d2a36cb6c6cd3e50789007ffca834b477b74a2144564522e944eabff61?s=96&d=mm&r=g","url":"https:\/\/secure.gravatar.com\/avatar\/ac5001d2a36cb6c6cd3e50789007ffca834b477b74a2144564522e944eabff61?s=96&d=mm&r=g","contentUrl":"https:\/\/secure.gravatar.com\/avatar\/ac5001d2a36cb6c6cd3e50789007ffca834b477b74a2144564522e944eabff61?s=96&d=mm&r=g","caption":"thomas.berner"},"url":"https:\/\/www.organisator.ch\/it\/author\/thomas-berner\/"}]}},"_links":{"self":[{"href":"https:\/\/www.organisator.ch\/it\/wp-json\/wp\/v2\/posts\/12063","targetHints":{"allow":["GET"]}}],"collection":[{"href":"https:\/\/www.organisator.ch\/it\/wp-json\/wp\/v2\/posts"}],"about":[{"href":"https:\/\/www.organisator.ch\/it\/wp-json\/wp\/v2\/types\/post"}],"author":[{"embeddable":true,"href":"https:\/\/www.organisator.ch\/it\/wp-json\/wp\/v2\/users\/4"}],"replies":[{"embeddable":true,"href":"https:\/\/www.organisator.ch\/it\/wp-json\/wp\/v2\/comments?post=12063"}],"version-history":[{"count":1,"href":"https:\/\/www.organisator.ch\/it\/wp-json\/wp\/v2\/posts\/12063\/revisions"}],"predecessor-version":[{"id":12065,"href":"https:\/\/www.organisator.ch\/it\/wp-json\/wp\/v2\/posts\/12063\/revisions\/12065"}],"wp:featuredmedia":[{"embeddable":true,"href":"https:\/\/www.organisator.ch\/it\/wp-json\/wp\/v2\/media\/12064"}],"wp:attachment":[{"href":"https:\/\/www.organisator.ch\/it\/wp-json\/wp\/v2\/media?parent=12063"}],"wp:term":[{"taxonomy":"category","embeddable":true,"href":"https:\/\/www.organisator.ch\/it\/wp-json\/wp\/v2\/categories?post=12063"},{"taxonomy":"post_tag","embeddable":true,"href":"https:\/\/www.organisator.ch\/it\/wp-json\/wp\/v2\/tags?post=12063"}],"curies":[{"name":"wp","href":"https:\/\/api.w.org\/{rel}","templated":true}]}}