{"id":12093,"date":"2022-03-10T10:47:29","date_gmt":"2022-03-10T09:47:29","guid":{"rendered":"https:\/\/www.m-q.ch\/?p=16058"},"modified":"2022-08-02T15:58:26","modified_gmt":"2022-08-02T13:58:26","slug":"flow-statt-frust-massnahmen-gegen-it-stoerungen-an-digitalen-arbeitsplaetzen-verstaerken","status":"publish","type":"post","link":"https:\/\/www.organisator.ch\/it\/operational-excellence\/2022-03-10\/flow-statt-frust-massnahmen-gegen-it-stoerungen-an-digitalen-arbeitsplaetzen-verstaerken\/","title":{"rendered":"Flusso invece di frustrazione: rafforzare le misure contro le interruzioni IT nei luoghi di lavoro digitali"},"content":{"rendered":"<figure id=\"attachment_16059\" class=\"wp-caption alignnone\" style=\"width: 680px\" aria-describedby=\"caption-attachment-16059\"><img class=\"alignnone wp-image-16059 size-full\" src=\"https:\/\/www.m-q.ch\/wp-content\/uploads\/2022\/03\/Flow-statt-Frust-Massnahmen-gegen-IT-Stoerungen-an-digitalen-Arbeitsplaetzen-verstaerken_MQ.jpg\" alt=\"Interruzioni informatiche\" width=\"680\" height=\"454\" \/><figcaption id=\"caption-attachment-16059\" class=\"wp-caption-text\">\"Perch\u00e9 non funziona!\" Le frequenti interruzioni informatiche abbassano la qualit\u00e0 del lavoro negli ambienti di lavoro digitali, soprattutto nelle aziende manifatturiere. (Immagine: Depositphotos.com)<\/figcaption><\/figure>\r\nLa grande importanza della Digital Employee Experience (DEX) \u00e8 arrivata nei settori dell'ingegneria meccanica e impiantistica e della produzione industriale. Questo \u00e8 dimostrato da un sondaggio condotto da <a href=\"https:\/\/www.nexthink.com\/de\/\">Nexthink<\/a> tra 300 esperti IT di sei industrie in Germania, Austria e Svizzera. Lo studio \u00e8 stato condotto nel maggio 2021 dalla societ\u00e0 indipendente di ricerche di mercato Sapio Research. Per la maggior parte (produzione industriale 81%, ingegneria meccanica e impiantistica 70%), il tema del DEX gioca un ruolo importante e deve essere avanzato con un team o dipendenti specificamente responsabili di esso (produzione industriale 76%, ingegneria meccanica e impiantistica 66%). Il focus principale \u00e8 sulle misure contro le interruzioni IT.\r\n<h2><strong>Risolvere sistematicamente e con un alto livello di automazione i guasti IT pi\u00f9 rapidamente<\/strong><\/h2>\r\nSoprattutto le aziende manifatturiere prevedono misure complete per ambienti di lavoro digitali privi di disturbi. L'87% (media 81%, ingegneria meccanica e impiantistica 75%) utilizzer\u00e0 processi e strumenti sistematici con un elevato grado di automazione per accelerare la risoluzione dei problemi negli ambienti di lavoro digitali.\r\n\r\nSecondo lo studio di Nexthink, per misurare la qualit\u00e0 degli ambienti di lavoro digitali, metriche e indicatori chiave di prestazione sono all'ordine del giorno per l'85% delle aziende manifatturiere (media 76%, macchinari e attrezzature 72%). Un quadro simile emerge con il progetto di utilizzare una piattaforma di gestione centrale per l'helpdesk IT che copra tutto, dalla gestione dei ticket e della comunicazione con gli utenti alla reportistica, all'analisi e alla guida alla risoluzione dei problemi.\r\n<h2><strong>Prevedere e prevenire le interruzioni IT con l'analisi predittiva<\/strong><\/h2>\r\nQuali sono le cause delle interruzioni IT? Per trovare una risposta a questa domanda, l'85% delle aziende intervistate dell'industria manifatturiera (media 75%, meccanica e impiantistica 68%) prevede di utilizzare un sistema integrato che correli i dati del backend IT con la piattaforma di gestione del service desk.\r\nAnche le tecnologie di analisi predittiva come i big data, l'intelligenza artificiale e l'apprendimento automatico sono in cima alla lista delle priorit\u00e0 per la produzione industriale, con l'81%, per prevedere o prevenire potenziali interruzioni (media 76%, macchinari e impiantistica 75%).\r\n<h2><strong>La maggioranza vive con compromessi nel posto di lavoro digitale<\/strong><\/h2>\r\nLe misure sono una logica conseguenza del fatto che le aziende hanno finora teso ad aspettare passivamente le interruzioni IT invece di evitarle proattivamente e con un alto livello di automazione fin dall'inizio. Un aspetto critico \u00e8 che la maggior parte delle aziende intervistate vive con molti compromessi nel posto di lavoro digitale (produzione industriale 70%, ingegneria meccanica e impiantistica 62%). Inoltre, molti guasti si ripetono (produzione industriale 46%, ingegneria meccanica e impiantistica 55%) e di solito richiedono molto tempo per essere risolti (produzione industriale 57%, ingegneria meccanica e impiantistica 58%).\r\n<h2><strong>In caso di interruzioni IT, la situazione degli utenti \u00e8 resa inutilmente difficile<\/strong><\/h2>\r\nLa situazione \u00e8 anche inutilmente complicata per gli utenti. Sono spesso lasciati all'oscuro di quanto durer\u00e0 un'interruzione (Produzione industriale 70%, Ingegneria meccanica e impiantistica 66%) e il portale IT self-service spesso non si dimostra molto utile (Produzione industriale 48%, Ingegneria meccanica e impiantistica 62%). Inoltre, gli utenti sono informati solo in modo insufficiente sulle menomazioni importanti o previste sul posto di lavoro digitale (Produzione industriale 85%, Ingegneria meccanica e impiantistica 77%). Frustrante dal punto di vista dell'utente \u00e8 che anche se si ottiene il feedback dei dipendenti, questo di solito non porta a miglioramenti (Produzione industriale 54%, Ingegneria meccanica e degli impianti 70%).\r\n<h2><strong>Spesso l'abbandono di nuove applicazioni a causa di possibili problemi aggiuntivi<\/strong><\/h2>\r\nLe carenze esistenti nell'esperienza informatica dei dipendenti sono particolarmente evidenti per quanto riguarda l'introduzione di nuove applicazioni. Ben il 91% degli intervistati dalle aziende manifatturiere crede che dovrebbe essere fornita maggiore o migliore assistenza per le nuove applicazioni (Machinery and Plant Engineering 81%). A peggiorare le cose, gli utenti finali evitano di chiamare la hotline dei ticket quando hanno problemi con nuove applicazioni (Produzione Industriale 57%, Macchine e Impianti 72%). Il risultato: si introducono il minor numero possibile di nuove applicazioni per evitare problemi, come conferma il 59% degli intervistati della produzione industriale e ben il 75% della meccanica e dell'impiantistica.\r\n<h2><strong>DEX e la prospettiva dell'utente acquistano importanza<\/strong><\/h2>\r\nI risultati dello studio Nexthink mostrano che con lo sviluppo dinamico della digitalizzazione, anche il tema dell'esperienza digitale dei dipendenti si sta spostando in primo piano tra le aziende. L'81% della produzione industriale e l'83% dell'ingegneria meccanica e impiantistica dicono che questo tema avr\u00e0 un'alta priorit\u00e0 nella loro azienda. E soprattutto, le aziende manifatturiere (80%) vogliono tenere in maggiore considerazione la prospettiva dell'utente - un aspetto che \u00e8 significativamente meno a fuoco nel settore della meccanica e dell'impiantistica al 55%.\n<p class=\"syndicated-attribution\">Questo articolo \u00e8 apparso originariamente su m-q.ch - <a href=\"https:\/\/www.m-q.ch\/de\/flow-statt-frust-massnahmen-gegen-it-stoerungen-an-digitalen-arbeitsplaetzen-verstaerken\/\" target=\"_blank\">https:\/\/www.m-q.ch\/de\/flow-statt-frust-massnahmen-gegen-it-stoerungen-an-digitalen-arbeitsplaetzen-verstaerken\/<\/a><\/p>","protected":false},"excerpt":{"rendered":"<p>Die hohe Bedeutung von Digital Employee Experience (DEX) ist in den Branchen Maschinen- und Anlagenbau sowie der industriellen Produktion angekommen. Dies zeigt eine Umfrage von Nexthink unter 300 IT-Experten aus sechs Branchen in Deutschland, \u00d6sterreich und der Schweiz. Durchgef\u00fchrt wurde die Studie im Mai 2021 vom unabh\u00e4ngigen Marktforschungsunternehmen Sapio Research. Bei der Mehrheit (Industrielle Produktion [\u2026]<\/p>\n","protected":false},"author":8,"featured_media":0,"comment_status":"closed","ping_status":"closed","sticky":false,"template":"","format":"standard","meta":{"_acf_changed":false,"_yoast_wpseo_focuskw":"IT-St\u00f6rungen","_yoast_wpseo_metadesc":"Eine Umfrage zeigt: Produzierende Unternehmen wollen vor allem die Perspektive der Anwender mehr ber\u00fccksichtigen.","articlekey":"","footnotes":""},"categories":[582],"tags":[3286],"class_list":["post-12093","post","type-post","status-publish","format-standard","hentry","category-operational-excellence","tag-it-stoerungen"],"acf":[],"yoast_head":"<!-- This site is optimized with the Yoast SEO plugin v27.5 - https:\/\/yoast.com\/product\/yoast-seo-wordpress\/ -->\n<title>Flow statt Frust: Massnahmen gegen IT-St\u00f6rungen an digitalen Arbeitspl\u00e4tzen verst\u00e4rken - Organisator<\/title>\n<meta name=\"description\" content=\"Eine Umfrage zeigt: Produzierende Unternehmen wollen vor allem die Perspektive der Anwender mehr ber\u00fccksichtigen.\" \/>\n<meta name=\"robots\" content=\"index, follow, max-snippet:-1, max-image-preview:large, max-video-preview:-1\" \/>\n<link rel=\"canonical\" href=\"https:\/\/www.m-q.ch\/de\/flow-statt-frust-massnahmen-gegen-it-stoerungen-an-digitalen-arbeitsplaetzen-verstaerken\/\" \/>\n<meta property=\"og:locale\" content=\"it_IT\" \/>\n<meta property=\"og:type\" content=\"article\" \/>\n<meta property=\"og:title\" content=\"Flow statt Frust: Massnahmen gegen IT-St\u00f6rungen an digitalen Arbeitspl\u00e4tzen verst\u00e4rken - Organisator\" \/>\n<meta property=\"og:description\" content=\"Eine Umfrage zeigt: Produzierende Unternehmen wollen vor allem die Perspektive der Anwender mehr ber\u00fccksichtigen.\" \/>\n<meta property=\"og:url\" content=\"https:\/\/www.m-q.ch\/de\/flow-statt-frust-massnahmen-gegen-it-stoerungen-an-digitalen-arbeitsplaetzen-verstaerken\/\" \/>\n<meta property=\"og:site_name\" content=\"Organisator\" \/>\n<meta property=\"article:publisher\" content=\"https:\/\/www.facebook.com\/OrganisatorFachmagazin\" \/>\n<meta property=\"article:published_time\" content=\"2022-03-10T09:47:29+00:00\" \/>\n<meta property=\"article:modified_time\" content=\"2022-08-02T13:58:26+00:00\" \/>\n<meta property=\"og:image\" content=\"https:\/\/www.m-q.ch\/wp-content\/uploads\/2022\/03\/Flow-statt-Frust-Massnahmen-gegen-IT-Stoerungen-an-digitalen-Arbeitsplaetzen-verstaerken_MQ.jpg\" \/>\n<meta name=\"author\" content=\"galledia\" \/>\n<meta name=\"twitter:card\" content=\"summary_large_image\" \/>\n<meta name=\"twitter:creator\" content=\"@admin\" \/>\n<script type=\"application\/ld+json\" class=\"yoast-schema-graph\">{\"@context\":\"https:\\\/\\\/schema.org\",\"@graph\":[{\"@type\":\"Article\",\"@id\":\"https:\\\/\\\/www.m-q.ch\\\/de\\\/flow-statt-frust-massnahmen-gegen-it-stoerungen-an-digitalen-arbeitsplaetzen-verstaerken\\\/#article\",\"isPartOf\":{\"@id\":\"https:\\\/\\\/www.organisator.ch\\\/operational-excellence\\\/2022-03-10\\\/flow-statt-frust-massnahmen-gegen-it-stoerungen-an-digitalen-arbeitsplaetzen-verstaerken\\\/\"},\"author\":{\"name\":\"galledia\",\"@id\":\"https:\\\/\\\/www.organisator.ch\\\/#\\\/schema\\\/person\\\/4e51799071cd2dd1232ac003643ef5f0\"},\"headline\":\"Flow statt Frust: Massnahmen gegen IT-St\u00f6rungen an digitalen Arbeitspl\u00e4tzen verst\u00e4rken\",\"datePublished\":\"2022-03-10T09:47:29+00:00\",\"dateModified\":\"2022-08-02T13:58:26+00:00\",\"mainEntityOfPage\":{\"@id\":\"https:\\\/\\\/www.organisator.ch\\\/operational-excellence\\\/2022-03-10\\\/flow-statt-frust-massnahmen-gegen-it-stoerungen-an-digitalen-arbeitsplaetzen-verstaerken\\\/\"},\"wordCount\":704,\"publisher\":{\"@id\":\"https:\\\/\\\/www.organisator.ch\\\/#organization\"},\"image\":{\"@id\":\"https:\\\/\\\/www.m-q.ch\\\/de\\\/flow-statt-frust-massnahmen-gegen-it-stoerungen-an-digitalen-arbeitsplaetzen-verstaerken\\\/#primaryimage\"},\"thumbnailUrl\":\"https:\\\/\\\/www.m-q.ch\\\/wp-content\\\/uploads\\\/2022\\\/03\\\/Flow-statt-Frust-Massnahmen-gegen-IT-Stoerungen-an-digitalen-Arbeitsplaetzen-verstaerken_MQ.jpg\",\"keywords\":[\"IT-St\u00f6rungen\"],\"articleSection\":[\"OPERATIONAL EXCELLENCE\"],\"inLanguage\":\"it-IT\"},{\"@type\":\"WebPage\",\"@id\":\"https:\\\/\\\/www.organisator.ch\\\/operational-excellence\\\/2022-03-10\\\/flow-statt-frust-massnahmen-gegen-it-stoerungen-an-digitalen-arbeitsplaetzen-verstaerken\\\/\",\"url\":\"https:\\\/\\\/www.m-q.ch\\\/de\\\/flow-statt-frust-massnahmen-gegen-it-stoerungen-an-digitalen-arbeitsplaetzen-verstaerken\\\/\",\"name\":\"Flow statt Frust: Massnahmen gegen IT-St\u00f6rungen an digitalen Arbeitspl\u00e4tzen verst\u00e4rken - Organisator\",\"isPartOf\":{\"@id\":\"https:\\\/\\\/www.organisator.ch\\\/#website\"},\"primaryImageOfPage\":{\"@id\":\"https:\\\/\\\/www.m-q.ch\\\/de\\\/flow-statt-frust-massnahmen-gegen-it-stoerungen-an-digitalen-arbeitsplaetzen-verstaerken\\\/#primaryimage\"},\"image\":{\"@id\":\"https:\\\/\\\/www.m-q.ch\\\/de\\\/flow-statt-frust-massnahmen-gegen-it-stoerungen-an-digitalen-arbeitsplaetzen-verstaerken\\\/#primaryimage\"},\"thumbnailUrl\":\"https:\\\/\\\/www.m-q.ch\\\/wp-content\\\/uploads\\\/2022\\\/03\\\/Flow-statt-Frust-Massnahmen-gegen-IT-Stoerungen-an-digitalen-Arbeitsplaetzen-verstaerken_MQ.jpg\",\"datePublished\":\"2022-03-10T09:47:29+00:00\",\"dateModified\":\"2022-08-02T13:58:26+00:00\",\"description\":\"Eine Umfrage zeigt: Produzierende Unternehmen wollen vor allem die Perspektive der Anwender mehr ber\u00fccksichtigen.\",\"breadcrumb\":{\"@id\":\"https:\\\/\\\/www.m-q.ch\\\/de\\\/flow-statt-frust-massnahmen-gegen-it-stoerungen-an-digitalen-arbeitsplaetzen-verstaerken\\\/#breadcrumb\"},\"inLanguage\":\"it-IT\",\"potentialAction\":[{\"@type\":\"ReadAction\",\"target\":[\"https:\\\/\\\/www.m-q.ch\\\/de\\\/flow-statt-frust-massnahmen-gegen-it-stoerungen-an-digitalen-arbeitsplaetzen-verstaerken\\\/\"]}]},{\"@type\":\"ImageObject\",\"inLanguage\":\"it-IT\",\"@id\":\"https:\\\/\\\/www.m-q.ch\\\/de\\\/flow-statt-frust-massnahmen-gegen-it-stoerungen-an-digitalen-arbeitsplaetzen-verstaerken\\\/#primaryimage\",\"url\":\"https:\\\/\\\/www.m-q.ch\\\/wp-content\\\/uploads\\\/2022\\\/03\\\/Flow-statt-Frust-Massnahmen-gegen-IT-Stoerungen-an-digitalen-Arbeitsplaetzen-verstaerken_MQ.jpg\",\"contentUrl\":\"https:\\\/\\\/www.m-q.ch\\\/wp-content\\\/uploads\\\/2022\\\/03\\\/Flow-statt-Frust-Massnahmen-gegen-IT-Stoerungen-an-digitalen-Arbeitsplaetzen-verstaerken_MQ.jpg\"},{\"@type\":\"BreadcrumbList\",\"@id\":\"https:\\\/\\\/www.m-q.ch\\\/de\\\/flow-statt-frust-massnahmen-gegen-it-stoerungen-an-digitalen-arbeitsplaetzen-verstaerken\\\/#breadcrumb\",\"itemListElement\":[{\"@type\":\"ListItem\",\"position\":1,\"name\":\"Home\",\"item\":\"https:\\\/\\\/www.organisator.ch\\\/\"},{\"@type\":\"ListItem\",\"position\":2,\"name\":\"Flow statt Frust: Massnahmen gegen IT-St\u00f6rungen an digitalen Arbeitspl\u00e4tzen verst\u00e4rken\"}]},{\"@type\":\"WebSite\",\"@id\":\"https:\\\/\\\/www.organisator.ch\\\/#website\",\"url\":\"https:\\\/\\\/www.organisator.ch\\\/\",\"name\":\"Organisator\",\"description\":\"Kompetent. Praxisnah. Der ORGANISATOR bereitet in 10 Ausgaben pro Jahr die wesentlichen Themen f\u00fcr F\u00fchrungskr\u00e4fte von KMU auf.\",\"publisher\":{\"@id\":\"https:\\\/\\\/www.organisator.ch\\\/#organization\"},\"potentialAction\":[{\"@type\":\"SearchAction\",\"target\":{\"@type\":\"EntryPoint\",\"urlTemplate\":\"https:\\\/\\\/www.organisator.ch\\\/?s={search_term_string}\"},\"query-input\":{\"@type\":\"PropertyValueSpecification\",\"valueRequired\":true,\"valueName\":\"search_term_string\"}}],\"inLanguage\":\"it-IT\"},{\"@type\":\"Organization\",\"@id\":\"https:\\\/\\\/www.organisator.ch\\\/#organization\",\"name\":\"Organisator\",\"url\":\"https:\\\/\\\/www.organisator.ch\\\/\",\"logo\":{\"@type\":\"ImageObject\",\"inLanguage\":\"it-IT\",\"@id\":\"https:\\\/\\\/www.organisator.ch\\\/#\\\/schema\\\/logo\\\/image\\\/\",\"url\":\"https:\\\/\\\/www.organisator.ch\\\/wp-content\\\/uploads\\\/2022\\\/01\\\/Logo_Organisator_Website.png\",\"contentUrl\":\"https:\\\/\\\/www.organisator.ch\\\/wp-content\\\/uploads\\\/2022\\\/01\\\/Logo_Organisator_Website.png\",\"width\":800,\"height\":77,\"caption\":\"Organisator\"},\"image\":{\"@id\":\"https:\\\/\\\/www.organisator.ch\\\/#\\\/schema\\\/logo\\\/image\\\/\"},\"sameAs\":[\"https:\\\/\\\/www.facebook.com\\\/OrganisatorFachmagazin\",\"https:\\\/\\\/www.linkedin.com\\\/showcase\\\/organisator-das-magazin-fr-kmu\",\"https:\\\/\\\/www.xing.com\\\/news\\\/pages\\\/organisator-ch-695\",\"https:\\\/\\\/www.youtube.com\\\/channel\\\/UCGP2Sq0iWaZwT3BdIAQFYpw\"]},{\"@type\":\"Person\",\"@id\":\"https:\\\/\\\/www.organisator.ch\\\/#\\\/schema\\\/person\\\/4e51799071cd2dd1232ac003643ef5f0\",\"name\":\"galledia\",\"image\":{\"@type\":\"ImageObject\",\"inLanguage\":\"it-IT\",\"@id\":\"https:\\\/\\\/secure.gravatar.com\\\/avatar\\\/78a7f90c01fc2bfc875782a0d4922b37cde2cf184ce347b91316d23cd7f69a36?s=96&d=mm&r=g\",\"url\":\"https:\\\/\\\/secure.gravatar.com\\\/avatar\\\/78a7f90c01fc2bfc875782a0d4922b37cde2cf184ce347b91316d23cd7f69a36?s=96&d=mm&r=g\",\"contentUrl\":\"https:\\\/\\\/secure.gravatar.com\\\/avatar\\\/78a7f90c01fc2bfc875782a0d4922b37cde2cf184ce347b91316d23cd7f69a36?s=96&d=mm&r=g\",\"caption\":\"galledia\"},\"sameAs\":[\"https:\\\/\\\/x.com\\\/admin\"],\"url\":\"https:\\\/\\\/www.organisator.ch\\\/it\\\/author\\\/galledia\\\/\"}]}<\/script>\n<!-- \/ Yoast SEO plugin. -->","yoast_head_json":{"title":"Flusso invece di frustrazione: rafforzare le misure contro le interruzioni informatiche nei luoghi di lavoro digitali - Organizzatore","description":"Un sondaggio dimostra che le aziende produttrici vogliono tenere maggiormente conto del punto di vista dell'utente.","robots":{"index":"index","follow":"follow","max-snippet":"max-snippet:-1","max-image-preview":"max-image-preview:large","max-video-preview":"max-video-preview:-1"},"canonical":"https:\/\/www.m-q.ch\/de\/flow-statt-frust-massnahmen-gegen-it-stoerungen-an-digitalen-arbeitsplaetzen-verstaerken\/","og_locale":"it_IT","og_type":"article","og_title":"Flow statt Frust: Massnahmen gegen IT-St\u00f6rungen an digitalen Arbeitspl\u00e4tzen verst\u00e4rken - Organisator","og_description":"Eine Umfrage zeigt: Produzierende Unternehmen wollen vor allem die Perspektive der Anwender mehr ber\u00fccksichtigen.","og_url":"https:\/\/www.m-q.ch\/de\/flow-statt-frust-massnahmen-gegen-it-stoerungen-an-digitalen-arbeitsplaetzen-verstaerken\/","og_site_name":"Organisator","article_publisher":"https:\/\/www.facebook.com\/OrganisatorFachmagazin","article_published_time":"2022-03-10T09:47:29+00:00","article_modified_time":"2022-08-02T13:58:26+00:00","og_image":[{"url":"https:\/\/www.m-q.ch\/wp-content\/uploads\/2022\/03\/Flow-statt-Frust-Massnahmen-gegen-IT-Stoerungen-an-digitalen-Arbeitsplaetzen-verstaerken_MQ.jpg","type":"","width":"","height":""}],"author":"galledia","twitter_card":"summary_large_image","twitter_creator":"@admin","schema":{"@context":"https:\/\/schema.org","@graph":[{"@type":"Article","@id":"https:\/\/www.m-q.ch\/de\/flow-statt-frust-massnahmen-gegen-it-stoerungen-an-digitalen-arbeitsplaetzen-verstaerken\/#article","isPartOf":{"@id":"https:\/\/www.organisator.ch\/operational-excellence\/2022-03-10\/flow-statt-frust-massnahmen-gegen-it-stoerungen-an-digitalen-arbeitsplaetzen-verstaerken\/"},"author":{"name":"galledia","@id":"https:\/\/www.organisator.ch\/#\/schema\/person\/4e51799071cd2dd1232ac003643ef5f0"},"headline":"Flow statt Frust: Massnahmen gegen IT-St\u00f6rungen an digitalen Arbeitspl\u00e4tzen verst\u00e4rken","datePublished":"2022-03-10T09:47:29+00:00","dateModified":"2022-08-02T13:58:26+00:00","mainEntityOfPage":{"@id":"https:\/\/www.organisator.ch\/operational-excellence\/2022-03-10\/flow-statt-frust-massnahmen-gegen-it-stoerungen-an-digitalen-arbeitsplaetzen-verstaerken\/"},"wordCount":704,"publisher":{"@id":"https:\/\/www.organisator.ch\/#organization"},"image":{"@id":"https:\/\/www.m-q.ch\/de\/flow-statt-frust-massnahmen-gegen-it-stoerungen-an-digitalen-arbeitsplaetzen-verstaerken\/#primaryimage"},"thumbnailUrl":"https:\/\/www.m-q.ch\/wp-content\/uploads\/2022\/03\/Flow-statt-Frust-Massnahmen-gegen-IT-Stoerungen-an-digitalen-Arbeitsplaetzen-verstaerken_MQ.jpg","keywords":["IT-St\u00f6rungen"],"articleSection":["OPERATIONAL EXCELLENCE"],"inLanguage":"it-IT"},{"@type":"WebPage","@id":"https:\/\/www.organisator.ch\/operational-excellence\/2022-03-10\/flow-statt-frust-massnahmen-gegen-it-stoerungen-an-digitalen-arbeitsplaetzen-verstaerken\/","url":"https:\/\/www.m-q.ch\/de\/flow-statt-frust-massnahmen-gegen-it-stoerungen-an-digitalen-arbeitsplaetzen-verstaerken\/","name":"Flusso invece di frustrazione: rafforzare le misure contro le interruzioni informatiche nei luoghi di lavoro digitali - Organizzatore","isPartOf":{"@id":"https:\/\/www.organisator.ch\/#website"},"primaryImageOfPage":{"@id":"https:\/\/www.m-q.ch\/de\/flow-statt-frust-massnahmen-gegen-it-stoerungen-an-digitalen-arbeitsplaetzen-verstaerken\/#primaryimage"},"image":{"@id":"https:\/\/www.m-q.ch\/de\/flow-statt-frust-massnahmen-gegen-it-stoerungen-an-digitalen-arbeitsplaetzen-verstaerken\/#primaryimage"},"thumbnailUrl":"https:\/\/www.m-q.ch\/wp-content\/uploads\/2022\/03\/Flow-statt-Frust-Massnahmen-gegen-IT-Stoerungen-an-digitalen-Arbeitsplaetzen-verstaerken_MQ.jpg","datePublished":"2022-03-10T09:47:29+00:00","dateModified":"2022-08-02T13:58:26+00:00","description":"Un sondaggio dimostra che le aziende produttrici vogliono tenere maggiormente conto del punto di vista dell'utente.","breadcrumb":{"@id":"https:\/\/www.m-q.ch\/de\/flow-statt-frust-massnahmen-gegen-it-stoerungen-an-digitalen-arbeitsplaetzen-verstaerken\/#breadcrumb"},"inLanguage":"it-IT","potentialAction":[{"@type":"ReadAction","target":["https:\/\/www.m-q.ch\/de\/flow-statt-frust-massnahmen-gegen-it-stoerungen-an-digitalen-arbeitsplaetzen-verstaerken\/"]}]},{"@type":"ImageObject","inLanguage":"it-IT","@id":"https:\/\/www.m-q.ch\/de\/flow-statt-frust-massnahmen-gegen-it-stoerungen-an-digitalen-arbeitsplaetzen-verstaerken\/#primaryimage","url":"https:\/\/www.m-q.ch\/wp-content\/uploads\/2022\/03\/Flow-statt-Frust-Massnahmen-gegen-IT-Stoerungen-an-digitalen-Arbeitsplaetzen-verstaerken_MQ.jpg","contentUrl":"https:\/\/www.m-q.ch\/wp-content\/uploads\/2022\/03\/Flow-statt-Frust-Massnahmen-gegen-IT-Stoerungen-an-digitalen-Arbeitsplaetzen-verstaerken_MQ.jpg"},{"@type":"BreadcrumbList","@id":"https:\/\/www.m-q.ch\/de\/flow-statt-frust-massnahmen-gegen-it-stoerungen-an-digitalen-arbeitsplaetzen-verstaerken\/#breadcrumb","itemListElement":[{"@type":"ListItem","position":1,"name":"Home","item":"https:\/\/www.organisator.ch\/"},{"@type":"ListItem","position":2,"name":"Flow statt Frust: Massnahmen gegen IT-St\u00f6rungen an digitalen Arbeitspl\u00e4tzen verst\u00e4rken"}]},{"@type":"WebSite","@id":"https:\/\/www.organisator.ch\/#website","url":"https:\/\/www.organisator.ch\/","name":"Organizzatore","description":"Competente. Pratico. In 10 numeri all'anno, ORGANISATOR presenta i temi essenziali per i manager delle PMI.","publisher":{"@id":"https:\/\/www.organisator.ch\/#organization"},"potentialAction":[{"@type":"SearchAction","target":{"@type":"EntryPoint","urlTemplate":"https:\/\/www.organisator.ch\/?s={search_term_string}"},"query-input":{"@type":"PropertyValueSpecification","valueRequired":true,"valueName":"search_term_string"}}],"inLanguage":"it-IT"},{"@type":"Organization","@id":"https:\/\/www.organisator.ch\/#organization","name":"Organizzatore","url":"https:\/\/www.organisator.ch\/","logo":{"@type":"ImageObject","inLanguage":"it-IT","@id":"https:\/\/www.organisator.ch\/#\/schema\/logo\/image\/","url":"https:\/\/www.organisator.ch\/wp-content\/uploads\/2022\/01\/Logo_Organisator_Website.png","contentUrl":"https:\/\/www.organisator.ch\/wp-content\/uploads\/2022\/01\/Logo_Organisator_Website.png","width":800,"height":77,"caption":"Organisator"},"image":{"@id":"https:\/\/www.organisator.ch\/#\/schema\/logo\/image\/"},"sameAs":["https:\/\/www.facebook.com\/OrganisatorFachmagazin","https:\/\/www.linkedin.com\/showcase\/organisator-das-magazin-fr-kmu","https:\/\/www.xing.com\/news\/pages\/organisator-ch-695","https:\/\/www.youtube.com\/channel\/UCGP2Sq0iWaZwT3BdIAQFYpw"]},{"@type":"Person","@id":"https:\/\/www.organisator.ch\/#\/schema\/person\/4e51799071cd2dd1232ac003643ef5f0","name":"galledia","image":{"@type":"ImageObject","inLanguage":"it-IT","@id":"https:\/\/secure.gravatar.com\/avatar\/78a7f90c01fc2bfc875782a0d4922b37cde2cf184ce347b91316d23cd7f69a36?s=96&d=mm&r=g","url":"https:\/\/secure.gravatar.com\/avatar\/78a7f90c01fc2bfc875782a0d4922b37cde2cf184ce347b91316d23cd7f69a36?s=96&d=mm&r=g","contentUrl":"https:\/\/secure.gravatar.com\/avatar\/78a7f90c01fc2bfc875782a0d4922b37cde2cf184ce347b91316d23cd7f69a36?s=96&d=mm&r=g","caption":"galledia"},"sameAs":["https:\/\/x.com\/admin"],"url":"https:\/\/www.organisator.ch\/it\/author\/galledia\/"}]}},"_links":{"self":[{"href":"https:\/\/www.organisator.ch\/it\/wp-json\/wp\/v2\/posts\/12093","targetHints":{"allow":["GET"]}}],"collection":[{"href":"https:\/\/www.organisator.ch\/it\/wp-json\/wp\/v2\/posts"}],"about":[{"href":"https:\/\/www.organisator.ch\/it\/wp-json\/wp\/v2\/types\/post"}],"author":[{"embeddable":true,"href":"https:\/\/www.organisator.ch\/it\/wp-json\/wp\/v2\/users\/8"}],"replies":[{"embeddable":true,"href":"https:\/\/www.organisator.ch\/it\/wp-json\/wp\/v2\/comments?post=12093"}],"version-history":[{"count":4,"href":"https:\/\/www.organisator.ch\/it\/wp-json\/wp\/v2\/posts\/12093\/revisions"}],"predecessor-version":[{"id":16262,"href":"https:\/\/www.organisator.ch\/it\/wp-json\/wp\/v2\/posts\/12093\/revisions\/16262"}],"wp:attachment":[{"href":"https:\/\/www.organisator.ch\/it\/wp-json\/wp\/v2\/media?parent=12093"}],"wp:term":[{"taxonomy":"category","embeddable":true,"href":"https:\/\/www.organisator.ch\/it\/wp-json\/wp\/v2\/categories?post=12093"},{"taxonomy":"post_tag","embeddable":true,"href":"https:\/\/www.organisator.ch\/it\/wp-json\/wp\/v2\/tags?post=12093"}],"curies":[{"name":"wp","href":"https:\/\/api.w.org\/{rel}","templated":true}]}}