{"id":12099,"date":"2022-03-11T09:37:27","date_gmt":"2022-03-11T08:37:27","guid":{"rendered":"https:\/\/www.organisator.ch\/?p=12099"},"modified":"2022-03-17T09:27:33","modified_gmt":"2022-03-17T08:27:33","slug":"wild-kuepfer-gewinnt-prix-svc-ostschweiz-2022","status":"publish","type":"post","link":"https:\/\/www.organisator.ch\/it\/management\/2022-03-11\/wild-kuepfer-gewinnt-prix-svc-ostschweiz-2022\/","title":{"rendered":"Wild &amp; K\u00fcpfer vince il Prix SVC Ostschweiz 2022"},"content":{"rendered":"<figure id=\"attachment_12100\" aria-describedby=\"caption-attachment-12100\" style=\"width: 680px\" class=\"wp-caption alignnone\"><img loading=\"lazy\" decoding=\"async\" class=\"size-full wp-image-12100\" src=\"https:\/\/www.organisator.ch\/wp-content\/uploads\/2022\/03\/Wild-Kuepfer-gewinnt-Prix-SVC-Ostschweiz-2022-1_Organisator.jpg\" alt=\"\" width=\"680\" height=\"428\" srcset=\"https:\/\/www.organisator.ch\/wp-content\/uploads\/2022\/03\/Wild-Kuepfer-gewinnt-Prix-SVC-Ostschweiz-2022-1_Organisator.jpg 680w, https:\/\/www.organisator.ch\/wp-content\/uploads\/2022\/03\/Wild-Kuepfer-gewinnt-Prix-SVC-Ostschweiz-2022-1_Organisator-18x12.jpg 18w, https:\/\/www.organisator.ch\/wp-content\/uploads\/2022\/03\/Wild-Kuepfer-gewinnt-Prix-SVC-Ostschweiz-2022-1_Organisator-278x175.jpg 278w, https:\/\/www.organisator.ch\/wp-content\/uploads\/2022\/03\/Wild-Kuepfer-gewinnt-Prix-SVC-Ostschweiz-2022-1_Organisator-556x350.jpg 556w, https:\/\/www.organisator.ch\/wp-content\/uploads\/2022\/03\/Wild-Kuepfer-gewinnt-Prix-SVC-Ostschweiz-2022-1_Organisator-300x189.jpg 300w\" sizes=\"auto, (max-width: 680px) 100vw, 680px\" \/><figcaption id=\"caption-attachment-12100\" class=\"wp-caption-text\">Tobias Wild di Wild &amp; K\u00fcpfer AG con il trofeo del vincitore. (Foto: Thomas Berner)<\/figcaption><\/figure>\n<p>Davanti a circa 900 ospiti, il Prix SVC Ostschweiz \u00e8 stato assegnato il 10 marzo 2022 a San Gallo. Era un anniversario, dato che la cerimonia di premiazione ha avuto luogo per la decima volta. Il presidente di OC Christoph Zeller ha potuto vedere la gioia e il rilassamento, l'evento potrebbe essere tenuto in gran parte senza restrizioni legate alla pandemia. \"Non \u00e8 stato facile avere sempre un piano B o un piano C pronto\", ha detto Zeller nel suo discorso di apertura.<\/p>\n<h2><strong>Processo di giuria a pi\u00f9 fasi<\/strong><\/h2>\n<p>I sei finalisti presentati all'evento - Appenzeller Alpenbitter AG, Ifolor AG, H\u00f6gg Group, La Conditoria, Mosmatic AG e Wild &amp; K\u00fcpfer AG - sono stati precedentemente selezionati in un processo di giuria a pi\u00f9 fasi da una longlist di inizialmente oltre 200 aziende. I 13 membri della giuria di esperti hanno visitato i candidati durante un viaggio della giuria per avere un'immagine differenziata di loro sul posto. Il vincitore \u00e8 stato poi scelto tra tutti i candidati secondo criteri chiaramente definiti. Nel complesso, le sei aziende hanno trasmesso un'impressione sfaccettata della regione economica della Svizzera orientale, che si estende dal lago di Costanza ai Grigioni.<\/p>\n<figure id=\"attachment_12101\" aria-describedby=\"caption-attachment-12101\" style=\"width: 680px\" class=\"wp-caption alignnone\"><img loading=\"lazy\" decoding=\"async\" class=\"size-medium wp-image-12101\" src=\"https:\/\/www.organisator.ch\/wp-content\/uploads\/2022\/03\/Wild-Kuepfer-gewinnt-Prix-SVC-Ostschweiz-2022-2_Organisator-680x490.jpg\" alt=\"\" width=\"680\" height=\"490\" srcset=\"https:\/\/www.organisator.ch\/wp-content\/uploads\/2022\/03\/Wild-Kuepfer-gewinnt-Prix-SVC-Ostschweiz-2022-2_Organisator-680x490.jpg 680w, https:\/\/www.organisator.ch\/wp-content\/uploads\/2022\/03\/Wild-Kuepfer-gewinnt-Prix-SVC-Ostschweiz-2022-2_Organisator-1024x738.jpg 1024w, https:\/\/www.organisator.ch\/wp-content\/uploads\/2022\/03\/Wild-Kuepfer-gewinnt-Prix-SVC-Ostschweiz-2022-2_Organisator-768x554.jpg 768w, https:\/\/www.organisator.ch\/wp-content\/uploads\/2022\/03\/Wild-Kuepfer-gewinnt-Prix-SVC-Ostschweiz-2022-2_Organisator-1536x1108.jpg 1536w, https:\/\/www.organisator.ch\/wp-content\/uploads\/2022\/03\/Wild-Kuepfer-gewinnt-Prix-SVC-Ostschweiz-2022-2_Organisator-18x12.jpg 18w, https:\/\/www.organisator.ch\/wp-content\/uploads\/2022\/03\/Wild-Kuepfer-gewinnt-Prix-SVC-Ostschweiz-2022-2_Organisator-243x175.jpg 243w, https:\/\/www.organisator.ch\/wp-content\/uploads\/2022\/03\/Wild-Kuepfer-gewinnt-Prix-SVC-Ostschweiz-2022-2_Organisator-485x350.jpg 485w, https:\/\/www.organisator.ch\/wp-content\/uploads\/2022\/03\/Wild-Kuepfer-gewinnt-Prix-SVC-Ostschweiz-2022-2_Organisator-1109x800.jpg 1109w, https:\/\/www.organisator.ch\/wp-content\/uploads\/2022\/03\/Wild-Kuepfer-gewinnt-Prix-SVC-Ostschweiz-2022-2_Organisator-920x663.jpg 920w, https:\/\/www.organisator.ch\/wp-content\/uploads\/2022\/03\/Wild-Kuepfer-gewinnt-Prix-SVC-Ostschweiz-2022-2_Organisator-1400x1009.jpg 1400w, https:\/\/www.organisator.ch\/wp-content\/uploads\/2022\/03\/Wild-Kuepfer-gewinnt-Prix-SVC-Ostschweiz-2022-2_Organisator-300x216.jpg 300w, https:\/\/www.organisator.ch\/wp-content\/uploads\/2022\/03\/Wild-Kuepfer-gewinnt-Prix-SVC-Ostschweiz-2022-2_Organisator.jpg 1943w\" sizes=\"auto, (max-width: 680px) 100vw, 680px\" \/><figcaption id=\"caption-attachment-12101\" class=\"wp-caption-text\">Il presidente della giuria Andrea Fanzun (al centro) legge la laudatio, affiancato da Patrick Rieben (Mosmatic AG, a sinistra) e Tobias Wild. (Foto: Thomas Berner)<\/figcaption><\/figure>\n<h2><strong>Wild &amp; K\u00fcpfer: tutto \u00e8 cominciato in un porcile...<\/strong><\/h2>\n<p>Alla fine, la Wild &amp; K\u00fcpfer AG, rappresentata dal CEO Tobias Wild, ha vinto il concorso. \"La direzione \u00e8 competente e qualificata quanto gli esperti di materie plastiche\", ha detto il presidente della giuria Andrea Fanzun nella sua laudatio, lodando il concetto di successo di Wild &amp; K\u00fcpfer AG. Il leader tecnologico del mercato dello stampaggio a iniezione di plastica in Svizzera e in Europa \u00e8 una PMI a conduzione familiare di seconda generazione con circa 200 dipendenti. Nonostante tutta la sua internazionalit\u00e0, l'azienda non ha dimenticato le sue radici nella Svizzera orientale, come nota il presidente della giuria: \"Nonostante il suo orientamento internazionale, l'azienda, la cui storia \u00e8 iniziata in un porcile, \u00e8 anche fortemente ancorata a livello locale. I valori non sono solo parte della brochure d'immagine qui, sono esemplificati\".<\/p>\n<h2><strong>Dallo \"schianto pi\u00f9 arretrato\" nel vasto mondo<\/strong><\/h2>\n<p>Il secondo posto \u00e8 andato alla Mosmatic AG di Necker, che ha conquistato la giuria con la sua convincente strategia di crescita, il chiaro impegno per l'innovazione e la sede di produzione in Svizzera e un eccellente programma di formazione. Il suo status di numero uno indiscusso per i giunti girevoli - il 97% dei suoi prodotti sono esportati - \u00e8 stato guadagnato con fatica: Avete la garanzia di trovare sempre un pezzo di Mosmatic in ogni autolavaggio del mondo. Il terzo posto \u00e8 andato all'azienda tradizionale Appenzeller Alpenbitter AG, la cui storia di successo dura da oltre 120 anni ed \u00e8 ancora in mani familiari. E la ricetta dell'acquavite di erbe, che veniva anche prescritta come medicina nei tempi passati, \u00e8 ancora oggi un segreto.<\/p>\n<h2><strong>I gradi di diploma del Prix SVC Ostschweiz 2022<\/strong><\/h2>\n<p>Gli altri vincitori del Prix SVC Ostschweiz 2022 sono stati il gruppo H\u00f6gg di Lichtensteig (produttore di sistemi di sollevamento), Ifolor AG di Kreuzlingen (leader di mercato nei prodotti fotografici personalizzati) e La Conditoria Sedrun-Svizzera (produttore di quelle che sono probabilmente le pi\u00f9 piccole torte grigionesi alle noci del mondo). Tutte le aziende hanno ricevuto preziosi premi donati dagli sponsor principali. Ci\u00f2 che rimarr\u00e0 \u00e8 anche l'effetto duraturo di questo premio aziendale, come ha ricordato anche Thomas K\u00f6berl, che ha vinto il primo Prix SVC Ostschweiz con Abacus nel 2004. E Andreas W\u00e4lti, vincitore del Prix SVC Ostschweiz 2020, ha anche sottolineato che le PMI, che altrimenti non sono molto in vista, possono aumentare notevolmente il loro livello di consapevolezza in questo modo. La data della prossima premiazione \u00e8 gi\u00e0 stata fissata: avr\u00e0 luogo mercoled\u00ec 7 marzo 2024.<\/p>\n<p><em>Ulteriori informazioni: <a href=\"http:\/\/www.svc.swiss\">Club svizzero di Venture<\/a><\/em><\/p>","protected":false},"excerpt":{"rendered":"<p>Vor rund 900 G\u00e4sten wurde am 10. M\u00e4rz 2022 in St.Gallen der Prix SVC Ostschweiz vergeben. Es war ein Jubil\u00e4um, denn die Preisverleihung fand zum zehnten Mal statt. OK-Pr\u00e4sident Christoph Zeller war die Freude und Entspannung anzusehen, konnte der Anlass weitgehend ohne pandemie-bedingte Einschr\u00e4nkungen durchgef\u00fchrt werden. \u00abEs war nicht einfach, immer wieder einen Plan B [&hellip;]<\/p>\n","protected":false},"author":4,"featured_media":12100,"comment_status":"closed","ping_status":"closed","sticky":false,"template":"","format":"standard","meta":{"_acf_changed":false,"_yoast_wpseo_focuskw":"Wild & K\u00fcpfer","_yoast_wpseo_metadesc":"Die Wild & K\u00fcpfer AG gewinnt den Prix SVC Ostschweiz 2022. Die Pl\u00e4tze zwei und drei belegen Mosmatic AG und Appenzeller Alpenbitter AG.","articlekey":"","footnotes":""},"categories":[28],"tags":[66,335,390,492],"class_list":["post-12099","post","type-post","status-publish","format-standard","has-post-thumbnail","hentry","category-management","tag-awards","tag-management-und-unternehmensfuehrung","tag-prix-svc","tag-unternehmen"],"acf":[],"yoast_head":"<!-- This site is optimized with the Yoast SEO plugin v27.5 - https:\/\/yoast.com\/product\/yoast-seo-wordpress\/ -->\n<title>Wild &amp; K\u00fcpfer gewinnt Prix SVC Ostschweiz 2022 - Organisator<\/title>\n<meta name=\"description\" content=\"Die Wild &amp; K\u00fcpfer AG gewinnt den Prix SVC Ostschweiz 2022. Die Pl\u00e4tze zwei und drei belegen Mosmatic AG und Appenzeller Alpenbitter AG.\" \/>\n<meta name=\"robots\" content=\"index, follow, max-snippet:-1, max-image-preview:large, max-video-preview:-1\" \/>\n<link rel=\"canonical\" href=\"https:\/\/www.organisator.ch\/it\/gestione-2\/2022-03-11\/wild-kuepfer-gewinnt-prix-svc-ostschweiz-2022\/\" \/>\n<meta property=\"og:locale\" content=\"it_IT\" \/>\n<meta property=\"og:type\" content=\"article\" \/>\n<meta property=\"og:title\" content=\"Wild &amp; K\u00fcpfer gewinnt Prix SVC Ostschweiz 2022\" \/>\n<meta property=\"og:description\" content=\"Die Wild &amp; K\u00fcpfer AG gewinnt den Prix SVC Ostschweiz 2022. Die Pl\u00e4tze zwei und drei belegen Mosmatic AG und Appenzeller Alpenbitter AG.\" \/>\n<meta property=\"og:url\" content=\"https:\/\/www.organisator.ch\/it\/gestione-2\/2022-03-11\/wild-kuepfer-gewinnt-prix-svc-ostschweiz-2022\/\" \/>\n<meta property=\"og:site_name\" content=\"Organisator\" \/>\n<meta property=\"article:publisher\" content=\"https:\/\/www.facebook.com\/OrganisatorFachmagazin\" \/>\n<meta property=\"article:published_time\" content=\"2022-03-11T08:37:27+00:00\" \/>\n<meta property=\"article:modified_time\" content=\"2022-03-17T08:27:33+00:00\" \/>\n<meta property=\"og:image\" content=\"https:\/\/www.organisator.ch\/wp-content\/uploads\/2022\/03\/Wild-Kuepfer-gewinnt-Prix-SVC-Ostschweiz-2022-1_Organisator.jpg\" \/>\n\t<meta property=\"og:image:width\" content=\"680\" \/>\n\t<meta property=\"og:image:height\" content=\"428\" \/>\n\t<meta property=\"og:image:type\" content=\"image\/jpeg\" \/>\n<meta name=\"author\" content=\"thomas.berner\" \/>\n<meta name=\"twitter:card\" content=\"summary_large_image\" \/>\n<meta name=\"twitter:title\" content=\"#Wild &amp; #K\u00fcpfer gewinnt Prix #SVC Ostschweiz 2022\" \/>\n<meta name=\"twitter:description\" content=\"Die #Wild&amp;K\u00fcpfer AG gewinnt den Prix #SVC Ostschweiz 2022. Die Pl\u00e4tze zwei und drei belegen #Mosmatic AG und Appenzeller #Alpenbitter AG.\" \/>\n<meta name=\"twitter:image\" content=\"https:\/\/www.organisator.ch\/wp-content\/uploads\/2022\/03\/Wild-Kuepfer-gewinnt-Prix-SVC-Ostschweiz-2022-1_Organisator.jpg\" \/>\n<script type=\"application\/ld+json\" class=\"yoast-schema-graph\">{\"@context\":\"https:\\\/\\\/schema.org\",\"@graph\":[{\"@type\":\"Article\",\"@id\":\"https:\\\/\\\/www.organisator.ch\\\/management\\\/2022-03-11\\\/wild-kuepfer-gewinnt-prix-svc-ostschweiz-2022\\\/#article\",\"isPartOf\":{\"@id\":\"https:\\\/\\\/www.organisator.ch\\\/management\\\/2022-03-11\\\/wild-kuepfer-gewinnt-prix-svc-ostschweiz-2022\\\/\"},\"author\":{\"name\":\"thomas.berner\",\"@id\":\"https:\\\/\\\/www.organisator.ch\\\/#\\\/schema\\\/person\\\/6f650f90b2842cd4c0cc334b4e36f67e\"},\"headline\":\"Wild &#038; K\u00fcpfer gewinnt Prix SVC Ostschweiz 2022\",\"datePublished\":\"2022-03-11T08:37:27+00:00\",\"dateModified\":\"2022-03-17T08:27:33+00:00\",\"mainEntityOfPage\":{\"@id\":\"https:\\\/\\\/www.organisator.ch\\\/management\\\/2022-03-11\\\/wild-kuepfer-gewinnt-prix-svc-ostschweiz-2022\\\/\"},\"wordCount\":612,\"publisher\":{\"@id\":\"https:\\\/\\\/www.organisator.ch\\\/#organization\"},\"image\":{\"@id\":\"https:\\\/\\\/www.organisator.ch\\\/management\\\/2022-03-11\\\/wild-kuepfer-gewinnt-prix-svc-ostschweiz-2022\\\/#primaryimage\"},\"thumbnailUrl\":\"https:\\\/\\\/www.organisator.ch\\\/wp-content\\\/uploads\\\/2022\\\/03\\\/Wild-Kuepfer-gewinnt-Prix-SVC-Ostschweiz-2022-1_Organisator.jpg\",\"keywords\":[\"Awards\",\"Management und Unternehmensf\u00fchrung\",\"Prix SVC\",\"Unternehmen\"],\"articleSection\":[\"MANAGEMENT\"],\"inLanguage\":\"it-IT\"},{\"@type\":\"WebPage\",\"@id\":\"https:\\\/\\\/www.organisator.ch\\\/management\\\/2022-03-11\\\/wild-kuepfer-gewinnt-prix-svc-ostschweiz-2022\\\/\",\"url\":\"https:\\\/\\\/www.organisator.ch\\\/management\\\/2022-03-11\\\/wild-kuepfer-gewinnt-prix-svc-ostschweiz-2022\\\/\",\"name\":\"Wild & K\u00fcpfer gewinnt Prix SVC Ostschweiz 2022 - Organisator\",\"isPartOf\":{\"@id\":\"https:\\\/\\\/www.organisator.ch\\\/#website\"},\"primaryImageOfPage\":{\"@id\":\"https:\\\/\\\/www.organisator.ch\\\/management\\\/2022-03-11\\\/wild-kuepfer-gewinnt-prix-svc-ostschweiz-2022\\\/#primaryimage\"},\"image\":{\"@id\":\"https:\\\/\\\/www.organisator.ch\\\/management\\\/2022-03-11\\\/wild-kuepfer-gewinnt-prix-svc-ostschweiz-2022\\\/#primaryimage\"},\"thumbnailUrl\":\"https:\\\/\\\/www.organisator.ch\\\/wp-content\\\/uploads\\\/2022\\\/03\\\/Wild-Kuepfer-gewinnt-Prix-SVC-Ostschweiz-2022-1_Organisator.jpg\",\"datePublished\":\"2022-03-11T08:37:27+00:00\",\"dateModified\":\"2022-03-17T08:27:33+00:00\",\"description\":\"Die Wild & K\u00fcpfer AG gewinnt den Prix SVC Ostschweiz 2022. Die Pl\u00e4tze zwei und drei belegen Mosmatic AG und Appenzeller Alpenbitter AG.\",\"breadcrumb\":{\"@id\":\"https:\\\/\\\/www.organisator.ch\\\/management\\\/2022-03-11\\\/wild-kuepfer-gewinnt-prix-svc-ostschweiz-2022\\\/#breadcrumb\"},\"inLanguage\":\"it-IT\",\"potentialAction\":[{\"@type\":\"ReadAction\",\"target\":[\"https:\\\/\\\/www.organisator.ch\\\/management\\\/2022-03-11\\\/wild-kuepfer-gewinnt-prix-svc-ostschweiz-2022\\\/\"]}]},{\"@type\":\"ImageObject\",\"inLanguage\":\"it-IT\",\"@id\":\"https:\\\/\\\/www.organisator.ch\\\/management\\\/2022-03-11\\\/wild-kuepfer-gewinnt-prix-svc-ostschweiz-2022\\\/#primaryimage\",\"url\":\"https:\\\/\\\/www.organisator.ch\\\/wp-content\\\/uploads\\\/2022\\\/03\\\/Wild-Kuepfer-gewinnt-Prix-SVC-Ostschweiz-2022-1_Organisator.jpg\",\"contentUrl\":\"https:\\\/\\\/www.organisator.ch\\\/wp-content\\\/uploads\\\/2022\\\/03\\\/Wild-Kuepfer-gewinnt-Prix-SVC-Ostschweiz-2022-1_Organisator.jpg\",\"width\":680,\"height\":428,\"caption\":\"Tobias Wild von Wild & K\u00fcpfer AG mit der Siegertroph\u00e4e. (Bild: Thomas Berner)\"},{\"@type\":\"BreadcrumbList\",\"@id\":\"https:\\\/\\\/www.organisator.ch\\\/management\\\/2022-03-11\\\/wild-kuepfer-gewinnt-prix-svc-ostschweiz-2022\\\/#breadcrumb\",\"itemListElement\":[{\"@type\":\"ListItem\",\"position\":1,\"name\":\"Home\",\"item\":\"https:\\\/\\\/www.organisator.ch\\\/\"},{\"@type\":\"ListItem\",\"position\":2,\"name\":\"Wild &#038; K\u00fcpfer gewinnt Prix SVC Ostschweiz 2022\"}]},{\"@type\":\"WebSite\",\"@id\":\"https:\\\/\\\/www.organisator.ch\\\/#website\",\"url\":\"https:\\\/\\\/www.organisator.ch\\\/\",\"name\":\"Organisator\",\"description\":\"Kompetent. Praxisnah. Der ORGANISATOR bereitet in 10 Ausgaben pro Jahr die wesentlichen Themen f\u00fcr F\u00fchrungskr\u00e4fte von KMU auf.\",\"publisher\":{\"@id\":\"https:\\\/\\\/www.organisator.ch\\\/#organization\"},\"potentialAction\":[{\"@type\":\"SearchAction\",\"target\":{\"@type\":\"EntryPoint\",\"urlTemplate\":\"https:\\\/\\\/www.organisator.ch\\\/?s={search_term_string}\"},\"query-input\":{\"@type\":\"PropertyValueSpecification\",\"valueRequired\":true,\"valueName\":\"search_term_string\"}}],\"inLanguage\":\"it-IT\"},{\"@type\":\"Organization\",\"@id\":\"https:\\\/\\\/www.organisator.ch\\\/#organization\",\"name\":\"Organisator\",\"url\":\"https:\\\/\\\/www.organisator.ch\\\/\",\"logo\":{\"@type\":\"ImageObject\",\"inLanguage\":\"it-IT\",\"@id\":\"https:\\\/\\\/www.organisator.ch\\\/#\\\/schema\\\/logo\\\/image\\\/\",\"url\":\"https:\\\/\\\/www.organisator.ch\\\/wp-content\\\/uploads\\\/2022\\\/01\\\/Logo_Organisator_Website.png\",\"contentUrl\":\"https:\\\/\\\/www.organisator.ch\\\/wp-content\\\/uploads\\\/2022\\\/01\\\/Logo_Organisator_Website.png\",\"width\":800,\"height\":77,\"caption\":\"Organisator\"},\"image\":{\"@id\":\"https:\\\/\\\/www.organisator.ch\\\/#\\\/schema\\\/logo\\\/image\\\/\"},\"sameAs\":[\"https:\\\/\\\/www.facebook.com\\\/OrganisatorFachmagazin\",\"https:\\\/\\\/www.linkedin.com\\\/showcase\\\/organisator-das-magazin-fr-kmu\",\"https:\\\/\\\/www.xing.com\\\/news\\\/pages\\\/organisator-ch-695\",\"https:\\\/\\\/www.youtube.com\\\/channel\\\/UCGP2Sq0iWaZwT3BdIAQFYpw\"]},{\"@type\":\"Person\",\"@id\":\"https:\\\/\\\/www.organisator.ch\\\/#\\\/schema\\\/person\\\/6f650f90b2842cd4c0cc334b4e36f67e\",\"name\":\"thomas.berner\",\"image\":{\"@type\":\"ImageObject\",\"inLanguage\":\"it-IT\",\"@id\":\"https:\\\/\\\/secure.gravatar.com\\\/avatar\\\/ac5001d2a36cb6c6cd3e50789007ffca834b477b74a2144564522e944eabff61?s=96&d=mm&r=g\",\"url\":\"https:\\\/\\\/secure.gravatar.com\\\/avatar\\\/ac5001d2a36cb6c6cd3e50789007ffca834b477b74a2144564522e944eabff61?s=96&d=mm&r=g\",\"contentUrl\":\"https:\\\/\\\/secure.gravatar.com\\\/avatar\\\/ac5001d2a36cb6c6cd3e50789007ffca834b477b74a2144564522e944eabff61?s=96&d=mm&r=g\",\"caption\":\"thomas.berner\"},\"url\":\"https:\\\/\\\/www.organisator.ch\\\/it\\\/author\\\/thomas-berner\\\/\"}]}<\/script>\n<!-- \/ Yoast SEO plugin. -->","yoast_head_json":{"title":"Wild &amp; K\u00fcpfer vince il Prix SVC Ostschweiz 2022 - Organizzatore","description":"Wild &amp; K\u00fcpfer AG vince il Prix SVC Ostschweiz 2022, con Mosmatic AG e Appenzeller Alpenbitter AG al secondo e terzo posto.","robots":{"index":"index","follow":"follow","max-snippet":"max-snippet:-1","max-image-preview":"max-image-preview:large","max-video-preview":"max-video-preview:-1"},"canonical":"https:\/\/www.organisator.ch\/it\/gestione-2\/2022-03-11\/wild-kuepfer-gewinnt-prix-svc-ostschweiz-2022\/","og_locale":"it_IT","og_type":"article","og_title":"Wild & K\u00fcpfer gewinnt Prix SVC Ostschweiz 2022","og_description":"Die Wild & K\u00fcpfer AG gewinnt den Prix SVC Ostschweiz 2022. Die Pl\u00e4tze zwei und drei belegen Mosmatic AG und Appenzeller Alpenbitter AG.","og_url":"https:\/\/www.organisator.ch\/it\/gestione-2\/2022-03-11\/wild-kuepfer-gewinnt-prix-svc-ostschweiz-2022\/","og_site_name":"Organisator","article_publisher":"https:\/\/www.facebook.com\/OrganisatorFachmagazin","article_published_time":"2022-03-11T08:37:27+00:00","article_modified_time":"2022-03-17T08:27:33+00:00","og_image":[{"width":680,"height":428,"url":"https:\/\/www.organisator.ch\/wp-content\/uploads\/2022\/03\/Wild-Kuepfer-gewinnt-Prix-SVC-Ostschweiz-2022-1_Organisator.jpg","type":"image\/jpeg"}],"author":"thomas.berner","twitter_card":"summary_large_image","twitter_title":"#Wild & #K\u00fcpfer gewinnt Prix #SVC Ostschweiz 2022","twitter_description":"Die #Wild&K\u00fcpfer AG gewinnt den Prix #SVC Ostschweiz 2022. Die Pl\u00e4tze zwei und drei belegen #Mosmatic AG und Appenzeller #Alpenbitter AG.","twitter_image":"https:\/\/www.organisator.ch\/wp-content\/uploads\/2022\/03\/Wild-Kuepfer-gewinnt-Prix-SVC-Ostschweiz-2022-1_Organisator.jpg","schema":{"@context":"https:\/\/schema.org","@graph":[{"@type":"Article","@id":"https:\/\/www.organisator.ch\/management\/2022-03-11\/wild-kuepfer-gewinnt-prix-svc-ostschweiz-2022\/#article","isPartOf":{"@id":"https:\/\/www.organisator.ch\/management\/2022-03-11\/wild-kuepfer-gewinnt-prix-svc-ostschweiz-2022\/"},"author":{"name":"thomas.berner","@id":"https:\/\/www.organisator.ch\/#\/schema\/person\/6f650f90b2842cd4c0cc334b4e36f67e"},"headline":"Wild &#038; K\u00fcpfer gewinnt Prix SVC Ostschweiz 2022","datePublished":"2022-03-11T08:37:27+00:00","dateModified":"2022-03-17T08:27:33+00:00","mainEntityOfPage":{"@id":"https:\/\/www.organisator.ch\/management\/2022-03-11\/wild-kuepfer-gewinnt-prix-svc-ostschweiz-2022\/"},"wordCount":612,"publisher":{"@id":"https:\/\/www.organisator.ch\/#organization"},"image":{"@id":"https:\/\/www.organisator.ch\/management\/2022-03-11\/wild-kuepfer-gewinnt-prix-svc-ostschweiz-2022\/#primaryimage"},"thumbnailUrl":"https:\/\/www.organisator.ch\/wp-content\/uploads\/2022\/03\/Wild-Kuepfer-gewinnt-Prix-SVC-Ostschweiz-2022-1_Organisator.jpg","keywords":["Awards","Management und Unternehmensf\u00fchrung","Prix SVC","Unternehmen"],"articleSection":["MANAGEMENT"],"inLanguage":"it-IT"},{"@type":"WebPage","@id":"https:\/\/www.organisator.ch\/management\/2022-03-11\/wild-kuepfer-gewinnt-prix-svc-ostschweiz-2022\/","url":"https:\/\/www.organisator.ch\/management\/2022-03-11\/wild-kuepfer-gewinnt-prix-svc-ostschweiz-2022\/","name":"Wild &amp; K\u00fcpfer vince il Prix SVC Ostschweiz 2022 - Organizzatore","isPartOf":{"@id":"https:\/\/www.organisator.ch\/#website"},"primaryImageOfPage":{"@id":"https:\/\/www.organisator.ch\/management\/2022-03-11\/wild-kuepfer-gewinnt-prix-svc-ostschweiz-2022\/#primaryimage"},"image":{"@id":"https:\/\/www.organisator.ch\/management\/2022-03-11\/wild-kuepfer-gewinnt-prix-svc-ostschweiz-2022\/#primaryimage"},"thumbnailUrl":"https:\/\/www.organisator.ch\/wp-content\/uploads\/2022\/03\/Wild-Kuepfer-gewinnt-Prix-SVC-Ostschweiz-2022-1_Organisator.jpg","datePublished":"2022-03-11T08:37:27+00:00","dateModified":"2022-03-17T08:27:33+00:00","description":"Wild &amp; K\u00fcpfer AG vince il Prix SVC Ostschweiz 2022, con Mosmatic AG e Appenzeller Alpenbitter AG al secondo e terzo posto.","breadcrumb":{"@id":"https:\/\/www.organisator.ch\/management\/2022-03-11\/wild-kuepfer-gewinnt-prix-svc-ostschweiz-2022\/#breadcrumb"},"inLanguage":"it-IT","potentialAction":[{"@type":"ReadAction","target":["https:\/\/www.organisator.ch\/management\/2022-03-11\/wild-kuepfer-gewinnt-prix-svc-ostschweiz-2022\/"]}]},{"@type":"ImageObject","inLanguage":"it-IT","@id":"https:\/\/www.organisator.ch\/management\/2022-03-11\/wild-kuepfer-gewinnt-prix-svc-ostschweiz-2022\/#primaryimage","url":"https:\/\/www.organisator.ch\/wp-content\/uploads\/2022\/03\/Wild-Kuepfer-gewinnt-Prix-SVC-Ostschweiz-2022-1_Organisator.jpg","contentUrl":"https:\/\/www.organisator.ch\/wp-content\/uploads\/2022\/03\/Wild-Kuepfer-gewinnt-Prix-SVC-Ostschweiz-2022-1_Organisator.jpg","width":680,"height":428,"caption":"Tobias Wild von Wild & K\u00fcpfer AG mit der Siegertroph\u00e4e. (Bild: Thomas Berner)"},{"@type":"BreadcrumbList","@id":"https:\/\/www.organisator.ch\/management\/2022-03-11\/wild-kuepfer-gewinnt-prix-svc-ostschweiz-2022\/#breadcrumb","itemListElement":[{"@type":"ListItem","position":1,"name":"Home","item":"https:\/\/www.organisator.ch\/"},{"@type":"ListItem","position":2,"name":"Wild &#038; K\u00fcpfer gewinnt Prix SVC Ostschweiz 2022"}]},{"@type":"WebSite","@id":"https:\/\/www.organisator.ch\/#website","url":"https:\/\/www.organisator.ch\/","name":"Organizzatore","description":"Competente. Pratico. In 10 numeri all'anno, ORGANISATOR presenta i temi essenziali per i manager delle PMI.","publisher":{"@id":"https:\/\/www.organisator.ch\/#organization"},"potentialAction":[{"@type":"SearchAction","target":{"@type":"EntryPoint","urlTemplate":"https:\/\/www.organisator.ch\/?s={search_term_string}"},"query-input":{"@type":"PropertyValueSpecification","valueRequired":true,"valueName":"search_term_string"}}],"inLanguage":"it-IT"},{"@type":"Organization","@id":"https:\/\/www.organisator.ch\/#organization","name":"Organizzatore","url":"https:\/\/www.organisator.ch\/","logo":{"@type":"ImageObject","inLanguage":"it-IT","@id":"https:\/\/www.organisator.ch\/#\/schema\/logo\/image\/","url":"https:\/\/www.organisator.ch\/wp-content\/uploads\/2022\/01\/Logo_Organisator_Website.png","contentUrl":"https:\/\/www.organisator.ch\/wp-content\/uploads\/2022\/01\/Logo_Organisator_Website.png","width":800,"height":77,"caption":"Organisator"},"image":{"@id":"https:\/\/www.organisator.ch\/#\/schema\/logo\/image\/"},"sameAs":["https:\/\/www.facebook.com\/OrganisatorFachmagazin","https:\/\/www.linkedin.com\/showcase\/organisator-das-magazin-fr-kmu","https:\/\/www.xing.com\/news\/pages\/organisator-ch-695","https:\/\/www.youtube.com\/channel\/UCGP2Sq0iWaZwT3BdIAQFYpw"]},{"@type":"Person","@id":"https:\/\/www.organisator.ch\/#\/schema\/person\/6f650f90b2842cd4c0cc334b4e36f67e","name":"Tommaso.berner","image":{"@type":"ImageObject","inLanguage":"it-IT","@id":"https:\/\/secure.gravatar.com\/avatar\/ac5001d2a36cb6c6cd3e50789007ffca834b477b74a2144564522e944eabff61?s=96&d=mm&r=g","url":"https:\/\/secure.gravatar.com\/avatar\/ac5001d2a36cb6c6cd3e50789007ffca834b477b74a2144564522e944eabff61?s=96&d=mm&r=g","contentUrl":"https:\/\/secure.gravatar.com\/avatar\/ac5001d2a36cb6c6cd3e50789007ffca834b477b74a2144564522e944eabff61?s=96&d=mm&r=g","caption":"thomas.berner"},"url":"https:\/\/www.organisator.ch\/it\/author\/thomas-berner\/"}]}},"_links":{"self":[{"href":"https:\/\/www.organisator.ch\/it\/wp-json\/wp\/v2\/posts\/12099","targetHints":{"allow":["GET"]}}],"collection":[{"href":"https:\/\/www.organisator.ch\/it\/wp-json\/wp\/v2\/posts"}],"about":[{"href":"https:\/\/www.organisator.ch\/it\/wp-json\/wp\/v2\/types\/post"}],"author":[{"embeddable":true,"href":"https:\/\/www.organisator.ch\/it\/wp-json\/wp\/v2\/users\/4"}],"replies":[{"embeddable":true,"href":"https:\/\/www.organisator.ch\/it\/wp-json\/wp\/v2\/comments?post=12099"}],"version-history":[{"count":1,"href":"https:\/\/www.organisator.ch\/it\/wp-json\/wp\/v2\/posts\/12099\/revisions"}],"predecessor-version":[{"id":12102,"href":"https:\/\/www.organisator.ch\/it\/wp-json\/wp\/v2\/posts\/12099\/revisions\/12102"}],"wp:featuredmedia":[{"embeddable":true,"href":"https:\/\/www.organisator.ch\/it\/wp-json\/wp\/v2\/media\/12100"}],"wp:attachment":[{"href":"https:\/\/www.organisator.ch\/it\/wp-json\/wp\/v2\/media?parent=12099"}],"wp:term":[{"taxonomy":"category","embeddable":true,"href":"https:\/\/www.organisator.ch\/it\/wp-json\/wp\/v2\/categories?post=12099"},{"taxonomy":"post_tag","embeddable":true,"href":"https:\/\/www.organisator.ch\/it\/wp-json\/wp\/v2\/tags?post=12099"}],"curies":[{"name":"wp","href":"https:\/\/api.w.org\/{rel}","templated":true}]}}