{"id":12110,"date":"2022-03-13T23:50:42","date_gmt":"2022-03-13T22:50:42","guid":{"rendered":"https:\/\/www.werbewoche.ch\/?p=167040"},"modified":"2022-08-01T13:59:00","modified_gmt":"2022-08-01T11:59:00","slug":"das-metaverse-kann-sich-zu-einem-gigantischen-marketingkanal-entwickeln","status":"publish","type":"post","link":"https:\/\/www.organisator.ch\/it\/marketing\/2022-03-13\/das-metaverse-kann-sich-zu-einem-gigantischen-marketingkanal-entwickeln\/","title":{"rendered":"\"Il metaverso pu\u00f2 svilupparsi in un gigantesco canale di marketing\""},"content":{"rendered":"<strong><em><img class=\"aligncenter wp-image-167047 size-full\" src=\"https:\/\/www.werbewoche.ch\/wp-content\/uploads\/2022\/03\/tobi-muellhaupt-nft-mw.jpg\" alt=\"Metaverso\" width=\"1200\" height=\"675\" \/>m&amp;k Werbewoche.ch : <\/em><\/strong><strong>Tobias M\u00fcllhaupt, per<\/strong><strong>Per molte persone, il metaverso e tutto ci\u00f2 che lo accompagna sono<\/strong><strong>\u00f6<\/strong><strong>rt, n\u00e9 <\/strong><strong>\"<\/strong><strong>Nuovo territorio<\/strong><strong>\"<\/strong><strong>. Tuttavia, avete gi\u00e0 scritto un<\/strong><strong>\u00e4<\/strong><strong>Il modello \u00e8 stato sviluppato. Cosa, in termini semplici<\/strong><strong>\u00e4<\/strong><strong>rt, la vostra agenzia <\/strong><strong>\"<\/strong><strong>Signorina Wolf<\/strong><strong>\"<\/strong><strong>?<\/strong>\r\n\r\n<strong>Tobias M\u00fcllhaupt: <\/strong>Con Miss Wolf, produciamo tutti i mezzi pubblicitari che possono essere visualizzati su uno schermo digitale: che siano annunci sociali, sofisticati annunci HTML5, DOOH o complessi feed dinamici. Con l'avvento del Metaverso, \u00e8 naturale che ora abbiamo ampliato il portafoglio di cui sopra. Abbiamo recentemente iniziato a offrire produzioni per piattaforme Metaverse, NFT e anche produzioni AR. I marchi o le agenzie vengono da noi che hanno gi\u00e0 un'idea matura di come e dove vogliono essere presenti nel Metaverso. Poi ci occupiamo del lavoro di produzione.\r\n\r\n<strong>\u00a0<\/strong>\r\n\r\n<strong>Se ancora <\/strong><strong>\u00fc<\/strong><strong>non ha la minima idea di cosa sia il metaverso. <\/strong><strong>\u00e8: <\/strong><strong>Puoi farci un corso intensivo?<\/strong>\r\n\r\nL'idea di base del metaverso non \u00e8 complicata. In poche parole, il metaverso comprende qualsiasi esperienza digitale che sia tridimensionale, immersiva, permanente e virtuale - cio\u00e8, che non ha luogo nel mondo fisico. Ci sono due termini del metaverso in particolare che devono essere distinti: La realt\u00e0 virtuale si riferisce a un mondo digitale 3D completamente nuovo che sostituisce la realt\u00e0; nella realt\u00e0 aumentata, il contenuto digitale viene aggiunto all'ambiente naturale.\r\n\r\n<strong>\u00a0<\/strong>\r\n\r\n<strong>Perch\u00e9 le aziende in Svizzera dovrebbero gi\u00e0 essere<\/strong><strong>\u00fc<\/strong><strong>siete interessati a ci\u00f2 che accade nel metaverso?<\/strong>\r\n\r\nOggi non siamo pi\u00f9 in uno sviluppo lineare ma esponenziale delle tecnologie. Questo significa che pu\u00f2 accadere in modo inimmaginabilmente rapido che le nuove tecnologie vengano accettate dalle masse e che lo sviluppo del metaverso sia cos\u00ec massicciamente accelerato. Come azienda in Svizzera, inizierei quindi gi\u00e0 a pensare strategicamente a come utilizzare le tecnologie metaverse attuali o future. Emergeranno modelli di business moderni e scalabili. Vedo i \"growth hacker\" e i pionieri del marketing digitale come responsabili di lanciare e guidare l'ingresso nel metaverso all'interno di un'azienda.\r\n\r\n<strong><em> <img class=\"aligncenter wp-image-167045 size-full\" src=\"https:\/\/www.werbewoche.ch\/wp-content\/uploads\/2022\/03\/Baloon-MW-1.png\" alt=\"Metaverso\" width=\"1080\" height=\"1080\" \/><\/em><\/strong>\r\n\r\n<strong>Un altro termine che viene sempre usato h<\/strong><strong>\u00e4<\/strong><strong>Quello che si legge pi\u00f9 spesso \u00e8 quello di <\/strong><strong>\"<\/strong><strong>NFT<\/strong><strong>\"<\/strong><strong>. Immagini digitali di scimmie dall'aspetto annoiato vengono usate dalle pop star per<\/strong><strong>\u00fc<\/strong><strong>L'asta era per somme orribili.<\/strong><strong>\u00fc<\/strong><strong>nstler Wolfgang Beltracchi lancia una collezione DaVinci sulla Blockchain. Ancora una volta f<\/strong><strong>\u00fc<\/strong><strong>Per i profani come me, cos'\u00e8 un NFT?<\/strong>\r\n\r\nI token non fungibili sono token non scambiabili, basati su blockchain, che possono essere utilizzati per mappare digitalmente la propriet\u00e0. Il bello \u00e8 che grazie alla trasparenza della tecnologia blockchain, tutti possono controllare se qualcuno ha effettivamente i diritti su un bene digitale o no. Una foto digitale o un pezzo di musica possono essere copiati e scaricati migliaia di volte. Tuttavia, c'\u00e8 solo un token che rappresenta l'originale e la blockchain pu\u00f2 essere usata per mostrare se qualcuno \u00e8 in possesso di questo token o no. Questo \u00e8 regolato dai cosiddetti contratti intelligenti. Si tratta di \"contratti digitali\" che possono anche essere visualizzati in modo trasparente. Trovo eccitante che con le transazioni NFT, i creatori siano ricompensati per ogni transazione. Per esempio, un creatore pu\u00f2 programmare le royalties nel suo NFT. Ogni volta che il token cambia di propriet\u00e0, una parte del valore di rivendita viene restituita al creatore originale o a qualsiasi persona o organizzazione.\r\n\r\n<strong>\u00a0<\/strong>\r\n\r\n<strong>Anche qui, la domanda \u00e8: quale applicazione<\/strong><strong>\u00f6<\/strong><strong>Ci sono molte possibilit\u00e0 per<\/strong><strong>\u00fc<\/strong><strong>Per le aziende?<\/strong>\r\n\r\nCi sono gi\u00e0 interessanti possibilit\u00e0 per le aziende di essere coinvolte: Il modo pi\u00f9 \"semplice\" \u00e8 quello di lanciare la propria collezione di NFT con arte, trading cards... o di comprare terreni virtuali. Se vuoi iniziare in modo pi\u00f9 complesso, puoi creare esperienze virtuali di marca su piattaforme come Roblox e Decentraland. Qui, l'attenzione \u00e8 sulla consapevolezza e l'impegno del marchio per ora. Grandi esempi sono Vans World e Alo Sanctuary. In alternativa, come semplice utente finale, si pu\u00f2 ottenere l'Oculus Quest 2 e fare i primi passi nel metaverso.\r\n\r\n<strong><em> <img class=\"aligncenter wp-image-167044 size-full\" src=\"https:\/\/www.werbewoche.ch\/wp-content\/uploads\/2022\/03\/NFT-Production-1.png\" alt=\"Metaverso\" width=\"1080\" height=\"1080\" \/><\/em><\/strong>\r\n\r\n<strong>Parliamo <\/strong><strong>\u00fc<\/strong><strong>Quali sono le tue visioni del Metaverso per il prossimo futuro, cosa m<\/strong><strong>\u00f6<\/strong><strong>essere possibile?<\/strong>\r\n\r\nIl primo estremo \u00e8: tutto crolla e l'idea fondamentale, la visione decentrata, non prevale. L'altro estremo \u00e8: tutta la vita si svolge solo nel metaverso e il \"me virtuale\" a un certo punto ha pi\u00f9 valore del mio \"me reale\". Come sappiamo, la soluzione si trover\u00e0 da qualche parte nel mezzo di questi due estremi. \u00c8 fondamentale che prima vengano superati gli ostacoli fondamentali: La tecnologia deve essere presente: servono occhiali VR che non diano le vertigini se indossati a lungo. Le grandi aziende tecnologiche stanno attualmente lavorando a soluzioni di questo tipo. Occorre inoltre sviluppare modelli di business redditizi per le aziende.\r\n\r\n<strong><em>\u00a0<\/em><\/strong>\r\n\r\n<strong>E come k<\/strong><strong>\u00f6<\/strong><strong>I marchi possono usare questi sviluppi per creare nuovi flussi di entrate.<\/strong><strong>\u00f6<\/strong><strong>me e generare lead?<\/strong>\r\n\r\nIl metaverso ha il potenziale per essere un'economia pienamente funzionante. Gli individui e le imprese saranno in grado di creare, possedere, investire, vendere ed essere compensati per varie \"opere\". Il metaverso pu\u00f2 diventare un gigantesco canale di marketing per le imprese.\r\n\r\n<hr \/>\r\n\r\n<strong><em>* Tobias M\u00fcllhaupt<\/em><\/strong><em> (nella foto sotto come Digital Avatar) \u00e8 fondatore e amministratore delegato dell'agenzia di produzione digitale <a href=\"https:\/\/www.misswolf.ai\/\">Signorina Wolf<\/a> a Zurigo. Il 29enne ha precedentemente lavorato come responsabile dei social media per Globus, tra gli altri. L'azienda <\/em><em>produce <\/em><em>s\u00e4<\/em><em>Tutti i mezzi pubblicitari che possono essere visualizzati su uno schermo digitale possono essere<\/em><em>\u00f6<\/em><em>e recentemente ha iniziato a offrire produzioni per il<\/em><em>\u00fc<\/em><em>r Metaverso<\/em><em>-piattaforme, NFT e produzioni AR.<img class=\"aligncenter wp-image-167041 size-full\" src=\"https:\/\/www.werbewoche.ch\/wp-content\/uploads\/2022\/03\/Digital-Avatar-Tobias.png\" alt=\"Metaverso\" width=\"1200\" height=\"1200\" \/><\/em>","protected":false},"excerpt":{"rendered":"<p>m&amp;k Werbewoche.ch\u00a0: Tobias M\u00fcllhaupt, f\u00fcr viele Menschen sind das Metaverse und alles, was dazugeh\u00f6rt, noch \u00abNeuland\u00bb. Sie haben dazu aber bereits ein Gesch\u00e4ftsmodell entwickelt. Was, in einfachen Worten erkl\u00e4rt, tut Ihre Agentur \u00abMiss Wolf\u00bb? Tobias M\u00fcllhaupt: Mit Miss Wolf produzieren wir s\u00e4mtliche Werbemittel, die auf einem digitalen Screen abgebildet werden k\u00f6nnen: egal, ob Social Ads, [\u2026]<\/p>\n","protected":false},"author":8,"featured_media":0,"comment_status":"closed","ping_status":"closed","sticky":false,"template":"","format":"standard","meta":{"_acf_changed":false,"_yoast_wpseo_focuskw":"Metaverse","_yoast_wpseo_metadesc":"Wieder einmal steht die digitale Welt an einem Scheideweg: Das so genannte Metaverse, virtuelle Realit\u00e4t und NFTs sind enorm hoch im Kurs.","articlekey":"","footnotes":""},"categories":[29],"tags":[2796,2741],"class_list":["post-12110","post","type-post","status-publish","format-standard","hentry","category-marketing","tag-metaverse","tag-miss-wolf"],"acf":[],"yoast_head":"<!-- This site is optimized with the Yoast SEO plugin v27.5 - https:\/\/yoast.com\/product\/yoast-seo-wordpress\/ -->\n<title>\u00abDas Metaverse kann sich zu einem gigantischen Marketingkanal entwickeln\u00bb - Organisator<\/title>\n<meta name=\"description\" content=\"Wieder einmal steht die digitale Welt an einem Scheideweg: Das so genannte Metaverse, virtuelle Realit\u00e4t und NFTs sind enorm hoch im Kurs.\" \/>\n<meta name=\"robots\" content=\"index, follow, max-snippet:-1, max-image-preview:large, max-video-preview:-1\" \/>\n<link rel=\"canonical\" href=\"https:\/\/www.werbewoche.ch\/de\/marketing\/2022-03-13\/das-metaverse-kann-sich-zu-einem-gigantischen-marketingkanal-entwickeln\/\" \/>\n<meta property=\"og:locale\" content=\"it_IT\" \/>\n<meta property=\"og:type\" content=\"article\" \/>\n<meta property=\"og:title\" content=\"\u00abDas Metaverse kann sich zu einem gigantischen Marketingkanal entwickeln\u00bb - Organisator\" \/>\n<meta property=\"og:description\" content=\"Wieder einmal steht die digitale Welt an einem Scheideweg: Das so genannte Metaverse, virtuelle Realit\u00e4t und NFTs sind enorm hoch im Kurs.\" \/>\n<meta property=\"og:url\" content=\"https:\/\/www.werbewoche.ch\/de\/marketing\/2022-03-13\/das-metaverse-kann-sich-zu-einem-gigantischen-marketingkanal-entwickeln\/\" \/>\n<meta property=\"og:site_name\" content=\"Organisator\" \/>\n<meta property=\"article:publisher\" content=\"https:\/\/www.facebook.com\/OrganisatorFachmagazin\" \/>\n<meta property=\"article:published_time\" content=\"2022-03-13T22:50:42+00:00\" \/>\n<meta property=\"article:modified_time\" content=\"2022-08-01T11:59:00+00:00\" \/>\n<meta property=\"og:image\" content=\"https:\/\/www.werbewoche.ch\/wp-content\/uploads\/2022\/03\/tobi-muellhaupt-nft-mw.jpg\" \/>\n<meta name=\"author\" content=\"galledia\" \/>\n<meta name=\"twitter:card\" content=\"summary_large_image\" \/>\n<meta name=\"twitter:creator\" content=\"@admin\" \/>\n<script type=\"application\/ld+json\" class=\"yoast-schema-graph\">{\"@context\":\"https:\\\/\\\/schema.org\",\"@graph\":[{\"@type\":\"Article\",\"@id\":\"https:\\\/\\\/www.werbewoche.ch\\\/de\\\/marketing\\\/2022-03-13\\\/das-metaverse-kann-sich-zu-einem-gigantischen-marketingkanal-entwickeln\\\/#article\",\"isPartOf\":{\"@id\":\"https:\\\/\\\/www.organisator.ch\\\/marketing\\\/2022-03-13\\\/das-metaverse-kann-sich-zu-einem-gigantischen-marketingkanal-entwickeln\\\/\"},\"author\":{\"name\":\"galledia\",\"@id\":\"https:\\\/\\\/www.organisator.ch\\\/#\\\/schema\\\/person\\\/4e51799071cd2dd1232ac003643ef5f0\"},\"headline\":\"\u00abDas Metaverse kann sich zu einem gigantischen Marketingkanal entwickeln\u00bb\",\"datePublished\":\"2022-03-13T22:50:42+00:00\",\"dateModified\":\"2022-08-01T11:59:00+00:00\",\"mainEntityOfPage\":{\"@id\":\"https:\\\/\\\/www.organisator.ch\\\/marketing\\\/2022-03-13\\\/das-metaverse-kann-sich-zu-einem-gigantischen-marketingkanal-entwickeln\\\/\"},\"wordCount\":902,\"publisher\":{\"@id\":\"https:\\\/\\\/www.organisator.ch\\\/#organization\"},\"image\":{\"@id\":\"https:\\\/\\\/www.werbewoche.ch\\\/de\\\/marketing\\\/2022-03-13\\\/das-metaverse-kann-sich-zu-einem-gigantischen-marketingkanal-entwickeln\\\/#primaryimage\"},\"thumbnailUrl\":\"https:\\\/\\\/www.werbewoche.ch\\\/wp-content\\\/uploads\\\/2022\\\/03\\\/tobi-muellhaupt-nft-mw.jpg\",\"keywords\":[\"Metaverse\",\"Miss Wolf\"],\"articleSection\":[\"MARKETING\"],\"inLanguage\":\"it-IT\"},{\"@type\":\"WebPage\",\"@id\":\"https:\\\/\\\/www.organisator.ch\\\/marketing\\\/2022-03-13\\\/das-metaverse-kann-sich-zu-einem-gigantischen-marketingkanal-entwickeln\\\/\",\"url\":\"https:\\\/\\\/www.werbewoche.ch\\\/de\\\/marketing\\\/2022-03-13\\\/das-metaverse-kann-sich-zu-einem-gigantischen-marketingkanal-entwickeln\\\/\",\"name\":\"\u00abDas Metaverse kann sich zu einem gigantischen Marketingkanal entwickeln\u00bb - Organisator\",\"isPartOf\":{\"@id\":\"https:\\\/\\\/www.organisator.ch\\\/#website\"},\"primaryImageOfPage\":{\"@id\":\"https:\\\/\\\/www.werbewoche.ch\\\/de\\\/marketing\\\/2022-03-13\\\/das-metaverse-kann-sich-zu-einem-gigantischen-marketingkanal-entwickeln\\\/#primaryimage\"},\"image\":{\"@id\":\"https:\\\/\\\/www.werbewoche.ch\\\/de\\\/marketing\\\/2022-03-13\\\/das-metaverse-kann-sich-zu-einem-gigantischen-marketingkanal-entwickeln\\\/#primaryimage\"},\"thumbnailUrl\":\"https:\\\/\\\/www.werbewoche.ch\\\/wp-content\\\/uploads\\\/2022\\\/03\\\/tobi-muellhaupt-nft-mw.jpg\",\"datePublished\":\"2022-03-13T22:50:42+00:00\",\"dateModified\":\"2022-08-01T11:59:00+00:00\",\"description\":\"Wieder einmal steht die digitale Welt an einem Scheideweg: Das so genannte Metaverse, virtuelle Realit\u00e4t und NFTs sind enorm hoch im Kurs.\",\"breadcrumb\":{\"@id\":\"https:\\\/\\\/www.werbewoche.ch\\\/de\\\/marketing\\\/2022-03-13\\\/das-metaverse-kann-sich-zu-einem-gigantischen-marketingkanal-entwickeln\\\/#breadcrumb\"},\"inLanguage\":\"it-IT\",\"potentialAction\":[{\"@type\":\"ReadAction\",\"target\":[\"https:\\\/\\\/www.werbewoche.ch\\\/de\\\/marketing\\\/2022-03-13\\\/das-metaverse-kann-sich-zu-einem-gigantischen-marketingkanal-entwickeln\\\/\"]}]},{\"@type\":\"ImageObject\",\"inLanguage\":\"it-IT\",\"@id\":\"https:\\\/\\\/www.werbewoche.ch\\\/de\\\/marketing\\\/2022-03-13\\\/das-metaverse-kann-sich-zu-einem-gigantischen-marketingkanal-entwickeln\\\/#primaryimage\",\"url\":\"https:\\\/\\\/www.werbewoche.ch\\\/wp-content\\\/uploads\\\/2022\\\/03\\\/tobi-muellhaupt-nft-mw.jpg\",\"contentUrl\":\"https:\\\/\\\/www.werbewoche.ch\\\/wp-content\\\/uploads\\\/2022\\\/03\\\/tobi-muellhaupt-nft-mw.jpg\"},{\"@type\":\"BreadcrumbList\",\"@id\":\"https:\\\/\\\/www.werbewoche.ch\\\/de\\\/marketing\\\/2022-03-13\\\/das-metaverse-kann-sich-zu-einem-gigantischen-marketingkanal-entwickeln\\\/#breadcrumb\",\"itemListElement\":[{\"@type\":\"ListItem\",\"position\":1,\"name\":\"Home\",\"item\":\"https:\\\/\\\/www.organisator.ch\\\/\"},{\"@type\":\"ListItem\",\"position\":2,\"name\":\"\u00abDas Metaverse kann sich zu einem gigantischen Marketingkanal entwickeln\u00bb\"}]},{\"@type\":\"WebSite\",\"@id\":\"https:\\\/\\\/www.organisator.ch\\\/#website\",\"url\":\"https:\\\/\\\/www.organisator.ch\\\/\",\"name\":\"Organisator\",\"description\":\"Kompetent. Praxisnah. Der ORGANISATOR bereitet in 10 Ausgaben pro Jahr die wesentlichen Themen f\u00fcr F\u00fchrungskr\u00e4fte von KMU auf.\",\"publisher\":{\"@id\":\"https:\\\/\\\/www.organisator.ch\\\/#organization\"},\"potentialAction\":[{\"@type\":\"SearchAction\",\"target\":{\"@type\":\"EntryPoint\",\"urlTemplate\":\"https:\\\/\\\/www.organisator.ch\\\/?s={search_term_string}\"},\"query-input\":{\"@type\":\"PropertyValueSpecification\",\"valueRequired\":true,\"valueName\":\"search_term_string\"}}],\"inLanguage\":\"it-IT\"},{\"@type\":\"Organization\",\"@id\":\"https:\\\/\\\/www.organisator.ch\\\/#organization\",\"name\":\"Organisator\",\"url\":\"https:\\\/\\\/www.organisator.ch\\\/\",\"logo\":{\"@type\":\"ImageObject\",\"inLanguage\":\"it-IT\",\"@id\":\"https:\\\/\\\/www.organisator.ch\\\/#\\\/schema\\\/logo\\\/image\\\/\",\"url\":\"https:\\\/\\\/www.organisator.ch\\\/wp-content\\\/uploads\\\/2022\\\/01\\\/Logo_Organisator_Website.png\",\"contentUrl\":\"https:\\\/\\\/www.organisator.ch\\\/wp-content\\\/uploads\\\/2022\\\/01\\\/Logo_Organisator_Website.png\",\"width\":800,\"height\":77,\"caption\":\"Organisator\"},\"image\":{\"@id\":\"https:\\\/\\\/www.organisator.ch\\\/#\\\/schema\\\/logo\\\/image\\\/\"},\"sameAs\":[\"https:\\\/\\\/www.facebook.com\\\/OrganisatorFachmagazin\",\"https:\\\/\\\/www.linkedin.com\\\/showcase\\\/organisator-das-magazin-fr-kmu\",\"https:\\\/\\\/www.xing.com\\\/news\\\/pages\\\/organisator-ch-695\",\"https:\\\/\\\/www.youtube.com\\\/channel\\\/UCGP2Sq0iWaZwT3BdIAQFYpw\"]},{\"@type\":\"Person\",\"@id\":\"https:\\\/\\\/www.organisator.ch\\\/#\\\/schema\\\/person\\\/4e51799071cd2dd1232ac003643ef5f0\",\"name\":\"galledia\",\"image\":{\"@type\":\"ImageObject\",\"inLanguage\":\"it-IT\",\"@id\":\"https:\\\/\\\/secure.gravatar.com\\\/avatar\\\/78a7f90c01fc2bfc875782a0d4922b37cde2cf184ce347b91316d23cd7f69a36?s=96&d=mm&r=g\",\"url\":\"https:\\\/\\\/secure.gravatar.com\\\/avatar\\\/78a7f90c01fc2bfc875782a0d4922b37cde2cf184ce347b91316d23cd7f69a36?s=96&d=mm&r=g\",\"contentUrl\":\"https:\\\/\\\/secure.gravatar.com\\\/avatar\\\/78a7f90c01fc2bfc875782a0d4922b37cde2cf184ce347b91316d23cd7f69a36?s=96&d=mm&r=g\",\"caption\":\"galledia\"},\"sameAs\":[\"https:\\\/\\\/x.com\\\/admin\"],\"url\":\"https:\\\/\\\/www.organisator.ch\\\/it\\\/author\\\/galledia\\\/\"}]}<\/script>\n<!-- \/ Yoast SEO plugin. -->","yoast_head_json":{"title":"\"Il Metaverso pu\u00f2 diventare un gigantesco canale di marketing\" - Organizzatore","description":"Ancora una volta, il mondo digitale si trova a un bivio: il cosiddetto metaverso, la realt\u00e0 virtuale e le NFT sono estremamente in voga.","robots":{"index":"index","follow":"follow","max-snippet":"max-snippet:-1","max-image-preview":"max-image-preview:large","max-video-preview":"max-video-preview:-1"},"canonical":"https:\/\/www.werbewoche.ch\/de\/marketing\/2022-03-13\/das-metaverse-kann-sich-zu-einem-gigantischen-marketingkanal-entwickeln\/","og_locale":"it_IT","og_type":"article","og_title":"\u00abDas Metaverse kann sich zu einem gigantischen Marketingkanal entwickeln\u00bb - Organisator","og_description":"Wieder einmal steht die digitale Welt an einem Scheideweg: Das so genannte Metaverse, virtuelle Realit\u00e4t und NFTs sind enorm hoch im Kurs.","og_url":"https:\/\/www.werbewoche.ch\/de\/marketing\/2022-03-13\/das-metaverse-kann-sich-zu-einem-gigantischen-marketingkanal-entwickeln\/","og_site_name":"Organisator","article_publisher":"https:\/\/www.facebook.com\/OrganisatorFachmagazin","article_published_time":"2022-03-13T22:50:42+00:00","article_modified_time":"2022-08-01T11:59:00+00:00","og_image":[{"url":"https:\/\/www.werbewoche.ch\/wp-content\/uploads\/2022\/03\/tobi-muellhaupt-nft-mw.jpg","type":"","width":"","height":""}],"author":"galledia","twitter_card":"summary_large_image","twitter_creator":"@admin","schema":{"@context":"https:\/\/schema.org","@graph":[{"@type":"Article","@id":"https:\/\/www.werbewoche.ch\/de\/marketing\/2022-03-13\/das-metaverse-kann-sich-zu-einem-gigantischen-marketingkanal-entwickeln\/#article","isPartOf":{"@id":"https:\/\/www.organisator.ch\/marketing\/2022-03-13\/das-metaverse-kann-sich-zu-einem-gigantischen-marketingkanal-entwickeln\/"},"author":{"name":"galledia","@id":"https:\/\/www.organisator.ch\/#\/schema\/person\/4e51799071cd2dd1232ac003643ef5f0"},"headline":"\u00abDas Metaverse kann sich zu einem gigantischen Marketingkanal entwickeln\u00bb","datePublished":"2022-03-13T22:50:42+00:00","dateModified":"2022-08-01T11:59:00+00:00","mainEntityOfPage":{"@id":"https:\/\/www.organisator.ch\/marketing\/2022-03-13\/das-metaverse-kann-sich-zu-einem-gigantischen-marketingkanal-entwickeln\/"},"wordCount":902,"publisher":{"@id":"https:\/\/www.organisator.ch\/#organization"},"image":{"@id":"https:\/\/www.werbewoche.ch\/de\/marketing\/2022-03-13\/das-metaverse-kann-sich-zu-einem-gigantischen-marketingkanal-entwickeln\/#primaryimage"},"thumbnailUrl":"https:\/\/www.werbewoche.ch\/wp-content\/uploads\/2022\/03\/tobi-muellhaupt-nft-mw.jpg","keywords":["Metaverse","Miss Wolf"],"articleSection":["MARKETING"],"inLanguage":"it-IT"},{"@type":"WebPage","@id":"https:\/\/www.organisator.ch\/marketing\/2022-03-13\/das-metaverse-kann-sich-zu-einem-gigantischen-marketingkanal-entwickeln\/","url":"https:\/\/www.werbewoche.ch\/de\/marketing\/2022-03-13\/das-metaverse-kann-sich-zu-einem-gigantischen-marketingkanal-entwickeln\/","name":"\"Il Metaverso pu\u00f2 diventare un gigantesco canale di marketing\" - Organizzatore","isPartOf":{"@id":"https:\/\/www.organisator.ch\/#website"},"primaryImageOfPage":{"@id":"https:\/\/www.werbewoche.ch\/de\/marketing\/2022-03-13\/das-metaverse-kann-sich-zu-einem-gigantischen-marketingkanal-entwickeln\/#primaryimage"},"image":{"@id":"https:\/\/www.werbewoche.ch\/de\/marketing\/2022-03-13\/das-metaverse-kann-sich-zu-einem-gigantischen-marketingkanal-entwickeln\/#primaryimage"},"thumbnailUrl":"https:\/\/www.werbewoche.ch\/wp-content\/uploads\/2022\/03\/tobi-muellhaupt-nft-mw.jpg","datePublished":"2022-03-13T22:50:42+00:00","dateModified":"2022-08-01T11:59:00+00:00","description":"Ancora una volta, il mondo digitale si trova a un bivio: il cosiddetto metaverso, la realt\u00e0 virtuale e le NFT sono estremamente in voga.","breadcrumb":{"@id":"https:\/\/www.werbewoche.ch\/de\/marketing\/2022-03-13\/das-metaverse-kann-sich-zu-einem-gigantischen-marketingkanal-entwickeln\/#breadcrumb"},"inLanguage":"it-IT","potentialAction":[{"@type":"ReadAction","target":["https:\/\/www.werbewoche.ch\/de\/marketing\/2022-03-13\/das-metaverse-kann-sich-zu-einem-gigantischen-marketingkanal-entwickeln\/"]}]},{"@type":"ImageObject","inLanguage":"it-IT","@id":"https:\/\/www.werbewoche.ch\/de\/marketing\/2022-03-13\/das-metaverse-kann-sich-zu-einem-gigantischen-marketingkanal-entwickeln\/#primaryimage","url":"https:\/\/www.werbewoche.ch\/wp-content\/uploads\/2022\/03\/tobi-muellhaupt-nft-mw.jpg","contentUrl":"https:\/\/www.werbewoche.ch\/wp-content\/uploads\/2022\/03\/tobi-muellhaupt-nft-mw.jpg"},{"@type":"BreadcrumbList","@id":"https:\/\/www.werbewoche.ch\/de\/marketing\/2022-03-13\/das-metaverse-kann-sich-zu-einem-gigantischen-marketingkanal-entwickeln\/#breadcrumb","itemListElement":[{"@type":"ListItem","position":1,"name":"Home","item":"https:\/\/www.organisator.ch\/"},{"@type":"ListItem","position":2,"name":"\u00abDas Metaverse kann sich zu einem gigantischen Marketingkanal entwickeln\u00bb"}]},{"@type":"WebSite","@id":"https:\/\/www.organisator.ch\/#website","url":"https:\/\/www.organisator.ch\/","name":"Organizzatore","description":"Competente. Pratico. In 10 numeri all'anno, ORGANISATOR presenta i temi essenziali per i manager delle PMI.","publisher":{"@id":"https:\/\/www.organisator.ch\/#organization"},"potentialAction":[{"@type":"SearchAction","target":{"@type":"EntryPoint","urlTemplate":"https:\/\/www.organisator.ch\/?s={search_term_string}"},"query-input":{"@type":"PropertyValueSpecification","valueRequired":true,"valueName":"search_term_string"}}],"inLanguage":"it-IT"},{"@type":"Organization","@id":"https:\/\/www.organisator.ch\/#organization","name":"Organizzatore","url":"https:\/\/www.organisator.ch\/","logo":{"@type":"ImageObject","inLanguage":"it-IT","@id":"https:\/\/www.organisator.ch\/#\/schema\/logo\/image\/","url":"https:\/\/www.organisator.ch\/wp-content\/uploads\/2022\/01\/Logo_Organisator_Website.png","contentUrl":"https:\/\/www.organisator.ch\/wp-content\/uploads\/2022\/01\/Logo_Organisator_Website.png","width":800,"height":77,"caption":"Organisator"},"image":{"@id":"https:\/\/www.organisator.ch\/#\/schema\/logo\/image\/"},"sameAs":["https:\/\/www.facebook.com\/OrganisatorFachmagazin","https:\/\/www.linkedin.com\/showcase\/organisator-das-magazin-fr-kmu","https:\/\/www.xing.com\/news\/pages\/organisator-ch-695","https:\/\/www.youtube.com\/channel\/UCGP2Sq0iWaZwT3BdIAQFYpw"]},{"@type":"Person","@id":"https:\/\/www.organisator.ch\/#\/schema\/person\/4e51799071cd2dd1232ac003643ef5f0","name":"galledia","image":{"@type":"ImageObject","inLanguage":"it-IT","@id":"https:\/\/secure.gravatar.com\/avatar\/78a7f90c01fc2bfc875782a0d4922b37cde2cf184ce347b91316d23cd7f69a36?s=96&d=mm&r=g","url":"https:\/\/secure.gravatar.com\/avatar\/78a7f90c01fc2bfc875782a0d4922b37cde2cf184ce347b91316d23cd7f69a36?s=96&d=mm&r=g","contentUrl":"https:\/\/secure.gravatar.com\/avatar\/78a7f90c01fc2bfc875782a0d4922b37cde2cf184ce347b91316d23cd7f69a36?s=96&d=mm&r=g","caption":"galledia"},"sameAs":["https:\/\/x.com\/admin"],"url":"https:\/\/www.organisator.ch\/it\/author\/galledia\/"}]}},"_links":{"self":[{"href":"https:\/\/www.organisator.ch\/it\/wp-json\/wp\/v2\/posts\/12110","targetHints":{"allow":["GET"]}}],"collection":[{"href":"https:\/\/www.organisator.ch\/it\/wp-json\/wp\/v2\/posts"}],"about":[{"href":"https:\/\/www.organisator.ch\/it\/wp-json\/wp\/v2\/types\/post"}],"author":[{"embeddable":true,"href":"https:\/\/www.organisator.ch\/it\/wp-json\/wp\/v2\/users\/8"}],"replies":[{"embeddable":true,"href":"https:\/\/www.organisator.ch\/it\/wp-json\/wp\/v2\/comments?post=12110"}],"version-history":[{"count":3,"href":"https:\/\/www.organisator.ch\/it\/wp-json\/wp\/v2\/posts\/12110\/revisions"}],"predecessor-version":[{"id":16053,"href":"https:\/\/www.organisator.ch\/it\/wp-json\/wp\/v2\/posts\/12110\/revisions\/16053"}],"wp:attachment":[{"href":"https:\/\/www.organisator.ch\/it\/wp-json\/wp\/v2\/media?parent=12110"}],"wp:term":[{"taxonomy":"category","embeddable":true,"href":"https:\/\/www.organisator.ch\/it\/wp-json\/wp\/v2\/categories?post=12110"},{"taxonomy":"post_tag","embeddable":true,"href":"https:\/\/www.organisator.ch\/it\/wp-json\/wp\/v2\/tags?post=12110"}],"curies":[{"name":"wp","href":"https:\/\/api.w.org\/{rel}","templated":true}]}}