{"id":12127,"date":"2022-03-15T09:05:16","date_gmt":"2022-03-15T08:05:16","guid":{"rendered":"https:\/\/www.m-q.ch\/?p=16065"},"modified":"2022-08-02T15:52:42","modified_gmt":"2022-08-02T13:52:42","slug":"cloud-technologie-und-schweizer-hersteller-ueber-effizienz-und-viel-mehr","status":"publish","type":"post","link":"https:\/\/www.organisator.ch\/it\/operational-excellence\/2022-03-15\/cloud-technologie-und-schweizer-hersteller-ueber-effizienz-und-viel-mehr\/","title":{"rendered":"La tecnologia cloud e i produttori svizzeri: sull'efficienza e molto di pi\u00f9"},"content":{"rendered":"<figure id=\"attachment_16066\" class=\"wp-caption alignnone\" style=\"width: 680px\" aria-describedby=\"caption-attachment-16066\"><img class=\"alignnone wp-image-16066 size-full\" src=\"https:\/\/www.m-q.ch\/wp-content\/uploads\/2022\/03\/Cloud-Technologie-und-Schweizer-Hersteller-ueber-Effizienz-und-viel-mehr_MQ.jpg\" alt=\"Tecnologia cloud\" width=\"680\" height=\"243\" \/><figcaption id=\"caption-attachment-16066\" class=\"wp-caption-text\">Il 2020 potrebbe essere il decennio della svolta definitiva della tecnologia cloud nell'industria manifatturiera. (Immagine: Pixabay.com)<\/figcaption><\/figure>\r\nI produttori hanno passato gli ultimi anni a guardare i loro dati e a introdurre sensori, architetture e applicazioni IoT per capire meglio i loro processi e ottimizzarli per l'efficienza. Ma il focus sull'efficienza ha lasciato alcune aziende manifatturiere incapaci di vedere il legno per gli alberi quando si tratta di trasformazione digitale. Uno studio di McKinsey ha scoperto che <a href=\"https:\/\/www.mckinsey.com\/business-functions\/operations\/our-insights\/industry-40-reimagining-manufacturing-operations-after-covid-19\">70 % di iniziative di trasformazione digitale<\/a> non raggiungono i loro obiettivi. Tuttavia, i pionieri del settore stanno gi\u00e0 guardando oltre l'efficienza. Il 2020 sar\u00e0 il decennio in cui si evolveranno approcci pi\u00f9 maturi e accurati alla trasformazione digitale nel settore manifatturiero. I produttori diventeranno pi\u00f9 efficaci e utilizzeranno la tecnologia cloud in modo strategico per ottenere migliori risultati di business.\r\n<h2>I dati alimentano nuovi modelli<\/h2>\r\nIn passato, la vendita era vista come la fine del processo di vendita. Il cliente decide di acquistare, riceve il prodotto e, se ne \u00e8 soddisfatto, il coinvolgimento del produttore \u00e8 terminato. Tuttavia, i produttori considerano sempre pi\u00f9 la manutenzione continua e altri servizi come una parte redditizia del processo di vendita.\r\n\r\nStiamo assistendo a nuovi approcci che vanno oltre la singola interazione transazionale con i clienti e utilizzano i dati per unire vendite e servizi. Il risultato \u00e8 il passaggio a un modello di pagamento per l'uso e poi a un modello di pagamento per il risultato, basato sulla fornitura di un servizio, ad esempio la connettivit\u00e0 come servizio. In base all'utilizzo del cliente, i produttori possono offrire servizi personalizzati. L'IoT consente quindi di prevedere e automatizzare la manutenzione e quindi di creare valore in modo efficace e sostenibile.\r\n\r\nQuesti modelli dovrebbero essere supportati da piattaforme cloud che consentano ai produttori di collegare le loro operazioni, gestire i dati e introdurre soluzioni di machine learning, AI e analytics. Una suite di applicazioni cloud consente inoltre di innovare e sviluppare continuamente nuove funzionalit\u00e0. I produttori possono anche utilizzare la tecnologia o le soluzioni cloud per ottenere una visione unificata dei loro clienti, essenziale per le relazioni di assistenza continua.\r\n<h2>L'economia circolare \u00e8 il futuro<\/h2>\r\nCredo anche che l'economia circolare avr\u00e0 un ruolo centrale nei nuovi modelli che verranno introdotti. Attualmente, l'economia globale \u00e8 <a href=\"https:\/\/www.circularity-gap.world\/2021\">solo 8,6 % circolare<\/a>mentre ogni anno vengono prodotti 100 miliardi di tonnellate di materiali. Questo approccio lineare ai prodotti significa che entro il 2030 produrremo 65 miliardi di tonnellate di gas serra. I produttori svolgeranno un ruolo chiave nel completamento dell'economia circolare, riducendo sia i rifiuti che le emissioni.\r\n\r\nPer i produttori, l'economia circolare pu\u00f2 essere qualsiasi cosa, dai servizi post-vendita per tutto il ciclo di vita di una macchina alle linee di abbigliamento che utilizzano fibre riciclate e piattaforme di rivendita per ridurre i rifiuti nel settore della moda. Una volta che l'intero ciclo di vita di un prodotto \u00e8 di competenza del produttore, questi ha bisogno di strumenti analitici per determinare quando e come effettuare la manutenzione o il riutilizzo.\r\n<h2>Grazie alla tecnologia cloud: i produttori possono prosperare<\/h2>\r\nLa Svizzera, la sua tecnologia emergente e la sua stabilit\u00e0 politica ed economica offrono alle aziende globali un luogo sicuro per sviluppare i loro processi di produzione digitale e di supply chain. L'FM Global Resilience Index 2020, che fornisce indicazioni per le aziende che devono scegliere strutture, espandere le catene di fornitura o entrare in nuovi mercati, ha classificato la Svizzera al secondo posto tra le economie pi\u00f9 resilienti al mondo. Tuttavia, i produttori sono sempre pi\u00f9 sotto pressione e la riduzione dei costi e il miglioramento dell'efficienza sono una priorit\u00e0.\r\n\r\nQuesto \u00e8 anche il motivo per cui si rivolgono alla tecnologia cloud per migliorare l'efficienza delle loro operazioni. Nel 2021, McKinsey ha rilevato che <a href=\"https:\/\/www.mckinsey.com\/industries\/automotive-and-assembly\/our-insights\/clearing-the-air-on-cloud-how-industrial-companies-can-capture-cloud-technologys-full-business-value\">64 % delle aziende industriali utilizzano attivamente il cloud<\/a>anche se il 50 % ritiene che la tecnologia cloud sia pi\u00f9 complessa di quanto inizialmente previsto. Piuttosto che cercare di \"portare l'oceano in ebollizione\" affrontando una sfida scoraggiante tutta in una volta, sarebbe pi\u00f9 efficace per i produttori utilizzare il cloud per testare rapidamente nuove soluzioni e servizi e poi espanderli secondo le necessit\u00e0.\r\n\r\nSiemens, ad esempio, sta collaborando con Oracle a una soluzione di elaborazione ad alte prestazioni che aiuter\u00e0 le utility a gestire meglio i requisiti di elaborazione dei dati su larga scala. Questo progetto utilizzer\u00e0 l'Oracle Cloud Infrastructure (OCI) per recuperare ed elaborare le letture dei contatori intelligenti a intervalli di 30 minuti nelle abitazioni e nelle piccole localit\u00e0 non domestiche, per facilitare la transizione alla smart grid. Ad oggi, sono stati condotti con successo test di volume e prestazioni con 1,5 milioni di contatori. Tuttavia, l'applicazione Siemens e l'OCI sono in grado di scalare ben oltre, poich\u00e9 il settore si sta spostando verso un'architettura event-driven.\r\n\r\nUn altro esempio \u00e8 rappresentato dal produttore svizzero di ruote in acciaio Alcar Ruote, che ha dovuto affidarsi alla tecnologia per continuare a produrre con la qualit\u00e0 svizzera rimanendo competitivo sul mercato globale. L'azienda ha scelto le applicazioni Supply Chain Management and Manufacturing e Oracle Fusion Cloud ERP di Oracle per gestire la pianificazione, l'approvvigionamento, la produzione e la distribuzione, migliorando la visibilit\u00e0 in queste aree.\r\n<h2>Formazione per la trasformazione digitale<\/h2>\r\nTuttavia, non dobbiamo dimenticare che, oltre all'introduzione di nuove tecnologie, le capacit\u00e0 digitali delle aziende dipendono dalla presenza delle giuste competenze. I fornitori devono assicurarsi che il loro personale venga formato su come utilizzare le nuove soluzioni nel modo pi\u00f9 efficace e, se necessario, supportarlo con corsi di aggiornamento. Per garantire che i vantaggi della tecnologia cloud vengano sfruttati appieno, questa operazione deve essere effettuata in tutta l'azienda.\r\n\r\nAnche le soluzioni digitali sono al centro del processo di formazione del personale. Il Venice Digital Capability Centre, una joint venture tra McKinsey e Confindustria che utilizza Oracle Fusion Cloud Applications, \u00e8 stato recentemente istituito per fornire alle aziende manifatturiere un'esperienza pratica di trasformazione operativa. Attraverso simulazioni realistiche, i tirocinanti possono esplorare la prototipazione rapida e testare soluzioni modulari per acquisire esperienza pratica. In questo modo, i dipendenti imparano come le funzionalit\u00e0 digitali possono aumentare la produttivit\u00e0 e la collaborazione e migliorare la sicurezza in fabbrica e nel back office.\r\n<h2>Tecnologia cloud: efficienza e altro<\/h2>\r\nI produttori hanno l'opportunit\u00e0 non solo di migliorare in modo incrementale l'efficienza delle loro operazioni, ma anche di cambiare i loro modelli operativi. In questo modo, possono ottenere risultati positivi a lungo termine per i loro clienti, introducendo nel loro approccio la tanto necessaria economia circolare e la produttivit\u00e0 delle risorse.\r\n\r\nPer raggiungere questo obiettivo, devono acquisire gli strumenti necessari per testare, iterare e scalare rapidamente nuove soluzioni. Allo stesso modo, devono supportare il proprio personale in questo percorso di trasformazione digitale con le pi\u00f9 recenti soluzioni di formazione. Se lo fanno bene, il risultato sar\u00e0 un miglioramento dell'efficacia e dell'efficienza.\r\n\r\n<strong><em>Autore:<\/em><\/strong>\r\n<em>Billy Kneub\u00fchl \u00e8 Country Manager <a href=\"https:\/\/www.oracle.com\/ch-de\/index.html\">Oracle Svizzera<\/a><\/em>\n<p class=\"syndicated-attribution\">Questo articolo \u00e8 apparso originariamente su m-q.ch - <a href=\"https:\/\/www.m-q.ch\/de\/cloud-technologie-und-schweizer-hersteller-ueber-effizienz-und-viel-mehr\/\" target=\"_blank\">https:\/\/www.m-q.ch\/de\/cloud-technologie-und-schweizer-hersteller-ueber-effizienz-und-viel-mehr\/<\/a><\/p>","protected":false},"excerpt":{"rendered":"<p>Die Hersteller haben sich in den letzten Jahren mit ihren Daten auseinandergesetzt und mit IoT-Sensoren, -Architekturen und -Anwendungen eingef\u00fchrt, um ihre Prozesse besser zu verstehen und sie im Hinblick auf Effizienz zu optimieren. Doch der Fokus auf Effizienz hat dazu gef\u00fchrt, dass einige Fertigungsunternehmen den Wald vor lauter B\u00e4umen nicht mehr sehen, wenn es um [\u2026]<\/p>\n","protected":false},"author":8,"featured_media":0,"comment_status":"closed","ping_status":"closed","sticky":false,"template":"","format":"standard","meta":{"_acf_changed":false,"_yoast_wpseo_focuskw":"Cloud-Technologie","_yoast_wpseo_metadesc":"Der Management-Pionier Peter Drucker sagte einmal: \"Effizienz ist, die Dinge richtig zu tun; Effektivit\u00e4t ist, die richtigen Dinge zu tun.\"","articlekey":"","footnotes":""},"categories":[582],"tags":[3284],"class_list":["post-12127","post","type-post","status-publish","format-standard","hentry","category-operational-excellence","tag-cloud-technologie"],"acf":[],"yoast_head":"<!-- This site is optimized with the Yoast SEO plugin v27.5 - https:\/\/yoast.com\/product\/yoast-seo-wordpress\/ -->\n<title>Cloud-Technologie und Schweizer Hersteller: \u00fcber Effizienz und viel mehr - Organisator<\/title>\n<meta name=\"description\" content=\"Der Management-Pionier Peter Drucker sagte einmal: &quot;Effizienz ist, die Dinge richtig zu tun; Effektivit\u00e4t ist, die richtigen Dinge zu tun.&quot;\" \/>\n<meta name=\"robots\" content=\"index, follow, max-snippet:-1, max-image-preview:large, max-video-preview:-1\" \/>\n<link rel=\"canonical\" href=\"https:\/\/www.m-q.ch\/de\/cloud-technologie-und-schweizer-hersteller-ueber-effizienz-und-viel-mehr\/\" \/>\n<meta property=\"og:locale\" content=\"it_IT\" \/>\n<meta property=\"og:type\" content=\"article\" \/>\n<meta property=\"og:title\" content=\"Cloud-Technologie und Schweizer Hersteller: \u00fcber Effizienz und viel mehr - Organisator\" \/>\n<meta property=\"og:description\" content=\"Der Management-Pionier Peter Drucker sagte einmal: &quot;Effizienz ist, die Dinge richtig zu tun; Effektivit\u00e4t ist, die richtigen Dinge zu tun.&quot;\" \/>\n<meta property=\"og:url\" content=\"https:\/\/www.m-q.ch\/de\/cloud-technologie-und-schweizer-hersteller-ueber-effizienz-und-viel-mehr\/\" \/>\n<meta property=\"og:site_name\" content=\"Organisator\" \/>\n<meta property=\"article:publisher\" content=\"https:\/\/www.facebook.com\/OrganisatorFachmagazin\" \/>\n<meta property=\"article:published_time\" content=\"2022-03-15T08:05:16+00:00\" \/>\n<meta property=\"article:modified_time\" content=\"2022-08-02T13:52:42+00:00\" \/>\n<meta property=\"og:image\" content=\"https:\/\/www.m-q.ch\/wp-content\/uploads\/2022\/03\/Cloud-Technologie-und-Schweizer-Hersteller-ueber-Effizienz-und-viel-mehr_MQ.jpg\" \/>\n<meta name=\"author\" content=\"galledia\" \/>\n<meta name=\"twitter:card\" content=\"summary_large_image\" \/>\n<meta name=\"twitter:creator\" content=\"@admin\" \/>\n<script type=\"application\/ld+json\" class=\"yoast-schema-graph\">{\"@context\":\"https:\\\/\\\/schema.org\",\"@graph\":[{\"@type\":\"Article\",\"@id\":\"https:\\\/\\\/www.m-q.ch\\\/de\\\/cloud-technologie-und-schweizer-hersteller-ueber-effizienz-und-viel-mehr\\\/#article\",\"isPartOf\":{\"@id\":\"https:\\\/\\\/www.organisator.ch\\\/operational-excellence\\\/2022-03-15\\\/cloud-technologie-und-schweizer-hersteller-ueber-effizienz-und-viel-mehr\\\/\"},\"author\":{\"name\":\"galledia\",\"@id\":\"https:\\\/\\\/www.organisator.ch\\\/#\\\/schema\\\/person\\\/4e51799071cd2dd1232ac003643ef5f0\"},\"headline\":\"Cloud-Technologie und Schweizer Hersteller: \u00fcber Effizienz und viel mehr\",\"datePublished\":\"2022-03-15T08:05:16+00:00\",\"dateModified\":\"2022-08-02T13:52:42+00:00\",\"mainEntityOfPage\":{\"@id\":\"https:\\\/\\\/www.organisator.ch\\\/operational-excellence\\\/2022-03-15\\\/cloud-technologie-und-schweizer-hersteller-ueber-effizienz-und-viel-mehr\\\/\"},\"wordCount\":1162,\"publisher\":{\"@id\":\"https:\\\/\\\/www.organisator.ch\\\/#organization\"},\"image\":{\"@id\":\"https:\\\/\\\/www.m-q.ch\\\/de\\\/cloud-technologie-und-schweizer-hersteller-ueber-effizienz-und-viel-mehr\\\/#primaryimage\"},\"thumbnailUrl\":\"https:\\\/\\\/www.m-q.ch\\\/wp-content\\\/uploads\\\/2022\\\/03\\\/Cloud-Technologie-und-Schweizer-Hersteller-ueber-Effizienz-und-viel-mehr_MQ.jpg\",\"keywords\":[\"Cloud-Technologie\"],\"articleSection\":[\"OPERATIONAL EXCELLENCE\"],\"inLanguage\":\"it-IT\"},{\"@type\":\"WebPage\",\"@id\":\"https:\\\/\\\/www.organisator.ch\\\/operational-excellence\\\/2022-03-15\\\/cloud-technologie-und-schweizer-hersteller-ueber-effizienz-und-viel-mehr\\\/\",\"url\":\"https:\\\/\\\/www.m-q.ch\\\/de\\\/cloud-technologie-und-schweizer-hersteller-ueber-effizienz-und-viel-mehr\\\/\",\"name\":\"Cloud-Technologie und Schweizer Hersteller: \u00fcber Effizienz und viel mehr - Organisator\",\"isPartOf\":{\"@id\":\"https:\\\/\\\/www.organisator.ch\\\/#website\"},\"primaryImageOfPage\":{\"@id\":\"https:\\\/\\\/www.m-q.ch\\\/de\\\/cloud-technologie-und-schweizer-hersteller-ueber-effizienz-und-viel-mehr\\\/#primaryimage\"},\"image\":{\"@id\":\"https:\\\/\\\/www.m-q.ch\\\/de\\\/cloud-technologie-und-schweizer-hersteller-ueber-effizienz-und-viel-mehr\\\/#primaryimage\"},\"thumbnailUrl\":\"https:\\\/\\\/www.m-q.ch\\\/wp-content\\\/uploads\\\/2022\\\/03\\\/Cloud-Technologie-und-Schweizer-Hersteller-ueber-Effizienz-und-viel-mehr_MQ.jpg\",\"datePublished\":\"2022-03-15T08:05:16+00:00\",\"dateModified\":\"2022-08-02T13:52:42+00:00\",\"description\":\"Der Management-Pionier Peter Drucker sagte einmal: \\\"Effizienz ist, die Dinge richtig zu tun; Effektivit\u00e4t ist, die richtigen Dinge zu tun.\\\"\",\"breadcrumb\":{\"@id\":\"https:\\\/\\\/www.m-q.ch\\\/de\\\/cloud-technologie-und-schweizer-hersteller-ueber-effizienz-und-viel-mehr\\\/#breadcrumb\"},\"inLanguage\":\"it-IT\",\"potentialAction\":[{\"@type\":\"ReadAction\",\"target\":[\"https:\\\/\\\/www.m-q.ch\\\/de\\\/cloud-technologie-und-schweizer-hersteller-ueber-effizienz-und-viel-mehr\\\/\"]}]},{\"@type\":\"ImageObject\",\"inLanguage\":\"it-IT\",\"@id\":\"https:\\\/\\\/www.m-q.ch\\\/de\\\/cloud-technologie-und-schweizer-hersteller-ueber-effizienz-und-viel-mehr\\\/#primaryimage\",\"url\":\"https:\\\/\\\/www.m-q.ch\\\/wp-content\\\/uploads\\\/2022\\\/03\\\/Cloud-Technologie-und-Schweizer-Hersteller-ueber-Effizienz-und-viel-mehr_MQ.jpg\",\"contentUrl\":\"https:\\\/\\\/www.m-q.ch\\\/wp-content\\\/uploads\\\/2022\\\/03\\\/Cloud-Technologie-und-Schweizer-Hersteller-ueber-Effizienz-und-viel-mehr_MQ.jpg\"},{\"@type\":\"BreadcrumbList\",\"@id\":\"https:\\\/\\\/www.m-q.ch\\\/de\\\/cloud-technologie-und-schweizer-hersteller-ueber-effizienz-und-viel-mehr\\\/#breadcrumb\",\"itemListElement\":[{\"@type\":\"ListItem\",\"position\":1,\"name\":\"Home\",\"item\":\"https:\\\/\\\/www.organisator.ch\\\/\"},{\"@type\":\"ListItem\",\"position\":2,\"name\":\"Cloud-Technologie und Schweizer Hersteller: \u00fcber Effizienz und viel mehr\"}]},{\"@type\":\"WebSite\",\"@id\":\"https:\\\/\\\/www.organisator.ch\\\/#website\",\"url\":\"https:\\\/\\\/www.organisator.ch\\\/\",\"name\":\"Organisator\",\"description\":\"Kompetent. Praxisnah. Der ORGANISATOR bereitet in 10 Ausgaben pro Jahr die wesentlichen Themen f\u00fcr F\u00fchrungskr\u00e4fte von KMU auf.\",\"publisher\":{\"@id\":\"https:\\\/\\\/www.organisator.ch\\\/#organization\"},\"potentialAction\":[{\"@type\":\"SearchAction\",\"target\":{\"@type\":\"EntryPoint\",\"urlTemplate\":\"https:\\\/\\\/www.organisator.ch\\\/?s={search_term_string}\"},\"query-input\":{\"@type\":\"PropertyValueSpecification\",\"valueRequired\":true,\"valueName\":\"search_term_string\"}}],\"inLanguage\":\"it-IT\"},{\"@type\":\"Organization\",\"@id\":\"https:\\\/\\\/www.organisator.ch\\\/#organization\",\"name\":\"Organisator\",\"url\":\"https:\\\/\\\/www.organisator.ch\\\/\",\"logo\":{\"@type\":\"ImageObject\",\"inLanguage\":\"it-IT\",\"@id\":\"https:\\\/\\\/www.organisator.ch\\\/#\\\/schema\\\/logo\\\/image\\\/\",\"url\":\"https:\\\/\\\/www.organisator.ch\\\/wp-content\\\/uploads\\\/2022\\\/01\\\/Logo_Organisator_Website.png\",\"contentUrl\":\"https:\\\/\\\/www.organisator.ch\\\/wp-content\\\/uploads\\\/2022\\\/01\\\/Logo_Organisator_Website.png\",\"width\":800,\"height\":77,\"caption\":\"Organisator\"},\"image\":{\"@id\":\"https:\\\/\\\/www.organisator.ch\\\/#\\\/schema\\\/logo\\\/image\\\/\"},\"sameAs\":[\"https:\\\/\\\/www.facebook.com\\\/OrganisatorFachmagazin\",\"https:\\\/\\\/www.linkedin.com\\\/showcase\\\/organisator-das-magazin-fr-kmu\",\"https:\\\/\\\/www.xing.com\\\/news\\\/pages\\\/organisator-ch-695\",\"https:\\\/\\\/www.youtube.com\\\/channel\\\/UCGP2Sq0iWaZwT3BdIAQFYpw\"]},{\"@type\":\"Person\",\"@id\":\"https:\\\/\\\/www.organisator.ch\\\/#\\\/schema\\\/person\\\/4e51799071cd2dd1232ac003643ef5f0\",\"name\":\"galledia\",\"image\":{\"@type\":\"ImageObject\",\"inLanguage\":\"it-IT\",\"@id\":\"https:\\\/\\\/secure.gravatar.com\\\/avatar\\\/78a7f90c01fc2bfc875782a0d4922b37cde2cf184ce347b91316d23cd7f69a36?s=96&d=mm&r=g\",\"url\":\"https:\\\/\\\/secure.gravatar.com\\\/avatar\\\/78a7f90c01fc2bfc875782a0d4922b37cde2cf184ce347b91316d23cd7f69a36?s=96&d=mm&r=g\",\"contentUrl\":\"https:\\\/\\\/secure.gravatar.com\\\/avatar\\\/78a7f90c01fc2bfc875782a0d4922b37cde2cf184ce347b91316d23cd7f69a36?s=96&d=mm&r=g\",\"caption\":\"galledia\"},\"sameAs\":[\"https:\\\/\\\/x.com\\\/admin\"],\"url\":\"https:\\\/\\\/www.organisator.ch\\\/it\\\/author\\\/galledia\\\/\"}]}<\/script>\n<!-- \/ Yoast SEO plugin. -->","yoast_head_json":{"title":"Tecnologia cloud e produttori svizzeri: efficienza e molto altro - Organizzatore","description":"Il pioniere del management Peter Drucker una volta disse: \"L'efficienza \u00e8 fare le cose giuste; l'efficacia \u00e8 fare le cose giuste\".","robots":{"index":"index","follow":"follow","max-snippet":"max-snippet:-1","max-image-preview":"max-image-preview:large","max-video-preview":"max-video-preview:-1"},"canonical":"https:\/\/www.m-q.ch\/de\/cloud-technologie-und-schweizer-hersteller-ueber-effizienz-und-viel-mehr\/","og_locale":"it_IT","og_type":"article","og_title":"Cloud-Technologie und Schweizer Hersteller: \u00fcber Effizienz und viel mehr - Organisator","og_description":"Der Management-Pionier Peter Drucker sagte einmal: \"Effizienz ist, die Dinge richtig zu tun; Effektivit\u00e4t ist, die richtigen Dinge zu tun.\"","og_url":"https:\/\/www.m-q.ch\/de\/cloud-technologie-und-schweizer-hersteller-ueber-effizienz-und-viel-mehr\/","og_site_name":"Organisator","article_publisher":"https:\/\/www.facebook.com\/OrganisatorFachmagazin","article_published_time":"2022-03-15T08:05:16+00:00","article_modified_time":"2022-08-02T13:52:42+00:00","og_image":[{"url":"https:\/\/www.m-q.ch\/wp-content\/uploads\/2022\/03\/Cloud-Technologie-und-Schweizer-Hersteller-ueber-Effizienz-und-viel-mehr_MQ.jpg","type":"","width":"","height":""}],"author":"galledia","twitter_card":"summary_large_image","twitter_creator":"@admin","schema":{"@context":"https:\/\/schema.org","@graph":[{"@type":"Article","@id":"https:\/\/www.m-q.ch\/de\/cloud-technologie-und-schweizer-hersteller-ueber-effizienz-und-viel-mehr\/#article","isPartOf":{"@id":"https:\/\/www.organisator.ch\/operational-excellence\/2022-03-15\/cloud-technologie-und-schweizer-hersteller-ueber-effizienz-und-viel-mehr\/"},"author":{"name":"galledia","@id":"https:\/\/www.organisator.ch\/#\/schema\/person\/4e51799071cd2dd1232ac003643ef5f0"},"headline":"Cloud-Technologie und Schweizer Hersteller: \u00fcber Effizienz und viel mehr","datePublished":"2022-03-15T08:05:16+00:00","dateModified":"2022-08-02T13:52:42+00:00","mainEntityOfPage":{"@id":"https:\/\/www.organisator.ch\/operational-excellence\/2022-03-15\/cloud-technologie-und-schweizer-hersteller-ueber-effizienz-und-viel-mehr\/"},"wordCount":1162,"publisher":{"@id":"https:\/\/www.organisator.ch\/#organization"},"image":{"@id":"https:\/\/www.m-q.ch\/de\/cloud-technologie-und-schweizer-hersteller-ueber-effizienz-und-viel-mehr\/#primaryimage"},"thumbnailUrl":"https:\/\/www.m-q.ch\/wp-content\/uploads\/2022\/03\/Cloud-Technologie-und-Schweizer-Hersteller-ueber-Effizienz-und-viel-mehr_MQ.jpg","keywords":["Cloud-Technologie"],"articleSection":["OPERATIONAL EXCELLENCE"],"inLanguage":"it-IT"},{"@type":"WebPage","@id":"https:\/\/www.organisator.ch\/operational-excellence\/2022-03-15\/cloud-technologie-und-schweizer-hersteller-ueber-effizienz-und-viel-mehr\/","url":"https:\/\/www.m-q.ch\/de\/cloud-technologie-und-schweizer-hersteller-ueber-effizienz-und-viel-mehr\/","name":"Tecnologia cloud e produttori svizzeri: efficienza e molto altro - Organizzatore","isPartOf":{"@id":"https:\/\/www.organisator.ch\/#website"},"primaryImageOfPage":{"@id":"https:\/\/www.m-q.ch\/de\/cloud-technologie-und-schweizer-hersteller-ueber-effizienz-und-viel-mehr\/#primaryimage"},"image":{"@id":"https:\/\/www.m-q.ch\/de\/cloud-technologie-und-schweizer-hersteller-ueber-effizienz-und-viel-mehr\/#primaryimage"},"thumbnailUrl":"https:\/\/www.m-q.ch\/wp-content\/uploads\/2022\/03\/Cloud-Technologie-und-Schweizer-Hersteller-ueber-Effizienz-und-viel-mehr_MQ.jpg","datePublished":"2022-03-15T08:05:16+00:00","dateModified":"2022-08-02T13:52:42+00:00","description":"Il pioniere del management Peter Drucker una volta disse: \"L'efficienza \u00e8 fare le cose giuste; l'efficacia \u00e8 fare le cose giuste\".","breadcrumb":{"@id":"https:\/\/www.m-q.ch\/de\/cloud-technologie-und-schweizer-hersteller-ueber-effizienz-und-viel-mehr\/#breadcrumb"},"inLanguage":"it-IT","potentialAction":[{"@type":"ReadAction","target":["https:\/\/www.m-q.ch\/de\/cloud-technologie-und-schweizer-hersteller-ueber-effizienz-und-viel-mehr\/"]}]},{"@type":"ImageObject","inLanguage":"it-IT","@id":"https:\/\/www.m-q.ch\/de\/cloud-technologie-und-schweizer-hersteller-ueber-effizienz-und-viel-mehr\/#primaryimage","url":"https:\/\/www.m-q.ch\/wp-content\/uploads\/2022\/03\/Cloud-Technologie-und-Schweizer-Hersteller-ueber-Effizienz-und-viel-mehr_MQ.jpg","contentUrl":"https:\/\/www.m-q.ch\/wp-content\/uploads\/2022\/03\/Cloud-Technologie-und-Schweizer-Hersteller-ueber-Effizienz-und-viel-mehr_MQ.jpg"},{"@type":"BreadcrumbList","@id":"https:\/\/www.m-q.ch\/de\/cloud-technologie-und-schweizer-hersteller-ueber-effizienz-und-viel-mehr\/#breadcrumb","itemListElement":[{"@type":"ListItem","position":1,"name":"Home","item":"https:\/\/www.organisator.ch\/"},{"@type":"ListItem","position":2,"name":"Cloud-Technologie und Schweizer Hersteller: \u00fcber Effizienz und viel mehr"}]},{"@type":"WebSite","@id":"https:\/\/www.organisator.ch\/#website","url":"https:\/\/www.organisator.ch\/","name":"Organizzatore","description":"Competente. Pratico. In 10 numeri all'anno, ORGANISATOR presenta i temi essenziali per i manager delle PMI.","publisher":{"@id":"https:\/\/www.organisator.ch\/#organization"},"potentialAction":[{"@type":"SearchAction","target":{"@type":"EntryPoint","urlTemplate":"https:\/\/www.organisator.ch\/?s={search_term_string}"},"query-input":{"@type":"PropertyValueSpecification","valueRequired":true,"valueName":"search_term_string"}}],"inLanguage":"it-IT"},{"@type":"Organization","@id":"https:\/\/www.organisator.ch\/#organization","name":"Organizzatore","url":"https:\/\/www.organisator.ch\/","logo":{"@type":"ImageObject","inLanguage":"it-IT","@id":"https:\/\/www.organisator.ch\/#\/schema\/logo\/image\/","url":"https:\/\/www.organisator.ch\/wp-content\/uploads\/2022\/01\/Logo_Organisator_Website.png","contentUrl":"https:\/\/www.organisator.ch\/wp-content\/uploads\/2022\/01\/Logo_Organisator_Website.png","width":800,"height":77,"caption":"Organisator"},"image":{"@id":"https:\/\/www.organisator.ch\/#\/schema\/logo\/image\/"},"sameAs":["https:\/\/www.facebook.com\/OrganisatorFachmagazin","https:\/\/www.linkedin.com\/showcase\/organisator-das-magazin-fr-kmu","https:\/\/www.xing.com\/news\/pages\/organisator-ch-695","https:\/\/www.youtube.com\/channel\/UCGP2Sq0iWaZwT3BdIAQFYpw"]},{"@type":"Person","@id":"https:\/\/www.organisator.ch\/#\/schema\/person\/4e51799071cd2dd1232ac003643ef5f0","name":"galledia","image":{"@type":"ImageObject","inLanguage":"it-IT","@id":"https:\/\/secure.gravatar.com\/avatar\/78a7f90c01fc2bfc875782a0d4922b37cde2cf184ce347b91316d23cd7f69a36?s=96&d=mm&r=g","url":"https:\/\/secure.gravatar.com\/avatar\/78a7f90c01fc2bfc875782a0d4922b37cde2cf184ce347b91316d23cd7f69a36?s=96&d=mm&r=g","contentUrl":"https:\/\/secure.gravatar.com\/avatar\/78a7f90c01fc2bfc875782a0d4922b37cde2cf184ce347b91316d23cd7f69a36?s=96&d=mm&r=g","caption":"galledia"},"sameAs":["https:\/\/x.com\/admin"],"url":"https:\/\/www.organisator.ch\/it\/author\/galledia\/"}]}},"_links":{"self":[{"href":"https:\/\/www.organisator.ch\/it\/wp-json\/wp\/v2\/posts\/12127","targetHints":{"allow":["GET"]}}],"collection":[{"href":"https:\/\/www.organisator.ch\/it\/wp-json\/wp\/v2\/posts"}],"about":[{"href":"https:\/\/www.organisator.ch\/it\/wp-json\/wp\/v2\/types\/post"}],"author":[{"embeddable":true,"href":"https:\/\/www.organisator.ch\/it\/wp-json\/wp\/v2\/users\/8"}],"replies":[{"embeddable":true,"href":"https:\/\/www.organisator.ch\/it\/wp-json\/wp\/v2\/comments?post=12127"}],"version-history":[{"count":4,"href":"https:\/\/www.organisator.ch\/it\/wp-json\/wp\/v2\/posts\/12127\/revisions"}],"predecessor-version":[{"id":16258,"href":"https:\/\/www.organisator.ch\/it\/wp-json\/wp\/v2\/posts\/12127\/revisions\/16258"}],"wp:attachment":[{"href":"https:\/\/www.organisator.ch\/it\/wp-json\/wp\/v2\/media?parent=12127"}],"wp:term":[{"taxonomy":"category","embeddable":true,"href":"https:\/\/www.organisator.ch\/it\/wp-json\/wp\/v2\/categories?post=12127"},{"taxonomy":"post_tag","embeddable":true,"href":"https:\/\/www.organisator.ch\/it\/wp-json\/wp\/v2\/tags?post=12127"}],"curies":[{"name":"wp","href":"https:\/\/api.w.org\/{rel}","templated":true}]}}