{"id":12133,"date":"2022-03-15T13:16:39","date_gmt":"2022-03-15T12:16:39","guid":{"rendered":"https:\/\/www.m-q.ch\/?p=16068"},"modified":"2022-08-02T16:35:50","modified_gmt":"2022-08-02T14:35:50","slug":"auszeichnung-fuer-hottinger-brueel-kjaer","status":"publish","type":"post","link":"https:\/\/www.organisator.ch\/it\/operational-excellence\/2022-03-15\/auszeichnung-fuer-hottinger-brueel-kjaer\/","title":{"rendered":"Premio per Hottinger Br\u00fcel &amp; Kjaer"},"content":{"rendered":"<figure id=\"attachment_16069\" class=\"wp-caption alignnone\" style=\"width: 680px\" aria-describedby=\"caption-attachment-16069\"><img class=\"alignnone wp-image-16069 size-full\" src=\"https:\/\/www.m-q.ch\/wp-content\/uploads\/2022\/03\/Auszeichnung-fuer-Hottinger-Brueel-Kjaer_MQ.jpg\" alt=\"Premio Hottinger Br\u00fcel\" width=\"680\" height=\"443\" \/><figcaption id=\"caption-attachment-16069\" class=\"wp-caption-text\">Hottinger Br\u00fcel &amp; Kjaer \u00e8 membro della DGQ da 50 anni e ha ricevuto un premio per questo. (Immagine: HBK)<\/figcaption><\/figure>\r\nL'esperto di prove e misurazioni Hottinger Br\u00fcel &amp; Kjaer (HBK) \u00e8 stato premiato per i suoi 50 anni di appartenenza a una delle pi\u00f9 importanti organizzazioni tedesche per la qualit\u00e0, la German Society for Quality (DGQ). Il premio, o meglio il relativo certificato, \u00e8 stato consegnato il 14 settembre 2021 presso la sede di HBK a Darmstadt e riconosce l'impegno di lunga data dell'azienda verso soluzioni di alta qualit\u00e0 nell'interesse dei propri clienti.\r\n\r\nLa sede tedesca di HBK \u00e8 stata la prima azienda del suo genere a ricevere la certificazione ISO 9001 nel 1986. Anche il numero di registrazione della certificazione HBK riflette questo: DQS-000001 per ISO 9001 (gestione della qualit\u00e0), ISO 14001 (gestione ambientale), ISO 50001 (gestione dell'energia). Grazie a questi standard, i clienti di HBK possono essere certi di ricevere prodotti e servizi di altissimo livello. Questo \u00e8 particolarmente importante per i clienti del settore militare o per i progetti sensibili, ad esempio nell'industria aerospaziale.\r\n\r\nLa DGQ (Societ\u00e0 tedesca per la qualit\u00e0) \u00e8 un'organizzazione nazionale centrale per la qualit\u00e0 in Germania. Agisce principalmente come primo punto di contatto, nonch\u00e9 come moderatore e mediatore nelle questioni di qualit\u00e0. L'organizzazione ombrello \u00e8 un'associazione registrata e pu\u00f2 attingere a una rete unica di esperti.\r\n\r\nHBK - Hottinger, Br\u00fcel &amp; Kjaer - offre un portafoglio completo di soluzioni per l'intero ciclo di vita del prodotto di prova e misurazione, unendo il mondo fisico dei sensori, delle prove e delle misurazioni con il mondo digitale della simulazione, del software di modellazione e dell'analisi. Creando un sistema scalabile e aperto per l'hardware, il software e la simulazione dell'acquisizione dati, gli sviluppatori di prodotti possono ridurre il time-to-market, promuovere l'innovazione e farsi strada in un mercato globale competitivo.\r\n\r\n<em>Ulteriori informazioni: <a href=\"https:\/\/www.hbkworld.com\/en\/about\/quality-management\">https:\/\/www.hbkworld.com\/en\/about\/quality-management<\/a><\/em>\n<p class=\"syndicated-attribution\">Questo articolo \u00e8 apparso originariamente su m-q.ch - <a href=\"https:\/\/www.m-q.ch\/de\/auszeichnung-fuer-hottinger-brueel-kjaer\/\" target=\"_blank\">https:\/\/www.m-q.ch\/de\/auszeichnung-fuer-hottinger-brueel-kjaer\/<\/a><\/p>","protected":false},"excerpt":{"rendered":"<p>Der Pr\u00fcf- und Messtechnik-Experte Hottinger Br\u00fcel &amp; Kjaer (HBK) wurde f\u00fcr seine 50-j\u00e4hrige Mitgliedschaft in einer der wichtigsten deutschen Qualit\u00e4tsorganisationen, der Deutschen Gesellschaft f\u00fcr Qualit\u00e4t (DGQ), ausgezeichnet. Die Auszeichnung bzw. das entsprechende Zertifikat wurde am 14. September 2021 am Standort von HBK in Darmstadt verliehen und w\u00fcrdigt den langj\u00e4hrigen Einsatz des Unternehmens f\u00fcr qualitativ hochwertige [\u2026]<\/p>\n","protected":false},"author":8,"featured_media":0,"comment_status":"closed","ping_status":"closed","sticky":false,"template":"","format":"standard","meta":{"_acf_changed":false,"_yoast_wpseo_focuskw":"Hottinger","_yoast_wpseo_metadesc":"Das auf Pr\u00fcf- und Messtechnik spezialisierte Unternehmen Hottinger Br\u00fcel & Kjaer (HBK) feiert das Goldene Jubil\u00e4um f\u00fcr seine Standards und durfte eine Auszeichnung von der DGQ entgegen nehmen.","articlekey":"","footnotes":""},"categories":[582],"tags":[743,3291,3290,3292],"class_list":["post-12133","post","type-post","status-publish","format-standard","hentry","category-operational-excellence","tag-auszeichnung","tag-brueel","tag-hottinger","tag-kjaer"],"acf":[],"yoast_head":"<!-- This site is optimized with the Yoast SEO plugin v27.5 - https:\/\/yoast.com\/product\/yoast-seo-wordpress\/ -->\n<title>Auszeichnung f\u00fcr Hottinger Br\u00fcel &amp; Kjaer - Organisator<\/title>\n<meta name=\"description\" content=\"Das auf Pr\u00fcf- und Messtechnik spezialisierte Unternehmen Hottinger Br\u00fcel &amp; Kjaer (HBK) feiert das Goldene Jubil\u00e4um f\u00fcr seine Standards und durfte eine Auszeichnung von der DGQ entgegen nehmen.\" \/>\n<meta name=\"robots\" content=\"index, follow, max-snippet:-1, max-image-preview:large, max-video-preview:-1\" \/>\n<link rel=\"canonical\" href=\"https:\/\/www.m-q.ch\/de\/auszeichnung-fuer-hottinger-brueel-kjaer\/\" \/>\n<meta property=\"og:locale\" content=\"it_IT\" \/>\n<meta property=\"og:type\" content=\"article\" \/>\n<meta property=\"og:title\" content=\"Auszeichnung f\u00fcr Hottinger Br\u00fcel &amp; Kjaer - Organisator\" \/>\n<meta property=\"og:description\" content=\"Das auf Pr\u00fcf- und Messtechnik spezialisierte Unternehmen Hottinger Br\u00fcel &amp; Kjaer (HBK) feiert das Goldene Jubil\u00e4um f\u00fcr seine Standards und durfte eine Auszeichnung von der DGQ entgegen nehmen.\" \/>\n<meta property=\"og:url\" content=\"https:\/\/www.m-q.ch\/de\/auszeichnung-fuer-hottinger-brueel-kjaer\/\" \/>\n<meta property=\"og:site_name\" content=\"Organisator\" \/>\n<meta property=\"article:publisher\" content=\"https:\/\/www.facebook.com\/OrganisatorFachmagazin\" \/>\n<meta property=\"article:published_time\" content=\"2022-03-15T12:16:39+00:00\" \/>\n<meta property=\"article:modified_time\" content=\"2022-08-02T14:35:50+00:00\" \/>\n<meta property=\"og:image\" content=\"https:\/\/www.m-q.ch\/wp-content\/uploads\/2022\/03\/Auszeichnung-fuer-Hottinger-Brueel-Kjaer_MQ.jpg\" \/>\n<meta name=\"author\" content=\"galledia\" \/>\n<meta name=\"twitter:card\" content=\"summary_large_image\" \/>\n<meta name=\"twitter:creator\" content=\"@admin\" \/>\n<script type=\"application\/ld+json\" class=\"yoast-schema-graph\">{\"@context\":\"https:\\\/\\\/schema.org\",\"@graph\":[{\"@type\":\"Article\",\"@id\":\"https:\\\/\\\/www.m-q.ch\\\/de\\\/auszeichnung-fuer-hottinger-brueel-kjaer\\\/#article\",\"isPartOf\":{\"@id\":\"https:\\\/\\\/www.organisator.ch\\\/operational-excellence\\\/2022-03-15\\\/auszeichnung-fuer-hottinger-brueel-kjaer\\\/\"},\"author\":{\"name\":\"galledia\",\"@id\":\"https:\\\/\\\/www.organisator.ch\\\/#\\\/schema\\\/person\\\/4e51799071cd2dd1232ac003643ef5f0\"},\"headline\":\"Auszeichnung f\u00fcr Hottinger Br\u00fcel &amp; Kjaer\",\"datePublished\":\"2022-03-15T12:16:39+00:00\",\"dateModified\":\"2022-08-02T14:35:50+00:00\",\"mainEntityOfPage\":{\"@id\":\"https:\\\/\\\/www.organisator.ch\\\/operational-excellence\\\/2022-03-15\\\/auszeichnung-fuer-hottinger-brueel-kjaer\\\/\"},\"wordCount\":301,\"publisher\":{\"@id\":\"https:\\\/\\\/www.organisator.ch\\\/#organization\"},\"image\":{\"@id\":\"https:\\\/\\\/www.m-q.ch\\\/de\\\/auszeichnung-fuer-hottinger-brueel-kjaer\\\/#primaryimage\"},\"thumbnailUrl\":\"https:\\\/\\\/www.m-q.ch\\\/wp-content\\\/uploads\\\/2022\\\/03\\\/Auszeichnung-fuer-Hottinger-Brueel-Kjaer_MQ.jpg\",\"keywords\":[\"Auszeichnung\",\"Br\u00fcel\",\"Hottinger\",\"Kjaer\"],\"articleSection\":[\"OPERATIONAL EXCELLENCE\"],\"inLanguage\":\"it-IT\"},{\"@type\":\"WebPage\",\"@id\":\"https:\\\/\\\/www.organisator.ch\\\/operational-excellence\\\/2022-03-15\\\/auszeichnung-fuer-hottinger-brueel-kjaer\\\/\",\"url\":\"https:\\\/\\\/www.m-q.ch\\\/de\\\/auszeichnung-fuer-hottinger-brueel-kjaer\\\/\",\"name\":\"Auszeichnung f\u00fcr Hottinger Br\u00fcel &amp; Kjaer - Organisator\",\"isPartOf\":{\"@id\":\"https:\\\/\\\/www.organisator.ch\\\/#website\"},\"primaryImageOfPage\":{\"@id\":\"https:\\\/\\\/www.m-q.ch\\\/de\\\/auszeichnung-fuer-hottinger-brueel-kjaer\\\/#primaryimage\"},\"image\":{\"@id\":\"https:\\\/\\\/www.m-q.ch\\\/de\\\/auszeichnung-fuer-hottinger-brueel-kjaer\\\/#primaryimage\"},\"thumbnailUrl\":\"https:\\\/\\\/www.m-q.ch\\\/wp-content\\\/uploads\\\/2022\\\/03\\\/Auszeichnung-fuer-Hottinger-Brueel-Kjaer_MQ.jpg\",\"datePublished\":\"2022-03-15T12:16:39+00:00\",\"dateModified\":\"2022-08-02T14:35:50+00:00\",\"description\":\"Das auf Pr\u00fcf- und Messtechnik spezialisierte Unternehmen Hottinger Br\u00fcel & Kjaer (HBK) feiert das Goldene Jubil\u00e4um f\u00fcr seine Standards und durfte eine Auszeichnung von der DGQ entgegen nehmen.\",\"breadcrumb\":{\"@id\":\"https:\\\/\\\/www.m-q.ch\\\/de\\\/auszeichnung-fuer-hottinger-brueel-kjaer\\\/#breadcrumb\"},\"inLanguage\":\"it-IT\",\"potentialAction\":[{\"@type\":\"ReadAction\",\"target\":[\"https:\\\/\\\/www.m-q.ch\\\/de\\\/auszeichnung-fuer-hottinger-brueel-kjaer\\\/\"]}]},{\"@type\":\"ImageObject\",\"inLanguage\":\"it-IT\",\"@id\":\"https:\\\/\\\/www.m-q.ch\\\/de\\\/auszeichnung-fuer-hottinger-brueel-kjaer\\\/#primaryimage\",\"url\":\"https:\\\/\\\/www.m-q.ch\\\/wp-content\\\/uploads\\\/2022\\\/03\\\/Auszeichnung-fuer-Hottinger-Brueel-Kjaer_MQ.jpg\",\"contentUrl\":\"https:\\\/\\\/www.m-q.ch\\\/wp-content\\\/uploads\\\/2022\\\/03\\\/Auszeichnung-fuer-Hottinger-Brueel-Kjaer_MQ.jpg\"},{\"@type\":\"BreadcrumbList\",\"@id\":\"https:\\\/\\\/www.m-q.ch\\\/de\\\/auszeichnung-fuer-hottinger-brueel-kjaer\\\/#breadcrumb\",\"itemListElement\":[{\"@type\":\"ListItem\",\"position\":1,\"name\":\"Home\",\"item\":\"https:\\\/\\\/www.organisator.ch\\\/\"},{\"@type\":\"ListItem\",\"position\":2,\"name\":\"Auszeichnung f\u00fcr Hottinger Br\u00fcel &amp; Kjaer\"}]},{\"@type\":\"WebSite\",\"@id\":\"https:\\\/\\\/www.organisator.ch\\\/#website\",\"url\":\"https:\\\/\\\/www.organisator.ch\\\/\",\"name\":\"Organisator\",\"description\":\"Kompetent. Praxisnah. Der ORGANISATOR bereitet in 10 Ausgaben pro Jahr die wesentlichen Themen f\u00fcr F\u00fchrungskr\u00e4fte von KMU auf.\",\"publisher\":{\"@id\":\"https:\\\/\\\/www.organisator.ch\\\/#organization\"},\"potentialAction\":[{\"@type\":\"SearchAction\",\"target\":{\"@type\":\"EntryPoint\",\"urlTemplate\":\"https:\\\/\\\/www.organisator.ch\\\/?s={search_term_string}\"},\"query-input\":{\"@type\":\"PropertyValueSpecification\",\"valueRequired\":true,\"valueName\":\"search_term_string\"}}],\"inLanguage\":\"it-IT\"},{\"@type\":\"Organization\",\"@id\":\"https:\\\/\\\/www.organisator.ch\\\/#organization\",\"name\":\"Organisator\",\"url\":\"https:\\\/\\\/www.organisator.ch\\\/\",\"logo\":{\"@type\":\"ImageObject\",\"inLanguage\":\"it-IT\",\"@id\":\"https:\\\/\\\/www.organisator.ch\\\/#\\\/schema\\\/logo\\\/image\\\/\",\"url\":\"https:\\\/\\\/www.organisator.ch\\\/wp-content\\\/uploads\\\/2022\\\/01\\\/Logo_Organisator_Website.png\",\"contentUrl\":\"https:\\\/\\\/www.organisator.ch\\\/wp-content\\\/uploads\\\/2022\\\/01\\\/Logo_Organisator_Website.png\",\"width\":800,\"height\":77,\"caption\":\"Organisator\"},\"image\":{\"@id\":\"https:\\\/\\\/www.organisator.ch\\\/#\\\/schema\\\/logo\\\/image\\\/\"},\"sameAs\":[\"https:\\\/\\\/www.facebook.com\\\/OrganisatorFachmagazin\",\"https:\\\/\\\/www.linkedin.com\\\/showcase\\\/organisator-das-magazin-fr-kmu\",\"https:\\\/\\\/www.xing.com\\\/news\\\/pages\\\/organisator-ch-695\",\"https:\\\/\\\/www.youtube.com\\\/channel\\\/UCGP2Sq0iWaZwT3BdIAQFYpw\"]},{\"@type\":\"Person\",\"@id\":\"https:\\\/\\\/www.organisator.ch\\\/#\\\/schema\\\/person\\\/4e51799071cd2dd1232ac003643ef5f0\",\"name\":\"galledia\",\"image\":{\"@type\":\"ImageObject\",\"inLanguage\":\"it-IT\",\"@id\":\"https:\\\/\\\/secure.gravatar.com\\\/avatar\\\/78a7f90c01fc2bfc875782a0d4922b37cde2cf184ce347b91316d23cd7f69a36?s=96&d=mm&r=g\",\"url\":\"https:\\\/\\\/secure.gravatar.com\\\/avatar\\\/78a7f90c01fc2bfc875782a0d4922b37cde2cf184ce347b91316d23cd7f69a36?s=96&d=mm&r=g\",\"contentUrl\":\"https:\\\/\\\/secure.gravatar.com\\\/avatar\\\/78a7f90c01fc2bfc875782a0d4922b37cde2cf184ce347b91316d23cd7f69a36?s=96&d=mm&r=g\",\"caption\":\"galledia\"},\"sameAs\":[\"https:\\\/\\\/x.com\\\/admin\"],\"url\":\"https:\\\/\\\/www.organisator.ch\\\/it\\\/author\\\/galledia\\\/\"}]}<\/script>\n<!-- \/ Yoast SEO plugin. -->","yoast_head_json":{"title":"Premio per Hottinger Br\u00fcel &amp; Kjaer - Organizzatore","description":"L'azienda Hottinger Br\u00fcel &amp; Kjaer (HBK), specializzata in tecnologie di prova e misurazione, celebra il giubileo d'oro dei suoi standard e ha potuto accettare un premio dalla DGQ.","robots":{"index":"index","follow":"follow","max-snippet":"max-snippet:-1","max-image-preview":"max-image-preview:large","max-video-preview":"max-video-preview:-1"},"canonical":"https:\/\/www.m-q.ch\/de\/auszeichnung-fuer-hottinger-brueel-kjaer\/","og_locale":"it_IT","og_type":"article","og_title":"Auszeichnung f\u00fcr Hottinger Br\u00fcel &amp; Kjaer - Organisator","og_description":"Das auf Pr\u00fcf- und Messtechnik spezialisierte Unternehmen Hottinger Br\u00fcel & Kjaer (HBK) feiert das Goldene Jubil\u00e4um f\u00fcr seine Standards und durfte eine Auszeichnung von der DGQ entgegen nehmen.","og_url":"https:\/\/www.m-q.ch\/de\/auszeichnung-fuer-hottinger-brueel-kjaer\/","og_site_name":"Organisator","article_publisher":"https:\/\/www.facebook.com\/OrganisatorFachmagazin","article_published_time":"2022-03-15T12:16:39+00:00","article_modified_time":"2022-08-02T14:35:50+00:00","og_image":[{"url":"https:\/\/www.m-q.ch\/wp-content\/uploads\/2022\/03\/Auszeichnung-fuer-Hottinger-Brueel-Kjaer_MQ.jpg","type":"","width":"","height":""}],"author":"galledia","twitter_card":"summary_large_image","twitter_creator":"@admin","schema":{"@context":"https:\/\/schema.org","@graph":[{"@type":"Article","@id":"https:\/\/www.m-q.ch\/de\/auszeichnung-fuer-hottinger-brueel-kjaer\/#article","isPartOf":{"@id":"https:\/\/www.organisator.ch\/operational-excellence\/2022-03-15\/auszeichnung-fuer-hottinger-brueel-kjaer\/"},"author":{"name":"galledia","@id":"https:\/\/www.organisator.ch\/#\/schema\/person\/4e51799071cd2dd1232ac003643ef5f0"},"headline":"Auszeichnung f\u00fcr Hottinger Br\u00fcel &amp; Kjaer","datePublished":"2022-03-15T12:16:39+00:00","dateModified":"2022-08-02T14:35:50+00:00","mainEntityOfPage":{"@id":"https:\/\/www.organisator.ch\/operational-excellence\/2022-03-15\/auszeichnung-fuer-hottinger-brueel-kjaer\/"},"wordCount":301,"publisher":{"@id":"https:\/\/www.organisator.ch\/#organization"},"image":{"@id":"https:\/\/www.m-q.ch\/de\/auszeichnung-fuer-hottinger-brueel-kjaer\/#primaryimage"},"thumbnailUrl":"https:\/\/www.m-q.ch\/wp-content\/uploads\/2022\/03\/Auszeichnung-fuer-Hottinger-Brueel-Kjaer_MQ.jpg","keywords":["Auszeichnung","Br\u00fcel","Hottinger","Kjaer"],"articleSection":["OPERATIONAL EXCELLENCE"],"inLanguage":"it-IT"},{"@type":"WebPage","@id":"https:\/\/www.organisator.ch\/operational-excellence\/2022-03-15\/auszeichnung-fuer-hottinger-brueel-kjaer\/","url":"https:\/\/www.m-q.ch\/de\/auszeichnung-fuer-hottinger-brueel-kjaer\/","name":"Premio per Hottinger Br\u00fcel &amp; Kjaer - Organizzatore","isPartOf":{"@id":"https:\/\/www.organisator.ch\/#website"},"primaryImageOfPage":{"@id":"https:\/\/www.m-q.ch\/de\/auszeichnung-fuer-hottinger-brueel-kjaer\/#primaryimage"},"image":{"@id":"https:\/\/www.m-q.ch\/de\/auszeichnung-fuer-hottinger-brueel-kjaer\/#primaryimage"},"thumbnailUrl":"https:\/\/www.m-q.ch\/wp-content\/uploads\/2022\/03\/Auszeichnung-fuer-Hottinger-Brueel-Kjaer_MQ.jpg","datePublished":"2022-03-15T12:16:39+00:00","dateModified":"2022-08-02T14:35:50+00:00","description":"L'azienda Hottinger Br\u00fcel &amp; Kjaer (HBK), specializzata in tecnologie di prova e misurazione, celebra il giubileo d'oro dei suoi standard e ha potuto accettare un premio dalla DGQ.","breadcrumb":{"@id":"https:\/\/www.m-q.ch\/de\/auszeichnung-fuer-hottinger-brueel-kjaer\/#breadcrumb"},"inLanguage":"it-IT","potentialAction":[{"@type":"ReadAction","target":["https:\/\/www.m-q.ch\/de\/auszeichnung-fuer-hottinger-brueel-kjaer\/"]}]},{"@type":"ImageObject","inLanguage":"it-IT","@id":"https:\/\/www.m-q.ch\/de\/auszeichnung-fuer-hottinger-brueel-kjaer\/#primaryimage","url":"https:\/\/www.m-q.ch\/wp-content\/uploads\/2022\/03\/Auszeichnung-fuer-Hottinger-Brueel-Kjaer_MQ.jpg","contentUrl":"https:\/\/www.m-q.ch\/wp-content\/uploads\/2022\/03\/Auszeichnung-fuer-Hottinger-Brueel-Kjaer_MQ.jpg"},{"@type":"BreadcrumbList","@id":"https:\/\/www.m-q.ch\/de\/auszeichnung-fuer-hottinger-brueel-kjaer\/#breadcrumb","itemListElement":[{"@type":"ListItem","position":1,"name":"Home","item":"https:\/\/www.organisator.ch\/"},{"@type":"ListItem","position":2,"name":"Auszeichnung f\u00fcr Hottinger Br\u00fcel &amp; Kjaer"}]},{"@type":"WebSite","@id":"https:\/\/www.organisator.ch\/#website","url":"https:\/\/www.organisator.ch\/","name":"Organizzatore","description":"Competente. Pratico. In 10 numeri all'anno, ORGANISATOR presenta i temi essenziali per i manager delle PMI.","publisher":{"@id":"https:\/\/www.organisator.ch\/#organization"},"potentialAction":[{"@type":"SearchAction","target":{"@type":"EntryPoint","urlTemplate":"https:\/\/www.organisator.ch\/?s={search_term_string}"},"query-input":{"@type":"PropertyValueSpecification","valueRequired":true,"valueName":"search_term_string"}}],"inLanguage":"it-IT"},{"@type":"Organization","@id":"https:\/\/www.organisator.ch\/#organization","name":"Organizzatore","url":"https:\/\/www.organisator.ch\/","logo":{"@type":"ImageObject","inLanguage":"it-IT","@id":"https:\/\/www.organisator.ch\/#\/schema\/logo\/image\/","url":"https:\/\/www.organisator.ch\/wp-content\/uploads\/2022\/01\/Logo_Organisator_Website.png","contentUrl":"https:\/\/www.organisator.ch\/wp-content\/uploads\/2022\/01\/Logo_Organisator_Website.png","width":800,"height":77,"caption":"Organisator"},"image":{"@id":"https:\/\/www.organisator.ch\/#\/schema\/logo\/image\/"},"sameAs":["https:\/\/www.facebook.com\/OrganisatorFachmagazin","https:\/\/www.linkedin.com\/showcase\/organisator-das-magazin-fr-kmu","https:\/\/www.xing.com\/news\/pages\/organisator-ch-695","https:\/\/www.youtube.com\/channel\/UCGP2Sq0iWaZwT3BdIAQFYpw"]},{"@type":"Person","@id":"https:\/\/www.organisator.ch\/#\/schema\/person\/4e51799071cd2dd1232ac003643ef5f0","name":"galledia","image":{"@type":"ImageObject","inLanguage":"it-IT","@id":"https:\/\/secure.gravatar.com\/avatar\/78a7f90c01fc2bfc875782a0d4922b37cde2cf184ce347b91316d23cd7f69a36?s=96&d=mm&r=g","url":"https:\/\/secure.gravatar.com\/avatar\/78a7f90c01fc2bfc875782a0d4922b37cde2cf184ce347b91316d23cd7f69a36?s=96&d=mm&r=g","contentUrl":"https:\/\/secure.gravatar.com\/avatar\/78a7f90c01fc2bfc875782a0d4922b37cde2cf184ce347b91316d23cd7f69a36?s=96&d=mm&r=g","caption":"galledia"},"sameAs":["https:\/\/x.com\/admin"],"url":"https:\/\/www.organisator.ch\/it\/author\/galledia\/"}]}},"_links":{"self":[{"href":"https:\/\/www.organisator.ch\/it\/wp-json\/wp\/v2\/posts\/12133","targetHints":{"allow":["GET"]}}],"collection":[{"href":"https:\/\/www.organisator.ch\/it\/wp-json\/wp\/v2\/posts"}],"about":[{"href":"https:\/\/www.organisator.ch\/it\/wp-json\/wp\/v2\/types\/post"}],"author":[{"embeddable":true,"href":"https:\/\/www.organisator.ch\/it\/wp-json\/wp\/v2\/users\/8"}],"replies":[{"embeddable":true,"href":"https:\/\/www.organisator.ch\/it\/wp-json\/wp\/v2\/comments?post=12133"}],"version-history":[{"count":5,"href":"https:\/\/www.organisator.ch\/it\/wp-json\/wp\/v2\/posts\/12133\/revisions"}],"predecessor-version":[{"id":16253,"href":"https:\/\/www.organisator.ch\/it\/wp-json\/wp\/v2\/posts\/12133\/revisions\/16253"}],"wp:attachment":[{"href":"https:\/\/www.organisator.ch\/it\/wp-json\/wp\/v2\/media?parent=12133"}],"wp:term":[{"taxonomy":"category","embeddable":true,"href":"https:\/\/www.organisator.ch\/it\/wp-json\/wp\/v2\/categories?post=12133"},{"taxonomy":"post_tag","embeddable":true,"href":"https:\/\/www.organisator.ch\/it\/wp-json\/wp\/v2\/tags?post=12133"}],"curies":[{"name":"wp","href":"https:\/\/api.w.org\/{rel}","templated":true}]}}