{"id":12152,"date":"2022-03-16T14:47:23","date_gmt":"2022-03-16T13:47:23","guid":{"rendered":"https:\/\/www.m-q.ch\/?p=16080"},"modified":"2022-08-02T16:34:24","modified_gmt":"2022-08-02T14:34:24","slug":"control-2022-macht-sich-startbereit","status":"publish","type":"post","link":"https:\/\/www.organisator.ch\/it\/operational-excellence\/2022-03-16\/control-2022-macht-sich-startbereit\/","title":{"rendered":"Il controllo 2022 si prepara al decollo"},"content":{"rendered":"<figure id=\"attachment_16081\" class=\"wp-caption alignnone\" style=\"width: 680px\" aria-describedby=\"caption-attachment-16081\"><img class=\"alignnone wp-image-16081 size-full\" src=\"https:\/\/www.m-q.ch\/wp-content\/uploads\/2022\/03\/Control-2022-macht-sich-startbereit_MQ.jpg\" alt=\"Controllo 2022\" width=\"680\" height=\"481\" \/><figcaption id=\"caption-attachment-16081\" class=\"wp-caption-text\">Control 2022 \u00e8 ai blocchi di partenza: la fiera leader dell'assicurazione della qualit\u00e0 si terr\u00e0 a Stoccarda dal 3 al 6 maggio 2022. (Immagine: Control Messe)<\/figcaption><\/figure>\r\nControl, fiera internazionale per l'assicurazione della qualit\u00e0 (QA), come fiera leader per la tecnologia di misurazione, \u00e8 stato un forum ideale per il contatto personale e lo scambio di affari per decenni. \"La grande richiesta di partecipazione personale alla fiera \u00e8 ininterrotta da mesi da parte del settore QA\", conferma il project manager Fabian Kr\u00fcger del promotore della fiera P. E. Schall GmbH &amp; Co. KG. \"In tutto il mondo, l'industria apprezza Control come una piattaforma indispensabile, ed \u00e8 particolarmente in attesa della fiera live di quest'anno dopo una pausa forzata di due anni\", dice Kr\u00fcger. \"Soprattutto in queste settimane e mesi, quando l'incertezza prevale ancora una volta a causa della pandemia, molte aziende vedono Control all'inizio di maggio come un evento da non perdere\", dice il responsabile del progetto, ricordando il successo e la fluidit\u00e0 delle fiere di presenza dello scorso autunno.\r\n<h2>Il QA non \u00e8 mai stato cos\u00ec importante come oggi<\/h2>\r\nIl bisogno di una discussione tra esperti sui nuovi sviluppi nell'industria della QA \u00e8 enorme. Molte aziende stanno attualmente introducendo sistemi di QA migliorati o completamente nuovi - spinti dalla crescente automazione e digitalizzazione, da processi pi\u00f9 senza contatto, da servizi remoti, da lotti di piccole dimensioni e dalla produzione a zero difetti. La necessit\u00e0 di controllare la qualit\u00e0 di tutti i processi, compresa l'analisi dei dati e la tracciabilit\u00e0 end-to-end, riguarda ormai quasi tutti i settori, sia industriali che di servizio. \"Le soluzioni QA non sono mai state cos\u00ec importanti come adesso\", sottolinea il responsabile del progetto Control. Le soluzioni e i sistemi nella tecnologia di misurazione e di prova, le prove sui materiali, le attrezzature di analisi, la tecnologia di visione, l'elaborazione delle immagini, la tecnologia dei sensori e la tecnologia di pesatura e di conteggio sono state sviluppate in modo significativo negli ultimi due anni e troveranno un pubblico specializzato molto interessato a Control 2022.\r\n<h2>Alta percentuale di espositori stranieri a Control 2022<\/h2>\r\nE il pubblico degli addetti ai lavori sembra non aspettare altro che poter finalmente visitare di nuovo una fiera dal vivo. Mesi prima della fiera, i visitatori hanno gi\u00e0 chiesto i biglietti, dice il responsabile del progetto Fabian Kr\u00fcger. \"Gli espositori e i visitatori specializzati vogliono finalmente scambiare informazioni di persona sulle innovazioni di QS, perch\u00e9 negli ultimi mesi sono successe molte cose.\" Il fatto che Control sia ancora considerata la fiera leader mondiale per il settore QS si riflette nell'alta percentuale di espositori stranieri: circa il 35% proviene da fuori della Germania, compresa la Svizzera.\r\n\r\nI progressi dell'automazione, della digitalizzazione, dei processi senza contatto, dei servizi a distanza e della tracciabilit\u00e0 end-to-end interessano tutti i settori, compreso quello dei servizi. Gli utenti della tecnologia di test utilizzano diverse soluzioni QA in linea nei processi in rete, anche senza contatto. Questo aspetto sar\u00e0 approfondito nella mostra speciale \"Metrologia senza contatto\" della Fraunhofer Vision Alliance, che si terr\u00e0 per la 17a volta a Control 2022. Nel padiglione 6, presenter\u00e0 una sezione trasversale di tecnologie innovative nel campo della tecnologia di misura e collaudo senza contatto.\r\n\r\n<em>Ulteriori informazioni: <a href=\"https:\/\/www.control-messe.de\/\">https:\/\/www.control-messe.de\/<\/a><\/em>\n<p class=\"syndicated-attribution\">Questo articolo \u00e8 apparso originariamente su m-q.ch - <a href=\"https:\/\/www.m-q.ch\/de\/control-2022-macht-sich-startbereit\/\" target=\"_blank\">https:\/\/www.m-q.ch\/de\/control-2022-macht-sich-startbereit\/<\/a><\/p>","protected":false},"excerpt":{"rendered":"<p>Die Control, Internationale Fachmesse f\u00fcr Qualit\u00e4tssicherung (QS), ist als Leitmesse f\u00fcr die Messtechnik seit Jahrzehnten ein ideales Forum f\u00fcr den pers\u00f6nlichen Kontakt und den gesch\u00e4ftlichen Fachaustausch. \u201eDie hohe Nachfrage nach pers\u00f6nlicher Messeteilnahme ist seitens der QS-Branche seit Monaten ungebrochen\u201c, best\u00e4tigt Projektleiter Fabian Kr\u00fcger vom Messeveranstalter P. E. Schall GmbH &amp; Co. KG. \u201eWeltweit sch\u00e4tzt die [\u2026]<\/p>\n","protected":false},"author":8,"featured_media":0,"comment_status":"closed","ping_status":"closed","sticky":false,"template":"","format":"standard","meta":{"_acf_changed":false,"_yoast_wpseo_focuskw":"Control 2022","_yoast_wpseo_metadesc":"Aussteller und Fachbesucher machen sich bereit f\u00fcr die Control 2022, der internationalen Fachmesse f\u00fcr Qualit\u00e4tssicherung.","articlekey":"","footnotes":""},"categories":[582],"tags":[2814],"class_list":["post-12152","post","type-post","status-publish","format-standard","hentry","category-operational-excellence","tag-control-2022"],"acf":[],"yoast_head":"<!-- This site is optimized with the Yoast SEO plugin v27.5 - https:\/\/yoast.com\/product\/yoast-seo-wordpress\/ -->\n<title>Control 2022 macht sich startbereit - Organisator<\/title>\n<meta name=\"description\" content=\"Aussteller und Fachbesucher machen sich bereit f\u00fcr die Control 2022, der internationalen Fachmesse f\u00fcr Qualit\u00e4tssicherung.\" \/>\n<meta name=\"robots\" content=\"index, follow, max-snippet:-1, max-image-preview:large, max-video-preview:-1\" \/>\n<link rel=\"canonical\" href=\"https:\/\/www.m-q.ch\/de\/control-2022-macht-sich-startbereit\/\" \/>\n<meta property=\"og:locale\" content=\"it_IT\" \/>\n<meta property=\"og:type\" content=\"article\" \/>\n<meta property=\"og:title\" content=\"Control 2022 macht sich startbereit - Organisator\" \/>\n<meta property=\"og:description\" content=\"Aussteller und Fachbesucher machen sich bereit f\u00fcr die Control 2022, der internationalen Fachmesse f\u00fcr Qualit\u00e4tssicherung.\" \/>\n<meta property=\"og:url\" content=\"https:\/\/www.m-q.ch\/de\/control-2022-macht-sich-startbereit\/\" \/>\n<meta property=\"og:site_name\" content=\"Organisator\" \/>\n<meta property=\"article:publisher\" content=\"https:\/\/www.facebook.com\/OrganisatorFachmagazin\" \/>\n<meta property=\"article:published_time\" content=\"2022-03-16T13:47:23+00:00\" \/>\n<meta property=\"article:modified_time\" content=\"2022-08-02T14:34:24+00:00\" \/>\n<meta property=\"og:image\" content=\"https:\/\/www.m-q.ch\/wp-content\/uploads\/2022\/03\/Control-2022-macht-sich-startbereit_MQ.jpg\" \/>\n<meta name=\"author\" content=\"galledia\" \/>\n<meta name=\"twitter:card\" content=\"summary_large_image\" \/>\n<meta name=\"twitter:creator\" content=\"@admin\" \/>\n<script type=\"application\/ld+json\" class=\"yoast-schema-graph\">{\"@context\":\"https:\\\/\\\/schema.org\",\"@graph\":[{\"@type\":\"Article\",\"@id\":\"https:\\\/\\\/www.m-q.ch\\\/de\\\/control-2022-macht-sich-startbereit\\\/#article\",\"isPartOf\":{\"@id\":\"https:\\\/\\\/www.organisator.ch\\\/operational-excellence\\\/2022-03-16\\\/control-2022-macht-sich-startbereit\\\/\"},\"author\":{\"name\":\"galledia\",\"@id\":\"https:\\\/\\\/www.organisator.ch\\\/#\\\/schema\\\/person\\\/4e51799071cd2dd1232ac003643ef5f0\"},\"headline\":\"Control 2022 macht sich startbereit\",\"datePublished\":\"2022-03-16T13:47:23+00:00\",\"dateModified\":\"2022-08-02T14:34:24+00:00\",\"mainEntityOfPage\":{\"@id\":\"https:\\\/\\\/www.organisator.ch\\\/operational-excellence\\\/2022-03-16\\\/control-2022-macht-sich-startbereit\\\/\"},\"wordCount\":448,\"publisher\":{\"@id\":\"https:\\\/\\\/www.organisator.ch\\\/#organization\"},\"image\":{\"@id\":\"https:\\\/\\\/www.m-q.ch\\\/de\\\/control-2022-macht-sich-startbereit\\\/#primaryimage\"},\"thumbnailUrl\":\"https:\\\/\\\/www.m-q.ch\\\/wp-content\\\/uploads\\\/2022\\\/03\\\/Control-2022-macht-sich-startbereit_MQ.jpg\",\"keywords\":[\"Control 2022\"],\"articleSection\":[\"OPERATIONAL EXCELLENCE\"],\"inLanguage\":\"it-IT\"},{\"@type\":\"WebPage\",\"@id\":\"https:\\\/\\\/www.organisator.ch\\\/operational-excellence\\\/2022-03-16\\\/control-2022-macht-sich-startbereit\\\/\",\"url\":\"https:\\\/\\\/www.m-q.ch\\\/de\\\/control-2022-macht-sich-startbereit\\\/\",\"name\":\"Control 2022 macht sich startbereit - Organisator\",\"isPartOf\":{\"@id\":\"https:\\\/\\\/www.organisator.ch\\\/#website\"},\"primaryImageOfPage\":{\"@id\":\"https:\\\/\\\/www.m-q.ch\\\/de\\\/control-2022-macht-sich-startbereit\\\/#primaryimage\"},\"image\":{\"@id\":\"https:\\\/\\\/www.m-q.ch\\\/de\\\/control-2022-macht-sich-startbereit\\\/#primaryimage\"},\"thumbnailUrl\":\"https:\\\/\\\/www.m-q.ch\\\/wp-content\\\/uploads\\\/2022\\\/03\\\/Control-2022-macht-sich-startbereit_MQ.jpg\",\"datePublished\":\"2022-03-16T13:47:23+00:00\",\"dateModified\":\"2022-08-02T14:34:24+00:00\",\"description\":\"Aussteller und Fachbesucher machen sich bereit f\u00fcr die Control 2022, der internationalen Fachmesse f\u00fcr Qualit\u00e4tssicherung.\",\"breadcrumb\":{\"@id\":\"https:\\\/\\\/www.m-q.ch\\\/de\\\/control-2022-macht-sich-startbereit\\\/#breadcrumb\"},\"inLanguage\":\"it-IT\",\"potentialAction\":[{\"@type\":\"ReadAction\",\"target\":[\"https:\\\/\\\/www.m-q.ch\\\/de\\\/control-2022-macht-sich-startbereit\\\/\"]}]},{\"@type\":\"ImageObject\",\"inLanguage\":\"it-IT\",\"@id\":\"https:\\\/\\\/www.m-q.ch\\\/de\\\/control-2022-macht-sich-startbereit\\\/#primaryimage\",\"url\":\"https:\\\/\\\/www.m-q.ch\\\/wp-content\\\/uploads\\\/2022\\\/03\\\/Control-2022-macht-sich-startbereit_MQ.jpg\",\"contentUrl\":\"https:\\\/\\\/www.m-q.ch\\\/wp-content\\\/uploads\\\/2022\\\/03\\\/Control-2022-macht-sich-startbereit_MQ.jpg\"},{\"@type\":\"BreadcrumbList\",\"@id\":\"https:\\\/\\\/www.m-q.ch\\\/de\\\/control-2022-macht-sich-startbereit\\\/#breadcrumb\",\"itemListElement\":[{\"@type\":\"ListItem\",\"position\":1,\"name\":\"Home\",\"item\":\"https:\\\/\\\/www.organisator.ch\\\/\"},{\"@type\":\"ListItem\",\"position\":2,\"name\":\"Control 2022 macht sich startbereit\"}]},{\"@type\":\"WebSite\",\"@id\":\"https:\\\/\\\/www.organisator.ch\\\/#website\",\"url\":\"https:\\\/\\\/www.organisator.ch\\\/\",\"name\":\"Organisator\",\"description\":\"Kompetent. Praxisnah. Der ORGANISATOR bereitet in 10 Ausgaben pro Jahr die wesentlichen Themen f\u00fcr F\u00fchrungskr\u00e4fte von KMU auf.\",\"publisher\":{\"@id\":\"https:\\\/\\\/www.organisator.ch\\\/#organization\"},\"potentialAction\":[{\"@type\":\"SearchAction\",\"target\":{\"@type\":\"EntryPoint\",\"urlTemplate\":\"https:\\\/\\\/www.organisator.ch\\\/?s={search_term_string}\"},\"query-input\":{\"@type\":\"PropertyValueSpecification\",\"valueRequired\":true,\"valueName\":\"search_term_string\"}}],\"inLanguage\":\"it-IT\"},{\"@type\":\"Organization\",\"@id\":\"https:\\\/\\\/www.organisator.ch\\\/#organization\",\"name\":\"Organisator\",\"url\":\"https:\\\/\\\/www.organisator.ch\\\/\",\"logo\":{\"@type\":\"ImageObject\",\"inLanguage\":\"it-IT\",\"@id\":\"https:\\\/\\\/www.organisator.ch\\\/#\\\/schema\\\/logo\\\/image\\\/\",\"url\":\"https:\\\/\\\/www.organisator.ch\\\/wp-content\\\/uploads\\\/2022\\\/01\\\/Logo_Organisator_Website.png\",\"contentUrl\":\"https:\\\/\\\/www.organisator.ch\\\/wp-content\\\/uploads\\\/2022\\\/01\\\/Logo_Organisator_Website.png\",\"width\":800,\"height\":77,\"caption\":\"Organisator\"},\"image\":{\"@id\":\"https:\\\/\\\/www.organisator.ch\\\/#\\\/schema\\\/logo\\\/image\\\/\"},\"sameAs\":[\"https:\\\/\\\/www.facebook.com\\\/OrganisatorFachmagazin\",\"https:\\\/\\\/www.linkedin.com\\\/showcase\\\/organisator-das-magazin-fr-kmu\",\"https:\\\/\\\/www.xing.com\\\/news\\\/pages\\\/organisator-ch-695\",\"https:\\\/\\\/www.youtube.com\\\/channel\\\/UCGP2Sq0iWaZwT3BdIAQFYpw\"]},{\"@type\":\"Person\",\"@id\":\"https:\\\/\\\/www.organisator.ch\\\/#\\\/schema\\\/person\\\/4e51799071cd2dd1232ac003643ef5f0\",\"name\":\"galledia\",\"image\":{\"@type\":\"ImageObject\",\"inLanguage\":\"it-IT\",\"@id\":\"https:\\\/\\\/secure.gravatar.com\\\/avatar\\\/78a7f90c01fc2bfc875782a0d4922b37cde2cf184ce347b91316d23cd7f69a36?s=96&d=mm&r=g\",\"url\":\"https:\\\/\\\/secure.gravatar.com\\\/avatar\\\/78a7f90c01fc2bfc875782a0d4922b37cde2cf184ce347b91316d23cd7f69a36?s=96&d=mm&r=g\",\"contentUrl\":\"https:\\\/\\\/secure.gravatar.com\\\/avatar\\\/78a7f90c01fc2bfc875782a0d4922b37cde2cf184ce347b91316d23cd7f69a36?s=96&d=mm&r=g\",\"caption\":\"galledia\"},\"sameAs\":[\"https:\\\/\\\/x.com\\\/admin\"],\"url\":\"https:\\\/\\\/www.organisator.ch\\\/it\\\/author\\\/galledia\\\/\"}]}<\/script>\n<!-- \/ Yoast SEO plugin. -->","yoast_head_json":{"title":"Il controllo 2022 si prepara al decollo - Organizzatore","description":"Espositori e visitatori si preparano per Control 2022, la fiera internazionale del controllo qualit\u00e0.","robots":{"index":"index","follow":"follow","max-snippet":"max-snippet:-1","max-image-preview":"max-image-preview:large","max-video-preview":"max-video-preview:-1"},"canonical":"https:\/\/www.m-q.ch\/de\/control-2022-macht-sich-startbereit\/","og_locale":"it_IT","og_type":"article","og_title":"Control 2022 macht sich startbereit - Organisator","og_description":"Aussteller und Fachbesucher machen sich bereit f\u00fcr die Control 2022, der internationalen Fachmesse f\u00fcr Qualit\u00e4tssicherung.","og_url":"https:\/\/www.m-q.ch\/de\/control-2022-macht-sich-startbereit\/","og_site_name":"Organisator","article_publisher":"https:\/\/www.facebook.com\/OrganisatorFachmagazin","article_published_time":"2022-03-16T13:47:23+00:00","article_modified_time":"2022-08-02T14:34:24+00:00","og_image":[{"url":"https:\/\/www.m-q.ch\/wp-content\/uploads\/2022\/03\/Control-2022-macht-sich-startbereit_MQ.jpg","type":"","width":"","height":""}],"author":"galledia","twitter_card":"summary_large_image","twitter_creator":"@admin","schema":{"@context":"https:\/\/schema.org","@graph":[{"@type":"Article","@id":"https:\/\/www.m-q.ch\/de\/control-2022-macht-sich-startbereit\/#article","isPartOf":{"@id":"https:\/\/www.organisator.ch\/operational-excellence\/2022-03-16\/control-2022-macht-sich-startbereit\/"},"author":{"name":"galledia","@id":"https:\/\/www.organisator.ch\/#\/schema\/person\/4e51799071cd2dd1232ac003643ef5f0"},"headline":"Control 2022 macht sich startbereit","datePublished":"2022-03-16T13:47:23+00:00","dateModified":"2022-08-02T14:34:24+00:00","mainEntityOfPage":{"@id":"https:\/\/www.organisator.ch\/operational-excellence\/2022-03-16\/control-2022-macht-sich-startbereit\/"},"wordCount":448,"publisher":{"@id":"https:\/\/www.organisator.ch\/#organization"},"image":{"@id":"https:\/\/www.m-q.ch\/de\/control-2022-macht-sich-startbereit\/#primaryimage"},"thumbnailUrl":"https:\/\/www.m-q.ch\/wp-content\/uploads\/2022\/03\/Control-2022-macht-sich-startbereit_MQ.jpg","keywords":["Control 2022"],"articleSection":["OPERATIONAL EXCELLENCE"],"inLanguage":"it-IT"},{"@type":"WebPage","@id":"https:\/\/www.organisator.ch\/operational-excellence\/2022-03-16\/control-2022-macht-sich-startbereit\/","url":"https:\/\/www.m-q.ch\/de\/control-2022-macht-sich-startbereit\/","name":"Il controllo 2022 si prepara al decollo - Organizzatore","isPartOf":{"@id":"https:\/\/www.organisator.ch\/#website"},"primaryImageOfPage":{"@id":"https:\/\/www.m-q.ch\/de\/control-2022-macht-sich-startbereit\/#primaryimage"},"image":{"@id":"https:\/\/www.m-q.ch\/de\/control-2022-macht-sich-startbereit\/#primaryimage"},"thumbnailUrl":"https:\/\/www.m-q.ch\/wp-content\/uploads\/2022\/03\/Control-2022-macht-sich-startbereit_MQ.jpg","datePublished":"2022-03-16T13:47:23+00:00","dateModified":"2022-08-02T14:34:24+00:00","description":"Espositori e visitatori si preparano per Control 2022, la fiera internazionale del controllo qualit\u00e0.","breadcrumb":{"@id":"https:\/\/www.m-q.ch\/de\/control-2022-macht-sich-startbereit\/#breadcrumb"},"inLanguage":"it-IT","potentialAction":[{"@type":"ReadAction","target":["https:\/\/www.m-q.ch\/de\/control-2022-macht-sich-startbereit\/"]}]},{"@type":"ImageObject","inLanguage":"it-IT","@id":"https:\/\/www.m-q.ch\/de\/control-2022-macht-sich-startbereit\/#primaryimage","url":"https:\/\/www.m-q.ch\/wp-content\/uploads\/2022\/03\/Control-2022-macht-sich-startbereit_MQ.jpg","contentUrl":"https:\/\/www.m-q.ch\/wp-content\/uploads\/2022\/03\/Control-2022-macht-sich-startbereit_MQ.jpg"},{"@type":"BreadcrumbList","@id":"https:\/\/www.m-q.ch\/de\/control-2022-macht-sich-startbereit\/#breadcrumb","itemListElement":[{"@type":"ListItem","position":1,"name":"Home","item":"https:\/\/www.organisator.ch\/"},{"@type":"ListItem","position":2,"name":"Control 2022 macht sich startbereit"}]},{"@type":"WebSite","@id":"https:\/\/www.organisator.ch\/#website","url":"https:\/\/www.organisator.ch\/","name":"Organizzatore","description":"Competente. Pratico. In 10 numeri all'anno, ORGANISATOR presenta i temi essenziali per i manager delle PMI.","publisher":{"@id":"https:\/\/www.organisator.ch\/#organization"},"potentialAction":[{"@type":"SearchAction","target":{"@type":"EntryPoint","urlTemplate":"https:\/\/www.organisator.ch\/?s={search_term_string}"},"query-input":{"@type":"PropertyValueSpecification","valueRequired":true,"valueName":"search_term_string"}}],"inLanguage":"it-IT"},{"@type":"Organization","@id":"https:\/\/www.organisator.ch\/#organization","name":"Organizzatore","url":"https:\/\/www.organisator.ch\/","logo":{"@type":"ImageObject","inLanguage":"it-IT","@id":"https:\/\/www.organisator.ch\/#\/schema\/logo\/image\/","url":"https:\/\/www.organisator.ch\/wp-content\/uploads\/2022\/01\/Logo_Organisator_Website.png","contentUrl":"https:\/\/www.organisator.ch\/wp-content\/uploads\/2022\/01\/Logo_Organisator_Website.png","width":800,"height":77,"caption":"Organisator"},"image":{"@id":"https:\/\/www.organisator.ch\/#\/schema\/logo\/image\/"},"sameAs":["https:\/\/www.facebook.com\/OrganisatorFachmagazin","https:\/\/www.linkedin.com\/showcase\/organisator-das-magazin-fr-kmu","https:\/\/www.xing.com\/news\/pages\/organisator-ch-695","https:\/\/www.youtube.com\/channel\/UCGP2Sq0iWaZwT3BdIAQFYpw"]},{"@type":"Person","@id":"https:\/\/www.organisator.ch\/#\/schema\/person\/4e51799071cd2dd1232ac003643ef5f0","name":"galledia","image":{"@type":"ImageObject","inLanguage":"it-IT","@id":"https:\/\/secure.gravatar.com\/avatar\/78a7f90c01fc2bfc875782a0d4922b37cde2cf184ce347b91316d23cd7f69a36?s=96&d=mm&r=g","url":"https:\/\/secure.gravatar.com\/avatar\/78a7f90c01fc2bfc875782a0d4922b37cde2cf184ce347b91316d23cd7f69a36?s=96&d=mm&r=g","contentUrl":"https:\/\/secure.gravatar.com\/avatar\/78a7f90c01fc2bfc875782a0d4922b37cde2cf184ce347b91316d23cd7f69a36?s=96&d=mm&r=g","caption":"galledia"},"sameAs":["https:\/\/x.com\/admin"],"url":"https:\/\/www.organisator.ch\/it\/author\/galledia\/"}]}},"_links":{"self":[{"href":"https:\/\/www.organisator.ch\/it\/wp-json\/wp\/v2\/posts\/12152","targetHints":{"allow":["GET"]}}],"collection":[{"href":"https:\/\/www.organisator.ch\/it\/wp-json\/wp\/v2\/posts"}],"about":[{"href":"https:\/\/www.organisator.ch\/it\/wp-json\/wp\/v2\/types\/post"}],"author":[{"embeddable":true,"href":"https:\/\/www.organisator.ch\/it\/wp-json\/wp\/v2\/users\/8"}],"replies":[{"embeddable":true,"href":"https:\/\/www.organisator.ch\/it\/wp-json\/wp\/v2\/comments?post=12152"}],"version-history":[{"count":5,"href":"https:\/\/www.organisator.ch\/it\/wp-json\/wp\/v2\/posts\/12152\/revisions"}],"predecessor-version":[{"id":16245,"href":"https:\/\/www.organisator.ch\/it\/wp-json\/wp\/v2\/posts\/12152\/revisions\/16245"}],"wp:attachment":[{"href":"https:\/\/www.organisator.ch\/it\/wp-json\/wp\/v2\/media?parent=12152"}],"wp:term":[{"taxonomy":"category","embeddable":true,"href":"https:\/\/www.organisator.ch\/it\/wp-json\/wp\/v2\/categories?post=12152"},{"taxonomy":"post_tag","embeddable":true,"href":"https:\/\/www.organisator.ch\/it\/wp-json\/wp\/v2\/tags?post=12152"}],"curies":[{"name":"wp","href":"https:\/\/api.w.org\/{rel}","templated":true}]}}