{"id":12164,"date":"2022-03-17T08:47:11","date_gmt":"2022-03-17T07:47:11","guid":{"rendered":"https:\/\/www.werbewoche.ch\/?p=167408"},"modified":"2022-08-01T13:40:58","modified_gmt":"2022-08-01T11:40:58","slug":"marius-orso-diventa-ambasciatore-marchio-per-eventfrog","status":"publish","type":"post","link":"https:\/\/www.organisator.ch\/it\/marketing\/2022-03-17\/marius-bear-wird-markenbotschafter-fuer-eventfrog\/","title":{"rendered":"Marius Bear diventa ambasciatore del marchio Eventfrog"},"content":{"rendered":"<img class=\"aligncenter wp-image-167409 size-full\" src=\"https:\/\/www.werbewoche.ch\/wp-content\/uploads\/2022\/03\/MariusBear_Eventfrog_Markenbotschafter.jpg\" alt=\"Eventfrog\" width=\"1200\" height=\"900\" \/>\r\n\r\nGioved\u00ec, la startup ha annunciato la partnership con il cantante del CES in un comunicato. La collaborazione tra Marius Bear e Eventfrog d\u00e0 al cantante accesso a una piattaforma pubblicitaria ideale per il suo album e i tour associati in Svizzera, ha detto. \"Non vedo l'ora di collaborare e di diventare un ambasciatore del marchio. Eventfrog si impegna per il paesaggio culturale e per noi artisti. Posso sostenerlo con tutto il cuore e impegnarmi nella rivoluzione dell'evento\", dice Bear a proposito della collaborazione.\r\n<h3><strong>Collegare valori e obiettivi<\/strong><\/h3>\r\nMarius Bear non \u00e8 il primo ambasciatore di Eventfrog. Il chitarrista Zlatko Perica, meglio conosciuto come Sl\u00e4du, si \u00e8 gi\u00e0 unito alla start-up nel 2021. Secondo Sl\u00e4du, il motivo della scelta di Marius Bear come ambasciatore \u00e8 ovvio: \"Per me Marius Bear rappresenta gli stessi valori di Eventfrog: visionario, innovativo, combattivo e culturalmente impegnato. L'abbinamento \u00e8 pi\u00f9 adatto a me di quanto potessi immaginare. Proprio come Eventfrog, \u00e8 un simpatico emergente con un potenziale internazionale\".\r\n\r\nMarius Bear, il cui vero nome \u00e8 H\u00fcgli, \u00e8 cresciuto vicino ad Appenzello. Si \u00e8 avvicinato alla musica solo a vent'anni, dopo aver ricevuto i complimenti per la sua voce alla scuola reclute. All'inizio ha tentato la fortuna come musicista di strada, prima di essere attratto da Londra per studiare musica alla British and Irish Modern Music School. Nel 2019 ha ricevuto lo Swiss Music Award e nel 2022 rappresenter\u00e0 la Svizzera all'Eurovision Song Contest.","protected":false},"excerpt":{"rendered":"<p>Am Donnerstag hat das Startup die Partnerschaft mit dem ESC-S\u00e4nger in einer Mitteilung bekanntgegeben. Durch die Zusammenarbeit zwischen Marius Bear und Eventfrog habe der S\u00e4nger Zugriff auf eine ideale Werbeplattform f\u00fcr sein Album und die zugeh\u00f6rigen Tourneen in der Schweiz, heisst es. \u00abIch freue mich riesig auf die Zusammenarbeit und darauf, Markenbotschafter zu werden. Eventfrog [\u2026]<\/p>\n","protected":false},"author":8,"featured_media":0,"comment_status":"closed","ping_status":"closed","sticky":false,"template":"","format":"standard","meta":{"_acf_changed":false,"_yoast_wpseo_focuskw":"Eventfrog","_yoast_wpseo_metadesc":"Das Oltner Start-up Eventfrog findet mit Marius Bear einen prominenten Unterst\u00fctzer. Als Markenbotschafter von Eventfrog will der Pop-S\u00e4nger das Event- und Ticketing-Unternehmen bekannter machen.","articlekey":"","footnotes":""},"categories":[29],"tags":[2751,2752],"class_list":["post-12164","post","type-post","status-publish","format-standard","hentry","category-marketing","tag-eventfrog","tag-markenbotschafter"],"acf":[],"yoast_head":"<!-- This site is optimized with the Yoast SEO plugin v27.5 - https:\/\/yoast.com\/product\/yoast-seo-wordpress\/ -->\n<title>Marius Bear wird Markenbotschafter f\u00fcr Eventfrog - Organisator<\/title>\n<meta name=\"description\" content=\"Das Oltner Start-up Eventfrog findet mit Marius Bear einen prominenten Unterst\u00fctzer. Als Markenbotschafter von Eventfrog will der Pop-S\u00e4nger das Event- und Ticketing-Unternehmen bekannter machen.\" \/>\n<meta name=\"robots\" content=\"index, follow, max-snippet:-1, max-image-preview:large, max-video-preview:-1\" \/>\n<link rel=\"canonical\" href=\"https:\/\/www.werbewoche.ch\/de\/marketing\/marken\/2022-03-17\/marius-bear-wird-markenbotschafter-fuer-eventfrog\/\" \/>\n<meta property=\"og:locale\" content=\"it_IT\" \/>\n<meta property=\"og:type\" content=\"article\" \/>\n<meta property=\"og:title\" content=\"Marius Bear wird Markenbotschafter f\u00fcr Eventfrog - Organisator\" \/>\n<meta property=\"og:description\" content=\"Das Oltner Start-up Eventfrog findet mit Marius Bear einen prominenten Unterst\u00fctzer. Als Markenbotschafter von Eventfrog will der Pop-S\u00e4nger das Event- und Ticketing-Unternehmen bekannter machen.\" \/>\n<meta property=\"og:url\" content=\"https:\/\/www.werbewoche.ch\/de\/marketing\/marken\/2022-03-17\/marius-bear-wird-markenbotschafter-fuer-eventfrog\/\" \/>\n<meta property=\"og:site_name\" content=\"Organisator\" \/>\n<meta property=\"article:publisher\" content=\"https:\/\/www.facebook.com\/OrganisatorFachmagazin\" \/>\n<meta property=\"article:published_time\" content=\"2022-03-17T07:47:11+00:00\" \/>\n<meta property=\"article:modified_time\" content=\"2022-08-01T11:40:58+00:00\" \/>\n<meta property=\"og:image\" content=\"https:\/\/www.werbewoche.ch\/wp-content\/uploads\/2022\/03\/MariusBear_Eventfrog_Markenbotschafter.jpg\" \/>\n<meta name=\"author\" content=\"galledia\" \/>\n<meta name=\"twitter:card\" content=\"summary_large_image\" \/>\n<meta name=\"twitter:creator\" content=\"@admin\" \/>\n<script type=\"application\/ld+json\" class=\"yoast-schema-graph\">{\"@context\":\"https:\\\/\\\/schema.org\",\"@graph\":[{\"@type\":\"Article\",\"@id\":\"https:\\\/\\\/www.werbewoche.ch\\\/de\\\/marketing\\\/marken\\\/2022-03-17\\\/marius-bear-wird-markenbotschafter-fuer-eventfrog\\\/#article\",\"isPartOf\":{\"@id\":\"https:\\\/\\\/www.organisator.ch\\\/marketing\\\/2022-03-17\\\/marius-bear-wird-markenbotschafter-fuer-eventfrog\\\/\"},\"author\":{\"name\":\"galledia\",\"@id\":\"https:\\\/\\\/www.organisator.ch\\\/#\\\/schema\\\/person\\\/4e51799071cd2dd1232ac003643ef5f0\"},\"headline\":\"Marius Bear wird Markenbotschafter f\u00fcr Eventfrog\",\"datePublished\":\"2022-03-17T07:47:11+00:00\",\"dateModified\":\"2022-08-01T11:40:58+00:00\",\"mainEntityOfPage\":{\"@id\":\"https:\\\/\\\/www.organisator.ch\\\/marketing\\\/2022-03-17\\\/marius-bear-wird-markenbotschafter-fuer-eventfrog\\\/\"},\"wordCount\":263,\"publisher\":{\"@id\":\"https:\\\/\\\/www.organisator.ch\\\/#organization\"},\"image\":{\"@id\":\"https:\\\/\\\/www.werbewoche.ch\\\/de\\\/marketing\\\/marken\\\/2022-03-17\\\/marius-bear-wird-markenbotschafter-fuer-eventfrog\\\/#primaryimage\"},\"thumbnailUrl\":\"https:\\\/\\\/www.werbewoche.ch\\\/wp-content\\\/uploads\\\/2022\\\/03\\\/MariusBear_Eventfrog_Markenbotschafter.jpg\",\"keywords\":[\"Eventfrog\",\"Markenbotschafter\"],\"articleSection\":[\"MARKETING\"],\"inLanguage\":\"it-IT\"},{\"@type\":\"WebPage\",\"@id\":\"https:\\\/\\\/www.organisator.ch\\\/marketing\\\/2022-03-17\\\/marius-bear-wird-markenbotschafter-fuer-eventfrog\\\/\",\"url\":\"https:\\\/\\\/www.werbewoche.ch\\\/de\\\/marketing\\\/marken\\\/2022-03-17\\\/marius-bear-wird-markenbotschafter-fuer-eventfrog\\\/\",\"name\":\"Marius Bear wird Markenbotschafter f\u00fcr Eventfrog - Organisator\",\"isPartOf\":{\"@id\":\"https:\\\/\\\/www.organisator.ch\\\/#website\"},\"primaryImageOfPage\":{\"@id\":\"https:\\\/\\\/www.werbewoche.ch\\\/de\\\/marketing\\\/marken\\\/2022-03-17\\\/marius-bear-wird-markenbotschafter-fuer-eventfrog\\\/#primaryimage\"},\"image\":{\"@id\":\"https:\\\/\\\/www.werbewoche.ch\\\/de\\\/marketing\\\/marken\\\/2022-03-17\\\/marius-bear-wird-markenbotschafter-fuer-eventfrog\\\/#primaryimage\"},\"thumbnailUrl\":\"https:\\\/\\\/www.werbewoche.ch\\\/wp-content\\\/uploads\\\/2022\\\/03\\\/MariusBear_Eventfrog_Markenbotschafter.jpg\",\"datePublished\":\"2022-03-17T07:47:11+00:00\",\"dateModified\":\"2022-08-01T11:40:58+00:00\",\"description\":\"Das Oltner Start-up Eventfrog findet mit Marius Bear einen prominenten Unterst\u00fctzer. Als Markenbotschafter von Eventfrog will der Pop-S\u00e4nger das Event- und Ticketing-Unternehmen bekannter machen.\",\"breadcrumb\":{\"@id\":\"https:\\\/\\\/www.werbewoche.ch\\\/de\\\/marketing\\\/marken\\\/2022-03-17\\\/marius-bear-wird-markenbotschafter-fuer-eventfrog\\\/#breadcrumb\"},\"inLanguage\":\"it-IT\",\"potentialAction\":[{\"@type\":\"ReadAction\",\"target\":[\"https:\\\/\\\/www.werbewoche.ch\\\/de\\\/marketing\\\/marken\\\/2022-03-17\\\/marius-bear-wird-markenbotschafter-fuer-eventfrog\\\/\"]}]},{\"@type\":\"ImageObject\",\"inLanguage\":\"it-IT\",\"@id\":\"https:\\\/\\\/www.werbewoche.ch\\\/de\\\/marketing\\\/marken\\\/2022-03-17\\\/marius-bear-wird-markenbotschafter-fuer-eventfrog\\\/#primaryimage\",\"url\":\"https:\\\/\\\/www.werbewoche.ch\\\/wp-content\\\/uploads\\\/2022\\\/03\\\/MariusBear_Eventfrog_Markenbotschafter.jpg\",\"contentUrl\":\"https:\\\/\\\/www.werbewoche.ch\\\/wp-content\\\/uploads\\\/2022\\\/03\\\/MariusBear_Eventfrog_Markenbotschafter.jpg\"},{\"@type\":\"BreadcrumbList\",\"@id\":\"https:\\\/\\\/www.werbewoche.ch\\\/de\\\/marketing\\\/marken\\\/2022-03-17\\\/marius-bear-wird-markenbotschafter-fuer-eventfrog\\\/#breadcrumb\",\"itemListElement\":[{\"@type\":\"ListItem\",\"position\":1,\"name\":\"Home\",\"item\":\"https:\\\/\\\/www.organisator.ch\\\/\"},{\"@type\":\"ListItem\",\"position\":2,\"name\":\"Marius Bear wird Markenbotschafter f\u00fcr Eventfrog\"}]},{\"@type\":\"WebSite\",\"@id\":\"https:\\\/\\\/www.organisator.ch\\\/#website\",\"url\":\"https:\\\/\\\/www.organisator.ch\\\/\",\"name\":\"Organisator\",\"description\":\"Kompetent. Praxisnah. Der ORGANISATOR bereitet in 10 Ausgaben pro Jahr die wesentlichen Themen f\u00fcr F\u00fchrungskr\u00e4fte von KMU auf.\",\"publisher\":{\"@id\":\"https:\\\/\\\/www.organisator.ch\\\/#organization\"},\"potentialAction\":[{\"@type\":\"SearchAction\",\"target\":{\"@type\":\"EntryPoint\",\"urlTemplate\":\"https:\\\/\\\/www.organisator.ch\\\/?s={search_term_string}\"},\"query-input\":{\"@type\":\"PropertyValueSpecification\",\"valueRequired\":true,\"valueName\":\"search_term_string\"}}],\"inLanguage\":\"it-IT\"},{\"@type\":\"Organization\",\"@id\":\"https:\\\/\\\/www.organisator.ch\\\/#organization\",\"name\":\"Organisator\",\"url\":\"https:\\\/\\\/www.organisator.ch\\\/\",\"logo\":{\"@type\":\"ImageObject\",\"inLanguage\":\"it-IT\",\"@id\":\"https:\\\/\\\/www.organisator.ch\\\/#\\\/schema\\\/logo\\\/image\\\/\",\"url\":\"https:\\\/\\\/www.organisator.ch\\\/wp-content\\\/uploads\\\/2022\\\/01\\\/Logo_Organisator_Website.png\",\"contentUrl\":\"https:\\\/\\\/www.organisator.ch\\\/wp-content\\\/uploads\\\/2022\\\/01\\\/Logo_Organisator_Website.png\",\"width\":800,\"height\":77,\"caption\":\"Organisator\"},\"image\":{\"@id\":\"https:\\\/\\\/www.organisator.ch\\\/#\\\/schema\\\/logo\\\/image\\\/\"},\"sameAs\":[\"https:\\\/\\\/www.facebook.com\\\/OrganisatorFachmagazin\",\"https:\\\/\\\/www.linkedin.com\\\/showcase\\\/organisator-das-magazin-fr-kmu\",\"https:\\\/\\\/www.xing.com\\\/news\\\/pages\\\/organisator-ch-695\",\"https:\\\/\\\/www.youtube.com\\\/channel\\\/UCGP2Sq0iWaZwT3BdIAQFYpw\"]},{\"@type\":\"Person\",\"@id\":\"https:\\\/\\\/www.organisator.ch\\\/#\\\/schema\\\/person\\\/4e51799071cd2dd1232ac003643ef5f0\",\"name\":\"galledia\",\"image\":{\"@type\":\"ImageObject\",\"inLanguage\":\"it-IT\",\"@id\":\"https:\\\/\\\/secure.gravatar.com\\\/avatar\\\/78a7f90c01fc2bfc875782a0d4922b37cde2cf184ce347b91316d23cd7f69a36?s=96&d=mm&r=g\",\"url\":\"https:\\\/\\\/secure.gravatar.com\\\/avatar\\\/78a7f90c01fc2bfc875782a0d4922b37cde2cf184ce347b91316d23cd7f69a36?s=96&d=mm&r=g\",\"contentUrl\":\"https:\\\/\\\/secure.gravatar.com\\\/avatar\\\/78a7f90c01fc2bfc875782a0d4922b37cde2cf184ce347b91316d23cd7f69a36?s=96&d=mm&r=g\",\"caption\":\"galledia\"},\"sameAs\":[\"https:\\\/\\\/x.com\\\/admin\"],\"url\":\"https:\\\/\\\/www.organisator.ch\\\/it\\\/author\\\/galledia\\\/\"}]}<\/script>\n<!-- \/ Yoast SEO plugin. -->","yoast_head_json":{"title":"L'orso Marius diventa ambasciatore del marchio Eventfrog - Organizzatore","description":"La start-up Eventfrog, con sede a Olten, ha trovato un importante sostenitore in Marius Bear. In qualit\u00e0 di ambasciatrice del marchio Eventfrog, la cantante pop vuole far conoscere meglio la societ\u00e0 di eventi e biglietteria.","robots":{"index":"index","follow":"follow","max-snippet":"max-snippet:-1","max-image-preview":"max-image-preview:large","max-video-preview":"max-video-preview:-1"},"canonical":"https:\/\/www.werbewoche.ch\/de\/marketing\/marken\/2022-03-17\/marius-bear-wird-markenbotschafter-fuer-eventfrog\/","og_locale":"it_IT","og_type":"article","og_title":"Marius Bear wird Markenbotschafter f\u00fcr Eventfrog - Organisator","og_description":"Das Oltner Start-up Eventfrog findet mit Marius Bear einen prominenten Unterst\u00fctzer. Als Markenbotschafter von Eventfrog will der Pop-S\u00e4nger das Event- und Ticketing-Unternehmen bekannter machen.","og_url":"https:\/\/www.werbewoche.ch\/de\/marketing\/marken\/2022-03-17\/marius-bear-wird-markenbotschafter-fuer-eventfrog\/","og_site_name":"Organisator","article_publisher":"https:\/\/www.facebook.com\/OrganisatorFachmagazin","article_published_time":"2022-03-17T07:47:11+00:00","article_modified_time":"2022-08-01T11:40:58+00:00","og_image":[{"url":"https:\/\/www.werbewoche.ch\/wp-content\/uploads\/2022\/03\/MariusBear_Eventfrog_Markenbotschafter.jpg","type":"","width":"","height":""}],"author":"galledia","twitter_card":"summary_large_image","twitter_creator":"@admin","schema":{"@context":"https:\/\/schema.org","@graph":[{"@type":"Article","@id":"https:\/\/www.werbewoche.ch\/de\/marketing\/marken\/2022-03-17\/marius-bear-wird-markenbotschafter-fuer-eventfrog\/#article","isPartOf":{"@id":"https:\/\/www.organisator.ch\/marketing\/2022-03-17\/marius-bear-wird-markenbotschafter-fuer-eventfrog\/"},"author":{"name":"galledia","@id":"https:\/\/www.organisator.ch\/#\/schema\/person\/4e51799071cd2dd1232ac003643ef5f0"},"headline":"Marius Bear wird Markenbotschafter f\u00fcr Eventfrog","datePublished":"2022-03-17T07:47:11+00:00","dateModified":"2022-08-01T11:40:58+00:00","mainEntityOfPage":{"@id":"https:\/\/www.organisator.ch\/marketing\/2022-03-17\/marius-bear-wird-markenbotschafter-fuer-eventfrog\/"},"wordCount":263,"publisher":{"@id":"https:\/\/www.organisator.ch\/#organization"},"image":{"@id":"https:\/\/www.werbewoche.ch\/de\/marketing\/marken\/2022-03-17\/marius-bear-wird-markenbotschafter-fuer-eventfrog\/#primaryimage"},"thumbnailUrl":"https:\/\/www.werbewoche.ch\/wp-content\/uploads\/2022\/03\/MariusBear_Eventfrog_Markenbotschafter.jpg","keywords":["Eventfrog","Markenbotschafter"],"articleSection":["MARKETING"],"inLanguage":"it-IT"},{"@type":"WebPage","@id":"https:\/\/www.organisator.ch\/marketing\/2022-03-17\/marius-bear-wird-markenbotschafter-fuer-eventfrog\/","url":"https:\/\/www.werbewoche.ch\/de\/marketing\/marken\/2022-03-17\/marius-bear-wird-markenbotschafter-fuer-eventfrog\/","name":"L'orso Marius diventa ambasciatore del marchio Eventfrog - Organizzatore","isPartOf":{"@id":"https:\/\/www.organisator.ch\/#website"},"primaryImageOfPage":{"@id":"https:\/\/www.werbewoche.ch\/de\/marketing\/marken\/2022-03-17\/marius-bear-wird-markenbotschafter-fuer-eventfrog\/#primaryimage"},"image":{"@id":"https:\/\/www.werbewoche.ch\/de\/marketing\/marken\/2022-03-17\/marius-bear-wird-markenbotschafter-fuer-eventfrog\/#primaryimage"},"thumbnailUrl":"https:\/\/www.werbewoche.ch\/wp-content\/uploads\/2022\/03\/MariusBear_Eventfrog_Markenbotschafter.jpg","datePublished":"2022-03-17T07:47:11+00:00","dateModified":"2022-08-01T11:40:58+00:00","description":"La start-up Eventfrog, con sede a Olten, ha trovato un importante sostenitore in Marius Bear. In qualit\u00e0 di ambasciatrice del marchio Eventfrog, la cantante pop vuole far conoscere meglio la societ\u00e0 di eventi e biglietteria.","breadcrumb":{"@id":"https:\/\/www.werbewoche.ch\/de\/marketing\/marken\/2022-03-17\/marius-bear-wird-markenbotschafter-fuer-eventfrog\/#breadcrumb"},"inLanguage":"it-IT","potentialAction":[{"@type":"ReadAction","target":["https:\/\/www.werbewoche.ch\/de\/marketing\/marken\/2022-03-17\/marius-bear-wird-markenbotschafter-fuer-eventfrog\/"]}]},{"@type":"ImageObject","inLanguage":"it-IT","@id":"https:\/\/www.werbewoche.ch\/de\/marketing\/marken\/2022-03-17\/marius-bear-wird-markenbotschafter-fuer-eventfrog\/#primaryimage","url":"https:\/\/www.werbewoche.ch\/wp-content\/uploads\/2022\/03\/MariusBear_Eventfrog_Markenbotschafter.jpg","contentUrl":"https:\/\/www.werbewoche.ch\/wp-content\/uploads\/2022\/03\/MariusBear_Eventfrog_Markenbotschafter.jpg"},{"@type":"BreadcrumbList","@id":"https:\/\/www.werbewoche.ch\/de\/marketing\/marken\/2022-03-17\/marius-bear-wird-markenbotschafter-fuer-eventfrog\/#breadcrumb","itemListElement":[{"@type":"ListItem","position":1,"name":"Home","item":"https:\/\/www.organisator.ch\/"},{"@type":"ListItem","position":2,"name":"Marius Bear wird Markenbotschafter f\u00fcr Eventfrog"}]},{"@type":"WebSite","@id":"https:\/\/www.organisator.ch\/#website","url":"https:\/\/www.organisator.ch\/","name":"Organizzatore","description":"Competente. Pratico. In 10 numeri all'anno, ORGANISATOR presenta i temi essenziali per i manager delle PMI.","publisher":{"@id":"https:\/\/www.organisator.ch\/#organization"},"potentialAction":[{"@type":"SearchAction","target":{"@type":"EntryPoint","urlTemplate":"https:\/\/www.organisator.ch\/?s={search_term_string}"},"query-input":{"@type":"PropertyValueSpecification","valueRequired":true,"valueName":"search_term_string"}}],"inLanguage":"it-IT"},{"@type":"Organization","@id":"https:\/\/www.organisator.ch\/#organization","name":"Organizzatore","url":"https:\/\/www.organisator.ch\/","logo":{"@type":"ImageObject","inLanguage":"it-IT","@id":"https:\/\/www.organisator.ch\/#\/schema\/logo\/image\/","url":"https:\/\/www.organisator.ch\/wp-content\/uploads\/2022\/01\/Logo_Organisator_Website.png","contentUrl":"https:\/\/www.organisator.ch\/wp-content\/uploads\/2022\/01\/Logo_Organisator_Website.png","width":800,"height":77,"caption":"Organisator"},"image":{"@id":"https:\/\/www.organisator.ch\/#\/schema\/logo\/image\/"},"sameAs":["https:\/\/www.facebook.com\/OrganisatorFachmagazin","https:\/\/www.linkedin.com\/showcase\/organisator-das-magazin-fr-kmu","https:\/\/www.xing.com\/news\/pages\/organisator-ch-695","https:\/\/www.youtube.com\/channel\/UCGP2Sq0iWaZwT3BdIAQFYpw"]},{"@type":"Person","@id":"https:\/\/www.organisator.ch\/#\/schema\/person\/4e51799071cd2dd1232ac003643ef5f0","name":"galledia","image":{"@type":"ImageObject","inLanguage":"it-IT","@id":"https:\/\/secure.gravatar.com\/avatar\/78a7f90c01fc2bfc875782a0d4922b37cde2cf184ce347b91316d23cd7f69a36?s=96&d=mm&r=g","url":"https:\/\/secure.gravatar.com\/avatar\/78a7f90c01fc2bfc875782a0d4922b37cde2cf184ce347b91316d23cd7f69a36?s=96&d=mm&r=g","contentUrl":"https:\/\/secure.gravatar.com\/avatar\/78a7f90c01fc2bfc875782a0d4922b37cde2cf184ce347b91316d23cd7f69a36?s=96&d=mm&r=g","caption":"galledia"},"sameAs":["https:\/\/x.com\/admin"],"url":"https:\/\/www.organisator.ch\/it\/author\/galledia\/"}]}},"_links":{"self":[{"href":"https:\/\/www.organisator.ch\/it\/wp-json\/wp\/v2\/posts\/12164","targetHints":{"allow":["GET"]}}],"collection":[{"href":"https:\/\/www.organisator.ch\/it\/wp-json\/wp\/v2\/posts"}],"about":[{"href":"https:\/\/www.organisator.ch\/it\/wp-json\/wp\/v2\/types\/post"}],"author":[{"embeddable":true,"href":"https:\/\/www.organisator.ch\/it\/wp-json\/wp\/v2\/users\/8"}],"replies":[{"embeddable":true,"href":"https:\/\/www.organisator.ch\/it\/wp-json\/wp\/v2\/comments?post=12164"}],"version-history":[{"count":3,"href":"https:\/\/www.organisator.ch\/it\/wp-json\/wp\/v2\/posts\/12164\/revisions"}],"predecessor-version":[{"id":16041,"href":"https:\/\/www.organisator.ch\/it\/wp-json\/wp\/v2\/posts\/12164\/revisions\/16041"}],"wp:attachment":[{"href":"https:\/\/www.organisator.ch\/it\/wp-json\/wp\/v2\/media?parent=12164"}],"wp:term":[{"taxonomy":"category","embeddable":true,"href":"https:\/\/www.organisator.ch\/it\/wp-json\/wp\/v2\/categories?post=12164"},{"taxonomy":"post_tag","embeddable":true,"href":"https:\/\/www.organisator.ch\/it\/wp-json\/wp\/v2\/tags?post=12164"}],"curies":[{"name":"wp","href":"https:\/\/api.w.org\/{rel}","templated":true}]}}