{"id":12206,"date":"2022-03-24T13:26:43","date_gmt":"2022-03-24T12:26:43","guid":{"rendered":"https:\/\/www.organisator.ch\/?p=12206"},"modified":"2022-03-24T13:26:43","modified_gmt":"2022-03-24T12:26:43","slug":"37-zuercher-logistik-kolloquium-am-10-mai-2022","status":"publish","type":"post","link":"https:\/\/www.organisator.ch\/it\/operational-excellence\/2022-03-24\/37-zuercher-logistik-kolloquium-am-10-mai-2022\/","title":{"rendered":"37\u00b0 Colloquio logistico di Zurigo il 10 maggio 2022"},"content":{"rendered":"<figure id=\"attachment_12211\" aria-describedby=\"caption-attachment-12211\" style=\"width: 680px\" class=\"wp-caption alignnone\"><img loading=\"lazy\" decoding=\"async\" class=\"size-full wp-image-12211\" src=\"https:\/\/www.organisator.ch\/wp-content\/uploads\/2022\/03\/37-Zuercher-Logistik-Kolloquium-am-10-Mai-2022_Organisator.jpg\" alt=\"\" width=\"680\" height=\"453\" srcset=\"https:\/\/www.organisator.ch\/wp-content\/uploads\/2022\/03\/37-Zuercher-Logistik-Kolloquium-am-10-Mai-2022_Organisator.jpg 680w, https:\/\/www.organisator.ch\/wp-content\/uploads\/2022\/03\/37-Zuercher-Logistik-Kolloquium-am-10-Mai-2022_Organisator-18x12.jpg 18w, https:\/\/www.organisator.ch\/wp-content\/uploads\/2022\/03\/37-Zuercher-Logistik-Kolloquium-am-10-Mai-2022_Organisator-263x175.jpg 263w, https:\/\/www.organisator.ch\/wp-content\/uploads\/2022\/03\/37-Zuercher-Logistik-Kolloquium-am-10-Mai-2022_Organisator-525x350.jpg 525w, https:\/\/www.organisator.ch\/wp-content\/uploads\/2022\/03\/37-Zuercher-Logistik-Kolloquium-am-10-Mai-2022_Organisator-300x200.jpg 300w\" sizes=\"auto, (max-width: 680px) 100vw, 680px\" \/><figcaption id=\"caption-attachment-12211\" class=\"wp-caption-text\">Inviti al Colloquio logistico di Zurigo del 10 maggio 2022: Dr Ac\u00e9l, qui con Eva Kollmann (Edufarm) e Georg Zobrist (Edufarm AG &amp; Landgut Weitsicht). Immagine: Dr. Ac\u00e9l &amp; Partner.<\/figcaption><\/figure>\n<p>Lo Zurich Logistics Colloquium \u00e8 ormai considerato un evento tradizionale tra gli esperti. Avr\u00e0 luogo per la 37esima volta il 10 maggio 2022. \u00c8 organizzato dalla societ\u00e0 di consulenza Dr. Ac\u00e9l &amp; Partner AG in collaborazione con l'ETH di Zurigo. Cinque esperti di aziende leader forniranno approfondimenti sui loro progetti e successi. I partecipanti sentiranno parlare di potenziali utilizzati in modo intelligente, di esperienze pratiche e di idee e tendenze rilevanti per il successo. Quest'anno, le presentazioni degli esperti si terranno sotto il tema di attualit\u00e0 <strong>\"Operazioni di nuovo livello\"<\/strong> tenuto:<\/p>\n<ul>\n<li><strong>Non c'\u00e8 ingegneria meccanica senza logistica: <\/strong>Sourcing, trappola dei costi di trasporto, dilemma delle piccole quantit\u00e0. <strong>Prof. Dr.-Ing. Frank Brinken, <\/strong>Consiglio di sorveglianza VFK AG, Heidelberg, VR Precision Surface Solutions LLC, Chicago, Presidente, Fondatore BB Intec AG, Zug<\/li>\n<li><strong>Cambiamento nel commercio: <\/strong>Fattore di successo - la logistica, l'ostacolo come opportunit\u00e0, i dipendenti come chiave. <strong>Dottor Gesine Moritz, <\/strong>Capo divisione Supply Chain Management, membro della direzione, Woodpecker Group AG, Frauenfeld<\/li>\n<li><strong>La digitalizzazione incontra l'automazione: <\/strong>Dati a valore aggiunto, realt\u00e0 aumentata, gemello digitale. <strong>Daniel Gilgen, <\/strong>Vice CEO della Gilgen Logistics AG, Oberwangen, responsabile della divisione sistemi<\/li>\n<li><strong>Realt\u00e0 virtuale nel<\/strong><strong> Design del posto di lavoro: <\/strong>VR Engineering, Trascrizione automatica in MTM. <strong>Werner Z\u00fcllig, <\/strong>Geberit Produktions AG, Jona &amp; <strong>Prof. Dr. Andreas Kunz, <\/strong>Capo del centro di innovazione Realt\u00e0 Virtuale, ETH Zurigo<\/li>\n<\/ul>\n<p>Le quattro presentazioni pratiche affilano l'occhio per l'essenziale, ampliano le prospettive e sorprendono con un approccio non convenzionale. Dopo le presentazioni o all'aperitivo ricco, ci sar\u00e0 l'opportunit\u00e0 di cercare discussioni con i relatori, en esperti e ospiti.<\/p>\n<blockquote><p><strong>I fatti pi\u00f9 importanti in breve<\/strong><\/p>\n<p><strong>Data<\/strong>Marted\u00ec 10 maggio 2022, ore 17.00.<br \/>\n<strong>Posizione<\/strong>Foyer dei docenti del Politecnico di Zurigo, R\u00e4mistrasse 101, 8092 Zurigo<br \/>\nPartecipazione: CHF 120.-, con codice ORGANISATOR22 CHF 100.-<br \/>\nLa tua registrazione - veloce, facile e conveniente: codice QR o <a href=\"https:\/\/www.acel.ch\/aktuelles\/veranstaltungen\/\">https:\/\/www.acel.ch\/aktuelles\/veranstaltungen\/<\/a>; <a href=\"mailto:info@acel.ch\">info@acel.ch<\/a><br \/>\nTermine d'iscrizione: gioved\u00ec 05 maggio 2022<\/p>\n<p>Numero limitato di posti!<\/p><\/blockquote>","protected":false},"excerpt":{"rendered":"<p>Das Z\u00fcrcher Logistik-Kolloquium gilt unter Fachleuten inzwischen als Traditionsanlass. Am 10. Mai 2022 findet es nunmehr zum 37. Mal statt. Durchgef\u00fchrt wird es vom Beratungsunternehmen Dr. Ac\u00e9l &amp; Partner AG in Zusammenarbeit mit der ETH Z\u00fcrich. F\u00fcnf Experten f\u00fchrender Unternehmen gew\u00e4hren Einblicke in ihre Projekte und Erfolge. Teilnehmende h\u00f6ren dabei von klug genutzten Potenzialen, praxisorientierter [&hellip;]<\/p>\n","protected":false},"author":4,"featured_media":12211,"comment_status":"closed","ping_status":"closed","sticky":false,"template":"","format":"standard","meta":{"_acf_changed":false,"_yoast_wpseo_focuskw":"Logistik-Kolloquium","_yoast_wpseo_metadesc":"Die Dr. Ac\u00e9l & Partner AG l\u00e4dt am Dienstag, 10. Mai 2022, 17.00 Uhr in Zusammenarbeit mit der ETH Z\u00fcrich zum Z\u00fcrcher Logistik-Kolloquium ein.","articlekey":"","footnotes":""},"categories":[582],"tags":[193,328,502],"class_list":["post-12206","post","type-post","status-publish","format-standard","has-post-thumbnail","hentry","category-operational-excellence","tag-fachkongressfachmesse","tag-logistik","tag-veranstaltungen"],"acf":[],"yoast_head":"<!-- This site is optimized with the Yoast SEO plugin v27.5 - https:\/\/yoast.com\/product\/yoast-seo-wordpress\/ -->\n<title>37. Z\u00fcrcher Logistik-Kolloquium am 10. Mai 2022 - Organisator<\/title>\n<meta name=\"description\" content=\"Die Dr. Ac\u00e9l &amp; Partner AG l\u00e4dt am Dienstag, 10. Mai 2022, 17.00 Uhr in Zusammenarbeit mit der ETH Z\u00fcrich zum Z\u00fcrcher Logistik-Kolloquium ein.\" \/>\n<meta name=\"robots\" content=\"index, follow, max-snippet:-1, max-image-preview:large, max-video-preview:-1\" \/>\n<link rel=\"canonical\" href=\"https:\/\/www.organisator.ch\/it\/eccellenza-operativa\/2022-03-24\/37-zuercher-logistik-kolloquium-am-10-mai-2022\/\" \/>\n<meta property=\"og:locale\" content=\"it_IT\" \/>\n<meta property=\"og:type\" content=\"article\" \/>\n<meta property=\"og:title\" content=\"37. Z\u00fcrcher #Logistik-Kolloquium am 10. Mai 2022\" \/>\n<meta property=\"og:description\" content=\"Die Dr. #Ac\u00e9l &amp; Partner AG l\u00e4dt am Dienstag, 10. Mai 2022, 17.00 Uhr in Zusammenarbeit mit der #ETH Z\u00fcrich zum Z\u00fcrcher #Logistik-Kolloquium ein.\" \/>\n<meta property=\"og:url\" content=\"https:\/\/www.organisator.ch\/it\/eccellenza-operativa\/2022-03-24\/37-zuercher-logistik-kolloquium-am-10-mai-2022\/\" \/>\n<meta property=\"og:site_name\" content=\"Organisator\" \/>\n<meta property=\"article:publisher\" content=\"https:\/\/www.facebook.com\/OrganisatorFachmagazin\" \/>\n<meta property=\"article:published_time\" content=\"2022-03-24T12:26:43+00:00\" \/>\n<meta property=\"og:image\" content=\"https:\/\/www.organisator.ch\/wp-content\/uploads\/2022\/03\/37-Zuercher-Logistik-Kolloquium-am-10-Mai-2022_Organisator.jpg\" \/>\n\t<meta property=\"og:image:width\" content=\"680\" \/>\n\t<meta property=\"og:image:height\" content=\"453\" \/>\n\t<meta property=\"og:image:type\" content=\"image\/jpeg\" \/>\n<meta name=\"author\" content=\"thomas.berner\" \/>\n<meta name=\"twitter:card\" content=\"summary_large_image\" \/>\n<meta name=\"twitter:description\" content=\"Die Dr. Ac\u00e9l &amp; Partner AG l\u00e4dt am Dienstag, 10. Mai 2022, 17.00 Uhr in Zusammenarbeit mit der ETH Z\u00fcrich zum Z\u00fcrcher Logistik-Kolloquium ein.\" \/>\n<meta name=\"twitter:image\" content=\"https:\/\/www.organisator.ch\/wp-content\/uploads\/2022\/03\/37-Zuercher-Logistik-Kolloquium-am-10-Mai-2022_Organisator.jpg\" \/>\n<script type=\"application\/ld+json\" class=\"yoast-schema-graph\">{\"@context\":\"https:\\\/\\\/schema.org\",\"@graph\":[{\"@type\":\"Article\",\"@id\":\"https:\\\/\\\/www.organisator.ch\\\/operational-excellence\\\/2022-03-24\\\/37-zuercher-logistik-kolloquium-am-10-mai-2022\\\/#article\",\"isPartOf\":{\"@id\":\"https:\\\/\\\/www.organisator.ch\\\/operational-excellence\\\/2022-03-24\\\/37-zuercher-logistik-kolloquium-am-10-mai-2022\\\/\"},\"author\":{\"name\":\"thomas.berner\",\"@id\":\"https:\\\/\\\/www.organisator.ch\\\/#\\\/schema\\\/person\\\/6f650f90b2842cd4c0cc334b4e36f67e\"},\"headline\":\"37. Z\u00fcrcher Logistik-Kolloquium am 10. Mai 2022\",\"datePublished\":\"2022-03-24T12:26:43+00:00\",\"mainEntityOfPage\":{\"@id\":\"https:\\\/\\\/www.organisator.ch\\\/operational-excellence\\\/2022-03-24\\\/37-zuercher-logistik-kolloquium-am-10-mai-2022\\\/\"},\"wordCount\":327,\"publisher\":{\"@id\":\"https:\\\/\\\/www.organisator.ch\\\/#organization\"},\"image\":{\"@id\":\"https:\\\/\\\/www.organisator.ch\\\/operational-excellence\\\/2022-03-24\\\/37-zuercher-logistik-kolloquium-am-10-mai-2022\\\/#primaryimage\"},\"thumbnailUrl\":\"https:\\\/\\\/www.organisator.ch\\\/wp-content\\\/uploads\\\/2022\\\/03\\\/37-Zuercher-Logistik-Kolloquium-am-10-Mai-2022_Organisator.jpg\",\"keywords\":[\"Fachkongress\\\/Fachmesse\",\"Logistik\",\"Veranstaltungen\"],\"articleSection\":[\"OPERATIONAL EXCELLENCE\"],\"inLanguage\":\"it-IT\"},{\"@type\":\"WebPage\",\"@id\":\"https:\\\/\\\/www.organisator.ch\\\/operational-excellence\\\/2022-03-24\\\/37-zuercher-logistik-kolloquium-am-10-mai-2022\\\/\",\"url\":\"https:\\\/\\\/www.organisator.ch\\\/operational-excellence\\\/2022-03-24\\\/37-zuercher-logistik-kolloquium-am-10-mai-2022\\\/\",\"name\":\"37. Z\u00fcrcher Logistik-Kolloquium am 10. Mai 2022 - Organisator\",\"isPartOf\":{\"@id\":\"https:\\\/\\\/www.organisator.ch\\\/#website\"},\"primaryImageOfPage\":{\"@id\":\"https:\\\/\\\/www.organisator.ch\\\/operational-excellence\\\/2022-03-24\\\/37-zuercher-logistik-kolloquium-am-10-mai-2022\\\/#primaryimage\"},\"image\":{\"@id\":\"https:\\\/\\\/www.organisator.ch\\\/operational-excellence\\\/2022-03-24\\\/37-zuercher-logistik-kolloquium-am-10-mai-2022\\\/#primaryimage\"},\"thumbnailUrl\":\"https:\\\/\\\/www.organisator.ch\\\/wp-content\\\/uploads\\\/2022\\\/03\\\/37-Zuercher-Logistik-Kolloquium-am-10-Mai-2022_Organisator.jpg\",\"datePublished\":\"2022-03-24T12:26:43+00:00\",\"description\":\"Die Dr. Ac\u00e9l & Partner AG l\u00e4dt am Dienstag, 10. Mai 2022, 17.00 Uhr in Zusammenarbeit mit der ETH Z\u00fcrich zum Z\u00fcrcher Logistik-Kolloquium ein.\",\"breadcrumb\":{\"@id\":\"https:\\\/\\\/www.organisator.ch\\\/operational-excellence\\\/2022-03-24\\\/37-zuercher-logistik-kolloquium-am-10-mai-2022\\\/#breadcrumb\"},\"inLanguage\":\"it-IT\",\"potentialAction\":[{\"@type\":\"ReadAction\",\"target\":[\"https:\\\/\\\/www.organisator.ch\\\/operational-excellence\\\/2022-03-24\\\/37-zuercher-logistik-kolloquium-am-10-mai-2022\\\/\"]}]},{\"@type\":\"ImageObject\",\"inLanguage\":\"it-IT\",\"@id\":\"https:\\\/\\\/www.organisator.ch\\\/operational-excellence\\\/2022-03-24\\\/37-zuercher-logistik-kolloquium-am-10-mai-2022\\\/#primaryimage\",\"url\":\"https:\\\/\\\/www.organisator.ch\\\/wp-content\\\/uploads\\\/2022\\\/03\\\/37-Zuercher-Logistik-Kolloquium-am-10-Mai-2022_Organisator.jpg\",\"contentUrl\":\"https:\\\/\\\/www.organisator.ch\\\/wp-content\\\/uploads\\\/2022\\\/03\\\/37-Zuercher-Logistik-Kolloquium-am-10-Mai-2022_Organisator.jpg\",\"width\":680,\"height\":453,\"caption\":\"L\u00e4dt am 10. Mai 2022 zum Z\u00fcrcher Logistik-Kolloquium: Dr. Ac\u00e9l, Eva Kollmann (Edufarm), Georg Zobrist (Edufarm AG & Landgut Weitsicht)\"},{\"@type\":\"BreadcrumbList\",\"@id\":\"https:\\\/\\\/www.organisator.ch\\\/operational-excellence\\\/2022-03-24\\\/37-zuercher-logistik-kolloquium-am-10-mai-2022\\\/#breadcrumb\",\"itemListElement\":[{\"@type\":\"ListItem\",\"position\":1,\"name\":\"Home\",\"item\":\"https:\\\/\\\/www.organisator.ch\\\/\"},{\"@type\":\"ListItem\",\"position\":2,\"name\":\"37. Z\u00fcrcher Logistik-Kolloquium am 10. Mai 2022\"}]},{\"@type\":\"WebSite\",\"@id\":\"https:\\\/\\\/www.organisator.ch\\\/#website\",\"url\":\"https:\\\/\\\/www.organisator.ch\\\/\",\"name\":\"Organisator\",\"description\":\"Kompetent. Praxisnah. Der ORGANISATOR bereitet in 10 Ausgaben pro Jahr die wesentlichen Themen f\u00fcr F\u00fchrungskr\u00e4fte von KMU auf.\",\"publisher\":{\"@id\":\"https:\\\/\\\/www.organisator.ch\\\/#organization\"},\"potentialAction\":[{\"@type\":\"SearchAction\",\"target\":{\"@type\":\"EntryPoint\",\"urlTemplate\":\"https:\\\/\\\/www.organisator.ch\\\/?s={search_term_string}\"},\"query-input\":{\"@type\":\"PropertyValueSpecification\",\"valueRequired\":true,\"valueName\":\"search_term_string\"}}],\"inLanguage\":\"it-IT\"},{\"@type\":\"Organization\",\"@id\":\"https:\\\/\\\/www.organisator.ch\\\/#organization\",\"name\":\"Organisator\",\"url\":\"https:\\\/\\\/www.organisator.ch\\\/\",\"logo\":{\"@type\":\"ImageObject\",\"inLanguage\":\"it-IT\",\"@id\":\"https:\\\/\\\/www.organisator.ch\\\/#\\\/schema\\\/logo\\\/image\\\/\",\"url\":\"https:\\\/\\\/www.organisator.ch\\\/wp-content\\\/uploads\\\/2022\\\/01\\\/Logo_Organisator_Website.png\",\"contentUrl\":\"https:\\\/\\\/www.organisator.ch\\\/wp-content\\\/uploads\\\/2022\\\/01\\\/Logo_Organisator_Website.png\",\"width\":800,\"height\":77,\"caption\":\"Organisator\"},\"image\":{\"@id\":\"https:\\\/\\\/www.organisator.ch\\\/#\\\/schema\\\/logo\\\/image\\\/\"},\"sameAs\":[\"https:\\\/\\\/www.facebook.com\\\/OrganisatorFachmagazin\",\"https:\\\/\\\/www.linkedin.com\\\/showcase\\\/organisator-das-magazin-fr-kmu\",\"https:\\\/\\\/www.xing.com\\\/news\\\/pages\\\/organisator-ch-695\",\"https:\\\/\\\/www.youtube.com\\\/channel\\\/UCGP2Sq0iWaZwT3BdIAQFYpw\"]},{\"@type\":\"Person\",\"@id\":\"https:\\\/\\\/www.organisator.ch\\\/#\\\/schema\\\/person\\\/6f650f90b2842cd4c0cc334b4e36f67e\",\"name\":\"thomas.berner\",\"image\":{\"@type\":\"ImageObject\",\"inLanguage\":\"it-IT\",\"@id\":\"https:\\\/\\\/secure.gravatar.com\\\/avatar\\\/ac5001d2a36cb6c6cd3e50789007ffca834b477b74a2144564522e944eabff61?s=96&d=mm&r=g\",\"url\":\"https:\\\/\\\/secure.gravatar.com\\\/avatar\\\/ac5001d2a36cb6c6cd3e50789007ffca834b477b74a2144564522e944eabff61?s=96&d=mm&r=g\",\"contentUrl\":\"https:\\\/\\\/secure.gravatar.com\\\/avatar\\\/ac5001d2a36cb6c6cd3e50789007ffca834b477b74a2144564522e944eabff61?s=96&d=mm&r=g\",\"caption\":\"thomas.berner\"},\"url\":\"https:\\\/\\\/www.organisator.ch\\\/it\\\/author\\\/thomas-berner\\\/\"}]}<\/script>\n<!-- \/ Yoast SEO plugin. -->","yoast_head_json":{"title":"37\u00b0 Colloquio di logistica di Zurigo il 10 maggio 2022 - Organizzatore","description":"Dr. Ac\u00e9l &amp; Partner AG vi invita al Colloquio sulla logistica di Zurigo che si terr\u00e0 marted\u00ec 10 maggio 2022, alle ore 17.00, in collaborazione con il Politecnico di Zurigo.","robots":{"index":"index","follow":"follow","max-snippet":"max-snippet:-1","max-image-preview":"max-image-preview:large","max-video-preview":"max-video-preview:-1"},"canonical":"https:\/\/www.organisator.ch\/it\/eccellenza-operativa\/2022-03-24\/37-zuercher-logistik-kolloquium-am-10-mai-2022\/","og_locale":"it_IT","og_type":"article","og_title":"37. Z\u00fcrcher #Logistik-Kolloquium am 10. Mai 2022","og_description":"Die Dr. #Ac\u00e9l & Partner AG l\u00e4dt am Dienstag, 10. Mai 2022, 17.00 Uhr in Zusammenarbeit mit der #ETH Z\u00fcrich zum Z\u00fcrcher #Logistik-Kolloquium ein.","og_url":"https:\/\/www.organisator.ch\/it\/eccellenza-operativa\/2022-03-24\/37-zuercher-logistik-kolloquium-am-10-mai-2022\/","og_site_name":"Organisator","article_publisher":"https:\/\/www.facebook.com\/OrganisatorFachmagazin","article_published_time":"2022-03-24T12:26:43+00:00","og_image":[{"width":680,"height":453,"url":"https:\/\/www.organisator.ch\/wp-content\/uploads\/2022\/03\/37-Zuercher-Logistik-Kolloquium-am-10-Mai-2022_Organisator.jpg","type":"image\/jpeg"}],"author":"thomas.berner","twitter_card":"summary_large_image","twitter_description":"Die Dr. Ac\u00e9l & Partner AG l\u00e4dt am Dienstag, 10. Mai 2022, 17.00 Uhr in Zusammenarbeit mit der ETH Z\u00fcrich zum Z\u00fcrcher Logistik-Kolloquium ein.","twitter_image":"https:\/\/www.organisator.ch\/wp-content\/uploads\/2022\/03\/37-Zuercher-Logistik-Kolloquium-am-10-Mai-2022_Organisator.jpg","schema":{"@context":"https:\/\/schema.org","@graph":[{"@type":"Article","@id":"https:\/\/www.organisator.ch\/operational-excellence\/2022-03-24\/37-zuercher-logistik-kolloquium-am-10-mai-2022\/#article","isPartOf":{"@id":"https:\/\/www.organisator.ch\/operational-excellence\/2022-03-24\/37-zuercher-logistik-kolloquium-am-10-mai-2022\/"},"author":{"name":"thomas.berner","@id":"https:\/\/www.organisator.ch\/#\/schema\/person\/6f650f90b2842cd4c0cc334b4e36f67e"},"headline":"37. Z\u00fcrcher Logistik-Kolloquium am 10. Mai 2022","datePublished":"2022-03-24T12:26:43+00:00","mainEntityOfPage":{"@id":"https:\/\/www.organisator.ch\/operational-excellence\/2022-03-24\/37-zuercher-logistik-kolloquium-am-10-mai-2022\/"},"wordCount":327,"publisher":{"@id":"https:\/\/www.organisator.ch\/#organization"},"image":{"@id":"https:\/\/www.organisator.ch\/operational-excellence\/2022-03-24\/37-zuercher-logistik-kolloquium-am-10-mai-2022\/#primaryimage"},"thumbnailUrl":"https:\/\/www.organisator.ch\/wp-content\/uploads\/2022\/03\/37-Zuercher-Logistik-Kolloquium-am-10-Mai-2022_Organisator.jpg","keywords":["Fachkongress\/Fachmesse","Logistik","Veranstaltungen"],"articleSection":["OPERATIONAL EXCELLENCE"],"inLanguage":"it-IT"},{"@type":"WebPage","@id":"https:\/\/www.organisator.ch\/operational-excellence\/2022-03-24\/37-zuercher-logistik-kolloquium-am-10-mai-2022\/","url":"https:\/\/www.organisator.ch\/operational-excellence\/2022-03-24\/37-zuercher-logistik-kolloquium-am-10-mai-2022\/","name":"37\u00b0 Colloquio di logistica di Zurigo il 10 maggio 2022 - Organizzatore","isPartOf":{"@id":"https:\/\/www.organisator.ch\/#website"},"primaryImageOfPage":{"@id":"https:\/\/www.organisator.ch\/operational-excellence\/2022-03-24\/37-zuercher-logistik-kolloquium-am-10-mai-2022\/#primaryimage"},"image":{"@id":"https:\/\/www.organisator.ch\/operational-excellence\/2022-03-24\/37-zuercher-logistik-kolloquium-am-10-mai-2022\/#primaryimage"},"thumbnailUrl":"https:\/\/www.organisator.ch\/wp-content\/uploads\/2022\/03\/37-Zuercher-Logistik-Kolloquium-am-10-Mai-2022_Organisator.jpg","datePublished":"2022-03-24T12:26:43+00:00","description":"Dr. Ac\u00e9l &amp; Partner AG vi invita al Colloquio sulla logistica di Zurigo che si terr\u00e0 marted\u00ec 10 maggio 2022, alle ore 17.00, in collaborazione con il Politecnico di Zurigo.","breadcrumb":{"@id":"https:\/\/www.organisator.ch\/operational-excellence\/2022-03-24\/37-zuercher-logistik-kolloquium-am-10-mai-2022\/#breadcrumb"},"inLanguage":"it-IT","potentialAction":[{"@type":"ReadAction","target":["https:\/\/www.organisator.ch\/operational-excellence\/2022-03-24\/37-zuercher-logistik-kolloquium-am-10-mai-2022\/"]}]},{"@type":"ImageObject","inLanguage":"it-IT","@id":"https:\/\/www.organisator.ch\/operational-excellence\/2022-03-24\/37-zuercher-logistik-kolloquium-am-10-mai-2022\/#primaryimage","url":"https:\/\/www.organisator.ch\/wp-content\/uploads\/2022\/03\/37-Zuercher-Logistik-Kolloquium-am-10-Mai-2022_Organisator.jpg","contentUrl":"https:\/\/www.organisator.ch\/wp-content\/uploads\/2022\/03\/37-Zuercher-Logistik-Kolloquium-am-10-Mai-2022_Organisator.jpg","width":680,"height":453,"caption":"L\u00e4dt am 10. Mai 2022 zum Z\u00fcrcher Logistik-Kolloquium: Dr. Ac\u00e9l, Eva Kollmann (Edufarm), Georg Zobrist (Edufarm AG & Landgut Weitsicht)"},{"@type":"BreadcrumbList","@id":"https:\/\/www.organisator.ch\/operational-excellence\/2022-03-24\/37-zuercher-logistik-kolloquium-am-10-mai-2022\/#breadcrumb","itemListElement":[{"@type":"ListItem","position":1,"name":"Home","item":"https:\/\/www.organisator.ch\/"},{"@type":"ListItem","position":2,"name":"37. Z\u00fcrcher Logistik-Kolloquium am 10. Mai 2022"}]},{"@type":"WebSite","@id":"https:\/\/www.organisator.ch\/#website","url":"https:\/\/www.organisator.ch\/","name":"Organizzatore","description":"Competente. Pratico. In 10 numeri all'anno, ORGANISATOR presenta i temi essenziali per i manager delle PMI.","publisher":{"@id":"https:\/\/www.organisator.ch\/#organization"},"potentialAction":[{"@type":"SearchAction","target":{"@type":"EntryPoint","urlTemplate":"https:\/\/www.organisator.ch\/?s={search_term_string}"},"query-input":{"@type":"PropertyValueSpecification","valueRequired":true,"valueName":"search_term_string"}}],"inLanguage":"it-IT"},{"@type":"Organization","@id":"https:\/\/www.organisator.ch\/#organization","name":"Organizzatore","url":"https:\/\/www.organisator.ch\/","logo":{"@type":"ImageObject","inLanguage":"it-IT","@id":"https:\/\/www.organisator.ch\/#\/schema\/logo\/image\/","url":"https:\/\/www.organisator.ch\/wp-content\/uploads\/2022\/01\/Logo_Organisator_Website.png","contentUrl":"https:\/\/www.organisator.ch\/wp-content\/uploads\/2022\/01\/Logo_Organisator_Website.png","width":800,"height":77,"caption":"Organisator"},"image":{"@id":"https:\/\/www.organisator.ch\/#\/schema\/logo\/image\/"},"sameAs":["https:\/\/www.facebook.com\/OrganisatorFachmagazin","https:\/\/www.linkedin.com\/showcase\/organisator-das-magazin-fr-kmu","https:\/\/www.xing.com\/news\/pages\/organisator-ch-695","https:\/\/www.youtube.com\/channel\/UCGP2Sq0iWaZwT3BdIAQFYpw"]},{"@type":"Person","@id":"https:\/\/www.organisator.ch\/#\/schema\/person\/6f650f90b2842cd4c0cc334b4e36f67e","name":"Tommaso.berner","image":{"@type":"ImageObject","inLanguage":"it-IT","@id":"https:\/\/secure.gravatar.com\/avatar\/ac5001d2a36cb6c6cd3e50789007ffca834b477b74a2144564522e944eabff61?s=96&d=mm&r=g","url":"https:\/\/secure.gravatar.com\/avatar\/ac5001d2a36cb6c6cd3e50789007ffca834b477b74a2144564522e944eabff61?s=96&d=mm&r=g","contentUrl":"https:\/\/secure.gravatar.com\/avatar\/ac5001d2a36cb6c6cd3e50789007ffca834b477b74a2144564522e944eabff61?s=96&d=mm&r=g","caption":"thomas.berner"},"url":"https:\/\/www.organisator.ch\/it\/author\/thomas-berner\/"}]}},"_links":{"self":[{"href":"https:\/\/www.organisator.ch\/it\/wp-json\/wp\/v2\/posts\/12206","targetHints":{"allow":["GET"]}}],"collection":[{"href":"https:\/\/www.organisator.ch\/it\/wp-json\/wp\/v2\/posts"}],"about":[{"href":"https:\/\/www.organisator.ch\/it\/wp-json\/wp\/v2\/types\/post"}],"author":[{"embeddable":true,"href":"https:\/\/www.organisator.ch\/it\/wp-json\/wp\/v2\/users\/4"}],"replies":[{"embeddable":true,"href":"https:\/\/www.organisator.ch\/it\/wp-json\/wp\/v2\/comments?post=12206"}],"version-history":[{"count":3,"href":"https:\/\/www.organisator.ch\/it\/wp-json\/wp\/v2\/posts\/12206\/revisions"}],"predecessor-version":[{"id":12212,"href":"https:\/\/www.organisator.ch\/it\/wp-json\/wp\/v2\/posts\/12206\/revisions\/12212"}],"wp:featuredmedia":[{"embeddable":true,"href":"https:\/\/www.organisator.ch\/it\/wp-json\/wp\/v2\/media\/12211"}],"wp:attachment":[{"href":"https:\/\/www.organisator.ch\/it\/wp-json\/wp\/v2\/media?parent=12206"}],"wp:term":[{"taxonomy":"category","embeddable":true,"href":"https:\/\/www.organisator.ch\/it\/wp-json\/wp\/v2\/categories?post=12206"},{"taxonomy":"post_tag","embeddable":true,"href":"https:\/\/www.organisator.ch\/it\/wp-json\/wp\/v2\/tags?post=12206"}],"curies":[{"name":"wp","href":"https:\/\/api.w.org\/{rel}","templated":true}]}}