{"id":12219,"date":"2022-03-24T13:43:12","date_gmt":"2022-03-24T12:43:12","guid":{"rendered":"https:\/\/www.werbewoche.ch\/?p=167875"},"modified":"2022-08-01T15:15:54","modified_gmt":"2022-08-01T13:15:54","slug":"baselwest-konzipiert-magazin-von-iwb-neu","status":"publish","type":"post","link":"https:\/\/www.organisator.ch\/it\/marketing\/2022-03-24\/baselwest-konzipiert-magazin-von-iwb-neu\/","title":{"rendered":"Baselwest ridisegna la rivista IWB"},"content":{"rendered":"<img class=\"alignnone wp-image-167876 size-large\" src=\"https:\/\/www.werbewoche.ch\/wp-content\/uploads\/2022\/03\/IWB_E2_1-1-1024x725.jpg\" alt=\"IWB\" width=\"768\" height=\"544\" \/>Il fornitore di energia di Basilea IWB distribuisce quattro volte all'anno una rivista alle famiglie della sua area di mercato, precedentemente intitolata \"Energia e acqua\". La rivista \u00e8 stata ora adattata alle nuove specifiche del design aziendale e appare con il titolo \"E alla potenza di 2\" per riflettere meglio la pi\u00f9 ampia gamma di servizi dell'azienda. La E sta per \"energia rinnovabile\", l'apice del numero 2 indica il grande potenziale di IWB, in riferimento alla famosa equazione di Einstein.\r\n\r\nIl concetto di rivista si concentra ora maggiormente sullo storytelling e sull'edutainment. Ogni questione ha un tema principale, a cui viene dato maggior peso nella drammaturgia. Il layout del nuovo design segue un'accentuazione dei formati giornalistici con proporzioni diverse tra testo e immagini per rendere i contenuti pi\u00f9 accessibili e ottimizzare la facilit\u00e0 di lettura.\r\n\r\n<a href=\"https:\/\/www.werbewoche.ch\/wp-content\/uploads\/2022\/03\/IWB_E2_1-2.jpg\"><img class=\"attachment-large alignnone\" src=\"https:\/\/www.werbewoche.ch\/wp-content\/uploads\/2022\/03\/IWB_E2_1-2-1024x726.jpg\" alt=\"IWB\" width=\"768\" height=\"545\" \/><\/a>\r\n<a href=\"https:\/\/www.werbewoche.ch\/wp-content\/uploads\/2022\/03\/IWB_E2_1-3.jpg\"><img class=\"attachment-large alignnone\" src=\"https:\/\/www.werbewoche.ch\/wp-content\/uploads\/2022\/03\/IWB_E2_1-3-1024x726.jpg\" alt=\"IWB\" width=\"768\" height=\"545\" \/><\/a>\r\n<a href=\"https:\/\/www.werbewoche.ch\/wp-content\/uploads\/2022\/03\/IWB_E2_1-4.jpg\"><img class=\"attachment-large alignnone\" src=\"https:\/\/www.werbewoche.ch\/wp-content\/uploads\/2022\/03\/IWB_E2_1-4-1024x726.jpg\" alt=\"IWB\" width=\"768\" height=\"545\" \/><\/a>\r\n<a href=\"https:\/\/www.werbewoche.ch\/wp-content\/uploads\/2022\/03\/IWB_E2_1-5.jpg\"><img class=\"attachment-large alignnone\" src=\"https:\/\/www.werbewoche.ch\/wp-content\/uploads\/2022\/03\/IWB_E2_1-5-1024x726.jpg\" alt=\"IWB\" width=\"768\" height=\"545\" \/><\/a>\r\n<a href=\"https:\/\/www.werbewoche.ch\/wp-content\/uploads\/2022\/03\/IWB_E2_1-6.jpg\"><img class=\"attachment-large alignnone\" src=\"https:\/\/www.werbewoche.ch\/wp-content\/uploads\/2022\/03\/IWB_E2_1-6-1024x726.jpg\" alt=\"IWB\" width=\"768\" height=\"545\" \/><\/a>\r\n<a href=\"https:\/\/www.werbewoche.ch\/wp-content\/uploads\/2022\/03\/IWB_E2_1-7.jpg\"><img class=\"attachment-large alignnone\" src=\"https:\/\/www.werbewoche.ch\/wp-content\/uploads\/2022\/03\/IWB_E2_1-7-1024x726.jpg\" alt=\"IWB\" width=\"768\" height=\"545\" \/><\/a>\r\n\r\n<hr \/>\r\n\r\n<strong>Responsabile dell'IWB:<\/strong> Katarina Karadzic, Reto M\u00fcller (gestione del progetto), Erik Rummer (responsabile della comunicazione aziendale), Dietmar K\u00fcther (responsabile del marchio e della sostenibilit\u00e0). <strong>Responsabile<\/strong> <strong>su<\/strong> <strong>Tatin Design Enterprises:<\/strong> Oliver Mayer, Lukas Gysin (Corporate Redesign). <strong>Responsabile a Kooi:<\/strong> Claude Beauge, Paul Drzimalla (concetto editoriale). <strong>Responsabile delle comunicazioni aziendali di Basilea Ovest:<\/strong> Thomas Aerni, Markus Siegenthaler (concetto di design).","protected":false},"excerpt":{"rendered":"<p>Der Basler Energieversorger IWB verteilt viermal j\u00e4hrlich ein Magazin an die Haushalte in seinem Marktgebiet, bisher unter dem Titel \u00abEnergie &amp; Wasser\u00bb. Das Heft wurde nun an neue Vorgaben des Corporate Designs angepasst und erscheint unter dem Titel \u00abE hoch 2\u00bb, um dem breiteren Leistungsspektrum des Unternehmens besser gerecht zu werden. Das E steht f\u00fcr [\u2026]<\/p>\n","protected":false},"author":8,"featured_media":0,"comment_status":"closed","ping_status":"closed","sticky":false,"template":"","format":"standard","meta":{"_acf_changed":false,"_yoast_wpseo_focuskw":"IWB","_yoast_wpseo_metadesc":"Neu tritt das viermal j\u00e4hrlich erscheinende Magazin \u00abEnergie & Wasser\u00bb von IWB unter dem Namen \u00abE hoch 2\u00bb auf. F\u00fcr die Neukonzeption des Magazins zeichnet die Basler Agentur Basel West verantwortlich.","articlekey":"","footnotes":""},"categories":[29],"tags":[2764,3234],"class_list":["post-12219","post","type-post","status-publish","format-standard","hentry","category-marketing","tag-basel-west","tag-iwb"],"acf":[],"yoast_head":"<!-- This site is optimized with the Yoast SEO plugin v27.5 - https:\/\/yoast.com\/product\/yoast-seo-wordpress\/ -->\n<title>Baselwest konzipiert Magazin von IWB neu - Organisator<\/title>\n<meta name=\"description\" content=\"Neu tritt das viermal j\u00e4hrlich erscheinende Magazin \u00abEnergie &amp; Wasser\u00bb von IWB unter dem Namen \u00abE hoch 2\u00bb auf. F\u00fcr die Neukonzeption des Magazins zeichnet die Basler Agentur Basel West verantwortlich.\" \/>\n<meta name=\"robots\" content=\"index, follow, max-snippet:-1, max-image-preview:large, max-video-preview:-1\" \/>\n<link rel=\"canonical\" href=\"https:\/\/www.werbewoche.ch\/de\/marketing\/marken\/2022-03-24\/baselwest-konzipiert-magazin-von-iwb-neu\/\" \/>\n<meta property=\"og:locale\" content=\"it_IT\" \/>\n<meta property=\"og:type\" content=\"article\" \/>\n<meta property=\"og:title\" content=\"Baselwest konzipiert Magazin von IWB neu - Organisator\" \/>\n<meta property=\"og:description\" content=\"Neu tritt das viermal j\u00e4hrlich erscheinende Magazin \u00abEnergie &amp; Wasser\u00bb von IWB unter dem Namen \u00abE hoch 2\u00bb auf. F\u00fcr die Neukonzeption des Magazins zeichnet die Basler Agentur Basel West verantwortlich.\" \/>\n<meta property=\"og:url\" content=\"https:\/\/www.werbewoche.ch\/de\/marketing\/marken\/2022-03-24\/baselwest-konzipiert-magazin-von-iwb-neu\/\" \/>\n<meta property=\"og:site_name\" content=\"Organisator\" \/>\n<meta property=\"article:publisher\" content=\"https:\/\/www.facebook.com\/OrganisatorFachmagazin\" \/>\n<meta property=\"article:published_time\" content=\"2022-03-24T12:43:12+00:00\" \/>\n<meta property=\"article:modified_time\" content=\"2022-08-01T13:15:54+00:00\" \/>\n<meta property=\"og:image\" content=\"https:\/\/www.werbewoche.ch\/wp-content\/uploads\/2022\/03\/IWB_E2_1-1-1024x725.jpg\" \/>\n<meta name=\"author\" content=\"galledia\" \/>\n<meta name=\"twitter:card\" content=\"summary_large_image\" \/>\n<meta name=\"twitter:creator\" content=\"@admin\" \/>\n<script type=\"application\/ld+json\" class=\"yoast-schema-graph\">{\"@context\":\"https:\\\/\\\/schema.org\",\"@graph\":[{\"@type\":\"Article\",\"@id\":\"https:\\\/\\\/www.werbewoche.ch\\\/de\\\/marketing\\\/marken\\\/2022-03-24\\\/baselwest-konzipiert-magazin-von-iwb-neu\\\/#article\",\"isPartOf\":{\"@id\":\"https:\\\/\\\/www.organisator.ch\\\/marketing\\\/2022-03-24\\\/baselwest-konzipiert-magazin-von-iwb-neu\\\/\"},\"author\":{\"name\":\"galledia\",\"@id\":\"https:\\\/\\\/www.organisator.ch\\\/#\\\/schema\\\/person\\\/4e51799071cd2dd1232ac003643ef5f0\"},\"headline\":\"Baselwest konzipiert Magazin von IWB neu\",\"datePublished\":\"2022-03-24T12:43:12+00:00\",\"dateModified\":\"2022-08-01T13:15:54+00:00\",\"mainEntityOfPage\":{\"@id\":\"https:\\\/\\\/www.organisator.ch\\\/marketing\\\/2022-03-24\\\/baselwest-konzipiert-magazin-von-iwb-neu\\\/\"},\"wordCount\":181,\"publisher\":{\"@id\":\"https:\\\/\\\/www.organisator.ch\\\/#organization\"},\"image\":{\"@id\":\"https:\\\/\\\/www.werbewoche.ch\\\/de\\\/marketing\\\/marken\\\/2022-03-24\\\/baselwest-konzipiert-magazin-von-iwb-neu\\\/#primaryimage\"},\"thumbnailUrl\":\"https:\\\/\\\/www.werbewoche.ch\\\/wp-content\\\/uploads\\\/2022\\\/03\\\/IWB_E2_1-1-1024x725.jpg\",\"keywords\":[\"Basel West\",\"IWB\"],\"articleSection\":[\"MARKETING\"],\"inLanguage\":\"it-IT\"},{\"@type\":\"WebPage\",\"@id\":\"https:\\\/\\\/www.organisator.ch\\\/marketing\\\/2022-03-24\\\/baselwest-konzipiert-magazin-von-iwb-neu\\\/\",\"url\":\"https:\\\/\\\/www.werbewoche.ch\\\/de\\\/marketing\\\/marken\\\/2022-03-24\\\/baselwest-konzipiert-magazin-von-iwb-neu\\\/\",\"name\":\"Baselwest konzipiert Magazin von IWB neu - Organisator\",\"isPartOf\":{\"@id\":\"https:\\\/\\\/www.organisator.ch\\\/#website\"},\"primaryImageOfPage\":{\"@id\":\"https:\\\/\\\/www.werbewoche.ch\\\/de\\\/marketing\\\/marken\\\/2022-03-24\\\/baselwest-konzipiert-magazin-von-iwb-neu\\\/#primaryimage\"},\"image\":{\"@id\":\"https:\\\/\\\/www.werbewoche.ch\\\/de\\\/marketing\\\/marken\\\/2022-03-24\\\/baselwest-konzipiert-magazin-von-iwb-neu\\\/#primaryimage\"},\"thumbnailUrl\":\"https:\\\/\\\/www.werbewoche.ch\\\/wp-content\\\/uploads\\\/2022\\\/03\\\/IWB_E2_1-1-1024x725.jpg\",\"datePublished\":\"2022-03-24T12:43:12+00:00\",\"dateModified\":\"2022-08-01T13:15:54+00:00\",\"description\":\"Neu tritt das viermal j\u00e4hrlich erscheinende Magazin \u00abEnergie & Wasser\u00bb von IWB unter dem Namen \u00abE hoch 2\u00bb auf. F\u00fcr die Neukonzeption des Magazins zeichnet die Basler Agentur Basel West verantwortlich.\",\"breadcrumb\":{\"@id\":\"https:\\\/\\\/www.werbewoche.ch\\\/de\\\/marketing\\\/marken\\\/2022-03-24\\\/baselwest-konzipiert-magazin-von-iwb-neu\\\/#breadcrumb\"},\"inLanguage\":\"it-IT\",\"potentialAction\":[{\"@type\":\"ReadAction\",\"target\":[\"https:\\\/\\\/www.werbewoche.ch\\\/de\\\/marketing\\\/marken\\\/2022-03-24\\\/baselwest-konzipiert-magazin-von-iwb-neu\\\/\"]}]},{\"@type\":\"ImageObject\",\"inLanguage\":\"it-IT\",\"@id\":\"https:\\\/\\\/www.werbewoche.ch\\\/de\\\/marketing\\\/marken\\\/2022-03-24\\\/baselwest-konzipiert-magazin-von-iwb-neu\\\/#primaryimage\",\"url\":\"https:\\\/\\\/www.werbewoche.ch\\\/wp-content\\\/uploads\\\/2022\\\/03\\\/IWB_E2_1-1-1024x725.jpg\",\"contentUrl\":\"https:\\\/\\\/www.werbewoche.ch\\\/wp-content\\\/uploads\\\/2022\\\/03\\\/IWB_E2_1-1-1024x725.jpg\"},{\"@type\":\"BreadcrumbList\",\"@id\":\"https:\\\/\\\/www.werbewoche.ch\\\/de\\\/marketing\\\/marken\\\/2022-03-24\\\/baselwest-konzipiert-magazin-von-iwb-neu\\\/#breadcrumb\",\"itemListElement\":[{\"@type\":\"ListItem\",\"position\":1,\"name\":\"Home\",\"item\":\"https:\\\/\\\/www.organisator.ch\\\/\"},{\"@type\":\"ListItem\",\"position\":2,\"name\":\"Baselwest konzipiert Magazin von IWB neu\"}]},{\"@type\":\"WebSite\",\"@id\":\"https:\\\/\\\/www.organisator.ch\\\/#website\",\"url\":\"https:\\\/\\\/www.organisator.ch\\\/\",\"name\":\"Organisator\",\"description\":\"Kompetent. Praxisnah. Der ORGANISATOR bereitet in 10 Ausgaben pro Jahr die wesentlichen Themen f\u00fcr F\u00fchrungskr\u00e4fte von KMU auf.\",\"publisher\":{\"@id\":\"https:\\\/\\\/www.organisator.ch\\\/#organization\"},\"potentialAction\":[{\"@type\":\"SearchAction\",\"target\":{\"@type\":\"EntryPoint\",\"urlTemplate\":\"https:\\\/\\\/www.organisator.ch\\\/?s={search_term_string}\"},\"query-input\":{\"@type\":\"PropertyValueSpecification\",\"valueRequired\":true,\"valueName\":\"search_term_string\"}}],\"inLanguage\":\"it-IT\"},{\"@type\":\"Organization\",\"@id\":\"https:\\\/\\\/www.organisator.ch\\\/#organization\",\"name\":\"Organisator\",\"url\":\"https:\\\/\\\/www.organisator.ch\\\/\",\"logo\":{\"@type\":\"ImageObject\",\"inLanguage\":\"it-IT\",\"@id\":\"https:\\\/\\\/www.organisator.ch\\\/#\\\/schema\\\/logo\\\/image\\\/\",\"url\":\"https:\\\/\\\/www.organisator.ch\\\/wp-content\\\/uploads\\\/2022\\\/01\\\/Logo_Organisator_Website.png\",\"contentUrl\":\"https:\\\/\\\/www.organisator.ch\\\/wp-content\\\/uploads\\\/2022\\\/01\\\/Logo_Organisator_Website.png\",\"width\":800,\"height\":77,\"caption\":\"Organisator\"},\"image\":{\"@id\":\"https:\\\/\\\/www.organisator.ch\\\/#\\\/schema\\\/logo\\\/image\\\/\"},\"sameAs\":[\"https:\\\/\\\/www.facebook.com\\\/OrganisatorFachmagazin\",\"https:\\\/\\\/www.linkedin.com\\\/showcase\\\/organisator-das-magazin-fr-kmu\",\"https:\\\/\\\/www.xing.com\\\/news\\\/pages\\\/organisator-ch-695\",\"https:\\\/\\\/www.youtube.com\\\/channel\\\/UCGP2Sq0iWaZwT3BdIAQFYpw\"]},{\"@type\":\"Person\",\"@id\":\"https:\\\/\\\/www.organisator.ch\\\/#\\\/schema\\\/person\\\/4e51799071cd2dd1232ac003643ef5f0\",\"name\":\"galledia\",\"image\":{\"@type\":\"ImageObject\",\"inLanguage\":\"it-IT\",\"@id\":\"https:\\\/\\\/secure.gravatar.com\\\/avatar\\\/78a7f90c01fc2bfc875782a0d4922b37cde2cf184ce347b91316d23cd7f69a36?s=96&d=mm&r=g\",\"url\":\"https:\\\/\\\/secure.gravatar.com\\\/avatar\\\/78a7f90c01fc2bfc875782a0d4922b37cde2cf184ce347b91316d23cd7f69a36?s=96&d=mm&r=g\",\"contentUrl\":\"https:\\\/\\\/secure.gravatar.com\\\/avatar\\\/78a7f90c01fc2bfc875782a0d4922b37cde2cf184ce347b91316d23cd7f69a36?s=96&d=mm&r=g\",\"caption\":\"galledia\"},\"sameAs\":[\"https:\\\/\\\/x.com\\\/admin\"],\"url\":\"https:\\\/\\\/www.organisator.ch\\\/it\\\/author\\\/galledia\\\/\"}]}<\/script>\n<!-- \/ Yoast SEO plugin. -->","yoast_head_json":{"title":"Baselwest ridisegna la rivista IWB - Organizzatore","description":"La rivista \"Energy &amp; Water\" dell'IWB, che viene pubblicata quattro volte l'anno, appare ora con il nome di \"E hoch 2\". L'agenzia Basel West \u00e8 responsabile del nuovo concept della rivista.","robots":{"index":"index","follow":"follow","max-snippet":"max-snippet:-1","max-image-preview":"max-image-preview:large","max-video-preview":"max-video-preview:-1"},"canonical":"https:\/\/www.werbewoche.ch\/de\/marketing\/marken\/2022-03-24\/baselwest-konzipiert-magazin-von-iwb-neu\/","og_locale":"it_IT","og_type":"article","og_title":"Baselwest konzipiert Magazin von IWB neu - Organisator","og_description":"Neu tritt das viermal j\u00e4hrlich erscheinende Magazin \u00abEnergie & Wasser\u00bb von IWB unter dem Namen \u00abE hoch 2\u00bb auf. F\u00fcr die Neukonzeption des Magazins zeichnet die Basler Agentur Basel West verantwortlich.","og_url":"https:\/\/www.werbewoche.ch\/de\/marketing\/marken\/2022-03-24\/baselwest-konzipiert-magazin-von-iwb-neu\/","og_site_name":"Organisator","article_publisher":"https:\/\/www.facebook.com\/OrganisatorFachmagazin","article_published_time":"2022-03-24T12:43:12+00:00","article_modified_time":"2022-08-01T13:15:54+00:00","og_image":[{"url":"https:\/\/www.werbewoche.ch\/wp-content\/uploads\/2022\/03\/IWB_E2_1-1-1024x725.jpg","type":"","width":"","height":""}],"author":"galledia","twitter_card":"summary_large_image","twitter_creator":"@admin","schema":{"@context":"https:\/\/schema.org","@graph":[{"@type":"Article","@id":"https:\/\/www.werbewoche.ch\/de\/marketing\/marken\/2022-03-24\/baselwest-konzipiert-magazin-von-iwb-neu\/#article","isPartOf":{"@id":"https:\/\/www.organisator.ch\/marketing\/2022-03-24\/baselwest-konzipiert-magazin-von-iwb-neu\/"},"author":{"name":"galledia","@id":"https:\/\/www.organisator.ch\/#\/schema\/person\/4e51799071cd2dd1232ac003643ef5f0"},"headline":"Baselwest konzipiert Magazin von IWB neu","datePublished":"2022-03-24T12:43:12+00:00","dateModified":"2022-08-01T13:15:54+00:00","mainEntityOfPage":{"@id":"https:\/\/www.organisator.ch\/marketing\/2022-03-24\/baselwest-konzipiert-magazin-von-iwb-neu\/"},"wordCount":181,"publisher":{"@id":"https:\/\/www.organisator.ch\/#organization"},"image":{"@id":"https:\/\/www.werbewoche.ch\/de\/marketing\/marken\/2022-03-24\/baselwest-konzipiert-magazin-von-iwb-neu\/#primaryimage"},"thumbnailUrl":"https:\/\/www.werbewoche.ch\/wp-content\/uploads\/2022\/03\/IWB_E2_1-1-1024x725.jpg","keywords":["Basel West","IWB"],"articleSection":["MARKETING"],"inLanguage":"it-IT"},{"@type":"WebPage","@id":"https:\/\/www.organisator.ch\/marketing\/2022-03-24\/baselwest-konzipiert-magazin-von-iwb-neu\/","url":"https:\/\/www.werbewoche.ch\/de\/marketing\/marken\/2022-03-24\/baselwest-konzipiert-magazin-von-iwb-neu\/","name":"Baselwest ridisegna la rivista IWB - Organizzatore","isPartOf":{"@id":"https:\/\/www.organisator.ch\/#website"},"primaryImageOfPage":{"@id":"https:\/\/www.werbewoche.ch\/de\/marketing\/marken\/2022-03-24\/baselwest-konzipiert-magazin-von-iwb-neu\/#primaryimage"},"image":{"@id":"https:\/\/www.werbewoche.ch\/de\/marketing\/marken\/2022-03-24\/baselwest-konzipiert-magazin-von-iwb-neu\/#primaryimage"},"thumbnailUrl":"https:\/\/www.werbewoche.ch\/wp-content\/uploads\/2022\/03\/IWB_E2_1-1-1024x725.jpg","datePublished":"2022-03-24T12:43:12+00:00","dateModified":"2022-08-01T13:15:54+00:00","description":"La rivista \"Energy &amp; Water\" dell'IWB, che viene pubblicata quattro volte l'anno, appare ora con il nome di \"E hoch 2\". L'agenzia Basel West \u00e8 responsabile del nuovo concept della rivista.","breadcrumb":{"@id":"https:\/\/www.werbewoche.ch\/de\/marketing\/marken\/2022-03-24\/baselwest-konzipiert-magazin-von-iwb-neu\/#breadcrumb"},"inLanguage":"it-IT","potentialAction":[{"@type":"ReadAction","target":["https:\/\/www.werbewoche.ch\/de\/marketing\/marken\/2022-03-24\/baselwest-konzipiert-magazin-von-iwb-neu\/"]}]},{"@type":"ImageObject","inLanguage":"it-IT","@id":"https:\/\/www.werbewoche.ch\/de\/marketing\/marken\/2022-03-24\/baselwest-konzipiert-magazin-von-iwb-neu\/#primaryimage","url":"https:\/\/www.werbewoche.ch\/wp-content\/uploads\/2022\/03\/IWB_E2_1-1-1024x725.jpg","contentUrl":"https:\/\/www.werbewoche.ch\/wp-content\/uploads\/2022\/03\/IWB_E2_1-1-1024x725.jpg"},{"@type":"BreadcrumbList","@id":"https:\/\/www.werbewoche.ch\/de\/marketing\/marken\/2022-03-24\/baselwest-konzipiert-magazin-von-iwb-neu\/#breadcrumb","itemListElement":[{"@type":"ListItem","position":1,"name":"Home","item":"https:\/\/www.organisator.ch\/"},{"@type":"ListItem","position":2,"name":"Baselwest konzipiert Magazin von IWB neu"}]},{"@type":"WebSite","@id":"https:\/\/www.organisator.ch\/#website","url":"https:\/\/www.organisator.ch\/","name":"Organizzatore","description":"Competente. Pratico. In 10 numeri all'anno, ORGANISATOR presenta i temi essenziali per i manager delle PMI.","publisher":{"@id":"https:\/\/www.organisator.ch\/#organization"},"potentialAction":[{"@type":"SearchAction","target":{"@type":"EntryPoint","urlTemplate":"https:\/\/www.organisator.ch\/?s={search_term_string}"},"query-input":{"@type":"PropertyValueSpecification","valueRequired":true,"valueName":"search_term_string"}}],"inLanguage":"it-IT"},{"@type":"Organization","@id":"https:\/\/www.organisator.ch\/#organization","name":"Organizzatore","url":"https:\/\/www.organisator.ch\/","logo":{"@type":"ImageObject","inLanguage":"it-IT","@id":"https:\/\/www.organisator.ch\/#\/schema\/logo\/image\/","url":"https:\/\/www.organisator.ch\/wp-content\/uploads\/2022\/01\/Logo_Organisator_Website.png","contentUrl":"https:\/\/www.organisator.ch\/wp-content\/uploads\/2022\/01\/Logo_Organisator_Website.png","width":800,"height":77,"caption":"Organisator"},"image":{"@id":"https:\/\/www.organisator.ch\/#\/schema\/logo\/image\/"},"sameAs":["https:\/\/www.facebook.com\/OrganisatorFachmagazin","https:\/\/www.linkedin.com\/showcase\/organisator-das-magazin-fr-kmu","https:\/\/www.xing.com\/news\/pages\/organisator-ch-695","https:\/\/www.youtube.com\/channel\/UCGP2Sq0iWaZwT3BdIAQFYpw"]},{"@type":"Person","@id":"https:\/\/www.organisator.ch\/#\/schema\/person\/4e51799071cd2dd1232ac003643ef5f0","name":"galledia","image":{"@type":"ImageObject","inLanguage":"it-IT","@id":"https:\/\/secure.gravatar.com\/avatar\/78a7f90c01fc2bfc875782a0d4922b37cde2cf184ce347b91316d23cd7f69a36?s=96&d=mm&r=g","url":"https:\/\/secure.gravatar.com\/avatar\/78a7f90c01fc2bfc875782a0d4922b37cde2cf184ce347b91316d23cd7f69a36?s=96&d=mm&r=g","contentUrl":"https:\/\/secure.gravatar.com\/avatar\/78a7f90c01fc2bfc875782a0d4922b37cde2cf184ce347b91316d23cd7f69a36?s=96&d=mm&r=g","caption":"galledia"},"sameAs":["https:\/\/x.com\/admin"],"url":"https:\/\/www.organisator.ch\/it\/author\/galledia\/"}]}},"_links":{"self":[{"href":"https:\/\/www.organisator.ch\/it\/wp-json\/wp\/v2\/posts\/12219","targetHints":{"allow":["GET"]}}],"collection":[{"href":"https:\/\/www.organisator.ch\/it\/wp-json\/wp\/v2\/posts"}],"about":[{"href":"https:\/\/www.organisator.ch\/it\/wp-json\/wp\/v2\/types\/post"}],"author":[{"embeddable":true,"href":"https:\/\/www.organisator.ch\/it\/wp-json\/wp\/v2\/users\/8"}],"replies":[{"embeddable":true,"href":"https:\/\/www.organisator.ch\/it\/wp-json\/wp\/v2\/comments?post=12219"}],"version-history":[{"count":3,"href":"https:\/\/www.organisator.ch\/it\/wp-json\/wp\/v2\/posts\/12219\/revisions"}],"predecessor-version":[{"id":16097,"href":"https:\/\/www.organisator.ch\/it\/wp-json\/wp\/v2\/posts\/12219\/revisions\/16097"}],"wp:attachment":[{"href":"https:\/\/www.organisator.ch\/it\/wp-json\/wp\/v2\/media?parent=12219"}],"wp:term":[{"taxonomy":"category","embeddable":true,"href":"https:\/\/www.organisator.ch\/it\/wp-json\/wp\/v2\/categories?post=12219"},{"taxonomy":"post_tag","embeddable":true,"href":"https:\/\/www.organisator.ch\/it\/wp-json\/wp\/v2\/tags?post=12219"}],"curies":[{"name":"wp","href":"https:\/\/api.w.org\/{rel}","templated":true}]}}