{"id":12224,"date":"2022-03-25T08:44:30","date_gmt":"2022-03-25T07:44:30","guid":{"rendered":"https:\/\/www.organisator.ch\/?p=12224"},"modified":"2022-03-25T08:44:30","modified_gmt":"2022-03-25T07:44:30","slug":"rezession-wegen-ukraine-krise-fuer-schweizer-unternehmen-noch-nicht-in-sicht","status":"publish","type":"post","link":"https:\/\/www.organisator.ch\/it\/management\/2022-03-25\/rezession-wegen-ukraine-krise-fuer-schweizer-unternehmen-noch-nicht-in-sicht\/","title":{"rendered":"La recessione dovuta alla crisi ucraina non \u00e8 ancora in vista per le aziende svizzere"},"content":{"rendered":"<figure id=\"attachment_12225\" aria-describedby=\"caption-attachment-12225\" style=\"width: 680px\" class=\"wp-caption alignnone\"><img loading=\"lazy\" decoding=\"async\" class=\"size-full wp-image-12225\" src=\"https:\/\/www.organisator.ch\/wp-content\/uploads\/2022\/03\/Wegen-Ukraine-Krieg-Schweizer-Unternehmen-befuerchten-noch-keine-Rezession_Organisator.jpg\" alt=\"\" width=\"680\" height=\"412\" srcset=\"https:\/\/www.organisator.ch\/wp-content\/uploads\/2022\/03\/Wegen-Ukraine-Krieg-Schweizer-Unternehmen-befuerchten-noch-keine-Rezession_Organisator.jpg 680w, https:\/\/www.organisator.ch\/wp-content\/uploads\/2022\/03\/Wegen-Ukraine-Krieg-Schweizer-Unternehmen-befuerchten-noch-keine-Rezession_Organisator-18x12.jpg 18w, https:\/\/www.organisator.ch\/wp-content\/uploads\/2022\/03\/Wegen-Ukraine-Krieg-Schweizer-Unternehmen-befuerchten-noch-keine-Rezession_Organisator-289x175.jpg 289w, https:\/\/www.organisator.ch\/wp-content\/uploads\/2022\/03\/Wegen-Ukraine-Krieg-Schweizer-Unternehmen-befuerchten-noch-keine-Rezession_Organisator-578x350.jpg 578w, https:\/\/www.organisator.ch\/wp-content\/uploads\/2022\/03\/Wegen-Ukraine-Krieg-Schweizer-Unternehmen-befuerchten-noch-keine-Rezession_Organisator-300x182.jpg 300w\" sizes=\"auto, (max-width: 680px) 100vw, 680px\" \/><figcaption id=\"caption-attachment-12225\" class=\"wp-caption-text\">Come i CFO svizzeri valutano i rischi per la loro azienda - una recessione non \u00e8 (ancora) uno di questi... (* \"Sfide interne\" include una serie di sfide come l'attuazione della strategia, la gestione dei progetti, la pianificazione delle successioni o simili). Grafico: \u00a9 2022 Deloitte AG<\/figcaption><\/figure>\n<p>Poco meno della met\u00e0 (46%) dei CFO delle aziende in Svizzera intervistati ogni sei mesi dalla societ\u00e0 di revisione Deloitte rimane convinta che l'economia svizzera continuer\u00e0 a crescere nei prossimi dodici mesi e che una recessione non \u00e8 ancora in vista. Anche se questa proporzione si \u00e8 quasi dimezzata dall'ultimo sondaggio CFO simile del settembre 2021, \u00e8 ancora pi\u00f9 del doppio della proporzione di coloro che si aspettano un crollo della crescita (22%). Pi\u00f9 della met\u00e0 (57%) si aspetta un migliore outlook aziendale per i prossimi dodici mesi, e solo il 15% si aspetta uno sviluppo finanziario negativo.<\/p>\n<p>Anche le altre cifre chiave delle aziende nel sondaggio Deloitte CFO sono tutte ancora sul lato positivo. La maggioranza (64%) degli intervistati si aspetta ancora una crescita delle entrate; tuttavia, sei mesi fa il numero era significativamente pi\u00f9 alto (79%). Inoltre, pi\u00f9 CFO si aspettano ancora una crescita che una diminuzione degli investimenti e delle spese generali come il marketing o i viaggi. Solo i margini operativi sembrano meno positivi. Qui, gli atteggiamenti ottimisti e pessimisti quasi si equilibrano. Una ragione importante per questo \u00e8 probabilmente l'inflazione.<\/p>\n<h3>La guerra come freno alla ripresa<\/h3>\n<p>\"La Svizzera \u00e8 uscita dalla crisi della Corona pi\u00f9 rapidamente di molti altri paesi dell'OCSE. Le aziende svizzere hanno gi\u00e0 imparato a gestire i problemi della catena di approvvigionamento durante la pandemia. E i tassi d'inflazione in aumento negli Stati Uniti e nell'UE non sono pi\u00f9 una sorpresa per loro\", spiega il CEO di Deloitte Reto Savoia. \"Attualmente mi aspetto quindi che la guerra in Ucraina rallenti la ripresa post-Corona, ma che l'economia svizzera rimanga sulla via della crescita quest'anno\".<\/p>\n<p>L'ampia revoca delle misure Corona un buon mese fa ha dato un ulteriore impulso all'economia svizzera. Tuttavia, questo \u00e8 quasi completamente svanito da quando le truppe russe hanno invaso l'Ucraina. Oltre alla guerra, i CFO delle aziende in Svizzera vedono l'inflazione come il rischio maggiore (vedi grafico). Questo vale non da ultimo per l'aumento dei prezzi degli input che le aziende devono pagare per l'energia, le materie prime, i prodotti intermedi o i servizi. Poco meno della met\u00e0 degli intervistati (42%) si aspetta che i prezzi degli input aumentino del cinque per cento o pi\u00f9. Tra coloro che si aspettano un aumento dei prezzi dei fattori produttivi, un buon terzo (36%) prevede di essere in grado di trasferire la maggior parte dell'aumento dei prezzi ai propri clienti. Tuttavia, i CFO non si aspettano un aumento significativo dei prezzi al consumo nel loro paese e prevedono un'inflazione dei prezzi al consumo del 2,0 per cento in due anni.<\/p>\n<h3>Le imprese si preoccupano meno della recessione, pi\u00f9 dell'inflazione e dei problemi della catena di approvvigionamento<\/h3>\n<p>\"L'inflazione \u00e8 tornata di nuovo, anche in Svizzera. Ma le aziende svizzere stanno mostrando resistenza. Anche se devono accettare perdite nei margini, molte aziende sono molto ben posizionate per sfidare l'aumento dei prezzi. La forza del franco non sta influenzando le esportazioni come qualche anno fa\", spiega Alessandro Miolo, Managing Partner per Audit &amp; Assurance di Deloitte Svizzera. Anche se le catene di approvvigionamento sono state superate, in termini di valutazione dei rischi dei CFO, dagli attuali eventi bellici in Ucraina e dall'inflazione ostinata nelle principali economie occidentali, esse rappresentano ancora una grande sfida per molte aziende svizzere. La maggior parte delle aziende si vede almeno leggermente colpita (77%), il 16% riporta addirittura gravi menomazioni. Tra le aziende colpite, il 68% deve pagare sensibilmente di pi\u00f9 per le materie prime e i prodotti intermedi. Circa la met\u00e0 (52%) riporta costi di trasporto pi\u00f9 elevati - una conseguenza dell'aumento dei prezzi dell'energia e di molteplici problemi logistici. Quasi altrettanti (40%) dei CFO si lamentano che i prodotti intermedi non sono consegnati in tempo e uno su quattro (24%) che non sono pi\u00f9 disponibili.<\/p>\n<h3>Corso della guerra come una grande incognita<\/h3>\n<p>Le cancellazioni di ordini da parte dei clienti, d'altra parte, non sono quasi un problema e meno CFO parlano di domanda debole come un rischio rispetto all'autunno. \"La guerra in Ucraina non sembra aver avuto finora un impatto negativo sulla spesa dei consumatori in Svizzera. Tuttavia, se continua pi\u00f9 a lungo e addirittura si intensifica o si espande, la gente diventer\u00e0 di nuovo pi\u00f9 cauta e rinuncer\u00e0 a vacanze e acquisti. Un'inflazione sostenuta metterebbe anche a dura prova i bilanci delle famiglie\", sottolinea Reto Savoia. \"Inoltre, i segnali economici in Germania, il nostro pi\u00f9 importante partner commerciale, sembrano meno positivi. Le prossime settimane e mesi mostreranno quindi se la ripresa economica in Svizzera continuer\u00e0 davvero o se scivoleremo di nuovo in una recessione.<\/p>\n<p><em>Fonte: <a href=\"http:\/\/www.deloitte.ch\">Deloitte<\/a><\/em><\/p>","protected":false},"excerpt":{"rendered":"<p>Knapp die H\u00e4lfte (46%) der halbj\u00e4hrlich durch das Wirtschaftspr\u00fcfungsunternehmen Deloitte befragten CFOs von Unternehmen in der Schweiz ist nach wie vor \u00fcberzeugt: Die Schweizer Wirtschaft wird in den n\u00e4chsten zw\u00f6lf Monaten weiterwachsen, eine Rezession ist noch nicht in Sicht. Dieser Anteil hat sich zwar seit der letzten gleichartigen CFO-Umfrage im September 2021 fast halbiert, ist [&hellip;]<\/p>\n","protected":false},"author":4,"featured_media":12225,"comment_status":"closed","ping_status":"closed","sticky":false,"template":"","format":"standard","meta":{"_acf_changed":false,"_yoast_wpseo_focuskw":"Rezession","_yoast_wpseo_metadesc":"Eine Mehrheit von Schweizer CFOs sieht noch keine Rezession, sondern rechnet nach wie vor mit einer positiven Wirtschaftsentwicklung.","articlekey":"","footnotes":""},"categories":[28],"tags":[202,310,2765,459,531],"class_list":["post-12224","post","type-post","status-publish","format-standard","has-post-thumbnail","hentry","category-management","tag-finanzenrecht","tag-konjunktur","tag-rezession","tag-studie","tag-wirtschaftspolitik"],"acf":[],"yoast_head":"<!-- This site is optimized with the Yoast SEO plugin v27.5 - https:\/\/yoast.com\/product\/yoast-seo-wordpress\/ -->\n<title>Rezession wegen Ukraine-Krise f\u00fcr Schweizer Unternehmen noch nicht in Sicht - Organisator<\/title>\n<meta name=\"description\" content=\"Eine Mehrheit von Schweizer CFOs sieht noch keine Rezession, sondern rechnet nach wie vor mit einer positiven Wirtschaftsentwicklung.\" \/>\n<meta name=\"robots\" content=\"index, follow, max-snippet:-1, max-image-preview:large, max-video-preview:-1\" \/>\n<link rel=\"canonical\" href=\"https:\/\/www.organisator.ch\/it\/gestione-2\/2022-03-25\/rezession-wegen-ukraine-krise-fuer-schweizer-unternehmen-noch-nicht-in-sicht\/\" \/>\n<meta property=\"og:locale\" content=\"it_IT\" \/>\n<meta property=\"og:type\" content=\"article\" \/>\n<meta property=\"og:title\" content=\"Rezession wegen Ukraine-Krise f\u00fcr Schweizer Unternehmen noch nicht in Sicht\" \/>\n<meta property=\"og:description\" content=\"Eine Mehrheit von Schweizer CFOs sieht noch keine Rezession, sondern rechnet nach wie vor mit einer positiven Wirtschaftsentwicklung.\" \/>\n<meta property=\"og:url\" content=\"https:\/\/www.organisator.ch\/it\/gestione-2\/2022-03-25\/rezession-wegen-ukraine-krise-fuer-schweizer-unternehmen-noch-nicht-in-sicht\/\" \/>\n<meta property=\"og:site_name\" content=\"Organisator\" \/>\n<meta property=\"article:publisher\" content=\"https:\/\/www.facebook.com\/OrganisatorFachmagazin\" \/>\n<meta property=\"article:published_time\" content=\"2022-03-25T07:44:30+00:00\" \/>\n<meta property=\"og:image\" content=\"https:\/\/www.organisator.ch\/wp-content\/uploads\/2022\/03\/Wegen-Ukraine-Krieg-Schweizer-Unternehmen-befuerchten-noch-keine-Rezession_Organisator.jpg\" \/>\n\t<meta property=\"og:image:width\" content=\"680\" \/>\n\t<meta property=\"og:image:height\" content=\"412\" \/>\n\t<meta property=\"og:image:type\" content=\"image\/jpeg\" \/>\n<meta name=\"author\" content=\"thomas.berner\" \/>\n<meta name=\"twitter:card\" content=\"summary_large_image\" \/>\n<meta name=\"twitter:title\" content=\"#Rezession wegen #Ukraine-Krise f\u00fcr Schweizer Unternehmen noch nicht in Sicht\" \/>\n<meta name=\"twitter:description\" content=\"Eine Mehrheit von Schweizer CFOs sieht noch keine #Rezession, sondern rechnet nach wie vor mit einer positiven #Wirtschaftsentwicklung.\" \/>\n<meta name=\"twitter:image\" content=\"https:\/\/www.organisator.ch\/wp-content\/uploads\/2022\/03\/Wegen-Ukraine-Krieg-Schweizer-Unternehmen-befuerchten-noch-keine-Rezession_Organisator.jpg\" \/>\n<script type=\"application\/ld+json\" class=\"yoast-schema-graph\">{\"@context\":\"https:\\\/\\\/schema.org\",\"@graph\":[{\"@type\":\"Article\",\"@id\":\"https:\\\/\\\/www.organisator.ch\\\/management\\\/2022-03-25\\\/rezession-wegen-ukraine-krise-fuer-schweizer-unternehmen-noch-nicht-in-sicht\\\/#article\",\"isPartOf\":{\"@id\":\"https:\\\/\\\/www.organisator.ch\\\/management\\\/2022-03-25\\\/rezession-wegen-ukraine-krise-fuer-schweizer-unternehmen-noch-nicht-in-sicht\\\/\"},\"author\":{\"name\":\"thomas.berner\",\"@id\":\"https:\\\/\\\/www.organisator.ch\\\/#\\\/schema\\\/person\\\/6f650f90b2842cd4c0cc334b4e36f67e\"},\"headline\":\"Rezession wegen Ukraine-Krise f\u00fcr Schweizer Unternehmen noch nicht in Sicht\",\"datePublished\":\"2022-03-25T07:44:30+00:00\",\"mainEntityOfPage\":{\"@id\":\"https:\\\/\\\/www.organisator.ch\\\/management\\\/2022-03-25\\\/rezession-wegen-ukraine-krise-fuer-schweizer-unternehmen-noch-nicht-in-sicht\\\/\"},\"wordCount\":809,\"publisher\":{\"@id\":\"https:\\\/\\\/www.organisator.ch\\\/#organization\"},\"image\":{\"@id\":\"https:\\\/\\\/www.organisator.ch\\\/management\\\/2022-03-25\\\/rezession-wegen-ukraine-krise-fuer-schweizer-unternehmen-noch-nicht-in-sicht\\\/#primaryimage\"},\"thumbnailUrl\":\"https:\\\/\\\/www.organisator.ch\\\/wp-content\\\/uploads\\\/2022\\\/03\\\/Wegen-Ukraine-Krieg-Schweizer-Unternehmen-befuerchten-noch-keine-Rezession_Organisator.jpg\",\"keywords\":[\"Finanzen\\\/Recht\",\"Konjunktur\",\"Rezession\",\"Studie\",\"Wirtschaftspolitik\"],\"articleSection\":[\"MANAGEMENT\"],\"inLanguage\":\"it-IT\"},{\"@type\":\"WebPage\",\"@id\":\"https:\\\/\\\/www.organisator.ch\\\/management\\\/2022-03-25\\\/rezession-wegen-ukraine-krise-fuer-schweizer-unternehmen-noch-nicht-in-sicht\\\/\",\"url\":\"https:\\\/\\\/www.organisator.ch\\\/management\\\/2022-03-25\\\/rezession-wegen-ukraine-krise-fuer-schweizer-unternehmen-noch-nicht-in-sicht\\\/\",\"name\":\"Rezession wegen Ukraine-Krise f\u00fcr Schweizer Unternehmen noch nicht in Sicht - Organisator\",\"isPartOf\":{\"@id\":\"https:\\\/\\\/www.organisator.ch\\\/#website\"},\"primaryImageOfPage\":{\"@id\":\"https:\\\/\\\/www.organisator.ch\\\/management\\\/2022-03-25\\\/rezession-wegen-ukraine-krise-fuer-schweizer-unternehmen-noch-nicht-in-sicht\\\/#primaryimage\"},\"image\":{\"@id\":\"https:\\\/\\\/www.organisator.ch\\\/management\\\/2022-03-25\\\/rezession-wegen-ukraine-krise-fuer-schweizer-unternehmen-noch-nicht-in-sicht\\\/#primaryimage\"},\"thumbnailUrl\":\"https:\\\/\\\/www.organisator.ch\\\/wp-content\\\/uploads\\\/2022\\\/03\\\/Wegen-Ukraine-Krieg-Schweizer-Unternehmen-befuerchten-noch-keine-Rezession_Organisator.jpg\",\"datePublished\":\"2022-03-25T07:44:30+00:00\",\"description\":\"Eine Mehrheit von Schweizer CFOs sieht noch keine Rezession, sondern rechnet nach wie vor mit einer positiven Wirtschaftsentwicklung.\",\"breadcrumb\":{\"@id\":\"https:\\\/\\\/www.organisator.ch\\\/management\\\/2022-03-25\\\/rezession-wegen-ukraine-krise-fuer-schweizer-unternehmen-noch-nicht-in-sicht\\\/#breadcrumb\"},\"inLanguage\":\"it-IT\",\"potentialAction\":[{\"@type\":\"ReadAction\",\"target\":[\"https:\\\/\\\/www.organisator.ch\\\/management\\\/2022-03-25\\\/rezession-wegen-ukraine-krise-fuer-schweizer-unternehmen-noch-nicht-in-sicht\\\/\"]}]},{\"@type\":\"ImageObject\",\"inLanguage\":\"it-IT\",\"@id\":\"https:\\\/\\\/www.organisator.ch\\\/management\\\/2022-03-25\\\/rezession-wegen-ukraine-krise-fuer-schweizer-unternehmen-noch-nicht-in-sicht\\\/#primaryimage\",\"url\":\"https:\\\/\\\/www.organisator.ch\\\/wp-content\\\/uploads\\\/2022\\\/03\\\/Wegen-Ukraine-Krieg-Schweizer-Unternehmen-befuerchten-noch-keine-Rezession_Organisator.jpg\",\"contentUrl\":\"https:\\\/\\\/www.organisator.ch\\\/wp-content\\\/uploads\\\/2022\\\/03\\\/Wegen-Ukraine-Krieg-Schweizer-Unternehmen-befuerchten-noch-keine-Rezession_Organisator.jpg\",\"width\":680,\"height\":412,\"caption\":\"Wie die Schweizer CFOs die Risiken f\u00fcr ihr Unternehmen einsch\u00e4tzen. (* \u00abInterne Herausforderungen\u00bb schliesst eine Reihe von Herausforderungen wie beispielsweise Strategieumsetzung, Projektmanagement, Nachfolgeregelungen oder \u00c4hnliches mit ein). Grafik: Deloitte\"},{\"@type\":\"BreadcrumbList\",\"@id\":\"https:\\\/\\\/www.organisator.ch\\\/management\\\/2022-03-25\\\/rezession-wegen-ukraine-krise-fuer-schweizer-unternehmen-noch-nicht-in-sicht\\\/#breadcrumb\",\"itemListElement\":[{\"@type\":\"ListItem\",\"position\":1,\"name\":\"Home\",\"item\":\"https:\\\/\\\/www.organisator.ch\\\/\"},{\"@type\":\"ListItem\",\"position\":2,\"name\":\"Rezession wegen Ukraine-Krise f\u00fcr Schweizer Unternehmen noch nicht in Sicht\"}]},{\"@type\":\"WebSite\",\"@id\":\"https:\\\/\\\/www.organisator.ch\\\/#website\",\"url\":\"https:\\\/\\\/www.organisator.ch\\\/\",\"name\":\"Organisator\",\"description\":\"Kompetent. Praxisnah. Der ORGANISATOR bereitet in 10 Ausgaben pro Jahr die wesentlichen Themen f\u00fcr F\u00fchrungskr\u00e4fte von KMU auf.\",\"publisher\":{\"@id\":\"https:\\\/\\\/www.organisator.ch\\\/#organization\"},\"potentialAction\":[{\"@type\":\"SearchAction\",\"target\":{\"@type\":\"EntryPoint\",\"urlTemplate\":\"https:\\\/\\\/www.organisator.ch\\\/?s={search_term_string}\"},\"query-input\":{\"@type\":\"PropertyValueSpecification\",\"valueRequired\":true,\"valueName\":\"search_term_string\"}}],\"inLanguage\":\"it-IT\"},{\"@type\":\"Organization\",\"@id\":\"https:\\\/\\\/www.organisator.ch\\\/#organization\",\"name\":\"Organisator\",\"url\":\"https:\\\/\\\/www.organisator.ch\\\/\",\"logo\":{\"@type\":\"ImageObject\",\"inLanguage\":\"it-IT\",\"@id\":\"https:\\\/\\\/www.organisator.ch\\\/#\\\/schema\\\/logo\\\/image\\\/\",\"url\":\"https:\\\/\\\/www.organisator.ch\\\/wp-content\\\/uploads\\\/2022\\\/01\\\/Logo_Organisator_Website.png\",\"contentUrl\":\"https:\\\/\\\/www.organisator.ch\\\/wp-content\\\/uploads\\\/2022\\\/01\\\/Logo_Organisator_Website.png\",\"width\":800,\"height\":77,\"caption\":\"Organisator\"},\"image\":{\"@id\":\"https:\\\/\\\/www.organisator.ch\\\/#\\\/schema\\\/logo\\\/image\\\/\"},\"sameAs\":[\"https:\\\/\\\/www.facebook.com\\\/OrganisatorFachmagazin\",\"https:\\\/\\\/www.linkedin.com\\\/showcase\\\/organisator-das-magazin-fr-kmu\",\"https:\\\/\\\/www.xing.com\\\/news\\\/pages\\\/organisator-ch-695\",\"https:\\\/\\\/www.youtube.com\\\/channel\\\/UCGP2Sq0iWaZwT3BdIAQFYpw\"]},{\"@type\":\"Person\",\"@id\":\"https:\\\/\\\/www.organisator.ch\\\/#\\\/schema\\\/person\\\/6f650f90b2842cd4c0cc334b4e36f67e\",\"name\":\"thomas.berner\",\"image\":{\"@type\":\"ImageObject\",\"inLanguage\":\"it-IT\",\"@id\":\"https:\\\/\\\/secure.gravatar.com\\\/avatar\\\/ac5001d2a36cb6c6cd3e50789007ffca834b477b74a2144564522e944eabff61?s=96&d=mm&r=g\",\"url\":\"https:\\\/\\\/secure.gravatar.com\\\/avatar\\\/ac5001d2a36cb6c6cd3e50789007ffca834b477b74a2144564522e944eabff61?s=96&d=mm&r=g\",\"contentUrl\":\"https:\\\/\\\/secure.gravatar.com\\\/avatar\\\/ac5001d2a36cb6c6cd3e50789007ffca834b477b74a2144564522e944eabff61?s=96&d=mm&r=g\",\"caption\":\"thomas.berner\"},\"url\":\"https:\\\/\\\/www.organisator.ch\\\/it\\\/author\\\/thomas-berner\\\/\"}]}<\/script>\n<!-- \/ Yoast SEO plugin. -->","yoast_head_json":{"title":"La recessione dovuta alla crisi ucraina non \u00e8 ancora in vista per le aziende svizzere - Organizzatore","description":"La maggioranza dei CFO svizzeri non vede ancora una recessione, ma continua a prevedere uno sviluppo economico positivo.","robots":{"index":"index","follow":"follow","max-snippet":"max-snippet:-1","max-image-preview":"max-image-preview:large","max-video-preview":"max-video-preview:-1"},"canonical":"https:\/\/www.organisator.ch\/it\/gestione-2\/2022-03-25\/rezession-wegen-ukraine-krise-fuer-schweizer-unternehmen-noch-nicht-in-sicht\/","og_locale":"it_IT","og_type":"article","og_title":"Rezession wegen Ukraine-Krise f\u00fcr Schweizer Unternehmen noch nicht in Sicht","og_description":"Eine Mehrheit von Schweizer CFOs sieht noch keine Rezession, sondern rechnet nach wie vor mit einer positiven Wirtschaftsentwicklung.","og_url":"https:\/\/www.organisator.ch\/it\/gestione-2\/2022-03-25\/rezession-wegen-ukraine-krise-fuer-schweizer-unternehmen-noch-nicht-in-sicht\/","og_site_name":"Organisator","article_publisher":"https:\/\/www.facebook.com\/OrganisatorFachmagazin","article_published_time":"2022-03-25T07:44:30+00:00","og_image":[{"width":680,"height":412,"url":"https:\/\/www.organisator.ch\/wp-content\/uploads\/2022\/03\/Wegen-Ukraine-Krieg-Schweizer-Unternehmen-befuerchten-noch-keine-Rezession_Organisator.jpg","type":"image\/jpeg"}],"author":"thomas.berner","twitter_card":"summary_large_image","twitter_title":"#Rezession wegen #Ukraine-Krise f\u00fcr Schweizer Unternehmen noch nicht in Sicht","twitter_description":"Eine Mehrheit von Schweizer CFOs sieht noch keine #Rezession, sondern rechnet nach wie vor mit einer positiven #Wirtschaftsentwicklung.","twitter_image":"https:\/\/www.organisator.ch\/wp-content\/uploads\/2022\/03\/Wegen-Ukraine-Krieg-Schweizer-Unternehmen-befuerchten-noch-keine-Rezession_Organisator.jpg","schema":{"@context":"https:\/\/schema.org","@graph":[{"@type":"Article","@id":"https:\/\/www.organisator.ch\/management\/2022-03-25\/rezession-wegen-ukraine-krise-fuer-schweizer-unternehmen-noch-nicht-in-sicht\/#article","isPartOf":{"@id":"https:\/\/www.organisator.ch\/management\/2022-03-25\/rezession-wegen-ukraine-krise-fuer-schweizer-unternehmen-noch-nicht-in-sicht\/"},"author":{"name":"thomas.berner","@id":"https:\/\/www.organisator.ch\/#\/schema\/person\/6f650f90b2842cd4c0cc334b4e36f67e"},"headline":"Rezession wegen Ukraine-Krise f\u00fcr Schweizer Unternehmen noch nicht in Sicht","datePublished":"2022-03-25T07:44:30+00:00","mainEntityOfPage":{"@id":"https:\/\/www.organisator.ch\/management\/2022-03-25\/rezession-wegen-ukraine-krise-fuer-schweizer-unternehmen-noch-nicht-in-sicht\/"},"wordCount":809,"publisher":{"@id":"https:\/\/www.organisator.ch\/#organization"},"image":{"@id":"https:\/\/www.organisator.ch\/management\/2022-03-25\/rezession-wegen-ukraine-krise-fuer-schweizer-unternehmen-noch-nicht-in-sicht\/#primaryimage"},"thumbnailUrl":"https:\/\/www.organisator.ch\/wp-content\/uploads\/2022\/03\/Wegen-Ukraine-Krieg-Schweizer-Unternehmen-befuerchten-noch-keine-Rezession_Organisator.jpg","keywords":["Finanzen\/Recht","Konjunktur","Rezession","Studie","Wirtschaftspolitik"],"articleSection":["MANAGEMENT"],"inLanguage":"it-IT"},{"@type":"WebPage","@id":"https:\/\/www.organisator.ch\/management\/2022-03-25\/rezession-wegen-ukraine-krise-fuer-schweizer-unternehmen-noch-nicht-in-sicht\/","url":"https:\/\/www.organisator.ch\/management\/2022-03-25\/rezession-wegen-ukraine-krise-fuer-schweizer-unternehmen-noch-nicht-in-sicht\/","name":"La recessione dovuta alla crisi ucraina non \u00e8 ancora in vista per le aziende svizzere - Organizzatore","isPartOf":{"@id":"https:\/\/www.organisator.ch\/#website"},"primaryImageOfPage":{"@id":"https:\/\/www.organisator.ch\/management\/2022-03-25\/rezession-wegen-ukraine-krise-fuer-schweizer-unternehmen-noch-nicht-in-sicht\/#primaryimage"},"image":{"@id":"https:\/\/www.organisator.ch\/management\/2022-03-25\/rezession-wegen-ukraine-krise-fuer-schweizer-unternehmen-noch-nicht-in-sicht\/#primaryimage"},"thumbnailUrl":"https:\/\/www.organisator.ch\/wp-content\/uploads\/2022\/03\/Wegen-Ukraine-Krieg-Schweizer-Unternehmen-befuerchten-noch-keine-Rezession_Organisator.jpg","datePublished":"2022-03-25T07:44:30+00:00","description":"La maggioranza dei CFO svizzeri non vede ancora una recessione, ma continua a prevedere uno sviluppo economico positivo.","breadcrumb":{"@id":"https:\/\/www.organisator.ch\/management\/2022-03-25\/rezession-wegen-ukraine-krise-fuer-schweizer-unternehmen-noch-nicht-in-sicht\/#breadcrumb"},"inLanguage":"it-IT","potentialAction":[{"@type":"ReadAction","target":["https:\/\/www.organisator.ch\/management\/2022-03-25\/rezession-wegen-ukraine-krise-fuer-schweizer-unternehmen-noch-nicht-in-sicht\/"]}]},{"@type":"ImageObject","inLanguage":"it-IT","@id":"https:\/\/www.organisator.ch\/management\/2022-03-25\/rezession-wegen-ukraine-krise-fuer-schweizer-unternehmen-noch-nicht-in-sicht\/#primaryimage","url":"https:\/\/www.organisator.ch\/wp-content\/uploads\/2022\/03\/Wegen-Ukraine-Krieg-Schweizer-Unternehmen-befuerchten-noch-keine-Rezession_Organisator.jpg","contentUrl":"https:\/\/www.organisator.ch\/wp-content\/uploads\/2022\/03\/Wegen-Ukraine-Krieg-Schweizer-Unternehmen-befuerchten-noch-keine-Rezession_Organisator.jpg","width":680,"height":412,"caption":"Wie die Schweizer CFOs die Risiken f\u00fcr ihr Unternehmen einsch\u00e4tzen. (* \u00abInterne Herausforderungen\u00bb schliesst eine Reihe von Herausforderungen wie beispielsweise Strategieumsetzung, Projektmanagement, Nachfolgeregelungen oder \u00c4hnliches mit ein). Grafik: Deloitte"},{"@type":"BreadcrumbList","@id":"https:\/\/www.organisator.ch\/management\/2022-03-25\/rezession-wegen-ukraine-krise-fuer-schweizer-unternehmen-noch-nicht-in-sicht\/#breadcrumb","itemListElement":[{"@type":"ListItem","position":1,"name":"Home","item":"https:\/\/www.organisator.ch\/"},{"@type":"ListItem","position":2,"name":"Rezession wegen Ukraine-Krise f\u00fcr Schweizer Unternehmen noch nicht in Sicht"}]},{"@type":"WebSite","@id":"https:\/\/www.organisator.ch\/#website","url":"https:\/\/www.organisator.ch\/","name":"Organizzatore","description":"Competente. Pratico. In 10 numeri all'anno, ORGANISATOR presenta i temi essenziali per i manager delle PMI.","publisher":{"@id":"https:\/\/www.organisator.ch\/#organization"},"potentialAction":[{"@type":"SearchAction","target":{"@type":"EntryPoint","urlTemplate":"https:\/\/www.organisator.ch\/?s={search_term_string}"},"query-input":{"@type":"PropertyValueSpecification","valueRequired":true,"valueName":"search_term_string"}}],"inLanguage":"it-IT"},{"@type":"Organization","@id":"https:\/\/www.organisator.ch\/#organization","name":"Organizzatore","url":"https:\/\/www.organisator.ch\/","logo":{"@type":"ImageObject","inLanguage":"it-IT","@id":"https:\/\/www.organisator.ch\/#\/schema\/logo\/image\/","url":"https:\/\/www.organisator.ch\/wp-content\/uploads\/2022\/01\/Logo_Organisator_Website.png","contentUrl":"https:\/\/www.organisator.ch\/wp-content\/uploads\/2022\/01\/Logo_Organisator_Website.png","width":800,"height":77,"caption":"Organisator"},"image":{"@id":"https:\/\/www.organisator.ch\/#\/schema\/logo\/image\/"},"sameAs":["https:\/\/www.facebook.com\/OrganisatorFachmagazin","https:\/\/www.linkedin.com\/showcase\/organisator-das-magazin-fr-kmu","https:\/\/www.xing.com\/news\/pages\/organisator-ch-695","https:\/\/www.youtube.com\/channel\/UCGP2Sq0iWaZwT3BdIAQFYpw"]},{"@type":"Person","@id":"https:\/\/www.organisator.ch\/#\/schema\/person\/6f650f90b2842cd4c0cc334b4e36f67e","name":"Tommaso.berner","image":{"@type":"ImageObject","inLanguage":"it-IT","@id":"https:\/\/secure.gravatar.com\/avatar\/ac5001d2a36cb6c6cd3e50789007ffca834b477b74a2144564522e944eabff61?s=96&d=mm&r=g","url":"https:\/\/secure.gravatar.com\/avatar\/ac5001d2a36cb6c6cd3e50789007ffca834b477b74a2144564522e944eabff61?s=96&d=mm&r=g","contentUrl":"https:\/\/secure.gravatar.com\/avatar\/ac5001d2a36cb6c6cd3e50789007ffca834b477b74a2144564522e944eabff61?s=96&d=mm&r=g","caption":"thomas.berner"},"url":"https:\/\/www.organisator.ch\/it\/author\/thomas-berner\/"}]}},"_links":{"self":[{"href":"https:\/\/www.organisator.ch\/it\/wp-json\/wp\/v2\/posts\/12224","targetHints":{"allow":["GET"]}}],"collection":[{"href":"https:\/\/www.organisator.ch\/it\/wp-json\/wp\/v2\/posts"}],"about":[{"href":"https:\/\/www.organisator.ch\/it\/wp-json\/wp\/v2\/types\/post"}],"author":[{"embeddable":true,"href":"https:\/\/www.organisator.ch\/it\/wp-json\/wp\/v2\/users\/4"}],"replies":[{"embeddable":true,"href":"https:\/\/www.organisator.ch\/it\/wp-json\/wp\/v2\/comments?post=12224"}],"version-history":[{"count":1,"href":"https:\/\/www.organisator.ch\/it\/wp-json\/wp\/v2\/posts\/12224\/revisions"}],"predecessor-version":[{"id":12226,"href":"https:\/\/www.organisator.ch\/it\/wp-json\/wp\/v2\/posts\/12224\/revisions\/12226"}],"wp:featuredmedia":[{"embeddable":true,"href":"https:\/\/www.organisator.ch\/it\/wp-json\/wp\/v2\/media\/12225"}],"wp:attachment":[{"href":"https:\/\/www.organisator.ch\/it\/wp-json\/wp\/v2\/media?parent=12224"}],"wp:term":[{"taxonomy":"category","embeddable":true,"href":"https:\/\/www.organisator.ch\/it\/wp-json\/wp\/v2\/categories?post=12224"},{"taxonomy":"post_tag","embeddable":true,"href":"https:\/\/www.organisator.ch\/it\/wp-json\/wp\/v2\/tags?post=12224"}],"curies":[{"name":"wp","href":"https:\/\/api.w.org\/{rel}","templated":true}]}}