{"id":12232,"date":"2022-03-28T07:00:19","date_gmt":"2022-03-28T05:00:19","guid":{"rendered":"https:\/\/www.organisator.ch\/?p=12232"},"modified":"2022-04-01T08:07:58","modified_gmt":"2022-04-01T06:07:58","slug":"perche-rimandare-le-cose-importanti-i-veri-motivi","status":"publish","type":"post","link":"https:\/\/www.organisator.ch\/it\/management\/2022-03-28\/warum-sie-wichtige-dinge-aufschieben-die-wahren-gruende\/","title":{"rendered":"Perch\u00e9 rimandi le cose importanti - le vere ragioni"},"content":{"rendered":"<figure id=\"attachment_12234\" aria-describedby=\"caption-attachment-12234\" style=\"width: 680px\" class=\"wp-caption alignnone\"><img loading=\"lazy\" decoding=\"async\" class=\"size-full wp-image-12234\" src=\"https:\/\/www.organisator.ch\/wp-content\/uploads\/2022\/03\/Erfolgs-Impuls-Warum-Sie-wichtige-Dinge-aufschieben---die-wahren-Gruende_Organisator.jpg\" alt=\"\" width=\"680\" height=\"434\" srcset=\"\" sizes=\"auto, (max-width: 680px) 100vw, 680px\" data-srcset=\"\" \/><figcaption id=\"caption-attachment-12234\" class=\"wp-caption-text\">Nonostante le liste di controllo: ci sono vari motivi per cui rimandiamo le cose. (Immagine. Pixabay.com)<\/figcaption><\/figure>\n<p>Preferisci andare a una riunione invece di portare avanti il pensiero strategico. Preferisci controllare le e-mail invece di parlare con una persona importante. Preferiscono perfezionare il design della presentazione piuttosto che testare l'efficacia del messaggio. E cos\u00ec via. Ci sono centinaia di casi in cui facciamo prima le cose poco importanti e rimandiamo quelle importanti.<\/p>\n<p>Perch\u00e9? Perch\u00e9 ci sabotiamo da soli? Perch\u00e9 lasciamo le cose in sospeso quando sappiamo bene che devono essere fatte comunque? Bene, le risposte a queste domande riempiono interi scaffali di libri e piattaforme video. Quindi sembra rilevante. Il problema: la maggior parte dei consigli si concentra sulle tecniche per fermare la procrastinazione. Tutto questo va bene, ma ci sono cause profonde alla base del fenomeno che quasi nessuno affronta.<\/p>\n<p>Ecco tre cause fondamentali della procrastinazione che vi consiglio vivamente di considerare (con effetti positivi duraturi sulla vostra produttivit\u00e0 e motivazione):<\/p>\n<ol>\n<li><strong>Nessuna energia. <\/strong><br \/>\nSai com'\u00e8: \u00e8 pi\u00f9 probabile che tu ti distragga e interrompa le attivit\u00e0 importanti quando non hai quasi pi\u00f9 energia. La scarsa energia \u00e8 una delle ragioni pi\u00f9 comuni per la procrastinazione. Anche i grandi metodi non servono a nulla: se sei mentalmente stanco, il tuo subconscio far\u00e0 di tutto per indirizzarti verso attivit\u00e0 rilassanti. La buona notizia \u00e8 che puoi aumentare la tua energia in modo mirato. Ci sono vari metodi validi per questo. Mettiti in contatto con me se hai bisogno di idee.<\/li>\n<li><strong>Nessuna chiarezza.<\/strong><br \/>\n\u00c8 come una legge: la mancanza di chiarezza porta all'incertezza e ai ritardi Lo sai per esperienza personale: se non sai esattamente cosa devi fare dopo per raggiungere il tuo obiettivo, c'\u00e8 un'alta probabilit\u00e0 che tu preferisca non iniziare. A proposito, questa \u00e8 anche una delle pi\u00f9 grandi leve per una maggiore produttivit\u00e0 nel vostro team: creare pi\u00f9 chiarezza sugli obiettivi, i passi per raggiungere l'obiettivo, come affrontare gli ostacoli e cos\u00ec via.<\/li>\n<li><strong>Ambiente povero.<\/strong><br \/>\nL'ambiente ha un'influenza incredibilmente forte su di noi - e anche sulla nostra produttivit\u00e0. Come regola generale, pi\u00f9 motivi avete intorno a voi per essere distratti, pi\u00f9 rimanderete le cose importanti. A proposito, questo include oggetti, eventi e persone. Il mio consiglio: riducete tutto ci\u00f2 che potrebbe distrarvi.<\/li>\n<\/ol>\n<p>Un'altra idea: condividere questi consigli per aiutare gli altri a procrastinare meno. La vostra produttivit\u00e0 aumenter\u00e0 notevolmente.<\/p>\n<p><i><strong>All'autore:<\/strong><br \/>\n<\/i><em>Volkmar V\u00f6lzke \u00e8 un massimizzatore di successi. Autore del libro. Consulente. Allenatore. Altoparlante.\u00a0<a href=\"http:\/\/www.volkmarvoelzke.ch\/\">www.volkmarvoelzke.ch<\/a><\/em><\/p>","protected":false},"excerpt":{"rendered":"<p>Sie gehen lieber ins Meeting anstatt strategische \u00dcberlegungen voranzutreiben. Sie checken lieber Emails anstatt sich mit einer wichtigen Person auszutauschen. Sie perfektionieren lieber das Design der Pr\u00e4sentation anstatt die Wirksamkeit der Botschaft zu testen. Und so weiter. Es gibt hunderte von F\u00e4llen, in denen wir das Unwichtige zuerst machen und wichtige Dinge aufschieben. Warum ist [&hellip;]<\/p>\n","protected":false},"author":4,"featured_media":12234,"comment_status":"closed","ping_status":"closed","sticky":false,"template":"","format":"standard","meta":{"_acf_changed":false,"_yoast_wpseo_focuskw":"Dinge aufschieben","_yoast_wpseo_metadesc":"Wir alle kennen das: Dinge aufschieben, die \u201ceigentlich\u201d wichtig w\u00e4ren, und machen stattdessen weniger wichtiges Zeugs.","articlekey":"","footnotes":""},"categories":[28],"tags":[177,335,429],"class_list":["post-12232","post","type-post","status-publish","format-standard","has-post-thumbnail","hentry","category-management","tag-erfolgs-impuls","tag-management-und-unternehmensfuehrung","tag-selbstmanagement"],"acf":[],"yoast_head":"<!-- This site is optimized with the Yoast SEO plugin v27.5 - https:\/\/yoast.com\/product\/yoast-seo-wordpress\/ -->\n<title>Warum Sie wichtige Dinge aufschieben \u2013 die wahren Gr\u00fcnde - Organisator<\/title>\n<meta name=\"description\" content=\"Wir alle kennen das: Dinge aufschieben, die \u201ceigentlich\u201d wichtig w\u00e4ren, und machen stattdessen weniger wichtiges Zeugs.\" \/>\n<meta name=\"robots\" content=\"index, follow, max-snippet:-1, max-image-preview:large, max-video-preview:-1\" \/>\n<link rel=\"canonical\" href=\"https:\/\/www.organisator.ch\/it\/gestione-2\/2022-03-28\/perche-rimandare-le-cose-importanti-i-veri-motivi\/\" \/>\n<meta property=\"og:locale\" content=\"it_IT\" \/>\n<meta property=\"og:type\" content=\"article\" \/>\n<meta property=\"og:title\" content=\"Warum Sie wichtige Dinge aufschieben \u2013 die wahren Gr\u00fcnde\" \/>\n<meta property=\"og:description\" content=\"Wir alle kennen das: Dinge aufschieben, die \u201ceigentlich\u201d wichtig w\u00e4ren, und machen stattdessen weniger wichtiges Zeugs.\" \/>\n<meta property=\"og:url\" content=\"https:\/\/www.organisator.ch\/it\/gestione-2\/2022-03-28\/perche-rimandare-le-cose-importanti-i-veri-motivi\/\" \/>\n<meta property=\"og:site_name\" content=\"Organisator\" \/>\n<meta property=\"article:publisher\" content=\"https:\/\/www.facebook.com\/OrganisatorFachmagazin\" \/>\n<meta property=\"article:published_time\" content=\"2022-03-28T05:00:19+00:00\" \/>\n<meta property=\"article:modified_time\" content=\"2022-04-01T06:07:58+00:00\" \/>\n<meta property=\"og:image\" content=\"https:\/\/www.organisator.ch\/wp-content\/uploads\/2022\/03\/Erfolgs-Impuls-Warum-Sie-wichtige-Dinge-aufschieben-\u2013-die-wahren-Gruende_Organisator.jpg\" \/>\n\t<meta property=\"og:image:width\" content=\"680\" \/>\n\t<meta property=\"og:image:height\" content=\"434\" \/>\n\t<meta property=\"og:image:type\" content=\"image\/jpeg\" \/>\n<meta name=\"author\" content=\"thomas.berner\" \/>\n<meta name=\"twitter:card\" content=\"summary_large_image\" \/>\n<meta name=\"twitter:title\" content=\"Warum Sie wichtige #Dinge aufschieben \u2013 die wahren #Gr\u00fcnde\" \/>\n<meta name=\"twitter:description\" content=\"Wir alle kennen das: #Dinge aufschieben, die \u201ceigentlich\u201d wichtig w\u00e4ren, und machen stattdessen weniger wichtiges Zeugs.\" \/>\n<meta name=\"twitter:image\" content=\"https:\/\/www.organisator.ch\/wp-content\/uploads\/2022\/03\/Erfolgs-Impuls-Warum-Sie-wichtige-Dinge-aufschieben-\u2013-die-wahren-Gruende_Organisator.jpg\" \/>\n<script type=\"application\/ld+json\" class=\"yoast-schema-graph\">{\"@context\":\"https:\\\/\\\/schema.org\",\"@graph\":[{\"@type\":\"Article\",\"@id\":\"https:\\\/\\\/www.organisator.ch\\\/management\\\/2022-03-28\\\/warum-sie-wichtige-dinge-aufschieben-die-wahren-gruende\\\/#article\",\"isPartOf\":{\"@id\":\"https:\\\/\\\/www.organisator.ch\\\/management\\\/2022-03-28\\\/warum-sie-wichtige-dinge-aufschieben-die-wahren-gruende\\\/\"},\"author\":{\"name\":\"thomas.berner\",\"@id\":\"https:\\\/\\\/www.organisator.ch\\\/#\\\/schema\\\/person\\\/6f650f90b2842cd4c0cc334b4e36f67e\"},\"headline\":\"Warum Sie wichtige Dinge aufschieben \u2013 die wahren Gr\u00fcnde\",\"datePublished\":\"2022-03-28T05:00:19+00:00\",\"dateModified\":\"2022-04-01T06:07:58+00:00\",\"mainEntityOfPage\":{\"@id\":\"https:\\\/\\\/www.organisator.ch\\\/management\\\/2022-03-28\\\/warum-sie-wichtige-dinge-aufschieben-die-wahren-gruende\\\/\"},\"wordCount\":452,\"publisher\":{\"@id\":\"https:\\\/\\\/www.organisator.ch\\\/#organization\"},\"image\":{\"@id\":\"https:\\\/\\\/www.organisator.ch\\\/management\\\/2022-03-28\\\/warum-sie-wichtige-dinge-aufschieben-die-wahren-gruende\\\/#primaryimage\"},\"thumbnailUrl\":\"https:\\\/\\\/www.organisator.ch\\\/wp-content\\\/uploads\\\/2022\\\/03\\\/Erfolgs-Impuls-Warum-Sie-wichtige-Dinge-aufschieben-\u2013-die-wahren-Gruende_Organisator.jpg\",\"keywords\":[\"Erfolgs-Impuls\",\"Management und Unternehmensf\u00fchrung\",\"Selbstmanagement\"],\"articleSection\":[\"MANAGEMENT\"],\"inLanguage\":\"it-IT\"},{\"@type\":\"WebPage\",\"@id\":\"https:\\\/\\\/www.organisator.ch\\\/management\\\/2022-03-28\\\/warum-sie-wichtige-dinge-aufschieben-die-wahren-gruende\\\/\",\"url\":\"https:\\\/\\\/www.organisator.ch\\\/management\\\/2022-03-28\\\/warum-sie-wichtige-dinge-aufschieben-die-wahren-gruende\\\/\",\"name\":\"Warum Sie wichtige Dinge aufschieben \u2013 die wahren Gr\u00fcnde - Organisator\",\"isPartOf\":{\"@id\":\"https:\\\/\\\/www.organisator.ch\\\/#website\"},\"primaryImageOfPage\":{\"@id\":\"https:\\\/\\\/www.organisator.ch\\\/management\\\/2022-03-28\\\/warum-sie-wichtige-dinge-aufschieben-die-wahren-gruende\\\/#primaryimage\"},\"image\":{\"@id\":\"https:\\\/\\\/www.organisator.ch\\\/management\\\/2022-03-28\\\/warum-sie-wichtige-dinge-aufschieben-die-wahren-gruende\\\/#primaryimage\"},\"thumbnailUrl\":\"https:\\\/\\\/www.organisator.ch\\\/wp-content\\\/uploads\\\/2022\\\/03\\\/Erfolgs-Impuls-Warum-Sie-wichtige-Dinge-aufschieben-\u2013-die-wahren-Gruende_Organisator.jpg\",\"datePublished\":\"2022-03-28T05:00:19+00:00\",\"dateModified\":\"2022-04-01T06:07:58+00:00\",\"description\":\"Wir alle kennen das: Dinge aufschieben, die \u201ceigentlich\u201d wichtig w\u00e4ren, und machen stattdessen weniger wichtiges Zeugs.\",\"breadcrumb\":{\"@id\":\"https:\\\/\\\/www.organisator.ch\\\/management\\\/2022-03-28\\\/warum-sie-wichtige-dinge-aufschieben-die-wahren-gruende\\\/#breadcrumb\"},\"inLanguage\":\"it-IT\",\"potentialAction\":[{\"@type\":\"ReadAction\",\"target\":[\"https:\\\/\\\/www.organisator.ch\\\/management\\\/2022-03-28\\\/warum-sie-wichtige-dinge-aufschieben-die-wahren-gruende\\\/\"]}]},{\"@type\":\"ImageObject\",\"inLanguage\":\"it-IT\",\"@id\":\"https:\\\/\\\/www.organisator.ch\\\/management\\\/2022-03-28\\\/warum-sie-wichtige-dinge-aufschieben-die-wahren-gruende\\\/#primaryimage\",\"url\":\"https:\\\/\\\/www.organisator.ch\\\/wp-content\\\/uploads\\\/2022\\\/03\\\/Erfolgs-Impuls-Warum-Sie-wichtige-Dinge-aufschieben-\u2013-die-wahren-Gruende_Organisator.jpg\",\"contentUrl\":\"https:\\\/\\\/www.organisator.ch\\\/wp-content\\\/uploads\\\/2022\\\/03\\\/Erfolgs-Impuls-Warum-Sie-wichtige-Dinge-aufschieben-\u2013-die-wahren-Gruende_Organisator.jpg\",\"width\":680,\"height\":434,\"caption\":\"Trotz Checklisten: Warum wir Dinge aufschieben, hat verschiedene Gr\u00fcnde. (Bild. Pixabay.com)\"},{\"@type\":\"BreadcrumbList\",\"@id\":\"https:\\\/\\\/www.organisator.ch\\\/management\\\/2022-03-28\\\/warum-sie-wichtige-dinge-aufschieben-die-wahren-gruende\\\/#breadcrumb\",\"itemListElement\":[{\"@type\":\"ListItem\",\"position\":1,\"name\":\"Home\",\"item\":\"https:\\\/\\\/www.organisator.ch\\\/\"},{\"@type\":\"ListItem\",\"position\":2,\"name\":\"Warum Sie wichtige Dinge aufschieben \u2013 die wahren Gr\u00fcnde\"}]},{\"@type\":\"WebSite\",\"@id\":\"https:\\\/\\\/www.organisator.ch\\\/#website\",\"url\":\"https:\\\/\\\/www.organisator.ch\\\/\",\"name\":\"Organisator\",\"description\":\"Kompetent. Praxisnah. Der ORGANISATOR bereitet in 10 Ausgaben pro Jahr die wesentlichen Themen f\u00fcr F\u00fchrungskr\u00e4fte von KMU auf.\",\"publisher\":{\"@id\":\"https:\\\/\\\/www.organisator.ch\\\/#organization\"},\"potentialAction\":[{\"@type\":\"SearchAction\",\"target\":{\"@type\":\"EntryPoint\",\"urlTemplate\":\"https:\\\/\\\/www.organisator.ch\\\/?s={search_term_string}\"},\"query-input\":{\"@type\":\"PropertyValueSpecification\",\"valueRequired\":true,\"valueName\":\"search_term_string\"}}],\"inLanguage\":\"it-IT\"},{\"@type\":\"Organization\",\"@id\":\"https:\\\/\\\/www.organisator.ch\\\/#organization\",\"name\":\"Organisator\",\"url\":\"https:\\\/\\\/www.organisator.ch\\\/\",\"logo\":{\"@type\":\"ImageObject\",\"inLanguage\":\"it-IT\",\"@id\":\"https:\\\/\\\/www.organisator.ch\\\/#\\\/schema\\\/logo\\\/image\\\/\",\"url\":\"https:\\\/\\\/www.organisator.ch\\\/wp-content\\\/uploads\\\/2022\\\/01\\\/Logo_Organisator_Website.png\",\"contentUrl\":\"https:\\\/\\\/www.organisator.ch\\\/wp-content\\\/uploads\\\/2022\\\/01\\\/Logo_Organisator_Website.png\",\"width\":800,\"height\":77,\"caption\":\"Organisator\"},\"image\":{\"@id\":\"https:\\\/\\\/www.organisator.ch\\\/#\\\/schema\\\/logo\\\/image\\\/\"},\"sameAs\":[\"https:\\\/\\\/www.facebook.com\\\/OrganisatorFachmagazin\",\"https:\\\/\\\/www.linkedin.com\\\/showcase\\\/organisator-das-magazin-fr-kmu\",\"https:\\\/\\\/www.xing.com\\\/news\\\/pages\\\/organisator-ch-695\",\"https:\\\/\\\/www.youtube.com\\\/channel\\\/UCGP2Sq0iWaZwT3BdIAQFYpw\"]},{\"@type\":\"Person\",\"@id\":\"https:\\\/\\\/www.organisator.ch\\\/#\\\/schema\\\/person\\\/6f650f90b2842cd4c0cc334b4e36f67e\",\"name\":\"thomas.berner\",\"image\":{\"@type\":\"ImageObject\",\"inLanguage\":\"it-IT\",\"@id\":\"https:\\\/\\\/secure.gravatar.com\\\/avatar\\\/ac5001d2a36cb6c6cd3e50789007ffca834b477b74a2144564522e944eabff61?s=96&d=mm&r=g\",\"url\":\"https:\\\/\\\/secure.gravatar.com\\\/avatar\\\/ac5001d2a36cb6c6cd3e50789007ffca834b477b74a2144564522e944eabff61?s=96&d=mm&r=g\",\"contentUrl\":\"https:\\\/\\\/secure.gravatar.com\\\/avatar\\\/ac5001d2a36cb6c6cd3e50789007ffca834b477b74a2144564522e944eabff61?s=96&d=mm&r=g\",\"caption\":\"thomas.berner\"},\"url\":\"https:\\\/\\\/www.organisator.ch\\\/it\\\/author\\\/thomas-berner\\\/\"}]}<\/script>\n<!-- \/ Yoast SEO plugin. -->","yoast_head_json":{"title":"Perch\u00e9 rimandate le cose importanti: le vere ragioni - Organiser","description":"Lo sappiamo tutti: rimandare le cose \"effettivamente\" importanti e fare invece cose meno importanti.","robots":{"index":"index","follow":"follow","max-snippet":"max-snippet:-1","max-image-preview":"max-image-preview:large","max-video-preview":"max-video-preview:-1"},"canonical":"https:\/\/www.organisator.ch\/it\/gestione-2\/2022-03-28\/perche-rimandare-le-cose-importanti-i-veri-motivi\/","og_locale":"it_IT","og_type":"article","og_title":"Warum Sie wichtige Dinge aufschieben \u2013 die wahren Gr\u00fcnde","og_description":"Wir alle kennen das: Dinge aufschieben, die \u201ceigentlich\u201d wichtig w\u00e4ren, und machen stattdessen weniger wichtiges Zeugs.","og_url":"https:\/\/www.organisator.ch\/it\/gestione-2\/2022-03-28\/perche-rimandare-le-cose-importanti-i-veri-motivi\/","og_site_name":"Organisator","article_publisher":"https:\/\/www.facebook.com\/OrganisatorFachmagazin","article_published_time":"2022-03-28T05:00:19+00:00","article_modified_time":"2022-04-01T06:07:58+00:00","og_image":[{"width":680,"height":434,"url":"https:\/\/www.organisator.ch\/wp-content\/uploads\/2022\/03\/Erfolgs-Impuls-Warum-Sie-wichtige-Dinge-aufschieben-\u2013-die-wahren-Gruende_Organisator.jpg","type":"image\/jpeg"}],"author":"thomas.berner","twitter_card":"summary_large_image","twitter_title":"Warum Sie wichtige #Dinge aufschieben \u2013 die wahren #Gr\u00fcnde","twitter_description":"Wir alle kennen das: #Dinge aufschieben, die \u201ceigentlich\u201d wichtig w\u00e4ren, und machen stattdessen weniger wichtiges Zeugs.","twitter_image":"https:\/\/www.organisator.ch\/wp-content\/uploads\/2022\/03\/Erfolgs-Impuls-Warum-Sie-wichtige-Dinge-aufschieben-\u2013-die-wahren-Gruende_Organisator.jpg","schema":{"@context":"https:\/\/schema.org","@graph":[{"@type":"Article","@id":"https:\/\/www.organisator.ch\/management\/2022-03-28\/warum-sie-wichtige-dinge-aufschieben-die-wahren-gruende\/#article","isPartOf":{"@id":"https:\/\/www.organisator.ch\/management\/2022-03-28\/warum-sie-wichtige-dinge-aufschieben-die-wahren-gruende\/"},"author":{"name":"thomas.berner","@id":"https:\/\/www.organisator.ch\/#\/schema\/person\/6f650f90b2842cd4c0cc334b4e36f67e"},"headline":"Warum Sie wichtige Dinge aufschieben \u2013 die wahren Gr\u00fcnde","datePublished":"2022-03-28T05:00:19+00:00","dateModified":"2022-04-01T06:07:58+00:00","mainEntityOfPage":{"@id":"https:\/\/www.organisator.ch\/management\/2022-03-28\/warum-sie-wichtige-dinge-aufschieben-die-wahren-gruende\/"},"wordCount":452,"publisher":{"@id":"https:\/\/www.organisator.ch\/#organization"},"image":{"@id":"https:\/\/www.organisator.ch\/management\/2022-03-28\/warum-sie-wichtige-dinge-aufschieben-die-wahren-gruende\/#primaryimage"},"thumbnailUrl":"https:\/\/www.organisator.ch\/wp-content\/uploads\/2022\/03\/Erfolgs-Impuls-Warum-Sie-wichtige-Dinge-aufschieben-\u2013-die-wahren-Gruende_Organisator.jpg","keywords":["Erfolgs-Impuls","Management und Unternehmensf\u00fchrung","Selbstmanagement"],"articleSection":["MANAGEMENT"],"inLanguage":"it-IT"},{"@type":"WebPage","@id":"https:\/\/www.organisator.ch\/management\/2022-03-28\/warum-sie-wichtige-dinge-aufschieben-die-wahren-gruende\/","url":"https:\/\/www.organisator.ch\/management\/2022-03-28\/warum-sie-wichtige-dinge-aufschieben-die-wahren-gruende\/","name":"Perch\u00e9 rimandate le cose importanti: le vere ragioni - Organiser","isPartOf":{"@id":"https:\/\/www.organisator.ch\/#website"},"primaryImageOfPage":{"@id":"https:\/\/www.organisator.ch\/management\/2022-03-28\/warum-sie-wichtige-dinge-aufschieben-die-wahren-gruende\/#primaryimage"},"image":{"@id":"https:\/\/www.organisator.ch\/management\/2022-03-28\/warum-sie-wichtige-dinge-aufschieben-die-wahren-gruende\/#primaryimage"},"thumbnailUrl":"https:\/\/www.organisator.ch\/wp-content\/uploads\/2022\/03\/Erfolgs-Impuls-Warum-Sie-wichtige-Dinge-aufschieben-\u2013-die-wahren-Gruende_Organisator.jpg","datePublished":"2022-03-28T05:00:19+00:00","dateModified":"2022-04-01T06:07:58+00:00","description":"Lo sappiamo tutti: rimandare le cose \"effettivamente\" importanti e fare invece cose meno importanti.","breadcrumb":{"@id":"https:\/\/www.organisator.ch\/management\/2022-03-28\/warum-sie-wichtige-dinge-aufschieben-die-wahren-gruende\/#breadcrumb"},"inLanguage":"it-IT","potentialAction":[{"@type":"ReadAction","target":["https:\/\/www.organisator.ch\/management\/2022-03-28\/warum-sie-wichtige-dinge-aufschieben-die-wahren-gruende\/"]}]},{"@type":"ImageObject","inLanguage":"it-IT","@id":"https:\/\/www.organisator.ch\/management\/2022-03-28\/warum-sie-wichtige-dinge-aufschieben-die-wahren-gruende\/#primaryimage","url":"https:\/\/www.organisator.ch\/wp-content\/uploads\/2022\/03\/Erfolgs-Impuls-Warum-Sie-wichtige-Dinge-aufschieben-\u2013-die-wahren-Gruende_Organisator.jpg","contentUrl":"https:\/\/www.organisator.ch\/wp-content\/uploads\/2022\/03\/Erfolgs-Impuls-Warum-Sie-wichtige-Dinge-aufschieben-\u2013-die-wahren-Gruende_Organisator.jpg","width":680,"height":434,"caption":"Trotz Checklisten: Warum wir Dinge aufschieben, hat verschiedene Gr\u00fcnde. (Bild. Pixabay.com)"},{"@type":"BreadcrumbList","@id":"https:\/\/www.organisator.ch\/management\/2022-03-28\/warum-sie-wichtige-dinge-aufschieben-die-wahren-gruende\/#breadcrumb","itemListElement":[{"@type":"ListItem","position":1,"name":"Home","item":"https:\/\/www.organisator.ch\/"},{"@type":"ListItem","position":2,"name":"Warum Sie wichtige Dinge aufschieben \u2013 die wahren Gr\u00fcnde"}]},{"@type":"WebSite","@id":"https:\/\/www.organisator.ch\/#website","url":"https:\/\/www.organisator.ch\/","name":"Organizzatore","description":"Competente. Pratico. In 10 numeri all'anno, ORGANISATOR presenta i temi essenziali per i manager delle PMI.","publisher":{"@id":"https:\/\/www.organisator.ch\/#organization"},"potentialAction":[{"@type":"SearchAction","target":{"@type":"EntryPoint","urlTemplate":"https:\/\/www.organisator.ch\/?s={search_term_string}"},"query-input":{"@type":"PropertyValueSpecification","valueRequired":true,"valueName":"search_term_string"}}],"inLanguage":"it-IT"},{"@type":"Organization","@id":"https:\/\/www.organisator.ch\/#organization","name":"Organizzatore","url":"https:\/\/www.organisator.ch\/","logo":{"@type":"ImageObject","inLanguage":"it-IT","@id":"https:\/\/www.organisator.ch\/#\/schema\/logo\/image\/","url":"https:\/\/www.organisator.ch\/wp-content\/uploads\/2022\/01\/Logo_Organisator_Website.png","contentUrl":"https:\/\/www.organisator.ch\/wp-content\/uploads\/2022\/01\/Logo_Organisator_Website.png","width":800,"height":77,"caption":"Organisator"},"image":{"@id":"https:\/\/www.organisator.ch\/#\/schema\/logo\/image\/"},"sameAs":["https:\/\/www.facebook.com\/OrganisatorFachmagazin","https:\/\/www.linkedin.com\/showcase\/organisator-das-magazin-fr-kmu","https:\/\/www.xing.com\/news\/pages\/organisator-ch-695","https:\/\/www.youtube.com\/channel\/UCGP2Sq0iWaZwT3BdIAQFYpw"]},{"@type":"Person","@id":"https:\/\/www.organisator.ch\/#\/schema\/person\/6f650f90b2842cd4c0cc334b4e36f67e","name":"Tommaso.berner","image":{"@type":"ImageObject","inLanguage":"it-IT","@id":"https:\/\/secure.gravatar.com\/avatar\/ac5001d2a36cb6c6cd3e50789007ffca834b477b74a2144564522e944eabff61?s=96&d=mm&r=g","url":"https:\/\/secure.gravatar.com\/avatar\/ac5001d2a36cb6c6cd3e50789007ffca834b477b74a2144564522e944eabff61?s=96&d=mm&r=g","contentUrl":"https:\/\/secure.gravatar.com\/avatar\/ac5001d2a36cb6c6cd3e50789007ffca834b477b74a2144564522e944eabff61?s=96&d=mm&r=g","caption":"thomas.berner"},"url":"https:\/\/www.organisator.ch\/it\/author\/thomas-berner\/"}]}},"_links":{"self":[{"href":"https:\/\/www.organisator.ch\/it\/wp-json\/wp\/v2\/posts\/12232","targetHints":{"allow":["GET"]}}],"collection":[{"href":"https:\/\/www.organisator.ch\/it\/wp-json\/wp\/v2\/posts"}],"about":[{"href":"https:\/\/www.organisator.ch\/it\/wp-json\/wp\/v2\/types\/post"}],"author":[{"embeddable":true,"href":"https:\/\/www.organisator.ch\/it\/wp-json\/wp\/v2\/users\/4"}],"replies":[{"embeddable":true,"href":"https:\/\/www.organisator.ch\/it\/wp-json\/wp\/v2\/comments?post=12232"}],"version-history":[{"count":2,"href":"https:\/\/www.organisator.ch\/it\/wp-json\/wp\/v2\/posts\/12232\/revisions"}],"predecessor-version":[{"id":12236,"href":"https:\/\/www.organisator.ch\/it\/wp-json\/wp\/v2\/posts\/12232\/revisions\/12236"}],"wp:featuredmedia":[{"embeddable":true,"href":"https:\/\/www.organisator.ch\/it\/wp-json\/wp\/v2\/media\/12234"}],"wp:attachment":[{"href":"https:\/\/www.organisator.ch\/it\/wp-json\/wp\/v2\/media?parent=12232"}],"wp:term":[{"taxonomy":"category","embeddable":true,"href":"https:\/\/www.organisator.ch\/it\/wp-json\/wp\/v2\/categories?post=12232"},{"taxonomy":"post_tag","embeddable":true,"href":"https:\/\/www.organisator.ch\/it\/wp-json\/wp\/v2\/tags?post=12232"}],"curies":[{"name":"wp","href":"https:\/\/api.w.org\/{rel}","templated":true}]}}