{"id":12246,"date":"2022-03-28T10:59:57","date_gmt":"2022-03-28T08:59:57","guid":{"rendered":"https:\/\/www.werbewoche.ch\/?p=168041"},"modified":"2022-08-01T13:43:12","modified_gmt":"2022-08-01T11:43:12","slug":"studie-von-link-so-denkt-die-schweiz-ueber-den-ukraine-konflikt","status":"publish","type":"post","link":"https:\/\/www.organisator.ch\/it\/marketing\/2022-03-28\/studie-von-link-so-denkt-die-schweiz-ueber-den-ukraine-konflikt\/","title":{"rendered":"Studio di Link: Come la Svizzera pensa al conflitto in Ucraina"},"content":{"rendered":"<img class=\"alignnone wp-image-168047 size-medium\" src=\"https:\/\/www.werbewoche.ch\/wp-content\/uploads\/2022\/03\/umfrage1200-1-600x331.png\" alt=\"Svizzera\" width=\"600\" height=\"331\" \/>In occasione di questa ricorrenza, LINK ha condotto un sondaggio rappresentativo tra la popolazione svizzera sulla guerra in Ucraina dal 17 al 21 marzo 2022. I risultati tracciano un quadro preciso di come gli svizzeri valutano la situazione attuale e cosa pensano di vari aspetti, tra cui l'accoglienza dei rifugiati dall'Ucraina o i possibili cambiamenti nella loro vita quotidiana.\r\n\r\nTre svizzeri* su quattro seguono la copertura dell'invasione russa dell'Ucraina da un po' (41%) a molto intensamente (35%). Pi\u00f9 la generazione \u00e8 anziana, pi\u00f9 segue da vicino le notizie sull'argomento: mentre poco meno di un quarto dei giovani tra i 15 e i 29 anni segue intensamente la copertura, pi\u00f9 della met\u00e0 dei 60-79enni lo fa.\r\n\r\nAllo stesso tempo, la generazione pi\u00f9 giovane intervistata \u00e8 quella pi\u00f9 fiduciosa che l'attacco russo all'Ucraina avr\u00e0 un impatto negativo minimo o nullo sulla propria situazione finanziaria personale (44%). Le generazioni pi\u00f9 anziane sono decisamente meno ottimiste a questo proposito. Tuttavia, la maggioranza di ogni fascia d'et\u00e0 \u00e8 preoccupata per l'attuale situazione tra Ucraina e Russia, la met\u00e0 della popolazione addirittura lo \u00e8 molto. La possibilit\u00e0 che la Russia utilizzi armi chimiche (85%) o nucleari (79%) \u00e8 un motivo di particolare preoccupazione in Svizzera.\r\n<h3>Popolazione svizzera a favore delle sanzioni contro la Russia e a favore di possibili ulteriori sanzioni<\/h3>\r\nLINK voleva sapere come gli svizzeri considerano le sanzioni attualmente applicate dal Consiglio federale contro la Russia, tra le altre, e cosa pensano di possibili ulteriori sanzioni. In generale, la maggioranza della popolazione \u00e8 d'accordo con le azioni del Consiglio federale e ritiene che le sanzioni imposte siano pi\u00f9 o meno giuste. Solo il 48% approva le restrizioni sulla facilitazione dei visti per i russi: poco meno di un quarto degli intervistati ritiene che siano eccessive, mentre un quinto pensa che non lo siano abbastanza.\r\n\r\nMolte altre possibili sanzioni contro la Russia sono sostenute dalla popolazione svizzera. Ad esempio, pi\u00f9 della met\u00e0 di loro sarebbe favorevole a controlli sulle esportazioni di prodotti high-tech e software verso la Russia, e per un quarto di loro questi controlli potrebbero andare anche oltre. La situazione \u00e8 molto simile, ad esempio, per quanto riguarda il congelamento di tutti i beni di russi di alto livello in Svizzera. Tuttavia, un quarto si oppone anche alla revoca dei permessi di soggiorno per le persone russe vicine al governo russo che vivono in Svizzera. Impopolare sarebbe anche un aumento del bilancio della difesa svizzera come deterrente - il 40% \u00e8 contrario. \u00c8 sorprendente che le generazioni pi\u00f9 anziane siano pi\u00f9 d'accordo con le possibili ulteriori sanzioni elencate o addirittura le considerino non abbastanza forti rispetto alla generazione pi\u00f9 giovane intervistata (15-29 anni).\r\n<h3>Gli svizzeri sostengono le misure per aiutare i rifugiati ucraini - pi\u00f9 vecchi che giovani<\/h3>\r\nPi\u00f9 di 3,5 milioni di persone sono gi\u00e0 state costrette a fuggire e 12.000 ucraini sono stati registrati in Svizzera (al 22 marzo 2022). In questo contesto, \u00e8 importante conoscere l'opinione della popolazione svizzera sulle varie misure di sostegno ai rifugiati provenienti dall'Ucraina. Il 71% \u00e8 favorevole a un programma svizzero per il reinsediamento di alcuni rifugiati ucraini costretti a fuggire dall'invasione russa. Di questi sostenitori, la maggior parte (46%) accetterebbe qualche decina di migliaia di persone in Svizzera. In generale, una netta maggioranza (78%) della popolazione ritiene che la Svizzera abbia l'obbligo morale di concedere asilo alle persone fuggite dall'Ucraina.","protected":false},"excerpt":{"rendered":"<p>Aus aktuellem Anlass hat LINK vom 17. bis 21. M\u00e4rz 2022 eine repr\u00e4sentative Umfrage unter der Schweizer Bev\u00f6lkerung zum Krieg in der Ukraine durchgef\u00fchrt. Die Ergebnisse zeichnen ein genaues Bild davon, wie Schweizerinnen und Schweizer die aktuelle Situation einsch\u00e4tzen und was sie \u00fcber verschiedene Aspekte denken, unter anderem \u00fcber die Aufnahme von Fl\u00fcchtlingen aus der [\u2026]<\/p>\n","protected":false},"author":8,"featured_media":0,"comment_status":"closed","ping_status":"closed","sticky":false,"template":"","format":"standard","meta":{"_acf_changed":false,"_yoast_wpseo_focuskw":"Schweiz","_yoast_wpseo_metadesc":"Rund die H\u00e4lfte der Schweizer Bev\u00f6lkerung ist sehr besorgt \u00fcber den Ukraine-Russland-Krieg. Sie fordert ein klares Bekenntnis zur Ukraine.","articlekey":"","footnotes":""},"categories":[29],"tags":[424,2744],"class_list":["post-12246","post","type-post","status-publish","format-standard","hentry","category-marketing","tag-schweiz","tag-ukraine"],"acf":[],"yoast_head":"<!-- This site is optimized with the Yoast SEO plugin v27.5 - https:\/\/yoast.com\/product\/yoast-seo-wordpress\/ -->\n<title>Studie von Link: So denkt die Schweiz \u00fcber den Ukraine-Konflikt - Organisator<\/title>\n<meta name=\"description\" content=\"Rund die H\u00e4lfte der Schweizer Bev\u00f6lkerung ist sehr besorgt \u00fcber den Ukraine-Russland-Krieg. Sie fordert ein klares Bekenntnis zur Ukraine.\" \/>\n<meta name=\"robots\" content=\"index, follow, max-snippet:-1, max-image-preview:large, max-video-preview:-1\" \/>\n<link rel=\"canonical\" href=\"https:\/\/www.werbewoche.ch\/de\/marketing\/marktforschung\/2022-03-28\/link-studie-so-denkt-die-schweiz-ueber-den-ukraine-konflikt\/\" \/>\n<meta property=\"og:locale\" content=\"it_IT\" \/>\n<meta property=\"og:type\" content=\"article\" \/>\n<meta property=\"og:title\" content=\"Studie von Link: So denkt die Schweiz \u00fcber den Ukraine-Konflikt - Organisator\" \/>\n<meta property=\"og:description\" content=\"Rund die H\u00e4lfte der Schweizer Bev\u00f6lkerung ist sehr besorgt \u00fcber den Ukraine-Russland-Krieg. Sie fordert ein klares Bekenntnis zur Ukraine.\" \/>\n<meta property=\"og:url\" content=\"https:\/\/www.werbewoche.ch\/de\/marketing\/marktforschung\/2022-03-28\/link-studie-so-denkt-die-schweiz-ueber-den-ukraine-konflikt\/\" \/>\n<meta property=\"og:site_name\" content=\"Organisator\" \/>\n<meta property=\"article:publisher\" content=\"https:\/\/www.facebook.com\/OrganisatorFachmagazin\" \/>\n<meta property=\"article:published_time\" content=\"2022-03-28T08:59:57+00:00\" \/>\n<meta property=\"article:modified_time\" content=\"2022-08-01T11:43:12+00:00\" \/>\n<meta property=\"og:image\" content=\"https:\/\/www.werbewoche.ch\/wp-content\/uploads\/2022\/03\/umfrage1200-1-600x331.png\" \/>\n<meta name=\"author\" content=\"galledia\" \/>\n<meta name=\"twitter:card\" content=\"summary_large_image\" \/>\n<meta name=\"twitter:creator\" content=\"@admin\" \/>\n<script type=\"application\/ld+json\" class=\"yoast-schema-graph\">{\"@context\":\"https:\\\/\\\/schema.org\",\"@graph\":[{\"@type\":\"Article\",\"@id\":\"https:\\\/\\\/www.werbewoche.ch\\\/de\\\/marketing\\\/marktforschung\\\/2022-03-28\\\/link-studie-so-denkt-die-schweiz-ueber-den-ukraine-konflikt\\\/#article\",\"isPartOf\":{\"@id\":\"https:\\\/\\\/www.organisator.ch\\\/marketing\\\/2022-03-28\\\/studie-von-link-so-denkt-die-schweiz-ueber-den-ukraine-konflikt\\\/\"},\"author\":{\"name\":\"galledia\",\"@id\":\"https:\\\/\\\/www.organisator.ch\\\/#\\\/schema\\\/person\\\/4e51799071cd2dd1232ac003643ef5f0\"},\"headline\":\"Studie von Link: So denkt die Schweiz \u00fcber den Ukraine-Konflikt\",\"datePublished\":\"2022-03-28T08:59:57+00:00\",\"dateModified\":\"2022-08-01T11:43:12+00:00\",\"mainEntityOfPage\":{\"@id\":\"https:\\\/\\\/www.organisator.ch\\\/marketing\\\/2022-03-28\\\/studie-von-link-so-denkt-die-schweiz-ueber-den-ukraine-konflikt\\\/\"},\"wordCount\":578,\"publisher\":{\"@id\":\"https:\\\/\\\/www.organisator.ch\\\/#organization\"},\"image\":{\"@id\":\"https:\\\/\\\/www.werbewoche.ch\\\/de\\\/marketing\\\/marktforschung\\\/2022-03-28\\\/link-studie-so-denkt-die-schweiz-ueber-den-ukraine-konflikt\\\/#primaryimage\"},\"thumbnailUrl\":\"https:\\\/\\\/www.werbewoche.ch\\\/wp-content\\\/uploads\\\/2022\\\/03\\\/umfrage1200-1-600x331.png\",\"keywords\":[\"Schweiz\",\"Ukraine\"],\"articleSection\":[\"MARKETING\"],\"inLanguage\":\"it-IT\"},{\"@type\":\"WebPage\",\"@id\":\"https:\\\/\\\/www.organisator.ch\\\/marketing\\\/2022-03-28\\\/studie-von-link-so-denkt-die-schweiz-ueber-den-ukraine-konflikt\\\/\",\"url\":\"https:\\\/\\\/www.werbewoche.ch\\\/de\\\/marketing\\\/marktforschung\\\/2022-03-28\\\/link-studie-so-denkt-die-schweiz-ueber-den-ukraine-konflikt\\\/\",\"name\":\"Studie von Link: So denkt die Schweiz \u00fcber den Ukraine-Konflikt - Organisator\",\"isPartOf\":{\"@id\":\"https:\\\/\\\/www.organisator.ch\\\/#website\"},\"primaryImageOfPage\":{\"@id\":\"https:\\\/\\\/www.werbewoche.ch\\\/de\\\/marketing\\\/marktforschung\\\/2022-03-28\\\/link-studie-so-denkt-die-schweiz-ueber-den-ukraine-konflikt\\\/#primaryimage\"},\"image\":{\"@id\":\"https:\\\/\\\/www.werbewoche.ch\\\/de\\\/marketing\\\/marktforschung\\\/2022-03-28\\\/link-studie-so-denkt-die-schweiz-ueber-den-ukraine-konflikt\\\/#primaryimage\"},\"thumbnailUrl\":\"https:\\\/\\\/www.werbewoche.ch\\\/wp-content\\\/uploads\\\/2022\\\/03\\\/umfrage1200-1-600x331.png\",\"datePublished\":\"2022-03-28T08:59:57+00:00\",\"dateModified\":\"2022-08-01T11:43:12+00:00\",\"description\":\"Rund die H\u00e4lfte der Schweizer Bev\u00f6lkerung ist sehr besorgt \u00fcber den Ukraine-Russland-Krieg. Sie fordert ein klares Bekenntnis zur Ukraine.\",\"breadcrumb\":{\"@id\":\"https:\\\/\\\/www.werbewoche.ch\\\/de\\\/marketing\\\/marktforschung\\\/2022-03-28\\\/link-studie-so-denkt-die-schweiz-ueber-den-ukraine-konflikt\\\/#breadcrumb\"},\"inLanguage\":\"it-IT\",\"potentialAction\":[{\"@type\":\"ReadAction\",\"target\":[\"https:\\\/\\\/www.werbewoche.ch\\\/de\\\/marketing\\\/marktforschung\\\/2022-03-28\\\/link-studie-so-denkt-die-schweiz-ueber-den-ukraine-konflikt\\\/\"]}]},{\"@type\":\"ImageObject\",\"inLanguage\":\"it-IT\",\"@id\":\"https:\\\/\\\/www.werbewoche.ch\\\/de\\\/marketing\\\/marktforschung\\\/2022-03-28\\\/link-studie-so-denkt-die-schweiz-ueber-den-ukraine-konflikt\\\/#primaryimage\",\"url\":\"https:\\\/\\\/www.werbewoche.ch\\\/wp-content\\\/uploads\\\/2022\\\/03\\\/umfrage1200-1-600x331.png\",\"contentUrl\":\"https:\\\/\\\/www.werbewoche.ch\\\/wp-content\\\/uploads\\\/2022\\\/03\\\/umfrage1200-1-600x331.png\"},{\"@type\":\"BreadcrumbList\",\"@id\":\"https:\\\/\\\/www.werbewoche.ch\\\/de\\\/marketing\\\/marktforschung\\\/2022-03-28\\\/link-studie-so-denkt-die-schweiz-ueber-den-ukraine-konflikt\\\/#breadcrumb\",\"itemListElement\":[{\"@type\":\"ListItem\",\"position\":1,\"name\":\"Home\",\"item\":\"https:\\\/\\\/www.organisator.ch\\\/\"},{\"@type\":\"ListItem\",\"position\":2,\"name\":\"Studie von Link: So denkt die Schweiz \u00fcber den Ukraine-Konflikt\"}]},{\"@type\":\"WebSite\",\"@id\":\"https:\\\/\\\/www.organisator.ch\\\/#website\",\"url\":\"https:\\\/\\\/www.organisator.ch\\\/\",\"name\":\"Organisator\",\"description\":\"Kompetent. Praxisnah. Der ORGANISATOR bereitet in 10 Ausgaben pro Jahr die wesentlichen Themen f\u00fcr F\u00fchrungskr\u00e4fte von KMU auf.\",\"publisher\":{\"@id\":\"https:\\\/\\\/www.organisator.ch\\\/#organization\"},\"potentialAction\":[{\"@type\":\"SearchAction\",\"target\":{\"@type\":\"EntryPoint\",\"urlTemplate\":\"https:\\\/\\\/www.organisator.ch\\\/?s={search_term_string}\"},\"query-input\":{\"@type\":\"PropertyValueSpecification\",\"valueRequired\":true,\"valueName\":\"search_term_string\"}}],\"inLanguage\":\"it-IT\"},{\"@type\":\"Organization\",\"@id\":\"https:\\\/\\\/www.organisator.ch\\\/#organization\",\"name\":\"Organisator\",\"url\":\"https:\\\/\\\/www.organisator.ch\\\/\",\"logo\":{\"@type\":\"ImageObject\",\"inLanguage\":\"it-IT\",\"@id\":\"https:\\\/\\\/www.organisator.ch\\\/#\\\/schema\\\/logo\\\/image\\\/\",\"url\":\"https:\\\/\\\/www.organisator.ch\\\/wp-content\\\/uploads\\\/2022\\\/01\\\/Logo_Organisator_Website.png\",\"contentUrl\":\"https:\\\/\\\/www.organisator.ch\\\/wp-content\\\/uploads\\\/2022\\\/01\\\/Logo_Organisator_Website.png\",\"width\":800,\"height\":77,\"caption\":\"Organisator\"},\"image\":{\"@id\":\"https:\\\/\\\/www.organisator.ch\\\/#\\\/schema\\\/logo\\\/image\\\/\"},\"sameAs\":[\"https:\\\/\\\/www.facebook.com\\\/OrganisatorFachmagazin\",\"https:\\\/\\\/www.linkedin.com\\\/showcase\\\/organisator-das-magazin-fr-kmu\",\"https:\\\/\\\/www.xing.com\\\/news\\\/pages\\\/organisator-ch-695\",\"https:\\\/\\\/www.youtube.com\\\/channel\\\/UCGP2Sq0iWaZwT3BdIAQFYpw\"]},{\"@type\":\"Person\",\"@id\":\"https:\\\/\\\/www.organisator.ch\\\/#\\\/schema\\\/person\\\/4e51799071cd2dd1232ac003643ef5f0\",\"name\":\"galledia\",\"image\":{\"@type\":\"ImageObject\",\"inLanguage\":\"it-IT\",\"@id\":\"https:\\\/\\\/secure.gravatar.com\\\/avatar\\\/78a7f90c01fc2bfc875782a0d4922b37cde2cf184ce347b91316d23cd7f69a36?s=96&d=mm&r=g\",\"url\":\"https:\\\/\\\/secure.gravatar.com\\\/avatar\\\/78a7f90c01fc2bfc875782a0d4922b37cde2cf184ce347b91316d23cd7f69a36?s=96&d=mm&r=g\",\"contentUrl\":\"https:\\\/\\\/secure.gravatar.com\\\/avatar\\\/78a7f90c01fc2bfc875782a0d4922b37cde2cf184ce347b91316d23cd7f69a36?s=96&d=mm&r=g\",\"caption\":\"galledia\"},\"sameAs\":[\"https:\\\/\\\/x.com\\\/admin\"],\"url\":\"https:\\\/\\\/www.organisator.ch\\\/it\\\/author\\\/galledia\\\/\"}]}<\/script>\n<!-- \/ Yoast SEO plugin. -->","yoast_head_json":{"title":"Studio per link: Ecco come la Svizzera pensa al conflitto in Ucraina - Organizzatore","description":"Circa la met\u00e0 della popolazione svizzera \u00e8 molto preoccupata per la guerra tra Ucraina e Russia. Chiedono un impegno chiaro nei confronti dell'Ucraina.","robots":{"index":"index","follow":"follow","max-snippet":"max-snippet:-1","max-image-preview":"max-image-preview:large","max-video-preview":"max-video-preview:-1"},"canonical":"https:\/\/www.werbewoche.ch\/de\/marketing\/marktforschung\/2022-03-28\/link-studie-so-denkt-die-schweiz-ueber-den-ukraine-konflikt\/","og_locale":"it_IT","og_type":"article","og_title":"Studie von Link: So denkt die Schweiz \u00fcber den Ukraine-Konflikt - Organisator","og_description":"Rund die H\u00e4lfte der Schweizer Bev\u00f6lkerung ist sehr besorgt \u00fcber den Ukraine-Russland-Krieg. Sie fordert ein klares Bekenntnis zur Ukraine.","og_url":"https:\/\/www.werbewoche.ch\/de\/marketing\/marktforschung\/2022-03-28\/link-studie-so-denkt-die-schweiz-ueber-den-ukraine-konflikt\/","og_site_name":"Organisator","article_publisher":"https:\/\/www.facebook.com\/OrganisatorFachmagazin","article_published_time":"2022-03-28T08:59:57+00:00","article_modified_time":"2022-08-01T11:43:12+00:00","og_image":[{"url":"https:\/\/www.werbewoche.ch\/wp-content\/uploads\/2022\/03\/umfrage1200-1-600x331.png","type":"","width":"","height":""}],"author":"galledia","twitter_card":"summary_large_image","twitter_creator":"@admin","schema":{"@context":"https:\/\/schema.org","@graph":[{"@type":"Article","@id":"https:\/\/www.werbewoche.ch\/de\/marketing\/marktforschung\/2022-03-28\/link-studie-so-denkt-die-schweiz-ueber-den-ukraine-konflikt\/#article","isPartOf":{"@id":"https:\/\/www.organisator.ch\/marketing\/2022-03-28\/studie-von-link-so-denkt-die-schweiz-ueber-den-ukraine-konflikt\/"},"author":{"name":"galledia","@id":"https:\/\/www.organisator.ch\/#\/schema\/person\/4e51799071cd2dd1232ac003643ef5f0"},"headline":"Studie von Link: So denkt die Schweiz \u00fcber den Ukraine-Konflikt","datePublished":"2022-03-28T08:59:57+00:00","dateModified":"2022-08-01T11:43:12+00:00","mainEntityOfPage":{"@id":"https:\/\/www.organisator.ch\/marketing\/2022-03-28\/studie-von-link-so-denkt-die-schweiz-ueber-den-ukraine-konflikt\/"},"wordCount":578,"publisher":{"@id":"https:\/\/www.organisator.ch\/#organization"},"image":{"@id":"https:\/\/www.werbewoche.ch\/de\/marketing\/marktforschung\/2022-03-28\/link-studie-so-denkt-die-schweiz-ueber-den-ukraine-konflikt\/#primaryimage"},"thumbnailUrl":"https:\/\/www.werbewoche.ch\/wp-content\/uploads\/2022\/03\/umfrage1200-1-600x331.png","keywords":["Schweiz","Ukraine"],"articleSection":["MARKETING"],"inLanguage":"it-IT"},{"@type":"WebPage","@id":"https:\/\/www.organisator.ch\/marketing\/2022-03-28\/studie-von-link-so-denkt-die-schweiz-ueber-den-ukraine-konflikt\/","url":"https:\/\/www.werbewoche.ch\/de\/marketing\/marktforschung\/2022-03-28\/link-studie-so-denkt-die-schweiz-ueber-den-ukraine-konflikt\/","name":"Studio per link: Ecco come la Svizzera pensa al conflitto in Ucraina - Organizzatore","isPartOf":{"@id":"https:\/\/www.organisator.ch\/#website"},"primaryImageOfPage":{"@id":"https:\/\/www.werbewoche.ch\/de\/marketing\/marktforschung\/2022-03-28\/link-studie-so-denkt-die-schweiz-ueber-den-ukraine-konflikt\/#primaryimage"},"image":{"@id":"https:\/\/www.werbewoche.ch\/de\/marketing\/marktforschung\/2022-03-28\/link-studie-so-denkt-die-schweiz-ueber-den-ukraine-konflikt\/#primaryimage"},"thumbnailUrl":"https:\/\/www.werbewoche.ch\/wp-content\/uploads\/2022\/03\/umfrage1200-1-600x331.png","datePublished":"2022-03-28T08:59:57+00:00","dateModified":"2022-08-01T11:43:12+00:00","description":"Circa la met\u00e0 della popolazione svizzera \u00e8 molto preoccupata per la guerra tra Ucraina e Russia. Chiedono un impegno chiaro nei confronti dell'Ucraina.","breadcrumb":{"@id":"https:\/\/www.werbewoche.ch\/de\/marketing\/marktforschung\/2022-03-28\/link-studie-so-denkt-die-schweiz-ueber-den-ukraine-konflikt\/#breadcrumb"},"inLanguage":"it-IT","potentialAction":[{"@type":"ReadAction","target":["https:\/\/www.werbewoche.ch\/de\/marketing\/marktforschung\/2022-03-28\/link-studie-so-denkt-die-schweiz-ueber-den-ukraine-konflikt\/"]}]},{"@type":"ImageObject","inLanguage":"it-IT","@id":"https:\/\/www.werbewoche.ch\/de\/marketing\/marktforschung\/2022-03-28\/link-studie-so-denkt-die-schweiz-ueber-den-ukraine-konflikt\/#primaryimage","url":"https:\/\/www.werbewoche.ch\/wp-content\/uploads\/2022\/03\/umfrage1200-1-600x331.png","contentUrl":"https:\/\/www.werbewoche.ch\/wp-content\/uploads\/2022\/03\/umfrage1200-1-600x331.png"},{"@type":"BreadcrumbList","@id":"https:\/\/www.werbewoche.ch\/de\/marketing\/marktforschung\/2022-03-28\/link-studie-so-denkt-die-schweiz-ueber-den-ukraine-konflikt\/#breadcrumb","itemListElement":[{"@type":"ListItem","position":1,"name":"Home","item":"https:\/\/www.organisator.ch\/"},{"@type":"ListItem","position":2,"name":"Studie von Link: So denkt die Schweiz \u00fcber den Ukraine-Konflikt"}]},{"@type":"WebSite","@id":"https:\/\/www.organisator.ch\/#website","url":"https:\/\/www.organisator.ch\/","name":"Organizzatore","description":"Competente. Pratico. In 10 numeri all'anno, ORGANISATOR presenta i temi essenziali per i manager delle PMI.","publisher":{"@id":"https:\/\/www.organisator.ch\/#organization"},"potentialAction":[{"@type":"SearchAction","target":{"@type":"EntryPoint","urlTemplate":"https:\/\/www.organisator.ch\/?s={search_term_string}"},"query-input":{"@type":"PropertyValueSpecification","valueRequired":true,"valueName":"search_term_string"}}],"inLanguage":"it-IT"},{"@type":"Organization","@id":"https:\/\/www.organisator.ch\/#organization","name":"Organizzatore","url":"https:\/\/www.organisator.ch\/","logo":{"@type":"ImageObject","inLanguage":"it-IT","@id":"https:\/\/www.organisator.ch\/#\/schema\/logo\/image\/","url":"https:\/\/www.organisator.ch\/wp-content\/uploads\/2022\/01\/Logo_Organisator_Website.png","contentUrl":"https:\/\/www.organisator.ch\/wp-content\/uploads\/2022\/01\/Logo_Organisator_Website.png","width":800,"height":77,"caption":"Organisator"},"image":{"@id":"https:\/\/www.organisator.ch\/#\/schema\/logo\/image\/"},"sameAs":["https:\/\/www.facebook.com\/OrganisatorFachmagazin","https:\/\/www.linkedin.com\/showcase\/organisator-das-magazin-fr-kmu","https:\/\/www.xing.com\/news\/pages\/organisator-ch-695","https:\/\/www.youtube.com\/channel\/UCGP2Sq0iWaZwT3BdIAQFYpw"]},{"@type":"Person","@id":"https:\/\/www.organisator.ch\/#\/schema\/person\/4e51799071cd2dd1232ac003643ef5f0","name":"galledia","image":{"@type":"ImageObject","inLanguage":"it-IT","@id":"https:\/\/secure.gravatar.com\/avatar\/78a7f90c01fc2bfc875782a0d4922b37cde2cf184ce347b91316d23cd7f69a36?s=96&d=mm&r=g","url":"https:\/\/secure.gravatar.com\/avatar\/78a7f90c01fc2bfc875782a0d4922b37cde2cf184ce347b91316d23cd7f69a36?s=96&d=mm&r=g","contentUrl":"https:\/\/secure.gravatar.com\/avatar\/78a7f90c01fc2bfc875782a0d4922b37cde2cf184ce347b91316d23cd7f69a36?s=96&d=mm&r=g","caption":"galledia"},"sameAs":["https:\/\/x.com\/admin"],"url":"https:\/\/www.organisator.ch\/it\/author\/galledia\/"}]}},"_links":{"self":[{"href":"https:\/\/www.organisator.ch\/it\/wp-json\/wp\/v2\/posts\/12246","targetHints":{"allow":["GET"]}}],"collection":[{"href":"https:\/\/www.organisator.ch\/it\/wp-json\/wp\/v2\/posts"}],"about":[{"href":"https:\/\/www.organisator.ch\/it\/wp-json\/wp\/v2\/types\/post"}],"author":[{"embeddable":true,"href":"https:\/\/www.organisator.ch\/it\/wp-json\/wp\/v2\/users\/8"}],"replies":[{"embeddable":true,"href":"https:\/\/www.organisator.ch\/it\/wp-json\/wp\/v2\/comments?post=12246"}],"version-history":[{"count":6,"href":"https:\/\/www.organisator.ch\/it\/wp-json\/wp\/v2\/posts\/12246\/revisions"}],"predecessor-version":[{"id":16043,"href":"https:\/\/www.organisator.ch\/it\/wp-json\/wp\/v2\/posts\/12246\/revisions\/16043"}],"wp:attachment":[{"href":"https:\/\/www.organisator.ch\/it\/wp-json\/wp\/v2\/media?parent=12246"}],"wp:term":[{"taxonomy":"category","embeddable":true,"href":"https:\/\/www.organisator.ch\/it\/wp-json\/wp\/v2\/categories?post=12246"},{"taxonomy":"post_tag","embeddable":true,"href":"https:\/\/www.organisator.ch\/it\/wp-json\/wp\/v2\/tags?post=12246"}],"curies":[{"name":"wp","href":"https:\/\/api.w.org\/{rel}","templated":true}]}}