{"id":12248,"date":"2022-03-28T14:20:35","date_gmt":"2022-03-28T12:20:35","guid":{"rendered":"https:\/\/www.organisator.ch\/?p=12248"},"modified":"2022-03-28T14:20:35","modified_gmt":"2022-03-28T12:20:35","slug":"luca-graf-wird-neuer-ceo-der-ms-direct-ag","status":"publish","type":"post","link":"https:\/\/www.organisator.ch\/it\/management\/2022-03-28\/luca-graf-wird-neuer-ceo-der-ms-direct-ag\/","title":{"rendered":"Luca Graf diventa il nuovo CEO di MS Direct AG"},"content":{"rendered":"<figure id=\"attachment_12255\" aria-describedby=\"caption-attachment-12255\" style=\"width: 680px\" class=\"wp-caption alignnone\"><img loading=\"lazy\" decoding=\"async\" class=\"size-full wp-image-12255\" src=\"https:\/\/www.organisator.ch\/wp-content\/uploads\/2022\/03\/Luca-Graf-wird-neuer-CEO-der-MS-Direct-AG_Organisator.jpg\" alt=\"\" width=\"680\" height=\"563\" srcset=\"https:\/\/www.organisator.ch\/wp-content\/uploads\/2022\/03\/Luca-Graf-wird-neuer-CEO-der-MS-Direct-AG_Organisator.jpg 680w, https:\/\/www.organisator.ch\/wp-content\/uploads\/2022\/03\/Luca-Graf-wird-neuer-CEO-der-MS-Direct-AG_Organisator-14x12.jpg 14w, https:\/\/www.organisator.ch\/wp-content\/uploads\/2022\/03\/Luca-Graf-wird-neuer-CEO-der-MS-Direct-AG_Organisator-211x175.jpg 211w, https:\/\/www.organisator.ch\/wp-content\/uploads\/2022\/03\/Luca-Graf-wird-neuer-CEO-der-MS-Direct-AG_Organisator-423x350.jpg 423w, https:\/\/www.organisator.ch\/wp-content\/uploads\/2022\/03\/Luca-Graf-wird-neuer-CEO-der-MS-Direct-AG_Organisator-300x248.jpg 300w\" sizes=\"auto, (max-width: 680px) 100vw, 680px\" \/><figcaption id=\"caption-attachment-12255\" class=\"wp-caption-text\">Luca Graf assumer\u00e0 la carica di nuovo CEO di MS Direct AG il 1\u00b0 maggio 2022. (Immagine: zVg \/ MS Direct)<\/figcaption><\/figure>\n<p>La pandemia di Corona ha catapultato l'intero settore della vendita al dettaglio in avanti di 10 anni. Il modo in cui i marchi fanno affari \u00e8 cambiato fondamentalmente. Anche MS Direct AG, che offre soluzioni per la vendita per corrispondenza e l'e-commerce, ha beneficiato di questi sviluppi. L'azienda sta ora rafforzando la sua organizzazione per continuare una forte crescita con il nuovo CEO Luca Graf. Egli assumer\u00e0 la sua posizione il 1\u00b0 maggio 2022.<\/p>\n<h3>Accelerare il corso di crescita<\/h3>\n<p>Per permettere ai rivenditori di e-commerce in Svizzera e in Europa di concentrarsi sulla loro crescita e di crescere a livello nazionale, ma anche transfrontaliero, MS Direct AG ha creato soluzioni di e-fulfilment e transfrontaliere che sollevano i rivenditori dalla complessit\u00e0 dell'evasione degli ordini e permettono operazioni scalabili. Questo percorso sar\u00e0 perseguito coerentemente nel 2022 - con Luca Graf come nuovo CEO. \"Siamo estremamente lieti di dare il benvenuto a Luca Graf come nuovo CEO di MS Direct AG, al fine di accelerare ulteriormente il nostro rapido corso di crescita\", sottolinea Milo St\u00f6ssel, presidente del consiglio di amministrazione del gruppo MS Direct. \"Con la nuova organizzazione e Luca Graf al timone, stiamo rafforzando l'organizzazione e creando una base eccellente per la prossima crescita e la continuazione del nostro corso come pioniere digitale nel settore del fulfilment\", continua St\u00f6ssel.<\/p>\n<h3>Luca Graf: \"Internazionalizzare l'offerta\".<\/h3>\n<p>Luca Graf \u00e8 un comprovato esperto di logistica e-commerce. Il 46enne, che ha un dottorato in ingegneria industriale, ha molti anni di esperienza nella digitalizzazione dei processi logistici come responsabile dell'innovazione digitale presso DSV e Panalpina. Dagli esoscheletri alle operazioni con i droni per ottimizzare l'efficienza dei processi, Graf ha una vasta esperienza. Graf \u00e8 stato anche responsabile delle vendite online e dirette di Swiss International Air Lines per molti anni, dove era responsabile di swiss.com, il negozio online pi\u00f9 venduto in Svizzera. \u00c8 stato anche membro del consiglio di amministrazione di Cargo sous terrain, l'innovativo sistema di logistica globale che sta sviluppando il trasporto sotterraneo e flessibile di piccole spedizioni in Svizzera. \"\u00c8 un piacere e un onore per me assumere il ruolo di CEO di MS Direct AG. L'azienda \u00e8 posizionata in modo eccellente. Vedo la funzione di CEO in MS Direct AG come un'opportunit\u00e0 unica di contribuire con la mia esperienza di realizzatore e implementatore insieme al team per i nostri clienti. Oltre all'automazione mirata dei nostri magazzini, svilupperemo una piattaforma transfrontaliera unica e quindi internazionalizzeremo ulteriormente la nostra offerta\", commenta Luca Graf la nomina a CEO.<\/p>\n<p><em>Fonte e ulteriori informazioni: <a href=\"http:\/\/www.ms-direct.ch\">MS Direct AG<\/a><\/em><\/p>","protected":false},"excerpt":{"rendered":"<p>Die Corona-Pandemie katapultierte die komplette Handelsbranche um 10 Jahre nach vorne. Die Art und Weise, wie Marken Gesch\u00e4fte machen, hat sich grundlegend ver\u00e4ndert. Von diesen Entwicklungen profitiert hat auch die MS Direct AG, welche L\u00f6sungen f\u00fcr den Versandhandel und E-Ccommerce anbietet. Das Unternehmen verst\u00e4rkt nun mit dem neuen CEO Luca Graf die Organisation f\u00fcr das [&hellip;]<\/p>\n","protected":false},"author":4,"featured_media":12255,"comment_status":"closed","ping_status":"closed","sticky":false,"template":"","format":"standard","meta":{"_acf_changed":false,"_yoast_wpseo_focuskw":"Luca Graf","_yoast_wpseo_metadesc":"Der E-Commerce-Dienstleister MS Direct AG setzt das starke Wachstum der letzten Jahre fort und verpflichtet mit Luca Graf einen neuen CEO.","articlekey":"","footnotes":""},"categories":[28],"tags":[163,334,381],"class_list":["post-12248","post","type-post","status-publish","format-standard","has-post-thumbnail","hentry","category-management","tag-e-commerce","tag-management","tag-personalia"],"acf":[],"yoast_head":"<!-- This site is optimized with the Yoast SEO plugin v27.5 - https:\/\/yoast.com\/product\/yoast-seo-wordpress\/ -->\n<title>Luca Graf wird neuer CEO der MS Direct AG - Organisator<\/title>\n<meta name=\"description\" content=\"Der E-Commerce-Dienstleister MS Direct AG setzt das starke Wachstum der letzten Jahre fort und verpflichtet mit Luca Graf einen neuen CEO.\" \/>\n<meta name=\"robots\" content=\"index, follow, max-snippet:-1, max-image-preview:large, max-video-preview:-1\" \/>\n<link rel=\"canonical\" href=\"https:\/\/www.organisator.ch\/it\/gestione-2\/2022-03-28\/luca-graf-wird-neuer-ceo-der-ms-direct-ag\/\" \/>\n<meta property=\"og:locale\" content=\"it_IT\" \/>\n<meta property=\"og:type\" content=\"article\" \/>\n<meta property=\"og:title\" content=\"Luca Graf wird neuer CEO der MS Direct AG\" \/>\n<meta property=\"og:description\" content=\"Der E-Commerce-Dienstleister MS Direct AG setzt das starke Wachstum der letzten Jahre fort und verpflichtet mit Luca Graf einen neuen CEO.\" \/>\n<meta property=\"og:url\" content=\"https:\/\/www.organisator.ch\/it\/gestione-2\/2022-03-28\/luca-graf-wird-neuer-ceo-der-ms-direct-ag\/\" \/>\n<meta property=\"og:site_name\" content=\"Organisator\" \/>\n<meta property=\"article:publisher\" content=\"https:\/\/www.facebook.com\/OrganisatorFachmagazin\" \/>\n<meta property=\"article:published_time\" content=\"2022-03-28T12:20:35+00:00\" \/>\n<meta property=\"og:image\" content=\"https:\/\/www.organisator.ch\/wp-content\/uploads\/2022\/03\/Luca-Graf-wird-neuer-CEO-der-MS-Direct-AG_Organisator.jpg\" \/>\n\t<meta property=\"og:image:width\" content=\"680\" \/>\n\t<meta property=\"og:image:height\" content=\"563\" \/>\n\t<meta property=\"og:image:type\" content=\"image\/jpeg\" \/>\n<meta name=\"author\" content=\"thomas.berner\" \/>\n<meta name=\"twitter:card\" content=\"summary_large_image\" \/>\n<meta name=\"twitter:title\" content=\"Luca #Graf wird neuer CEO der #MSDirect AG\" \/>\n<meta name=\"twitter:description\" content=\"Der #E-Commerce-Dienstleister MS Direct AG setzt das starke Wachstum der letzten Jahre fort und verpflichtet mit #LucaGraf einen neuen #CEO.\" \/>\n<meta name=\"twitter:image\" content=\"https:\/\/www.organisator.ch\/wp-content\/uploads\/2022\/03\/Luca-Graf-wird-neuer-CEO-der-MS-Direct-AG_Organisator.jpg\" \/>\n<script type=\"application\/ld+json\" class=\"yoast-schema-graph\">{\"@context\":\"https:\\\/\\\/schema.org\",\"@graph\":[{\"@type\":\"Article\",\"@id\":\"https:\\\/\\\/www.organisator.ch\\\/management\\\/2022-03-28\\\/luca-graf-wird-neuer-ceo-der-ms-direct-ag\\\/#article\",\"isPartOf\":{\"@id\":\"https:\\\/\\\/www.organisator.ch\\\/management\\\/2022-03-28\\\/luca-graf-wird-neuer-ceo-der-ms-direct-ag\\\/\"},\"author\":{\"name\":\"thomas.berner\",\"@id\":\"https:\\\/\\\/www.organisator.ch\\\/#\\\/schema\\\/person\\\/6f650f90b2842cd4c0cc334b4e36f67e\"},\"headline\":\"Luca Graf wird neuer CEO der MS Direct AG\",\"datePublished\":\"2022-03-28T12:20:35+00:00\",\"mainEntityOfPage\":{\"@id\":\"https:\\\/\\\/www.organisator.ch\\\/management\\\/2022-03-28\\\/luca-graf-wird-neuer-ceo-der-ms-direct-ag\\\/\"},\"wordCount\":435,\"publisher\":{\"@id\":\"https:\\\/\\\/www.organisator.ch\\\/#organization\"},\"image\":{\"@id\":\"https:\\\/\\\/www.organisator.ch\\\/management\\\/2022-03-28\\\/luca-graf-wird-neuer-ceo-der-ms-direct-ag\\\/#primaryimage\"},\"thumbnailUrl\":\"https:\\\/\\\/www.organisator.ch\\\/wp-content\\\/uploads\\\/2022\\\/03\\\/Luca-Graf-wird-neuer-CEO-der-MS-Direct-AG_Organisator.jpg\",\"keywords\":[\"E-Commerce\",\"Management\",\"Personalia\"],\"articleSection\":[\"MANAGEMENT\"],\"inLanguage\":\"it-IT\"},{\"@type\":\"WebPage\",\"@id\":\"https:\\\/\\\/www.organisator.ch\\\/management\\\/2022-03-28\\\/luca-graf-wird-neuer-ceo-der-ms-direct-ag\\\/\",\"url\":\"https:\\\/\\\/www.organisator.ch\\\/management\\\/2022-03-28\\\/luca-graf-wird-neuer-ceo-der-ms-direct-ag\\\/\",\"name\":\"Luca Graf wird neuer CEO der MS Direct AG - Organisator\",\"isPartOf\":{\"@id\":\"https:\\\/\\\/www.organisator.ch\\\/#website\"},\"primaryImageOfPage\":{\"@id\":\"https:\\\/\\\/www.organisator.ch\\\/management\\\/2022-03-28\\\/luca-graf-wird-neuer-ceo-der-ms-direct-ag\\\/#primaryimage\"},\"image\":{\"@id\":\"https:\\\/\\\/www.organisator.ch\\\/management\\\/2022-03-28\\\/luca-graf-wird-neuer-ceo-der-ms-direct-ag\\\/#primaryimage\"},\"thumbnailUrl\":\"https:\\\/\\\/www.organisator.ch\\\/wp-content\\\/uploads\\\/2022\\\/03\\\/Luca-Graf-wird-neuer-CEO-der-MS-Direct-AG_Organisator.jpg\",\"datePublished\":\"2022-03-28T12:20:35+00:00\",\"description\":\"Der E-Commerce-Dienstleister MS Direct AG setzt das starke Wachstum der letzten Jahre fort und verpflichtet mit Luca Graf einen neuen CEO.\",\"breadcrumb\":{\"@id\":\"https:\\\/\\\/www.organisator.ch\\\/management\\\/2022-03-28\\\/luca-graf-wird-neuer-ceo-der-ms-direct-ag\\\/#breadcrumb\"},\"inLanguage\":\"it-IT\",\"potentialAction\":[{\"@type\":\"ReadAction\",\"target\":[\"https:\\\/\\\/www.organisator.ch\\\/management\\\/2022-03-28\\\/luca-graf-wird-neuer-ceo-der-ms-direct-ag\\\/\"]}]},{\"@type\":\"ImageObject\",\"inLanguage\":\"it-IT\",\"@id\":\"https:\\\/\\\/www.organisator.ch\\\/management\\\/2022-03-28\\\/luca-graf-wird-neuer-ceo-der-ms-direct-ag\\\/#primaryimage\",\"url\":\"https:\\\/\\\/www.organisator.ch\\\/wp-content\\\/uploads\\\/2022\\\/03\\\/Luca-Graf-wird-neuer-CEO-der-MS-Direct-AG_Organisator.jpg\",\"contentUrl\":\"https:\\\/\\\/www.organisator.ch\\\/wp-content\\\/uploads\\\/2022\\\/03\\\/Luca-Graf-wird-neuer-CEO-der-MS-Direct-AG_Organisator.jpg\",\"width\":680,\"height\":563,\"caption\":\"\u00dcbernimmt am 1. Mai 2022 die Funktion des neuen CEO von MS Direct AG: Luca Graf. (Bild: zVg \\\/ MS Direct)\"},{\"@type\":\"BreadcrumbList\",\"@id\":\"https:\\\/\\\/www.organisator.ch\\\/management\\\/2022-03-28\\\/luca-graf-wird-neuer-ceo-der-ms-direct-ag\\\/#breadcrumb\",\"itemListElement\":[{\"@type\":\"ListItem\",\"position\":1,\"name\":\"Home\",\"item\":\"https:\\\/\\\/www.organisator.ch\\\/\"},{\"@type\":\"ListItem\",\"position\":2,\"name\":\"Luca Graf wird neuer CEO der MS Direct AG\"}]},{\"@type\":\"WebSite\",\"@id\":\"https:\\\/\\\/www.organisator.ch\\\/#website\",\"url\":\"https:\\\/\\\/www.organisator.ch\\\/\",\"name\":\"Organisator\",\"description\":\"Kompetent. Praxisnah. Der ORGANISATOR bereitet in 10 Ausgaben pro Jahr die wesentlichen Themen f\u00fcr F\u00fchrungskr\u00e4fte von KMU auf.\",\"publisher\":{\"@id\":\"https:\\\/\\\/www.organisator.ch\\\/#organization\"},\"potentialAction\":[{\"@type\":\"SearchAction\",\"target\":{\"@type\":\"EntryPoint\",\"urlTemplate\":\"https:\\\/\\\/www.organisator.ch\\\/?s={search_term_string}\"},\"query-input\":{\"@type\":\"PropertyValueSpecification\",\"valueRequired\":true,\"valueName\":\"search_term_string\"}}],\"inLanguage\":\"it-IT\"},{\"@type\":\"Organization\",\"@id\":\"https:\\\/\\\/www.organisator.ch\\\/#organization\",\"name\":\"Organisator\",\"url\":\"https:\\\/\\\/www.organisator.ch\\\/\",\"logo\":{\"@type\":\"ImageObject\",\"inLanguage\":\"it-IT\",\"@id\":\"https:\\\/\\\/www.organisator.ch\\\/#\\\/schema\\\/logo\\\/image\\\/\",\"url\":\"https:\\\/\\\/www.organisator.ch\\\/wp-content\\\/uploads\\\/2022\\\/01\\\/Logo_Organisator_Website.png\",\"contentUrl\":\"https:\\\/\\\/www.organisator.ch\\\/wp-content\\\/uploads\\\/2022\\\/01\\\/Logo_Organisator_Website.png\",\"width\":800,\"height\":77,\"caption\":\"Organisator\"},\"image\":{\"@id\":\"https:\\\/\\\/www.organisator.ch\\\/#\\\/schema\\\/logo\\\/image\\\/\"},\"sameAs\":[\"https:\\\/\\\/www.facebook.com\\\/OrganisatorFachmagazin\",\"https:\\\/\\\/www.linkedin.com\\\/showcase\\\/organisator-das-magazin-fr-kmu\",\"https:\\\/\\\/www.xing.com\\\/news\\\/pages\\\/organisator-ch-695\",\"https:\\\/\\\/www.youtube.com\\\/channel\\\/UCGP2Sq0iWaZwT3BdIAQFYpw\"]},{\"@type\":\"Person\",\"@id\":\"https:\\\/\\\/www.organisator.ch\\\/#\\\/schema\\\/person\\\/6f650f90b2842cd4c0cc334b4e36f67e\",\"name\":\"thomas.berner\",\"image\":{\"@type\":\"ImageObject\",\"inLanguage\":\"it-IT\",\"@id\":\"https:\\\/\\\/secure.gravatar.com\\\/avatar\\\/ac5001d2a36cb6c6cd3e50789007ffca834b477b74a2144564522e944eabff61?s=96&d=mm&r=g\",\"url\":\"https:\\\/\\\/secure.gravatar.com\\\/avatar\\\/ac5001d2a36cb6c6cd3e50789007ffca834b477b74a2144564522e944eabff61?s=96&d=mm&r=g\",\"contentUrl\":\"https:\\\/\\\/secure.gravatar.com\\\/avatar\\\/ac5001d2a36cb6c6cd3e50789007ffca834b477b74a2144564522e944eabff61?s=96&d=mm&r=g\",\"caption\":\"thomas.berner\"},\"url\":\"https:\\\/\\\/www.organisator.ch\\\/it\\\/author\\\/thomas-berner\\\/\"}]}<\/script>\n<!-- \/ Yoast SEO plugin. -->","yoast_head_json":{"title":"Luca Graf diventa il nuovo CEO di MS Direct AG - Organizzatore","description":"Il fornitore di servizi di e-commerce MS Direct AG continua la forte crescita degli ultimi anni e ha nominato un nuovo CEO nella persona di Luca Graf.","robots":{"index":"index","follow":"follow","max-snippet":"max-snippet:-1","max-image-preview":"max-image-preview:large","max-video-preview":"max-video-preview:-1"},"canonical":"https:\/\/www.organisator.ch\/it\/gestione-2\/2022-03-28\/luca-graf-wird-neuer-ceo-der-ms-direct-ag\/","og_locale":"it_IT","og_type":"article","og_title":"Luca Graf wird neuer CEO der MS Direct AG","og_description":"Der E-Commerce-Dienstleister MS Direct AG setzt das starke Wachstum der letzten Jahre fort und verpflichtet mit Luca Graf einen neuen CEO.","og_url":"https:\/\/www.organisator.ch\/it\/gestione-2\/2022-03-28\/luca-graf-wird-neuer-ceo-der-ms-direct-ag\/","og_site_name":"Organisator","article_publisher":"https:\/\/www.facebook.com\/OrganisatorFachmagazin","article_published_time":"2022-03-28T12:20:35+00:00","og_image":[{"width":680,"height":563,"url":"https:\/\/www.organisator.ch\/wp-content\/uploads\/2022\/03\/Luca-Graf-wird-neuer-CEO-der-MS-Direct-AG_Organisator.jpg","type":"image\/jpeg"}],"author":"thomas.berner","twitter_card":"summary_large_image","twitter_title":"Luca #Graf wird neuer CEO der #MSDirect AG","twitter_description":"Der #E-Commerce-Dienstleister MS Direct AG setzt das starke Wachstum der letzten Jahre fort und verpflichtet mit #LucaGraf einen neuen #CEO.","twitter_image":"https:\/\/www.organisator.ch\/wp-content\/uploads\/2022\/03\/Luca-Graf-wird-neuer-CEO-der-MS-Direct-AG_Organisator.jpg","schema":{"@context":"https:\/\/schema.org","@graph":[{"@type":"Article","@id":"https:\/\/www.organisator.ch\/management\/2022-03-28\/luca-graf-wird-neuer-ceo-der-ms-direct-ag\/#article","isPartOf":{"@id":"https:\/\/www.organisator.ch\/management\/2022-03-28\/luca-graf-wird-neuer-ceo-der-ms-direct-ag\/"},"author":{"name":"thomas.berner","@id":"https:\/\/www.organisator.ch\/#\/schema\/person\/6f650f90b2842cd4c0cc334b4e36f67e"},"headline":"Luca Graf wird neuer CEO der MS Direct AG","datePublished":"2022-03-28T12:20:35+00:00","mainEntityOfPage":{"@id":"https:\/\/www.organisator.ch\/management\/2022-03-28\/luca-graf-wird-neuer-ceo-der-ms-direct-ag\/"},"wordCount":435,"publisher":{"@id":"https:\/\/www.organisator.ch\/#organization"},"image":{"@id":"https:\/\/www.organisator.ch\/management\/2022-03-28\/luca-graf-wird-neuer-ceo-der-ms-direct-ag\/#primaryimage"},"thumbnailUrl":"https:\/\/www.organisator.ch\/wp-content\/uploads\/2022\/03\/Luca-Graf-wird-neuer-CEO-der-MS-Direct-AG_Organisator.jpg","keywords":["E-Commerce","Management","Personalia"],"articleSection":["MANAGEMENT"],"inLanguage":"it-IT"},{"@type":"WebPage","@id":"https:\/\/www.organisator.ch\/management\/2022-03-28\/luca-graf-wird-neuer-ceo-der-ms-direct-ag\/","url":"https:\/\/www.organisator.ch\/management\/2022-03-28\/luca-graf-wird-neuer-ceo-der-ms-direct-ag\/","name":"Luca Graf diventa il nuovo CEO di MS Direct AG - Organizzatore","isPartOf":{"@id":"https:\/\/www.organisator.ch\/#website"},"primaryImageOfPage":{"@id":"https:\/\/www.organisator.ch\/management\/2022-03-28\/luca-graf-wird-neuer-ceo-der-ms-direct-ag\/#primaryimage"},"image":{"@id":"https:\/\/www.organisator.ch\/management\/2022-03-28\/luca-graf-wird-neuer-ceo-der-ms-direct-ag\/#primaryimage"},"thumbnailUrl":"https:\/\/www.organisator.ch\/wp-content\/uploads\/2022\/03\/Luca-Graf-wird-neuer-CEO-der-MS-Direct-AG_Organisator.jpg","datePublished":"2022-03-28T12:20:35+00:00","description":"Il fornitore di servizi di e-commerce MS Direct AG continua la forte crescita degli ultimi anni e ha nominato un nuovo CEO nella persona di Luca Graf.","breadcrumb":{"@id":"https:\/\/www.organisator.ch\/management\/2022-03-28\/luca-graf-wird-neuer-ceo-der-ms-direct-ag\/#breadcrumb"},"inLanguage":"it-IT","potentialAction":[{"@type":"ReadAction","target":["https:\/\/www.organisator.ch\/management\/2022-03-28\/luca-graf-wird-neuer-ceo-der-ms-direct-ag\/"]}]},{"@type":"ImageObject","inLanguage":"it-IT","@id":"https:\/\/www.organisator.ch\/management\/2022-03-28\/luca-graf-wird-neuer-ceo-der-ms-direct-ag\/#primaryimage","url":"https:\/\/www.organisator.ch\/wp-content\/uploads\/2022\/03\/Luca-Graf-wird-neuer-CEO-der-MS-Direct-AG_Organisator.jpg","contentUrl":"https:\/\/www.organisator.ch\/wp-content\/uploads\/2022\/03\/Luca-Graf-wird-neuer-CEO-der-MS-Direct-AG_Organisator.jpg","width":680,"height":563,"caption":"\u00dcbernimmt am 1. Mai 2022 die Funktion des neuen CEO von MS Direct AG: Luca Graf. (Bild: zVg \/ MS Direct)"},{"@type":"BreadcrumbList","@id":"https:\/\/www.organisator.ch\/management\/2022-03-28\/luca-graf-wird-neuer-ceo-der-ms-direct-ag\/#breadcrumb","itemListElement":[{"@type":"ListItem","position":1,"name":"Home","item":"https:\/\/www.organisator.ch\/"},{"@type":"ListItem","position":2,"name":"Luca Graf wird neuer CEO der MS Direct AG"}]},{"@type":"WebSite","@id":"https:\/\/www.organisator.ch\/#website","url":"https:\/\/www.organisator.ch\/","name":"Organizzatore","description":"Competente. Pratico. In 10 numeri all'anno, ORGANISATOR presenta i temi essenziali per i manager delle PMI.","publisher":{"@id":"https:\/\/www.organisator.ch\/#organization"},"potentialAction":[{"@type":"SearchAction","target":{"@type":"EntryPoint","urlTemplate":"https:\/\/www.organisator.ch\/?s={search_term_string}"},"query-input":{"@type":"PropertyValueSpecification","valueRequired":true,"valueName":"search_term_string"}}],"inLanguage":"it-IT"},{"@type":"Organization","@id":"https:\/\/www.organisator.ch\/#organization","name":"Organizzatore","url":"https:\/\/www.organisator.ch\/","logo":{"@type":"ImageObject","inLanguage":"it-IT","@id":"https:\/\/www.organisator.ch\/#\/schema\/logo\/image\/","url":"https:\/\/www.organisator.ch\/wp-content\/uploads\/2022\/01\/Logo_Organisator_Website.png","contentUrl":"https:\/\/www.organisator.ch\/wp-content\/uploads\/2022\/01\/Logo_Organisator_Website.png","width":800,"height":77,"caption":"Organisator"},"image":{"@id":"https:\/\/www.organisator.ch\/#\/schema\/logo\/image\/"},"sameAs":["https:\/\/www.facebook.com\/OrganisatorFachmagazin","https:\/\/www.linkedin.com\/showcase\/organisator-das-magazin-fr-kmu","https:\/\/www.xing.com\/news\/pages\/organisator-ch-695","https:\/\/www.youtube.com\/channel\/UCGP2Sq0iWaZwT3BdIAQFYpw"]},{"@type":"Person","@id":"https:\/\/www.organisator.ch\/#\/schema\/person\/6f650f90b2842cd4c0cc334b4e36f67e","name":"Tommaso.berner","image":{"@type":"ImageObject","inLanguage":"it-IT","@id":"https:\/\/secure.gravatar.com\/avatar\/ac5001d2a36cb6c6cd3e50789007ffca834b477b74a2144564522e944eabff61?s=96&d=mm&r=g","url":"https:\/\/secure.gravatar.com\/avatar\/ac5001d2a36cb6c6cd3e50789007ffca834b477b74a2144564522e944eabff61?s=96&d=mm&r=g","contentUrl":"https:\/\/secure.gravatar.com\/avatar\/ac5001d2a36cb6c6cd3e50789007ffca834b477b74a2144564522e944eabff61?s=96&d=mm&r=g","caption":"thomas.berner"},"url":"https:\/\/www.organisator.ch\/it\/author\/thomas-berner\/"}]}},"_links":{"self":[{"href":"https:\/\/www.organisator.ch\/it\/wp-json\/wp\/v2\/posts\/12248","targetHints":{"allow":["GET"]}}],"collection":[{"href":"https:\/\/www.organisator.ch\/it\/wp-json\/wp\/v2\/posts"}],"about":[{"href":"https:\/\/www.organisator.ch\/it\/wp-json\/wp\/v2\/types\/post"}],"author":[{"embeddable":true,"href":"https:\/\/www.organisator.ch\/it\/wp-json\/wp\/v2\/users\/4"}],"replies":[{"embeddable":true,"href":"https:\/\/www.organisator.ch\/it\/wp-json\/wp\/v2\/comments?post=12248"}],"version-history":[{"count":2,"href":"https:\/\/www.organisator.ch\/it\/wp-json\/wp\/v2\/posts\/12248\/revisions"}],"predecessor-version":[{"id":12256,"href":"https:\/\/www.organisator.ch\/it\/wp-json\/wp\/v2\/posts\/12248\/revisions\/12256"}],"wp:featuredmedia":[{"embeddable":true,"href":"https:\/\/www.organisator.ch\/it\/wp-json\/wp\/v2\/media\/12255"}],"wp:attachment":[{"href":"https:\/\/www.organisator.ch\/it\/wp-json\/wp\/v2\/media?parent=12248"}],"wp:term":[{"taxonomy":"category","embeddable":true,"href":"https:\/\/www.organisator.ch\/it\/wp-json\/wp\/v2\/categories?post=12248"},{"taxonomy":"post_tag","embeddable":true,"href":"https:\/\/www.organisator.ch\/it\/wp-json\/wp\/v2\/tags?post=12248"}],"curies":[{"name":"wp","href":"https:\/\/api.w.org\/{rel}","templated":true}]}}