{"id":12285,"date":"2022-03-30T15:33:05","date_gmt":"2022-03-30T13:33:05","guid":{"rendered":"https:\/\/www.m-q.ch\/?p=16108"},"modified":"2022-07-30T14:50:57","modified_gmt":"2022-07-30T12:50:57","slug":"egovernment-rubicon-will-mit-neuem-schweizer-ceo-auch-in-der-privatwirtschaft-wachsen","status":"publish","type":"post","link":"https:\/\/www.organisator.ch\/it\/operational-excellence\/2022-03-30\/egovernment-rubicon-will-mit-neuem-schweizer-ceo-auch-in-der-privatwirtschaft-wachsen\/","title":{"rendered":"eGovernment: RUBICON vuole crescere anche nel settore privato con il nuovo CEO svizzero"},"content":{"rendered":"<figure id=\"attachment_16109\" class=\"wp-caption alignnone\" style=\"width: 680px\" aria-describedby=\"caption-attachment-16109\"><img class=\"size-full wp-image-16109\" src=\"https:\/\/www.m-q.ch\/wp-content\/uploads\/2022\/03\/eGovernment-RUBICON-will-mit-neuem-Schweizer-CEO-auch-in-der-Privatwirtschaft-wachsen_MQ.jpg\" alt=\"\" width=\"680\" height=\"470\" \/><figcaption id=\"caption-attachment-16109\" class=\"wp-caption-text\">Christoph Unger, amministratore delegato di RUBICON IT Schweiz AG, vuole portare il successo delle soluzioni di eGovernment al settore privato. (Immagine: zVg \/ RUBICON)<\/figcaption><\/figure>\r\nLa societ\u00e0 di software austriaca RUBICON \u00e8 uno dei fornitori leader in Europa di soluzioni IT per la digitalizzazione dei processi aziendali centrali nelle amministrazioni pubbliche (eGovernment) e nel settore aziendale. Con RUBICON IT Schweiz AG, l'azienda ha sede nella citt\u00e0 di Berna dal 2004, dove attualmente impiega nove persone. Lo sviluppo di soluzioni IT personalizzate ha luogo nella sede di Vienna. RUBICON Svizzera si avvale di specialisti della casa madre, se necessario.\r\n<h2>Le implementazioni di successo dell'eGovernment alimentano la domanda<\/h2>\r\n\"Dopo esserci distinti come partner per la digitalizzazione dell'amministrazione, la nostra esperienza e il nostro know-how suscitano sempre pi\u00f9 interesse nel settore privato\", afferma Christoph Unger. Il 42enne \u00e8 stato in precedenza responsabile dello sviluppo del mercato e della creazione di Acta Nova per il sistema GEVER nel mercato svizzero. \"Supportiamo le aziende svizzere nell'espansione della loro capacit\u00e0 digitale di agire dalla A alla Z, dalla richiesta elettronica all'esecuzione e alla consegna\", afferma Unger.\r\n\r\nIn qualit\u00e0 di partner per la digitalizzazione di amministrazioni e aziende, RUBICON copre un'ampia gamma di esigenze. Queste includono soluzioni per la gestione dei documenti e dei flussi di lavoro basate su Acta Nova. A ci\u00f2 si aggiunge la gestione dei modelli e degli output con Document Partner, ma anche la gestione di server e applicazioni ad alta disponibilit\u00e0, la competenza nei settori dei database e delle reti, nonch\u00e9 l'auditing e la sicurezza del software tramite SignPath.\r\n<h2><strong>Amministrazione federale: 26.000 persone utilizzano la soluzione RUBICON<\/strong><\/h2>\r\nTra i clienti di lunga data dell'azienda figurano le Ferrovie Federali Svizzere (FFS), l'Autorit\u00e0 dei Trasporti di Zurigo (VBZ) e un gran numero di cantoni e citt\u00e0 e oltre 900 comuni svizzeri. Dall'agosto 2021, pi\u00f9 di 26.000 dipendenti dell'Amministrazione federale svizzera utilizzano l'applicazione RUBICON Acta Nova a livello nazionale. Questo funziona su GEVER, la piattaforma digitale del governo federale per l'amministrazione aziendale, e garantisce una gestione uniforme e stabile dei documenti e dei flussi di lavoro. Da allora, i processi sono stati ottimizzati passo dopo passo durante le operazioni in corso. Inoltre, RUBICON sviluppa costantemente la piattaforma.\r\n\r\nActa Nova consente la digitalizzazione e l'automazione dei processi aziendali e offre interfacce per i moduli online, in modo che i dati possano essere inseriti in modo semplice e veloce e trasferiti senza interruzioni di supporto. Inoltre, il software cripta automaticamente i documenti riservati e offre un'archiviazione centralizzata dei dati. Allo stesso tempo, Acta Nova accelera, ad esempio, il rilascio dei permessi, i tempi di risposta alle richieste di informazioni, aumenta la tracciabilit\u00e0 di tutti i processi e, non da ultimo, aumenta l'efficienza dell'amministrazione. Poich\u00e9 la digitalizzazione elimina anche le vie di trasporto e le montagne di carta, l'uso di Acta Nova porta anche a notevoli risparmi.\r\n\r\nDa allora, i processi sono stati ottimizzati passo dopo passo durante le operazioni in corso. Inoltre, la piattaforma viene costantemente sviluppata. Temi importanti sono la gestione inbound e outbound e l'interazione digitale con innumerevoli partner commerciali.\r\n\r\n<em>Fonte e informazioni: <a href=\"http:\/\/www.rubicon.eu\/\">www.rubicon.eu<\/a><\/em>\n<p class=\"syndicated-attribution\">Questo articolo \u00e8 apparso originariamente su m-q.ch - <a href=\"https:\/\/www.m-q.ch\/de\/egovernment-rubicon-will-mit-neuem-schweizer-ceo-auch-in-der-privatwirtschaft-wachsen\/\" target=\"_blank\">https:\/\/www.m-q.ch\/de\/egovernment-rubicon-will-mit-neuem-schweizer-ceo-auch-in-der-privatwirtschaft-wachsen\/<\/a><\/p>","protected":false},"excerpt":{"rendered":"<p>Das \u00f6sterreichische Software-Unternehmen RUBICON geh\u00f6rt in Europa zu den f\u00fchrenden Anbietern von IT-L\u00f6sungen f\u00fcr die Digitalisierung zentraler Gesch\u00e4ftsprozesse in \u00f6ffentlichen Verwaltungen (eGovernment) sowie im Enterprise-Bereich. Mit der RUBICON IT Schweiz AG besteht seit 2004 ein Sitz in der Stadt Bern, wo heute neun Mitarbeiter besch\u00e4ftigt sind. Die Entwicklung massgeschneiderter IT-L\u00f6sungen erfolgt am Standort in Wien. [\u2026]<\/p>\n","protected":false},"author":8,"featured_media":0,"comment_status":"closed","ping_status":"closed","sticky":false,"template":"","format":"standard","meta":{"_acf_changed":false,"_yoast_wpseo_focuskw":"RUBICON","_yoast_wpseo_metadesc":"Der Erfolg weckte die Nachfrage nach den Services von RUBICON. Der Spezialist f\u00fcr eGovernment- und Enterprise-L\u00f6sungen hat 2021 seine Anwendung Acta Nova auf dem Gesch\u00e4ftsverwaltungssystem GEVER der Bundesverwaltung implementiert.","articlekey":"","footnotes":""},"categories":[582],"tags":[2771,3187,3184,3188],"class_list":["post-12285","post","type-post","status-publish","format-standard","hentry","category-operational-excellence","tag-bundesverwaltung","tag-egovernment","tag-rubicon","tag-schweizer-ceo"],"acf":[],"yoast_head":"<!-- This site is optimized with the Yoast SEO plugin v27.5 - https:\/\/yoast.com\/product\/yoast-seo-wordpress\/ -->\n<title>eGovernment: RUBICON will mit neuem Schweizer CEO auch in der Privatwirtschaft wachsen - Organisator<\/title>\n<meta name=\"description\" content=\"Der Erfolg weckte die Nachfrage nach den Services von RUBICON. Der Spezialist f\u00fcr eGovernment- und Enterprise-L\u00f6sungen hat 2021 seine Anwendung Acta Nova auf dem Gesch\u00e4ftsverwaltungssystem GEVER der Bundesverwaltung implementiert.\" \/>\n<meta name=\"robots\" content=\"index, follow, max-snippet:-1, max-image-preview:large, max-video-preview:-1\" \/>\n<link rel=\"canonical\" href=\"https:\/\/www.m-q.ch\/de\/egovernment-rubicon-will-mit-neuem-schweizer-ceo-auch-in-der-privatwirtschaft-wachsen\/\" \/>\n<meta property=\"og:locale\" content=\"it_IT\" \/>\n<meta property=\"og:type\" content=\"article\" \/>\n<meta property=\"og:title\" content=\"eGovernment: RUBICON will mit neuem Schweizer CEO auch in der Privatwirtschaft wachsen - Organisator\" \/>\n<meta property=\"og:description\" content=\"Der Erfolg weckte die Nachfrage nach den Services von RUBICON. Der Spezialist f\u00fcr eGovernment- und Enterprise-L\u00f6sungen hat 2021 seine Anwendung Acta Nova auf dem Gesch\u00e4ftsverwaltungssystem GEVER der Bundesverwaltung implementiert.\" \/>\n<meta property=\"og:url\" content=\"https:\/\/www.m-q.ch\/de\/egovernment-rubicon-will-mit-neuem-schweizer-ceo-auch-in-der-privatwirtschaft-wachsen\/\" \/>\n<meta property=\"og:site_name\" content=\"Organisator\" \/>\n<meta property=\"article:publisher\" content=\"https:\/\/www.facebook.com\/OrganisatorFachmagazin\" \/>\n<meta property=\"article:published_time\" content=\"2022-03-30T13:33:05+00:00\" \/>\n<meta property=\"article:modified_time\" content=\"2022-07-30T12:50:57+00:00\" \/>\n<meta property=\"og:image\" content=\"https:\/\/www.m-q.ch\/wp-content\/uploads\/2022\/03\/eGovernment-RUBICON-will-mit-neuem-Schweizer-CEO-auch-in-der-Privatwirtschaft-wachsen_MQ.jpg\" \/>\n<meta name=\"author\" content=\"galledia\" \/>\n<meta name=\"twitter:card\" content=\"summary_large_image\" \/>\n<meta name=\"twitter:creator\" content=\"@admin\" \/>\n<script type=\"application\/ld+json\" class=\"yoast-schema-graph\">{\"@context\":\"https:\\\/\\\/schema.org\",\"@graph\":[{\"@type\":\"Article\",\"@id\":\"https:\\\/\\\/www.m-q.ch\\\/de\\\/egovernment-rubicon-will-mit-neuem-schweizer-ceo-auch-in-der-privatwirtschaft-wachsen\\\/#article\",\"isPartOf\":{\"@id\":\"https:\\\/\\\/www.organisator.ch\\\/operational-excellence\\\/2022-03-30\\\/egovernment-rubicon-will-mit-neuem-schweizer-ceo-auch-in-der-privatwirtschaft-wachsen\\\/\"},\"author\":{\"name\":\"galledia\",\"@id\":\"https:\\\/\\\/www.organisator.ch\\\/#\\\/schema\\\/person\\\/4e51799071cd2dd1232ac003643ef5f0\"},\"headline\":\"eGovernment: RUBICON will mit neuem Schweizer CEO auch in der Privatwirtschaft wachsen\",\"datePublished\":\"2022-03-30T13:33:05+00:00\",\"dateModified\":\"2022-07-30T12:50:57+00:00\",\"mainEntityOfPage\":{\"@id\":\"https:\\\/\\\/www.organisator.ch\\\/operational-excellence\\\/2022-03-30\\\/egovernment-rubicon-will-mit-neuem-schweizer-ceo-auch-in-der-privatwirtschaft-wachsen\\\/\"},\"wordCount\":466,\"publisher\":{\"@id\":\"https:\\\/\\\/www.organisator.ch\\\/#organization\"},\"image\":{\"@id\":\"https:\\\/\\\/www.m-q.ch\\\/de\\\/egovernment-rubicon-will-mit-neuem-schweizer-ceo-auch-in-der-privatwirtschaft-wachsen\\\/#primaryimage\"},\"thumbnailUrl\":\"https:\\\/\\\/www.m-q.ch\\\/wp-content\\\/uploads\\\/2022\\\/03\\\/eGovernment-RUBICON-will-mit-neuem-Schweizer-CEO-auch-in-der-Privatwirtschaft-wachsen_MQ.jpg\",\"keywords\":[\"Bundesverwaltung\",\"eGovernment\",\"RUBICON\",\"Schweizer CEO\"],\"articleSection\":[\"OPERATIONAL EXCELLENCE\"],\"inLanguage\":\"it-IT\"},{\"@type\":\"WebPage\",\"@id\":\"https:\\\/\\\/www.organisator.ch\\\/operational-excellence\\\/2022-03-30\\\/egovernment-rubicon-will-mit-neuem-schweizer-ceo-auch-in-der-privatwirtschaft-wachsen\\\/\",\"url\":\"https:\\\/\\\/www.m-q.ch\\\/de\\\/egovernment-rubicon-will-mit-neuem-schweizer-ceo-auch-in-der-privatwirtschaft-wachsen\\\/\",\"name\":\"eGovernment: RUBICON will mit neuem Schweizer CEO auch in der Privatwirtschaft wachsen - Organisator\",\"isPartOf\":{\"@id\":\"https:\\\/\\\/www.organisator.ch\\\/#website\"},\"primaryImageOfPage\":{\"@id\":\"https:\\\/\\\/www.m-q.ch\\\/de\\\/egovernment-rubicon-will-mit-neuem-schweizer-ceo-auch-in-der-privatwirtschaft-wachsen\\\/#primaryimage\"},\"image\":{\"@id\":\"https:\\\/\\\/www.m-q.ch\\\/de\\\/egovernment-rubicon-will-mit-neuem-schweizer-ceo-auch-in-der-privatwirtschaft-wachsen\\\/#primaryimage\"},\"thumbnailUrl\":\"https:\\\/\\\/www.m-q.ch\\\/wp-content\\\/uploads\\\/2022\\\/03\\\/eGovernment-RUBICON-will-mit-neuem-Schweizer-CEO-auch-in-der-Privatwirtschaft-wachsen_MQ.jpg\",\"datePublished\":\"2022-03-30T13:33:05+00:00\",\"dateModified\":\"2022-07-30T12:50:57+00:00\",\"description\":\"Der Erfolg weckte die Nachfrage nach den Services von RUBICON. Der Spezialist f\u00fcr eGovernment- und Enterprise-L\u00f6sungen hat 2021 seine Anwendung Acta Nova auf dem Gesch\u00e4ftsverwaltungssystem GEVER der Bundesverwaltung implementiert.\",\"breadcrumb\":{\"@id\":\"https:\\\/\\\/www.m-q.ch\\\/de\\\/egovernment-rubicon-will-mit-neuem-schweizer-ceo-auch-in-der-privatwirtschaft-wachsen\\\/#breadcrumb\"},\"inLanguage\":\"it-IT\",\"potentialAction\":[{\"@type\":\"ReadAction\",\"target\":[\"https:\\\/\\\/www.m-q.ch\\\/de\\\/egovernment-rubicon-will-mit-neuem-schweizer-ceo-auch-in-der-privatwirtschaft-wachsen\\\/\"]}]},{\"@type\":\"ImageObject\",\"inLanguage\":\"it-IT\",\"@id\":\"https:\\\/\\\/www.m-q.ch\\\/de\\\/egovernment-rubicon-will-mit-neuem-schweizer-ceo-auch-in-der-privatwirtschaft-wachsen\\\/#primaryimage\",\"url\":\"https:\\\/\\\/www.m-q.ch\\\/wp-content\\\/uploads\\\/2022\\\/03\\\/eGovernment-RUBICON-will-mit-neuem-Schweizer-CEO-auch-in-der-Privatwirtschaft-wachsen_MQ.jpg\",\"contentUrl\":\"https:\\\/\\\/www.m-q.ch\\\/wp-content\\\/uploads\\\/2022\\\/03\\\/eGovernment-RUBICON-will-mit-neuem-Schweizer-CEO-auch-in-der-Privatwirtschaft-wachsen_MQ.jpg\"},{\"@type\":\"BreadcrumbList\",\"@id\":\"https:\\\/\\\/www.m-q.ch\\\/de\\\/egovernment-rubicon-will-mit-neuem-schweizer-ceo-auch-in-der-privatwirtschaft-wachsen\\\/#breadcrumb\",\"itemListElement\":[{\"@type\":\"ListItem\",\"position\":1,\"name\":\"Home\",\"item\":\"https:\\\/\\\/www.organisator.ch\\\/\"},{\"@type\":\"ListItem\",\"position\":2,\"name\":\"eGovernment: RUBICON will mit neuem Schweizer CEO auch in der Privatwirtschaft wachsen\"}]},{\"@type\":\"WebSite\",\"@id\":\"https:\\\/\\\/www.organisator.ch\\\/#website\",\"url\":\"https:\\\/\\\/www.organisator.ch\\\/\",\"name\":\"Organisator\",\"description\":\"Kompetent. Praxisnah. Der ORGANISATOR bereitet in 10 Ausgaben pro Jahr die wesentlichen Themen f\u00fcr F\u00fchrungskr\u00e4fte von KMU auf.\",\"publisher\":{\"@id\":\"https:\\\/\\\/www.organisator.ch\\\/#organization\"},\"potentialAction\":[{\"@type\":\"SearchAction\",\"target\":{\"@type\":\"EntryPoint\",\"urlTemplate\":\"https:\\\/\\\/www.organisator.ch\\\/?s={search_term_string}\"},\"query-input\":{\"@type\":\"PropertyValueSpecification\",\"valueRequired\":true,\"valueName\":\"search_term_string\"}}],\"inLanguage\":\"it-IT\"},{\"@type\":\"Organization\",\"@id\":\"https:\\\/\\\/www.organisator.ch\\\/#organization\",\"name\":\"Organisator\",\"url\":\"https:\\\/\\\/www.organisator.ch\\\/\",\"logo\":{\"@type\":\"ImageObject\",\"inLanguage\":\"it-IT\",\"@id\":\"https:\\\/\\\/www.organisator.ch\\\/#\\\/schema\\\/logo\\\/image\\\/\",\"url\":\"https:\\\/\\\/www.organisator.ch\\\/wp-content\\\/uploads\\\/2022\\\/01\\\/Logo_Organisator_Website.png\",\"contentUrl\":\"https:\\\/\\\/www.organisator.ch\\\/wp-content\\\/uploads\\\/2022\\\/01\\\/Logo_Organisator_Website.png\",\"width\":800,\"height\":77,\"caption\":\"Organisator\"},\"image\":{\"@id\":\"https:\\\/\\\/www.organisator.ch\\\/#\\\/schema\\\/logo\\\/image\\\/\"},\"sameAs\":[\"https:\\\/\\\/www.facebook.com\\\/OrganisatorFachmagazin\",\"https:\\\/\\\/www.linkedin.com\\\/showcase\\\/organisator-das-magazin-fr-kmu\",\"https:\\\/\\\/www.xing.com\\\/news\\\/pages\\\/organisator-ch-695\",\"https:\\\/\\\/www.youtube.com\\\/channel\\\/UCGP2Sq0iWaZwT3BdIAQFYpw\"]},{\"@type\":\"Person\",\"@id\":\"https:\\\/\\\/www.organisator.ch\\\/#\\\/schema\\\/person\\\/4e51799071cd2dd1232ac003643ef5f0\",\"name\":\"galledia\",\"image\":{\"@type\":\"ImageObject\",\"inLanguage\":\"it-IT\",\"@id\":\"https:\\\/\\\/secure.gravatar.com\\\/avatar\\\/78a7f90c01fc2bfc875782a0d4922b37cde2cf184ce347b91316d23cd7f69a36?s=96&d=mm&r=g\",\"url\":\"https:\\\/\\\/secure.gravatar.com\\\/avatar\\\/78a7f90c01fc2bfc875782a0d4922b37cde2cf184ce347b91316d23cd7f69a36?s=96&d=mm&r=g\",\"contentUrl\":\"https:\\\/\\\/secure.gravatar.com\\\/avatar\\\/78a7f90c01fc2bfc875782a0d4922b37cde2cf184ce347b91316d23cd7f69a36?s=96&d=mm&r=g\",\"caption\":\"galledia\"},\"sameAs\":[\"https:\\\/\\\/x.com\\\/admin\"],\"url\":\"https:\\\/\\\/www.organisator.ch\\\/it\\\/author\\\/galledia\\\/\"}]}<\/script>\n<!-- \/ Yoast SEO plugin. -->","yoast_head_json":{"title":"eGovernment: RUBICON vuole crescere anche nel settore privato con il nuovo CEO svizzero - Organizzatore","description":"Il successo ha risvegliato la domanda dei servizi RUBICON. L'azienda specializzata in soluzioni di eGovernment ed enterprise ha implementato la sua applicazione Acta Nova sul sistema di gestione aziendale GEVER dell'amministrazione federale nel 2021.","robots":{"index":"index","follow":"follow","max-snippet":"max-snippet:-1","max-image-preview":"max-image-preview:large","max-video-preview":"max-video-preview:-1"},"canonical":"https:\/\/www.m-q.ch\/de\/egovernment-rubicon-will-mit-neuem-schweizer-ceo-auch-in-der-privatwirtschaft-wachsen\/","og_locale":"it_IT","og_type":"article","og_title":"eGovernment: RUBICON will mit neuem Schweizer CEO auch in der Privatwirtschaft wachsen - Organisator","og_description":"Der Erfolg weckte die Nachfrage nach den Services von RUBICON. Der Spezialist f\u00fcr eGovernment- und Enterprise-L\u00f6sungen hat 2021 seine Anwendung Acta Nova auf dem Gesch\u00e4ftsverwaltungssystem GEVER der Bundesverwaltung implementiert.","og_url":"https:\/\/www.m-q.ch\/de\/egovernment-rubicon-will-mit-neuem-schweizer-ceo-auch-in-der-privatwirtschaft-wachsen\/","og_site_name":"Organisator","article_publisher":"https:\/\/www.facebook.com\/OrganisatorFachmagazin","article_published_time":"2022-03-30T13:33:05+00:00","article_modified_time":"2022-07-30T12:50:57+00:00","og_image":[{"url":"https:\/\/www.m-q.ch\/wp-content\/uploads\/2022\/03\/eGovernment-RUBICON-will-mit-neuem-Schweizer-CEO-auch-in-der-Privatwirtschaft-wachsen_MQ.jpg","type":"","width":"","height":""}],"author":"galledia","twitter_card":"summary_large_image","twitter_creator":"@admin","schema":{"@context":"https:\/\/schema.org","@graph":[{"@type":"Article","@id":"https:\/\/www.m-q.ch\/de\/egovernment-rubicon-will-mit-neuem-schweizer-ceo-auch-in-der-privatwirtschaft-wachsen\/#article","isPartOf":{"@id":"https:\/\/www.organisator.ch\/operational-excellence\/2022-03-30\/egovernment-rubicon-will-mit-neuem-schweizer-ceo-auch-in-der-privatwirtschaft-wachsen\/"},"author":{"name":"galledia","@id":"https:\/\/www.organisator.ch\/#\/schema\/person\/4e51799071cd2dd1232ac003643ef5f0"},"headline":"eGovernment: RUBICON will mit neuem Schweizer CEO auch in der Privatwirtschaft wachsen","datePublished":"2022-03-30T13:33:05+00:00","dateModified":"2022-07-30T12:50:57+00:00","mainEntityOfPage":{"@id":"https:\/\/www.organisator.ch\/operational-excellence\/2022-03-30\/egovernment-rubicon-will-mit-neuem-schweizer-ceo-auch-in-der-privatwirtschaft-wachsen\/"},"wordCount":466,"publisher":{"@id":"https:\/\/www.organisator.ch\/#organization"},"image":{"@id":"https:\/\/www.m-q.ch\/de\/egovernment-rubicon-will-mit-neuem-schweizer-ceo-auch-in-der-privatwirtschaft-wachsen\/#primaryimage"},"thumbnailUrl":"https:\/\/www.m-q.ch\/wp-content\/uploads\/2022\/03\/eGovernment-RUBICON-will-mit-neuem-Schweizer-CEO-auch-in-der-Privatwirtschaft-wachsen_MQ.jpg","keywords":["Bundesverwaltung","eGovernment","RUBICON","Schweizer CEO"],"articleSection":["OPERATIONAL EXCELLENCE"],"inLanguage":"it-IT"},{"@type":"WebPage","@id":"https:\/\/www.organisator.ch\/operational-excellence\/2022-03-30\/egovernment-rubicon-will-mit-neuem-schweizer-ceo-auch-in-der-privatwirtschaft-wachsen\/","url":"https:\/\/www.m-q.ch\/de\/egovernment-rubicon-will-mit-neuem-schweizer-ceo-auch-in-der-privatwirtschaft-wachsen\/","name":"eGovernment: RUBICON vuole crescere anche nel settore privato con il nuovo CEO svizzero - Organizzatore","isPartOf":{"@id":"https:\/\/www.organisator.ch\/#website"},"primaryImageOfPage":{"@id":"https:\/\/www.m-q.ch\/de\/egovernment-rubicon-will-mit-neuem-schweizer-ceo-auch-in-der-privatwirtschaft-wachsen\/#primaryimage"},"image":{"@id":"https:\/\/www.m-q.ch\/de\/egovernment-rubicon-will-mit-neuem-schweizer-ceo-auch-in-der-privatwirtschaft-wachsen\/#primaryimage"},"thumbnailUrl":"https:\/\/www.m-q.ch\/wp-content\/uploads\/2022\/03\/eGovernment-RUBICON-will-mit-neuem-Schweizer-CEO-auch-in-der-Privatwirtschaft-wachsen_MQ.jpg","datePublished":"2022-03-30T13:33:05+00:00","dateModified":"2022-07-30T12:50:57+00:00","description":"Il successo ha risvegliato la domanda dei servizi RUBICON. L'azienda specializzata in soluzioni di eGovernment ed enterprise ha implementato la sua applicazione Acta Nova sul sistema di gestione aziendale GEVER dell'amministrazione federale nel 2021.","breadcrumb":{"@id":"https:\/\/www.m-q.ch\/de\/egovernment-rubicon-will-mit-neuem-schweizer-ceo-auch-in-der-privatwirtschaft-wachsen\/#breadcrumb"},"inLanguage":"it-IT","potentialAction":[{"@type":"ReadAction","target":["https:\/\/www.m-q.ch\/de\/egovernment-rubicon-will-mit-neuem-schweizer-ceo-auch-in-der-privatwirtschaft-wachsen\/"]}]},{"@type":"ImageObject","inLanguage":"it-IT","@id":"https:\/\/www.m-q.ch\/de\/egovernment-rubicon-will-mit-neuem-schweizer-ceo-auch-in-der-privatwirtschaft-wachsen\/#primaryimage","url":"https:\/\/www.m-q.ch\/wp-content\/uploads\/2022\/03\/eGovernment-RUBICON-will-mit-neuem-Schweizer-CEO-auch-in-der-Privatwirtschaft-wachsen_MQ.jpg","contentUrl":"https:\/\/www.m-q.ch\/wp-content\/uploads\/2022\/03\/eGovernment-RUBICON-will-mit-neuem-Schweizer-CEO-auch-in-der-Privatwirtschaft-wachsen_MQ.jpg"},{"@type":"BreadcrumbList","@id":"https:\/\/www.m-q.ch\/de\/egovernment-rubicon-will-mit-neuem-schweizer-ceo-auch-in-der-privatwirtschaft-wachsen\/#breadcrumb","itemListElement":[{"@type":"ListItem","position":1,"name":"Home","item":"https:\/\/www.organisator.ch\/"},{"@type":"ListItem","position":2,"name":"eGovernment: RUBICON will mit neuem Schweizer CEO auch in der Privatwirtschaft wachsen"}]},{"@type":"WebSite","@id":"https:\/\/www.organisator.ch\/#website","url":"https:\/\/www.organisator.ch\/","name":"Organizzatore","description":"Competente. Pratico. In 10 numeri all'anno, ORGANISATOR presenta i temi essenziali per i manager delle PMI.","publisher":{"@id":"https:\/\/www.organisator.ch\/#organization"},"potentialAction":[{"@type":"SearchAction","target":{"@type":"EntryPoint","urlTemplate":"https:\/\/www.organisator.ch\/?s={search_term_string}"},"query-input":{"@type":"PropertyValueSpecification","valueRequired":true,"valueName":"search_term_string"}}],"inLanguage":"it-IT"},{"@type":"Organization","@id":"https:\/\/www.organisator.ch\/#organization","name":"Organizzatore","url":"https:\/\/www.organisator.ch\/","logo":{"@type":"ImageObject","inLanguage":"it-IT","@id":"https:\/\/www.organisator.ch\/#\/schema\/logo\/image\/","url":"https:\/\/www.organisator.ch\/wp-content\/uploads\/2022\/01\/Logo_Organisator_Website.png","contentUrl":"https:\/\/www.organisator.ch\/wp-content\/uploads\/2022\/01\/Logo_Organisator_Website.png","width":800,"height":77,"caption":"Organisator"},"image":{"@id":"https:\/\/www.organisator.ch\/#\/schema\/logo\/image\/"},"sameAs":["https:\/\/www.facebook.com\/OrganisatorFachmagazin","https:\/\/www.linkedin.com\/showcase\/organisator-das-magazin-fr-kmu","https:\/\/www.xing.com\/news\/pages\/organisator-ch-695","https:\/\/www.youtube.com\/channel\/UCGP2Sq0iWaZwT3BdIAQFYpw"]},{"@type":"Person","@id":"https:\/\/www.organisator.ch\/#\/schema\/person\/4e51799071cd2dd1232ac003643ef5f0","name":"galledia","image":{"@type":"ImageObject","inLanguage":"it-IT","@id":"https:\/\/secure.gravatar.com\/avatar\/78a7f90c01fc2bfc875782a0d4922b37cde2cf184ce347b91316d23cd7f69a36?s=96&d=mm&r=g","url":"https:\/\/secure.gravatar.com\/avatar\/78a7f90c01fc2bfc875782a0d4922b37cde2cf184ce347b91316d23cd7f69a36?s=96&d=mm&r=g","contentUrl":"https:\/\/secure.gravatar.com\/avatar\/78a7f90c01fc2bfc875782a0d4922b37cde2cf184ce347b91316d23cd7f69a36?s=96&d=mm&r=g","caption":"galledia"},"sameAs":["https:\/\/x.com\/admin"],"url":"https:\/\/www.organisator.ch\/it\/author\/galledia\/"}]}},"_links":{"self":[{"href":"https:\/\/www.organisator.ch\/it\/wp-json\/wp\/v2\/posts\/12285","targetHints":{"allow":["GET"]}}],"collection":[{"href":"https:\/\/www.organisator.ch\/it\/wp-json\/wp\/v2\/posts"}],"about":[{"href":"https:\/\/www.organisator.ch\/it\/wp-json\/wp\/v2\/types\/post"}],"author":[{"embeddable":true,"href":"https:\/\/www.organisator.ch\/it\/wp-json\/wp\/v2\/users\/8"}],"replies":[{"embeddable":true,"href":"https:\/\/www.organisator.ch\/it\/wp-json\/wp\/v2\/comments?post=12285"}],"version-history":[{"count":4,"href":"https:\/\/www.organisator.ch\/it\/wp-json\/wp\/v2\/posts\/12285\/revisions"}],"predecessor-version":[{"id":16016,"href":"https:\/\/www.organisator.ch\/it\/wp-json\/wp\/v2\/posts\/12285\/revisions\/16016"}],"wp:attachment":[{"href":"https:\/\/www.organisator.ch\/it\/wp-json\/wp\/v2\/media?parent=12285"}],"wp:term":[{"taxonomy":"category","embeddable":true,"href":"https:\/\/www.organisator.ch\/it\/wp-json\/wp\/v2\/categories?post=12285"},{"taxonomy":"post_tag","embeddable":true,"href":"https:\/\/www.organisator.ch\/it\/wp-json\/wp\/v2\/tags?post=12285"}],"curies":[{"name":"wp","href":"https:\/\/api.w.org\/{rel}","templated":true}]}}