{"id":12291,"date":"2022-03-30T17:19:53","date_gmt":"2022-03-30T15:19:53","guid":{"rendered":"https:\/\/www.werbewoche.ch\/?p=168362"},"modified":"2022-07-30T14:55:26","modified_gmt":"2022-07-30T12:55:26","slug":"allink-und-gavetti-bringen-italienisches-flair-in-den-bueroalltag","status":"publish","type":"post","link":"https:\/\/www.organisator.ch\/it\/marketing\/2022-03-30\/allink-und-gavetti-bringen-italienisches-flair-in-den-bueroalltag\/","title":{"rendered":"Allink e Gavetti portano il fascino italiano nella vita quotidiana in ufficio"},"content":{"rendered":"<img class=\"aligncenter wp-image-168364 size-full\" src=\"https:\/\/www.werbewoche.ch\/wp-content\/uploads\/2022\/03\/gavetti-referenz-allink-5.jpg\" alt=\"Allink\" width=\"1200\" height=\"800\" \/>\r\n\r\nFelfel si \u00e8 fatta un nome in tutta la Svizzera con la ristorazione collettiva. Per portare il caff\u00e8 in ufficio a un livello di piacere che va oltre le macchine completamente automatiche e le capsule di caff\u00e8, l'azienda di Zurigo ha ora lanciato il proprio marchio di caff\u00e8 con un servizio a tutto tondo: Gavetti mira a combinare la cultura italiana del caff\u00e8 con la comodit\u00e0 moderna.\r\n\r\nL'agenzia zurighese Allink ha dato vita al marchio con molta italianit\u00e0 e una strizzatina d'occhio. Il design del marchio Gavetti \u00e8 stato adattato ai punti di contatto pi\u00f9 importanti del servizio di caff\u00e8 in ufficio, come il packaging, le stoviglie o i pannelli di controllo della macchina da caff\u00e8.\r\n\r\n<img class=\"aligncenter wp-image-168363 size-full\" src=\"https:\/\/www.werbewoche.ch\/wp-content\/uploads\/2022\/03\/gavetti-referenz-allink-4.jpg\" alt=\"Allink\" width=\"1200\" height=\"800\" \/> <img class=\"aligncenter wp-image-168366 size-full\" src=\"https:\/\/www.werbewoche.ch\/wp-content\/uploads\/2022\/03\/gavetti-referenz-allink-1.jpg\" alt=\"Allink\" width=\"1200\" height=\"800\" \/> <img class=\"aligncenter wp-image-168365 size-full\" src=\"https:\/\/www.werbewoche.ch\/wp-content\/uploads\/2022\/03\/gavetti-referenz-allink-titelbild.jpg\" alt=\"Allink\" width=\"1200\" height=\"800\" \/> <img class=\"aligncenter wp-image-168368 size-full\" src=\"https:\/\/www.werbewoche.ch\/wp-content\/uploads\/2022\/03\/gavetti-referenz-allink-3.jpg\" alt=\"Allink\" width=\"1200\" height=\"800\" \/> <img class=\"aligncenter wp-image-168367 size-full\" src=\"https:\/\/www.werbewoche.ch\/wp-content\/uploads\/2022\/03\/gavetti-referenz-allink-2.jpg\" alt=\"Allink\" width=\"1200\" height=\"800\" \/>\r\n\r\n<hr \/>\r\n\r\n<strong>Responsabile di Allink:<\/strong> Christoph Schlatter (Direttore Creativo), Roger Lang (Art Director), Martina Kellenberger (Graphic Designer), Simon Zangger (Photo &amp; Film Director). <strong>Responsabile per Felfel<\/strong>Comitato di branding, composto da Daniela Steiner, Jonathan Lewin e Michelle Schmid.","protected":false},"excerpt":{"rendered":"<p>Mit Mitarbeiterverpflegung hat sich Felfel schweizweit einen Namen gemacht. Um auch das B\u00fcrokafi auf einen Genusslevel jenseits von Vollautomaten und Kaffeekapseln zu bringen, hat das Z\u00fcrcher Unternehmen nun seinen eigenen Kaffee-Brand mit Rundum-Service lanciert: Gavetti will italienische Kaffeekultur mit moderner Convenience verbinden. Die Z\u00fcrcher Agentur Allink erweckte die Marke mit viel Italianit\u00e0 und einem Augenzwinkern [\u2026]<\/p>\n","protected":false},"author":8,"featured_media":0,"comment_status":"closed","ping_status":"closed","sticky":false,"template":"","format":"standard","meta":{"_acf_changed":false,"_yoast_wpseo_focuskw":"Allink","_yoast_wpseo_metadesc":"Die Z\u00fcrcher Agentur Allink hat f\u00fcr den B\u00fcrokaffee-Service Gavetti von Felfel die italienische Kaffeekultur in ein stimmiges Brand- und Packaging-Design \u00fcbersetzt.","articlekey":"","footnotes":""},"categories":[29],"tags":[2772,3191,2773,3189,3190],"class_list":["post-12291","post","type-post","status-publish","format-standard","hentry","category-marketing","tag-allink","tag-bueroalltag","tag-felfel","tag-gavetti","tag-italienisches"],"acf":[],"yoast_head":"<!-- This site is optimized with the Yoast SEO plugin v27.5 - https:\/\/yoast.com\/product\/yoast-seo-wordpress\/ -->\n<title>Allink und Gavetti bringen italienisches Flair in den B\u00fcroalltag - Organisator<\/title>\n<meta name=\"description\" content=\"Die Z\u00fcrcher Agentur Allink hat f\u00fcr den B\u00fcrokaffee-Service Gavetti von Felfel die italienische Kaffeekultur in ein stimmiges Brand- und Packaging-Design \u00fcbersetzt.\" \/>\n<meta name=\"robots\" content=\"index, follow, max-snippet:-1, max-image-preview:large, max-video-preview:-1\" \/>\n<link rel=\"canonical\" href=\"https:\/\/www.werbewoche.ch\/de\/marketing\/marken\/2022-03-30\/allink-und-gavetti-bringen-italienisches-flair-in-den-bueroalltag\/\" \/>\n<meta property=\"og:locale\" content=\"it_IT\" \/>\n<meta property=\"og:type\" content=\"article\" \/>\n<meta property=\"og:title\" content=\"Allink und Gavetti bringen italienisches Flair in den B\u00fcroalltag - Organisator\" \/>\n<meta property=\"og:description\" content=\"Die Z\u00fcrcher Agentur Allink hat f\u00fcr den B\u00fcrokaffee-Service Gavetti von Felfel die italienische Kaffeekultur in ein stimmiges Brand- und Packaging-Design \u00fcbersetzt.\" \/>\n<meta property=\"og:url\" content=\"https:\/\/www.werbewoche.ch\/de\/marketing\/marken\/2022-03-30\/allink-und-gavetti-bringen-italienisches-flair-in-den-bueroalltag\/\" \/>\n<meta property=\"og:site_name\" content=\"Organisator\" \/>\n<meta property=\"article:publisher\" content=\"https:\/\/www.facebook.com\/OrganisatorFachmagazin\" \/>\n<meta property=\"article:published_time\" content=\"2022-03-30T15:19:53+00:00\" \/>\n<meta property=\"article:modified_time\" content=\"2022-07-30T12:55:26+00:00\" \/>\n<meta property=\"og:image\" content=\"https:\/\/www.werbewoche.ch\/wp-content\/uploads\/2022\/03\/gavetti-referenz-allink-5.jpg\" \/>\n<meta name=\"author\" content=\"galledia\" \/>\n<meta name=\"twitter:card\" content=\"summary_large_image\" \/>\n<meta name=\"twitter:creator\" content=\"@admin\" \/>\n<script type=\"application\/ld+json\" class=\"yoast-schema-graph\">{\"@context\":\"https:\\\/\\\/schema.org\",\"@graph\":[{\"@type\":\"Article\",\"@id\":\"https:\\\/\\\/www.werbewoche.ch\\\/de\\\/marketing\\\/marken\\\/2022-03-30\\\/allink-und-gavetti-bringen-italienisches-flair-in-den-bueroalltag\\\/#article\",\"isPartOf\":{\"@id\":\"https:\\\/\\\/www.organisator.ch\\\/marketing\\\/2022-03-30\\\/allink-und-gavetti-bringen-italienisches-flair-in-den-bueroalltag\\\/\"},\"author\":{\"name\":\"galledia\",\"@id\":\"https:\\\/\\\/www.organisator.ch\\\/#\\\/schema\\\/person\\\/4e51799071cd2dd1232ac003643ef5f0\"},\"headline\":\"Allink und Gavetti bringen italienisches Flair in den B\u00fcroalltag\",\"datePublished\":\"2022-03-30T15:19:53+00:00\",\"dateModified\":\"2022-07-30T12:55:26+00:00\",\"mainEntityOfPage\":{\"@id\":\"https:\\\/\\\/www.organisator.ch\\\/marketing\\\/2022-03-30\\\/allink-und-gavetti-bringen-italienisches-flair-in-den-bueroalltag\\\/\"},\"wordCount\":128,\"publisher\":{\"@id\":\"https:\\\/\\\/www.organisator.ch\\\/#organization\"},\"image\":{\"@id\":\"https:\\\/\\\/www.werbewoche.ch\\\/de\\\/marketing\\\/marken\\\/2022-03-30\\\/allink-und-gavetti-bringen-italienisches-flair-in-den-bueroalltag\\\/#primaryimage\"},\"thumbnailUrl\":\"https:\\\/\\\/www.werbewoche.ch\\\/wp-content\\\/uploads\\\/2022\\\/03\\\/gavetti-referenz-allink-5.jpg\",\"keywords\":[\"Allink\",\"B\u00fcroalltag\",\"Felfel\",\"Gavetti\",\"italienisches\"],\"articleSection\":[\"MARKETING\"],\"inLanguage\":\"it-IT\"},{\"@type\":\"WebPage\",\"@id\":\"https:\\\/\\\/www.organisator.ch\\\/marketing\\\/2022-03-30\\\/allink-und-gavetti-bringen-italienisches-flair-in-den-bueroalltag\\\/\",\"url\":\"https:\\\/\\\/www.werbewoche.ch\\\/de\\\/marketing\\\/marken\\\/2022-03-30\\\/allink-und-gavetti-bringen-italienisches-flair-in-den-bueroalltag\\\/\",\"name\":\"Allink und Gavetti bringen italienisches Flair in den B\u00fcroalltag - Organisator\",\"isPartOf\":{\"@id\":\"https:\\\/\\\/www.organisator.ch\\\/#website\"},\"primaryImageOfPage\":{\"@id\":\"https:\\\/\\\/www.werbewoche.ch\\\/de\\\/marketing\\\/marken\\\/2022-03-30\\\/allink-und-gavetti-bringen-italienisches-flair-in-den-bueroalltag\\\/#primaryimage\"},\"image\":{\"@id\":\"https:\\\/\\\/www.werbewoche.ch\\\/de\\\/marketing\\\/marken\\\/2022-03-30\\\/allink-und-gavetti-bringen-italienisches-flair-in-den-bueroalltag\\\/#primaryimage\"},\"thumbnailUrl\":\"https:\\\/\\\/www.werbewoche.ch\\\/wp-content\\\/uploads\\\/2022\\\/03\\\/gavetti-referenz-allink-5.jpg\",\"datePublished\":\"2022-03-30T15:19:53+00:00\",\"dateModified\":\"2022-07-30T12:55:26+00:00\",\"description\":\"Die Z\u00fcrcher Agentur Allink hat f\u00fcr den B\u00fcrokaffee-Service Gavetti von Felfel die italienische Kaffeekultur in ein stimmiges Brand- und Packaging-Design \u00fcbersetzt.\",\"breadcrumb\":{\"@id\":\"https:\\\/\\\/www.werbewoche.ch\\\/de\\\/marketing\\\/marken\\\/2022-03-30\\\/allink-und-gavetti-bringen-italienisches-flair-in-den-bueroalltag\\\/#breadcrumb\"},\"inLanguage\":\"it-IT\",\"potentialAction\":[{\"@type\":\"ReadAction\",\"target\":[\"https:\\\/\\\/www.werbewoche.ch\\\/de\\\/marketing\\\/marken\\\/2022-03-30\\\/allink-und-gavetti-bringen-italienisches-flair-in-den-bueroalltag\\\/\"]}]},{\"@type\":\"ImageObject\",\"inLanguage\":\"it-IT\",\"@id\":\"https:\\\/\\\/www.werbewoche.ch\\\/de\\\/marketing\\\/marken\\\/2022-03-30\\\/allink-und-gavetti-bringen-italienisches-flair-in-den-bueroalltag\\\/#primaryimage\",\"url\":\"https:\\\/\\\/www.werbewoche.ch\\\/wp-content\\\/uploads\\\/2022\\\/03\\\/gavetti-referenz-allink-5.jpg\",\"contentUrl\":\"https:\\\/\\\/www.werbewoche.ch\\\/wp-content\\\/uploads\\\/2022\\\/03\\\/gavetti-referenz-allink-5.jpg\"},{\"@type\":\"BreadcrumbList\",\"@id\":\"https:\\\/\\\/www.werbewoche.ch\\\/de\\\/marketing\\\/marken\\\/2022-03-30\\\/allink-und-gavetti-bringen-italienisches-flair-in-den-bueroalltag\\\/#breadcrumb\",\"itemListElement\":[{\"@type\":\"ListItem\",\"position\":1,\"name\":\"Home\",\"item\":\"https:\\\/\\\/www.organisator.ch\\\/\"},{\"@type\":\"ListItem\",\"position\":2,\"name\":\"Allink und Gavetti bringen italienisches Flair in den B\u00fcroalltag\"}]},{\"@type\":\"WebSite\",\"@id\":\"https:\\\/\\\/www.organisator.ch\\\/#website\",\"url\":\"https:\\\/\\\/www.organisator.ch\\\/\",\"name\":\"Organisator\",\"description\":\"Kompetent. Praxisnah. Der ORGANISATOR bereitet in 10 Ausgaben pro Jahr die wesentlichen Themen f\u00fcr F\u00fchrungskr\u00e4fte von KMU auf.\",\"publisher\":{\"@id\":\"https:\\\/\\\/www.organisator.ch\\\/#organization\"},\"potentialAction\":[{\"@type\":\"SearchAction\",\"target\":{\"@type\":\"EntryPoint\",\"urlTemplate\":\"https:\\\/\\\/www.organisator.ch\\\/?s={search_term_string}\"},\"query-input\":{\"@type\":\"PropertyValueSpecification\",\"valueRequired\":true,\"valueName\":\"search_term_string\"}}],\"inLanguage\":\"it-IT\"},{\"@type\":\"Organization\",\"@id\":\"https:\\\/\\\/www.organisator.ch\\\/#organization\",\"name\":\"Organisator\",\"url\":\"https:\\\/\\\/www.organisator.ch\\\/\",\"logo\":{\"@type\":\"ImageObject\",\"inLanguage\":\"it-IT\",\"@id\":\"https:\\\/\\\/www.organisator.ch\\\/#\\\/schema\\\/logo\\\/image\\\/\",\"url\":\"https:\\\/\\\/www.organisator.ch\\\/wp-content\\\/uploads\\\/2022\\\/01\\\/Logo_Organisator_Website.png\",\"contentUrl\":\"https:\\\/\\\/www.organisator.ch\\\/wp-content\\\/uploads\\\/2022\\\/01\\\/Logo_Organisator_Website.png\",\"width\":800,\"height\":77,\"caption\":\"Organisator\"},\"image\":{\"@id\":\"https:\\\/\\\/www.organisator.ch\\\/#\\\/schema\\\/logo\\\/image\\\/\"},\"sameAs\":[\"https:\\\/\\\/www.facebook.com\\\/OrganisatorFachmagazin\",\"https:\\\/\\\/www.linkedin.com\\\/showcase\\\/organisator-das-magazin-fr-kmu\",\"https:\\\/\\\/www.xing.com\\\/news\\\/pages\\\/organisator-ch-695\",\"https:\\\/\\\/www.youtube.com\\\/channel\\\/UCGP2Sq0iWaZwT3BdIAQFYpw\"]},{\"@type\":\"Person\",\"@id\":\"https:\\\/\\\/www.organisator.ch\\\/#\\\/schema\\\/person\\\/4e51799071cd2dd1232ac003643ef5f0\",\"name\":\"galledia\",\"image\":{\"@type\":\"ImageObject\",\"inLanguage\":\"it-IT\",\"@id\":\"https:\\\/\\\/secure.gravatar.com\\\/avatar\\\/78a7f90c01fc2bfc875782a0d4922b37cde2cf184ce347b91316d23cd7f69a36?s=96&d=mm&r=g\",\"url\":\"https:\\\/\\\/secure.gravatar.com\\\/avatar\\\/78a7f90c01fc2bfc875782a0d4922b37cde2cf184ce347b91316d23cd7f69a36?s=96&d=mm&r=g\",\"contentUrl\":\"https:\\\/\\\/secure.gravatar.com\\\/avatar\\\/78a7f90c01fc2bfc875782a0d4922b37cde2cf184ce347b91316d23cd7f69a36?s=96&d=mm&r=g\",\"caption\":\"galledia\"},\"sameAs\":[\"https:\\\/\\\/x.com\\\/admin\"],\"url\":\"https:\\\/\\\/www.organisator.ch\\\/it\\\/author\\\/galledia\\\/\"}]}<\/script>\n<!-- \/ Yoast SEO plugin. -->","yoast_head_json":{"title":"Allink e Gavetti portano il fascino italiano nella vita quotidiana in ufficio - Organiser","description":"L'agenzia zurighese Allink ha tradotto la cultura italiana del caff\u00e8 in un marchio coerente e in un design del packaging per il servizio di caff\u00e8 per ufficio Gavetti di Felfel.","robots":{"index":"index","follow":"follow","max-snippet":"max-snippet:-1","max-image-preview":"max-image-preview:large","max-video-preview":"max-video-preview:-1"},"canonical":"https:\/\/www.werbewoche.ch\/de\/marketing\/marken\/2022-03-30\/allink-und-gavetti-bringen-italienisches-flair-in-den-bueroalltag\/","og_locale":"it_IT","og_type":"article","og_title":"Allink und Gavetti bringen italienisches Flair in den B\u00fcroalltag - Organisator","og_description":"Die Z\u00fcrcher Agentur Allink hat f\u00fcr den B\u00fcrokaffee-Service Gavetti von Felfel die italienische Kaffeekultur in ein stimmiges Brand- und Packaging-Design \u00fcbersetzt.","og_url":"https:\/\/www.werbewoche.ch\/de\/marketing\/marken\/2022-03-30\/allink-und-gavetti-bringen-italienisches-flair-in-den-bueroalltag\/","og_site_name":"Organisator","article_publisher":"https:\/\/www.facebook.com\/OrganisatorFachmagazin","article_published_time":"2022-03-30T15:19:53+00:00","article_modified_time":"2022-07-30T12:55:26+00:00","og_image":[{"url":"https:\/\/www.werbewoche.ch\/wp-content\/uploads\/2022\/03\/gavetti-referenz-allink-5.jpg","type":"","width":"","height":""}],"author":"galledia","twitter_card":"summary_large_image","twitter_creator":"@admin","schema":{"@context":"https:\/\/schema.org","@graph":[{"@type":"Article","@id":"https:\/\/www.werbewoche.ch\/de\/marketing\/marken\/2022-03-30\/allink-und-gavetti-bringen-italienisches-flair-in-den-bueroalltag\/#article","isPartOf":{"@id":"https:\/\/www.organisator.ch\/marketing\/2022-03-30\/allink-und-gavetti-bringen-italienisches-flair-in-den-bueroalltag\/"},"author":{"name":"galledia","@id":"https:\/\/www.organisator.ch\/#\/schema\/person\/4e51799071cd2dd1232ac003643ef5f0"},"headline":"Allink und Gavetti bringen italienisches Flair in den B\u00fcroalltag","datePublished":"2022-03-30T15:19:53+00:00","dateModified":"2022-07-30T12:55:26+00:00","mainEntityOfPage":{"@id":"https:\/\/www.organisator.ch\/marketing\/2022-03-30\/allink-und-gavetti-bringen-italienisches-flair-in-den-bueroalltag\/"},"wordCount":128,"publisher":{"@id":"https:\/\/www.organisator.ch\/#organization"},"image":{"@id":"https:\/\/www.werbewoche.ch\/de\/marketing\/marken\/2022-03-30\/allink-und-gavetti-bringen-italienisches-flair-in-den-bueroalltag\/#primaryimage"},"thumbnailUrl":"https:\/\/www.werbewoche.ch\/wp-content\/uploads\/2022\/03\/gavetti-referenz-allink-5.jpg","keywords":["Allink","B\u00fcroalltag","Felfel","Gavetti","italienisches"],"articleSection":["MARKETING"],"inLanguage":"it-IT"},{"@type":"WebPage","@id":"https:\/\/www.organisator.ch\/marketing\/2022-03-30\/allink-und-gavetti-bringen-italienisches-flair-in-den-bueroalltag\/","url":"https:\/\/www.werbewoche.ch\/de\/marketing\/marken\/2022-03-30\/allink-und-gavetti-bringen-italienisches-flair-in-den-bueroalltag\/","name":"Allink e Gavetti portano il fascino italiano nella vita quotidiana in ufficio - Organiser","isPartOf":{"@id":"https:\/\/www.organisator.ch\/#website"},"primaryImageOfPage":{"@id":"https:\/\/www.werbewoche.ch\/de\/marketing\/marken\/2022-03-30\/allink-und-gavetti-bringen-italienisches-flair-in-den-bueroalltag\/#primaryimage"},"image":{"@id":"https:\/\/www.werbewoche.ch\/de\/marketing\/marken\/2022-03-30\/allink-und-gavetti-bringen-italienisches-flair-in-den-bueroalltag\/#primaryimage"},"thumbnailUrl":"https:\/\/www.werbewoche.ch\/wp-content\/uploads\/2022\/03\/gavetti-referenz-allink-5.jpg","datePublished":"2022-03-30T15:19:53+00:00","dateModified":"2022-07-30T12:55:26+00:00","description":"L'agenzia zurighese Allink ha tradotto la cultura italiana del caff\u00e8 in un marchio coerente e in un design del packaging per il servizio di caff\u00e8 per ufficio Gavetti di Felfel.","breadcrumb":{"@id":"https:\/\/www.werbewoche.ch\/de\/marketing\/marken\/2022-03-30\/allink-und-gavetti-bringen-italienisches-flair-in-den-bueroalltag\/#breadcrumb"},"inLanguage":"it-IT","potentialAction":[{"@type":"ReadAction","target":["https:\/\/www.werbewoche.ch\/de\/marketing\/marken\/2022-03-30\/allink-und-gavetti-bringen-italienisches-flair-in-den-bueroalltag\/"]}]},{"@type":"ImageObject","inLanguage":"it-IT","@id":"https:\/\/www.werbewoche.ch\/de\/marketing\/marken\/2022-03-30\/allink-und-gavetti-bringen-italienisches-flair-in-den-bueroalltag\/#primaryimage","url":"https:\/\/www.werbewoche.ch\/wp-content\/uploads\/2022\/03\/gavetti-referenz-allink-5.jpg","contentUrl":"https:\/\/www.werbewoche.ch\/wp-content\/uploads\/2022\/03\/gavetti-referenz-allink-5.jpg"},{"@type":"BreadcrumbList","@id":"https:\/\/www.werbewoche.ch\/de\/marketing\/marken\/2022-03-30\/allink-und-gavetti-bringen-italienisches-flair-in-den-bueroalltag\/#breadcrumb","itemListElement":[{"@type":"ListItem","position":1,"name":"Home","item":"https:\/\/www.organisator.ch\/"},{"@type":"ListItem","position":2,"name":"Allink und Gavetti bringen italienisches Flair in den B\u00fcroalltag"}]},{"@type":"WebSite","@id":"https:\/\/www.organisator.ch\/#website","url":"https:\/\/www.organisator.ch\/","name":"Organizzatore","description":"Competente. Pratico. In 10 numeri all'anno, ORGANISATOR presenta i temi essenziali per i manager delle PMI.","publisher":{"@id":"https:\/\/www.organisator.ch\/#organization"},"potentialAction":[{"@type":"SearchAction","target":{"@type":"EntryPoint","urlTemplate":"https:\/\/www.organisator.ch\/?s={search_term_string}"},"query-input":{"@type":"PropertyValueSpecification","valueRequired":true,"valueName":"search_term_string"}}],"inLanguage":"it-IT"},{"@type":"Organization","@id":"https:\/\/www.organisator.ch\/#organization","name":"Organizzatore","url":"https:\/\/www.organisator.ch\/","logo":{"@type":"ImageObject","inLanguage":"it-IT","@id":"https:\/\/www.organisator.ch\/#\/schema\/logo\/image\/","url":"https:\/\/www.organisator.ch\/wp-content\/uploads\/2022\/01\/Logo_Organisator_Website.png","contentUrl":"https:\/\/www.organisator.ch\/wp-content\/uploads\/2022\/01\/Logo_Organisator_Website.png","width":800,"height":77,"caption":"Organisator"},"image":{"@id":"https:\/\/www.organisator.ch\/#\/schema\/logo\/image\/"},"sameAs":["https:\/\/www.facebook.com\/OrganisatorFachmagazin","https:\/\/www.linkedin.com\/showcase\/organisator-das-magazin-fr-kmu","https:\/\/www.xing.com\/news\/pages\/organisator-ch-695","https:\/\/www.youtube.com\/channel\/UCGP2Sq0iWaZwT3BdIAQFYpw"]},{"@type":"Person","@id":"https:\/\/www.organisator.ch\/#\/schema\/person\/4e51799071cd2dd1232ac003643ef5f0","name":"galledia","image":{"@type":"ImageObject","inLanguage":"it-IT","@id":"https:\/\/secure.gravatar.com\/avatar\/78a7f90c01fc2bfc875782a0d4922b37cde2cf184ce347b91316d23cd7f69a36?s=96&d=mm&r=g","url":"https:\/\/secure.gravatar.com\/avatar\/78a7f90c01fc2bfc875782a0d4922b37cde2cf184ce347b91316d23cd7f69a36?s=96&d=mm&r=g","contentUrl":"https:\/\/secure.gravatar.com\/avatar\/78a7f90c01fc2bfc875782a0d4922b37cde2cf184ce347b91316d23cd7f69a36?s=96&d=mm&r=g","caption":"galledia"},"sameAs":["https:\/\/x.com\/admin"],"url":"https:\/\/www.organisator.ch\/it\/author\/galledia\/"}]}},"_links":{"self":[{"href":"https:\/\/www.organisator.ch\/it\/wp-json\/wp\/v2\/posts\/12291","targetHints":{"allow":["GET"]}}],"collection":[{"href":"https:\/\/www.organisator.ch\/it\/wp-json\/wp\/v2\/posts"}],"about":[{"href":"https:\/\/www.organisator.ch\/it\/wp-json\/wp\/v2\/types\/post"}],"author":[{"embeddable":true,"href":"https:\/\/www.organisator.ch\/it\/wp-json\/wp\/v2\/users\/8"}],"replies":[{"embeddable":true,"href":"https:\/\/www.organisator.ch\/it\/wp-json\/wp\/v2\/comments?post=12291"}],"version-history":[{"count":4,"href":"https:\/\/www.organisator.ch\/it\/wp-json\/wp\/v2\/posts\/12291\/revisions"}],"predecessor-version":[{"id":16009,"href":"https:\/\/www.organisator.ch\/it\/wp-json\/wp\/v2\/posts\/12291\/revisions\/16009"}],"wp:attachment":[{"href":"https:\/\/www.organisator.ch\/it\/wp-json\/wp\/v2\/media?parent=12291"}],"wp:term":[{"taxonomy":"category","embeddable":true,"href":"https:\/\/www.organisator.ch\/it\/wp-json\/wp\/v2\/categories?post=12291"},{"taxonomy":"post_tag","embeddable":true,"href":"https:\/\/www.organisator.ch\/it\/wp-json\/wp\/v2\/tags?post=12291"}],"curies":[{"name":"wp","href":"https:\/\/api.w.org\/{rel}","templated":true}]}}