{"id":12339,"date":"2022-04-01T10:09:42","date_gmt":"2022-04-01T08:09:42","guid":{"rendered":"https:\/\/www.organisator.ch\/?p=12339"},"modified":"2022-04-01T10:09:42","modified_gmt":"2022-04-01T08:09:42","slug":"barbara-aeschlimann-ist-neue-praesidentin-bei-perikom","status":"publish","type":"post","link":"https:\/\/www.organisator.ch\/it\/human-resources\/2022-04-01\/barbara-aeschlimann-ist-neue-praesidentin-bei-perikom\/","title":{"rendered":"Barbara Aeschlimann \u00e8 il nuovo presidente di Perikom"},"content":{"rendered":"<figure id=\"attachment_12340\" aria-describedby=\"caption-attachment-12340\" style=\"width: 680px\" class=\"wp-caption alignnone\"><img loading=\"lazy\" decoding=\"async\" class=\"size-full wp-image-12340\" src=\"https:\/\/www.organisator.ch\/wp-content\/uploads\/2022\/04\/Barbara-Aeschlimann-ist-neue-Praesidentin-bei-Perikom_Organisator.jpg\" alt=\"\" width=\"680\" height=\"519\" srcset=\"https:\/\/www.organisator.ch\/wp-content\/uploads\/2022\/04\/Barbara-Aeschlimann-ist-neue-Praesidentin-bei-Perikom_Organisator.jpg 680w, https:\/\/www.organisator.ch\/wp-content\/uploads\/2022\/04\/Barbara-Aeschlimann-ist-neue-Praesidentin-bei-Perikom_Organisator-16x12.jpg 16w, https:\/\/www.organisator.ch\/wp-content\/uploads\/2022\/04\/Barbara-Aeschlimann-ist-neue-Praesidentin-bei-Perikom_Organisator-229x175.jpg 229w, https:\/\/www.organisator.ch\/wp-content\/uploads\/2022\/04\/Barbara-Aeschlimann-ist-neue-Praesidentin-bei-Perikom_Organisator-459x350.jpg 459w, https:\/\/www.organisator.ch\/wp-content\/uploads\/2022\/04\/Barbara-Aeschlimann-ist-neue-Praesidentin-bei-Perikom_Organisator-300x229.jpg 300w\" sizes=\"auto, (max-width: 680px) 100vw, 680px\" \/><figcaption id=\"caption-attachment-12340\" class=\"wp-caption-text\">Barbara Aeschlimann \u00e8 stata eletta nuovo presidente di Perikom il 30 marzo. (Immagine: zVg \/ Perikom)<\/figcaption><\/figure>\n<p>L'assemblea generale di Perikom. Fachverein f\u00fcr Personalmanagement und Interne Kommunikation ha eletto all'unanimit\u00e0 Barbara Aeschlimann come nuovo presidente. Sostituisce Cyril Meier, che lascia il consiglio. Anche Thore Lingel, Farner Consulting AG, \u00e8 stato appena eletto nel Consiglio. In ringraziamento per i grandi servizi resi da Cyril Meier a Perikom - dalla sua fondazione nel 2011 - il Consiglio ha nominato Cyril Meier membro onorario per acclamazione.<\/p>\n<p>Il nuovo presidente \u00e8 membro del consiglio dal 2014 e direttore esecutivo della Societ\u00e0 zurighese per la gestione delle risorse umane dal 2018. Barbara Aeschlimann fa parte del consiglio di amministrazione di Perikom da tre anni. Per pi\u00f9 di 25 anni, ha ricoperto posizioni di gestione delle risorse umane in vari settori, tra cui la direzione delle risorse umane di EY Svizzera per pi\u00f9 di 10 anni. Barbara Aeschlimann ha un dottorato in linguistica.<\/p>\n<p>Barbara Aeschlimann dice del suo nuovo compito: \"Un buon lavoro delle risorse umane, orientato agli obiettivi, si nutre di una comunicazione altrettanto buona che si rivolge specificamente al pubblico di riferimento. In questo contesto, apprezzo il fatto che Perikom esamini questa interfaccia centrale dell'azienda e quindi affini la comprensione reciproca tra HR e comunicazione interna\".<\/p>\n<p>Le attivit\u00e0 di Perikom comprendono essenzialmente eventi regolari per esperti di comunicazione e di risorse umane, lo sviluppo di ulteriori corsi di formazione, l'avvio e il monitoraggio di ricerche e studi sul tema della comunicazione interna e una conferenza annuale svizzera sulle risorse umane e la comunicazione interna. Il prossimo si terr\u00e0 il 19 maggio 2022 sul tema \"Osare un mondo del lavoro pi\u00f9 umano\".<\/p>\n<p><em>Fonte e ulteriori informazioni: <a href=\"http:\/\/www.perikom.ch\">Pericom<\/a><\/em><\/p>","protected":false},"excerpt":{"rendered":"<p>Die Generalversammlung von Perikom. Fachverein f\u00fcr Personalmanagement und Interne Kommunikation w\u00e4hlte Barbara Aeschlimann einstimmig zur neuen Pr\u00e4sidentin. Sie l\u00f6st Cyril Meier ab, der den Vorstand verl\u00e4sst. Neu in den Vorstand gew\u00e4hlt wurde auch Thore Lingel, Farner Consulting AG. Zum Dank f\u00fcr Cyril Meiers grosse Verdienste um Perikom \u00a0&#8211; seit seiner Gr\u00fcndung im Jahr 2011 &#8211; [&hellip;]<\/p>\n","protected":false},"author":4,"featured_media":12340,"comment_status":"closed","ping_status":"closed","sticky":false,"template":"","format":"standard","meta":{"_acf_changed":false,"_yoast_wpseo_focuskw":"Barbara Aeschlimann","_yoast_wpseo_metadesc":"Die Generalversammlung des Vereins Perikom w\u00e4hlte am 30. M\u00e4rz 2022 Barbara Aeschlimann zur neuen Pr\u00e4sidentin.","articlekey":"","footnotes":""},"categories":[579],"tags":[334,2777,503],"class_list":["post-12339","post","type-post","status-publish","format-standard","has-post-thumbnail","hentry","category-human-resources","tag-management","tag-personalmanagement","tag-verbaende"],"acf":[],"yoast_head":"<!-- This site is optimized with the Yoast SEO plugin v27.4 - https:\/\/yoast.com\/product\/yoast-seo-wordpress\/ -->\n<title>Barbara Aeschlimann ist neue Pr\u00e4sidentin bei Perikom - Organisator<\/title>\n<meta name=\"description\" content=\"Die Generalversammlung des Vereins Perikom w\u00e4hlte am 30. M\u00e4rz 2022 Barbara Aeschlimann zur neuen Pr\u00e4sidentin.\" \/>\n<meta name=\"robots\" content=\"index, follow, max-snippet:-1, max-image-preview:large, max-video-preview:-1\" \/>\n<link rel=\"canonical\" href=\"https:\/\/www.organisator.ch\/it\/risorse-umane\/2022-04-01\/barbara-aeschlimann-ist-neue-praesidentin-bei-perikom\/\" \/>\n<meta property=\"og:locale\" content=\"it_IT\" \/>\n<meta property=\"og:type\" content=\"article\" \/>\n<meta property=\"og:title\" content=\"Barbara Aeschlimann ist neue Pr\u00e4sidentin bei Perikom\" \/>\n<meta property=\"og:description\" content=\"Die Generalversammlung des Vereins Perikom w\u00e4hlte am 30. M\u00e4rz 2022 Barbara Aeschlimann zur neuen Pr\u00e4sidentin.\" \/>\n<meta property=\"og:url\" content=\"https:\/\/www.organisator.ch\/it\/risorse-umane\/2022-04-01\/barbara-aeschlimann-ist-neue-praesidentin-bei-perikom\/\" \/>\n<meta property=\"og:site_name\" content=\"Organisator\" \/>\n<meta property=\"article:publisher\" content=\"https:\/\/www.facebook.com\/OrganisatorFachmagazin\" \/>\n<meta property=\"article:published_time\" content=\"2022-04-01T08:09:42+00:00\" \/>\n<meta property=\"og:image\" content=\"https:\/\/www.organisator.ch\/wp-content\/uploads\/2022\/04\/Barbara-Aeschlimann-ist-neue-Praesidentin-bei-Perikom_Organisator.jpg\" \/>\n\t<meta property=\"og:image:width\" content=\"680\" \/>\n\t<meta property=\"og:image:height\" content=\"519\" \/>\n\t<meta property=\"og:image:type\" content=\"image\/jpeg\" \/>\n<meta name=\"author\" content=\"thomas.berner\" \/>\n<meta name=\"twitter:card\" content=\"summary_large_image\" \/>\n<meta name=\"twitter:title\" content=\"Barbara #Aeschlimann ist neue Pr\u00e4sidentin bei #Perikom\" \/>\n<meta name=\"twitter:description\" content=\"Die #Generalversammlung des Vereins #Perikom w\u00e4hlte am 30. M\u00e4rz 2022 Barbara #Aeschlimann zur neuen Pr\u00e4sidentin.\" \/>\n<meta name=\"twitter:image\" content=\"https:\/\/www.organisator.ch\/wp-content\/uploads\/2022\/04\/Barbara-Aeschlimann-ist-neue-Praesidentin-bei-Perikom_Organisator.jpg\" \/>\n<script type=\"application\/ld+json\" class=\"yoast-schema-graph\">{\"@context\":\"https:\\\/\\\/schema.org\",\"@graph\":[{\"@type\":\"Article\",\"@id\":\"https:\\\/\\\/www.organisator.ch\\\/human-resources\\\/2022-04-01\\\/barbara-aeschlimann-ist-neue-praesidentin-bei-perikom\\\/#article\",\"isPartOf\":{\"@id\":\"https:\\\/\\\/www.organisator.ch\\\/human-resources\\\/2022-04-01\\\/barbara-aeschlimann-ist-neue-praesidentin-bei-perikom\\\/\"},\"author\":{\"name\":\"thomas.berner\",\"@id\":\"https:\\\/\\\/www.organisator.ch\\\/#\\\/schema\\\/person\\\/6f650f90b2842cd4c0cc334b4e36f67e\"},\"headline\":\"Barbara Aeschlimann ist neue Pr\u00e4sidentin bei Perikom\",\"datePublished\":\"2022-04-01T08:09:42+00:00\",\"mainEntityOfPage\":{\"@id\":\"https:\\\/\\\/www.organisator.ch\\\/human-resources\\\/2022-04-01\\\/barbara-aeschlimann-ist-neue-praesidentin-bei-perikom\\\/\"},\"wordCount\":272,\"publisher\":{\"@id\":\"https:\\\/\\\/www.organisator.ch\\\/#organization\"},\"image\":{\"@id\":\"https:\\\/\\\/www.organisator.ch\\\/human-resources\\\/2022-04-01\\\/barbara-aeschlimann-ist-neue-praesidentin-bei-perikom\\\/#primaryimage\"},\"thumbnailUrl\":\"https:\\\/\\\/www.organisator.ch\\\/wp-content\\\/uploads\\\/2022\\\/04\\\/Barbara-Aeschlimann-ist-neue-Praesidentin-bei-Perikom_Organisator.jpg\",\"keywords\":[\"Management\",\"Personalmanagement\",\"Verb\u00e4nde\"],\"articleSection\":[\"HUMAN RESOURCES\"],\"inLanguage\":\"it-IT\"},{\"@type\":\"WebPage\",\"@id\":\"https:\\\/\\\/www.organisator.ch\\\/human-resources\\\/2022-04-01\\\/barbara-aeschlimann-ist-neue-praesidentin-bei-perikom\\\/\",\"url\":\"https:\\\/\\\/www.organisator.ch\\\/human-resources\\\/2022-04-01\\\/barbara-aeschlimann-ist-neue-praesidentin-bei-perikom\\\/\",\"name\":\"Barbara Aeschlimann ist neue Pr\u00e4sidentin bei Perikom - Organisator\",\"isPartOf\":{\"@id\":\"https:\\\/\\\/www.organisator.ch\\\/#website\"},\"primaryImageOfPage\":{\"@id\":\"https:\\\/\\\/www.organisator.ch\\\/human-resources\\\/2022-04-01\\\/barbara-aeschlimann-ist-neue-praesidentin-bei-perikom\\\/#primaryimage\"},\"image\":{\"@id\":\"https:\\\/\\\/www.organisator.ch\\\/human-resources\\\/2022-04-01\\\/barbara-aeschlimann-ist-neue-praesidentin-bei-perikom\\\/#primaryimage\"},\"thumbnailUrl\":\"https:\\\/\\\/www.organisator.ch\\\/wp-content\\\/uploads\\\/2022\\\/04\\\/Barbara-Aeschlimann-ist-neue-Praesidentin-bei-Perikom_Organisator.jpg\",\"datePublished\":\"2022-04-01T08:09:42+00:00\",\"description\":\"Die Generalversammlung des Vereins Perikom w\u00e4hlte am 30. M\u00e4rz 2022 Barbara Aeschlimann zur neuen Pr\u00e4sidentin.\",\"breadcrumb\":{\"@id\":\"https:\\\/\\\/www.organisator.ch\\\/human-resources\\\/2022-04-01\\\/barbara-aeschlimann-ist-neue-praesidentin-bei-perikom\\\/#breadcrumb\"},\"inLanguage\":\"it-IT\",\"potentialAction\":[{\"@type\":\"ReadAction\",\"target\":[\"https:\\\/\\\/www.organisator.ch\\\/human-resources\\\/2022-04-01\\\/barbara-aeschlimann-ist-neue-praesidentin-bei-perikom\\\/\"]}]},{\"@type\":\"ImageObject\",\"inLanguage\":\"it-IT\",\"@id\":\"https:\\\/\\\/www.organisator.ch\\\/human-resources\\\/2022-04-01\\\/barbara-aeschlimann-ist-neue-praesidentin-bei-perikom\\\/#primaryimage\",\"url\":\"https:\\\/\\\/www.organisator.ch\\\/wp-content\\\/uploads\\\/2022\\\/04\\\/Barbara-Aeschlimann-ist-neue-Praesidentin-bei-Perikom_Organisator.jpg\",\"contentUrl\":\"https:\\\/\\\/www.organisator.ch\\\/wp-content\\\/uploads\\\/2022\\\/04\\\/Barbara-Aeschlimann-ist-neue-Praesidentin-bei-Perikom_Organisator.jpg\",\"width\":680,\"height\":519,\"caption\":\"Barbara Aeschlimann wurde am 30. M\u00e4rz zur neuen Pr\u00e4sidentin von Perikom gew\u00e4hlt. (Bild: zVg \\\/ Perikom)\"},{\"@type\":\"BreadcrumbList\",\"@id\":\"https:\\\/\\\/www.organisator.ch\\\/human-resources\\\/2022-04-01\\\/barbara-aeschlimann-ist-neue-praesidentin-bei-perikom\\\/#breadcrumb\",\"itemListElement\":[{\"@type\":\"ListItem\",\"position\":1,\"name\":\"Home\",\"item\":\"https:\\\/\\\/www.organisator.ch\\\/\"},{\"@type\":\"ListItem\",\"position\":2,\"name\":\"Barbara Aeschlimann ist neue Pr\u00e4sidentin bei Perikom\"}]},{\"@type\":\"WebSite\",\"@id\":\"https:\\\/\\\/www.organisator.ch\\\/#website\",\"url\":\"https:\\\/\\\/www.organisator.ch\\\/\",\"name\":\"Organisator\",\"description\":\"Kompetent. Praxisnah. Der ORGANISATOR bereitet in 10 Ausgaben pro Jahr die wesentlichen Themen f\u00fcr F\u00fchrungskr\u00e4fte von KMU auf.\",\"publisher\":{\"@id\":\"https:\\\/\\\/www.organisator.ch\\\/#organization\"},\"potentialAction\":[{\"@type\":\"SearchAction\",\"target\":{\"@type\":\"EntryPoint\",\"urlTemplate\":\"https:\\\/\\\/www.organisator.ch\\\/?s={search_term_string}\"},\"query-input\":{\"@type\":\"PropertyValueSpecification\",\"valueRequired\":true,\"valueName\":\"search_term_string\"}}],\"inLanguage\":\"it-IT\"},{\"@type\":\"Organization\",\"@id\":\"https:\\\/\\\/www.organisator.ch\\\/#organization\",\"name\":\"Organisator\",\"url\":\"https:\\\/\\\/www.organisator.ch\\\/\",\"logo\":{\"@type\":\"ImageObject\",\"inLanguage\":\"it-IT\",\"@id\":\"https:\\\/\\\/www.organisator.ch\\\/#\\\/schema\\\/logo\\\/image\\\/\",\"url\":\"https:\\\/\\\/www.organisator.ch\\\/wp-content\\\/uploads\\\/2022\\\/01\\\/Logo_Organisator_Website.png\",\"contentUrl\":\"https:\\\/\\\/www.organisator.ch\\\/wp-content\\\/uploads\\\/2022\\\/01\\\/Logo_Organisator_Website.png\",\"width\":800,\"height\":77,\"caption\":\"Organisator\"},\"image\":{\"@id\":\"https:\\\/\\\/www.organisator.ch\\\/#\\\/schema\\\/logo\\\/image\\\/\"},\"sameAs\":[\"https:\\\/\\\/www.facebook.com\\\/OrganisatorFachmagazin\",\"https:\\\/\\\/www.linkedin.com\\\/showcase\\\/organisator-das-magazin-fr-kmu\",\"https:\\\/\\\/www.xing.com\\\/news\\\/pages\\\/organisator-ch-695\",\"https:\\\/\\\/www.youtube.com\\\/channel\\\/UCGP2Sq0iWaZwT3BdIAQFYpw\"]},{\"@type\":\"Person\",\"@id\":\"https:\\\/\\\/www.organisator.ch\\\/#\\\/schema\\\/person\\\/6f650f90b2842cd4c0cc334b4e36f67e\",\"name\":\"thomas.berner\",\"image\":{\"@type\":\"ImageObject\",\"inLanguage\":\"it-IT\",\"@id\":\"https:\\\/\\\/secure.gravatar.com\\\/avatar\\\/ac5001d2a36cb6c6cd3e50789007ffca834b477b74a2144564522e944eabff61?s=96&d=mm&r=g\",\"url\":\"https:\\\/\\\/secure.gravatar.com\\\/avatar\\\/ac5001d2a36cb6c6cd3e50789007ffca834b477b74a2144564522e944eabff61?s=96&d=mm&r=g\",\"contentUrl\":\"https:\\\/\\\/secure.gravatar.com\\\/avatar\\\/ac5001d2a36cb6c6cd3e50789007ffca834b477b74a2144564522e944eabff61?s=96&d=mm&r=g\",\"caption\":\"thomas.berner\"},\"url\":\"https:\\\/\\\/www.organisator.ch\\\/it\\\/author\\\/thomas-berner\\\/\"}]}<\/script>\n<!-- \/ Yoast SEO plugin. -->","yoast_head_json":{"title":"Barbara Aeschlimann \u00e8 il nuovo presidente di Perikom - Organizzatore","description":"Il 30 marzo 2022, l'Assemblea generale dell'Associazione Perikom ha eletto Barbara Aeschlimann come nuovo Presidente.","robots":{"index":"index","follow":"follow","max-snippet":"max-snippet:-1","max-image-preview":"max-image-preview:large","max-video-preview":"max-video-preview:-1"},"canonical":"https:\/\/www.organisator.ch\/it\/risorse-umane\/2022-04-01\/barbara-aeschlimann-ist-neue-praesidentin-bei-perikom\/","og_locale":"it_IT","og_type":"article","og_title":"Barbara Aeschlimann ist neue Pr\u00e4sidentin bei Perikom","og_description":"Die Generalversammlung des Vereins Perikom w\u00e4hlte am 30. M\u00e4rz 2022 Barbara Aeschlimann zur neuen Pr\u00e4sidentin.","og_url":"https:\/\/www.organisator.ch\/it\/risorse-umane\/2022-04-01\/barbara-aeschlimann-ist-neue-praesidentin-bei-perikom\/","og_site_name":"Organisator","article_publisher":"https:\/\/www.facebook.com\/OrganisatorFachmagazin","article_published_time":"2022-04-01T08:09:42+00:00","og_image":[{"width":680,"height":519,"url":"https:\/\/www.organisator.ch\/wp-content\/uploads\/2022\/04\/Barbara-Aeschlimann-ist-neue-Praesidentin-bei-Perikom_Organisator.jpg","type":"image\/jpeg"}],"author":"thomas.berner","twitter_card":"summary_large_image","twitter_title":"Barbara #Aeschlimann ist neue Pr\u00e4sidentin bei #Perikom","twitter_description":"Die #Generalversammlung des Vereins #Perikom w\u00e4hlte am 30. M\u00e4rz 2022 Barbara #Aeschlimann zur neuen Pr\u00e4sidentin.","twitter_image":"https:\/\/www.organisator.ch\/wp-content\/uploads\/2022\/04\/Barbara-Aeschlimann-ist-neue-Praesidentin-bei-Perikom_Organisator.jpg","schema":{"@context":"https:\/\/schema.org","@graph":[{"@type":"Article","@id":"https:\/\/www.organisator.ch\/human-resources\/2022-04-01\/barbara-aeschlimann-ist-neue-praesidentin-bei-perikom\/#article","isPartOf":{"@id":"https:\/\/www.organisator.ch\/human-resources\/2022-04-01\/barbara-aeschlimann-ist-neue-praesidentin-bei-perikom\/"},"author":{"name":"thomas.berner","@id":"https:\/\/www.organisator.ch\/#\/schema\/person\/6f650f90b2842cd4c0cc334b4e36f67e"},"headline":"Barbara Aeschlimann ist neue Pr\u00e4sidentin bei Perikom","datePublished":"2022-04-01T08:09:42+00:00","mainEntityOfPage":{"@id":"https:\/\/www.organisator.ch\/human-resources\/2022-04-01\/barbara-aeschlimann-ist-neue-praesidentin-bei-perikom\/"},"wordCount":272,"publisher":{"@id":"https:\/\/www.organisator.ch\/#organization"},"image":{"@id":"https:\/\/www.organisator.ch\/human-resources\/2022-04-01\/barbara-aeschlimann-ist-neue-praesidentin-bei-perikom\/#primaryimage"},"thumbnailUrl":"https:\/\/www.organisator.ch\/wp-content\/uploads\/2022\/04\/Barbara-Aeschlimann-ist-neue-Praesidentin-bei-Perikom_Organisator.jpg","keywords":["Management","Personalmanagement","Verb\u00e4nde"],"articleSection":["HUMAN RESOURCES"],"inLanguage":"it-IT"},{"@type":"WebPage","@id":"https:\/\/www.organisator.ch\/human-resources\/2022-04-01\/barbara-aeschlimann-ist-neue-praesidentin-bei-perikom\/","url":"https:\/\/www.organisator.ch\/human-resources\/2022-04-01\/barbara-aeschlimann-ist-neue-praesidentin-bei-perikom\/","name":"Barbara Aeschlimann \u00e8 il nuovo presidente di Perikom - Organizzatore","isPartOf":{"@id":"https:\/\/www.organisator.ch\/#website"},"primaryImageOfPage":{"@id":"https:\/\/www.organisator.ch\/human-resources\/2022-04-01\/barbara-aeschlimann-ist-neue-praesidentin-bei-perikom\/#primaryimage"},"image":{"@id":"https:\/\/www.organisator.ch\/human-resources\/2022-04-01\/barbara-aeschlimann-ist-neue-praesidentin-bei-perikom\/#primaryimage"},"thumbnailUrl":"https:\/\/www.organisator.ch\/wp-content\/uploads\/2022\/04\/Barbara-Aeschlimann-ist-neue-Praesidentin-bei-Perikom_Organisator.jpg","datePublished":"2022-04-01T08:09:42+00:00","description":"Il 30 marzo 2022, l'Assemblea generale dell'Associazione Perikom ha eletto Barbara Aeschlimann come nuovo Presidente.","breadcrumb":{"@id":"https:\/\/www.organisator.ch\/human-resources\/2022-04-01\/barbara-aeschlimann-ist-neue-praesidentin-bei-perikom\/#breadcrumb"},"inLanguage":"it-IT","potentialAction":[{"@type":"ReadAction","target":["https:\/\/www.organisator.ch\/human-resources\/2022-04-01\/barbara-aeschlimann-ist-neue-praesidentin-bei-perikom\/"]}]},{"@type":"ImageObject","inLanguage":"it-IT","@id":"https:\/\/www.organisator.ch\/human-resources\/2022-04-01\/barbara-aeschlimann-ist-neue-praesidentin-bei-perikom\/#primaryimage","url":"https:\/\/www.organisator.ch\/wp-content\/uploads\/2022\/04\/Barbara-Aeschlimann-ist-neue-Praesidentin-bei-Perikom_Organisator.jpg","contentUrl":"https:\/\/www.organisator.ch\/wp-content\/uploads\/2022\/04\/Barbara-Aeschlimann-ist-neue-Praesidentin-bei-Perikom_Organisator.jpg","width":680,"height":519,"caption":"Barbara Aeschlimann wurde am 30. M\u00e4rz zur neuen Pr\u00e4sidentin von Perikom gew\u00e4hlt. (Bild: zVg \/ Perikom)"},{"@type":"BreadcrumbList","@id":"https:\/\/www.organisator.ch\/human-resources\/2022-04-01\/barbara-aeschlimann-ist-neue-praesidentin-bei-perikom\/#breadcrumb","itemListElement":[{"@type":"ListItem","position":1,"name":"Home","item":"https:\/\/www.organisator.ch\/"},{"@type":"ListItem","position":2,"name":"Barbara Aeschlimann ist neue Pr\u00e4sidentin bei Perikom"}]},{"@type":"WebSite","@id":"https:\/\/www.organisator.ch\/#website","url":"https:\/\/www.organisator.ch\/","name":"Organizzatore","description":"Competente. Pratico. In 10 numeri all'anno, ORGANISATOR presenta i temi essenziali per i manager delle PMI.","publisher":{"@id":"https:\/\/www.organisator.ch\/#organization"},"potentialAction":[{"@type":"SearchAction","target":{"@type":"EntryPoint","urlTemplate":"https:\/\/www.organisator.ch\/?s={search_term_string}"},"query-input":{"@type":"PropertyValueSpecification","valueRequired":true,"valueName":"search_term_string"}}],"inLanguage":"it-IT"},{"@type":"Organization","@id":"https:\/\/www.organisator.ch\/#organization","name":"Organizzatore","url":"https:\/\/www.organisator.ch\/","logo":{"@type":"ImageObject","inLanguage":"it-IT","@id":"https:\/\/www.organisator.ch\/#\/schema\/logo\/image\/","url":"https:\/\/www.organisator.ch\/wp-content\/uploads\/2022\/01\/Logo_Organisator_Website.png","contentUrl":"https:\/\/www.organisator.ch\/wp-content\/uploads\/2022\/01\/Logo_Organisator_Website.png","width":800,"height":77,"caption":"Organisator"},"image":{"@id":"https:\/\/www.organisator.ch\/#\/schema\/logo\/image\/"},"sameAs":["https:\/\/www.facebook.com\/OrganisatorFachmagazin","https:\/\/www.linkedin.com\/showcase\/organisator-das-magazin-fr-kmu","https:\/\/www.xing.com\/news\/pages\/organisator-ch-695","https:\/\/www.youtube.com\/channel\/UCGP2Sq0iWaZwT3BdIAQFYpw"]},{"@type":"Person","@id":"https:\/\/www.organisator.ch\/#\/schema\/person\/6f650f90b2842cd4c0cc334b4e36f67e","name":"Tommaso.berner","image":{"@type":"ImageObject","inLanguage":"it-IT","@id":"https:\/\/secure.gravatar.com\/avatar\/ac5001d2a36cb6c6cd3e50789007ffca834b477b74a2144564522e944eabff61?s=96&d=mm&r=g","url":"https:\/\/secure.gravatar.com\/avatar\/ac5001d2a36cb6c6cd3e50789007ffca834b477b74a2144564522e944eabff61?s=96&d=mm&r=g","contentUrl":"https:\/\/secure.gravatar.com\/avatar\/ac5001d2a36cb6c6cd3e50789007ffca834b477b74a2144564522e944eabff61?s=96&d=mm&r=g","caption":"thomas.berner"},"url":"https:\/\/www.organisator.ch\/it\/author\/thomas-berner\/"}]}},"_links":{"self":[{"href":"https:\/\/www.organisator.ch\/it\/wp-json\/wp\/v2\/posts\/12339","targetHints":{"allow":["GET"]}}],"collection":[{"href":"https:\/\/www.organisator.ch\/it\/wp-json\/wp\/v2\/posts"}],"about":[{"href":"https:\/\/www.organisator.ch\/it\/wp-json\/wp\/v2\/types\/post"}],"author":[{"embeddable":true,"href":"https:\/\/www.organisator.ch\/it\/wp-json\/wp\/v2\/users\/4"}],"replies":[{"embeddable":true,"href":"https:\/\/www.organisator.ch\/it\/wp-json\/wp\/v2\/comments?post=12339"}],"version-history":[{"count":1,"href":"https:\/\/www.organisator.ch\/it\/wp-json\/wp\/v2\/posts\/12339\/revisions"}],"predecessor-version":[{"id":12341,"href":"https:\/\/www.organisator.ch\/it\/wp-json\/wp\/v2\/posts\/12339\/revisions\/12341"}],"wp:featuredmedia":[{"embeddable":true,"href":"https:\/\/www.organisator.ch\/it\/wp-json\/wp\/v2\/media\/12340"}],"wp:attachment":[{"href":"https:\/\/www.organisator.ch\/it\/wp-json\/wp\/v2\/media?parent=12339"}],"wp:term":[{"taxonomy":"category","embeddable":true,"href":"https:\/\/www.organisator.ch\/it\/wp-json\/wp\/v2\/categories?post=12339"},{"taxonomy":"post_tag","embeddable":true,"href":"https:\/\/www.organisator.ch\/it\/wp-json\/wp\/v2\/tags?post=12339"}],"curies":[{"name":"wp","href":"https:\/\/api.w.org\/{rel}","templated":true}]}}