{"id":12404,"date":"2022-04-11T16:56:53","date_gmt":"2022-04-11T14:56:53","guid":{"rendered":"https:\/\/www.organisator.ch\/?p=12404"},"modified":"2022-04-11T16:56:53","modified_gmt":"2022-04-11T14:56:53","slug":"markus-naegeli-mit-vielen-kleinen-schritten-ist-immer-noch-viel-erreichbar","status":"publish","type":"post","link":"https:\/\/www.organisator.ch\/it\/allgemein\/2022-04-11\/markus-naegeli-mit-vielen-kleinen-schritten-ist-immer-noch-viel-erreichbar\/","title":{"rendered":"Markus Naegeli: Si pu\u00f2 ancora ottenere molto con molti piccoli passi"},"content":{"rendered":"<figure id=\"attachment_12405\" aria-describedby=\"caption-attachment-12405\" style=\"width: 925px\" class=\"wp-caption alignnone\"><img class=\"size-full wp-image-12405\" src=\"https:\/\/www.organisator.ch\/wp-content\/uploads\/2022\/04\/Organisator-Mit-vielen-kleinen-Schritten-ist-immer-noch-viel-erreichbar.jpg\" alt=\"\" width=\"925\" height=\"500\" srcset=\"https:\/\/www.organisator.ch\/wp-content\/uploads\/2022\/04\/Organisator-Mit-vielen-kleinen-Schritten-ist-immer-noch-viel-erreichbar.jpg 925w, https:\/\/www.organisator.ch\/wp-content\/uploads\/2022\/04\/Organisator-Mit-vielen-kleinen-Schritten-ist-immer-noch-viel-erreichbar-680x368.jpg 680w, https:\/\/www.organisator.ch\/wp-content\/uploads\/2022\/04\/Organisator-Mit-vielen-kleinen-Schritten-ist-immer-noch-viel-erreichbar-768x415.jpg 768w, https:\/\/www.organisator.ch\/wp-content\/uploads\/2022\/04\/Organisator-Mit-vielen-kleinen-Schritten-ist-immer-noch-viel-erreichbar-18x10.jpg 18w, https:\/\/www.organisator.ch\/wp-content\/uploads\/2022\/04\/Organisator-Mit-vielen-kleinen-Schritten-ist-immer-noch-viel-erreichbar-324x175.jpg 324w, https:\/\/www.organisator.ch\/wp-content\/uploads\/2022\/04\/Organisator-Mit-vielen-kleinen-Schritten-ist-immer-noch-viel-erreichbar-648x350.jpg 648w, https:\/\/www.organisator.ch\/wp-content\/uploads\/2022\/04\/Organisator-Mit-vielen-kleinen-Schritten-ist-immer-noch-viel-erreichbar-920x497.jpg 920w, https:\/\/www.organisator.ch\/wp-content\/uploads\/2022\/04\/Organisator-Mit-vielen-kleinen-Schritten-ist-immer-noch-viel-erreichbar-300x162.jpg 300w\" sizes=\"(max-width: 925px) 100vw, 925px\" \/><figcaption id=\"caption-attachment-12405\" class=\"wp-caption-text\">Markus Naegeli, CEO di Canon Svizzera.<br \/>Immagine: \u00a9 ZVG \/ CANON<\/figcaption><\/figure>\n<p>Quando si parla di sostenibilit\u00e0 negli uffici, i produttori di apparecchiature non sono sempre stati dei modelli: Un sacco di rifiuti di imballaggio con materiali di consumo come le cartucce d'inchiostro, la breve durata di vita delle stampanti o la mancanza di concetti di riutilizzo hanno fatto ripetutamente cattiva stampa. Molti fornitori di servizi di tecnologia per ufficio hanno ora fatto i loro compiti. Canon \u00e8 anche un pioniere della sostenibilit\u00e0 nelle soluzioni per ufficio e software per la gestione dei documenti, come spiega Markus Naegeli, CEO di Canon Svizzera.<\/p>\n<h3>Canon come pioniere della sostenibilit\u00e0: cosa spicca in particolare?<\/h3>\n<p>MARKUS NAEGELI: Per noi, l'argomento \u00e8 stato fondamentale fin dagli anni '80, perch\u00e9 la filosofia aziendale giapponese del \"Kyosei\", cio\u00e8 vivere e lavorare insieme per il bene comune, ne \u00e8 parte integrante dal 1988. Abbiamo pubblicato il nostro primo rapporto di sostenibilit\u00e0 in Svizzera gi\u00e0 nel 1999. Come membro della Responsible Business Alliance (RBA), la pi\u00f9 grande coalizione mondiale di aziende per la responsabilit\u00e0 nelle catene di fornitura globali, seguiamo i suoi codici di condotta.<\/p>\n<h3>E in concreto: come si comporta Canon in modo ecologico o il pi\u00f9 possibile rispettoso del clima?<\/h3>\n<p>Nello sviluppo dei prodotti, abbiamo ridotto le emissioni di CO2 per prodotto venduto di 41,3 % tra il 2008 e il 2020 attraverso un uso coerente dell'analisi del ciclo di vita. Per noi \u00e8 ovvio produrre prodotti stabili e durevoli che possono anche essere riparati. Abbiamo la nostra organizzazione di servizi per questo scopo. I dispositivi IoT richiedono anche meno tecnici, dato che possono essere revisionati a distanza. In questo modo, riduciamo i viaggi. Inoltre, ci affidiamo alla \"seconda vita\" per i prodotti B2B: questo significa che i dispositivi utilizzabili vengono riutilizzati dopo una revisione. Il \"Remanufacturing\" va anche oltre: i dispositivi sono completamente smontati e riassemblati. L'80% dei componenti pu\u00f2 essere riutilizzato attraverso questo processo. In seguito, vengono utilizzati per fare nuovi elettrodomestici. C'\u00e8 un mercato per questo, ma vorremmo vedere una domanda pi\u00f9 alta. Nel caso dei prodotti di consumo, abbiamo ora un <a href=\"https:\/\/www.organisator.ch\/de\/sustainability\/2018-07-23\/plastik-recycling-schweizer-schaffen-nur-25-prozent\/\">Contenuto riciclato della plastica<\/a>.<\/p>\n<h3>Come influisce questo sui prezzi, o dove i clienti sono disposti a pagare di pi\u00f9: per l'attrezzatura o per il servizio?<\/h3>\n<p>Bisogna fare una distinzione tra B2C e B2B. Molti consumatori difficilmente sono disposti a pagare di pi\u00f9 per un servizio nella loro vita privata. Spesso i costi di trasporto e soprattutto di riparazione sono sproporzionati rispetto al prezzo di un prodotto nuovo. L'acquisto di un nuovo prodotto \u00e8 spesso preferito. Per i prodotti di pi\u00f9 alto valore e anche nel B2B, d'altra parte, la disponibilit\u00e0 \u00e8 alta. Per certi clienti B2B, \u00e8 addirittura un mezzo di produzione e parte della loro catena del valore.<\/p>\n<h3>Il comportamento dei consumatori \u00e8 cambiato, anche nel settore privato c'\u00e8 meno stampa. Io, per esempio, stampo raramente, ma scannerizzo di pi\u00f9 con un dispositivo multifunzione. Sto seguendo una tendenza?<\/h3>\n<p>S\u00ec. Nel settore dei consumatori, le stampanti a getto d'inchiostro sono pi\u00f9 comuni delle stampanti laser. La multifunzionalit\u00e0 \u00e8 aumentata, cos\u00ec come la connettivit\u00e0 via smartphone. In generale, si stampano sempre meno documenti. Ma in altre aree, come la stampa digitale di libri o il marketing di dialogo, stiamo vivendo una forte crescita. Inoltre, ora siamo uno dei maggiori fornitori di software di gestione dei documenti. Vediamo i dispositivi sempre pi\u00f9 come un hub in un intero processo, integrato in soluzioni software esistenti. La scansione in un flusso di lavoro sta diventando sempre pi\u00f9 lo standard.<\/p>\n<h3>La vostra azienda sembra essere esemplare in termini di obiettivi di sostenibilit\u00e0. Come supportate i vostri clienti nel raggiungimento degli obiettivi di sostenibilit\u00e0?<\/h3>\n<p>Siamo stati la prima azienda al mondo con un programma di ritiro dei toner nel 1990. Dal 2021, offriamo ai nostri clienti commerciali un semplice ritiro gratuito tramite etichette postali GAS o raccolte di pallet. Elementare a questo \u00e8 che lavoriamo con un partner locale per il riciclaggio. Spedire semplicemente i toner vuoti nell'Europa dell'Est non sarebbe compatibile con la nostra pretesa di neutralit\u00e0 di CO2. Promuoviamo anche una stampa neutrale per il clima compensando le emissioni inevitabili di CO2. Questo include anche il consumo di elettricit\u00e0. Su richiesta, forniamo ai nostri clienti una certificazione e una prova. Naturalmente, offriamo anche carta certificata FSC a impatto climatico zero. E infine, ma non meno importante, promuoviamo la digitalizzazione dei processi attraverso la collaborazione dello spazio di lavoro e le soluzioni per il lavoro ibrido.<\/p>\n<h3>Come va a finire con i clienti, soprattutto perch\u00e9 si tratta di intervenire nei loro processi interni?<\/h3>\n<p>Noi diamo il buon esempio e non solo stampiamo a clima neutro noi stessi, ma lo offriamo anche ai nostri clienti dal 2014. Compensiamo le emissioni inevitabili attraverso progetti di protezione del clima certificati in oro. Nelle nostre filiali, usiamo elettricit\u00e0 verde. Ma alla tua domanda: alcuni clienti sono felici di fornire supporto, altri lo trovano un po' pi\u00f9 difficile. Raccomandiamo un approccio graduale con un piano chiaro, poich\u00e9 non tutti sono in grado di fare una svolta di 180 gradi in una sola volta. Per me, ogni passo nella giusta direzione conta. Attualmente, osserviamo una vasta gamma tra le aziende che sono ancora analogiche e quelle che sono gi\u00e0 completamente digitalizzate. Come fornitore di servizi, dobbiamo essere pronti per entrambe le parti. Inoltre, anche noi come azienda siamo nel mezzo del cambiamento e non siamo ancora un'azienda completamente digitalizzata.<\/p>\n<h3>Cosa intende lei personalmente, come CEO di Canon Svizzera, per sostenibilit\u00e0?<\/h3>\n<p>In passato, si parlava davvero molto di protezione dell'ambiente e di conservazione della natura. Oggi si aggiunge anche la responsabilit\u00e0 sociale. Vedo quindi la sostenibilit\u00e0 come qualcosa di olistico. Non \u00e8 una moda per me. Me ne sono reso conto 20 anni fa, quando ho iniziato alla Canon. Da allora, come ho detto, siamo stati in grado di ridurre massicciamente le emissioni di CO2. Oggi, tuttavia, salti cos\u00ec grandi sono difficilmente possibili, ma continuiamo coerentemente sul nostro cammino. Perch\u00e9 anche con molti piccoli passi, si pu\u00f2 ancora ottenere molto. Personalmente, non sono un \"fan\" degli obblighi con sanzioni; un comportamento pi\u00f9 sostenibile deve venire dall'interno e, se necessario, essere ulteriormente incrementato attraverso incentivi.<\/p>\n<h3>Le grandi aziende in particolare sono spesso accusate di \"greenwashing\". Come si fa a contrastare questo alla Canon - a parte le misure concrete menzionate?<\/h3>\n<p>Si pu\u00f2 sempre criticare se qualcosa non potrebbe essere implementato ancora pi\u00f9 velocemente o in modo pi\u00f9 coerente. In ogni caso, \u00e8 positivo fare qualcosa. Anche se gli effetti diventano evidenti solo pi\u00f9 tardi, sarebbe certamente sbagliato rimanere fermi. Diventare pi\u00f9 sostenibili richiede una capacit\u00e0 di resistenza. Perch\u00e9 una volta che i successi rapidi sono stati raggiunti, diventa pi\u00f9 impegnativo. La sostenibilit\u00e0 dovrebbe essere saldamente ancorata in un'azienda.<\/p>\n<blockquote>\n<h2>Canon<\/h2>\n<p>Fondata nel 1937 in Giappone, Canon \u00e8 una delle principali aziende tecnologiche. Con prodotti come stampanti, fotocamere, scanner, proiettori, ma anche materiali di consumo, Canon \u00e8 attiva sia nel B2C che nel B2B. L'azienda impiega pi\u00f9 di 182.000 persone in tutto il mondo in strutture di marketing e produzione in Giappone, Europa, America, Asia e Oceania. Caratterizzata dalla filosofia aziendale \"Kyosei\", la sostenibilit\u00e0 gioca un ruolo decisivo. Canon Svizzera \u00e8 gestita da Markus Naegeli, che lavora per l'azienda da oltre 20 anni.<br \/>\n&gt; <a href=\"https:\/\/www.canon.ch\/\">www.canon.ch<\/a><\/p><\/blockquote>\n<p>Il post <a rel=\"nofollow\" href=\"https:\/\/www.organisator.ch\/de\/sustainability\/2022-04-11\/markus-naegeli-mit-vielen-kleinen-schritten-ist-immer-noch-viel-erreichbar\/\">Markus Naegeli: Si pu\u00f2 ancora ottenere molto con molti piccoli passi<\/a> \u00e8 apparso per la prima volta su <a rel=\"nofollow\" href=\"https:\/\/www.organisator.ch\/de\">Organizzatore<\/a>.<\/p>","protected":false},"excerpt":{"rendered":"<p>Wenn es um Nachhaltigkeit in B\u00fcros geht, waren Ger\u00e4tehersteller nicht immer Vorbilder: Viel Verpackungsm\u00fcll bei Verbrauchsmaterialien wie z.B. Tintenpatronen, kurze Lebensdauer von Druckern oder fehlende Re-Use-Konzepte sorgten immer wieder f\u00fcr schlechte Presse. Viele B\u00fcrotechnik-Dienstleister haben inzwischen ihre Hausaufgaben gemacht. Gar ein Pionier in Sachen Nachhaltigkeit bei Office- und Software-L\u00f6sungen f\u00fcr das Dokumentenmanagement ist Canon, wie [\u2026]<\/p>\n<p>The post <a rel=\"nofollow\" href=\"https:\/\/www.organisator.ch\/de\/sustainability\/2022-04-11\/markus-naegeli-mit-vielen-kleinen-schritten-ist-immer-noch-viel-erreichbar\/\">Markus Naegeli: Mit vielen kleinen Schritten ist immer noch viel erreichbar<\/a> appeared first on <a rel=\"nofollow\" href=\"https:\/\/www.organisator.ch\/de\">Organisator<\/a>.<\/p>\n","protected":false},"author":1,"featured_media":12405,"comment_status":"closed","ping_status":"closed","sticky":false,"template":"","format":"standard","meta":{"_acf_changed":false,"_yoast_wpseo_focuskw":"Markus Naegeli","_yoast_wpseo_metadesc":"Viele Dienstleister f\u00fcr das Dokumentenmanagement und B\u00fcrodrucker warten inzwischen mit nachhaltigen L\u00f6sungen auf, wie Markus Naegeli erkl\u00e4rt.","articlekey":"","footnotes":""},"categories":[],"tags":[],"class_list":["post-12404","post","type-post","status-publish","format-standard","has-post-thumbnail","hentry"],"acf":[],"yoast_head":"<!-- This site is optimized with the Yoast SEO plugin v27.5 - https:\/\/yoast.com\/product\/yoast-seo-wordpress\/ -->\n<title>Markus Naegeli: Mit vielen kleinen Schritten ist immer noch viel erreichbar - Organisator<\/title>\n<meta name=\"description\" content=\"Viele Dienstleister f\u00fcr das Dokumentenmanagement und B\u00fcrodrucker warten inzwischen mit nachhaltigen L\u00f6sungen auf, wie Markus Naegeli erkl\u00e4rt.\" \/>\n<meta name=\"robots\" content=\"index, follow, max-snippet:-1, max-image-preview:large, max-video-preview:-1\" \/>\n<link rel=\"canonical\" href=\"https:\/\/www.organisator.ch\/it\/generale\/2022-04-11\/markus-naegeli-mit-vielen-kleinen-schritten-ist-immer-noch-viel-erreichbar\/\" \/>\n<meta property=\"og:locale\" content=\"it_IT\" \/>\n<meta property=\"og:type\" content=\"article\" \/>\n<meta property=\"og:title\" content=\"Markus Naegeli: Mit vielen kleinen Schritten ist immer noch viel erreichbar\" \/>\n<meta property=\"og:description\" content=\"Viele Dienstleister f\u00fcr das Dokumentenmanagement und B\u00fcrodrucker warten inzwischen mit nachhaltigen L\u00f6sungen auf, wie Markus Naegeli erkl\u00e4rt.\" \/>\n<meta property=\"og:url\" content=\"https:\/\/www.organisator.ch\/it\/generale\/2022-04-11\/markus-naegeli-mit-vielen-kleinen-schritten-ist-immer-noch-viel-erreichbar\/\" \/>\n<meta property=\"og:site_name\" content=\"Organisator\" \/>\n<meta property=\"article:publisher\" content=\"https:\/\/www.facebook.com\/OrganisatorFachmagazin\" \/>\n<meta property=\"article:published_time\" content=\"2022-04-11T14:56:53+00:00\" \/>\n<meta property=\"og:image\" content=\"https:\/\/www.organisator.ch\/wp-content\/uploads\/2022\/04\/Organisator-Mit-vielen-kleinen-Schritten-ist-immer-noch-viel-erreichbar.jpg\" \/>\n\t<meta property=\"og:image:width\" content=\"925\" \/>\n\t<meta property=\"og:image:height\" content=\"500\" \/>\n\t<meta property=\"og:image:type\" content=\"image\/jpeg\" \/>\n<meta name=\"author\" content=\"admin\" \/>\n<meta name=\"twitter:card\" content=\"summary_large_image\" \/>\n<meta name=\"twitter:title\" content=\"Markus #Naegeli: Mit vielen kleinen Schritten ist immer noch viel erreichbar\" \/>\n<meta name=\"twitter:description\" content=\"Viele Dienstleister f\u00fcr das #Dokumentenmanagement und #B\u00fcrodrucker warten inzwischen mit nachhaltigen L\u00f6sungen auf, wie Markus #Naegeli erkl\u00e4rt.\" \/>\n<meta name=\"twitter:image\" content=\"https:\/\/www.organisator.ch\/wp-content\/uploads\/2022\/04\/Organisator-Mit-vielen-kleinen-Schritten-ist-immer-noch-viel-erreichbar.jpg\" \/>\n<script type=\"application\/ld+json\" class=\"yoast-schema-graph\">{\"@context\":\"https:\\\/\\\/schema.org\",\"@graph\":[{\"@type\":\"Article\",\"@id\":\"https:\\\/\\\/www.organisator.ch\\\/de\\\/allgemein\\\/2022-04-11\\\/markus-naegeli-mit-vielen-kleinen-schritten-ist-immer-noch-viel-erreichbar\\\/#article\",\"isPartOf\":{\"@id\":\"https:\\\/\\\/www.organisator.ch\\\/de\\\/allgemein\\\/2022-04-11\\\/markus-naegeli-mit-vielen-kleinen-schritten-ist-immer-noch-viel-erreichbar\\\/\"},\"author\":{\"name\":\"admin\",\"@id\":\"https:\\\/\\\/www.organisator.ch\\\/#\\\/schema\\\/person\\\/aa2bace6c5c5aad60102004a50c4eb1c\"},\"headline\":\"Markus Naegeli: Mit vielen kleinen Schritten ist immer noch viel erreichbar\",\"datePublished\":\"2022-04-11T14:56:53+00:00\",\"mainEntityOfPage\":{\"@id\":\"https:\\\/\\\/www.organisator.ch\\\/de\\\/allgemein\\\/2022-04-11\\\/markus-naegeli-mit-vielen-kleinen-schritten-ist-immer-noch-viel-erreichbar\\\/\"},\"wordCount\":1160,\"publisher\":{\"@id\":\"https:\\\/\\\/www.organisator.ch\\\/#organization\"},\"image\":{\"@id\":\"https:\\\/\\\/www.organisator.ch\\\/de\\\/allgemein\\\/2022-04-11\\\/markus-naegeli-mit-vielen-kleinen-schritten-ist-immer-noch-viel-erreichbar\\\/#primaryimage\"},\"thumbnailUrl\":\"https:\\\/\\\/www.organisator.ch\\\/wp-content\\\/uploads\\\/2022\\\/04\\\/Organisator-Mit-vielen-kleinen-Schritten-ist-immer-noch-viel-erreichbar.jpg\",\"inLanguage\":\"it-IT\"},{\"@type\":\"WebPage\",\"@id\":\"https:\\\/\\\/www.organisator.ch\\\/de\\\/allgemein\\\/2022-04-11\\\/markus-naegeli-mit-vielen-kleinen-schritten-ist-immer-noch-viel-erreichbar\\\/\",\"url\":\"https:\\\/\\\/www.organisator.ch\\\/de\\\/allgemein\\\/2022-04-11\\\/markus-naegeli-mit-vielen-kleinen-schritten-ist-immer-noch-viel-erreichbar\\\/\",\"name\":\"Markus Naegeli: Mit vielen kleinen Schritten ist immer noch viel erreichbar - Organisator\",\"isPartOf\":{\"@id\":\"https:\\\/\\\/www.organisator.ch\\\/#website\"},\"primaryImageOfPage\":{\"@id\":\"https:\\\/\\\/www.organisator.ch\\\/de\\\/allgemein\\\/2022-04-11\\\/markus-naegeli-mit-vielen-kleinen-schritten-ist-immer-noch-viel-erreichbar\\\/#primaryimage\"},\"image\":{\"@id\":\"https:\\\/\\\/www.organisator.ch\\\/de\\\/allgemein\\\/2022-04-11\\\/markus-naegeli-mit-vielen-kleinen-schritten-ist-immer-noch-viel-erreichbar\\\/#primaryimage\"},\"thumbnailUrl\":\"https:\\\/\\\/www.organisator.ch\\\/wp-content\\\/uploads\\\/2022\\\/04\\\/Organisator-Mit-vielen-kleinen-Schritten-ist-immer-noch-viel-erreichbar.jpg\",\"datePublished\":\"2022-04-11T14:56:53+00:00\",\"description\":\"Viele Dienstleister f\u00fcr das Dokumentenmanagement und B\u00fcrodrucker warten inzwischen mit nachhaltigen L\u00f6sungen auf, wie Markus Naegeli erkl\u00e4rt.\",\"breadcrumb\":{\"@id\":\"https:\\\/\\\/www.organisator.ch\\\/de\\\/allgemein\\\/2022-04-11\\\/markus-naegeli-mit-vielen-kleinen-schritten-ist-immer-noch-viel-erreichbar\\\/#breadcrumb\"},\"inLanguage\":\"it-IT\",\"potentialAction\":[{\"@type\":\"ReadAction\",\"target\":[\"https:\\\/\\\/www.organisator.ch\\\/de\\\/allgemein\\\/2022-04-11\\\/markus-naegeli-mit-vielen-kleinen-schritten-ist-immer-noch-viel-erreichbar\\\/\"]}]},{\"@type\":\"ImageObject\",\"inLanguage\":\"it-IT\",\"@id\":\"https:\\\/\\\/www.organisator.ch\\\/de\\\/allgemein\\\/2022-04-11\\\/markus-naegeli-mit-vielen-kleinen-schritten-ist-immer-noch-viel-erreichbar\\\/#primaryimage\",\"url\":\"https:\\\/\\\/www.organisator.ch\\\/wp-content\\\/uploads\\\/2022\\\/04\\\/Organisator-Mit-vielen-kleinen-Schritten-ist-immer-noch-viel-erreichbar.jpg\",\"contentUrl\":\"https:\\\/\\\/www.organisator.ch\\\/wp-content\\\/uploads\\\/2022\\\/04\\\/Organisator-Mit-vielen-kleinen-Schritten-ist-immer-noch-viel-erreichbar.jpg\",\"width\":925,\"height\":500,\"caption\":\"Markus Naegeli, CEO von Canon Schweiz. Bild: \u00a9 ZVG \\\/ CANON\"},{\"@type\":\"BreadcrumbList\",\"@id\":\"https:\\\/\\\/www.organisator.ch\\\/de\\\/allgemein\\\/2022-04-11\\\/markus-naegeli-mit-vielen-kleinen-schritten-ist-immer-noch-viel-erreichbar\\\/#breadcrumb\",\"itemListElement\":[{\"@type\":\"ListItem\",\"position\":1,\"name\":\"Home\",\"item\":\"https:\\\/\\\/www.organisator.ch\\\/\"},{\"@type\":\"ListItem\",\"position\":2,\"name\":\"Markus Naegeli: Mit vielen kleinen Schritten ist immer noch viel erreichbar\"}]},{\"@type\":\"WebSite\",\"@id\":\"https:\\\/\\\/www.organisator.ch\\\/#website\",\"url\":\"https:\\\/\\\/www.organisator.ch\\\/\",\"name\":\"Organisator\",\"description\":\"Kompetent. Praxisnah. Der ORGANISATOR bereitet in 10 Ausgaben pro Jahr die wesentlichen Themen f\u00fcr F\u00fchrungskr\u00e4fte von KMU auf.\",\"publisher\":{\"@id\":\"https:\\\/\\\/www.organisator.ch\\\/#organization\"},\"potentialAction\":[{\"@type\":\"SearchAction\",\"target\":{\"@type\":\"EntryPoint\",\"urlTemplate\":\"https:\\\/\\\/www.organisator.ch\\\/?s={search_term_string}\"},\"query-input\":{\"@type\":\"PropertyValueSpecification\",\"valueRequired\":true,\"valueName\":\"search_term_string\"}}],\"inLanguage\":\"it-IT\"},{\"@type\":\"Organization\",\"@id\":\"https:\\\/\\\/www.organisator.ch\\\/#organization\",\"name\":\"Organisator\",\"url\":\"https:\\\/\\\/www.organisator.ch\\\/\",\"logo\":{\"@type\":\"ImageObject\",\"inLanguage\":\"it-IT\",\"@id\":\"https:\\\/\\\/www.organisator.ch\\\/#\\\/schema\\\/logo\\\/image\\\/\",\"url\":\"https:\\\/\\\/www.organisator.ch\\\/wp-content\\\/uploads\\\/2022\\\/01\\\/Logo_Organisator_Website.png\",\"contentUrl\":\"https:\\\/\\\/www.organisator.ch\\\/wp-content\\\/uploads\\\/2022\\\/01\\\/Logo_Organisator_Website.png\",\"width\":800,\"height\":77,\"caption\":\"Organisator\"},\"image\":{\"@id\":\"https:\\\/\\\/www.organisator.ch\\\/#\\\/schema\\\/logo\\\/image\\\/\"},\"sameAs\":[\"https:\\\/\\\/www.facebook.com\\\/OrganisatorFachmagazin\",\"https:\\\/\\\/www.linkedin.com\\\/showcase\\\/organisator-das-magazin-fr-kmu\",\"https:\\\/\\\/www.xing.com\\\/news\\\/pages\\\/organisator-ch-695\",\"https:\\\/\\\/www.youtube.com\\\/channel\\\/UCGP2Sq0iWaZwT3BdIAQFYpw\"]},{\"@type\":\"Person\",\"@id\":\"https:\\\/\\\/www.organisator.ch\\\/#\\\/schema\\\/person\\\/aa2bace6c5c5aad60102004a50c4eb1c\",\"name\":\"admin\",\"image\":{\"@type\":\"ImageObject\",\"inLanguage\":\"it-IT\",\"@id\":\"https:\\\/\\\/secure.gravatar.com\\\/avatar\\\/ae2f4d718e6c49043e314ce431e7e645d646302a24a5ef5a8bc8e3f5a032e319?s=96&d=mm&r=g\",\"url\":\"https:\\\/\\\/secure.gravatar.com\\\/avatar\\\/ae2f4d718e6c49043e314ce431e7e645d646302a24a5ef5a8bc8e3f5a032e319?s=96&d=mm&r=g\",\"contentUrl\":\"https:\\\/\\\/secure.gravatar.com\\\/avatar\\\/ae2f4d718e6c49043e314ce431e7e645d646302a24a5ef5a8bc8e3f5a032e319?s=96&d=mm&r=g\",\"caption\":\"admin\"},\"sameAs\":[\"https:\\\/\\\/www.organisator.ch\"],\"url\":\"https:\\\/\\\/www.organisator.ch\\\/it\\\/author\\\/admin\\\/\"}]}<\/script>\n<!-- \/ Yoast SEO plugin. -->","yoast_head_json":{"title":"Markus Naegeli: Con tanti piccoli passi si pu\u00f2 ancora ottenere molto - Organizzatore","description":"Molti fornitori di servizi di gestione documentale e di stampanti per ufficio stanno ora proponendo soluzioni sostenibili, come spiega Markus Naegeli.","robots":{"index":"index","follow":"follow","max-snippet":"max-snippet:-1","max-image-preview":"max-image-preview:large","max-video-preview":"max-video-preview:-1"},"canonical":"https:\/\/www.organisator.ch\/it\/generale\/2022-04-11\/markus-naegeli-mit-vielen-kleinen-schritten-ist-immer-noch-viel-erreichbar\/","og_locale":"it_IT","og_type":"article","og_title":"Markus Naegeli: Mit vielen kleinen Schritten ist immer noch viel erreichbar","og_description":"Viele Dienstleister f\u00fcr das Dokumentenmanagement und B\u00fcrodrucker warten inzwischen mit nachhaltigen L\u00f6sungen auf, wie Markus Naegeli erkl\u00e4rt.","og_url":"https:\/\/www.organisator.ch\/it\/generale\/2022-04-11\/markus-naegeli-mit-vielen-kleinen-schritten-ist-immer-noch-viel-erreichbar\/","og_site_name":"Organisator","article_publisher":"https:\/\/www.facebook.com\/OrganisatorFachmagazin","article_published_time":"2022-04-11T14:56:53+00:00","og_image":[{"width":925,"height":500,"url":"https:\/\/www.organisator.ch\/wp-content\/uploads\/2022\/04\/Organisator-Mit-vielen-kleinen-Schritten-ist-immer-noch-viel-erreichbar.jpg","type":"image\/jpeg"}],"author":"admin","twitter_card":"summary_large_image","twitter_title":"Markus #Naegeli: Mit vielen kleinen Schritten ist immer noch viel erreichbar","twitter_description":"Viele Dienstleister f\u00fcr das #Dokumentenmanagement und #B\u00fcrodrucker warten inzwischen mit nachhaltigen L\u00f6sungen auf, wie Markus #Naegeli erkl\u00e4rt.","twitter_image":"https:\/\/www.organisator.ch\/wp-content\/uploads\/2022\/04\/Organisator-Mit-vielen-kleinen-Schritten-ist-immer-noch-viel-erreichbar.jpg","schema":{"@context":"https:\/\/schema.org","@graph":[{"@type":"Article","@id":"https:\/\/www.organisator.ch\/de\/allgemein\/2022-04-11\/markus-naegeli-mit-vielen-kleinen-schritten-ist-immer-noch-viel-erreichbar\/#article","isPartOf":{"@id":"https:\/\/www.organisator.ch\/de\/allgemein\/2022-04-11\/markus-naegeli-mit-vielen-kleinen-schritten-ist-immer-noch-viel-erreichbar\/"},"author":{"name":"admin","@id":"https:\/\/www.organisator.ch\/#\/schema\/person\/aa2bace6c5c5aad60102004a50c4eb1c"},"headline":"Markus Naegeli: Mit vielen kleinen Schritten ist immer noch viel erreichbar","datePublished":"2022-04-11T14:56:53+00:00","mainEntityOfPage":{"@id":"https:\/\/www.organisator.ch\/de\/allgemein\/2022-04-11\/markus-naegeli-mit-vielen-kleinen-schritten-ist-immer-noch-viel-erreichbar\/"},"wordCount":1160,"publisher":{"@id":"https:\/\/www.organisator.ch\/#organization"},"image":{"@id":"https:\/\/www.organisator.ch\/de\/allgemein\/2022-04-11\/markus-naegeli-mit-vielen-kleinen-schritten-ist-immer-noch-viel-erreichbar\/#primaryimage"},"thumbnailUrl":"https:\/\/www.organisator.ch\/wp-content\/uploads\/2022\/04\/Organisator-Mit-vielen-kleinen-Schritten-ist-immer-noch-viel-erreichbar.jpg","inLanguage":"it-IT"},{"@type":"WebPage","@id":"https:\/\/www.organisator.ch\/de\/allgemein\/2022-04-11\/markus-naegeli-mit-vielen-kleinen-schritten-ist-immer-noch-viel-erreichbar\/","url":"https:\/\/www.organisator.ch\/de\/allgemein\/2022-04-11\/markus-naegeli-mit-vielen-kleinen-schritten-ist-immer-noch-viel-erreichbar\/","name":"Markus Naegeli: Con tanti piccoli passi si pu\u00f2 ancora ottenere molto - Organizzatore","isPartOf":{"@id":"https:\/\/www.organisator.ch\/#website"},"primaryImageOfPage":{"@id":"https:\/\/www.organisator.ch\/de\/allgemein\/2022-04-11\/markus-naegeli-mit-vielen-kleinen-schritten-ist-immer-noch-viel-erreichbar\/#primaryimage"},"image":{"@id":"https:\/\/www.organisator.ch\/de\/allgemein\/2022-04-11\/markus-naegeli-mit-vielen-kleinen-schritten-ist-immer-noch-viel-erreichbar\/#primaryimage"},"thumbnailUrl":"https:\/\/www.organisator.ch\/wp-content\/uploads\/2022\/04\/Organisator-Mit-vielen-kleinen-Schritten-ist-immer-noch-viel-erreichbar.jpg","datePublished":"2022-04-11T14:56:53+00:00","description":"Molti fornitori di servizi di gestione documentale e di stampanti per ufficio stanno ora proponendo soluzioni sostenibili, come spiega Markus Naegeli.","breadcrumb":{"@id":"https:\/\/www.organisator.ch\/de\/allgemein\/2022-04-11\/markus-naegeli-mit-vielen-kleinen-schritten-ist-immer-noch-viel-erreichbar\/#breadcrumb"},"inLanguage":"it-IT","potentialAction":[{"@type":"ReadAction","target":["https:\/\/www.organisator.ch\/de\/allgemein\/2022-04-11\/markus-naegeli-mit-vielen-kleinen-schritten-ist-immer-noch-viel-erreichbar\/"]}]},{"@type":"ImageObject","inLanguage":"it-IT","@id":"https:\/\/www.organisator.ch\/de\/allgemein\/2022-04-11\/markus-naegeli-mit-vielen-kleinen-schritten-ist-immer-noch-viel-erreichbar\/#primaryimage","url":"https:\/\/www.organisator.ch\/wp-content\/uploads\/2022\/04\/Organisator-Mit-vielen-kleinen-Schritten-ist-immer-noch-viel-erreichbar.jpg","contentUrl":"https:\/\/www.organisator.ch\/wp-content\/uploads\/2022\/04\/Organisator-Mit-vielen-kleinen-Schritten-ist-immer-noch-viel-erreichbar.jpg","width":925,"height":500,"caption":"Markus Naegeli, CEO von Canon Schweiz. Bild: \u00a9 ZVG \/ CANON"},{"@type":"BreadcrumbList","@id":"https:\/\/www.organisator.ch\/de\/allgemein\/2022-04-11\/markus-naegeli-mit-vielen-kleinen-schritten-ist-immer-noch-viel-erreichbar\/#breadcrumb","itemListElement":[{"@type":"ListItem","position":1,"name":"Home","item":"https:\/\/www.organisator.ch\/"},{"@type":"ListItem","position":2,"name":"Markus Naegeli: Mit vielen kleinen Schritten ist immer noch viel erreichbar"}]},{"@type":"WebSite","@id":"https:\/\/www.organisator.ch\/#website","url":"https:\/\/www.organisator.ch\/","name":"Organizzatore","description":"Competente. Pratico. In 10 numeri all'anno, ORGANISATOR presenta i temi essenziali per i manager delle PMI.","publisher":{"@id":"https:\/\/www.organisator.ch\/#organization"},"potentialAction":[{"@type":"SearchAction","target":{"@type":"EntryPoint","urlTemplate":"https:\/\/www.organisator.ch\/?s={search_term_string}"},"query-input":{"@type":"PropertyValueSpecification","valueRequired":true,"valueName":"search_term_string"}}],"inLanguage":"it-IT"},{"@type":"Organization","@id":"https:\/\/www.organisator.ch\/#organization","name":"Organizzatore","url":"https:\/\/www.organisator.ch\/","logo":{"@type":"ImageObject","inLanguage":"it-IT","@id":"https:\/\/www.organisator.ch\/#\/schema\/logo\/image\/","url":"https:\/\/www.organisator.ch\/wp-content\/uploads\/2022\/01\/Logo_Organisator_Website.png","contentUrl":"https:\/\/www.organisator.ch\/wp-content\/uploads\/2022\/01\/Logo_Organisator_Website.png","width":800,"height":77,"caption":"Organisator"},"image":{"@id":"https:\/\/www.organisator.ch\/#\/schema\/logo\/image\/"},"sameAs":["https:\/\/www.facebook.com\/OrganisatorFachmagazin","https:\/\/www.linkedin.com\/showcase\/organisator-das-magazin-fr-kmu","https:\/\/www.xing.com\/news\/pages\/organisator-ch-695","https:\/\/www.youtube.com\/channel\/UCGP2Sq0iWaZwT3BdIAQFYpw"]},{"@type":"Person","@id":"https:\/\/www.organisator.ch\/#\/schema\/person\/aa2bace6c5c5aad60102004a50c4eb1c","name":"amministratore","image":{"@type":"ImageObject","inLanguage":"it-IT","@id":"https:\/\/secure.gravatar.com\/avatar\/ae2f4d718e6c49043e314ce431e7e645d646302a24a5ef5a8bc8e3f5a032e319?s=96&d=mm&r=g","url":"https:\/\/secure.gravatar.com\/avatar\/ae2f4d718e6c49043e314ce431e7e645d646302a24a5ef5a8bc8e3f5a032e319?s=96&d=mm&r=g","contentUrl":"https:\/\/secure.gravatar.com\/avatar\/ae2f4d718e6c49043e314ce431e7e645d646302a24a5ef5a8bc8e3f5a032e319?s=96&d=mm&r=g","caption":"admin"},"sameAs":["https:\/\/www.organisator.ch"],"url":"https:\/\/www.organisator.ch\/it\/author\/admin\/"}]}},"_links":{"self":[{"href":"https:\/\/www.organisator.ch\/it\/wp-json\/wp\/v2\/posts\/12404","targetHints":{"allow":["GET"]}}],"collection":[{"href":"https:\/\/www.organisator.ch\/it\/wp-json\/wp\/v2\/posts"}],"about":[{"href":"https:\/\/www.organisator.ch\/it\/wp-json\/wp\/v2\/types\/post"}],"author":[{"embeddable":true,"href":"https:\/\/www.organisator.ch\/it\/wp-json\/wp\/v2\/users\/1"}],"replies":[{"embeddable":true,"href":"https:\/\/www.organisator.ch\/it\/wp-json\/wp\/v2\/comments?post=12404"}],"version-history":[{"count":4,"href":"https:\/\/www.organisator.ch\/it\/wp-json\/wp\/v2\/posts\/12404\/revisions"}],"predecessor-version":[{"id":12566,"href":"https:\/\/www.organisator.ch\/it\/wp-json\/wp\/v2\/posts\/12404\/revisions\/12566"}],"wp:featuredmedia":[{"embeddable":true,"href":"https:\/\/www.organisator.ch\/it\/wp-json\/wp\/v2\/media\/12405"}],"wp:attachment":[{"href":"https:\/\/www.organisator.ch\/it\/wp-json\/wp\/v2\/media?parent=12404"}],"wp:term":[{"taxonomy":"category","embeddable":true,"href":"https:\/\/www.organisator.ch\/it\/wp-json\/wp\/v2\/categories?post=12404"},{"taxonomy":"post_tag","embeddable":true,"href":"https:\/\/www.organisator.ch\/it\/wp-json\/wp\/v2\/tags?post=12404"}],"curies":[{"name":"wp","href":"https:\/\/api.w.org\/{rel}","templated":true}]}}