{"id":12447,"date":"2022-04-05T05:23:24","date_gmt":"2022-04-05T03:23:24","guid":{"rendered":"https:\/\/www.m-q.ch\/?p=16126"},"modified":"2022-07-30T15:07:44","modified_gmt":"2022-07-30T13:07:44","slug":"eidgenoessisches-rohrleitungsinspektorat-unter-neuer-leitung","status":"publish","type":"post","link":"https:\/\/www.organisator.ch\/it\/operational-excellence\/2022-04-05\/eidgenoessisches-rohrleitungsinspektorat-unter-neuer-leitung\/","title":{"rendered":"L'Ispettorato federale degli oleodotti sotto una nuova gestione"},"content":{"rendered":"<figure id=\"attachment_16127\" class=\"wp-caption alignnone\" style=\"width: 715px\" aria-describedby=\"caption-attachment-16127\"><img class=\"alignnone wp-image-16127 size-full\" src=\"https:\/\/www.m-q.ch\/wp-content\/uploads\/2022\/04\/Eidgenoessisches-Rohrleitungsinspektorat-unter-neuer-Leitung_MQ.jpg\" alt=\"Ispettorato dei gasdotti\" width=\"715\" height=\"575\" \/><figcaption id=\"caption-attachment-16127\" class=\"wp-caption-text\">Roger B\u00e4chtiger assume la direzione dell'Ispettorato federale delle tubature (ERI). (Immagine: SVTI)<\/figcaption><\/figure>\r\nDopo quasi trent'anni di attivit\u00e0 come capo dell'Ispettorato federale delle condutture (ERI), Ruedi Wendelspiess andr\u00e0 in pensione alla fine di marzo 2022. Il suo vasto know-how sar\u00e0 a disposizione dell'ERI fino a nuovo ordine, grazie al supporto del progetto. Il suo successore \u00e8 Roger B\u00e4chtiger, che lavora gi\u00e0 nell'Ispettorato federale delle condutture dal 2019. Nella sua nuova funzione, \u00e8 anche membro del Comitato esecutivo di SVTI.\r\n\r\nRoger B\u00e4chtiger si \u00e8 laureato in ingegneria meccanica, ha conseguito un master in tecnologie industriali e un MBA in gestione generale, oltre ad aver seguito una formazione in tecnologia dei materiali. Porta con s\u00e9 un'esperienza manageriale e industriale in vari settori, tra cui le sue precedenti posizioni presso un noto produttore svizzero di veicoli ferroviari e una societ\u00e0 di ingegneria meccanica quotata in borsa nella Svizzera nord-orientale. In quest'ultima, \u00e8 stato project manager e ingegnere di processo per impianti industriali e di processo su larga scala.\r\n\r\nL'Ispettorato federale degli oleodotti (ERI) controlla la progettazione, la costruzione e l'esercizio di sistemi di condotte per il trasporto di combustibili liquidi o gassosi e di carburanti in Svizzera e nel Principato del Liechtenstein, a condizione che tali sistemi siano soggetti alla Legge sugli oleodotti. In quanto ente indipendente - l'ERI non \u00e8 subordinato all'Ufficio federale dell'energia - \u00e8 integrato nella SVTI, l'Associazione svizzera per i controlli tecnici. Lo scopo della SVTI \u00e8 la prevenzione di incidenti, malfunzionamenti e danni e l'eliminazione dei pericoli nella produzione e nel funzionamento di impianti tecnici di ogni tipo.\r\n\r\n<a href=\"http:\/\/www.svti.ch\/eidg-rohrleitungsinspektorat\"><em>Fonte e ulteriori informazioni<\/em><\/a>\n<p class=\"syndicated-attribution\">Questo articolo \u00e8 apparso originariamente su m-q.ch - <a href=\"https:\/\/www.m-q.ch\/de\/eidgenoessisches-rohrleitungsinspektorat-unter-neuer-leitung\/\" target=\"_blank\">https:\/\/www.m-q.ch\/de\/eidgenoessisches-rohrleitungsinspektorat-unter-neuer-leitung\/<\/a><\/p>","protected":false},"excerpt":{"rendered":"<p>Nach fast dreissig Jahren in der Funktion als Leiter des Eidg. Rohrleitungsinspektorates (ERI) tritt Ruedi Wendelspiess Ende M\u00e4rz 2022 in den aktiven Ruhestand. Sein umfassendes Know-how wird dem ERI, dank projektbezogener Unterst\u00fctzung, bis auf weiteres zur Verf\u00fcgung stehen. Sein Nachfolger ist Roger B\u00e4chtiger, welcher bereits seit 2019 im Eidgen\u00f6ssischen Rohrleitungsinspektorat t\u00e4tig ist. In seiner neuen [\u2026]<\/p>\n","protected":false},"author":8,"featured_media":0,"comment_status":"closed","ping_status":"closed","sticky":false,"template":"","format":"standard","meta":{"_acf_changed":false,"_yoast_wpseo_focuskw":"Rohrleitungsinspektorat","_yoast_wpseo_metadesc":"Das Eidg. Rohrleitungsinspektorat steht unter neuer Leitung: Roger B\u00e4chtiger tritt die Nachfolge von Ruedi Wendelspiess an.","articlekey":"","footnotes":""},"categories":[582],"tags":[2785,3196,3183],"class_list":["post-12447","post","type-post","status-publish","format-standard","hentry","category-operational-excellence","tag-inspektionen","tag-leitung","tag-rohrleitungsinspektorat"],"acf":[],"yoast_head":"<!-- This site is optimized with the Yoast SEO plugin v27.5 - https:\/\/yoast.com\/product\/yoast-seo-wordpress\/ -->\n<title>Eidgen\u00f6ssisches Rohrleitungsinspektorat unter neuer Leitung - Organisator<\/title>\n<meta name=\"description\" content=\"Das Eidg. Rohrleitungsinspektorat steht unter neuer Leitung: Roger B\u00e4chtiger tritt die Nachfolge von Ruedi Wendelspiess an.\" \/>\n<meta name=\"robots\" content=\"index, follow, max-snippet:-1, max-image-preview:large, max-video-preview:-1\" \/>\n<link rel=\"canonical\" href=\"https:\/\/www.m-q.ch\/de\/eidgenoessisches-rohrleitungsinspektorat-unter-neuer-leitung\/\" \/>\n<meta property=\"og:locale\" content=\"it_IT\" \/>\n<meta property=\"og:type\" content=\"article\" \/>\n<meta property=\"og:title\" content=\"Eidgen\u00f6ssisches Rohrleitungsinspektorat unter neuer Leitung - Organisator\" \/>\n<meta property=\"og:description\" content=\"Das Eidg. Rohrleitungsinspektorat steht unter neuer Leitung: Roger B\u00e4chtiger tritt die Nachfolge von Ruedi Wendelspiess an.\" \/>\n<meta property=\"og:url\" content=\"https:\/\/www.m-q.ch\/de\/eidgenoessisches-rohrleitungsinspektorat-unter-neuer-leitung\/\" \/>\n<meta property=\"og:site_name\" content=\"Organisator\" \/>\n<meta property=\"article:publisher\" content=\"https:\/\/www.facebook.com\/OrganisatorFachmagazin\" \/>\n<meta property=\"article:published_time\" content=\"2022-04-05T03:23:24+00:00\" \/>\n<meta property=\"article:modified_time\" content=\"2022-07-30T13:07:44+00:00\" \/>\n<meta property=\"og:image\" content=\"https:\/\/www.m-q.ch\/wp-content\/uploads\/2022\/04\/Eidgenoessisches-Rohrleitungsinspektorat-unter-neuer-Leitung_MQ.jpg\" \/>\n<meta name=\"author\" content=\"galledia\" \/>\n<meta name=\"twitter:card\" content=\"summary_large_image\" \/>\n<meta name=\"twitter:creator\" content=\"@admin\" \/>\n<script type=\"application\/ld+json\" class=\"yoast-schema-graph\">{\"@context\":\"https:\\\/\\\/schema.org\",\"@graph\":[{\"@type\":\"Article\",\"@id\":\"https:\\\/\\\/www.m-q.ch\\\/de\\\/eidgenoessisches-rohrleitungsinspektorat-unter-neuer-leitung\\\/#article\",\"isPartOf\":{\"@id\":\"https:\\\/\\\/www.organisator.ch\\\/operational-excellence\\\/2022-04-05\\\/eidgenoessisches-rohrleitungsinspektorat-unter-neuer-leitung\\\/\"},\"author\":{\"name\":\"galledia\",\"@id\":\"https:\\\/\\\/www.organisator.ch\\\/#\\\/schema\\\/person\\\/4e51799071cd2dd1232ac003643ef5f0\"},\"headline\":\"Eidgen\u00f6ssisches Rohrleitungsinspektorat unter neuer Leitung\",\"datePublished\":\"2022-04-05T03:23:24+00:00\",\"dateModified\":\"2022-07-30T13:07:44+00:00\",\"mainEntityOfPage\":{\"@id\":\"https:\\\/\\\/www.organisator.ch\\\/operational-excellence\\\/2022-04-05\\\/eidgenoessisches-rohrleitungsinspektorat-unter-neuer-leitung\\\/\"},\"wordCount\":263,\"publisher\":{\"@id\":\"https:\\\/\\\/www.organisator.ch\\\/#organization\"},\"image\":{\"@id\":\"https:\\\/\\\/www.m-q.ch\\\/de\\\/eidgenoessisches-rohrleitungsinspektorat-unter-neuer-leitung\\\/#primaryimage\"},\"thumbnailUrl\":\"https:\\\/\\\/www.m-q.ch\\\/wp-content\\\/uploads\\\/2022\\\/04\\\/Eidgenoessisches-Rohrleitungsinspektorat-unter-neuer-Leitung_MQ.jpg\",\"keywords\":[\"Inspektionen\",\"Leitung\",\"Rohrleitungsinspektorat\"],\"articleSection\":[\"OPERATIONAL EXCELLENCE\"],\"inLanguage\":\"it-IT\"},{\"@type\":\"WebPage\",\"@id\":\"https:\\\/\\\/www.organisator.ch\\\/operational-excellence\\\/2022-04-05\\\/eidgenoessisches-rohrleitungsinspektorat-unter-neuer-leitung\\\/\",\"url\":\"https:\\\/\\\/www.m-q.ch\\\/de\\\/eidgenoessisches-rohrleitungsinspektorat-unter-neuer-leitung\\\/\",\"name\":\"Eidgen\u00f6ssisches Rohrleitungsinspektorat unter neuer Leitung - Organisator\",\"isPartOf\":{\"@id\":\"https:\\\/\\\/www.organisator.ch\\\/#website\"},\"primaryImageOfPage\":{\"@id\":\"https:\\\/\\\/www.m-q.ch\\\/de\\\/eidgenoessisches-rohrleitungsinspektorat-unter-neuer-leitung\\\/#primaryimage\"},\"image\":{\"@id\":\"https:\\\/\\\/www.m-q.ch\\\/de\\\/eidgenoessisches-rohrleitungsinspektorat-unter-neuer-leitung\\\/#primaryimage\"},\"thumbnailUrl\":\"https:\\\/\\\/www.m-q.ch\\\/wp-content\\\/uploads\\\/2022\\\/04\\\/Eidgenoessisches-Rohrleitungsinspektorat-unter-neuer-Leitung_MQ.jpg\",\"datePublished\":\"2022-04-05T03:23:24+00:00\",\"dateModified\":\"2022-07-30T13:07:44+00:00\",\"description\":\"Das Eidg. Rohrleitungsinspektorat steht unter neuer Leitung: Roger B\u00e4chtiger tritt die Nachfolge von Ruedi Wendelspiess an.\",\"breadcrumb\":{\"@id\":\"https:\\\/\\\/www.m-q.ch\\\/de\\\/eidgenoessisches-rohrleitungsinspektorat-unter-neuer-leitung\\\/#breadcrumb\"},\"inLanguage\":\"it-IT\",\"potentialAction\":[{\"@type\":\"ReadAction\",\"target\":[\"https:\\\/\\\/www.m-q.ch\\\/de\\\/eidgenoessisches-rohrleitungsinspektorat-unter-neuer-leitung\\\/\"]}]},{\"@type\":\"ImageObject\",\"inLanguage\":\"it-IT\",\"@id\":\"https:\\\/\\\/www.m-q.ch\\\/de\\\/eidgenoessisches-rohrleitungsinspektorat-unter-neuer-leitung\\\/#primaryimage\",\"url\":\"https:\\\/\\\/www.m-q.ch\\\/wp-content\\\/uploads\\\/2022\\\/04\\\/Eidgenoessisches-Rohrleitungsinspektorat-unter-neuer-Leitung_MQ.jpg\",\"contentUrl\":\"https:\\\/\\\/www.m-q.ch\\\/wp-content\\\/uploads\\\/2022\\\/04\\\/Eidgenoessisches-Rohrleitungsinspektorat-unter-neuer-Leitung_MQ.jpg\"},{\"@type\":\"BreadcrumbList\",\"@id\":\"https:\\\/\\\/www.m-q.ch\\\/de\\\/eidgenoessisches-rohrleitungsinspektorat-unter-neuer-leitung\\\/#breadcrumb\",\"itemListElement\":[{\"@type\":\"ListItem\",\"position\":1,\"name\":\"Home\",\"item\":\"https:\\\/\\\/www.organisator.ch\\\/\"},{\"@type\":\"ListItem\",\"position\":2,\"name\":\"Eidgen\u00f6ssisches Rohrleitungsinspektorat unter neuer Leitung\"}]},{\"@type\":\"WebSite\",\"@id\":\"https:\\\/\\\/www.organisator.ch\\\/#website\",\"url\":\"https:\\\/\\\/www.organisator.ch\\\/\",\"name\":\"Organisator\",\"description\":\"Kompetent. Praxisnah. Der ORGANISATOR bereitet in 10 Ausgaben pro Jahr die wesentlichen Themen f\u00fcr F\u00fchrungskr\u00e4fte von KMU auf.\",\"publisher\":{\"@id\":\"https:\\\/\\\/www.organisator.ch\\\/#organization\"},\"potentialAction\":[{\"@type\":\"SearchAction\",\"target\":{\"@type\":\"EntryPoint\",\"urlTemplate\":\"https:\\\/\\\/www.organisator.ch\\\/?s={search_term_string}\"},\"query-input\":{\"@type\":\"PropertyValueSpecification\",\"valueRequired\":true,\"valueName\":\"search_term_string\"}}],\"inLanguage\":\"it-IT\"},{\"@type\":\"Organization\",\"@id\":\"https:\\\/\\\/www.organisator.ch\\\/#organization\",\"name\":\"Organisator\",\"url\":\"https:\\\/\\\/www.organisator.ch\\\/\",\"logo\":{\"@type\":\"ImageObject\",\"inLanguage\":\"it-IT\",\"@id\":\"https:\\\/\\\/www.organisator.ch\\\/#\\\/schema\\\/logo\\\/image\\\/\",\"url\":\"https:\\\/\\\/www.organisator.ch\\\/wp-content\\\/uploads\\\/2022\\\/01\\\/Logo_Organisator_Website.png\",\"contentUrl\":\"https:\\\/\\\/www.organisator.ch\\\/wp-content\\\/uploads\\\/2022\\\/01\\\/Logo_Organisator_Website.png\",\"width\":800,\"height\":77,\"caption\":\"Organisator\"},\"image\":{\"@id\":\"https:\\\/\\\/www.organisator.ch\\\/#\\\/schema\\\/logo\\\/image\\\/\"},\"sameAs\":[\"https:\\\/\\\/www.facebook.com\\\/OrganisatorFachmagazin\",\"https:\\\/\\\/www.linkedin.com\\\/showcase\\\/organisator-das-magazin-fr-kmu\",\"https:\\\/\\\/www.xing.com\\\/news\\\/pages\\\/organisator-ch-695\",\"https:\\\/\\\/www.youtube.com\\\/channel\\\/UCGP2Sq0iWaZwT3BdIAQFYpw\"]},{\"@type\":\"Person\",\"@id\":\"https:\\\/\\\/www.organisator.ch\\\/#\\\/schema\\\/person\\\/4e51799071cd2dd1232ac003643ef5f0\",\"name\":\"galledia\",\"image\":{\"@type\":\"ImageObject\",\"inLanguage\":\"it-IT\",\"@id\":\"https:\\\/\\\/secure.gravatar.com\\\/avatar\\\/78a7f90c01fc2bfc875782a0d4922b37cde2cf184ce347b91316d23cd7f69a36?s=96&d=mm&r=g\",\"url\":\"https:\\\/\\\/secure.gravatar.com\\\/avatar\\\/78a7f90c01fc2bfc875782a0d4922b37cde2cf184ce347b91316d23cd7f69a36?s=96&d=mm&r=g\",\"contentUrl\":\"https:\\\/\\\/secure.gravatar.com\\\/avatar\\\/78a7f90c01fc2bfc875782a0d4922b37cde2cf184ce347b91316d23cd7f69a36?s=96&d=mm&r=g\",\"caption\":\"galledia\"},\"sameAs\":[\"https:\\\/\\\/x.com\\\/admin\"],\"url\":\"https:\\\/\\\/www.organisator.ch\\\/it\\\/author\\\/galledia\\\/\"}]}<\/script>\n<!-- \/ Yoast SEO plugin. -->","yoast_head_json":{"title":"L'Ispettorato federale degli oleodotti sotto la nuova direzione - Organizzatore","description":"L'Ispettorato federale delle condutture ha una nuova direzione: Roger B\u00e4chtiger succede a Ruedi Wendelspiess.","robots":{"index":"index","follow":"follow","max-snippet":"max-snippet:-1","max-image-preview":"max-image-preview:large","max-video-preview":"max-video-preview:-1"},"canonical":"https:\/\/www.m-q.ch\/de\/eidgenoessisches-rohrleitungsinspektorat-unter-neuer-leitung\/","og_locale":"it_IT","og_type":"article","og_title":"Eidgen\u00f6ssisches Rohrleitungsinspektorat unter neuer Leitung - Organisator","og_description":"Das Eidg. Rohrleitungsinspektorat steht unter neuer Leitung: Roger B\u00e4chtiger tritt die Nachfolge von Ruedi Wendelspiess an.","og_url":"https:\/\/www.m-q.ch\/de\/eidgenoessisches-rohrleitungsinspektorat-unter-neuer-leitung\/","og_site_name":"Organisator","article_publisher":"https:\/\/www.facebook.com\/OrganisatorFachmagazin","article_published_time":"2022-04-05T03:23:24+00:00","article_modified_time":"2022-07-30T13:07:44+00:00","og_image":[{"url":"https:\/\/www.m-q.ch\/wp-content\/uploads\/2022\/04\/Eidgenoessisches-Rohrleitungsinspektorat-unter-neuer-Leitung_MQ.jpg","type":"","width":"","height":""}],"author":"galledia","twitter_card":"summary_large_image","twitter_creator":"@admin","schema":{"@context":"https:\/\/schema.org","@graph":[{"@type":"Article","@id":"https:\/\/www.m-q.ch\/de\/eidgenoessisches-rohrleitungsinspektorat-unter-neuer-leitung\/#article","isPartOf":{"@id":"https:\/\/www.organisator.ch\/operational-excellence\/2022-04-05\/eidgenoessisches-rohrleitungsinspektorat-unter-neuer-leitung\/"},"author":{"name":"galledia","@id":"https:\/\/www.organisator.ch\/#\/schema\/person\/4e51799071cd2dd1232ac003643ef5f0"},"headline":"Eidgen\u00f6ssisches Rohrleitungsinspektorat unter neuer Leitung","datePublished":"2022-04-05T03:23:24+00:00","dateModified":"2022-07-30T13:07:44+00:00","mainEntityOfPage":{"@id":"https:\/\/www.organisator.ch\/operational-excellence\/2022-04-05\/eidgenoessisches-rohrleitungsinspektorat-unter-neuer-leitung\/"},"wordCount":263,"publisher":{"@id":"https:\/\/www.organisator.ch\/#organization"},"image":{"@id":"https:\/\/www.m-q.ch\/de\/eidgenoessisches-rohrleitungsinspektorat-unter-neuer-leitung\/#primaryimage"},"thumbnailUrl":"https:\/\/www.m-q.ch\/wp-content\/uploads\/2022\/04\/Eidgenoessisches-Rohrleitungsinspektorat-unter-neuer-Leitung_MQ.jpg","keywords":["Inspektionen","Leitung","Rohrleitungsinspektorat"],"articleSection":["OPERATIONAL EXCELLENCE"],"inLanguage":"it-IT"},{"@type":"WebPage","@id":"https:\/\/www.organisator.ch\/operational-excellence\/2022-04-05\/eidgenoessisches-rohrleitungsinspektorat-unter-neuer-leitung\/","url":"https:\/\/www.m-q.ch\/de\/eidgenoessisches-rohrleitungsinspektorat-unter-neuer-leitung\/","name":"L'Ispettorato federale degli oleodotti sotto la nuova direzione - Organizzatore","isPartOf":{"@id":"https:\/\/www.organisator.ch\/#website"},"primaryImageOfPage":{"@id":"https:\/\/www.m-q.ch\/de\/eidgenoessisches-rohrleitungsinspektorat-unter-neuer-leitung\/#primaryimage"},"image":{"@id":"https:\/\/www.m-q.ch\/de\/eidgenoessisches-rohrleitungsinspektorat-unter-neuer-leitung\/#primaryimage"},"thumbnailUrl":"https:\/\/www.m-q.ch\/wp-content\/uploads\/2022\/04\/Eidgenoessisches-Rohrleitungsinspektorat-unter-neuer-Leitung_MQ.jpg","datePublished":"2022-04-05T03:23:24+00:00","dateModified":"2022-07-30T13:07:44+00:00","description":"L'Ispettorato federale delle condutture ha una nuova direzione: Roger B\u00e4chtiger succede a Ruedi Wendelspiess.","breadcrumb":{"@id":"https:\/\/www.m-q.ch\/de\/eidgenoessisches-rohrleitungsinspektorat-unter-neuer-leitung\/#breadcrumb"},"inLanguage":"it-IT","potentialAction":[{"@type":"ReadAction","target":["https:\/\/www.m-q.ch\/de\/eidgenoessisches-rohrleitungsinspektorat-unter-neuer-leitung\/"]}]},{"@type":"ImageObject","inLanguage":"it-IT","@id":"https:\/\/www.m-q.ch\/de\/eidgenoessisches-rohrleitungsinspektorat-unter-neuer-leitung\/#primaryimage","url":"https:\/\/www.m-q.ch\/wp-content\/uploads\/2022\/04\/Eidgenoessisches-Rohrleitungsinspektorat-unter-neuer-Leitung_MQ.jpg","contentUrl":"https:\/\/www.m-q.ch\/wp-content\/uploads\/2022\/04\/Eidgenoessisches-Rohrleitungsinspektorat-unter-neuer-Leitung_MQ.jpg"},{"@type":"BreadcrumbList","@id":"https:\/\/www.m-q.ch\/de\/eidgenoessisches-rohrleitungsinspektorat-unter-neuer-leitung\/#breadcrumb","itemListElement":[{"@type":"ListItem","position":1,"name":"Home","item":"https:\/\/www.organisator.ch\/"},{"@type":"ListItem","position":2,"name":"Eidgen\u00f6ssisches Rohrleitungsinspektorat unter neuer Leitung"}]},{"@type":"WebSite","@id":"https:\/\/www.organisator.ch\/#website","url":"https:\/\/www.organisator.ch\/","name":"Organizzatore","description":"Competente. Pratico. In 10 numeri all'anno, ORGANISATOR presenta i temi essenziali per i manager delle PMI.","publisher":{"@id":"https:\/\/www.organisator.ch\/#organization"},"potentialAction":[{"@type":"SearchAction","target":{"@type":"EntryPoint","urlTemplate":"https:\/\/www.organisator.ch\/?s={search_term_string}"},"query-input":{"@type":"PropertyValueSpecification","valueRequired":true,"valueName":"search_term_string"}}],"inLanguage":"it-IT"},{"@type":"Organization","@id":"https:\/\/www.organisator.ch\/#organization","name":"Organizzatore","url":"https:\/\/www.organisator.ch\/","logo":{"@type":"ImageObject","inLanguage":"it-IT","@id":"https:\/\/www.organisator.ch\/#\/schema\/logo\/image\/","url":"https:\/\/www.organisator.ch\/wp-content\/uploads\/2022\/01\/Logo_Organisator_Website.png","contentUrl":"https:\/\/www.organisator.ch\/wp-content\/uploads\/2022\/01\/Logo_Organisator_Website.png","width":800,"height":77,"caption":"Organisator"},"image":{"@id":"https:\/\/www.organisator.ch\/#\/schema\/logo\/image\/"},"sameAs":["https:\/\/www.facebook.com\/OrganisatorFachmagazin","https:\/\/www.linkedin.com\/showcase\/organisator-das-magazin-fr-kmu","https:\/\/www.xing.com\/news\/pages\/organisator-ch-695","https:\/\/www.youtube.com\/channel\/UCGP2Sq0iWaZwT3BdIAQFYpw"]},{"@type":"Person","@id":"https:\/\/www.organisator.ch\/#\/schema\/person\/4e51799071cd2dd1232ac003643ef5f0","name":"galledia","image":{"@type":"ImageObject","inLanguage":"it-IT","@id":"https:\/\/secure.gravatar.com\/avatar\/78a7f90c01fc2bfc875782a0d4922b37cde2cf184ce347b91316d23cd7f69a36?s=96&d=mm&r=g","url":"https:\/\/secure.gravatar.com\/avatar\/78a7f90c01fc2bfc875782a0d4922b37cde2cf184ce347b91316d23cd7f69a36?s=96&d=mm&r=g","contentUrl":"https:\/\/secure.gravatar.com\/avatar\/78a7f90c01fc2bfc875782a0d4922b37cde2cf184ce347b91316d23cd7f69a36?s=96&d=mm&r=g","caption":"galledia"},"sameAs":["https:\/\/x.com\/admin"],"url":"https:\/\/www.organisator.ch\/it\/author\/galledia\/"}]}},"_links":{"self":[{"href":"https:\/\/www.organisator.ch\/it\/wp-json\/wp\/v2\/posts\/12447","targetHints":{"allow":["GET"]}}],"collection":[{"href":"https:\/\/www.organisator.ch\/it\/wp-json\/wp\/v2\/posts"}],"about":[{"href":"https:\/\/www.organisator.ch\/it\/wp-json\/wp\/v2\/types\/post"}],"author":[{"embeddable":true,"href":"https:\/\/www.organisator.ch\/it\/wp-json\/wp\/v2\/users\/8"}],"replies":[{"embeddable":true,"href":"https:\/\/www.organisator.ch\/it\/wp-json\/wp\/v2\/comments?post=12447"}],"version-history":[{"count":5,"href":"https:\/\/www.organisator.ch\/it\/wp-json\/wp\/v2\/posts\/12447\/revisions"}],"predecessor-version":[{"id":16001,"href":"https:\/\/www.organisator.ch\/it\/wp-json\/wp\/v2\/posts\/12447\/revisions\/16001"}],"wp:attachment":[{"href":"https:\/\/www.organisator.ch\/it\/wp-json\/wp\/v2\/media?parent=12447"}],"wp:term":[{"taxonomy":"category","embeddable":true,"href":"https:\/\/www.organisator.ch\/it\/wp-json\/wp\/v2\/categories?post=12447"},{"taxonomy":"post_tag","embeddable":true,"href":"https:\/\/www.organisator.ch\/it\/wp-json\/wp\/v2\/tags?post=12447"}],"curies":[{"name":"wp","href":"https:\/\/api.w.org\/{rel}","templated":true}]}}