{"id":12454,"date":"2022-04-05T07:34:31","date_gmt":"2022-04-05T05:34:31","guid":{"rendered":"https:\/\/www.m-q.ch\/?p=16129"},"modified":"2022-07-30T15:09:26","modified_gmt":"2022-07-30T13:09:26","slug":"swiss-infosec-neuer-head-of-it-security-consulting","status":"publish","type":"post","link":"https:\/\/www.organisator.ch\/it\/operational-excellence\/2022-04-05\/swiss-infosec-neuer-head-of-it-security-consulting\/","title":{"rendered":"Swiss Infosec: nuovo responsabile della consulenza sulla sicurezza IT"},"content":{"rendered":"<figure id=\"attachment_16130\" class=\"wp-caption alignnone\" style=\"width: 680px\" aria-describedby=\"caption-attachment-16130\"><img class=\"alignnone wp-image-16130 size-full\" src=\"https:\/\/www.m-q.ch\/wp-content\/uploads\/2022\/04\/Swiss-Infosec-Neuer-Head-of-IT-Security-Consulting_MQ.jpg\" alt=\"Infosec Svizzera\" width=\"680\" height=\"1020\" \/><figcaption id=\"caption-attachment-16130\" class=\"wp-caption-text\">Niklaus Manser, responsabile di IT Security Consulting, entra a far parte del comitato esecutivo di Swiss Infosec AG. (Immagine: zVg \/ Swiss Infosec)<\/figcaption><\/figure>\r\nCon la creazione di un team di consulenza sulla sicurezza informatica a livello dirigenziale, Swiss Infosec AG sta riorganizzando la sua divisione di sicurezza informatica. Con la creazione del nuovo centro di competenza per la sicurezza informatica, l'azienda risponde alle attuali esigenze di sicurezza, ad esempio in relazione agli attacchi ransomware, ai test di penetrazione o al lavoro in un home office, e continua a posizionarsi come partner affermato per servizi completi nel vasto campo della sicurezza integrale.\r\n\r\nIn questo contesto, Niklaus Manser ha assunto la funzione di responsabile della consulenza sulla sicurezza informatica il 1\u00b0 aprile 2022. Manser \u00e8 stato in precedenza a capo del team di sicurezza informatica, un'area che da tempo rappresenta una delle competenze principali dell'azienda, insieme alla sicurezza delle informazioni e alla protezione dei dati. Oltre alla sua nuova funzione, diventer\u00e0 anche membro del Consiglio di amministrazione. Ha acquisito le sue competenze tecniche in diverse attivit\u00e0 informatiche e con una laurea presso l'Universit\u00e0 di Scienze Applicate e Arti di Lucerna. Presso Swiss Infosec AG, dal 2017 supporta i clienti come Lead Auditor certificato ISO 27001 nell'ambito di progetti di consulenza, formazione o mandati come responsabile esterno della sicurezza informatica. Allo stesso tempo, ha partecipato allo sviluppo e all'espansione della divisione di sicurezza informatica dell'azienda, che ora rafforzer\u00e0 ulteriormente nel suo nuovo ruolo.\r\n\r\nSwiss Infosec AG, con sede a Sursee, \u00e8 una delle principali societ\u00e0 indipendenti di consulenza e formazione in Svizzera nei settori della sicurezza delle informazioni, della protezione dei dati e della sicurezza informatica. L'azienda \u00e8 stata fondata nel 1989 e, insieme alla consociata Swiss GRC AG, conta oltre 65 dipendenti che hanno supportato pi\u00f9 di 2500 progetti nel settore della sicurezza integrale per clienti piccoli e grandi di tutti i settori.\r\n\r\n<a href=\"https:\/\/www.infosec.ch\/\"><em>Ulteriori informazioni<\/em><\/a>\n<p class=\"syndicated-attribution\">Questo articolo \u00e8 apparso originariamente su m-q.ch - <a href=\"https:\/\/www.m-q.ch\/de\/swiss-infosec-neuer-head-of-it-security-consulting\/\" target=\"_blank\">https:\/\/www.m-q.ch\/de\/swiss-infosec-neuer-head-of-it-security-consulting\/<\/a><\/p>","protected":false},"excerpt":{"rendered":"<p>Mit der Schaffung eines IT Security Consulting-Teams auf Stufe Gesch\u00e4ftsleitung stellt die Swiss Infosec AG den Bereich IT-Sicherheit neu auf. Das Unternehmen reagiert mit dem Aufbau des neuen Kompetenzzentrums f\u00fcr IT-Sicherheit auf aktuelle Security-Bed\u00fcrfnisse z.B. im Zusammenhang mit Ransomware-Angriffen, Penetration Tests oder dem Arbeiten im Homeoffice und positioniert sich weiter als etablierter Partner f\u00fcr umfassende [\u2026]<\/p>\n","protected":false},"author":8,"featured_media":0,"comment_status":"closed","ping_status":"closed","sticky":false,"template":"","format":"standard","meta":{"_acf_changed":false,"_yoast_wpseo_focuskw":"Swiss Infosec","_yoast_wpseo_metadesc":"IT-Sicherheit ist neben Informationssicherheit und Datenschutz eine der Kernkompetenzen der Swiss Infosec AG.","articlekey":"","footnotes":""},"categories":[582],"tags":[128,426,3182],"class_list":["post-12454","post","type-post","status-publish","format-standard","hentry","category-operational-excellence","tag-consulting","tag-security","tag-swiss-infosec"],"acf":[],"yoast_head":"<!-- This site is optimized with the Yoast SEO plugin v27.5 - https:\/\/yoast.com\/product\/yoast-seo-wordpress\/ -->\n<title>Swiss Infosec: Neuer Head of IT Security Consulting - Organisator<\/title>\n<meta name=\"description\" content=\"IT-Sicherheit ist neben Informationssicherheit und Datenschutz eine der Kernkompetenzen der Swiss Infosec AG.\" \/>\n<meta name=\"robots\" content=\"index, follow, max-snippet:-1, max-image-preview:large, max-video-preview:-1\" \/>\n<link rel=\"canonical\" href=\"https:\/\/www.m-q.ch\/de\/swiss-infosec-neuer-head-of-it-security-consulting\/\" \/>\n<meta property=\"og:locale\" content=\"it_IT\" \/>\n<meta property=\"og:type\" content=\"article\" \/>\n<meta property=\"og:title\" content=\"Swiss Infosec: Neuer Head of IT Security Consulting - Organisator\" \/>\n<meta property=\"og:description\" content=\"IT-Sicherheit ist neben Informationssicherheit und Datenschutz eine der Kernkompetenzen der Swiss Infosec AG.\" \/>\n<meta property=\"og:url\" content=\"https:\/\/www.m-q.ch\/de\/swiss-infosec-neuer-head-of-it-security-consulting\/\" \/>\n<meta property=\"og:site_name\" content=\"Organisator\" \/>\n<meta property=\"article:publisher\" content=\"https:\/\/www.facebook.com\/OrganisatorFachmagazin\" \/>\n<meta property=\"article:published_time\" content=\"2022-04-05T05:34:31+00:00\" \/>\n<meta property=\"article:modified_time\" content=\"2022-07-30T13:09:26+00:00\" \/>\n<meta property=\"og:image\" content=\"https:\/\/www.m-q.ch\/wp-content\/uploads\/2022\/04\/Swiss-Infosec-Neuer-Head-of-IT-Security-Consulting_MQ.jpg\" \/>\n<meta name=\"author\" content=\"galledia\" \/>\n<meta name=\"twitter:card\" content=\"summary_large_image\" \/>\n<meta name=\"twitter:creator\" content=\"@admin\" \/>\n<script type=\"application\/ld+json\" class=\"yoast-schema-graph\">{\"@context\":\"https:\\\/\\\/schema.org\",\"@graph\":[{\"@type\":\"Article\",\"@id\":\"https:\\\/\\\/www.m-q.ch\\\/de\\\/swiss-infosec-neuer-head-of-it-security-consulting\\\/#article\",\"isPartOf\":{\"@id\":\"https:\\\/\\\/www.organisator.ch\\\/operational-excellence\\\/2022-04-05\\\/swiss-infosec-neuer-head-of-it-security-consulting\\\/\"},\"author\":{\"name\":\"galledia\",\"@id\":\"https:\\\/\\\/www.organisator.ch\\\/#\\\/schema\\\/person\\\/4e51799071cd2dd1232ac003643ef5f0\"},\"headline\":\"Swiss Infosec: Neuer Head of IT Security Consulting\",\"datePublished\":\"2022-04-05T05:34:31+00:00\",\"dateModified\":\"2022-07-30T13:09:26+00:00\",\"mainEntityOfPage\":{\"@id\":\"https:\\\/\\\/www.organisator.ch\\\/operational-excellence\\\/2022-04-05\\\/swiss-infosec-neuer-head-of-it-security-consulting\\\/\"},\"wordCount\":282,\"publisher\":{\"@id\":\"https:\\\/\\\/www.organisator.ch\\\/#organization\"},\"image\":{\"@id\":\"https:\\\/\\\/www.m-q.ch\\\/de\\\/swiss-infosec-neuer-head-of-it-security-consulting\\\/#primaryimage\"},\"thumbnailUrl\":\"https:\\\/\\\/www.m-q.ch\\\/wp-content\\\/uploads\\\/2022\\\/04\\\/Swiss-Infosec-Neuer-Head-of-IT-Security-Consulting_MQ.jpg\",\"keywords\":[\"Consulting\",\"Security\",\"Swiss Infosec\"],\"articleSection\":[\"OPERATIONAL EXCELLENCE\"],\"inLanguage\":\"it-IT\"},{\"@type\":\"WebPage\",\"@id\":\"https:\\\/\\\/www.organisator.ch\\\/operational-excellence\\\/2022-04-05\\\/swiss-infosec-neuer-head-of-it-security-consulting\\\/\",\"url\":\"https:\\\/\\\/www.m-q.ch\\\/de\\\/swiss-infosec-neuer-head-of-it-security-consulting\\\/\",\"name\":\"Swiss Infosec: Neuer Head of IT Security Consulting - Organisator\",\"isPartOf\":{\"@id\":\"https:\\\/\\\/www.organisator.ch\\\/#website\"},\"primaryImageOfPage\":{\"@id\":\"https:\\\/\\\/www.m-q.ch\\\/de\\\/swiss-infosec-neuer-head-of-it-security-consulting\\\/#primaryimage\"},\"image\":{\"@id\":\"https:\\\/\\\/www.m-q.ch\\\/de\\\/swiss-infosec-neuer-head-of-it-security-consulting\\\/#primaryimage\"},\"thumbnailUrl\":\"https:\\\/\\\/www.m-q.ch\\\/wp-content\\\/uploads\\\/2022\\\/04\\\/Swiss-Infosec-Neuer-Head-of-IT-Security-Consulting_MQ.jpg\",\"datePublished\":\"2022-04-05T05:34:31+00:00\",\"dateModified\":\"2022-07-30T13:09:26+00:00\",\"description\":\"IT-Sicherheit ist neben Informationssicherheit und Datenschutz eine der Kernkompetenzen der Swiss Infosec AG.\",\"breadcrumb\":{\"@id\":\"https:\\\/\\\/www.m-q.ch\\\/de\\\/swiss-infosec-neuer-head-of-it-security-consulting\\\/#breadcrumb\"},\"inLanguage\":\"it-IT\",\"potentialAction\":[{\"@type\":\"ReadAction\",\"target\":[\"https:\\\/\\\/www.m-q.ch\\\/de\\\/swiss-infosec-neuer-head-of-it-security-consulting\\\/\"]}]},{\"@type\":\"ImageObject\",\"inLanguage\":\"it-IT\",\"@id\":\"https:\\\/\\\/www.m-q.ch\\\/de\\\/swiss-infosec-neuer-head-of-it-security-consulting\\\/#primaryimage\",\"url\":\"https:\\\/\\\/www.m-q.ch\\\/wp-content\\\/uploads\\\/2022\\\/04\\\/Swiss-Infosec-Neuer-Head-of-IT-Security-Consulting_MQ.jpg\",\"contentUrl\":\"https:\\\/\\\/www.m-q.ch\\\/wp-content\\\/uploads\\\/2022\\\/04\\\/Swiss-Infosec-Neuer-Head-of-IT-Security-Consulting_MQ.jpg\"},{\"@type\":\"BreadcrumbList\",\"@id\":\"https:\\\/\\\/www.m-q.ch\\\/de\\\/swiss-infosec-neuer-head-of-it-security-consulting\\\/#breadcrumb\",\"itemListElement\":[{\"@type\":\"ListItem\",\"position\":1,\"name\":\"Home\",\"item\":\"https:\\\/\\\/www.organisator.ch\\\/\"},{\"@type\":\"ListItem\",\"position\":2,\"name\":\"Swiss Infosec: Neuer Head of IT Security Consulting\"}]},{\"@type\":\"WebSite\",\"@id\":\"https:\\\/\\\/www.organisator.ch\\\/#website\",\"url\":\"https:\\\/\\\/www.organisator.ch\\\/\",\"name\":\"Organisator\",\"description\":\"Kompetent. Praxisnah. Der ORGANISATOR bereitet in 10 Ausgaben pro Jahr die wesentlichen Themen f\u00fcr F\u00fchrungskr\u00e4fte von KMU auf.\",\"publisher\":{\"@id\":\"https:\\\/\\\/www.organisator.ch\\\/#organization\"},\"potentialAction\":[{\"@type\":\"SearchAction\",\"target\":{\"@type\":\"EntryPoint\",\"urlTemplate\":\"https:\\\/\\\/www.organisator.ch\\\/?s={search_term_string}\"},\"query-input\":{\"@type\":\"PropertyValueSpecification\",\"valueRequired\":true,\"valueName\":\"search_term_string\"}}],\"inLanguage\":\"it-IT\"},{\"@type\":\"Organization\",\"@id\":\"https:\\\/\\\/www.organisator.ch\\\/#organization\",\"name\":\"Organisator\",\"url\":\"https:\\\/\\\/www.organisator.ch\\\/\",\"logo\":{\"@type\":\"ImageObject\",\"inLanguage\":\"it-IT\",\"@id\":\"https:\\\/\\\/www.organisator.ch\\\/#\\\/schema\\\/logo\\\/image\\\/\",\"url\":\"https:\\\/\\\/www.organisator.ch\\\/wp-content\\\/uploads\\\/2022\\\/01\\\/Logo_Organisator_Website.png\",\"contentUrl\":\"https:\\\/\\\/www.organisator.ch\\\/wp-content\\\/uploads\\\/2022\\\/01\\\/Logo_Organisator_Website.png\",\"width\":800,\"height\":77,\"caption\":\"Organisator\"},\"image\":{\"@id\":\"https:\\\/\\\/www.organisator.ch\\\/#\\\/schema\\\/logo\\\/image\\\/\"},\"sameAs\":[\"https:\\\/\\\/www.facebook.com\\\/OrganisatorFachmagazin\",\"https:\\\/\\\/www.linkedin.com\\\/showcase\\\/organisator-das-magazin-fr-kmu\",\"https:\\\/\\\/www.xing.com\\\/news\\\/pages\\\/organisator-ch-695\",\"https:\\\/\\\/www.youtube.com\\\/channel\\\/UCGP2Sq0iWaZwT3BdIAQFYpw\"]},{\"@type\":\"Person\",\"@id\":\"https:\\\/\\\/www.organisator.ch\\\/#\\\/schema\\\/person\\\/4e51799071cd2dd1232ac003643ef5f0\",\"name\":\"galledia\",\"image\":{\"@type\":\"ImageObject\",\"inLanguage\":\"it-IT\",\"@id\":\"https:\\\/\\\/secure.gravatar.com\\\/avatar\\\/78a7f90c01fc2bfc875782a0d4922b37cde2cf184ce347b91316d23cd7f69a36?s=96&d=mm&r=g\",\"url\":\"https:\\\/\\\/secure.gravatar.com\\\/avatar\\\/78a7f90c01fc2bfc875782a0d4922b37cde2cf184ce347b91316d23cd7f69a36?s=96&d=mm&r=g\",\"contentUrl\":\"https:\\\/\\\/secure.gravatar.com\\\/avatar\\\/78a7f90c01fc2bfc875782a0d4922b37cde2cf184ce347b91316d23cd7f69a36?s=96&d=mm&r=g\",\"caption\":\"galledia\"},\"sameAs\":[\"https:\\\/\\\/x.com\\\/admin\"],\"url\":\"https:\\\/\\\/www.organisator.ch\\\/it\\\/author\\\/galledia\\\/\"}]}<\/script>\n<!-- \/ Yoast SEO plugin. -->","yoast_head_json":{"title":"Swiss Infosec: nuovo responsabile della consulenza sulla sicurezza informatica - Organizzatore","description":"La sicurezza informatica \u00e8 una delle competenze principali di Swiss Infosec AG, insieme alla sicurezza delle informazioni e alla protezione dei dati.","robots":{"index":"index","follow":"follow","max-snippet":"max-snippet:-1","max-image-preview":"max-image-preview:large","max-video-preview":"max-video-preview:-1"},"canonical":"https:\/\/www.m-q.ch\/de\/swiss-infosec-neuer-head-of-it-security-consulting\/","og_locale":"it_IT","og_type":"article","og_title":"Swiss Infosec: Neuer Head of IT Security Consulting - Organisator","og_description":"IT-Sicherheit ist neben Informationssicherheit und Datenschutz eine der Kernkompetenzen der Swiss Infosec AG.","og_url":"https:\/\/www.m-q.ch\/de\/swiss-infosec-neuer-head-of-it-security-consulting\/","og_site_name":"Organisator","article_publisher":"https:\/\/www.facebook.com\/OrganisatorFachmagazin","article_published_time":"2022-04-05T05:34:31+00:00","article_modified_time":"2022-07-30T13:09:26+00:00","og_image":[{"url":"https:\/\/www.m-q.ch\/wp-content\/uploads\/2022\/04\/Swiss-Infosec-Neuer-Head-of-IT-Security-Consulting_MQ.jpg","type":"","width":"","height":""}],"author":"galledia","twitter_card":"summary_large_image","twitter_creator":"@admin","schema":{"@context":"https:\/\/schema.org","@graph":[{"@type":"Article","@id":"https:\/\/www.m-q.ch\/de\/swiss-infosec-neuer-head-of-it-security-consulting\/#article","isPartOf":{"@id":"https:\/\/www.organisator.ch\/operational-excellence\/2022-04-05\/swiss-infosec-neuer-head-of-it-security-consulting\/"},"author":{"name":"galledia","@id":"https:\/\/www.organisator.ch\/#\/schema\/person\/4e51799071cd2dd1232ac003643ef5f0"},"headline":"Swiss Infosec: Neuer Head of IT Security Consulting","datePublished":"2022-04-05T05:34:31+00:00","dateModified":"2022-07-30T13:09:26+00:00","mainEntityOfPage":{"@id":"https:\/\/www.organisator.ch\/operational-excellence\/2022-04-05\/swiss-infosec-neuer-head-of-it-security-consulting\/"},"wordCount":282,"publisher":{"@id":"https:\/\/www.organisator.ch\/#organization"},"image":{"@id":"https:\/\/www.m-q.ch\/de\/swiss-infosec-neuer-head-of-it-security-consulting\/#primaryimage"},"thumbnailUrl":"https:\/\/www.m-q.ch\/wp-content\/uploads\/2022\/04\/Swiss-Infosec-Neuer-Head-of-IT-Security-Consulting_MQ.jpg","keywords":["Consulting","Security","Swiss Infosec"],"articleSection":["OPERATIONAL EXCELLENCE"],"inLanguage":"it-IT"},{"@type":"WebPage","@id":"https:\/\/www.organisator.ch\/operational-excellence\/2022-04-05\/swiss-infosec-neuer-head-of-it-security-consulting\/","url":"https:\/\/www.m-q.ch\/de\/swiss-infosec-neuer-head-of-it-security-consulting\/","name":"Swiss Infosec: nuovo responsabile della consulenza sulla sicurezza informatica - Organizzatore","isPartOf":{"@id":"https:\/\/www.organisator.ch\/#website"},"primaryImageOfPage":{"@id":"https:\/\/www.m-q.ch\/de\/swiss-infosec-neuer-head-of-it-security-consulting\/#primaryimage"},"image":{"@id":"https:\/\/www.m-q.ch\/de\/swiss-infosec-neuer-head-of-it-security-consulting\/#primaryimage"},"thumbnailUrl":"https:\/\/www.m-q.ch\/wp-content\/uploads\/2022\/04\/Swiss-Infosec-Neuer-Head-of-IT-Security-Consulting_MQ.jpg","datePublished":"2022-04-05T05:34:31+00:00","dateModified":"2022-07-30T13:09:26+00:00","description":"La sicurezza informatica \u00e8 una delle competenze principali di Swiss Infosec AG, insieme alla sicurezza delle informazioni e alla protezione dei dati.","breadcrumb":{"@id":"https:\/\/www.m-q.ch\/de\/swiss-infosec-neuer-head-of-it-security-consulting\/#breadcrumb"},"inLanguage":"it-IT","potentialAction":[{"@type":"ReadAction","target":["https:\/\/www.m-q.ch\/de\/swiss-infosec-neuer-head-of-it-security-consulting\/"]}]},{"@type":"ImageObject","inLanguage":"it-IT","@id":"https:\/\/www.m-q.ch\/de\/swiss-infosec-neuer-head-of-it-security-consulting\/#primaryimage","url":"https:\/\/www.m-q.ch\/wp-content\/uploads\/2022\/04\/Swiss-Infosec-Neuer-Head-of-IT-Security-Consulting_MQ.jpg","contentUrl":"https:\/\/www.m-q.ch\/wp-content\/uploads\/2022\/04\/Swiss-Infosec-Neuer-Head-of-IT-Security-Consulting_MQ.jpg"},{"@type":"BreadcrumbList","@id":"https:\/\/www.m-q.ch\/de\/swiss-infosec-neuer-head-of-it-security-consulting\/#breadcrumb","itemListElement":[{"@type":"ListItem","position":1,"name":"Home","item":"https:\/\/www.organisator.ch\/"},{"@type":"ListItem","position":2,"name":"Swiss Infosec: Neuer Head of IT Security Consulting"}]},{"@type":"WebSite","@id":"https:\/\/www.organisator.ch\/#website","url":"https:\/\/www.organisator.ch\/","name":"Organizzatore","description":"Competente. Pratico. In 10 numeri all'anno, ORGANISATOR presenta i temi essenziali per i manager delle PMI.","publisher":{"@id":"https:\/\/www.organisator.ch\/#organization"},"potentialAction":[{"@type":"SearchAction","target":{"@type":"EntryPoint","urlTemplate":"https:\/\/www.organisator.ch\/?s={search_term_string}"},"query-input":{"@type":"PropertyValueSpecification","valueRequired":true,"valueName":"search_term_string"}}],"inLanguage":"it-IT"},{"@type":"Organization","@id":"https:\/\/www.organisator.ch\/#organization","name":"Organizzatore","url":"https:\/\/www.organisator.ch\/","logo":{"@type":"ImageObject","inLanguage":"it-IT","@id":"https:\/\/www.organisator.ch\/#\/schema\/logo\/image\/","url":"https:\/\/www.organisator.ch\/wp-content\/uploads\/2022\/01\/Logo_Organisator_Website.png","contentUrl":"https:\/\/www.organisator.ch\/wp-content\/uploads\/2022\/01\/Logo_Organisator_Website.png","width":800,"height":77,"caption":"Organisator"},"image":{"@id":"https:\/\/www.organisator.ch\/#\/schema\/logo\/image\/"},"sameAs":["https:\/\/www.facebook.com\/OrganisatorFachmagazin","https:\/\/www.linkedin.com\/showcase\/organisator-das-magazin-fr-kmu","https:\/\/www.xing.com\/news\/pages\/organisator-ch-695","https:\/\/www.youtube.com\/channel\/UCGP2Sq0iWaZwT3BdIAQFYpw"]},{"@type":"Person","@id":"https:\/\/www.organisator.ch\/#\/schema\/person\/4e51799071cd2dd1232ac003643ef5f0","name":"galledia","image":{"@type":"ImageObject","inLanguage":"it-IT","@id":"https:\/\/secure.gravatar.com\/avatar\/78a7f90c01fc2bfc875782a0d4922b37cde2cf184ce347b91316d23cd7f69a36?s=96&d=mm&r=g","url":"https:\/\/secure.gravatar.com\/avatar\/78a7f90c01fc2bfc875782a0d4922b37cde2cf184ce347b91316d23cd7f69a36?s=96&d=mm&r=g","contentUrl":"https:\/\/secure.gravatar.com\/avatar\/78a7f90c01fc2bfc875782a0d4922b37cde2cf184ce347b91316d23cd7f69a36?s=96&d=mm&r=g","caption":"galledia"},"sameAs":["https:\/\/x.com\/admin"],"url":"https:\/\/www.organisator.ch\/it\/author\/galledia\/"}]}},"_links":{"self":[{"href":"https:\/\/www.organisator.ch\/it\/wp-json\/wp\/v2\/posts\/12454","targetHints":{"allow":["GET"]}}],"collection":[{"href":"https:\/\/www.organisator.ch\/it\/wp-json\/wp\/v2\/posts"}],"about":[{"href":"https:\/\/www.organisator.ch\/it\/wp-json\/wp\/v2\/types\/post"}],"author":[{"embeddable":true,"href":"https:\/\/www.organisator.ch\/it\/wp-json\/wp\/v2\/users\/8"}],"replies":[{"embeddable":true,"href":"https:\/\/www.organisator.ch\/it\/wp-json\/wp\/v2\/comments?post=12454"}],"version-history":[{"count":4,"href":"https:\/\/www.organisator.ch\/it\/wp-json\/wp\/v2\/posts\/12454\/revisions"}],"predecessor-version":[{"id":16000,"href":"https:\/\/www.organisator.ch\/it\/wp-json\/wp\/v2\/posts\/12454\/revisions\/16000"}],"wp:attachment":[{"href":"https:\/\/www.organisator.ch\/it\/wp-json\/wp\/v2\/media?parent=12454"}],"wp:term":[{"taxonomy":"category","embeddable":true,"href":"https:\/\/www.organisator.ch\/it\/wp-json\/wp\/v2\/categories?post=12454"},{"taxonomy":"post_tag","embeddable":true,"href":"https:\/\/www.organisator.ch\/it\/wp-json\/wp\/v2\/tags?post=12454"}],"curies":[{"name":"wp","href":"https:\/\/api.w.org\/{rel}","templated":true}]}}