{"id":12469,"date":"2022-04-05T16:04:11","date_gmt":"2022-04-05T14:04:11","guid":{"rendered":"https:\/\/www.organisator.ch\/?p=12469"},"modified":"2022-04-05T16:04:11","modified_gmt":"2022-04-05T14:04:11","slug":"fm-spezialist-iss-bekennt-sich-zu-netto-null","status":"publish","type":"post","link":"https:\/\/www.organisator.ch\/it\/sustainability\/2022-04-05\/fm-spezialist-iss-bekennt-sich-zu-netto-null\/","title":{"rendered":"Lo specialista FM ISS si impegna per la rete zero"},"content":{"rendered":"<figure id=\"attachment_12470\" aria-describedby=\"caption-attachment-12470\" style=\"width: 680px\" class=\"wp-caption alignnone\"><img loading=\"lazy\" decoding=\"async\" class=\"size-full wp-image-12470\" src=\"https:\/\/www.organisator.ch\/wp-content\/uploads\/2022\/04\/FM-Spezialist-ISS-bekennt-sich-zu-Netto-Null_Organisator.jpg\" alt=\"\" width=\"680\" height=\"383\" srcset=\"https:\/\/www.organisator.ch\/wp-content\/uploads\/2022\/04\/FM-Spezialist-ISS-bekennt-sich-zu-Netto-Null_Organisator.jpg 680w, https:\/\/www.organisator.ch\/wp-content\/uploads\/2022\/04\/FM-Spezialist-ISS-bekennt-sich-zu-Netto-Null_Organisator-18x10.jpg 18w, https:\/\/www.organisator.ch\/wp-content\/uploads\/2022\/04\/FM-Spezialist-ISS-bekennt-sich-zu-Netto-Null_Organisator-311x175.jpg 311w, https:\/\/www.organisator.ch\/wp-content\/uploads\/2022\/04\/FM-Spezialist-ISS-bekennt-sich-zu-Netto-Null_Organisator-621x350.jpg 621w, https:\/\/www.organisator.ch\/wp-content\/uploads\/2022\/04\/FM-Spezialist-ISS-bekennt-sich-zu-Netto-Null_Organisator-300x169.jpg 300w\" sizes=\"auto, (max-width: 680px) 100vw, 680px\" \/><figcaption id=\"caption-attachment-12470\" class=\"wp-caption-text\">ISS, un'azienda specializzata nel facility management, vuole diventare completamente CO2-neutrale entro il 2040. (Immagine: zVg \/ ISS)<\/figcaption><\/figure>\n<p>L'obiettivo netto zero si applica non solo alle emissioni causate dallo specialista FM ISS con i propri servizi, ma all'intera catena del valore. Le emissioni dirette e indirette dell'ISS (per esempio l'energia utilizzata) saranno neutrali per il clima entro il 2030. Entro il 2040, l'obiettivo di neutralit\u00e0 climatica si applica anche a tutte le emissioni delle strutture che non sono di propriet\u00e0 o controllate da ISS ma che hanno un impatto indiretto sulla catena del valore.<\/p>\n<h3>Specialista FM: Da parte del problema a parte della soluzione<\/h3>\n<p>Per ISS Svizzera, l'iniziativa di sostenibilit\u00e0 significa che la met\u00e0 della flotta di circa 1700 autovetture e veicoli commerciali sar\u00e0 elettrificata entro il 2026. In totale, i veicoli ISS percorrono circa 30 milioni di chilometri ogni anno. Entro il 2030 al pi\u00f9 tardi, l'ISS utilizzer\u00e0 solo elettricit\u00e0 da fonti rinnovabili. Gi\u00e0 entro la fine del 2022, saranno utilizzati solo prodotti di pulizia ecologicamente certificati ed entro il 2026 tutti i locali commerciali di ISS saranno certificati secondo il programma dell'azienda \"ISS Green Office\". Questo ridurr\u00e0 significativamente il consumo di energia e di acqua, cos\u00ec come la quantit\u00e0 di rifiuti prodotti. \"Per me, questa \u00e8 anche una preoccupazione personale\", dice Andr\u00e9 Nauer, CEO di ISS Svizzera. \"Dobbiamo essere onesti con noi stessi: Io e la mia generazione abbiamo giocato un ruolo importante nel creare i problemi che affrontiamo oggi. \u00c8 ora di cambiare e non essere pi\u00f9 parte del problema, ma parte della soluzione\".<\/p>\n<h3>Verso una gestione sostenibile delle strutture<\/h3>\n<p>ISS impiega circa 400.000 persone in tutto il mondo ed \u00e8 il principale fornitore di Workplace Experience e Facility Services. In Svizzera, ISS \u00e8 il principale specialista FM. Il CEO del gruppo Jacob Aarup-Andersen: \"Con i 120 anni di eredit\u00e0 di ISS come azienda orientata alle persone, la sostenibilit\u00e0 sociale \u00e8 sempre stata incorporata nel nostro DNA. La necessit\u00e0 di un cambiamento decisivo verso un mondo pi\u00f9 sostenibile \u00e8 chiara e urgente. ISS \u00e8 pronto a lavorare per questo cambiamento\".<\/p>\n<p><em>Fonte e ulteriori informazioni: <a href=\"https:\/\/www.ch.issworld.com\/de-ch\">ISS Svizzera AG<\/a><\/em><\/p>","protected":false},"excerpt":{"rendered":"<p>Das Ziel Netto-Null gilt nicht nur f\u00fcr die Emissionen, die der FM-Spezialist ISS mit seinen eigenen Dienstleistungen verursacht, sondern f\u00fcr die gesamte Wertsch\u00f6pfungskette. Die direkten und indirekten Emissionen (z.B. die genutzte Energie) von ISS werden bis 2030 klimaneutral sein. Bis 2040 gilt das Ziel Klimaneutralit\u00e4t auch f\u00fcr s\u00e4mtliche Emissionen aus Anlagen, die nicht im Besitz [&hellip;]<\/p>\n","protected":false},"author":4,"featured_media":12470,"comment_status":"closed","ping_status":"closed","sticky":false,"template":"","format":"standard","meta":{"_acf_changed":false,"_yoast_wpseo_focuskw":"FM-Spezialist ISS","_yoast_wpseo_metadesc":"Weniger CO\u2082, weniger Wasser, weniger Abfall: Bis 2040 will der FM-Spezialist ISS komplett CO2-neutral werden.","articlekey":"","footnotes":""},"categories":[580],"tags":[195,358,602],"class_list":["post-12469","post","type-post","status-publish","format-standard","has-post-thumbnail","hentry","category-sustainability","tag-facility-management","tag-nachhaltige-wirtschaft","tag-netto-null-ziel"],"acf":[],"yoast_head":"<!-- This site is optimized with the Yoast SEO plugin v27.5 - https:\/\/yoast.com\/product\/yoast-seo-wordpress\/ -->\n<title>FM-Spezialist ISS bekennt sich zu Netto-Null - Organisator<\/title>\n<meta name=\"description\" content=\"Weniger CO\u2082, weniger Wasser, weniger Abfall: Bis 2040 will der FM-Spezialist ISS komplett CO2-neutral werden.\" \/>\n<meta name=\"robots\" content=\"index, follow, max-snippet:-1, max-image-preview:large, max-video-preview:-1\" \/>\n<link rel=\"canonical\" href=\"https:\/\/www.organisator.ch\/it\/sostenibilita\/2022-04-05\/fm-spezialist-iss-bekennt-sich-zu-netto-null\/\" \/>\n<meta property=\"og:locale\" content=\"it_IT\" \/>\n<meta property=\"og:type\" content=\"article\" \/>\n<meta property=\"og:title\" content=\"FM-Spezialist ISS bekennt sich zu Netto-Null\" \/>\n<meta property=\"og:description\" content=\"Weniger CO\u2082, weniger Wasser, weniger Abfall: Bis 2040 will der FM-Spezialist ISS komplett CO2-neutral werden.\" \/>\n<meta property=\"og:url\" content=\"https:\/\/www.organisator.ch\/it\/sostenibilita\/2022-04-05\/fm-spezialist-iss-bekennt-sich-zu-netto-null\/\" \/>\n<meta property=\"og:site_name\" content=\"Organisator\" \/>\n<meta property=\"article:publisher\" content=\"https:\/\/www.facebook.com\/OrganisatorFachmagazin\" \/>\n<meta property=\"article:published_time\" content=\"2022-04-05T14:04:11+00:00\" \/>\n<meta property=\"og:image\" content=\"https:\/\/www.organisator.ch\/wp-content\/uploads\/2022\/04\/FM-Spezialist-ISS-bekennt-sich-zu-Netto-Null_Organisator.jpg\" \/>\n\t<meta property=\"og:image:width\" content=\"680\" \/>\n\t<meta property=\"og:image:height\" content=\"383\" \/>\n\t<meta property=\"og:image:type\" content=\"image\/jpeg\" \/>\n<meta name=\"author\" content=\"thomas.berner\" \/>\n<meta name=\"twitter:card\" content=\"summary_large_image\" \/>\n<meta name=\"twitter:title\" content=\"FM-Spezialist #ISS bekennt sich zu #Netto-Null\" \/>\n<meta name=\"twitter:description\" content=\"Weniger CO\u2082, weniger Wasser, weniger Abfall: Bis 2040 will der #FM-Spezialist #ISS komplett #CO2-neutral werden.\" \/>\n<meta name=\"twitter:image\" content=\"https:\/\/www.organisator.ch\/wp-content\/uploads\/2022\/04\/FM-Spezialist-ISS-bekennt-sich-zu-Netto-Null_Organisator.jpg\" \/>\n<script type=\"application\/ld+json\" class=\"yoast-schema-graph\">{\"@context\":\"https:\\\/\\\/schema.org\",\"@graph\":[{\"@type\":\"Article\",\"@id\":\"https:\\\/\\\/www.organisator.ch\\\/sustainability\\\/2022-04-05\\\/fm-spezialist-iss-bekennt-sich-zu-netto-null\\\/#article\",\"isPartOf\":{\"@id\":\"https:\\\/\\\/www.organisator.ch\\\/sustainability\\\/2022-04-05\\\/fm-spezialist-iss-bekennt-sich-zu-netto-null\\\/\"},\"author\":{\"name\":\"thomas.berner\",\"@id\":\"https:\\\/\\\/www.organisator.ch\\\/#\\\/schema\\\/person\\\/6f650f90b2842cd4c0cc334b4e36f67e\"},\"headline\":\"FM-Spezialist ISS bekennt sich zu Netto-Null\",\"datePublished\":\"2022-04-05T14:04:11+00:00\",\"mainEntityOfPage\":{\"@id\":\"https:\\\/\\\/www.organisator.ch\\\/sustainability\\\/2022-04-05\\\/fm-spezialist-iss-bekennt-sich-zu-netto-null\\\/\"},\"wordCount\":351,\"publisher\":{\"@id\":\"https:\\\/\\\/www.organisator.ch\\\/#organization\"},\"image\":{\"@id\":\"https:\\\/\\\/www.organisator.ch\\\/sustainability\\\/2022-04-05\\\/fm-spezialist-iss-bekennt-sich-zu-netto-null\\\/#primaryimage\"},\"thumbnailUrl\":\"https:\\\/\\\/www.organisator.ch\\\/wp-content\\\/uploads\\\/2022\\\/04\\\/FM-Spezialist-ISS-bekennt-sich-zu-Netto-Null_Organisator.jpg\",\"keywords\":[\"Facility Management\",\"Nachhaltige Wirtschaft\",\"Netto-Null-Ziel\"],\"articleSection\":[\"SUSTAINABILITY\"],\"inLanguage\":\"it-IT\"},{\"@type\":\"WebPage\",\"@id\":\"https:\\\/\\\/www.organisator.ch\\\/sustainability\\\/2022-04-05\\\/fm-spezialist-iss-bekennt-sich-zu-netto-null\\\/\",\"url\":\"https:\\\/\\\/www.organisator.ch\\\/sustainability\\\/2022-04-05\\\/fm-spezialist-iss-bekennt-sich-zu-netto-null\\\/\",\"name\":\"FM-Spezialist ISS bekennt sich zu Netto-Null - Organisator\",\"isPartOf\":{\"@id\":\"https:\\\/\\\/www.organisator.ch\\\/#website\"},\"primaryImageOfPage\":{\"@id\":\"https:\\\/\\\/www.organisator.ch\\\/sustainability\\\/2022-04-05\\\/fm-spezialist-iss-bekennt-sich-zu-netto-null\\\/#primaryimage\"},\"image\":{\"@id\":\"https:\\\/\\\/www.organisator.ch\\\/sustainability\\\/2022-04-05\\\/fm-spezialist-iss-bekennt-sich-zu-netto-null\\\/#primaryimage\"},\"thumbnailUrl\":\"https:\\\/\\\/www.organisator.ch\\\/wp-content\\\/uploads\\\/2022\\\/04\\\/FM-Spezialist-ISS-bekennt-sich-zu-Netto-Null_Organisator.jpg\",\"datePublished\":\"2022-04-05T14:04:11+00:00\",\"description\":\"Weniger CO\u2082, weniger Wasser, weniger Abfall: Bis 2040 will der FM-Spezialist ISS komplett CO2-neutral werden.\",\"breadcrumb\":{\"@id\":\"https:\\\/\\\/www.organisator.ch\\\/sustainability\\\/2022-04-05\\\/fm-spezialist-iss-bekennt-sich-zu-netto-null\\\/#breadcrumb\"},\"inLanguage\":\"it-IT\",\"potentialAction\":[{\"@type\":\"ReadAction\",\"target\":[\"https:\\\/\\\/www.organisator.ch\\\/sustainability\\\/2022-04-05\\\/fm-spezialist-iss-bekennt-sich-zu-netto-null\\\/\"]}]},{\"@type\":\"ImageObject\",\"inLanguage\":\"it-IT\",\"@id\":\"https:\\\/\\\/www.organisator.ch\\\/sustainability\\\/2022-04-05\\\/fm-spezialist-iss-bekennt-sich-zu-netto-null\\\/#primaryimage\",\"url\":\"https:\\\/\\\/www.organisator.ch\\\/wp-content\\\/uploads\\\/2022\\\/04\\\/FM-Spezialist-ISS-bekennt-sich-zu-Netto-Null_Organisator.jpg\",\"contentUrl\":\"https:\\\/\\\/www.organisator.ch\\\/wp-content\\\/uploads\\\/2022\\\/04\\\/FM-Spezialist-ISS-bekennt-sich-zu-Netto-Null_Organisator.jpg\",\"width\":680,\"height\":383,\"caption\":\"Das auf Facility Management spezialisierte Unternehmen ISS will bis 2040 das Netto-Null-Ziel erreichen. (Bild: zVg \\\/ ISS)\"},{\"@type\":\"BreadcrumbList\",\"@id\":\"https:\\\/\\\/www.organisator.ch\\\/sustainability\\\/2022-04-05\\\/fm-spezialist-iss-bekennt-sich-zu-netto-null\\\/#breadcrumb\",\"itemListElement\":[{\"@type\":\"ListItem\",\"position\":1,\"name\":\"Home\",\"item\":\"https:\\\/\\\/www.organisator.ch\\\/\"},{\"@type\":\"ListItem\",\"position\":2,\"name\":\"FM-Spezialist ISS bekennt sich zu Netto-Null\"}]},{\"@type\":\"WebSite\",\"@id\":\"https:\\\/\\\/www.organisator.ch\\\/#website\",\"url\":\"https:\\\/\\\/www.organisator.ch\\\/\",\"name\":\"Organisator\",\"description\":\"Kompetent. Praxisnah. Der ORGANISATOR bereitet in 10 Ausgaben pro Jahr die wesentlichen Themen f\u00fcr F\u00fchrungskr\u00e4fte von KMU auf.\",\"publisher\":{\"@id\":\"https:\\\/\\\/www.organisator.ch\\\/#organization\"},\"potentialAction\":[{\"@type\":\"SearchAction\",\"target\":{\"@type\":\"EntryPoint\",\"urlTemplate\":\"https:\\\/\\\/www.organisator.ch\\\/?s={search_term_string}\"},\"query-input\":{\"@type\":\"PropertyValueSpecification\",\"valueRequired\":true,\"valueName\":\"search_term_string\"}}],\"inLanguage\":\"it-IT\"},{\"@type\":\"Organization\",\"@id\":\"https:\\\/\\\/www.organisator.ch\\\/#organization\",\"name\":\"Organisator\",\"url\":\"https:\\\/\\\/www.organisator.ch\\\/\",\"logo\":{\"@type\":\"ImageObject\",\"inLanguage\":\"it-IT\",\"@id\":\"https:\\\/\\\/www.organisator.ch\\\/#\\\/schema\\\/logo\\\/image\\\/\",\"url\":\"https:\\\/\\\/www.organisator.ch\\\/wp-content\\\/uploads\\\/2022\\\/01\\\/Logo_Organisator_Website.png\",\"contentUrl\":\"https:\\\/\\\/www.organisator.ch\\\/wp-content\\\/uploads\\\/2022\\\/01\\\/Logo_Organisator_Website.png\",\"width\":800,\"height\":77,\"caption\":\"Organisator\"},\"image\":{\"@id\":\"https:\\\/\\\/www.organisator.ch\\\/#\\\/schema\\\/logo\\\/image\\\/\"},\"sameAs\":[\"https:\\\/\\\/www.facebook.com\\\/OrganisatorFachmagazin\",\"https:\\\/\\\/www.linkedin.com\\\/showcase\\\/organisator-das-magazin-fr-kmu\",\"https:\\\/\\\/www.xing.com\\\/news\\\/pages\\\/organisator-ch-695\",\"https:\\\/\\\/www.youtube.com\\\/channel\\\/UCGP2Sq0iWaZwT3BdIAQFYpw\"]},{\"@type\":\"Person\",\"@id\":\"https:\\\/\\\/www.organisator.ch\\\/#\\\/schema\\\/person\\\/6f650f90b2842cd4c0cc334b4e36f67e\",\"name\":\"thomas.berner\",\"image\":{\"@type\":\"ImageObject\",\"inLanguage\":\"it-IT\",\"@id\":\"https:\\\/\\\/secure.gravatar.com\\\/avatar\\\/ac5001d2a36cb6c6cd3e50789007ffca834b477b74a2144564522e944eabff61?s=96&d=mm&r=g\",\"url\":\"https:\\\/\\\/secure.gravatar.com\\\/avatar\\\/ac5001d2a36cb6c6cd3e50789007ffca834b477b74a2144564522e944eabff61?s=96&d=mm&r=g\",\"contentUrl\":\"https:\\\/\\\/secure.gravatar.com\\\/avatar\\\/ac5001d2a36cb6c6cd3e50789007ffca834b477b74a2144564522e944eabff61?s=96&d=mm&r=g\",\"caption\":\"thomas.berner\"},\"url\":\"https:\\\/\\\/www.organisator.ch\\\/it\\\/author\\\/thomas-berner\\\/\"}]}<\/script>\n<!-- \/ Yoast SEO plugin. -->","yoast_head_json":{"title":"Lo specialista del FM ISS si impegna per il net zero - organizzatore","description":"Meno CO\u2082, meno acqua, meno rifiuti: entro il 2040, lo specialista FM ISS vuole essere completamente neutrale in termini di CO2.","robots":{"index":"index","follow":"follow","max-snippet":"max-snippet:-1","max-image-preview":"max-image-preview:large","max-video-preview":"max-video-preview:-1"},"canonical":"https:\/\/www.organisator.ch\/it\/sostenibilita\/2022-04-05\/fm-spezialist-iss-bekennt-sich-zu-netto-null\/","og_locale":"it_IT","og_type":"article","og_title":"FM-Spezialist ISS bekennt sich zu Netto-Null","og_description":"Weniger CO\u2082, weniger Wasser, weniger Abfall: Bis 2040 will der FM-Spezialist ISS komplett CO2-neutral werden.","og_url":"https:\/\/www.organisator.ch\/it\/sostenibilita\/2022-04-05\/fm-spezialist-iss-bekennt-sich-zu-netto-null\/","og_site_name":"Organisator","article_publisher":"https:\/\/www.facebook.com\/OrganisatorFachmagazin","article_published_time":"2022-04-05T14:04:11+00:00","og_image":[{"width":680,"height":383,"url":"https:\/\/www.organisator.ch\/wp-content\/uploads\/2022\/04\/FM-Spezialist-ISS-bekennt-sich-zu-Netto-Null_Organisator.jpg","type":"image\/jpeg"}],"author":"thomas.berner","twitter_card":"summary_large_image","twitter_title":"FM-Spezialist #ISS bekennt sich zu #Netto-Null","twitter_description":"Weniger CO\u2082, weniger Wasser, weniger Abfall: Bis 2040 will der #FM-Spezialist #ISS komplett #CO2-neutral werden.","twitter_image":"https:\/\/www.organisator.ch\/wp-content\/uploads\/2022\/04\/FM-Spezialist-ISS-bekennt-sich-zu-Netto-Null_Organisator.jpg","schema":{"@context":"https:\/\/schema.org","@graph":[{"@type":"Article","@id":"https:\/\/www.organisator.ch\/sustainability\/2022-04-05\/fm-spezialist-iss-bekennt-sich-zu-netto-null\/#article","isPartOf":{"@id":"https:\/\/www.organisator.ch\/sustainability\/2022-04-05\/fm-spezialist-iss-bekennt-sich-zu-netto-null\/"},"author":{"name":"thomas.berner","@id":"https:\/\/www.organisator.ch\/#\/schema\/person\/6f650f90b2842cd4c0cc334b4e36f67e"},"headline":"FM-Spezialist ISS bekennt sich zu Netto-Null","datePublished":"2022-04-05T14:04:11+00:00","mainEntityOfPage":{"@id":"https:\/\/www.organisator.ch\/sustainability\/2022-04-05\/fm-spezialist-iss-bekennt-sich-zu-netto-null\/"},"wordCount":351,"publisher":{"@id":"https:\/\/www.organisator.ch\/#organization"},"image":{"@id":"https:\/\/www.organisator.ch\/sustainability\/2022-04-05\/fm-spezialist-iss-bekennt-sich-zu-netto-null\/#primaryimage"},"thumbnailUrl":"https:\/\/www.organisator.ch\/wp-content\/uploads\/2022\/04\/FM-Spezialist-ISS-bekennt-sich-zu-Netto-Null_Organisator.jpg","keywords":["Facility Management","Nachhaltige Wirtschaft","Netto-Null-Ziel"],"articleSection":["SUSTAINABILITY"],"inLanguage":"it-IT"},{"@type":"WebPage","@id":"https:\/\/www.organisator.ch\/sustainability\/2022-04-05\/fm-spezialist-iss-bekennt-sich-zu-netto-null\/","url":"https:\/\/www.organisator.ch\/sustainability\/2022-04-05\/fm-spezialist-iss-bekennt-sich-zu-netto-null\/","name":"Lo specialista del FM ISS si impegna per il net zero - organizzatore","isPartOf":{"@id":"https:\/\/www.organisator.ch\/#website"},"primaryImageOfPage":{"@id":"https:\/\/www.organisator.ch\/sustainability\/2022-04-05\/fm-spezialist-iss-bekennt-sich-zu-netto-null\/#primaryimage"},"image":{"@id":"https:\/\/www.organisator.ch\/sustainability\/2022-04-05\/fm-spezialist-iss-bekennt-sich-zu-netto-null\/#primaryimage"},"thumbnailUrl":"https:\/\/www.organisator.ch\/wp-content\/uploads\/2022\/04\/FM-Spezialist-ISS-bekennt-sich-zu-Netto-Null_Organisator.jpg","datePublished":"2022-04-05T14:04:11+00:00","description":"Meno CO\u2082, meno acqua, meno rifiuti: entro il 2040, lo specialista FM ISS vuole essere completamente neutrale in termini di CO2.","breadcrumb":{"@id":"https:\/\/www.organisator.ch\/sustainability\/2022-04-05\/fm-spezialist-iss-bekennt-sich-zu-netto-null\/#breadcrumb"},"inLanguage":"it-IT","potentialAction":[{"@type":"ReadAction","target":["https:\/\/www.organisator.ch\/sustainability\/2022-04-05\/fm-spezialist-iss-bekennt-sich-zu-netto-null\/"]}]},{"@type":"ImageObject","inLanguage":"it-IT","@id":"https:\/\/www.organisator.ch\/sustainability\/2022-04-05\/fm-spezialist-iss-bekennt-sich-zu-netto-null\/#primaryimage","url":"https:\/\/www.organisator.ch\/wp-content\/uploads\/2022\/04\/FM-Spezialist-ISS-bekennt-sich-zu-Netto-Null_Organisator.jpg","contentUrl":"https:\/\/www.organisator.ch\/wp-content\/uploads\/2022\/04\/FM-Spezialist-ISS-bekennt-sich-zu-Netto-Null_Organisator.jpg","width":680,"height":383,"caption":"Das auf Facility Management spezialisierte Unternehmen ISS will bis 2040 das Netto-Null-Ziel erreichen. (Bild: zVg \/ ISS)"},{"@type":"BreadcrumbList","@id":"https:\/\/www.organisator.ch\/sustainability\/2022-04-05\/fm-spezialist-iss-bekennt-sich-zu-netto-null\/#breadcrumb","itemListElement":[{"@type":"ListItem","position":1,"name":"Home","item":"https:\/\/www.organisator.ch\/"},{"@type":"ListItem","position":2,"name":"FM-Spezialist ISS bekennt sich zu Netto-Null"}]},{"@type":"WebSite","@id":"https:\/\/www.organisator.ch\/#website","url":"https:\/\/www.organisator.ch\/","name":"Organizzatore","description":"Competente. Pratico. In 10 numeri all'anno, ORGANISATOR presenta i temi essenziali per i manager delle PMI.","publisher":{"@id":"https:\/\/www.organisator.ch\/#organization"},"potentialAction":[{"@type":"SearchAction","target":{"@type":"EntryPoint","urlTemplate":"https:\/\/www.organisator.ch\/?s={search_term_string}"},"query-input":{"@type":"PropertyValueSpecification","valueRequired":true,"valueName":"search_term_string"}}],"inLanguage":"it-IT"},{"@type":"Organization","@id":"https:\/\/www.organisator.ch\/#organization","name":"Organizzatore","url":"https:\/\/www.organisator.ch\/","logo":{"@type":"ImageObject","inLanguage":"it-IT","@id":"https:\/\/www.organisator.ch\/#\/schema\/logo\/image\/","url":"https:\/\/www.organisator.ch\/wp-content\/uploads\/2022\/01\/Logo_Organisator_Website.png","contentUrl":"https:\/\/www.organisator.ch\/wp-content\/uploads\/2022\/01\/Logo_Organisator_Website.png","width":800,"height":77,"caption":"Organisator"},"image":{"@id":"https:\/\/www.organisator.ch\/#\/schema\/logo\/image\/"},"sameAs":["https:\/\/www.facebook.com\/OrganisatorFachmagazin","https:\/\/www.linkedin.com\/showcase\/organisator-das-magazin-fr-kmu","https:\/\/www.xing.com\/news\/pages\/organisator-ch-695","https:\/\/www.youtube.com\/channel\/UCGP2Sq0iWaZwT3BdIAQFYpw"]},{"@type":"Person","@id":"https:\/\/www.organisator.ch\/#\/schema\/person\/6f650f90b2842cd4c0cc334b4e36f67e","name":"Tommaso.berner","image":{"@type":"ImageObject","inLanguage":"it-IT","@id":"https:\/\/secure.gravatar.com\/avatar\/ac5001d2a36cb6c6cd3e50789007ffca834b477b74a2144564522e944eabff61?s=96&d=mm&r=g","url":"https:\/\/secure.gravatar.com\/avatar\/ac5001d2a36cb6c6cd3e50789007ffca834b477b74a2144564522e944eabff61?s=96&d=mm&r=g","contentUrl":"https:\/\/secure.gravatar.com\/avatar\/ac5001d2a36cb6c6cd3e50789007ffca834b477b74a2144564522e944eabff61?s=96&d=mm&r=g","caption":"thomas.berner"},"url":"https:\/\/www.organisator.ch\/it\/author\/thomas-berner\/"}]}},"_links":{"self":[{"href":"https:\/\/www.organisator.ch\/it\/wp-json\/wp\/v2\/posts\/12469","targetHints":{"allow":["GET"]}}],"collection":[{"href":"https:\/\/www.organisator.ch\/it\/wp-json\/wp\/v2\/posts"}],"about":[{"href":"https:\/\/www.organisator.ch\/it\/wp-json\/wp\/v2\/types\/post"}],"author":[{"embeddable":true,"href":"https:\/\/www.organisator.ch\/it\/wp-json\/wp\/v2\/users\/4"}],"replies":[{"embeddable":true,"href":"https:\/\/www.organisator.ch\/it\/wp-json\/wp\/v2\/comments?post=12469"}],"version-history":[{"count":3,"href":"https:\/\/www.organisator.ch\/it\/wp-json\/wp\/v2\/posts\/12469\/revisions"}],"predecessor-version":[{"id":12528,"href":"https:\/\/www.organisator.ch\/it\/wp-json\/wp\/v2\/posts\/12469\/revisions\/12528"}],"wp:featuredmedia":[{"embeddable":true,"href":"https:\/\/www.organisator.ch\/it\/wp-json\/wp\/v2\/media\/12470"}],"wp:attachment":[{"href":"https:\/\/www.organisator.ch\/it\/wp-json\/wp\/v2\/media?parent=12469"}],"wp:term":[{"taxonomy":"category","embeddable":true,"href":"https:\/\/www.organisator.ch\/it\/wp-json\/wp\/v2\/categories?post=12469"},{"taxonomy":"post_tag","embeddable":true,"href":"https:\/\/www.organisator.ch\/it\/wp-json\/wp\/v2\/tags?post=12469"}],"curies":[{"name":"wp","href":"https:\/\/api.w.org\/{rel}","templated":true}]}}