{"id":1248,"date":"2016-07-13T18:13:54","date_gmt":"2016-07-13T16:13:54","guid":{"rendered":"https:\/\/organisator.ch\/?p=1248"},"modified":"2016-07-13T18:13:54","modified_gmt":"2016-07-13T16:13:54","slug":"pensionskassen-kuerzen-die-renten-von-fruehpensionaeren","status":"publish","type":"post","link":"https:\/\/www.organisator.ch\/it\/human-resources\/fit_im_job\/2016-07-13\/pensionskassen-kuerzen-die-renten-von-fruehpensionaeren\/","title":{"rendered":"I fondi pensione tagliano le pensioni dei prepensionati"},"content":{"rendered":"<figure id=\"attachment_1250\" aria-describedby=\"caption-attachment-1250\" style=\"width: 680px\" class=\"wp-caption alignnone\"><a href=\"https:\/\/www.organisator.ch\/wp-content\/uploads\/2016\/12\/Pensionskassen-kuerzen-die-Renten-von-Fruehpensionaeren-organisator.jpg\"><img loading=\"lazy\" decoding=\"async\" class=\"wp-image-1250 size-medium\" src=\"https:\/\/organisator.ch\/wp-content\/uploads\/2016\/12\/Pensionskassen-k\u00fcrzen-die-Renten-von-Fr\u00fchpension\u00e4ren-organisator.jpg\" width=\"680\" height=\"503\" \/><\/a><figcaption id=\"caption-attachment-1250\" class=\"wp-caption-text\">Calcolo comparativo: Ottimizzazione fiscale con pensionamento parziale (depositphotos.com - rmarmion)<\/figcaption><\/figure>\n<p>Tuttavia, la maggior parte delle aziende di gran lunga non fa uso del margine di manovra offerto dalla legge sulla previdenza professionale (LPP). La LPP permette il prelievo anticipato delle prestazioni di vecchiaia a partire dall'et\u00e0 di 58 anni. Se si ritirano le prestazioni della cassa pensione in anticipo, il capitale di vecchiaia \u00e8 pi\u00f9 piccolo che nel caso di un pensionamento ordinario. L'aliquota di conversione \u00e8 ridotta e viene utilizzata per convertire il saldo attivo in una pensione a vita. La maggior parte dei fondi pensione riduce le pensioni dei prepensionati dal 5 al 7% per ogni anno di ritiro anticipato. Quelli che vanno in pensione a 63 anni invece che a 65 ricevono quindi dal 10 al 14% in meno di pensione. Questa riduzione delle prestazioni pu\u00f2 essere compensata da maggiori versamenti nella cassa pensioni. Il risparmio fiscale che gli assicurati ottengono cos\u00ec riduce i loro costi di pensionamento anticipato.<\/p>\n<p><strong>Grande potenziale di ottimizzazione<\/strong><\/p>\n<p>Di regola, i contributi di risparmio all'istituto di previdenza possono ammontare al massimo al 25 per cento del salario annuo AVS assicurato. Il seguente esempio mostra quanto una soluzione pensionistica esistente possa essere ottimizzata: un proprietario d'azienda di 55 anni guadagna 280.000 franchi svizzeri all'anno. Il suo attuale piano pensionistico PF assicura il salario fino a 150.000 franchi. Il premio di risparmio \u00e8 solo il 15 per cento del salario assicurato. Se il proprietario dell'azienda aumenta contemporaneamente il premio di risparmio al 25 per cento e il salario assicurato a 280'000 franchi, i suoi contributi di risparmio annuali passano da 22'500 a 70'000 franchi all'anno. I premi di risparmio aggiuntivi riducono il suo reddito imponibile, e l'espansione dei benefici pensionistici aumenta anche il suo potenziale di acquisti volontari. Il proprietario dell'azienda pu\u00f2 ora versare nel fondo pensione circa 1,2 milioni di franchi in pi\u00f9 rispetto a prima e dedurre questo importo dal suo reddito imponibile. Con un acquisto volontario di 30.000 franchi, risparmia circa 10.000 franchi di imposta sul reddito con un tasso marginale del 30 per cento. Se fa versare questo importo al momento del pensionamento, incorre in circa 5.000 franchi di tasse sul versamento. Il rendimento dell'acquisto \u00e8 quindi di 5.000 franchi (escluso il reddito da investimento).<\/p>\n<p>Un piano pensionistico moderno non solo permette ai dipendenti del quadro di acquistare fino all'importo delle prestazioni regolamentari, ma anche di andare in pensione anticipata. In questo modo, le persone assicurate che hanno gi\u00e0 acquistato per le prestazioni complete al momento del pensionamento ordinario possono effettuare acquisti supplementari.<\/p>\n<p><strong>Risparmi fiscali con il pensionamento parziale<\/strong><\/p>\n<p>Poich\u00e9 il pensionamento parziale, oltre al pensionamento anticipato, \u00e8 particolarmente frequente tra i dirigenti, un moderno piano di previdenza per i quadri offre agli assicurati la possibilit\u00e0 di percepire gradualmente le prestazioni di vecchiaia a partire dai 58 anni e di continuare ad assicurare l'intero salario nella cassa pensioni fino all'et\u00e0 di pensionamento ordinaria, che hanno percepito fino a quel momento. Questo \u00e8 permesso dalla legge, a condizione che guadagnino al massimo il 50% in meno dopo aver ridotto il loro carico di lavoro. Ci\u00f2 significa che le prestazioni pensionistiche sono le stesse che senza la riduzione dell'orario di lavoro, e l'onere fiscale \u00e8 notevolmente ridotto. La LPP stabilisce che il datore di lavoro deve pagare la sua parte di contributi alla cassa pensioni solo sul salario effettivo. I restanti contributi di risparmio e i premi di rischio sulla parte di salario fittiziamente assicurata sono pagati dal dipendente. Il dipendente pu\u00f2 dedurre questi contributi dal suo reddito imponibile. Grazie alla continuazione dell'assicurazione a salario pieno, gli assicurati possono continuare ad acquistare nella cassa pensione per intero e anche dedurre questi pagamenti volontari dal loro reddito imponibile. Se \u00e8 assicurato solo il salario effettivo, i contributi di risparmio e anche il potenziale di acquisto si riducono.<\/p>\n<p>Il proprietario dell'azienda nel calcolo dell'esempio riduce il suo carico di lavoro dal 100 al 60 per cento al 58 (vedi tabella sotto). Il suo stipendio effettivo scende cos\u00ec da 200.000 a 120.000 franchi. Se \u00e8 assicurato solo il salario effettivo, il proprietario pu\u00f2 dedurre dal salario lordo solo i suoi contributi di risparmio come dipendente per un importo di 12'000 franchi. Gli acquisti nel fondo pensione non sono pi\u00f9 possibili. Se il proprietario dell'azienda rimane assicurato al salario precedente, pu\u00f2 dedurre i contributi di risparmio dei dipendenti di 28.000 franchi e continuare a ridurre ulteriormente le sue tasse con gli acquisti. Grazie ai contributi di risparmio pi\u00f9 elevati e a un acquisto di 15.000 franchi, risparmia 8.500 franchi di tasse - all'anno.<\/p>","protected":false},"excerpt":{"rendered":"<p>Die meisten Unternehmen nutzen allerdings den Spielraum bei Weitem nicht aus, den das Gesetz \u00fcber die berufliche Vorsorge (BVG) bietet. Das BVG l\u00e4sst einen vorzeitigen Bezug der Altersleistungen bereits ab 58 Jahren zu. Wenn man seine Pensionskassenleistungen vorzeitig bezieht, ist das Alterskapital kleiner als bei einer ordentlichen Pensionierung. Der Umwandlungssatz wird gek\u00fcrzt, mit dem das [&hellip;]<\/p>\n","protected":false},"author":8,"featured_media":1253,"comment_status":"open","ping_status":"open","sticky":false,"template":"","format":"standard","meta":{"_acf_changed":false,"_yoast_wpseo_focuskw":"Pensionskassen k\u00fcrzen die Renten von Fr\u00fchpension\u00e4ren","_yoast_wpseo_metadesc":"Rund ein Drittel der Arbeitnehmenden mit einer F\u00fchrungsfunktion tritt vorzeitig in den Ruhestand. Mit einer modernen Pensionskassen-L\u00f6sung k\u00f6nnen die leitenden Angestellten eines Unternehmens die Fr\u00fchpensionierung steuerg\u00fcnstig finanzieren.","articlekey":"","footnotes":""},"categories":[25],"tags":[208],"class_list":["post-1248","post","type-post","status-publish","format-standard","has-post-thumbnail","hentry","category-fit_im_job","tag-fit-im-job"],"acf":[],"yoast_head":"<!-- This site is optimized with the Yoast SEO plugin v27.5 - https:\/\/yoast.com\/product\/yoast-seo-wordpress\/ -->\n<title>Pensionskassen k\u00fcrzen die Renten von Fr\u00fchpension\u00e4ren - Organisator<\/title>\n<meta name=\"description\" content=\"Rund ein Drittel der Arbeitnehmenden mit einer F\u00fchrungsfunktion tritt vorzeitig in den Ruhestand. Mit einer modernen Pensionskassen-L\u00f6sung k\u00f6nnen die leitenden Angestellten eines Unternehmens die Fr\u00fchpensionierung steuerg\u00fcnstig finanzieren.\" \/>\n<meta name=\"robots\" content=\"index, follow, max-snippet:-1, max-image-preview:large, max-video-preview:-1\" \/>\n<link rel=\"canonical\" href=\"https:\/\/www.organisator.ch\/it\/risorse-umane\/fit_im_job\/2016-07-13\/pensionskassen-kuerzen-die-renten-von-fruehpensionaeren\/\" \/>\n<meta property=\"og:locale\" content=\"it_IT\" \/>\n<meta property=\"og:type\" content=\"article\" \/>\n<meta property=\"og:title\" content=\"Pensionskassen k\u00fcrzen die Renten von Fr\u00fchpension\u00e4ren\" \/>\n<meta property=\"og:description\" content=\"Rund ein Drittel der Arbeitnehmenden mit einer F\u00fchrungsfunktion tritt vorzeitig in den Ruhestand. Mit einer modernen Pensionskassen-L\u00f6sung k\u00f6nnen die leitenden Angestellten eines Unternehmens die Fr\u00fchpensionierung steuerg\u00fcnstig finanzieren.\" \/>\n<meta property=\"og:url\" content=\"https:\/\/www.organisator.ch\/it\/risorse-umane\/fit_im_job\/2016-07-13\/pensionskassen-kuerzen-die-renten-von-fruehpensionaeren\/\" \/>\n<meta property=\"og:site_name\" content=\"Organisator\" \/>\n<meta property=\"article:publisher\" content=\"https:\/\/www.facebook.com\/OrganisatorFachmagazin\" \/>\n<meta property=\"article:published_time\" content=\"2016-07-13T16:13:54+00:00\" \/>\n<meta property=\"og:image\" content=\"https:\/\/www.organisator.ch\/wp-content\/uploads\/2016\/07\/Pensionskassen-kuerzen-die-Renten-von-Fruehpensionaeren-Titel-organisator.jpg\" \/>\n\t<meta property=\"og:image:width\" content=\"667\" \/>\n\t<meta property=\"og:image:height\" content=\"1000\" \/>\n\t<meta property=\"og:image:type\" content=\"image\/jpeg\" \/>\n<meta name=\"author\" content=\"galledia\" \/>\n<meta name=\"twitter:card\" content=\"summary_large_image\" \/>\n<meta name=\"twitter:title\" content=\"Pensionskassen k\u00fcrzen die Renten von Fr\u00fchpension\u00e4ren\" \/>\n<meta name=\"twitter:description\" content=\"Rund ein Drittel der Arbeitnehmenden mit einer F\u00fchrungsfunktion tritt vorzeitig in den Ruhestand. Mit einer modernen Pensionskassen-L\u00f6sung k\u00f6nnen die leitenden Angestellten eines Unternehmens die Fr\u00fchpensionierung steuerg\u00fcnstig finanzieren.\" \/>\n<meta name=\"twitter:creator\" content=\"@admin\" \/>\n<script type=\"application\/ld+json\" class=\"yoast-schema-graph\">{\"@context\":\"https:\\\/\\\/schema.org\",\"@graph\":[{\"@type\":\"Article\",\"@id\":\"https:\\\/\\\/www.organisator.ch\\\/human-resources\\\/fit_im_job\\\/2016-07-13\\\/pensionskassen-kuerzen-die-renten-von-fruehpensionaeren\\\/#article\",\"isPartOf\":{\"@id\":\"https:\\\/\\\/www.organisator.ch\\\/human-resources\\\/fit_im_job\\\/2016-07-13\\\/pensionskassen-kuerzen-die-renten-von-fruehpensionaeren\\\/\"},\"author\":{\"name\":\"galledia\",\"@id\":\"https:\\\/\\\/www.organisator.ch\\\/#\\\/schema\\\/person\\\/4e51799071cd2dd1232ac003643ef5f0\"},\"headline\":\"Pensionskassen k\u00fcrzen die Renten von Fr\u00fchpension\u00e4ren\",\"datePublished\":\"2016-07-13T16:13:54+00:00\",\"mainEntityOfPage\":{\"@id\":\"https:\\\/\\\/www.organisator.ch\\\/human-resources\\\/fit_im_job\\\/2016-07-13\\\/pensionskassen-kuerzen-die-renten-von-fruehpensionaeren\\\/\"},\"wordCount\":644,\"commentCount\":0,\"publisher\":{\"@id\":\"https:\\\/\\\/www.organisator.ch\\\/#organization\"},\"image\":{\"@id\":\"https:\\\/\\\/www.organisator.ch\\\/human-resources\\\/fit_im_job\\\/2016-07-13\\\/pensionskassen-kuerzen-die-renten-von-fruehpensionaeren\\\/#primaryimage\"},\"thumbnailUrl\":\"https:\\\/\\\/www.organisator.ch\\\/wp-content\\\/uploads\\\/2016\\\/07\\\/Pensionskassen-kuerzen-die-Renten-von-Fruehpensionaeren-Titel-organisator.jpg\",\"keywords\":[\"Fit im Job\"],\"articleSection\":[\"FIT IM JOB\"],\"inLanguage\":\"it-IT\"},{\"@type\":\"WebPage\",\"@id\":\"https:\\\/\\\/www.organisator.ch\\\/human-resources\\\/fit_im_job\\\/2016-07-13\\\/pensionskassen-kuerzen-die-renten-von-fruehpensionaeren\\\/\",\"url\":\"https:\\\/\\\/www.organisator.ch\\\/human-resources\\\/fit_im_job\\\/2016-07-13\\\/pensionskassen-kuerzen-die-renten-von-fruehpensionaeren\\\/\",\"name\":\"Pensionskassen k\u00fcrzen die Renten von Fr\u00fchpension\u00e4ren - Organisator\",\"isPartOf\":{\"@id\":\"https:\\\/\\\/www.organisator.ch\\\/#website\"},\"primaryImageOfPage\":{\"@id\":\"https:\\\/\\\/www.organisator.ch\\\/human-resources\\\/fit_im_job\\\/2016-07-13\\\/pensionskassen-kuerzen-die-renten-von-fruehpensionaeren\\\/#primaryimage\"},\"image\":{\"@id\":\"https:\\\/\\\/www.organisator.ch\\\/human-resources\\\/fit_im_job\\\/2016-07-13\\\/pensionskassen-kuerzen-die-renten-von-fruehpensionaeren\\\/#primaryimage\"},\"thumbnailUrl\":\"https:\\\/\\\/www.organisator.ch\\\/wp-content\\\/uploads\\\/2016\\\/07\\\/Pensionskassen-kuerzen-die-Renten-von-Fruehpensionaeren-Titel-organisator.jpg\",\"datePublished\":\"2016-07-13T16:13:54+00:00\",\"description\":\"Rund ein Drittel der Arbeitnehmenden mit einer F\u00fchrungsfunktion tritt vorzeitig in den Ruhestand. Mit einer modernen Pensionskassen-L\u00f6sung k\u00f6nnen die leitenden Angestellten eines Unternehmens die Fr\u00fchpensionierung steuerg\u00fcnstig finanzieren.\",\"breadcrumb\":{\"@id\":\"https:\\\/\\\/www.organisator.ch\\\/human-resources\\\/fit_im_job\\\/2016-07-13\\\/pensionskassen-kuerzen-die-renten-von-fruehpensionaeren\\\/#breadcrumb\"},\"inLanguage\":\"it-IT\",\"potentialAction\":[{\"@type\":\"ReadAction\",\"target\":[\"https:\\\/\\\/www.organisator.ch\\\/human-resources\\\/fit_im_job\\\/2016-07-13\\\/pensionskassen-kuerzen-die-renten-von-fruehpensionaeren\\\/\"]}]},{\"@type\":\"ImageObject\",\"inLanguage\":\"it-IT\",\"@id\":\"https:\\\/\\\/www.organisator.ch\\\/human-resources\\\/fit_im_job\\\/2016-07-13\\\/pensionskassen-kuerzen-die-renten-von-fruehpensionaeren\\\/#primaryimage\",\"url\":\"https:\\\/\\\/www.organisator.ch\\\/wp-content\\\/uploads\\\/2016\\\/07\\\/Pensionskassen-kuerzen-die-Renten-von-Fruehpensionaeren-Titel-organisator.jpg\",\"contentUrl\":\"https:\\\/\\\/www.organisator.ch\\\/wp-content\\\/uploads\\\/2016\\\/07\\\/Pensionskassen-kuerzen-die-Renten-von-Fruehpensionaeren-Titel-organisator.jpg\",\"width\":667,\"height\":1000,\"caption\":\"Pensionskassen k\u00fcrzen die Renten von Fr\u00fchpension\u00e4ren\"},{\"@type\":\"BreadcrumbList\",\"@id\":\"https:\\\/\\\/www.organisator.ch\\\/human-resources\\\/fit_im_job\\\/2016-07-13\\\/pensionskassen-kuerzen-die-renten-von-fruehpensionaeren\\\/#breadcrumb\",\"itemListElement\":[{\"@type\":\"ListItem\",\"position\":1,\"name\":\"Home\",\"item\":\"https:\\\/\\\/www.organisator.ch\\\/\"},{\"@type\":\"ListItem\",\"position\":2,\"name\":\"Pensionskassen k\u00fcrzen die Renten von Fr\u00fchpension\u00e4ren\"}]},{\"@type\":\"WebSite\",\"@id\":\"https:\\\/\\\/www.organisator.ch\\\/#website\",\"url\":\"https:\\\/\\\/www.organisator.ch\\\/\",\"name\":\"Organisator\",\"description\":\"Kompetent. Praxisnah. Der ORGANISATOR bereitet in 10 Ausgaben pro Jahr die wesentlichen Themen f\u00fcr F\u00fchrungskr\u00e4fte von KMU auf.\",\"publisher\":{\"@id\":\"https:\\\/\\\/www.organisator.ch\\\/#organization\"},\"potentialAction\":[{\"@type\":\"SearchAction\",\"target\":{\"@type\":\"EntryPoint\",\"urlTemplate\":\"https:\\\/\\\/www.organisator.ch\\\/?s={search_term_string}\"},\"query-input\":{\"@type\":\"PropertyValueSpecification\",\"valueRequired\":true,\"valueName\":\"search_term_string\"}}],\"inLanguage\":\"it-IT\"},{\"@type\":\"Organization\",\"@id\":\"https:\\\/\\\/www.organisator.ch\\\/#organization\",\"name\":\"Organisator\",\"url\":\"https:\\\/\\\/www.organisator.ch\\\/\",\"logo\":{\"@type\":\"ImageObject\",\"inLanguage\":\"it-IT\",\"@id\":\"https:\\\/\\\/www.organisator.ch\\\/#\\\/schema\\\/logo\\\/image\\\/\",\"url\":\"https:\\\/\\\/www.organisator.ch\\\/wp-content\\\/uploads\\\/2022\\\/01\\\/Logo_Organisator_Website.png\",\"contentUrl\":\"https:\\\/\\\/www.organisator.ch\\\/wp-content\\\/uploads\\\/2022\\\/01\\\/Logo_Organisator_Website.png\",\"width\":800,\"height\":77,\"caption\":\"Organisator\"},\"image\":{\"@id\":\"https:\\\/\\\/www.organisator.ch\\\/#\\\/schema\\\/logo\\\/image\\\/\"},\"sameAs\":[\"https:\\\/\\\/www.facebook.com\\\/OrganisatorFachmagazin\",\"https:\\\/\\\/www.linkedin.com\\\/showcase\\\/organisator-das-magazin-fr-kmu\",\"https:\\\/\\\/www.xing.com\\\/news\\\/pages\\\/organisator-ch-695\",\"https:\\\/\\\/www.youtube.com\\\/channel\\\/UCGP2Sq0iWaZwT3BdIAQFYpw\"]},{\"@type\":\"Person\",\"@id\":\"https:\\\/\\\/www.organisator.ch\\\/#\\\/schema\\\/person\\\/4e51799071cd2dd1232ac003643ef5f0\",\"name\":\"galledia\",\"image\":{\"@type\":\"ImageObject\",\"inLanguage\":\"it-IT\",\"@id\":\"https:\\\/\\\/secure.gravatar.com\\\/avatar\\\/78a7f90c01fc2bfc875782a0d4922b37cde2cf184ce347b91316d23cd7f69a36?s=96&d=mm&r=g\",\"url\":\"https:\\\/\\\/secure.gravatar.com\\\/avatar\\\/78a7f90c01fc2bfc875782a0d4922b37cde2cf184ce347b91316d23cd7f69a36?s=96&d=mm&r=g\",\"contentUrl\":\"https:\\\/\\\/secure.gravatar.com\\\/avatar\\\/78a7f90c01fc2bfc875782a0d4922b37cde2cf184ce347b91316d23cd7f69a36?s=96&d=mm&r=g\",\"caption\":\"galledia\"},\"sameAs\":[\"https:\\\/\\\/x.com\\\/admin\"],\"url\":\"https:\\\/\\\/www.organisator.ch\\\/it\\\/author\\\/galledia\\\/\"}]}<\/script>\n<!-- \/ Yoast SEO plugin. -->","yoast_head_json":{"title":"I fondi pensione tagliano le pensioni dei prepensionati - Organizzatore","description":"Circa un terzo dei dipendenti con una funzione manageriale va in pensione anticipatamente. Con una soluzione moderna di fondi pensione, i dirigenti di un'azienda possono finanziare il pensionamento anticipato in modo efficiente dal punto di vista fiscale.","robots":{"index":"index","follow":"follow","max-snippet":"max-snippet:-1","max-image-preview":"max-image-preview:large","max-video-preview":"max-video-preview:-1"},"canonical":"https:\/\/www.organisator.ch\/it\/risorse-umane\/fit_im_job\/2016-07-13\/pensionskassen-kuerzen-die-renten-von-fruehpensionaeren\/","og_locale":"it_IT","og_type":"article","og_title":"Pensionskassen k\u00fcrzen die Renten von Fr\u00fchpension\u00e4ren","og_description":"Rund ein Drittel der Arbeitnehmenden mit einer F\u00fchrungsfunktion tritt vorzeitig in den Ruhestand. Mit einer modernen Pensionskassen-L\u00f6sung k\u00f6nnen die leitenden Angestellten eines Unternehmens die Fr\u00fchpensionierung steuerg\u00fcnstig finanzieren.","og_url":"https:\/\/www.organisator.ch\/it\/risorse-umane\/fit_im_job\/2016-07-13\/pensionskassen-kuerzen-die-renten-von-fruehpensionaeren\/","og_site_name":"Organisator","article_publisher":"https:\/\/www.facebook.com\/OrganisatorFachmagazin","article_published_time":"2016-07-13T16:13:54+00:00","og_image":[{"width":667,"height":1000,"url":"https:\/\/www.organisator.ch\/wp-content\/uploads\/2016\/07\/Pensionskassen-kuerzen-die-Renten-von-Fruehpensionaeren-Titel-organisator.jpg","type":"image\/jpeg"}],"author":"galledia","twitter_card":"summary_large_image","twitter_title":"Pensionskassen k\u00fcrzen die Renten von Fr\u00fchpension\u00e4ren","twitter_description":"Rund ein Drittel der Arbeitnehmenden mit einer F\u00fchrungsfunktion tritt vorzeitig in den Ruhestand. Mit einer modernen Pensionskassen-L\u00f6sung k\u00f6nnen die leitenden Angestellten eines Unternehmens die Fr\u00fchpensionierung steuerg\u00fcnstig finanzieren.","twitter_creator":"@admin","schema":{"@context":"https:\/\/schema.org","@graph":[{"@type":"Article","@id":"https:\/\/www.organisator.ch\/human-resources\/fit_im_job\/2016-07-13\/pensionskassen-kuerzen-die-renten-von-fruehpensionaeren\/#article","isPartOf":{"@id":"https:\/\/www.organisator.ch\/human-resources\/fit_im_job\/2016-07-13\/pensionskassen-kuerzen-die-renten-von-fruehpensionaeren\/"},"author":{"name":"galledia","@id":"https:\/\/www.organisator.ch\/#\/schema\/person\/4e51799071cd2dd1232ac003643ef5f0"},"headline":"Pensionskassen k\u00fcrzen die Renten von Fr\u00fchpension\u00e4ren","datePublished":"2016-07-13T16:13:54+00:00","mainEntityOfPage":{"@id":"https:\/\/www.organisator.ch\/human-resources\/fit_im_job\/2016-07-13\/pensionskassen-kuerzen-die-renten-von-fruehpensionaeren\/"},"wordCount":644,"commentCount":0,"publisher":{"@id":"https:\/\/www.organisator.ch\/#organization"},"image":{"@id":"https:\/\/www.organisator.ch\/human-resources\/fit_im_job\/2016-07-13\/pensionskassen-kuerzen-die-renten-von-fruehpensionaeren\/#primaryimage"},"thumbnailUrl":"https:\/\/www.organisator.ch\/wp-content\/uploads\/2016\/07\/Pensionskassen-kuerzen-die-Renten-von-Fruehpensionaeren-Titel-organisator.jpg","keywords":["Fit im Job"],"articleSection":["FIT IM JOB"],"inLanguage":"it-IT"},{"@type":"WebPage","@id":"https:\/\/www.organisator.ch\/human-resources\/fit_im_job\/2016-07-13\/pensionskassen-kuerzen-die-renten-von-fruehpensionaeren\/","url":"https:\/\/www.organisator.ch\/human-resources\/fit_im_job\/2016-07-13\/pensionskassen-kuerzen-die-renten-von-fruehpensionaeren\/","name":"I fondi pensione tagliano le pensioni dei prepensionati - Organizzatore","isPartOf":{"@id":"https:\/\/www.organisator.ch\/#website"},"primaryImageOfPage":{"@id":"https:\/\/www.organisator.ch\/human-resources\/fit_im_job\/2016-07-13\/pensionskassen-kuerzen-die-renten-von-fruehpensionaeren\/#primaryimage"},"image":{"@id":"https:\/\/www.organisator.ch\/human-resources\/fit_im_job\/2016-07-13\/pensionskassen-kuerzen-die-renten-von-fruehpensionaeren\/#primaryimage"},"thumbnailUrl":"https:\/\/www.organisator.ch\/wp-content\/uploads\/2016\/07\/Pensionskassen-kuerzen-die-Renten-von-Fruehpensionaeren-Titel-organisator.jpg","datePublished":"2016-07-13T16:13:54+00:00","description":"Circa un terzo dei dipendenti con una funzione manageriale va in pensione anticipatamente. Con una soluzione moderna di fondi pensione, i dirigenti di un'azienda possono finanziare il pensionamento anticipato in modo efficiente dal punto di vista fiscale.","breadcrumb":{"@id":"https:\/\/www.organisator.ch\/human-resources\/fit_im_job\/2016-07-13\/pensionskassen-kuerzen-die-renten-von-fruehpensionaeren\/#breadcrumb"},"inLanguage":"it-IT","potentialAction":[{"@type":"ReadAction","target":["https:\/\/www.organisator.ch\/human-resources\/fit_im_job\/2016-07-13\/pensionskassen-kuerzen-die-renten-von-fruehpensionaeren\/"]}]},{"@type":"ImageObject","inLanguage":"it-IT","@id":"https:\/\/www.organisator.ch\/human-resources\/fit_im_job\/2016-07-13\/pensionskassen-kuerzen-die-renten-von-fruehpensionaeren\/#primaryimage","url":"https:\/\/www.organisator.ch\/wp-content\/uploads\/2016\/07\/Pensionskassen-kuerzen-die-Renten-von-Fruehpensionaeren-Titel-organisator.jpg","contentUrl":"https:\/\/www.organisator.ch\/wp-content\/uploads\/2016\/07\/Pensionskassen-kuerzen-die-Renten-von-Fruehpensionaeren-Titel-organisator.jpg","width":667,"height":1000,"caption":"Pensionskassen k\u00fcrzen die Renten von Fr\u00fchpension\u00e4ren"},{"@type":"BreadcrumbList","@id":"https:\/\/www.organisator.ch\/human-resources\/fit_im_job\/2016-07-13\/pensionskassen-kuerzen-die-renten-von-fruehpensionaeren\/#breadcrumb","itemListElement":[{"@type":"ListItem","position":1,"name":"Home","item":"https:\/\/www.organisator.ch\/"},{"@type":"ListItem","position":2,"name":"Pensionskassen k\u00fcrzen die Renten von Fr\u00fchpension\u00e4ren"}]},{"@type":"WebSite","@id":"https:\/\/www.organisator.ch\/#website","url":"https:\/\/www.organisator.ch\/","name":"Organizzatore","description":"Competente. Pratico. In 10 numeri all'anno, ORGANISATOR presenta i temi essenziali per i manager delle PMI.","publisher":{"@id":"https:\/\/www.organisator.ch\/#organization"},"potentialAction":[{"@type":"SearchAction","target":{"@type":"EntryPoint","urlTemplate":"https:\/\/www.organisator.ch\/?s={search_term_string}"},"query-input":{"@type":"PropertyValueSpecification","valueRequired":true,"valueName":"search_term_string"}}],"inLanguage":"it-IT"},{"@type":"Organization","@id":"https:\/\/www.organisator.ch\/#organization","name":"Organizzatore","url":"https:\/\/www.organisator.ch\/","logo":{"@type":"ImageObject","inLanguage":"it-IT","@id":"https:\/\/www.organisator.ch\/#\/schema\/logo\/image\/","url":"https:\/\/www.organisator.ch\/wp-content\/uploads\/2022\/01\/Logo_Organisator_Website.png","contentUrl":"https:\/\/www.organisator.ch\/wp-content\/uploads\/2022\/01\/Logo_Organisator_Website.png","width":800,"height":77,"caption":"Organisator"},"image":{"@id":"https:\/\/www.organisator.ch\/#\/schema\/logo\/image\/"},"sameAs":["https:\/\/www.facebook.com\/OrganisatorFachmagazin","https:\/\/www.linkedin.com\/showcase\/organisator-das-magazin-fr-kmu","https:\/\/www.xing.com\/news\/pages\/organisator-ch-695","https:\/\/www.youtube.com\/channel\/UCGP2Sq0iWaZwT3BdIAQFYpw"]},{"@type":"Person","@id":"https:\/\/www.organisator.ch\/#\/schema\/person\/4e51799071cd2dd1232ac003643ef5f0","name":"galledia","image":{"@type":"ImageObject","inLanguage":"it-IT","@id":"https:\/\/secure.gravatar.com\/avatar\/78a7f90c01fc2bfc875782a0d4922b37cde2cf184ce347b91316d23cd7f69a36?s=96&d=mm&r=g","url":"https:\/\/secure.gravatar.com\/avatar\/78a7f90c01fc2bfc875782a0d4922b37cde2cf184ce347b91316d23cd7f69a36?s=96&d=mm&r=g","contentUrl":"https:\/\/secure.gravatar.com\/avatar\/78a7f90c01fc2bfc875782a0d4922b37cde2cf184ce347b91316d23cd7f69a36?s=96&d=mm&r=g","caption":"galledia"},"sameAs":["https:\/\/x.com\/admin"],"url":"https:\/\/www.organisator.ch\/it\/author\/galledia\/"}]}},"_links":{"self":[{"href":"https:\/\/www.organisator.ch\/it\/wp-json\/wp\/v2\/posts\/1248","targetHints":{"allow":["GET"]}}],"collection":[{"href":"https:\/\/www.organisator.ch\/it\/wp-json\/wp\/v2\/posts"}],"about":[{"href":"https:\/\/www.organisator.ch\/it\/wp-json\/wp\/v2\/types\/post"}],"author":[{"embeddable":true,"href":"https:\/\/www.organisator.ch\/it\/wp-json\/wp\/v2\/users\/8"}],"replies":[{"embeddable":true,"href":"https:\/\/www.organisator.ch\/it\/wp-json\/wp\/v2\/comments?post=1248"}],"version-history":[{"count":0,"href":"https:\/\/www.organisator.ch\/it\/wp-json\/wp\/v2\/posts\/1248\/revisions"}],"wp:featuredmedia":[{"embeddable":true,"href":"https:\/\/www.organisator.ch\/it\/wp-json\/wp\/v2\/media\/1253"}],"wp:attachment":[{"href":"https:\/\/www.organisator.ch\/it\/wp-json\/wp\/v2\/media?parent=1248"}],"wp:term":[{"taxonomy":"category","embeddable":true,"href":"https:\/\/www.organisator.ch\/it\/wp-json\/wp\/v2\/categories?post=1248"},{"taxonomy":"post_tag","embeddable":true,"href":"https:\/\/www.organisator.ch\/it\/wp-json\/wp\/v2\/tags?post=1248"}],"curies":[{"name":"wp","href":"https:\/\/api.w.org\/{rel}","templated":true}]}}