{"id":12518,"date":"2022-04-08T07:52:20","date_gmt":"2022-04-08T05:52:20","guid":{"rendered":"https:\/\/www.organisator.ch\/?p=12518"},"modified":"2022-04-07T14:59:23","modified_gmt":"2022-04-07T12:59:23","slug":"berufsmeisterschaft-in-entrepreneurship-acht-teams-qualifiziert","status":"publish","type":"post","link":"https:\/\/www.organisator.ch\/it\/management\/2022-04-08\/berufsmeisterschaft-in-entrepreneurship-acht-teams-qualifiziert\/","title":{"rendered":"Campionato professionale di imprenditorialit\u00e0: otto squadre qualificate"},"content":{"rendered":"<figure id=\"attachment_12523\" aria-describedby=\"caption-attachment-12523\" style=\"width: 680px\" class=\"wp-caption alignnone\"><img loading=\"lazy\" decoding=\"async\" class=\"size-full wp-image-12523\" src=\"https:\/\/www.organisator.ch\/wp-content\/uploads\/2022\/04\/Berufsmeisterschaft-in-Entrepreneurship-Acht-Teams-qualifiziert_Organisator.jpg\" alt=\"\" width=\"680\" height=\"453\" srcset=\"https:\/\/www.organisator.ch\/wp-content\/uploads\/2022\/04\/Berufsmeisterschaft-in-Entrepreneurship-Acht-Teams-qualifiziert_Organisator.jpg 680w, https:\/\/www.organisator.ch\/wp-content\/uploads\/2022\/04\/Berufsmeisterschaft-in-Entrepreneurship-Acht-Teams-qualifiziert_Organisator-18x12.jpg 18w, https:\/\/www.organisator.ch\/wp-content\/uploads\/2022\/04\/Berufsmeisterschaft-in-Entrepreneurship-Acht-Teams-qualifiziert_Organisator-263x175.jpg 263w, https:\/\/www.organisator.ch\/wp-content\/uploads\/2022\/04\/Berufsmeisterschaft-in-Entrepreneurship-Acht-Teams-qualifiziert_Organisator-525x350.jpg 525w, https:\/\/www.organisator.ch\/wp-content\/uploads\/2022\/04\/Berufsmeisterschaft-in-Entrepreneurship-Acht-Teams-qualifiziert_Organisator-300x200.jpg 300w\" sizes=\"auto, (max-width: 680px) 100vw, 680px\" \/><figcaption id=\"caption-attachment-12523\" class=\"wp-caption-text\">Giornata di selezione a Berna per il Campionato Professionale di Imprenditorialit\u00e0: squadre al lavoro. (\u00a9 Patric Spahni)<\/figcaption><\/figure>\n<p>75 squadre si sono iscritte ai concorsi di selezione per il primo Campionato Svizzero di Imprenditorialit\u00e0 nelle diverse regioni linguistiche della Svizzera. Circa 150 giovani dell'istruzione e della formazione professionale hanno potuto dimostrare le loro capacit\u00e0 di pensiero e di recitazione imprenditoriale per un'intera giornata.<\/p>\n<h3>Selezionato per il Campionato Professionale in Imprenditoria<\/h3>\n<p>Alle squadre partecipanti \u00e8 stato dato un compito all'inizio della giornata di selezione. In 4,5 ore, hanno dovuto sviluppare un'idea di business che avrebbe contribuito al raggiungimento dell'obiettivo di sviluppo sostenibile 11 (\"Citt\u00e0 e comunit\u00e0 sostenibili\") o dell'obiettivo di sviluppo sostenibile 12 (\"Consumo e produzione sostenibili\") delle Nazioni Unite. Durante i preparativi, sono stati sostenuti da vari allenatori della scena delle start-up. Il pomeriggio dei giorni di selezione, le squadre avevano cinque minuti per presentare la loro idea. Una giuria, a seconda della localit\u00e0, composta da personaggi noti come il consigliere nazionale Andri Silberschmidt, Regula Buob o Mathieu Gigandet, ha selezionato le migliori squadre con l'aiuto di criteri di valutazione. Un totale di otto squadre si sono qualificate per gli SwissSkills nei giorni di selezione: Uno in Ticino, due a San Gallo, tre a Berna e due nella Svizzera francese.<\/p>\n<h3>Idee con potenziale<\/h3>\n<p>\"Sono sopraffatto da quanti giovani diversi si sono iscritti a EntrepreneurSkills\", dice Georg Berger, presidente della Conferenza svizzera dei direttori delle scuole professionali e vicepresidente di EntrepreneurSkills. La diversit\u00e0 nei giorni di selezione \u00e8 stata grande: falegnami, cuochi, polimeccanici o informatici - tutti hanno dimostrato la loro competenza per pensare e agire in modo imprenditoriale. \"C'era un'atmosfera incredibilmente innovativa e creativa nelle giornate di selezione. \u00c8 stato bello vedere di cosa sono stati capaci i giovani delle professioni pi\u00f9 diverse\", dice Regula Buob, che allena professionalmente le start-up altamente innovative. Era una dei 18 allenatori presenti alle giornate di selezione.<\/p>\n<h3>Preparazione nei campi di addestramento<\/h3>\n<p>Il consigliere nazionale e imprenditore Andri Silberschmidt era nella giuria del giorno della selezione a Berna. \u00c8 il presidente della IG EntrepreneurSkills, fondata lo scorso autunno dall'organizzazione mantello dei diplomati delle SUP, dalla Conferenza svizzera dei direttori delle scuole professionali, dalle Gr\u00fcndungsdienstleistungen Kanton Solothurn e dall'Istituto Innovation &amp; Strategic Entrepreneurship del Dipartimento di Economia della Scuola universitaria professionale di Berna: \"Sono impressionato dal fatto che siano state presentate cos\u00ec tante idee che hanno un potenziale sul mercato. Questo \u00e8 ci\u00f2 che vogliamo promuovere\", dice Andri Silberschmidt. Le otto squadre qualificate saranno preparate per la competizione di quattro giorni a SwissSkills in un boot camp in agosto. Solo una squadra pu\u00f2 diventare campione svizzero di imprenditorialit\u00e0.<\/p>\n<p><em>Ulteriori informazioni: <a href=\"https:\/\/www.entrepreneurskills.ch\/de\/\">https:\/\/www.entrepreneurskills.ch\/de\/<\/a><\/em><\/p>","protected":false},"excerpt":{"rendered":"<p>75 Teams haben sich f\u00fcr die Selektionswettk\u00e4mpfe f\u00fcr die erste Schweizer Berufsmeisterschaft in Entrepreneurship in den verschiedenen Sprachregionen der Schweiz angemeldet. Rund 150 junge Menschen aus der Berufsbildung durften einen Tag lang ihre Kompetenzen unternehmerisch zu denken und zu handeln unter Beweis stellen. F\u00fcr die Berufsmeisterschaft in Entrepreneurship selektioniert Die teilnehmenden Teams erhielten zu Beginn [&hellip;]<\/p>\n","protected":false},"author":4,"featured_media":12523,"comment_status":"closed","ping_status":"closed","sticky":false,"template":"","format":"standard","meta":{"_acf_changed":false,"_yoast_wpseo_focuskw":"Berufsmeisterschaft in Entrepreneurship","_yoast_wpseo_metadesc":"Am 26. M\u00e4rz und am 2. April haben sich insgesamt acht Teams f\u00fcr die erste Schweizer Berufsmeisterschaft in Entrepreneurship qualifiziert.","articlekey":"","footnotes":""},"categories":[28],"tags":[62,2672,335,2699],"class_list":["post-12518","post","type-post","status-publish","format-standard","has-post-thumbnail","hentry","category-management","tag-aus-weiterbildung","tag-berufsmeisterschaft","tag-management-und-unternehmensfuehrung","tag-swissskills"],"acf":[],"yoast_head":"<!-- This site is optimized with the Yoast SEO plugin v27.5 - https:\/\/yoast.com\/product\/yoast-seo-wordpress\/ -->\n<title>Berufsmeisterschaft in Entrepreneurship: Acht Teams qualifiziert - Organisator<\/title>\n<meta name=\"description\" content=\"Am 26. M\u00e4rz und am 2. April haben sich insgesamt acht Teams f\u00fcr die erste Schweizer Berufsmeisterschaft in Entrepreneurship qualifiziert.\" \/>\n<meta name=\"robots\" content=\"index, follow, max-snippet:-1, max-image-preview:large, max-video-preview:-1\" \/>\n<link rel=\"canonical\" href=\"https:\/\/www.organisator.ch\/it\/gestione-2\/2022-04-08\/berufsmeisterschaft-in-entrepreneurship-acht-teams-qualifiziert\/\" \/>\n<meta property=\"og:locale\" content=\"it_IT\" \/>\n<meta property=\"og:type\" content=\"article\" \/>\n<meta property=\"og:title\" content=\"Berufsmeisterschaft in Entrepreneurship: Acht Teams qualifiziert\" \/>\n<meta property=\"og:description\" content=\"Am 26. M\u00e4rz und am 2. April haben sich insgesamt acht Teams f\u00fcr die erste Schweizer Berufsmeisterschaft in Entrepreneurship qualifiziert.\" \/>\n<meta property=\"og:url\" content=\"https:\/\/www.organisator.ch\/it\/gestione-2\/2022-04-08\/berufsmeisterschaft-in-entrepreneurship-acht-teams-qualifiziert\/\" \/>\n<meta property=\"og:site_name\" content=\"Organisator\" \/>\n<meta property=\"article:publisher\" content=\"https:\/\/www.facebook.com\/OrganisatorFachmagazin\" \/>\n<meta property=\"article:published_time\" content=\"2022-04-08T05:52:20+00:00\" \/>\n<meta property=\"og:image\" content=\"https:\/\/www.organisator.ch\/wp-content\/uploads\/2022\/04\/Berufsmeisterschaft-in-Entrepreneurship-Acht-Teams-qualifiziert_Organisator.jpg\" \/>\n\t<meta property=\"og:image:width\" content=\"680\" \/>\n\t<meta property=\"og:image:height\" content=\"453\" \/>\n\t<meta property=\"og:image:type\" content=\"image\/jpeg\" \/>\n<meta name=\"author\" content=\"thomas.berner\" \/>\n<meta name=\"twitter:card\" content=\"summary_large_image\" \/>\n<meta name=\"twitter:title\" content=\"#Berufsmeisterschaft in #Entrepreneurship: Acht Teams qualifiziert\" \/>\n<meta name=\"twitter:description\" content=\"Am 26. M\u00e4rz und am 2. April haben sich insgesamt acht Teams f\u00fcr die erste Schweizer #Berufsmeisterschaft in #Entrepreneurship qualifiziert.\" \/>\n<meta name=\"twitter:image\" content=\"https:\/\/www.organisator.ch\/wp-content\/uploads\/2022\/04\/Berufsmeisterschaft-in-Entrepreneurship-Acht-Teams-qualifiziert_Organisator.jpg\" \/>\n<script type=\"application\/ld+json\" class=\"yoast-schema-graph\">{\"@context\":\"https:\\\/\\\/schema.org\",\"@graph\":[{\"@type\":\"Article\",\"@id\":\"https:\\\/\\\/www.organisator.ch\\\/management\\\/2022-04-08\\\/berufsmeisterschaft-in-entrepreneurship-acht-teams-qualifiziert\\\/#article\",\"isPartOf\":{\"@id\":\"https:\\\/\\\/www.organisator.ch\\\/management\\\/2022-04-08\\\/berufsmeisterschaft-in-entrepreneurship-acht-teams-qualifiziert\\\/\"},\"author\":{\"name\":\"thomas.berner\",\"@id\":\"https:\\\/\\\/www.organisator.ch\\\/#\\\/schema\\\/person\\\/6f650f90b2842cd4c0cc334b4e36f67e\"},\"headline\":\"Berufsmeisterschaft in Entrepreneurship: Acht Teams qualifiziert\",\"datePublished\":\"2022-04-08T05:52:20+00:00\",\"mainEntityOfPage\":{\"@id\":\"https:\\\/\\\/www.organisator.ch\\\/management\\\/2022-04-08\\\/berufsmeisterschaft-in-entrepreneurship-acht-teams-qualifiziert\\\/\"},\"wordCount\":436,\"publisher\":{\"@id\":\"https:\\\/\\\/www.organisator.ch\\\/#organization\"},\"image\":{\"@id\":\"https:\\\/\\\/www.organisator.ch\\\/management\\\/2022-04-08\\\/berufsmeisterschaft-in-entrepreneurship-acht-teams-qualifiziert\\\/#primaryimage\"},\"thumbnailUrl\":\"https:\\\/\\\/www.organisator.ch\\\/wp-content\\\/uploads\\\/2022\\\/04\\\/Berufsmeisterschaft-in-Entrepreneurship-Acht-Teams-qualifiziert_Organisator.jpg\",\"keywords\":[\"Aus-\\\/Weiterbildung\",\"Berufsmeisterschaft\",\"Management und Unternehmensf\u00fchrung\",\"SwissSkills\"],\"articleSection\":[\"MANAGEMENT\"],\"inLanguage\":\"it-IT\"},{\"@type\":\"WebPage\",\"@id\":\"https:\\\/\\\/www.organisator.ch\\\/management\\\/2022-04-08\\\/berufsmeisterschaft-in-entrepreneurship-acht-teams-qualifiziert\\\/\",\"url\":\"https:\\\/\\\/www.organisator.ch\\\/management\\\/2022-04-08\\\/berufsmeisterschaft-in-entrepreneurship-acht-teams-qualifiziert\\\/\",\"name\":\"Berufsmeisterschaft in Entrepreneurship: Acht Teams qualifiziert - Organisator\",\"isPartOf\":{\"@id\":\"https:\\\/\\\/www.organisator.ch\\\/#website\"},\"primaryImageOfPage\":{\"@id\":\"https:\\\/\\\/www.organisator.ch\\\/management\\\/2022-04-08\\\/berufsmeisterschaft-in-entrepreneurship-acht-teams-qualifiziert\\\/#primaryimage\"},\"image\":{\"@id\":\"https:\\\/\\\/www.organisator.ch\\\/management\\\/2022-04-08\\\/berufsmeisterschaft-in-entrepreneurship-acht-teams-qualifiziert\\\/#primaryimage\"},\"thumbnailUrl\":\"https:\\\/\\\/www.organisator.ch\\\/wp-content\\\/uploads\\\/2022\\\/04\\\/Berufsmeisterschaft-in-Entrepreneurship-Acht-Teams-qualifiziert_Organisator.jpg\",\"datePublished\":\"2022-04-08T05:52:20+00:00\",\"description\":\"Am 26. M\u00e4rz und am 2. April haben sich insgesamt acht Teams f\u00fcr die erste Schweizer Berufsmeisterschaft in Entrepreneurship qualifiziert.\",\"breadcrumb\":{\"@id\":\"https:\\\/\\\/www.organisator.ch\\\/management\\\/2022-04-08\\\/berufsmeisterschaft-in-entrepreneurship-acht-teams-qualifiziert\\\/#breadcrumb\"},\"inLanguage\":\"it-IT\",\"potentialAction\":[{\"@type\":\"ReadAction\",\"target\":[\"https:\\\/\\\/www.organisator.ch\\\/management\\\/2022-04-08\\\/berufsmeisterschaft-in-entrepreneurship-acht-teams-qualifiziert\\\/\"]}]},{\"@type\":\"ImageObject\",\"inLanguage\":\"it-IT\",\"@id\":\"https:\\\/\\\/www.organisator.ch\\\/management\\\/2022-04-08\\\/berufsmeisterschaft-in-entrepreneurship-acht-teams-qualifiziert\\\/#primaryimage\",\"url\":\"https:\\\/\\\/www.organisator.ch\\\/wp-content\\\/uploads\\\/2022\\\/04\\\/Berufsmeisterschaft-in-Entrepreneurship-Acht-Teams-qualifiziert_Organisator.jpg\",\"contentUrl\":\"https:\\\/\\\/www.organisator.ch\\\/wp-content\\\/uploads\\\/2022\\\/04\\\/Berufsmeisterschaft-in-Entrepreneurship-Acht-Teams-qualifiziert_Organisator.jpg\",\"width\":680,\"height\":453,\"caption\":\"Selektionstag f\u00fcr die Berufsmeisterschaft in Entrepreneurship Bern: Teams bei der Arbeit. (\u00a9 Patric Spahni)\"},{\"@type\":\"BreadcrumbList\",\"@id\":\"https:\\\/\\\/www.organisator.ch\\\/management\\\/2022-04-08\\\/berufsmeisterschaft-in-entrepreneurship-acht-teams-qualifiziert\\\/#breadcrumb\",\"itemListElement\":[{\"@type\":\"ListItem\",\"position\":1,\"name\":\"Home\",\"item\":\"https:\\\/\\\/www.organisator.ch\\\/\"},{\"@type\":\"ListItem\",\"position\":2,\"name\":\"Berufsmeisterschaft in Entrepreneurship: Acht Teams qualifiziert\"}]},{\"@type\":\"WebSite\",\"@id\":\"https:\\\/\\\/www.organisator.ch\\\/#website\",\"url\":\"https:\\\/\\\/www.organisator.ch\\\/\",\"name\":\"Organisator\",\"description\":\"Kompetent. Praxisnah. Der ORGANISATOR bereitet in 10 Ausgaben pro Jahr die wesentlichen Themen f\u00fcr F\u00fchrungskr\u00e4fte von KMU auf.\",\"publisher\":{\"@id\":\"https:\\\/\\\/www.organisator.ch\\\/#organization\"},\"potentialAction\":[{\"@type\":\"SearchAction\",\"target\":{\"@type\":\"EntryPoint\",\"urlTemplate\":\"https:\\\/\\\/www.organisator.ch\\\/?s={search_term_string}\"},\"query-input\":{\"@type\":\"PropertyValueSpecification\",\"valueRequired\":true,\"valueName\":\"search_term_string\"}}],\"inLanguage\":\"it-IT\"},{\"@type\":\"Organization\",\"@id\":\"https:\\\/\\\/www.organisator.ch\\\/#organization\",\"name\":\"Organisator\",\"url\":\"https:\\\/\\\/www.organisator.ch\\\/\",\"logo\":{\"@type\":\"ImageObject\",\"inLanguage\":\"it-IT\",\"@id\":\"https:\\\/\\\/www.organisator.ch\\\/#\\\/schema\\\/logo\\\/image\\\/\",\"url\":\"https:\\\/\\\/www.organisator.ch\\\/wp-content\\\/uploads\\\/2022\\\/01\\\/Logo_Organisator_Website.png\",\"contentUrl\":\"https:\\\/\\\/www.organisator.ch\\\/wp-content\\\/uploads\\\/2022\\\/01\\\/Logo_Organisator_Website.png\",\"width\":800,\"height\":77,\"caption\":\"Organisator\"},\"image\":{\"@id\":\"https:\\\/\\\/www.organisator.ch\\\/#\\\/schema\\\/logo\\\/image\\\/\"},\"sameAs\":[\"https:\\\/\\\/www.facebook.com\\\/OrganisatorFachmagazin\",\"https:\\\/\\\/www.linkedin.com\\\/showcase\\\/organisator-das-magazin-fr-kmu\",\"https:\\\/\\\/www.xing.com\\\/news\\\/pages\\\/organisator-ch-695\",\"https:\\\/\\\/www.youtube.com\\\/channel\\\/UCGP2Sq0iWaZwT3BdIAQFYpw\"]},{\"@type\":\"Person\",\"@id\":\"https:\\\/\\\/www.organisator.ch\\\/#\\\/schema\\\/person\\\/6f650f90b2842cd4c0cc334b4e36f67e\",\"name\":\"thomas.berner\",\"image\":{\"@type\":\"ImageObject\",\"inLanguage\":\"it-IT\",\"@id\":\"https:\\\/\\\/secure.gravatar.com\\\/avatar\\\/ac5001d2a36cb6c6cd3e50789007ffca834b477b74a2144564522e944eabff61?s=96&d=mm&r=g\",\"url\":\"https:\\\/\\\/secure.gravatar.com\\\/avatar\\\/ac5001d2a36cb6c6cd3e50789007ffca834b477b74a2144564522e944eabff61?s=96&d=mm&r=g\",\"contentUrl\":\"https:\\\/\\\/secure.gravatar.com\\\/avatar\\\/ac5001d2a36cb6c6cd3e50789007ffca834b477b74a2144564522e944eabff61?s=96&d=mm&r=g\",\"caption\":\"thomas.berner\"},\"url\":\"https:\\\/\\\/www.organisator.ch\\\/it\\\/author\\\/thomas-berner\\\/\"}]}<\/script>\n<!-- \/ Yoast SEO plugin. -->","yoast_head_json":{"title":"Campionato Professionale in Imprenditorialit\u00e0: otto squadre qualificate - Organizzatore","description":"Il 26 marzo e il 2 aprile, un totale di otto squadre si sono qualificate per il primo Campionato professionale svizzero dell'imprenditorialit\u00e0.","robots":{"index":"index","follow":"follow","max-snippet":"max-snippet:-1","max-image-preview":"max-image-preview:large","max-video-preview":"max-video-preview:-1"},"canonical":"https:\/\/www.organisator.ch\/it\/gestione-2\/2022-04-08\/berufsmeisterschaft-in-entrepreneurship-acht-teams-qualifiziert\/","og_locale":"it_IT","og_type":"article","og_title":"Berufsmeisterschaft in Entrepreneurship: Acht Teams qualifiziert","og_description":"Am 26. M\u00e4rz und am 2. April haben sich insgesamt acht Teams f\u00fcr die erste Schweizer Berufsmeisterschaft in Entrepreneurship qualifiziert.","og_url":"https:\/\/www.organisator.ch\/it\/gestione-2\/2022-04-08\/berufsmeisterschaft-in-entrepreneurship-acht-teams-qualifiziert\/","og_site_name":"Organisator","article_publisher":"https:\/\/www.facebook.com\/OrganisatorFachmagazin","article_published_time":"2022-04-08T05:52:20+00:00","og_image":[{"width":680,"height":453,"url":"https:\/\/www.organisator.ch\/wp-content\/uploads\/2022\/04\/Berufsmeisterschaft-in-Entrepreneurship-Acht-Teams-qualifiziert_Organisator.jpg","type":"image\/jpeg"}],"author":"thomas.berner","twitter_card":"summary_large_image","twitter_title":"#Berufsmeisterschaft in #Entrepreneurship: Acht Teams qualifiziert","twitter_description":"Am 26. M\u00e4rz und am 2. April haben sich insgesamt acht Teams f\u00fcr die erste Schweizer #Berufsmeisterschaft in #Entrepreneurship qualifiziert.","twitter_image":"https:\/\/www.organisator.ch\/wp-content\/uploads\/2022\/04\/Berufsmeisterschaft-in-Entrepreneurship-Acht-Teams-qualifiziert_Organisator.jpg","schema":{"@context":"https:\/\/schema.org","@graph":[{"@type":"Article","@id":"https:\/\/www.organisator.ch\/management\/2022-04-08\/berufsmeisterschaft-in-entrepreneurship-acht-teams-qualifiziert\/#article","isPartOf":{"@id":"https:\/\/www.organisator.ch\/management\/2022-04-08\/berufsmeisterschaft-in-entrepreneurship-acht-teams-qualifiziert\/"},"author":{"name":"thomas.berner","@id":"https:\/\/www.organisator.ch\/#\/schema\/person\/6f650f90b2842cd4c0cc334b4e36f67e"},"headline":"Berufsmeisterschaft in Entrepreneurship: Acht Teams qualifiziert","datePublished":"2022-04-08T05:52:20+00:00","mainEntityOfPage":{"@id":"https:\/\/www.organisator.ch\/management\/2022-04-08\/berufsmeisterschaft-in-entrepreneurship-acht-teams-qualifiziert\/"},"wordCount":436,"publisher":{"@id":"https:\/\/www.organisator.ch\/#organization"},"image":{"@id":"https:\/\/www.organisator.ch\/management\/2022-04-08\/berufsmeisterschaft-in-entrepreneurship-acht-teams-qualifiziert\/#primaryimage"},"thumbnailUrl":"https:\/\/www.organisator.ch\/wp-content\/uploads\/2022\/04\/Berufsmeisterschaft-in-Entrepreneurship-Acht-Teams-qualifiziert_Organisator.jpg","keywords":["Aus-\/Weiterbildung","Berufsmeisterschaft","Management und Unternehmensf\u00fchrung","SwissSkills"],"articleSection":["MANAGEMENT"],"inLanguage":"it-IT"},{"@type":"WebPage","@id":"https:\/\/www.organisator.ch\/management\/2022-04-08\/berufsmeisterschaft-in-entrepreneurship-acht-teams-qualifiziert\/","url":"https:\/\/www.organisator.ch\/management\/2022-04-08\/berufsmeisterschaft-in-entrepreneurship-acht-teams-qualifiziert\/","name":"Campionato Professionale in Imprenditorialit\u00e0: otto squadre qualificate - Organizzatore","isPartOf":{"@id":"https:\/\/www.organisator.ch\/#website"},"primaryImageOfPage":{"@id":"https:\/\/www.organisator.ch\/management\/2022-04-08\/berufsmeisterschaft-in-entrepreneurship-acht-teams-qualifiziert\/#primaryimage"},"image":{"@id":"https:\/\/www.organisator.ch\/management\/2022-04-08\/berufsmeisterschaft-in-entrepreneurship-acht-teams-qualifiziert\/#primaryimage"},"thumbnailUrl":"https:\/\/www.organisator.ch\/wp-content\/uploads\/2022\/04\/Berufsmeisterschaft-in-Entrepreneurship-Acht-Teams-qualifiziert_Organisator.jpg","datePublished":"2022-04-08T05:52:20+00:00","description":"Il 26 marzo e il 2 aprile, un totale di otto squadre si sono qualificate per il primo Campionato professionale svizzero dell'imprenditorialit\u00e0.","breadcrumb":{"@id":"https:\/\/www.organisator.ch\/management\/2022-04-08\/berufsmeisterschaft-in-entrepreneurship-acht-teams-qualifiziert\/#breadcrumb"},"inLanguage":"it-IT","potentialAction":[{"@type":"ReadAction","target":["https:\/\/www.organisator.ch\/management\/2022-04-08\/berufsmeisterschaft-in-entrepreneurship-acht-teams-qualifiziert\/"]}]},{"@type":"ImageObject","inLanguage":"it-IT","@id":"https:\/\/www.organisator.ch\/management\/2022-04-08\/berufsmeisterschaft-in-entrepreneurship-acht-teams-qualifiziert\/#primaryimage","url":"https:\/\/www.organisator.ch\/wp-content\/uploads\/2022\/04\/Berufsmeisterschaft-in-Entrepreneurship-Acht-Teams-qualifiziert_Organisator.jpg","contentUrl":"https:\/\/www.organisator.ch\/wp-content\/uploads\/2022\/04\/Berufsmeisterschaft-in-Entrepreneurship-Acht-Teams-qualifiziert_Organisator.jpg","width":680,"height":453,"caption":"Selektionstag f\u00fcr die Berufsmeisterschaft in Entrepreneurship Bern: Teams bei der Arbeit. (\u00a9 Patric Spahni)"},{"@type":"BreadcrumbList","@id":"https:\/\/www.organisator.ch\/management\/2022-04-08\/berufsmeisterschaft-in-entrepreneurship-acht-teams-qualifiziert\/#breadcrumb","itemListElement":[{"@type":"ListItem","position":1,"name":"Home","item":"https:\/\/www.organisator.ch\/"},{"@type":"ListItem","position":2,"name":"Berufsmeisterschaft in Entrepreneurship: Acht Teams qualifiziert"}]},{"@type":"WebSite","@id":"https:\/\/www.organisator.ch\/#website","url":"https:\/\/www.organisator.ch\/","name":"Organizzatore","description":"Competente. Pratico. In 10 numeri all'anno, ORGANISATOR presenta i temi essenziali per i manager delle PMI.","publisher":{"@id":"https:\/\/www.organisator.ch\/#organization"},"potentialAction":[{"@type":"SearchAction","target":{"@type":"EntryPoint","urlTemplate":"https:\/\/www.organisator.ch\/?s={search_term_string}"},"query-input":{"@type":"PropertyValueSpecification","valueRequired":true,"valueName":"search_term_string"}}],"inLanguage":"it-IT"},{"@type":"Organization","@id":"https:\/\/www.organisator.ch\/#organization","name":"Organizzatore","url":"https:\/\/www.organisator.ch\/","logo":{"@type":"ImageObject","inLanguage":"it-IT","@id":"https:\/\/www.organisator.ch\/#\/schema\/logo\/image\/","url":"https:\/\/www.organisator.ch\/wp-content\/uploads\/2022\/01\/Logo_Organisator_Website.png","contentUrl":"https:\/\/www.organisator.ch\/wp-content\/uploads\/2022\/01\/Logo_Organisator_Website.png","width":800,"height":77,"caption":"Organisator"},"image":{"@id":"https:\/\/www.organisator.ch\/#\/schema\/logo\/image\/"},"sameAs":["https:\/\/www.facebook.com\/OrganisatorFachmagazin","https:\/\/www.linkedin.com\/showcase\/organisator-das-magazin-fr-kmu","https:\/\/www.xing.com\/news\/pages\/organisator-ch-695","https:\/\/www.youtube.com\/channel\/UCGP2Sq0iWaZwT3BdIAQFYpw"]},{"@type":"Person","@id":"https:\/\/www.organisator.ch\/#\/schema\/person\/6f650f90b2842cd4c0cc334b4e36f67e","name":"Tommaso.berner","image":{"@type":"ImageObject","inLanguage":"it-IT","@id":"https:\/\/secure.gravatar.com\/avatar\/ac5001d2a36cb6c6cd3e50789007ffca834b477b74a2144564522e944eabff61?s=96&d=mm&r=g","url":"https:\/\/secure.gravatar.com\/avatar\/ac5001d2a36cb6c6cd3e50789007ffca834b477b74a2144564522e944eabff61?s=96&d=mm&r=g","contentUrl":"https:\/\/secure.gravatar.com\/avatar\/ac5001d2a36cb6c6cd3e50789007ffca834b477b74a2144564522e944eabff61?s=96&d=mm&r=g","caption":"thomas.berner"},"url":"https:\/\/www.organisator.ch\/it\/author\/thomas-berner\/"}]}},"_links":{"self":[{"href":"https:\/\/www.organisator.ch\/it\/wp-json\/wp\/v2\/posts\/12518","targetHints":{"allow":["GET"]}}],"collection":[{"href":"https:\/\/www.organisator.ch\/it\/wp-json\/wp\/v2\/posts"}],"about":[{"href":"https:\/\/www.organisator.ch\/it\/wp-json\/wp\/v2\/types\/post"}],"author":[{"embeddable":true,"href":"https:\/\/www.organisator.ch\/it\/wp-json\/wp\/v2\/users\/4"}],"replies":[{"embeddable":true,"href":"https:\/\/www.organisator.ch\/it\/wp-json\/wp\/v2\/comments?post=12518"}],"version-history":[{"count":2,"href":"https:\/\/www.organisator.ch\/it\/wp-json\/wp\/v2\/posts\/12518\/revisions"}],"predecessor-version":[{"id":12524,"href":"https:\/\/www.organisator.ch\/it\/wp-json\/wp\/v2\/posts\/12518\/revisions\/12524"}],"wp:featuredmedia":[{"embeddable":true,"href":"https:\/\/www.organisator.ch\/it\/wp-json\/wp\/v2\/media\/12523"}],"wp:attachment":[{"href":"https:\/\/www.organisator.ch\/it\/wp-json\/wp\/v2\/media?parent=12518"}],"wp:term":[{"taxonomy":"category","embeddable":true,"href":"https:\/\/www.organisator.ch\/it\/wp-json\/wp\/v2\/categories?post=12518"},{"taxonomy":"post_tag","embeddable":true,"href":"https:\/\/www.organisator.ch\/it\/wp-json\/wp\/v2\/tags?post=12518"}],"curies":[{"name":"wp","href":"https:\/\/api.w.org\/{rel}","templated":true}]}}