{"id":12531,"date":"2022-04-14T10:24:33","date_gmt":"2022-04-14T08:24:33","guid":{"rendered":"https:\/\/www.organisator.ch\/?p=12531"},"modified":"2022-04-07T16:30:10","modified_gmt":"2022-04-07T14:30:10","slug":"18-svizzera-orientale-personale-giorno-lavoro-mondo-in-rapido-cambiamento","status":"publish","type":"post","link":"https:\/\/www.organisator.ch\/it\/human-resources\/2022-04-14\/18-ostschweizer-personaltag-arbeitswelten-in-rasantem-wandel\/","title":{"rendered":"18\u00b0 Giornata delle risorse umane della Svizzera orientale: ambienti di lavoro in rapido cambiamento"},"content":{"rendered":"<figure id=\"attachment_12532\" aria-describedby=\"caption-attachment-12532\" style=\"width: 680px\" class=\"wp-caption alignnone\"><img loading=\"lazy\" decoding=\"async\" class=\"size-full wp-image-12532\" src=\"https:\/\/www.organisator.ch\/wp-content\/uploads\/2022\/04\/18.-Ostschweizer-Personaltag-Arbeitswelten-in-rasantem-Wandel_Organisator.jpg\" alt=\"\" width=\"680\" height=\"467\" srcset=\"https:\/\/www.organisator.ch\/wp-content\/uploads\/2022\/04\/18.-Ostschweizer-Personaltag-Arbeitswelten-in-rasantem-Wandel_Organisator.jpg 680w, https:\/\/www.organisator.ch\/wp-content\/uploads\/2022\/04\/18.-Ostschweizer-Personaltag-Arbeitswelten-in-rasantem-Wandel_Organisator-18x12.jpg 18w, https:\/\/www.organisator.ch\/wp-content\/uploads\/2022\/04\/18.-Ostschweizer-Personaltag-Arbeitswelten-in-rasantem-Wandel_Organisator-255x175.jpg 255w, https:\/\/www.organisator.ch\/wp-content\/uploads\/2022\/04\/18.-Ostschweizer-Personaltag-Arbeitswelten-in-rasantem-Wandel_Organisator-510x350.jpg 510w, https:\/\/www.organisator.ch\/wp-content\/uploads\/2022\/04\/18.-Ostschweizer-Personaltag-Arbeitswelten-in-rasantem-Wandel_Organisator-300x206.jpg 300w\" sizes=\"auto, (max-width: 680px) 100vw, 680px\" \/><figcaption id=\"caption-attachment-12532\" class=\"wp-caption-text\">I relatori del 18\u00b0 HR Day della Svizzera orientale (in senso orario): Carlos Frischmuth, Elke Thamm, Sarah Genner, Stefan Camenzind. (Immagini: zVg)<\/figcaption><\/figure>\n<p>Blocco, home office, collaborazione virtuale, maschere obbligatorie, blocco delle assunzioni. L'epidemia di Covid-19 ha messo a soqquadro i nostri mondi lavorativi nella primavera del 2020. I vincitori sono la digitalizzazione e i nativi digitali, che hanno sempre visto il mondo del lavoro in modo diverso dalle generazioni precedenti. Ma quanto \u00e8 sostenibile il cambiamento rapidamente avviato? Senza dubbio, le aziende devono ripensare le loro strutture e i loro modelli di orario di lavoro e trovare nuove forme di gestione del personale. L'Ostschweizer Personaltag 2022 fornir\u00e0 input da diverse prospettive. Come potrebbero essere i luoghi di lavoro di domani? Quali nuovi modi di pensare sono opportuni? Come saranno i futuri processi di reclutamento? Come sar\u00e0 sviluppato il talento? Non solo gli specialisti delle risorse umane sono chiamati in causa, ma tutti i manager e gli impiegati, cos\u00ec come gli architetti di uffici e gli architetti, gli artisti e persino i filosofi.<\/p>\n<h3><strong>18\u00b0 Giornata delle risorse umane della Svizzera orientale con due relatori<\/strong><\/h3>\n<p>Il 15 settembre 2022, ci sar\u00e0 un'ampia gamma di relatori che tratteranno le prospettive dei nuovi ambienti di lavoro. Stefan Camenzind, partner e CEO di Evolution Design AG a Zurigo, esplorer\u00e0 i cambiamenti nel nostro ambiente di lavoro come risultato della pandemia. La dottoressa Sarah Genner, scienziata dei media e docente a Zurigo, esamina l'impatto della trasformazione digitale sulla forza lavoro e sui luoghi di lavoro. Elke Thamm, Global Head of Personnel Development alla B\u00fchler AG di Uzwil, presenter\u00e0 nuovi modi di pensare e modelli nello sviluppo organizzativo. Infine, risposte e messaggi sul nuovo mondo del lavoro saranno forniti dall'autore Carlos Frischmuth, che, come amministratore delegato della societ\u00e0 internazionale di consulenza HR Hays, segue i dibattiti sul mercato del lavoro nel Bundestag di Berlino. Tutti gli input sul mondo del lavoro del futuro saranno completati da un giro di discussione.<\/p>\n<h3><strong>Registrazione tramite il sito web<\/strong><\/h3>\n<p>L'iscrizione all'Ostschweizer Personaltag 2022 - con sconto early bird - \u00e8 ora possibile tramite il sito web: <a href=\"http:\/\/www.personaltag.ch\">www.personaltag.ch<\/a>. Il sito web di nuova concezione contiene anche le ultime informazioni e gli aggiornamenti sullo Staff Day, oltre a testi e immagini degli eventi degli anni precedenti.<\/p>\n<p>La 18a Giornata del personale della Svizzera orientale avr\u00e0 luogo il pomeriggio del 15 settembre 2022 dalle ore 13.30 nel padiglione 9.1.2 dell'Olma Messen St.Gallen. Un aperitivo sar\u00e0 servito alle 17.00, e naturalmente ci sar\u00e0 l'opportunit\u00e0 di un ampio networking.<\/p>","protected":false},"excerpt":{"rendered":"<p>Lockdown, Homeoffice, virtuelle Zusammenarbeit, Maskenpflicht, Einstellungsstopp. Der Ausbruch von Covid-19 hat unsere Arbeitswelten im Fr\u00fchjahr 2020 auf den Kopf gestellt. Gewinner sind die Digitalisierung und die Digital Natives, die die Arbeitswelt schon immer anders gesehen haben als die Generationen vor ihnen. Wie nachhaltig aber ist der rasant angestossene Wandel? Zweifellos m\u00fcssen Unternehmen ihre Strukturen und [&hellip;]<\/p>\n","protected":false},"author":4,"featured_media":12532,"comment_status":"closed","ping_status":"closed","sticky":false,"template":"","format":"standard","meta":{"_acf_changed":false,"_yoast_wpseo_focuskw":"Ostschweizer Personaltag","_yoast_wpseo_metadesc":"Der 18. Ostschweizer Personaltag, der am 15. September 2022 in St.Gallen stattfindet, steht im Zeichen des Wandels.","articlekey":"","footnotes":""},"categories":[579],"tags":[254,363,2694,502],"class_list":["post-12531","post","type-post","status-publish","format-standard","has-post-thumbnail","hentry","category-human-resources","tag-hrm","tag-new-work","tag-personaltag","tag-veranstaltungen"],"acf":[],"yoast_head":"<!-- This site is optimized with the Yoast SEO plugin v27.5 - https:\/\/yoast.com\/product\/yoast-seo-wordpress\/ -->\n<title>18. Ostschweizer Personaltag: Arbeitswelten in rasantem Wandel - Organisator<\/title>\n<meta name=\"description\" content=\"Der 18. Ostschweizer Personaltag, der am 15. September 2022 in St.Gallen stattfindet, steht im Zeichen des Wandels.\" \/>\n<meta name=\"robots\" content=\"index, follow, max-snippet:-1, max-image-preview:large, max-video-preview:-1\" \/>\n<link rel=\"canonical\" href=\"https:\/\/www.organisator.ch\/it\/risorse-umane\/2022-04-14\/18-svizzera-orientale-personale-giorno-lavoro-mondo-in-rapido-cambiamento\/\" \/>\n<meta property=\"og:locale\" content=\"it_IT\" \/>\n<meta property=\"og:type\" content=\"article\" \/>\n<meta property=\"og:title\" content=\"18. Ostschweizer Personaltag: Arbeitswelten in rasantem Wandel\" \/>\n<meta property=\"og:description\" content=\"Der 18. Ostschweizer Personaltag, der am 15. September 2022 in St.Gallen stattfindet, steht im Zeichen des Wandels.\" \/>\n<meta property=\"og:url\" content=\"https:\/\/www.organisator.ch\/it\/risorse-umane\/2022-04-14\/18-svizzera-orientale-personale-giorno-lavoro-mondo-in-rapido-cambiamento\/\" \/>\n<meta property=\"og:site_name\" content=\"Organisator\" \/>\n<meta property=\"article:publisher\" content=\"https:\/\/www.facebook.com\/OrganisatorFachmagazin\" \/>\n<meta property=\"article:published_time\" content=\"2022-04-14T08:24:33+00:00\" \/>\n<meta property=\"og:image\" content=\"https:\/\/www.organisator.ch\/wp-content\/uploads\/2022\/04\/18.-Ostschweizer-Personaltag-Arbeitswelten-in-rasantem-Wandel_Organisator.jpg\" \/>\n\t<meta property=\"og:image:width\" content=\"680\" \/>\n\t<meta property=\"og:image:height\" content=\"467\" \/>\n\t<meta property=\"og:image:type\" content=\"image\/jpeg\" \/>\n<meta name=\"author\" content=\"thomas.berner\" \/>\n<meta name=\"twitter:card\" content=\"summary_large_image\" \/>\n<meta name=\"twitter:title\" content=\"18. Ostschweizer #Personaltag: #Arbeitswelten in rasantem Wandel\" \/>\n<meta name=\"twitter:description\" content=\"Der 18. Ostschweizer #Personaltag, der am 15. September 2022 in #St.Gallen stattfindet, steht im Zeichen des Wandels.\" \/>\n<meta name=\"twitter:image\" content=\"https:\/\/www.organisator.ch\/wp-content\/uploads\/2022\/04\/18.-Ostschweizer-Personaltag-Arbeitswelten-in-rasantem-Wandel_Organisator.jpg\" \/>\n<script type=\"application\/ld+json\" class=\"yoast-schema-graph\">{\"@context\":\"https:\\\/\\\/schema.org\",\"@graph\":[{\"@type\":\"Article\",\"@id\":\"https:\\\/\\\/www.organisator.ch\\\/human-resources\\\/2022-04-14\\\/18-ostschweizer-personaltag-arbeitswelten-in-rasantem-wandel\\\/#article\",\"isPartOf\":{\"@id\":\"https:\\\/\\\/www.organisator.ch\\\/human-resources\\\/2022-04-14\\\/18-ostschweizer-personaltag-arbeitswelten-in-rasantem-wandel\\\/\"},\"author\":{\"name\":\"thomas.berner\",\"@id\":\"https:\\\/\\\/www.organisator.ch\\\/#\\\/schema\\\/person\\\/6f650f90b2842cd4c0cc334b4e36f67e\"},\"headline\":\"18. Ostschweizer Personaltag: Arbeitswelten in rasantem Wandel\",\"datePublished\":\"2022-04-14T08:24:33+00:00\",\"mainEntityOfPage\":{\"@id\":\"https:\\\/\\\/www.organisator.ch\\\/human-resources\\\/2022-04-14\\\/18-ostschweizer-personaltag-arbeitswelten-in-rasantem-wandel\\\/\"},\"wordCount\":379,\"publisher\":{\"@id\":\"https:\\\/\\\/www.organisator.ch\\\/#organization\"},\"image\":{\"@id\":\"https:\\\/\\\/www.organisator.ch\\\/human-resources\\\/2022-04-14\\\/18-ostschweizer-personaltag-arbeitswelten-in-rasantem-wandel\\\/#primaryimage\"},\"thumbnailUrl\":\"https:\\\/\\\/www.organisator.ch\\\/wp-content\\\/uploads\\\/2022\\\/04\\\/18.-Ostschweizer-Personaltag-Arbeitswelten-in-rasantem-Wandel_Organisator.jpg\",\"keywords\":[\"HRM\",\"New Work\",\"Personaltag\",\"Veranstaltungen\"],\"articleSection\":[\"HUMAN RESOURCES\"],\"inLanguage\":\"it-IT\"},{\"@type\":\"WebPage\",\"@id\":\"https:\\\/\\\/www.organisator.ch\\\/human-resources\\\/2022-04-14\\\/18-ostschweizer-personaltag-arbeitswelten-in-rasantem-wandel\\\/\",\"url\":\"https:\\\/\\\/www.organisator.ch\\\/human-resources\\\/2022-04-14\\\/18-ostschweizer-personaltag-arbeitswelten-in-rasantem-wandel\\\/\",\"name\":\"18. Ostschweizer Personaltag: Arbeitswelten in rasantem Wandel - Organisator\",\"isPartOf\":{\"@id\":\"https:\\\/\\\/www.organisator.ch\\\/#website\"},\"primaryImageOfPage\":{\"@id\":\"https:\\\/\\\/www.organisator.ch\\\/human-resources\\\/2022-04-14\\\/18-ostschweizer-personaltag-arbeitswelten-in-rasantem-wandel\\\/#primaryimage\"},\"image\":{\"@id\":\"https:\\\/\\\/www.organisator.ch\\\/human-resources\\\/2022-04-14\\\/18-ostschweizer-personaltag-arbeitswelten-in-rasantem-wandel\\\/#primaryimage\"},\"thumbnailUrl\":\"https:\\\/\\\/www.organisator.ch\\\/wp-content\\\/uploads\\\/2022\\\/04\\\/18.-Ostschweizer-Personaltag-Arbeitswelten-in-rasantem-Wandel_Organisator.jpg\",\"datePublished\":\"2022-04-14T08:24:33+00:00\",\"description\":\"Der 18. Ostschweizer Personaltag, der am 15. September 2022 in St.Gallen stattfindet, steht im Zeichen des Wandels.\",\"breadcrumb\":{\"@id\":\"https:\\\/\\\/www.organisator.ch\\\/human-resources\\\/2022-04-14\\\/18-ostschweizer-personaltag-arbeitswelten-in-rasantem-wandel\\\/#breadcrumb\"},\"inLanguage\":\"it-IT\",\"potentialAction\":[{\"@type\":\"ReadAction\",\"target\":[\"https:\\\/\\\/www.organisator.ch\\\/human-resources\\\/2022-04-14\\\/18-ostschweizer-personaltag-arbeitswelten-in-rasantem-wandel\\\/\"]}]},{\"@type\":\"ImageObject\",\"inLanguage\":\"it-IT\",\"@id\":\"https:\\\/\\\/www.organisator.ch\\\/human-resources\\\/2022-04-14\\\/18-ostschweizer-personaltag-arbeitswelten-in-rasantem-wandel\\\/#primaryimage\",\"url\":\"https:\\\/\\\/www.organisator.ch\\\/wp-content\\\/uploads\\\/2022\\\/04\\\/18.-Ostschweizer-Personaltag-Arbeitswelten-in-rasantem-Wandel_Organisator.jpg\",\"contentUrl\":\"https:\\\/\\\/www.organisator.ch\\\/wp-content\\\/uploads\\\/2022\\\/04\\\/18.-Ostschweizer-Personaltag-Arbeitswelten-in-rasantem-Wandel_Organisator.jpg\",\"width\":680,\"height\":467,\"caption\":\"Die Referentinnen und Referenten am 18. Ostschweizer Personaltag (im Uhrzeigersinn): Carlos Frischmuth, Elke Thamm, Sarah Genner, Stefan Camenzind. (Bilder: zVg)\"},{\"@type\":\"BreadcrumbList\",\"@id\":\"https:\\\/\\\/www.organisator.ch\\\/human-resources\\\/2022-04-14\\\/18-ostschweizer-personaltag-arbeitswelten-in-rasantem-wandel\\\/#breadcrumb\",\"itemListElement\":[{\"@type\":\"ListItem\",\"position\":1,\"name\":\"Home\",\"item\":\"https:\\\/\\\/www.organisator.ch\\\/\"},{\"@type\":\"ListItem\",\"position\":2,\"name\":\"18. Ostschweizer Personaltag: Arbeitswelten in rasantem Wandel\"}]},{\"@type\":\"WebSite\",\"@id\":\"https:\\\/\\\/www.organisator.ch\\\/#website\",\"url\":\"https:\\\/\\\/www.organisator.ch\\\/\",\"name\":\"Organisator\",\"description\":\"Kompetent. Praxisnah. Der ORGANISATOR bereitet in 10 Ausgaben pro Jahr die wesentlichen Themen f\u00fcr F\u00fchrungskr\u00e4fte von KMU auf.\",\"publisher\":{\"@id\":\"https:\\\/\\\/www.organisator.ch\\\/#organization\"},\"potentialAction\":[{\"@type\":\"SearchAction\",\"target\":{\"@type\":\"EntryPoint\",\"urlTemplate\":\"https:\\\/\\\/www.organisator.ch\\\/?s={search_term_string}\"},\"query-input\":{\"@type\":\"PropertyValueSpecification\",\"valueRequired\":true,\"valueName\":\"search_term_string\"}}],\"inLanguage\":\"it-IT\"},{\"@type\":\"Organization\",\"@id\":\"https:\\\/\\\/www.organisator.ch\\\/#organization\",\"name\":\"Organisator\",\"url\":\"https:\\\/\\\/www.organisator.ch\\\/\",\"logo\":{\"@type\":\"ImageObject\",\"inLanguage\":\"it-IT\",\"@id\":\"https:\\\/\\\/www.organisator.ch\\\/#\\\/schema\\\/logo\\\/image\\\/\",\"url\":\"https:\\\/\\\/www.organisator.ch\\\/wp-content\\\/uploads\\\/2022\\\/01\\\/Logo_Organisator_Website.png\",\"contentUrl\":\"https:\\\/\\\/www.organisator.ch\\\/wp-content\\\/uploads\\\/2022\\\/01\\\/Logo_Organisator_Website.png\",\"width\":800,\"height\":77,\"caption\":\"Organisator\"},\"image\":{\"@id\":\"https:\\\/\\\/www.organisator.ch\\\/#\\\/schema\\\/logo\\\/image\\\/\"},\"sameAs\":[\"https:\\\/\\\/www.facebook.com\\\/OrganisatorFachmagazin\",\"https:\\\/\\\/www.linkedin.com\\\/showcase\\\/organisator-das-magazin-fr-kmu\",\"https:\\\/\\\/www.xing.com\\\/news\\\/pages\\\/organisator-ch-695\",\"https:\\\/\\\/www.youtube.com\\\/channel\\\/UCGP2Sq0iWaZwT3BdIAQFYpw\"]},{\"@type\":\"Person\",\"@id\":\"https:\\\/\\\/www.organisator.ch\\\/#\\\/schema\\\/person\\\/6f650f90b2842cd4c0cc334b4e36f67e\",\"name\":\"thomas.berner\",\"image\":{\"@type\":\"ImageObject\",\"inLanguage\":\"it-IT\",\"@id\":\"https:\\\/\\\/secure.gravatar.com\\\/avatar\\\/ac5001d2a36cb6c6cd3e50789007ffca834b477b74a2144564522e944eabff61?s=96&d=mm&r=g\",\"url\":\"https:\\\/\\\/secure.gravatar.com\\\/avatar\\\/ac5001d2a36cb6c6cd3e50789007ffca834b477b74a2144564522e944eabff61?s=96&d=mm&r=g\",\"contentUrl\":\"https:\\\/\\\/secure.gravatar.com\\\/avatar\\\/ac5001d2a36cb6c6cd3e50789007ffca834b477b74a2144564522e944eabff61?s=96&d=mm&r=g\",\"caption\":\"thomas.berner\"},\"url\":\"https:\\\/\\\/www.organisator.ch\\\/it\\\/author\\\/thomas-berner\\\/\"}]}<\/script>\n<!-- \/ Yoast SEO plugin. -->","yoast_head_json":{"title":"18a Giornata HR della Svizzera orientale: mondi lavorativi in rapido cambiamento - Organizzatore","description":"La 18a Giornata delle risorse umane della Svizzera orientale, che si terr\u00e0 il 15 settembre 2022 a San Gallo, sar\u00e0 incentrata sul cambiamento.","robots":{"index":"index","follow":"follow","max-snippet":"max-snippet:-1","max-image-preview":"max-image-preview:large","max-video-preview":"max-video-preview:-1"},"canonical":"https:\/\/www.organisator.ch\/it\/risorse-umane\/2022-04-14\/18-svizzera-orientale-personale-giorno-lavoro-mondo-in-rapido-cambiamento\/","og_locale":"it_IT","og_type":"article","og_title":"18. Ostschweizer Personaltag: Arbeitswelten in rasantem Wandel","og_description":"Der 18. Ostschweizer Personaltag, der am 15. September 2022 in St.Gallen stattfindet, steht im Zeichen des Wandels.","og_url":"https:\/\/www.organisator.ch\/it\/risorse-umane\/2022-04-14\/18-svizzera-orientale-personale-giorno-lavoro-mondo-in-rapido-cambiamento\/","og_site_name":"Organisator","article_publisher":"https:\/\/www.facebook.com\/OrganisatorFachmagazin","article_published_time":"2022-04-14T08:24:33+00:00","og_image":[{"width":680,"height":467,"url":"https:\/\/www.organisator.ch\/wp-content\/uploads\/2022\/04\/18.-Ostschweizer-Personaltag-Arbeitswelten-in-rasantem-Wandel_Organisator.jpg","type":"image\/jpeg"}],"author":"thomas.berner","twitter_card":"summary_large_image","twitter_title":"18. Ostschweizer #Personaltag: #Arbeitswelten in rasantem Wandel","twitter_description":"Der 18. Ostschweizer #Personaltag, der am 15. September 2022 in #St.Gallen stattfindet, steht im Zeichen des Wandels.","twitter_image":"https:\/\/www.organisator.ch\/wp-content\/uploads\/2022\/04\/18.-Ostschweizer-Personaltag-Arbeitswelten-in-rasantem-Wandel_Organisator.jpg","schema":{"@context":"https:\/\/schema.org","@graph":[{"@type":"Article","@id":"https:\/\/www.organisator.ch\/human-resources\/2022-04-14\/18-ostschweizer-personaltag-arbeitswelten-in-rasantem-wandel\/#article","isPartOf":{"@id":"https:\/\/www.organisator.ch\/human-resources\/2022-04-14\/18-ostschweizer-personaltag-arbeitswelten-in-rasantem-wandel\/"},"author":{"name":"thomas.berner","@id":"https:\/\/www.organisator.ch\/#\/schema\/person\/6f650f90b2842cd4c0cc334b4e36f67e"},"headline":"18. Ostschweizer Personaltag: Arbeitswelten in rasantem Wandel","datePublished":"2022-04-14T08:24:33+00:00","mainEntityOfPage":{"@id":"https:\/\/www.organisator.ch\/human-resources\/2022-04-14\/18-ostschweizer-personaltag-arbeitswelten-in-rasantem-wandel\/"},"wordCount":379,"publisher":{"@id":"https:\/\/www.organisator.ch\/#organization"},"image":{"@id":"https:\/\/www.organisator.ch\/human-resources\/2022-04-14\/18-ostschweizer-personaltag-arbeitswelten-in-rasantem-wandel\/#primaryimage"},"thumbnailUrl":"https:\/\/www.organisator.ch\/wp-content\/uploads\/2022\/04\/18.-Ostschweizer-Personaltag-Arbeitswelten-in-rasantem-Wandel_Organisator.jpg","keywords":["HRM","New Work","Personaltag","Veranstaltungen"],"articleSection":["HUMAN RESOURCES"],"inLanguage":"it-IT"},{"@type":"WebPage","@id":"https:\/\/www.organisator.ch\/human-resources\/2022-04-14\/18-ostschweizer-personaltag-arbeitswelten-in-rasantem-wandel\/","url":"https:\/\/www.organisator.ch\/human-resources\/2022-04-14\/18-ostschweizer-personaltag-arbeitswelten-in-rasantem-wandel\/","name":"18a Giornata HR della Svizzera orientale: mondi lavorativi in rapido cambiamento - Organizzatore","isPartOf":{"@id":"https:\/\/www.organisator.ch\/#website"},"primaryImageOfPage":{"@id":"https:\/\/www.organisator.ch\/human-resources\/2022-04-14\/18-ostschweizer-personaltag-arbeitswelten-in-rasantem-wandel\/#primaryimage"},"image":{"@id":"https:\/\/www.organisator.ch\/human-resources\/2022-04-14\/18-ostschweizer-personaltag-arbeitswelten-in-rasantem-wandel\/#primaryimage"},"thumbnailUrl":"https:\/\/www.organisator.ch\/wp-content\/uploads\/2022\/04\/18.-Ostschweizer-Personaltag-Arbeitswelten-in-rasantem-Wandel_Organisator.jpg","datePublished":"2022-04-14T08:24:33+00:00","description":"La 18a Giornata delle risorse umane della Svizzera orientale, che si terr\u00e0 il 15 settembre 2022 a San Gallo, sar\u00e0 incentrata sul cambiamento.","breadcrumb":{"@id":"https:\/\/www.organisator.ch\/human-resources\/2022-04-14\/18-ostschweizer-personaltag-arbeitswelten-in-rasantem-wandel\/#breadcrumb"},"inLanguage":"it-IT","potentialAction":[{"@type":"ReadAction","target":["https:\/\/www.organisator.ch\/human-resources\/2022-04-14\/18-ostschweizer-personaltag-arbeitswelten-in-rasantem-wandel\/"]}]},{"@type":"ImageObject","inLanguage":"it-IT","@id":"https:\/\/www.organisator.ch\/human-resources\/2022-04-14\/18-ostschweizer-personaltag-arbeitswelten-in-rasantem-wandel\/#primaryimage","url":"https:\/\/www.organisator.ch\/wp-content\/uploads\/2022\/04\/18.-Ostschweizer-Personaltag-Arbeitswelten-in-rasantem-Wandel_Organisator.jpg","contentUrl":"https:\/\/www.organisator.ch\/wp-content\/uploads\/2022\/04\/18.-Ostschweizer-Personaltag-Arbeitswelten-in-rasantem-Wandel_Organisator.jpg","width":680,"height":467,"caption":"Die Referentinnen und Referenten am 18. Ostschweizer Personaltag (im Uhrzeigersinn): Carlos Frischmuth, Elke Thamm, Sarah Genner, Stefan Camenzind. (Bilder: zVg)"},{"@type":"BreadcrumbList","@id":"https:\/\/www.organisator.ch\/human-resources\/2022-04-14\/18-ostschweizer-personaltag-arbeitswelten-in-rasantem-wandel\/#breadcrumb","itemListElement":[{"@type":"ListItem","position":1,"name":"Home","item":"https:\/\/www.organisator.ch\/"},{"@type":"ListItem","position":2,"name":"18. Ostschweizer Personaltag: Arbeitswelten in rasantem Wandel"}]},{"@type":"WebSite","@id":"https:\/\/www.organisator.ch\/#website","url":"https:\/\/www.organisator.ch\/","name":"Organizzatore","description":"Competente. Pratico. In 10 numeri all'anno, ORGANISATOR presenta i temi essenziali per i manager delle PMI.","publisher":{"@id":"https:\/\/www.organisator.ch\/#organization"},"potentialAction":[{"@type":"SearchAction","target":{"@type":"EntryPoint","urlTemplate":"https:\/\/www.organisator.ch\/?s={search_term_string}"},"query-input":{"@type":"PropertyValueSpecification","valueRequired":true,"valueName":"search_term_string"}}],"inLanguage":"it-IT"},{"@type":"Organization","@id":"https:\/\/www.organisator.ch\/#organization","name":"Organizzatore","url":"https:\/\/www.organisator.ch\/","logo":{"@type":"ImageObject","inLanguage":"it-IT","@id":"https:\/\/www.organisator.ch\/#\/schema\/logo\/image\/","url":"https:\/\/www.organisator.ch\/wp-content\/uploads\/2022\/01\/Logo_Organisator_Website.png","contentUrl":"https:\/\/www.organisator.ch\/wp-content\/uploads\/2022\/01\/Logo_Organisator_Website.png","width":800,"height":77,"caption":"Organisator"},"image":{"@id":"https:\/\/www.organisator.ch\/#\/schema\/logo\/image\/"},"sameAs":["https:\/\/www.facebook.com\/OrganisatorFachmagazin","https:\/\/www.linkedin.com\/showcase\/organisator-das-magazin-fr-kmu","https:\/\/www.xing.com\/news\/pages\/organisator-ch-695","https:\/\/www.youtube.com\/channel\/UCGP2Sq0iWaZwT3BdIAQFYpw"]},{"@type":"Person","@id":"https:\/\/www.organisator.ch\/#\/schema\/person\/6f650f90b2842cd4c0cc334b4e36f67e","name":"Tommaso.berner","image":{"@type":"ImageObject","inLanguage":"it-IT","@id":"https:\/\/secure.gravatar.com\/avatar\/ac5001d2a36cb6c6cd3e50789007ffca834b477b74a2144564522e944eabff61?s=96&d=mm&r=g","url":"https:\/\/secure.gravatar.com\/avatar\/ac5001d2a36cb6c6cd3e50789007ffca834b477b74a2144564522e944eabff61?s=96&d=mm&r=g","contentUrl":"https:\/\/secure.gravatar.com\/avatar\/ac5001d2a36cb6c6cd3e50789007ffca834b477b74a2144564522e944eabff61?s=96&d=mm&r=g","caption":"thomas.berner"},"url":"https:\/\/www.organisator.ch\/it\/author\/thomas-berner\/"}]}},"_links":{"self":[{"href":"https:\/\/www.organisator.ch\/it\/wp-json\/wp\/v2\/posts\/12531","targetHints":{"allow":["GET"]}}],"collection":[{"href":"https:\/\/www.organisator.ch\/it\/wp-json\/wp\/v2\/posts"}],"about":[{"href":"https:\/\/www.organisator.ch\/it\/wp-json\/wp\/v2\/types\/post"}],"author":[{"embeddable":true,"href":"https:\/\/www.organisator.ch\/it\/wp-json\/wp\/v2\/users\/4"}],"replies":[{"embeddable":true,"href":"https:\/\/www.organisator.ch\/it\/wp-json\/wp\/v2\/comments?post=12531"}],"version-history":[{"count":1,"href":"https:\/\/www.organisator.ch\/it\/wp-json\/wp\/v2\/posts\/12531\/revisions"}],"predecessor-version":[{"id":12533,"href":"https:\/\/www.organisator.ch\/it\/wp-json\/wp\/v2\/posts\/12531\/revisions\/12533"}],"wp:featuredmedia":[{"embeddable":true,"href":"https:\/\/www.organisator.ch\/it\/wp-json\/wp\/v2\/media\/12532"}],"wp:attachment":[{"href":"https:\/\/www.organisator.ch\/it\/wp-json\/wp\/v2\/media?parent=12531"}],"wp:term":[{"taxonomy":"category","embeddable":true,"href":"https:\/\/www.organisator.ch\/it\/wp-json\/wp\/v2\/categories?post=12531"},{"taxonomy":"post_tag","embeddable":true,"href":"https:\/\/www.organisator.ch\/it\/wp-json\/wp\/v2\/tags?post=12531"}],"curies":[{"name":"wp","href":"https:\/\/api.w.org\/{rel}","templated":true}]}}