{"id":12542,"date":"2022-04-13T08:08:05","date_gmt":"2022-04-13T06:08:05","guid":{"rendered":"https:\/\/www.organisator.ch\/?p=12542"},"modified":"2022-04-08T08:31:12","modified_gmt":"2022-04-08T06:31:12","slug":"swiss-leaders-mit-neuer-co-leitung","status":"publish","type":"post","link":"https:\/\/www.organisator.ch\/it\/management\/2022-04-13\/swiss-leaders-mit-neuer-co-leitung\/","title":{"rendered":"Leader svizzeri con una nuova co-leadership"},"content":{"rendered":"<figure id=\"attachment_12543\" aria-describedby=\"caption-attachment-12543\" style=\"width: 680px\" class=\"wp-caption alignnone\"><img loading=\"lazy\" decoding=\"async\" class=\"size-full wp-image-12543\" src=\"https:\/\/www.organisator.ch\/wp-content\/uploads\/2022\/04\/Swiss-Leaders-mit-neuer-Co-Leitung_Organisator.jpg\" alt=\"\" width=\"680\" height=\"342\" srcset=\"https:\/\/www.organisator.ch\/wp-content\/uploads\/2022\/04\/Swiss-Leaders-mit-neuer-Co-Leitung_Organisator.jpg 680w, https:\/\/www.organisator.ch\/wp-content\/uploads\/2022\/04\/Swiss-Leaders-mit-neuer-Co-Leitung_Organisator-18x9.jpg 18w, https:\/\/www.organisator.ch\/wp-content\/uploads\/2022\/04\/Swiss-Leaders-mit-neuer-Co-Leitung_Organisator-348x175.jpg 348w, https:\/\/www.organisator.ch\/wp-content\/uploads\/2022\/04\/Swiss-Leaders-mit-neuer-Co-Leitung_Organisator-300x151.jpg 300w\" sizes=\"auto, (max-width: 680px) 100vw, 680px\" \/><figcaption id=\"caption-attachment-12543\" class=\"wp-caption-text\">Claire-Lise Rimaz e J\u00fcrg Eggenberger dirigeranno insieme l'associazione Swiss Leaders dal giugno 2022. (Immagine: Swiss Leaders)<\/figcaption><\/figure>\n<p>L'associazione Swiss Leaders con i suoi oltre 10.000 membri si sta riorganizzando. L'ultimo passo lungimirante \u00e8 la creazione di una nuova cogestione: Claire-Lise Rimaz a Losanna e J\u00fcrg Eggenberger a Zurigo guideranno l'associazione come cogestori dal 1\u00b0 giugno 2022. In questo modo, l'associazione professionale dei manager vuole rafforzare la sua posizione nazionale e allo stesso tempo preparare la successione nel comitato esecutivo.<\/p>\n<p>Claire-Lise Rimaz assumer\u00e0 il suo incarico di co-direttore esecutivo all'inizio di giugno. La 41enne di Friburgo continua il suo impegno nell'associazione dopo quasi quattro anni come responsabile della Romandia all'interno dell'organizzazione. Sulla base degli ottimi risultati che ha ottenuto nella sua funzione, secondo le informazioni dell'associazione stessa, sar\u00e0 responsabile dell'ulteriore sviluppo dei diversi servizi dell'associazione e delle attivit\u00e0 future. Dominique de Buman continuer\u00e0 a presiedere Swiss Leaders.<\/p>\n<p>J\u00fcrg Eggenberger ha assunto la direzione di quella che \u00e8 probabilmente la pi\u00f9 importante associazione professionale per quadri in Svizzera nell'aprile 2013. Sullo sfondo della pianificazione legislativa 2023-25, \u00e8 giunto alla conclusione che una nuova persona dovrebbe guidare l'associazione nel futuro. Si dimetter\u00e0 da tutte le sue funzioni e lascer\u00e0 i dirigenti svizzeri al pi\u00f9 tardi nel novembre 2024. Le misure che sono state avviate sono ora destinate a garantire che il cambiamento sia avviato nelle migliori condizioni possibili. In stretta collaborazione con la direzione dell'associazione, si stanno definendo i requisiti e le funzioni da ricoprire, che rafforzeranno Swiss Leaders nei prossimi mesi. I membri dell'associazione riceveranno le informazioni pertinenti a tempo debito.<\/p>\n<p><a href=\"http:\/\/www.swissleaders.ch\"><em>Fonte e ulteriori informazioni<\/em><\/a><\/p>","protected":false},"excerpt":{"rendered":"<p>Der Verband Swiss Leaders mit seinen \u00fcber 10&#8217;000 Mitgliedern stellt sich organisatorisch neu auf. Der j\u00fcngste zukunftsweisende Schritt besteht in der Schaffung einer neuen Co-Leitung: Claire-Lise Rimaz in Lausanne und J\u00fcrg Eggenberger in Z\u00fcrich werden den Verband ab dem 1. Juni 2022 als Co-Gesch\u00e4ftsf\u00fchrer leiten. Der Fachverband f\u00fcr F\u00fchrungskr\u00e4fte will damit seine nationale Position st\u00e4rken [&hellip;]<\/p>\n","protected":false},"author":4,"featured_media":12543,"comment_status":"closed","ping_status":"closed","sticky":false,"template":"","format":"standard","meta":{"_acf_changed":false,"_yoast_wpseo_focuskw":"Swiss Leaders","_yoast_wpseo_metadesc":"Swiss Leaders, ehemals Schweizer Kader Organisation, organisiert sich neu und verst\u00e4rkt mit einer neuen Co-Leitung seine nationale Pr\u00e4senz.","articlekey":"","footnotes":""},"categories":[28],"tags":[334,381,503],"class_list":["post-12542","post","type-post","status-publish","format-standard","has-post-thumbnail","hentry","category-management","tag-management","tag-personalia","tag-verbaende"],"acf":[],"yoast_head":"<!-- This site is optimized with the Yoast SEO plugin v27.5 - https:\/\/yoast.com\/product\/yoast-seo-wordpress\/ -->\n<title>Swiss Leaders mit neuer Co-Leitung - Organisator<\/title>\n<meta name=\"description\" content=\"Swiss Leaders, ehemals Schweizer Kader Organisation, organisiert sich neu und verst\u00e4rkt mit einer neuen Co-Leitung seine nationale Pr\u00e4senz.\" \/>\n<meta name=\"robots\" content=\"index, follow, max-snippet:-1, max-image-preview:large, max-video-preview:-1\" \/>\n<link rel=\"canonical\" href=\"https:\/\/www.organisator.ch\/it\/gestione-2\/2022-04-13\/swiss-leaders-mit-neuer-co-leitung\/\" \/>\n<meta property=\"og:locale\" content=\"it_IT\" \/>\n<meta property=\"og:type\" content=\"article\" \/>\n<meta property=\"og:title\" content=\"Swiss Leaders mit neuer Co-Leitung\" \/>\n<meta property=\"og:description\" content=\"Swiss Leaders, ehemals Schweizer Kader Organisation, organisiert sich neu und verst\u00e4rkt mit einer neuen Co-Leitung seine nationale Pr\u00e4senz.\" \/>\n<meta property=\"og:url\" content=\"https:\/\/www.organisator.ch\/it\/gestione-2\/2022-04-13\/swiss-leaders-mit-neuer-co-leitung\/\" \/>\n<meta property=\"og:site_name\" content=\"Organisator\" \/>\n<meta property=\"article:publisher\" content=\"https:\/\/www.facebook.com\/OrganisatorFachmagazin\" \/>\n<meta property=\"article:published_time\" content=\"2022-04-13T06:08:05+00:00\" \/>\n<meta property=\"og:image\" content=\"https:\/\/www.organisator.ch\/wp-content\/uploads\/2022\/04\/Swiss-Leaders-mit-neuer-Co-Leitung_Organisator.jpg\" \/>\n\t<meta property=\"og:image:width\" content=\"680\" \/>\n\t<meta property=\"og:image:height\" content=\"342\" \/>\n\t<meta property=\"og:image:type\" content=\"image\/jpeg\" \/>\n<meta name=\"author\" content=\"thomas.berner\" \/>\n<meta name=\"twitter:card\" content=\"summary_large_image\" \/>\n<meta name=\"twitter:title\" content=\"#SwissLeaders mit neuer #Co-Leitung\" \/>\n<meta name=\"twitter:description\" content=\"#SwissLeaders, ehemals Schweizer Kader Organisation, organisiert sich neu und verst\u00e4rkt mit einer neuen #Co-Leitung seine nationale Pr\u00e4senz.\" \/>\n<meta name=\"twitter:image\" content=\"https:\/\/www.organisator.ch\/wp-content\/uploads\/2022\/04\/Swiss-Leaders-mit-neuer-Co-Leitung_Organisator.jpg\" \/>\n<script type=\"application\/ld+json\" class=\"yoast-schema-graph\">{\"@context\":\"https:\\\/\\\/schema.org\",\"@graph\":[{\"@type\":\"Article\",\"@id\":\"https:\\\/\\\/www.organisator.ch\\\/management\\\/2022-04-13\\\/swiss-leaders-mit-neuer-co-leitung\\\/#article\",\"isPartOf\":{\"@id\":\"https:\\\/\\\/www.organisator.ch\\\/management\\\/2022-04-13\\\/swiss-leaders-mit-neuer-co-leitung\\\/\"},\"author\":{\"name\":\"thomas.berner\",\"@id\":\"https:\\\/\\\/www.organisator.ch\\\/#\\\/schema\\\/person\\\/6f650f90b2842cd4c0cc334b4e36f67e\"},\"headline\":\"Swiss Leaders mit neuer Co-Leitung\",\"datePublished\":\"2022-04-13T06:08:05+00:00\",\"mainEntityOfPage\":{\"@id\":\"https:\\\/\\\/www.organisator.ch\\\/management\\\/2022-04-13\\\/swiss-leaders-mit-neuer-co-leitung\\\/\"},\"wordCount\":293,\"publisher\":{\"@id\":\"https:\\\/\\\/www.organisator.ch\\\/#organization\"},\"image\":{\"@id\":\"https:\\\/\\\/www.organisator.ch\\\/management\\\/2022-04-13\\\/swiss-leaders-mit-neuer-co-leitung\\\/#primaryimage\"},\"thumbnailUrl\":\"https:\\\/\\\/www.organisator.ch\\\/wp-content\\\/uploads\\\/2022\\\/04\\\/Swiss-Leaders-mit-neuer-Co-Leitung_Organisator.jpg\",\"keywords\":[\"Management\",\"Personalia\",\"Verb\u00e4nde\"],\"articleSection\":[\"MANAGEMENT\"],\"inLanguage\":\"it-IT\"},{\"@type\":\"WebPage\",\"@id\":\"https:\\\/\\\/www.organisator.ch\\\/management\\\/2022-04-13\\\/swiss-leaders-mit-neuer-co-leitung\\\/\",\"url\":\"https:\\\/\\\/www.organisator.ch\\\/management\\\/2022-04-13\\\/swiss-leaders-mit-neuer-co-leitung\\\/\",\"name\":\"Swiss Leaders mit neuer Co-Leitung - Organisator\",\"isPartOf\":{\"@id\":\"https:\\\/\\\/www.organisator.ch\\\/#website\"},\"primaryImageOfPage\":{\"@id\":\"https:\\\/\\\/www.organisator.ch\\\/management\\\/2022-04-13\\\/swiss-leaders-mit-neuer-co-leitung\\\/#primaryimage\"},\"image\":{\"@id\":\"https:\\\/\\\/www.organisator.ch\\\/management\\\/2022-04-13\\\/swiss-leaders-mit-neuer-co-leitung\\\/#primaryimage\"},\"thumbnailUrl\":\"https:\\\/\\\/www.organisator.ch\\\/wp-content\\\/uploads\\\/2022\\\/04\\\/Swiss-Leaders-mit-neuer-Co-Leitung_Organisator.jpg\",\"datePublished\":\"2022-04-13T06:08:05+00:00\",\"description\":\"Swiss Leaders, ehemals Schweizer Kader Organisation, organisiert sich neu und verst\u00e4rkt mit einer neuen Co-Leitung seine nationale Pr\u00e4senz.\",\"breadcrumb\":{\"@id\":\"https:\\\/\\\/www.organisator.ch\\\/management\\\/2022-04-13\\\/swiss-leaders-mit-neuer-co-leitung\\\/#breadcrumb\"},\"inLanguage\":\"it-IT\",\"potentialAction\":[{\"@type\":\"ReadAction\",\"target\":[\"https:\\\/\\\/www.organisator.ch\\\/management\\\/2022-04-13\\\/swiss-leaders-mit-neuer-co-leitung\\\/\"]}]},{\"@type\":\"ImageObject\",\"inLanguage\":\"it-IT\",\"@id\":\"https:\\\/\\\/www.organisator.ch\\\/management\\\/2022-04-13\\\/swiss-leaders-mit-neuer-co-leitung\\\/#primaryimage\",\"url\":\"https:\\\/\\\/www.organisator.ch\\\/wp-content\\\/uploads\\\/2022\\\/04\\\/Swiss-Leaders-mit-neuer-Co-Leitung_Organisator.jpg\",\"contentUrl\":\"https:\\\/\\\/www.organisator.ch\\\/wp-content\\\/uploads\\\/2022\\\/04\\\/Swiss-Leaders-mit-neuer-Co-Leitung_Organisator.jpg\",\"width\":680,\"height\":342,\"caption\":\"Claire-Lise Rimaz und J\u00fcrg Eggenberger werden ab Juni 2022 den Verband Swiss Leaders gemeinsam leiten. (Bild: Swiss Leaders)\"},{\"@type\":\"BreadcrumbList\",\"@id\":\"https:\\\/\\\/www.organisator.ch\\\/management\\\/2022-04-13\\\/swiss-leaders-mit-neuer-co-leitung\\\/#breadcrumb\",\"itemListElement\":[{\"@type\":\"ListItem\",\"position\":1,\"name\":\"Home\",\"item\":\"https:\\\/\\\/www.organisator.ch\\\/\"},{\"@type\":\"ListItem\",\"position\":2,\"name\":\"Swiss Leaders mit neuer Co-Leitung\"}]},{\"@type\":\"WebSite\",\"@id\":\"https:\\\/\\\/www.organisator.ch\\\/#website\",\"url\":\"https:\\\/\\\/www.organisator.ch\\\/\",\"name\":\"Organisator\",\"description\":\"Kompetent. Praxisnah. Der ORGANISATOR bereitet in 10 Ausgaben pro Jahr die wesentlichen Themen f\u00fcr F\u00fchrungskr\u00e4fte von KMU auf.\",\"publisher\":{\"@id\":\"https:\\\/\\\/www.organisator.ch\\\/#organization\"},\"potentialAction\":[{\"@type\":\"SearchAction\",\"target\":{\"@type\":\"EntryPoint\",\"urlTemplate\":\"https:\\\/\\\/www.organisator.ch\\\/?s={search_term_string}\"},\"query-input\":{\"@type\":\"PropertyValueSpecification\",\"valueRequired\":true,\"valueName\":\"search_term_string\"}}],\"inLanguage\":\"it-IT\"},{\"@type\":\"Organization\",\"@id\":\"https:\\\/\\\/www.organisator.ch\\\/#organization\",\"name\":\"Organisator\",\"url\":\"https:\\\/\\\/www.organisator.ch\\\/\",\"logo\":{\"@type\":\"ImageObject\",\"inLanguage\":\"it-IT\",\"@id\":\"https:\\\/\\\/www.organisator.ch\\\/#\\\/schema\\\/logo\\\/image\\\/\",\"url\":\"https:\\\/\\\/www.organisator.ch\\\/wp-content\\\/uploads\\\/2022\\\/01\\\/Logo_Organisator_Website.png\",\"contentUrl\":\"https:\\\/\\\/www.organisator.ch\\\/wp-content\\\/uploads\\\/2022\\\/01\\\/Logo_Organisator_Website.png\",\"width\":800,\"height\":77,\"caption\":\"Organisator\"},\"image\":{\"@id\":\"https:\\\/\\\/www.organisator.ch\\\/#\\\/schema\\\/logo\\\/image\\\/\"},\"sameAs\":[\"https:\\\/\\\/www.facebook.com\\\/OrganisatorFachmagazin\",\"https:\\\/\\\/www.linkedin.com\\\/showcase\\\/organisator-das-magazin-fr-kmu\",\"https:\\\/\\\/www.xing.com\\\/news\\\/pages\\\/organisator-ch-695\",\"https:\\\/\\\/www.youtube.com\\\/channel\\\/UCGP2Sq0iWaZwT3BdIAQFYpw\"]},{\"@type\":\"Person\",\"@id\":\"https:\\\/\\\/www.organisator.ch\\\/#\\\/schema\\\/person\\\/6f650f90b2842cd4c0cc334b4e36f67e\",\"name\":\"thomas.berner\",\"image\":{\"@type\":\"ImageObject\",\"inLanguage\":\"it-IT\",\"@id\":\"https:\\\/\\\/secure.gravatar.com\\\/avatar\\\/ac5001d2a36cb6c6cd3e50789007ffca834b477b74a2144564522e944eabff61?s=96&d=mm&r=g\",\"url\":\"https:\\\/\\\/secure.gravatar.com\\\/avatar\\\/ac5001d2a36cb6c6cd3e50789007ffca834b477b74a2144564522e944eabff61?s=96&d=mm&r=g\",\"contentUrl\":\"https:\\\/\\\/secure.gravatar.com\\\/avatar\\\/ac5001d2a36cb6c6cd3e50789007ffca834b477b74a2144564522e944eabff61?s=96&d=mm&r=g\",\"caption\":\"thomas.berner\"},\"url\":\"https:\\\/\\\/www.organisator.ch\\\/it\\\/author\\\/thomas-berner\\\/\"}]}<\/script>\n<!-- \/ Yoast SEO plugin. -->","yoast_head_json":{"title":"Swiss Leaders con la nuova co-leadership - Organizzatore","description":"Swiss Leaders, ex Schweizer Kader Organisation, si riorganizza e rafforza la sua presenza nazionale con una nuova co-leadership.","robots":{"index":"index","follow":"follow","max-snippet":"max-snippet:-1","max-image-preview":"max-image-preview:large","max-video-preview":"max-video-preview:-1"},"canonical":"https:\/\/www.organisator.ch\/it\/gestione-2\/2022-04-13\/swiss-leaders-mit-neuer-co-leitung\/","og_locale":"it_IT","og_type":"article","og_title":"Swiss Leaders mit neuer Co-Leitung","og_description":"Swiss Leaders, ehemals Schweizer Kader Organisation, organisiert sich neu und verst\u00e4rkt mit einer neuen Co-Leitung seine nationale Pr\u00e4senz.","og_url":"https:\/\/www.organisator.ch\/it\/gestione-2\/2022-04-13\/swiss-leaders-mit-neuer-co-leitung\/","og_site_name":"Organisator","article_publisher":"https:\/\/www.facebook.com\/OrganisatorFachmagazin","article_published_time":"2022-04-13T06:08:05+00:00","og_image":[{"width":680,"height":342,"url":"https:\/\/www.organisator.ch\/wp-content\/uploads\/2022\/04\/Swiss-Leaders-mit-neuer-Co-Leitung_Organisator.jpg","type":"image\/jpeg"}],"author":"thomas.berner","twitter_card":"summary_large_image","twitter_title":"#SwissLeaders mit neuer #Co-Leitung","twitter_description":"#SwissLeaders, ehemals Schweizer Kader Organisation, organisiert sich neu und verst\u00e4rkt mit einer neuen #Co-Leitung seine nationale Pr\u00e4senz.","twitter_image":"https:\/\/www.organisator.ch\/wp-content\/uploads\/2022\/04\/Swiss-Leaders-mit-neuer-Co-Leitung_Organisator.jpg","schema":{"@context":"https:\/\/schema.org","@graph":[{"@type":"Article","@id":"https:\/\/www.organisator.ch\/management\/2022-04-13\/swiss-leaders-mit-neuer-co-leitung\/#article","isPartOf":{"@id":"https:\/\/www.organisator.ch\/management\/2022-04-13\/swiss-leaders-mit-neuer-co-leitung\/"},"author":{"name":"thomas.berner","@id":"https:\/\/www.organisator.ch\/#\/schema\/person\/6f650f90b2842cd4c0cc334b4e36f67e"},"headline":"Swiss Leaders mit neuer Co-Leitung","datePublished":"2022-04-13T06:08:05+00:00","mainEntityOfPage":{"@id":"https:\/\/www.organisator.ch\/management\/2022-04-13\/swiss-leaders-mit-neuer-co-leitung\/"},"wordCount":293,"publisher":{"@id":"https:\/\/www.organisator.ch\/#organization"},"image":{"@id":"https:\/\/www.organisator.ch\/management\/2022-04-13\/swiss-leaders-mit-neuer-co-leitung\/#primaryimage"},"thumbnailUrl":"https:\/\/www.organisator.ch\/wp-content\/uploads\/2022\/04\/Swiss-Leaders-mit-neuer-Co-Leitung_Organisator.jpg","keywords":["Management","Personalia","Verb\u00e4nde"],"articleSection":["MANAGEMENT"],"inLanguage":"it-IT"},{"@type":"WebPage","@id":"https:\/\/www.organisator.ch\/management\/2022-04-13\/swiss-leaders-mit-neuer-co-leitung\/","url":"https:\/\/www.organisator.ch\/management\/2022-04-13\/swiss-leaders-mit-neuer-co-leitung\/","name":"Swiss Leaders con la nuova co-leadership - Organizzatore","isPartOf":{"@id":"https:\/\/www.organisator.ch\/#website"},"primaryImageOfPage":{"@id":"https:\/\/www.organisator.ch\/management\/2022-04-13\/swiss-leaders-mit-neuer-co-leitung\/#primaryimage"},"image":{"@id":"https:\/\/www.organisator.ch\/management\/2022-04-13\/swiss-leaders-mit-neuer-co-leitung\/#primaryimage"},"thumbnailUrl":"https:\/\/www.organisator.ch\/wp-content\/uploads\/2022\/04\/Swiss-Leaders-mit-neuer-Co-Leitung_Organisator.jpg","datePublished":"2022-04-13T06:08:05+00:00","description":"Swiss Leaders, ex Schweizer Kader Organisation, si riorganizza e rafforza la sua presenza nazionale con una nuova co-leadership.","breadcrumb":{"@id":"https:\/\/www.organisator.ch\/management\/2022-04-13\/swiss-leaders-mit-neuer-co-leitung\/#breadcrumb"},"inLanguage":"it-IT","potentialAction":[{"@type":"ReadAction","target":["https:\/\/www.organisator.ch\/management\/2022-04-13\/swiss-leaders-mit-neuer-co-leitung\/"]}]},{"@type":"ImageObject","inLanguage":"it-IT","@id":"https:\/\/www.organisator.ch\/management\/2022-04-13\/swiss-leaders-mit-neuer-co-leitung\/#primaryimage","url":"https:\/\/www.organisator.ch\/wp-content\/uploads\/2022\/04\/Swiss-Leaders-mit-neuer-Co-Leitung_Organisator.jpg","contentUrl":"https:\/\/www.organisator.ch\/wp-content\/uploads\/2022\/04\/Swiss-Leaders-mit-neuer-Co-Leitung_Organisator.jpg","width":680,"height":342,"caption":"Claire-Lise Rimaz und J\u00fcrg Eggenberger werden ab Juni 2022 den Verband Swiss Leaders gemeinsam leiten. (Bild: Swiss Leaders)"},{"@type":"BreadcrumbList","@id":"https:\/\/www.organisator.ch\/management\/2022-04-13\/swiss-leaders-mit-neuer-co-leitung\/#breadcrumb","itemListElement":[{"@type":"ListItem","position":1,"name":"Home","item":"https:\/\/www.organisator.ch\/"},{"@type":"ListItem","position":2,"name":"Swiss Leaders mit neuer Co-Leitung"}]},{"@type":"WebSite","@id":"https:\/\/www.organisator.ch\/#website","url":"https:\/\/www.organisator.ch\/","name":"Organizzatore","description":"Competente. Pratico. In 10 numeri all'anno, ORGANISATOR presenta i temi essenziali per i manager delle PMI.","publisher":{"@id":"https:\/\/www.organisator.ch\/#organization"},"potentialAction":[{"@type":"SearchAction","target":{"@type":"EntryPoint","urlTemplate":"https:\/\/www.organisator.ch\/?s={search_term_string}"},"query-input":{"@type":"PropertyValueSpecification","valueRequired":true,"valueName":"search_term_string"}}],"inLanguage":"it-IT"},{"@type":"Organization","@id":"https:\/\/www.organisator.ch\/#organization","name":"Organizzatore","url":"https:\/\/www.organisator.ch\/","logo":{"@type":"ImageObject","inLanguage":"it-IT","@id":"https:\/\/www.organisator.ch\/#\/schema\/logo\/image\/","url":"https:\/\/www.organisator.ch\/wp-content\/uploads\/2022\/01\/Logo_Organisator_Website.png","contentUrl":"https:\/\/www.organisator.ch\/wp-content\/uploads\/2022\/01\/Logo_Organisator_Website.png","width":800,"height":77,"caption":"Organisator"},"image":{"@id":"https:\/\/www.organisator.ch\/#\/schema\/logo\/image\/"},"sameAs":["https:\/\/www.facebook.com\/OrganisatorFachmagazin","https:\/\/www.linkedin.com\/showcase\/organisator-das-magazin-fr-kmu","https:\/\/www.xing.com\/news\/pages\/organisator-ch-695","https:\/\/www.youtube.com\/channel\/UCGP2Sq0iWaZwT3BdIAQFYpw"]},{"@type":"Person","@id":"https:\/\/www.organisator.ch\/#\/schema\/person\/6f650f90b2842cd4c0cc334b4e36f67e","name":"Tommaso.berner","image":{"@type":"ImageObject","inLanguage":"it-IT","@id":"https:\/\/secure.gravatar.com\/avatar\/ac5001d2a36cb6c6cd3e50789007ffca834b477b74a2144564522e944eabff61?s=96&d=mm&r=g","url":"https:\/\/secure.gravatar.com\/avatar\/ac5001d2a36cb6c6cd3e50789007ffca834b477b74a2144564522e944eabff61?s=96&d=mm&r=g","contentUrl":"https:\/\/secure.gravatar.com\/avatar\/ac5001d2a36cb6c6cd3e50789007ffca834b477b74a2144564522e944eabff61?s=96&d=mm&r=g","caption":"thomas.berner"},"url":"https:\/\/www.organisator.ch\/it\/author\/thomas-berner\/"}]}},"_links":{"self":[{"href":"https:\/\/www.organisator.ch\/it\/wp-json\/wp\/v2\/posts\/12542","targetHints":{"allow":["GET"]}}],"collection":[{"href":"https:\/\/www.organisator.ch\/it\/wp-json\/wp\/v2\/posts"}],"about":[{"href":"https:\/\/www.organisator.ch\/it\/wp-json\/wp\/v2\/types\/post"}],"author":[{"embeddable":true,"href":"https:\/\/www.organisator.ch\/it\/wp-json\/wp\/v2\/users\/4"}],"replies":[{"embeddable":true,"href":"https:\/\/www.organisator.ch\/it\/wp-json\/wp\/v2\/comments?post=12542"}],"version-history":[{"count":1,"href":"https:\/\/www.organisator.ch\/it\/wp-json\/wp\/v2\/posts\/12542\/revisions"}],"predecessor-version":[{"id":12544,"href":"https:\/\/www.organisator.ch\/it\/wp-json\/wp\/v2\/posts\/12542\/revisions\/12544"}],"wp:featuredmedia":[{"embeddable":true,"href":"https:\/\/www.organisator.ch\/it\/wp-json\/wp\/v2\/media\/12543"}],"wp:attachment":[{"href":"https:\/\/www.organisator.ch\/it\/wp-json\/wp\/v2\/media?parent=12542"}],"wp:term":[{"taxonomy":"category","embeddable":true,"href":"https:\/\/www.organisator.ch\/it\/wp-json\/wp\/v2\/categories?post=12542"},{"taxonomy":"post_tag","embeddable":true,"href":"https:\/\/www.organisator.ch\/it\/wp-json\/wp\/v2\/tags?post=12542"}],"curies":[{"name":"wp","href":"https:\/\/api.w.org\/{rel}","templated":true}]}}