{"id":1257,"date":"2017-01-03T11:19:28","date_gmt":"2017-01-03T10:19:28","guid":{"rendered":"https:\/\/organisator.ch\/?p=1257"},"modified":"2017-01-03T11:19:28","modified_gmt":"2017-01-03T10:19:28","slug":"selbstmanager-werden-10-wichtige-kompetenzen","status":"publish","type":"post","link":"https:\/\/www.organisator.ch\/it\/management\/2017-01-03\/selbstmanager-werden-10-wichtige-kompetenzen\/","title":{"rendered":"Diventare un self-manager: 10 abilit\u00e0 importanti"},"content":{"rendered":"<figure id=\"attachment_1259\" aria-describedby=\"caption-attachment-1259\" style=\"width: 680px\" class=\"wp-caption alignnone\"><img loading=\"lazy\" decoding=\"async\" class=\"size-medium wp-image-1259\" src=\"https:\/\/organisator.ch\/wp-content\/uploads\/2017\/01\/Selbstmanager-werden-10-wichtige-Kompetenzen-organisator.jpg\" alt=\"\" width=\"680\" height=\"481\" srcset=\"https:\/\/www.organisator.ch\/wp-content\/uploads\/2017\/01\/Selbstmanager-werden-10-wichtige-Kompetenzen-organisator.jpg 824w, https:\/\/www.organisator.ch\/wp-content\/uploads\/2017\/01\/Selbstmanager-werden-10-wichtige-Kompetenzen-organisator-680x481.jpg 680w, https:\/\/www.organisator.ch\/wp-content\/uploads\/2017\/01\/Selbstmanager-werden-10-wichtige-Kompetenzen-organisator-768x543.jpg 768w, https:\/\/www.organisator.ch\/wp-content\/uploads\/2017\/01\/Selbstmanager-werden-10-wichtige-Kompetenzen-organisator-16x12.jpg 16w, https:\/\/www.organisator.ch\/wp-content\/uploads\/2017\/01\/Selbstmanager-werden-10-wichtige-Kompetenzen-organisator-247x175.jpg 247w, https:\/\/www.organisator.ch\/wp-content\/uploads\/2017\/01\/Selbstmanager-werden-10-wichtige-Kompetenzen-organisator-495x350.jpg 495w, https:\/\/www.organisator.ch\/wp-content\/uploads\/2017\/01\/Selbstmanager-werden-10-wichtige-Kompetenzen-organisator-300x212.jpg 300w\" sizes=\"auto, (max-width: 680px) 100vw, 680px\" \/><figcaption id=\"caption-attachment-1259\" class=\"wp-caption-text\">L'autogestione richiede una competenza concreta. (Immagine: trueffelpix - Fotolia.com)<\/figcaption><\/figure>\n<p>Molte guide di abilit\u00e0 dicono: \"Dobbiamo assumerci pi\u00f9 responsabilit\u00e0 per le nostre vite\". \"Dobbiamo assicurarci oggi di non entrare in crisi in futuro\". Suona bene, ma non \u00e8 abbastanza concreto. Ma di quali abilit\u00e0 avremo bisogno in futuro per dominare le nostre vite? Un tentativo di risposta.<\/p>\n<p><strong>Competenza 1: Pensare in modo alternativo<\/strong><\/p>\n<p>Il nostro ambiente di vita sta cambiando sempre pi\u00f9 velocemente. Per questo, per esempio, vale quanto segue: Se oggi abbiamo un buon lavoro con brillanti prospettive di promozione, questo non garantisce che lo avremo ancora tra cinque o anche dieci anni. Forse l'azienda per cui lavoriamo si fonder\u00e0 con un'altra e la nostra divisione sar\u00e0 chiusa? Dobbiamo imparare a vivere con queste imponderabilit\u00e0, cos\u00ec come con il fatto che non sappiamo come sar\u00e0 il nostro ambiente di vita tra cinque o dieci anni. Questo non deve spaventarci. Altrimenti attraversiamo la vita con il freno a mano tirato - come se fosse gi\u00e0 certo che perderemo il lavoro. Invece, dobbiamo lavorare oggi per assicurarci di avere ancora diverse opzioni anche se il futuro dovesse rivelarsi diverso da quello che ci aspettiamo.<\/p>\n<p><strong>Competenza 2: essere sensibili ai segnali deboli <\/strong><\/p>\n<p>Possiamo sviluppare opzioni realistiche solo se siamo sensibili ai segnali deboli nel nostro ambiente. Quali pericoli potrebbero minacciarci in futuro? Quali opportunit\u00e0 potrebbero aprirsi per noi? Poich\u00e9 il futuro non \u00e8 mai il presente, raramente possiamo basare le nostre decisioni (future) sui fatti. Dobbiamo basarci su supposizioni. Quindi dobbiamo imparare a percepire i segnali di cambiamenti imminenti nel nostro ambiente e a dedurre quali conseguenze questo potrebbe avere per noi.<\/p>\n<p><strong>Competenza 3: Fidarsi della propria intuizione<\/strong><\/p>\n<p>In futuro, dovremo prendere decisioni pi\u00f9 spesso anche se ci mancano informazioni importanti. Dobbiamo anche prendere decisioni di cui non comprendiamo ancora appieno le conseguenze, ed \u00e8 per questo che non sappiamo nemmeno se porteranno al successo.<\/p>\n<p>I genitori si trovano gi\u00e0 di fronte a questa sfida quando crescono i loro figli. Nessuno pu\u00f2 dire loro quanta durezza, indulgenza o pazienza \u00e8 necessaria perch\u00e9 i loro figli siano padroni della loro vita in futuro. Tuttavia, solo perch\u00e9 non \u00e8 chiaro se le loro azioni porteranno all'obiettivo (desiderato), i genitori non possono astenersi dall'educare i loro figli. Lo stesso si applicher\u00e0 in futuro ad altri settori della vita. Anche qui, dobbiamo fidarci sempre pi\u00f9 della nostra intuizione.<\/p>\n<p><strong>Competenza 4: Vedere il quadro generale<\/strong><\/p>\n<p>Per prendere le decisioni giuste, dobbiamo tenere in considerazione la nostra vita nel suo insieme. Solo se possiamo valutare quali effetti, per esempio, le nostre decisioni professionali hanno anche sulla nostra vita privata e sul nostro benessere personale, possiamo condurre una vita soddisfatta e appagata a lungo termine. Se ci manca questa visione d'insieme, il nostro tentativo di trovare e mantenere il giusto equilibrio nella vita fallisce.<\/p>\n<p>Per esempio, molti giovani adulti che fanno il passo di diventare lavoratori autonomi sottovalutano l'impatto di questa decisione sulle altre aree della loro vita. Per esempio, trascurano il fatto che avranno poco tempo libero a causa del pesante carico di lavoro. E dopo due o tre anni \u00e8 scioccato nel rendersi conto: \"Ora i miei affari sono fiorenti, ma nel frattempo ho perso i miei amici.<\/p>\n<p><strong>Competenza 5: Cercare e accettare consigli<\/strong><\/p>\n<p>Nella nostra vita privata, pi\u00f9 siamo vicini alle nostre controparti, pi\u00f9 la nostra visione di loro \u00e8 spesso \"offuscata\". Noi vediamo nostro figlio come un \"tesoro d'oro\", anche se gli altri lo vedono come un monello viziato. Percepiamo la nostra relazione d'amore come un successo, anche se ci rinunciamo in essa. \u00c8 simile al nostro lavoro. Pertanto, dovremmo imparare a consultare di tanto in tanto osservatori neutrali o consulenti che ci aiutino a scoprire i nostri punti ciechi. La gente spesso consulta gli esperti troppo tardi. I dipendenti, per esempio, contattano un coach o un consulente solo quando il licenziamento \u00e8 gi\u00e0 sulla loro scrivania. Avrebbe pi\u00f9 senso se fossero ancora impiegati e controllassero di tanto in tanto se le loro qualifiche saranno ancora richieste in futuro. Poi potrebbero diventare proattivi - per esempio, continuando la loro istruzione.<\/p>\n<p><strong>Competenza 6: Essere capaci e disposti ad imparare<\/strong><\/p>\n<p>Tuttavia, un'alta sensibilit\u00e0 per i segnali deboli e tutti i buoni consigli sono vani se non siamo pronti a imparare e a trarre le necessarie conclusioni dai nostri risultati. Molte persone sono eccellenti nell'analizzare la loro vita e nel dire ci\u00f2 che \u00e8 necessario - ma la loro analisi non \u00e8 seguita dall'azione. Questo significa: dobbiamo anche sviluppare una certa durezza contro noi stessi e agire - anche se \u00e8 difficile per noi.<\/p>\n<p><strong>Competenza 7: Essere aperti a nuove soluzioni<\/strong><\/p>\n<p>In futuro, dovremo progettare nuove soluzioni per molte sfide perch\u00e9 quelle vecchie non sono pi\u00f9 adatte ad affrontare il futuro. In alcuni casi, dovremo persino fare il contrario di ci\u00f2 che abbiamo avuto successo in passato.<\/p>\n<p>Questo \u00e8 difficile per quasi tutte le persone, perch\u00e9 abbiamo allenato i nostri attuali schemi di pensiero e di comportamento nel corso di decenni. Sono una parte di noi; di conseguenza, troviamo difficile scartarli. Per esempio, molti impiegati sono convinti che una posizione permanente offra loro la massima sicurezza. Questo pu\u00f2 essere un errore. Perch\u00e9 se domani la lontana sede aziendale decide di vendere il negozio, domani possono essere disoccupati - anche se sono stati impiegati al top per anni prima. A volte \u00e8 quindi pi\u00f9 sicuro diventare un lavoratore autonomo, a condizione di avere una buona idea di business e il necessario \"gene imprenditoriale\".<\/p>\n<p><strong>Competenza 8: Costruire e mantenere reti<\/strong><\/p>\n<p>Saltare la propria ombra richiede coraggio. Spesso non possiamo farlo da soli. Quindi dovremmo stringere delle alleanze. Questo significa: dobbiamo imparare a cercare e trovare alleati. Possiamo farlo solo se siamo disposti e capaci di comunicare i nostri bisogni alle altre persone e di scendere a compromessi con loro quando \u00e8 necessario.<\/p>\n<p>Ecco un esempio: in futuro, sar\u00e0 probabilmente ancora pi\u00f9 difficile di adesso per entrambi i partner di una relazione avere una carriera al top e allo stesso tempo condurre una vita familiare soddisfacente con dei figli. Quindi devono raggiungere un accordo che permetta ad entrambi i partner di realizzare il pi\u00f9 possibile la loro visione della vita. Per fare questo, devono prima mettere sul tavolo i loro desideri. Devono anche essere pronti a rinunciare a certe cose, per esempio a un possibile avanzamento di carriera, in modo da poter raggiungere il bene che \u00e8 pi\u00f9 importante per loro - per esempio una vita familiare soddisfacente, una relazione soddisfacente.<\/p>\n<p><strong>Competenza 9: Conoscere i propri valori<\/strong><\/p>\n<p>Per sviluppare compromessi e partenariati sostenibili, dobbiamo sapere cosa \u00e8 veramente importante per noi. Solo allora possiamo dire di cosa siamo disposti a fare a meno e di cosa no. Se non abbiamo chiarezza in questo senso, o non possiamo cooperare con gli altri o ci subordiniamo ai loro desideri - professionalmente e privatamente.<\/p>\n<p>In generale, ci\u00f2 che \u00e8 importante per noi si riflette anche in ci\u00f2 di cui siamo disposti a fare a meno. Per esempio, alcuni professionisti vogliono avere una carriera al top e guadagnare un reddito molto al di sopra della media, ma allo stesso tempo vogliono avere pi\u00f9 tempo libero possibile - per la loro famiglia, i loro hobby. Tuttavia, entrambi allo stesso tempo sono possibili solo in casi eccezionali. Quindi si tratta di decidere: Cosa \u00e8 pi\u00f9 importante per me?<\/p>\n<p><strong>Competenza 10: Essere sicuri di s\u00e9<\/strong><\/p>\n<p>Un atteggiamento positivo verso il cambiamento \u00e8 una delle qualit\u00e0 chiave di cui abbiamo bisogno. Perch\u00e9 se abbiamo paura del cambiamento, non osiamo sviluppare nuovi progetti di vita. Allora non chiediamo per tempo consigli agli esperti, ma chiudiamo gli occhi di fronte alle sfide che dobbiamo affrontare.<\/p>\n<p>Un atteggiamento positivo verso il cambiamento si riflette anche nel fatto che accettiamo il rischio di fallire e non interpretiamo il fallimento come un fallimento personale. Perch\u00e9 il nostro fallimento dimostra: Ci abbiamo provato - a differenza di molte altre persone. Allora perch\u00e9 non fare un secondo tentativo?<\/p>\n<p><em><strong>A proposito degli autori: <\/strong>Frank Linde e Michael Reichl sono gli amministratori delegati di im-prove coaching und training GmbH, Lingen (Germania), che supporta aziende (di servizi) e PMI e i loro dipendenti in progetti di cambiamento e forma consulenti di cambiamento (Tel.: 00 49 591\/120 702 43; Email: <a href=\"mailto:kontakt_fl@im-prove.de\">kontakt_fl@im-prove.de<\/a>; Internet: <a href=\"http:\/\/www.im-prove.de\">www.im-prove.de<\/a>).<\/em><\/p>","protected":false},"excerpt":{"rendered":"<p>In vielen Kompetenz-Ratgebern steht: \u201eWir m\u00fcssen mehr Verantwortung f\u00fcr unser Leben \u00fcbernehmen.\u201c \u201eWir m\u00fcssen heute daf\u00fcr sorgen, dass wir k\u00fcnftig nicht in eine Krise geraten.\u201c Das klingt zwar gut, aber ist nicht konkret genug. Doch welche Kompetenzen brauchen wir k\u00fcnftig, um unser Leben zu meistern? Ein Antwortversuch. Kompetenz 1: in Alternativen denken Unser Lebensumfeld \u00e4ndert [&hellip;]<\/p>\n","protected":false},"author":4,"featured_media":1259,"comment_status":"open","ping_status":"open","sticky":false,"template":"","format":"standard","meta":{"_acf_changed":false,"_yoast_wpseo_focuskw":"Kompetenz","_yoast_wpseo_metadesc":"In vielen Kompetenz-Ratgebern stehen S\u00e4tze wie: \u201eWir m\u00fcssen mehr Verantwortung f\u00fcr unser Leben \u00fcbernehmen.\u201c Doch wie? Wir nennen 10 konkrete Kompetenzen.","articlekey":"","footnotes":""},"categories":[28],"tags":[103,115,334,496],"class_list":["post-1257","post","type-post","status-publish","format-standard","has-post-thumbnail","hentry","category-management","tag-business-excellence","tag-checklisten","tag-management","tag-unternehmensfuehrung"],"acf":[],"yoast_head":"<!-- This site is optimized with the Yoast SEO plugin v27.5 - https:\/\/yoast.com\/product\/yoast-seo-wordpress\/ -->\n<title>Selbstmanager werden: 10 wichtige Kompetenzen - Organisator<\/title>\n<meta name=\"description\" content=\"In vielen Kompetenz-Ratgebern stehen S\u00e4tze wie: \u201eWir m\u00fcssen mehr Verantwortung f\u00fcr unser Leben \u00fcbernehmen.\u201c Doch wie? Wir nennen 10 konkrete Kompetenzen.\" \/>\n<meta name=\"robots\" content=\"index, follow, max-snippet:-1, max-image-preview:large, max-video-preview:-1\" \/>\n<link rel=\"canonical\" href=\"https:\/\/www.organisator.ch\/it\/gestione-2\/2017-01-03\/selbstmanager-werden-10-wichtige-kompetenzen\/\" \/>\n<meta property=\"og:locale\" content=\"it_IT\" \/>\n<meta property=\"og:type\" content=\"article\" \/>\n<meta property=\"og:title\" content=\"Selbstmanager werden: 10 wichtige Kompetenzen - Organisator\" \/>\n<meta property=\"og:description\" content=\"In vielen Kompetenz-Ratgebern stehen S\u00e4tze wie: \u201eWir m\u00fcssen mehr Verantwortung f\u00fcr unser Leben \u00fcbernehmen.\u201c Doch wie? Wir nennen 10 konkrete Kompetenzen.\" \/>\n<meta property=\"og:url\" content=\"https:\/\/www.organisator.ch\/it\/gestione-2\/2017-01-03\/selbstmanager-werden-10-wichtige-kompetenzen\/\" \/>\n<meta property=\"og:site_name\" content=\"Organisator\" \/>\n<meta property=\"article:publisher\" content=\"https:\/\/www.facebook.com\/OrganisatorFachmagazin\" \/>\n<meta property=\"article:published_time\" content=\"2017-01-03T10:19:28+00:00\" \/>\n<meta property=\"og:image\" content=\"https:\/\/www.organisator.ch\/wp-content\/uploads\/2017\/01\/Selbstmanager-werden-10-wichtige-Kompetenzen-organisator.jpg\" \/>\n\t<meta property=\"og:image:width\" content=\"824\" \/>\n\t<meta property=\"og:image:height\" content=\"583\" \/>\n\t<meta property=\"og:image:type\" content=\"image\/jpeg\" \/>\n<meta name=\"author\" content=\"thomas.berner\" \/>\n<meta name=\"twitter:card\" content=\"summary_large_image\" \/>\n<script type=\"application\/ld+json\" class=\"yoast-schema-graph\">{\"@context\":\"https:\\\/\\\/schema.org\",\"@graph\":[{\"@type\":\"Article\",\"@id\":\"https:\\\/\\\/www.organisator.ch\\\/management\\\/2017-01-03\\\/selbstmanager-werden-10-wichtige-kompetenzen\\\/#article\",\"isPartOf\":{\"@id\":\"https:\\\/\\\/www.organisator.ch\\\/management\\\/2017-01-03\\\/selbstmanager-werden-10-wichtige-kompetenzen\\\/\"},\"author\":{\"name\":\"thomas.berner\",\"@id\":\"https:\\\/\\\/www.organisator.ch\\\/#\\\/schema\\\/person\\\/6f650f90b2842cd4c0cc334b4e36f67e\"},\"headline\":\"Selbstmanager werden: 10 wichtige Kompetenzen\",\"datePublished\":\"2017-01-03T10:19:28+00:00\",\"mainEntityOfPage\":{\"@id\":\"https:\\\/\\\/www.organisator.ch\\\/management\\\/2017-01-03\\\/selbstmanager-werden-10-wichtige-kompetenzen\\\/\"},\"wordCount\":1388,\"commentCount\":0,\"publisher\":{\"@id\":\"https:\\\/\\\/www.organisator.ch\\\/#organization\"},\"image\":{\"@id\":\"https:\\\/\\\/www.organisator.ch\\\/management\\\/2017-01-03\\\/selbstmanager-werden-10-wichtige-kompetenzen\\\/#primaryimage\"},\"thumbnailUrl\":\"https:\\\/\\\/www.organisator.ch\\\/wp-content\\\/uploads\\\/2017\\\/01\\\/Selbstmanager-werden-10-wichtige-Kompetenzen-organisator.jpg\",\"keywords\":[\"Business Excellence\",\"Checklisten\",\"Management\",\"Unternehmensf\u00fchrung\"],\"articleSection\":[\"MANAGEMENT\"],\"inLanguage\":\"it-IT\"},{\"@type\":\"WebPage\",\"@id\":\"https:\\\/\\\/www.organisator.ch\\\/management\\\/2017-01-03\\\/selbstmanager-werden-10-wichtige-kompetenzen\\\/\",\"url\":\"https:\\\/\\\/www.organisator.ch\\\/management\\\/2017-01-03\\\/selbstmanager-werden-10-wichtige-kompetenzen\\\/\",\"name\":\"Selbstmanager werden: 10 wichtige Kompetenzen - Organisator\",\"isPartOf\":{\"@id\":\"https:\\\/\\\/www.organisator.ch\\\/#website\"},\"primaryImageOfPage\":{\"@id\":\"https:\\\/\\\/www.organisator.ch\\\/management\\\/2017-01-03\\\/selbstmanager-werden-10-wichtige-kompetenzen\\\/#primaryimage\"},\"image\":{\"@id\":\"https:\\\/\\\/www.organisator.ch\\\/management\\\/2017-01-03\\\/selbstmanager-werden-10-wichtige-kompetenzen\\\/#primaryimage\"},\"thumbnailUrl\":\"https:\\\/\\\/www.organisator.ch\\\/wp-content\\\/uploads\\\/2017\\\/01\\\/Selbstmanager-werden-10-wichtige-Kompetenzen-organisator.jpg\",\"datePublished\":\"2017-01-03T10:19:28+00:00\",\"description\":\"In vielen Kompetenz-Ratgebern stehen S\u00e4tze wie: \u201eWir m\u00fcssen mehr Verantwortung f\u00fcr unser Leben \u00fcbernehmen.\u201c Doch wie? Wir nennen 10 konkrete Kompetenzen.\",\"breadcrumb\":{\"@id\":\"https:\\\/\\\/www.organisator.ch\\\/management\\\/2017-01-03\\\/selbstmanager-werden-10-wichtige-kompetenzen\\\/#breadcrumb\"},\"inLanguage\":\"it-IT\",\"potentialAction\":[{\"@type\":\"ReadAction\",\"target\":[\"https:\\\/\\\/www.organisator.ch\\\/management\\\/2017-01-03\\\/selbstmanager-werden-10-wichtige-kompetenzen\\\/\"]}]},{\"@type\":\"ImageObject\",\"inLanguage\":\"it-IT\",\"@id\":\"https:\\\/\\\/www.organisator.ch\\\/management\\\/2017-01-03\\\/selbstmanager-werden-10-wichtige-kompetenzen\\\/#primaryimage\",\"url\":\"https:\\\/\\\/www.organisator.ch\\\/wp-content\\\/uploads\\\/2017\\\/01\\\/Selbstmanager-werden-10-wichtige-Kompetenzen-organisator.jpg\",\"contentUrl\":\"https:\\\/\\\/www.organisator.ch\\\/wp-content\\\/uploads\\\/2017\\\/01\\\/Selbstmanager-werden-10-wichtige-Kompetenzen-organisator.jpg\",\"width\":824,\"height\":583,\"caption\":\"Selbstmanagement ben\u00f6tigt konkrete Kompetenz. (Bild: trueffelpix - Fotolia.com)\"},{\"@type\":\"BreadcrumbList\",\"@id\":\"https:\\\/\\\/www.organisator.ch\\\/management\\\/2017-01-03\\\/selbstmanager-werden-10-wichtige-kompetenzen\\\/#breadcrumb\",\"itemListElement\":[{\"@type\":\"ListItem\",\"position\":1,\"name\":\"Home\",\"item\":\"https:\\\/\\\/www.organisator.ch\\\/\"},{\"@type\":\"ListItem\",\"position\":2,\"name\":\"Selbstmanager werden: 10 wichtige Kompetenzen\"}]},{\"@type\":\"WebSite\",\"@id\":\"https:\\\/\\\/www.organisator.ch\\\/#website\",\"url\":\"https:\\\/\\\/www.organisator.ch\\\/\",\"name\":\"Organisator\",\"description\":\"Kompetent. Praxisnah. Der ORGANISATOR bereitet in 10 Ausgaben pro Jahr die wesentlichen Themen f\u00fcr F\u00fchrungskr\u00e4fte von KMU auf.\",\"publisher\":{\"@id\":\"https:\\\/\\\/www.organisator.ch\\\/#organization\"},\"potentialAction\":[{\"@type\":\"SearchAction\",\"target\":{\"@type\":\"EntryPoint\",\"urlTemplate\":\"https:\\\/\\\/www.organisator.ch\\\/?s={search_term_string}\"},\"query-input\":{\"@type\":\"PropertyValueSpecification\",\"valueRequired\":true,\"valueName\":\"search_term_string\"}}],\"inLanguage\":\"it-IT\"},{\"@type\":\"Organization\",\"@id\":\"https:\\\/\\\/www.organisator.ch\\\/#organization\",\"name\":\"Organisator\",\"url\":\"https:\\\/\\\/www.organisator.ch\\\/\",\"logo\":{\"@type\":\"ImageObject\",\"inLanguage\":\"it-IT\",\"@id\":\"https:\\\/\\\/www.organisator.ch\\\/#\\\/schema\\\/logo\\\/image\\\/\",\"url\":\"https:\\\/\\\/www.organisator.ch\\\/wp-content\\\/uploads\\\/2022\\\/01\\\/Logo_Organisator_Website.png\",\"contentUrl\":\"https:\\\/\\\/www.organisator.ch\\\/wp-content\\\/uploads\\\/2022\\\/01\\\/Logo_Organisator_Website.png\",\"width\":800,\"height\":77,\"caption\":\"Organisator\"},\"image\":{\"@id\":\"https:\\\/\\\/www.organisator.ch\\\/#\\\/schema\\\/logo\\\/image\\\/\"},\"sameAs\":[\"https:\\\/\\\/www.facebook.com\\\/OrganisatorFachmagazin\",\"https:\\\/\\\/www.linkedin.com\\\/showcase\\\/organisator-das-magazin-fr-kmu\",\"https:\\\/\\\/www.xing.com\\\/news\\\/pages\\\/organisator-ch-695\",\"https:\\\/\\\/www.youtube.com\\\/channel\\\/UCGP2Sq0iWaZwT3BdIAQFYpw\"]},{\"@type\":\"Person\",\"@id\":\"https:\\\/\\\/www.organisator.ch\\\/#\\\/schema\\\/person\\\/6f650f90b2842cd4c0cc334b4e36f67e\",\"name\":\"thomas.berner\",\"image\":{\"@type\":\"ImageObject\",\"inLanguage\":\"it-IT\",\"@id\":\"https:\\\/\\\/secure.gravatar.com\\\/avatar\\\/ac5001d2a36cb6c6cd3e50789007ffca834b477b74a2144564522e944eabff61?s=96&d=mm&r=g\",\"url\":\"https:\\\/\\\/secure.gravatar.com\\\/avatar\\\/ac5001d2a36cb6c6cd3e50789007ffca834b477b74a2144564522e944eabff61?s=96&d=mm&r=g\",\"contentUrl\":\"https:\\\/\\\/secure.gravatar.com\\\/avatar\\\/ac5001d2a36cb6c6cd3e50789007ffca834b477b74a2144564522e944eabff61?s=96&d=mm&r=g\",\"caption\":\"thomas.berner\"},\"url\":\"https:\\\/\\\/www.organisator.ch\\\/it\\\/author\\\/thomas-berner\\\/\"}]}<\/script>\n<!-- \/ Yoast SEO plugin. -->","yoast_head_json":{"title":"Diventare un manager autonomo: 10 competenze importanti - Organizzatore","description":"Molte guide alle competenze contengono frasi come: \"Dobbiamo assumerci maggiori responsabilit\u00e0 per la nostra vita\". Ma come? Citiamo 10 competenze concrete.","robots":{"index":"index","follow":"follow","max-snippet":"max-snippet:-1","max-image-preview":"max-image-preview:large","max-video-preview":"max-video-preview:-1"},"canonical":"https:\/\/www.organisator.ch\/it\/gestione-2\/2017-01-03\/selbstmanager-werden-10-wichtige-kompetenzen\/","og_locale":"it_IT","og_type":"article","og_title":"Selbstmanager werden: 10 wichtige Kompetenzen - Organisator","og_description":"In vielen Kompetenz-Ratgebern stehen S\u00e4tze wie: \u201eWir m\u00fcssen mehr Verantwortung f\u00fcr unser Leben \u00fcbernehmen.\u201c Doch wie? Wir nennen 10 konkrete Kompetenzen.","og_url":"https:\/\/www.organisator.ch\/it\/gestione-2\/2017-01-03\/selbstmanager-werden-10-wichtige-kompetenzen\/","og_site_name":"Organisator","article_publisher":"https:\/\/www.facebook.com\/OrganisatorFachmagazin","article_published_time":"2017-01-03T10:19:28+00:00","og_image":[{"width":824,"height":583,"url":"https:\/\/www.organisator.ch\/wp-content\/uploads\/2017\/01\/Selbstmanager-werden-10-wichtige-Kompetenzen-organisator.jpg","type":"image\/jpeg"}],"author":"thomas.berner","twitter_card":"summary_large_image","schema":{"@context":"https:\/\/schema.org","@graph":[{"@type":"Article","@id":"https:\/\/www.organisator.ch\/management\/2017-01-03\/selbstmanager-werden-10-wichtige-kompetenzen\/#article","isPartOf":{"@id":"https:\/\/www.organisator.ch\/management\/2017-01-03\/selbstmanager-werden-10-wichtige-kompetenzen\/"},"author":{"name":"thomas.berner","@id":"https:\/\/www.organisator.ch\/#\/schema\/person\/6f650f90b2842cd4c0cc334b4e36f67e"},"headline":"Selbstmanager werden: 10 wichtige Kompetenzen","datePublished":"2017-01-03T10:19:28+00:00","mainEntityOfPage":{"@id":"https:\/\/www.organisator.ch\/management\/2017-01-03\/selbstmanager-werden-10-wichtige-kompetenzen\/"},"wordCount":1388,"commentCount":0,"publisher":{"@id":"https:\/\/www.organisator.ch\/#organization"},"image":{"@id":"https:\/\/www.organisator.ch\/management\/2017-01-03\/selbstmanager-werden-10-wichtige-kompetenzen\/#primaryimage"},"thumbnailUrl":"https:\/\/www.organisator.ch\/wp-content\/uploads\/2017\/01\/Selbstmanager-werden-10-wichtige-Kompetenzen-organisator.jpg","keywords":["Business Excellence","Checklisten","Management","Unternehmensf\u00fchrung"],"articleSection":["MANAGEMENT"],"inLanguage":"it-IT"},{"@type":"WebPage","@id":"https:\/\/www.organisator.ch\/management\/2017-01-03\/selbstmanager-werden-10-wichtige-kompetenzen\/","url":"https:\/\/www.organisator.ch\/management\/2017-01-03\/selbstmanager-werden-10-wichtige-kompetenzen\/","name":"Diventare un manager autonomo: 10 competenze importanti - Organizzatore","isPartOf":{"@id":"https:\/\/www.organisator.ch\/#website"},"primaryImageOfPage":{"@id":"https:\/\/www.organisator.ch\/management\/2017-01-03\/selbstmanager-werden-10-wichtige-kompetenzen\/#primaryimage"},"image":{"@id":"https:\/\/www.organisator.ch\/management\/2017-01-03\/selbstmanager-werden-10-wichtige-kompetenzen\/#primaryimage"},"thumbnailUrl":"https:\/\/www.organisator.ch\/wp-content\/uploads\/2017\/01\/Selbstmanager-werden-10-wichtige-Kompetenzen-organisator.jpg","datePublished":"2017-01-03T10:19:28+00:00","description":"Molte guide alle competenze contengono frasi come: \"Dobbiamo assumerci maggiori responsabilit\u00e0 per la nostra vita\". Ma come? Citiamo 10 competenze concrete.","breadcrumb":{"@id":"https:\/\/www.organisator.ch\/management\/2017-01-03\/selbstmanager-werden-10-wichtige-kompetenzen\/#breadcrumb"},"inLanguage":"it-IT","potentialAction":[{"@type":"ReadAction","target":["https:\/\/www.organisator.ch\/management\/2017-01-03\/selbstmanager-werden-10-wichtige-kompetenzen\/"]}]},{"@type":"ImageObject","inLanguage":"it-IT","@id":"https:\/\/www.organisator.ch\/management\/2017-01-03\/selbstmanager-werden-10-wichtige-kompetenzen\/#primaryimage","url":"https:\/\/www.organisator.ch\/wp-content\/uploads\/2017\/01\/Selbstmanager-werden-10-wichtige-Kompetenzen-organisator.jpg","contentUrl":"https:\/\/www.organisator.ch\/wp-content\/uploads\/2017\/01\/Selbstmanager-werden-10-wichtige-Kompetenzen-organisator.jpg","width":824,"height":583,"caption":"Selbstmanagement ben\u00f6tigt konkrete Kompetenz. (Bild: trueffelpix - Fotolia.com)"},{"@type":"BreadcrumbList","@id":"https:\/\/www.organisator.ch\/management\/2017-01-03\/selbstmanager-werden-10-wichtige-kompetenzen\/#breadcrumb","itemListElement":[{"@type":"ListItem","position":1,"name":"Home","item":"https:\/\/www.organisator.ch\/"},{"@type":"ListItem","position":2,"name":"Selbstmanager werden: 10 wichtige Kompetenzen"}]},{"@type":"WebSite","@id":"https:\/\/www.organisator.ch\/#website","url":"https:\/\/www.organisator.ch\/","name":"Organizzatore","description":"Competente. Pratico. In 10 numeri all'anno, ORGANISATOR presenta i temi essenziali per i manager delle PMI.","publisher":{"@id":"https:\/\/www.organisator.ch\/#organization"},"potentialAction":[{"@type":"SearchAction","target":{"@type":"EntryPoint","urlTemplate":"https:\/\/www.organisator.ch\/?s={search_term_string}"},"query-input":{"@type":"PropertyValueSpecification","valueRequired":true,"valueName":"search_term_string"}}],"inLanguage":"it-IT"},{"@type":"Organization","@id":"https:\/\/www.organisator.ch\/#organization","name":"Organizzatore","url":"https:\/\/www.organisator.ch\/","logo":{"@type":"ImageObject","inLanguage":"it-IT","@id":"https:\/\/www.organisator.ch\/#\/schema\/logo\/image\/","url":"https:\/\/www.organisator.ch\/wp-content\/uploads\/2022\/01\/Logo_Organisator_Website.png","contentUrl":"https:\/\/www.organisator.ch\/wp-content\/uploads\/2022\/01\/Logo_Organisator_Website.png","width":800,"height":77,"caption":"Organisator"},"image":{"@id":"https:\/\/www.organisator.ch\/#\/schema\/logo\/image\/"},"sameAs":["https:\/\/www.facebook.com\/OrganisatorFachmagazin","https:\/\/www.linkedin.com\/showcase\/organisator-das-magazin-fr-kmu","https:\/\/www.xing.com\/news\/pages\/organisator-ch-695","https:\/\/www.youtube.com\/channel\/UCGP2Sq0iWaZwT3BdIAQFYpw"]},{"@type":"Person","@id":"https:\/\/www.organisator.ch\/#\/schema\/person\/6f650f90b2842cd4c0cc334b4e36f67e","name":"Tommaso.berner","image":{"@type":"ImageObject","inLanguage":"it-IT","@id":"https:\/\/secure.gravatar.com\/avatar\/ac5001d2a36cb6c6cd3e50789007ffca834b477b74a2144564522e944eabff61?s=96&d=mm&r=g","url":"https:\/\/secure.gravatar.com\/avatar\/ac5001d2a36cb6c6cd3e50789007ffca834b477b74a2144564522e944eabff61?s=96&d=mm&r=g","contentUrl":"https:\/\/secure.gravatar.com\/avatar\/ac5001d2a36cb6c6cd3e50789007ffca834b477b74a2144564522e944eabff61?s=96&d=mm&r=g","caption":"thomas.berner"},"url":"https:\/\/www.organisator.ch\/it\/author\/thomas-berner\/"}]}},"_links":{"self":[{"href":"https:\/\/www.organisator.ch\/it\/wp-json\/wp\/v2\/posts\/1257","targetHints":{"allow":["GET"]}}],"collection":[{"href":"https:\/\/www.organisator.ch\/it\/wp-json\/wp\/v2\/posts"}],"about":[{"href":"https:\/\/www.organisator.ch\/it\/wp-json\/wp\/v2\/types\/post"}],"author":[{"embeddable":true,"href":"https:\/\/www.organisator.ch\/it\/wp-json\/wp\/v2\/users\/4"}],"replies":[{"embeddable":true,"href":"https:\/\/www.organisator.ch\/it\/wp-json\/wp\/v2\/comments?post=1257"}],"version-history":[{"count":0,"href":"https:\/\/www.organisator.ch\/it\/wp-json\/wp\/v2\/posts\/1257\/revisions"}],"wp:featuredmedia":[{"embeddable":true,"href":"https:\/\/www.organisator.ch\/it\/wp-json\/wp\/v2\/media\/1259"}],"wp:attachment":[{"href":"https:\/\/www.organisator.ch\/it\/wp-json\/wp\/v2\/media?parent=1257"}],"wp:term":[{"taxonomy":"category","embeddable":true,"href":"https:\/\/www.organisator.ch\/it\/wp-json\/wp\/v2\/categories?post=1257"},{"taxonomy":"post_tag","embeddable":true,"href":"https:\/\/www.organisator.ch\/it\/wp-json\/wp\/v2\/tags?post=1257"}],"curies":[{"name":"wp","href":"https:\/\/api.w.org\/{rel}","templated":true}]}}