{"id":12586,"date":"2022-04-19T10:57:29","date_gmt":"2022-04-19T08:57:29","guid":{"rendered":"https:\/\/www.organisator.ch\/?p=12586"},"modified":"2022-04-19T10:57:29","modified_gmt":"2022-04-19T08:57:29","slug":"barbara-bader-wird-rektorin-der-hochschule-luzern","status":"publish","type":"post","link":"https:\/\/www.organisator.ch\/it\/weiterbildung\/2022-04-19\/barbara-bader-wird-rektorin-der-hochschule-luzern\/","title":{"rendered":"Barbara Bader diventa rettore dell'Universit\u00e0 di Scienze Applicate e Arti di Lucerna"},"content":{"rendered":"<figure id=\"attachment_12587\" aria-describedby=\"caption-attachment-12587\" style=\"width: 680px\" class=\"wp-caption alignnone\"><img loading=\"lazy\" decoding=\"async\" class=\"size-full wp-image-12587\" src=\"https:\/\/www.organisator.ch\/wp-content\/uploads\/2022\/04\/Barbara-Bader-wird-Rektorin-der-Hochschule-Luzern_Organisator.jpg\" alt=\"\" width=\"680\" height=\"432\" srcset=\"https:\/\/www.organisator.ch\/wp-content\/uploads\/2022\/04\/Barbara-Bader-wird-Rektorin-der-Hochschule-Luzern_Organisator.jpg 680w, https:\/\/www.organisator.ch\/wp-content\/uploads\/2022\/04\/Barbara-Bader-wird-Rektorin-der-Hochschule-Luzern_Organisator-18x12.jpg 18w, https:\/\/www.organisator.ch\/wp-content\/uploads\/2022\/04\/Barbara-Bader-wird-Rektorin-der-Hochschule-Luzern_Organisator-275x175.jpg 275w, https:\/\/www.organisator.ch\/wp-content\/uploads\/2022\/04\/Barbara-Bader-wird-Rektorin-der-Hochschule-Luzern_Organisator-551x350.jpg 551w, https:\/\/www.organisator.ch\/wp-content\/uploads\/2022\/04\/Barbara-Bader-wird-Rektorin-der-Hochschule-Luzern_Organisator-300x191.jpg 300w\" sizes=\"auto, (max-width: 680px) 100vw, 680px\" \/><figcaption id=\"caption-attachment-12587\" class=\"wp-caption-text\">Prof. Dr. Barbara Bader, rettore designato dell'Universit\u00e0 di Scienze Applicate e Arti di Lucerna. (Foto: Ulrike Myrzik)<\/figcaption><\/figure>\n<p>Dopo un processo di selezione in pi\u00f9 fasi, il Consiglio dell'Universit\u00e0 di Scienze Applicate e Arti ha eletto la Prof. Dr. Barbara Bader come nuovo rettore dell'Universit\u00e0 di Scienze Applicate e Arti di Lucerna (HSLU). Nata a Berna, ha molti anni di esperienza di gestione strategica e operativa nell'ambiente universitario svizzero e tedesco. Dalle sue precedenti funzioni di professore, direttore di programma e di istituto, l'affermato manager universitario pu\u00f2 anche attingere al know-how e alla vasta esperienza nell'insegnamento e nella ricerca nel contesto delle universit\u00e0 di scienze applicate.<\/p>\n<h3>Da Stoccarda a Lucerna<\/h3>\n<p>La carriera di Barbara Bader \u00e8 iniziata con il completamento dei suoi diplomi di insegnamento primario e secondario. Nel 2002 si \u00e8 trasferita in Inghilterra e ha ottenuto il suo dottorato in storia dell'arte all'Universit\u00e0 di Oxford. Al suo ritorno in Svizzera, ha assunto il ruolo di capo d'istituto all'Universit\u00e0 delle Arti di Zurigo ZHdK e dopo alcuni anni si \u00e8 trasferita all'Universit\u00e0 di Scienze Applicate di Berna, dove \u00e8 stata responsabile dei programmi di Master e Bachelor in Educazione artistica. Nel 2013 \u00e8 stata nominata professore di didattica dell'arte e scienze dell'educazione alla Staatliche Akademie der Bildenden K\u00fcnste (ABK) di Stoccarda e poco dopo \u00e8 stata anche nominata nel consiglio dell'universit\u00e0. Dal 2017, Barbara Bader \u00e8 rettore dell'ABK di Stoccarda, che riunisce quattro facolt\u00e0 (architettura, design, arte, scienze artistiche-restauro) sotto lo stesso tetto.<\/p>\n<h3>Barbara Bader subentra il 1\u00b0 dicembre 2022<\/h3>\n<p>Dal 1\u00b0 dicembre 2022, assumer\u00e0 la direzione della HSLU e sostituir\u00e0 Markus Hodel, che \u00e8 stato alla guida dell'universit\u00e0 per 16 anni. \"Siamo molto contenti di avere Barbara Bader, un leader integrativo e comunicativo, come nostro nuovo capo.<br \/>\nSiamo lieti di aver trovato un successore che combina una profonda esperienza nella gestione dell'istruzione superiore con una vasta rete a livello nazionale e internazionale\", dice Anton Lauber, Presidente del Consiglio FH. Sylvia Egli von Matt, vicepresidente del Consiglio della FH e anche membro del comitato di ricerca, sottolinea: \"Le richieste alle istituzioni di istruzione superiore per quanto riguarda il trasferimento di conoscenze e tecnologie sono aumentate. I legami con gli affari, la politica, la cultura e la societ\u00e0 sono pi\u00f9 stretti che mai. Siamo convinti che Barbara Bader dar\u00e0 nuovi impulsi a temi strategici come la trasformazione sociale e digitale, la sostenibilit\u00e0 e la diversit\u00e0, e svilupper\u00e0 ulteriormente la nostra universit\u00e0 e Lucerna come sede universitaria in modo ambizioso e di alta qualit\u00e0\".<\/p>\n<p><em>Fonte: H<a href=\"http:\/\/www.hslu.ch\">ochschule Lucerna<\/a><\/em><\/p>","protected":false},"excerpt":{"rendered":"<p>Nach einem mehrstufigen Auswahlverfahren hat der Fachhochschulrat Prof. Dr. Barbara Bader zur neuen Rektorin der Hochschule Luzern (HSLU) gew\u00e4hlt. Die geb\u00fcrtige Bernerin verf\u00fcgt \u00fcber eine langj\u00e4hrige strategische und operative F\u00fchrungserfahrung im schweizerischen und deutschen Hochschulumfeld. Aus ihren fr\u00fcheren Funktionen als Professorin, Studiengang- und Institutsleiterin kann die arrivierte Hochschulmanagerin zudem auf Knowhow und umf\u00e4ngliche Erfahrungen aus [&hellip;]<\/p>\n","protected":false},"author":4,"featured_media":12587,"comment_status":"closed","ping_status":"closed","sticky":false,"template":"","format":"standard","meta":{"_acf_changed":false,"_yoast_wpseo_focuskw":"Barbara Bader","_yoast_wpseo_metadesc":"Der Fachhochschulrat der Hochschule Luzern hat Prof. Dr. Barbara Bader zur neuen Rektorin gew\u00e4hlt. Sie \u00fcbernimmt das Amt am 1. Dezember 2022.","articlekey":"","footnotes":""},"categories":[30],"tags":[62,192,381],"class_list":["post-12586","post","type-post","status-publish","format-standard","has-post-thumbnail","hentry","category-weiterbildung","tag-aus-weiterbildung","tag-fachhochschulen","tag-personalia"],"acf":[],"yoast_head":"<!-- This site is optimized with the Yoast SEO plugin v27.5 - https:\/\/yoast.com\/product\/yoast-seo-wordpress\/ -->\n<title>Barbara Bader wird Rektorin der Hochschule Luzern - Organisator<\/title>\n<meta name=\"description\" content=\"Der Fachhochschulrat der Hochschule Luzern hat Prof. Dr. Barbara Bader zur neuen Rektorin gew\u00e4hlt. Sie \u00fcbernimmt das Amt am 1. Dezember 2022.\" \/>\n<meta name=\"robots\" content=\"index, follow, max-snippet:-1, max-image-preview:large, max-video-preview:-1\" \/>\n<link rel=\"canonical\" href=\"https:\/\/www.organisator.ch\/it\/formazione-continua\/2022-04-19\/barbara-bader-wird-rektorin-der-hochschule-luzern\/\" \/>\n<meta property=\"og:locale\" content=\"it_IT\" \/>\n<meta property=\"og:type\" content=\"article\" \/>\n<meta property=\"og:title\" content=\"Barbara Bader wird Rektorin der Hochschule Luzern\" \/>\n<meta property=\"og:description\" content=\"Der Fachhochschulrat der Hochschule Luzern hat Prof. Dr. Barbara Bader zur neuen Rektorin gew\u00e4hlt. Sie \u00fcbernimmt das Amt am 1. Dezember 2022.\" \/>\n<meta property=\"og:url\" content=\"https:\/\/www.organisator.ch\/it\/formazione-continua\/2022-04-19\/barbara-bader-wird-rektorin-der-hochschule-luzern\/\" \/>\n<meta property=\"og:site_name\" content=\"Organisator\" \/>\n<meta property=\"article:publisher\" content=\"https:\/\/www.facebook.com\/OrganisatorFachmagazin\" \/>\n<meta property=\"article:published_time\" content=\"2022-04-19T08:57:29+00:00\" \/>\n<meta property=\"og:image\" content=\"https:\/\/www.organisator.ch\/wp-content\/uploads\/2022\/04\/Barbara-Bader-wird-Rektorin-der-Hochschule-Luzern_Organisator.jpg\" \/>\n\t<meta property=\"og:image:width\" content=\"680\" \/>\n\t<meta property=\"og:image:height\" content=\"432\" \/>\n\t<meta property=\"og:image:type\" content=\"image\/jpeg\" \/>\n<meta name=\"author\" content=\"thomas.berner\" \/>\n<meta name=\"twitter:card\" content=\"summary_large_image\" \/>\n<meta name=\"twitter:title\" content=\"Barbara Bader wird #Rektorin der Hochschule Luzern\" \/>\n<meta name=\"twitter:description\" content=\"Der #Fachhochschulrat der Hochschule Luzern hat Prof. Dr. Barbara Bader zur neuen #Rektorin gew\u00e4hlt. Sie \u00fcbernimmt das Amt am 1. Dezember 2022.\" \/>\n<meta name=\"twitter:image\" content=\"https:\/\/www.organisator.ch\/wp-content\/uploads\/2022\/04\/Barbara-Bader-wird-Rektorin-der-Hochschule-Luzern_Organisator.jpg\" \/>\n<script type=\"application\/ld+json\" class=\"yoast-schema-graph\">{\"@context\":\"https:\\\/\\\/schema.org\",\"@graph\":[{\"@type\":\"Article\",\"@id\":\"https:\\\/\\\/www.organisator.ch\\\/weiterbildung\\\/2022-04-19\\\/barbara-bader-wird-rektorin-der-hochschule-luzern\\\/#article\",\"isPartOf\":{\"@id\":\"https:\\\/\\\/www.organisator.ch\\\/weiterbildung\\\/2022-04-19\\\/barbara-bader-wird-rektorin-der-hochschule-luzern\\\/\"},\"author\":{\"name\":\"thomas.berner\",\"@id\":\"https:\\\/\\\/www.organisator.ch\\\/#\\\/schema\\\/person\\\/6f650f90b2842cd4c0cc334b4e36f67e\"},\"headline\":\"Barbara Bader wird Rektorin der Hochschule Luzern\",\"datePublished\":\"2022-04-19T08:57:29+00:00\",\"mainEntityOfPage\":{\"@id\":\"https:\\\/\\\/www.organisator.ch\\\/weiterbildung\\\/2022-04-19\\\/barbara-bader-wird-rektorin-der-hochschule-luzern\\\/\"},\"wordCount\":369,\"publisher\":{\"@id\":\"https:\\\/\\\/www.organisator.ch\\\/#organization\"},\"image\":{\"@id\":\"https:\\\/\\\/www.organisator.ch\\\/weiterbildung\\\/2022-04-19\\\/barbara-bader-wird-rektorin-der-hochschule-luzern\\\/#primaryimage\"},\"thumbnailUrl\":\"https:\\\/\\\/www.organisator.ch\\\/wp-content\\\/uploads\\\/2022\\\/04\\\/Barbara-Bader-wird-Rektorin-der-Hochschule-Luzern_Organisator.jpg\",\"keywords\":[\"Aus-\\\/Weiterbildung\",\"Fachhochschulen\",\"Personalia\"],\"articleSection\":[\"WEITERBILDUNG\"],\"inLanguage\":\"it-IT\"},{\"@type\":\"WebPage\",\"@id\":\"https:\\\/\\\/www.organisator.ch\\\/weiterbildung\\\/2022-04-19\\\/barbara-bader-wird-rektorin-der-hochschule-luzern\\\/\",\"url\":\"https:\\\/\\\/www.organisator.ch\\\/weiterbildung\\\/2022-04-19\\\/barbara-bader-wird-rektorin-der-hochschule-luzern\\\/\",\"name\":\"Barbara Bader wird Rektorin der Hochschule Luzern - Organisator\",\"isPartOf\":{\"@id\":\"https:\\\/\\\/www.organisator.ch\\\/#website\"},\"primaryImageOfPage\":{\"@id\":\"https:\\\/\\\/www.organisator.ch\\\/weiterbildung\\\/2022-04-19\\\/barbara-bader-wird-rektorin-der-hochschule-luzern\\\/#primaryimage\"},\"image\":{\"@id\":\"https:\\\/\\\/www.organisator.ch\\\/weiterbildung\\\/2022-04-19\\\/barbara-bader-wird-rektorin-der-hochschule-luzern\\\/#primaryimage\"},\"thumbnailUrl\":\"https:\\\/\\\/www.organisator.ch\\\/wp-content\\\/uploads\\\/2022\\\/04\\\/Barbara-Bader-wird-Rektorin-der-Hochschule-Luzern_Organisator.jpg\",\"datePublished\":\"2022-04-19T08:57:29+00:00\",\"description\":\"Der Fachhochschulrat der Hochschule Luzern hat Prof. Dr. Barbara Bader zur neuen Rektorin gew\u00e4hlt. Sie \u00fcbernimmt das Amt am 1. Dezember 2022.\",\"breadcrumb\":{\"@id\":\"https:\\\/\\\/www.organisator.ch\\\/weiterbildung\\\/2022-04-19\\\/barbara-bader-wird-rektorin-der-hochschule-luzern\\\/#breadcrumb\"},\"inLanguage\":\"it-IT\",\"potentialAction\":[{\"@type\":\"ReadAction\",\"target\":[\"https:\\\/\\\/www.organisator.ch\\\/weiterbildung\\\/2022-04-19\\\/barbara-bader-wird-rektorin-der-hochschule-luzern\\\/\"]}]},{\"@type\":\"ImageObject\",\"inLanguage\":\"it-IT\",\"@id\":\"https:\\\/\\\/www.organisator.ch\\\/weiterbildung\\\/2022-04-19\\\/barbara-bader-wird-rektorin-der-hochschule-luzern\\\/#primaryimage\",\"url\":\"https:\\\/\\\/www.organisator.ch\\\/wp-content\\\/uploads\\\/2022\\\/04\\\/Barbara-Bader-wird-Rektorin-der-Hochschule-Luzern_Organisator.jpg\",\"contentUrl\":\"https:\\\/\\\/www.organisator.ch\\\/wp-content\\\/uploads\\\/2022\\\/04\\\/Barbara-Bader-wird-Rektorin-der-Hochschule-Luzern_Organisator.jpg\",\"width\":680,\"height\":432,\"caption\":\"Prof. Dr. Barbara Bader, designierte Rektorin der Hochschule Luzern. (Foto: Ulrike Myrzik)\"},{\"@type\":\"BreadcrumbList\",\"@id\":\"https:\\\/\\\/www.organisator.ch\\\/weiterbildung\\\/2022-04-19\\\/barbara-bader-wird-rektorin-der-hochschule-luzern\\\/#breadcrumb\",\"itemListElement\":[{\"@type\":\"ListItem\",\"position\":1,\"name\":\"Home\",\"item\":\"https:\\\/\\\/www.organisator.ch\\\/\"},{\"@type\":\"ListItem\",\"position\":2,\"name\":\"Barbara Bader wird Rektorin der Hochschule Luzern\"}]},{\"@type\":\"WebSite\",\"@id\":\"https:\\\/\\\/www.organisator.ch\\\/#website\",\"url\":\"https:\\\/\\\/www.organisator.ch\\\/\",\"name\":\"Organisator\",\"description\":\"Kompetent. Praxisnah. Der ORGANISATOR bereitet in 10 Ausgaben pro Jahr die wesentlichen Themen f\u00fcr F\u00fchrungskr\u00e4fte von KMU auf.\",\"publisher\":{\"@id\":\"https:\\\/\\\/www.organisator.ch\\\/#organization\"},\"potentialAction\":[{\"@type\":\"SearchAction\",\"target\":{\"@type\":\"EntryPoint\",\"urlTemplate\":\"https:\\\/\\\/www.organisator.ch\\\/?s={search_term_string}\"},\"query-input\":{\"@type\":\"PropertyValueSpecification\",\"valueRequired\":true,\"valueName\":\"search_term_string\"}}],\"inLanguage\":\"it-IT\"},{\"@type\":\"Organization\",\"@id\":\"https:\\\/\\\/www.organisator.ch\\\/#organization\",\"name\":\"Organisator\",\"url\":\"https:\\\/\\\/www.organisator.ch\\\/\",\"logo\":{\"@type\":\"ImageObject\",\"inLanguage\":\"it-IT\",\"@id\":\"https:\\\/\\\/www.organisator.ch\\\/#\\\/schema\\\/logo\\\/image\\\/\",\"url\":\"https:\\\/\\\/www.organisator.ch\\\/wp-content\\\/uploads\\\/2022\\\/01\\\/Logo_Organisator_Website.png\",\"contentUrl\":\"https:\\\/\\\/www.organisator.ch\\\/wp-content\\\/uploads\\\/2022\\\/01\\\/Logo_Organisator_Website.png\",\"width\":800,\"height\":77,\"caption\":\"Organisator\"},\"image\":{\"@id\":\"https:\\\/\\\/www.organisator.ch\\\/#\\\/schema\\\/logo\\\/image\\\/\"},\"sameAs\":[\"https:\\\/\\\/www.facebook.com\\\/OrganisatorFachmagazin\",\"https:\\\/\\\/www.linkedin.com\\\/showcase\\\/organisator-das-magazin-fr-kmu\",\"https:\\\/\\\/www.xing.com\\\/news\\\/pages\\\/organisator-ch-695\",\"https:\\\/\\\/www.youtube.com\\\/channel\\\/UCGP2Sq0iWaZwT3BdIAQFYpw\"]},{\"@type\":\"Person\",\"@id\":\"https:\\\/\\\/www.organisator.ch\\\/#\\\/schema\\\/person\\\/6f650f90b2842cd4c0cc334b4e36f67e\",\"name\":\"thomas.berner\",\"image\":{\"@type\":\"ImageObject\",\"inLanguage\":\"it-IT\",\"@id\":\"https:\\\/\\\/secure.gravatar.com\\\/avatar\\\/ac5001d2a36cb6c6cd3e50789007ffca834b477b74a2144564522e944eabff61?s=96&d=mm&r=g\",\"url\":\"https:\\\/\\\/secure.gravatar.com\\\/avatar\\\/ac5001d2a36cb6c6cd3e50789007ffca834b477b74a2144564522e944eabff61?s=96&d=mm&r=g\",\"contentUrl\":\"https:\\\/\\\/secure.gravatar.com\\\/avatar\\\/ac5001d2a36cb6c6cd3e50789007ffca834b477b74a2144564522e944eabff61?s=96&d=mm&r=g\",\"caption\":\"thomas.berner\"},\"url\":\"https:\\\/\\\/www.organisator.ch\\\/it\\\/author\\\/thomas-berner\\\/\"}]}<\/script>\n<!-- \/ Yoast SEO plugin. -->","yoast_head_json":{"title":"Barbara Bader diventa Rettore dell'Universit\u00e0 di Scienze Applicate e Arti di Lucerna - Organizzatore","description":"Il Consiglio dell'Universit\u00e0 di Scienze Applicate e Arti di Lucerna ha eletto la Prof.ssa Dr. Barbara Bader come nuovo Rettore. Entrer\u00e0 in carica il 1\u00b0 dicembre 2022.","robots":{"index":"index","follow":"follow","max-snippet":"max-snippet:-1","max-image-preview":"max-image-preview:large","max-video-preview":"max-video-preview:-1"},"canonical":"https:\/\/www.organisator.ch\/it\/formazione-continua\/2022-04-19\/barbara-bader-wird-rektorin-der-hochschule-luzern\/","og_locale":"it_IT","og_type":"article","og_title":"Barbara Bader wird Rektorin der Hochschule Luzern","og_description":"Der Fachhochschulrat der Hochschule Luzern hat Prof. Dr. Barbara Bader zur neuen Rektorin gew\u00e4hlt. Sie \u00fcbernimmt das Amt am 1. Dezember 2022.","og_url":"https:\/\/www.organisator.ch\/it\/formazione-continua\/2022-04-19\/barbara-bader-wird-rektorin-der-hochschule-luzern\/","og_site_name":"Organisator","article_publisher":"https:\/\/www.facebook.com\/OrganisatorFachmagazin","article_published_time":"2022-04-19T08:57:29+00:00","og_image":[{"width":680,"height":432,"url":"https:\/\/www.organisator.ch\/wp-content\/uploads\/2022\/04\/Barbara-Bader-wird-Rektorin-der-Hochschule-Luzern_Organisator.jpg","type":"image\/jpeg"}],"author":"thomas.berner","twitter_card":"summary_large_image","twitter_title":"Barbara Bader wird #Rektorin der Hochschule Luzern","twitter_description":"Der #Fachhochschulrat der Hochschule Luzern hat Prof. Dr. Barbara Bader zur neuen #Rektorin gew\u00e4hlt. Sie \u00fcbernimmt das Amt am 1. Dezember 2022.","twitter_image":"https:\/\/www.organisator.ch\/wp-content\/uploads\/2022\/04\/Barbara-Bader-wird-Rektorin-der-Hochschule-Luzern_Organisator.jpg","schema":{"@context":"https:\/\/schema.org","@graph":[{"@type":"Article","@id":"https:\/\/www.organisator.ch\/weiterbildung\/2022-04-19\/barbara-bader-wird-rektorin-der-hochschule-luzern\/#article","isPartOf":{"@id":"https:\/\/www.organisator.ch\/weiterbildung\/2022-04-19\/barbara-bader-wird-rektorin-der-hochschule-luzern\/"},"author":{"name":"thomas.berner","@id":"https:\/\/www.organisator.ch\/#\/schema\/person\/6f650f90b2842cd4c0cc334b4e36f67e"},"headline":"Barbara Bader wird Rektorin der Hochschule Luzern","datePublished":"2022-04-19T08:57:29+00:00","mainEntityOfPage":{"@id":"https:\/\/www.organisator.ch\/weiterbildung\/2022-04-19\/barbara-bader-wird-rektorin-der-hochschule-luzern\/"},"wordCount":369,"publisher":{"@id":"https:\/\/www.organisator.ch\/#organization"},"image":{"@id":"https:\/\/www.organisator.ch\/weiterbildung\/2022-04-19\/barbara-bader-wird-rektorin-der-hochschule-luzern\/#primaryimage"},"thumbnailUrl":"https:\/\/www.organisator.ch\/wp-content\/uploads\/2022\/04\/Barbara-Bader-wird-Rektorin-der-Hochschule-Luzern_Organisator.jpg","keywords":["Aus-\/Weiterbildung","Fachhochschulen","Personalia"],"articleSection":["WEITERBILDUNG"],"inLanguage":"it-IT"},{"@type":"WebPage","@id":"https:\/\/www.organisator.ch\/weiterbildung\/2022-04-19\/barbara-bader-wird-rektorin-der-hochschule-luzern\/","url":"https:\/\/www.organisator.ch\/weiterbildung\/2022-04-19\/barbara-bader-wird-rektorin-der-hochschule-luzern\/","name":"Barbara Bader diventa Rettore dell'Universit\u00e0 di Scienze Applicate e Arti di Lucerna - Organizzatore","isPartOf":{"@id":"https:\/\/www.organisator.ch\/#website"},"primaryImageOfPage":{"@id":"https:\/\/www.organisator.ch\/weiterbildung\/2022-04-19\/barbara-bader-wird-rektorin-der-hochschule-luzern\/#primaryimage"},"image":{"@id":"https:\/\/www.organisator.ch\/weiterbildung\/2022-04-19\/barbara-bader-wird-rektorin-der-hochschule-luzern\/#primaryimage"},"thumbnailUrl":"https:\/\/www.organisator.ch\/wp-content\/uploads\/2022\/04\/Barbara-Bader-wird-Rektorin-der-Hochschule-Luzern_Organisator.jpg","datePublished":"2022-04-19T08:57:29+00:00","description":"Il Consiglio dell'Universit\u00e0 di Scienze Applicate e Arti di Lucerna ha eletto la Prof.ssa Dr. Barbara Bader come nuovo Rettore. Entrer\u00e0 in carica il 1\u00b0 dicembre 2022.","breadcrumb":{"@id":"https:\/\/www.organisator.ch\/weiterbildung\/2022-04-19\/barbara-bader-wird-rektorin-der-hochschule-luzern\/#breadcrumb"},"inLanguage":"it-IT","potentialAction":[{"@type":"ReadAction","target":["https:\/\/www.organisator.ch\/weiterbildung\/2022-04-19\/barbara-bader-wird-rektorin-der-hochschule-luzern\/"]}]},{"@type":"ImageObject","inLanguage":"it-IT","@id":"https:\/\/www.organisator.ch\/weiterbildung\/2022-04-19\/barbara-bader-wird-rektorin-der-hochschule-luzern\/#primaryimage","url":"https:\/\/www.organisator.ch\/wp-content\/uploads\/2022\/04\/Barbara-Bader-wird-Rektorin-der-Hochschule-Luzern_Organisator.jpg","contentUrl":"https:\/\/www.organisator.ch\/wp-content\/uploads\/2022\/04\/Barbara-Bader-wird-Rektorin-der-Hochschule-Luzern_Organisator.jpg","width":680,"height":432,"caption":"Prof. Dr. Barbara Bader, designierte Rektorin der Hochschule Luzern. (Foto: Ulrike Myrzik)"},{"@type":"BreadcrumbList","@id":"https:\/\/www.organisator.ch\/weiterbildung\/2022-04-19\/barbara-bader-wird-rektorin-der-hochschule-luzern\/#breadcrumb","itemListElement":[{"@type":"ListItem","position":1,"name":"Home","item":"https:\/\/www.organisator.ch\/"},{"@type":"ListItem","position":2,"name":"Barbara Bader wird Rektorin der Hochschule Luzern"}]},{"@type":"WebSite","@id":"https:\/\/www.organisator.ch\/#website","url":"https:\/\/www.organisator.ch\/","name":"Organizzatore","description":"Competente. Pratico. In 10 numeri all'anno, ORGANISATOR presenta i temi essenziali per i manager delle PMI.","publisher":{"@id":"https:\/\/www.organisator.ch\/#organization"},"potentialAction":[{"@type":"SearchAction","target":{"@type":"EntryPoint","urlTemplate":"https:\/\/www.organisator.ch\/?s={search_term_string}"},"query-input":{"@type":"PropertyValueSpecification","valueRequired":true,"valueName":"search_term_string"}}],"inLanguage":"it-IT"},{"@type":"Organization","@id":"https:\/\/www.organisator.ch\/#organization","name":"Organizzatore","url":"https:\/\/www.organisator.ch\/","logo":{"@type":"ImageObject","inLanguage":"it-IT","@id":"https:\/\/www.organisator.ch\/#\/schema\/logo\/image\/","url":"https:\/\/www.organisator.ch\/wp-content\/uploads\/2022\/01\/Logo_Organisator_Website.png","contentUrl":"https:\/\/www.organisator.ch\/wp-content\/uploads\/2022\/01\/Logo_Organisator_Website.png","width":800,"height":77,"caption":"Organisator"},"image":{"@id":"https:\/\/www.organisator.ch\/#\/schema\/logo\/image\/"},"sameAs":["https:\/\/www.facebook.com\/OrganisatorFachmagazin","https:\/\/www.linkedin.com\/showcase\/organisator-das-magazin-fr-kmu","https:\/\/www.xing.com\/news\/pages\/organisator-ch-695","https:\/\/www.youtube.com\/channel\/UCGP2Sq0iWaZwT3BdIAQFYpw"]},{"@type":"Person","@id":"https:\/\/www.organisator.ch\/#\/schema\/person\/6f650f90b2842cd4c0cc334b4e36f67e","name":"Tommaso.berner","image":{"@type":"ImageObject","inLanguage":"it-IT","@id":"https:\/\/secure.gravatar.com\/avatar\/ac5001d2a36cb6c6cd3e50789007ffca834b477b74a2144564522e944eabff61?s=96&d=mm&r=g","url":"https:\/\/secure.gravatar.com\/avatar\/ac5001d2a36cb6c6cd3e50789007ffca834b477b74a2144564522e944eabff61?s=96&d=mm&r=g","contentUrl":"https:\/\/secure.gravatar.com\/avatar\/ac5001d2a36cb6c6cd3e50789007ffca834b477b74a2144564522e944eabff61?s=96&d=mm&r=g","caption":"thomas.berner"},"url":"https:\/\/www.organisator.ch\/it\/author\/thomas-berner\/"}]}},"_links":{"self":[{"href":"https:\/\/www.organisator.ch\/it\/wp-json\/wp\/v2\/posts\/12586","targetHints":{"allow":["GET"]}}],"collection":[{"href":"https:\/\/www.organisator.ch\/it\/wp-json\/wp\/v2\/posts"}],"about":[{"href":"https:\/\/www.organisator.ch\/it\/wp-json\/wp\/v2\/types\/post"}],"author":[{"embeddable":true,"href":"https:\/\/www.organisator.ch\/it\/wp-json\/wp\/v2\/users\/4"}],"replies":[{"embeddable":true,"href":"https:\/\/www.organisator.ch\/it\/wp-json\/wp\/v2\/comments?post=12586"}],"version-history":[{"count":1,"href":"https:\/\/www.organisator.ch\/it\/wp-json\/wp\/v2\/posts\/12586\/revisions"}],"predecessor-version":[{"id":12588,"href":"https:\/\/www.organisator.ch\/it\/wp-json\/wp\/v2\/posts\/12586\/revisions\/12588"}],"wp:featuredmedia":[{"embeddable":true,"href":"https:\/\/www.organisator.ch\/it\/wp-json\/wp\/v2\/media\/12587"}],"wp:attachment":[{"href":"https:\/\/www.organisator.ch\/it\/wp-json\/wp\/v2\/media?parent=12586"}],"wp:term":[{"taxonomy":"category","embeddable":true,"href":"https:\/\/www.organisator.ch\/it\/wp-json\/wp\/v2\/categories?post=12586"},{"taxonomy":"post_tag","embeddable":true,"href":"https:\/\/www.organisator.ch\/it\/wp-json\/wp\/v2\/tags?post=12586"}],"curies":[{"name":"wp","href":"https:\/\/api.w.org\/{rel}","templated":true}]}}