{"id":12592,"date":"2022-04-19T13:43:40","date_gmt":"2022-04-19T11:43:40","guid":{"rendered":"https:\/\/www.m-q.ch\/?p=16228"},"modified":"2022-08-01T15:57:53","modified_gmt":"2022-08-01T13:57:53","slug":"mit-vereinten-kraeften-das-oekosystem-der-schweizer-krankenversicherungen-erneuern","status":"publish","type":"post","link":"https:\/\/www.organisator.ch\/it\/operational-excellence\/2022-04-19\/mit-vereinten-kraeften-das-oekosystem-der-schweizer-krankenversicherungen-erneuern\/","title":{"rendered":"Unire le forze per rinnovare l'ecosistema dell'assicurazione sanitaria svizzera"},"content":{"rendered":"<div class=\"field__item\"><section id=\"\" class=\"paragraph paragraph--type--rich-text paragraph--view-mode--default\">\r\n<div class=\"container container--10\">\r\n<div class=\"col-10-of-10 col-xs-fullwidth\">\r\n<figure id=\"attachment_16229\" class=\"wp-caption alignnone\" style=\"width: 680px\" aria-describedby=\"caption-attachment-16229\"><img class=\"alignnone wp-image-16229 size-full\" src=\"https:\/\/www.m-q.ch\/wp-content\/uploads\/2022\/04\/Mit-vereinten-Kraeften-das-Oekosystem-der-Schweizer-Krankenversicherungen-erneuern_MQ.jpg\" alt=\"Assicurazione sanitaria\" width=\"680\" height=\"292\" \/><figcaption id=\"caption-attachment-16229\" class=\"wp-caption-text\">Le compagnie di assicurazione sanitaria di tutte le dimensioni dovrebbero essere in grado di essere gestite tramite una piattaforma che richiede uno staff minimo. (Immagine: Pixabay.com)<\/figcaption><\/figure>\r\nDiversi fornitori di tecnologia hanno fatto investimenti significativi per soddisfare gli sviluppi del software nell'assicurazione sanitaria in termini di complessit\u00e0, costo e innovazione tecnologica. Questo ha portato a soluzioni all'avanguardia che rispondono alle esigenze sia delle compagnie di assicurazione che dei loro clienti. Offrire una migliore esperienza utente riducendo i costi era una sfida che richiedeva competenze forti e specifiche e una prospettiva strategica a medio e lungo termine.\r\n<h2>Visione: pi\u00f9 efficienza nell'assicurazione sanitaria<\/h2>\r\nCon la fusione, Sumex AG e Secon AG dichiarano di voler realizzare la visione comune di migliorare l'efficienza del sistema sanitario svizzero attraverso processi end-to-end altamente automatizzati e completamente digitali. \"Le due aziende si completano perfettamente e la combinazione delle due soluzioni apre nuove opportunit\u00e0 strategiche\", ha dichiarato<strong>\u00a0Felix Musterle, direttore generale di Sumex AG.<\/strong> A tal fine, l'attenzione si concentra sui seguenti obiettivi:\r\n<ul>\r\n \t<li>Minori costi di transazione attraverso un alto grado di automazione e massima efficacia nel controllo dei danni<\/li>\r\n \t<li>Separazione dei compiti complessi dalle attivit\u00e0 standardizzate, permettendo un uso ottimale delle risorse specializzate<\/li>\r\n \t<li>Architettura software modulare e aperta<\/li>\r\n \t<li>Una soluzione svizzera orientata alle esigenze delle compagnie di assicurazione svizzere<\/li>\r\n \t<li>Ampliamento del know-how e delle competenze per l'innovazione e la copertura funzionale che consente alle compagnie assicurative svizzere di fare il prossimo passo nella loro strategia di digitalizzazione<\/li>\r\n<\/ul>\r\n<\/div>\r\n<\/div>\r\n<\/section><\/div>\r\n<div class=\"field__item\"><section class=\"paragraph paragraph--type--quotation paragraph--view-mode--default box color-black--0 elca-behavior-processed\" data-img=\"\" data-bg=\"\">\r\n<div class=\"inner inner--top inner--top--\">\r\n<div class=\"carousel carousel--white--0\">\r\n<div class=\"container container--10 mb--2 p--4 carousel__box bg-grey--4\">\r\n<div class=\"p--2\">\r\n<p class=\"quote\">\"Il Gruppo ELCA si impegna ad arricchire il mercato svizzero con l'innovazione e a sostenere la trasformazione digitale in tutti i principali settori industriali con una visione e una strategia chiare. Questa partnership strategica \u00e8 un passo importante in questo percorso e non vediamo l'ora di aprire un nuovo capitolo insieme ai nostri clienti e partner che porter\u00e0 valore aggiunto agli assicuratori sanitari e alla popolazione svizzera\", ha dichiarato Yves Pitton, Chief Business Solutions Officer del Gruppo ELCA.<\/p>\r\n\r\n<h2>Nuvola svizzera pura<\/h2>\r\nLa nuova entit\u00e0 beneficer\u00e0 anche della vasta esperienza operativa di Secon e delle profonde competenze del Gruppo ELCA nei servizi e nella gestione del cloud, nella cybersecurity, nella gestione dei dati e nelle capacit\u00e0 ingegneristiche. Gi\u00e0 oggi, diversi componenti della soluzione Sumex sono gestiti da ELCA Cloud Services in un cloud svizzero completamente sovrano, ed entrambe le aziende gestiscono il sistema principale per diversi clienti nel proprio ambiente cloud o on-premise nell'infrastruttura della compagnia di assicurazione sanitaria. L'obiettivo della partnership strategica \u00e8 quello di ampliare le modalit\u00e0 con cui gli assicuratori sanitari possono gestire i loro sistemi business-critical oggi e in futuro. \"In qualit\u00e0 di clienti di lunga data di Sumex e Secon, non vediamo l'ora di iniziare questa collaborazione e speriamo di raggiungere livelli di automazione ancora pi\u00f9 elevati nei nostri processi grazie alla profonda integrazione dei prodotti e alla combinazione di conoscenze\", afferma Christof Z\u00fcrcher, CEO di Atupri Health Insurance.\r\n\r\n<em>Fonte e ulteriori informazioni: <a href=\"http:\/\/www.elca.ch\/\">www.elca.ch<\/a><\/em>\r\n\r\n<\/div>\r\n<\/div>\r\n<\/div>\r\n<\/div>\r\n<\/section><\/div>\n<p class=\"syndicated-attribution\">Questo articolo \u00e8 apparso originariamente su m-q.ch - <a href=\"https:\/\/www.m-q.ch\/de\/mit-vereinten-kraeften-das-oekosystem-der-schweizer-krankenversicherungen-erneuern\/\" target=\"_blank\">https:\/\/www.m-q.ch\/de\/mit-vereinten-kraeften-das-oekosystem-der-schweizer-krankenversicherungen-erneuern\/<\/a><\/p>","protected":false},"excerpt":{"rendered":"<p>Diverse Technologieanbieter haben erhebliche Investitionen get\u00e4tigt, um den Softwareentwicklungen bei Krankenversicherungen bez\u00fcglich Komplexit\u00e4t, Kosten und technologischer Innovation gerecht zu werden. Daraus resultierten Spitzenl\u00f6sungen, die sowohl auf die Bed\u00fcrfnisse der Versicherungsunternehmen wie auch deren Kunden eingehen. Ein besseres Benutzererlebnis bei gleichzeitiger Kostensenkung anzubieten war eine Herausforderung, die starke, spezifische Kompetenzen und eine mittel- bis langfristige strategische [\u2026]<\/p>\n","protected":false},"author":8,"featured_media":0,"comment_status":"closed","ping_status":"closed","sticky":false,"template":"","format":"standard","meta":{"_acf_changed":false,"_yoast_wpseo_focuskw":"Krankenversicherungen","_yoast_wpseo_metadesc":"Sumex AG, eine hundertprozentige Tochtergesellschaft der ELCA Gruppe, einem f\u00fchrenden Schweizer Unternehmen f\u00fcr Engineering, Entwicklung und Business Solutions, und Secon AG, ein Prozess- und Datenspezialist f\u00fcr das Kerngesch\u00e4ft der Versicherungen, geben die Gr\u00fcndung einer strategischen Partnerschaft bekannt.","articlekey":"","footnotes":""},"categories":[582],"tags":[2810,2811],"class_list":["post-12592","post","type-post","status-publish","format-standard","hentry","category-operational-excellence","tag-krankenversicherungen","tag-softwareloesungen"],"acf":[],"yoast_head":"<!-- This site is optimized with the Yoast SEO plugin v27.4 - https:\/\/yoast.com\/product\/yoast-seo-wordpress\/ -->\n<title>Mit vereinten Kr\u00e4ften das \u00d6kosystem der Schweizer Krankenversicherungen erneuern - Organisator<\/title>\n<meta name=\"description\" content=\"Sumex AG, eine hundertprozentige Tochtergesellschaft der ELCA Gruppe, einem f\u00fchrenden Schweizer Unternehmen f\u00fcr Engineering, Entwicklung und Business Solutions, und Secon AG, ein Prozess- und Datenspezialist f\u00fcr das Kerngesch\u00e4ft der Versicherungen, geben die Gr\u00fcndung einer strategischen Partnerschaft bekannt.\" \/>\n<meta name=\"robots\" content=\"index, follow, max-snippet:-1, max-image-preview:large, max-video-preview:-1\" \/>\n<link rel=\"canonical\" href=\"https:\/\/www.m-q.ch\/de\/mit-vereinten-kraeften-das-oekosystem-der-schweizer-krankenversicherungen-erneuern\/\" \/>\n<meta property=\"og:locale\" content=\"it_IT\" \/>\n<meta property=\"og:type\" content=\"article\" \/>\n<meta property=\"og:title\" content=\"Mit vereinten Kr\u00e4ften das \u00d6kosystem der Schweizer Krankenversicherungen erneuern - Organisator\" \/>\n<meta property=\"og:description\" content=\"Sumex AG, eine hundertprozentige Tochtergesellschaft der ELCA Gruppe, einem f\u00fchrenden Schweizer Unternehmen f\u00fcr Engineering, Entwicklung und Business Solutions, und Secon AG, ein Prozess- und Datenspezialist f\u00fcr das Kerngesch\u00e4ft der Versicherungen, geben die Gr\u00fcndung einer strategischen Partnerschaft bekannt.\" \/>\n<meta property=\"og:url\" content=\"https:\/\/www.m-q.ch\/de\/mit-vereinten-kraeften-das-oekosystem-der-schweizer-krankenversicherungen-erneuern\/\" \/>\n<meta property=\"og:site_name\" content=\"Organisator\" \/>\n<meta property=\"article:publisher\" content=\"https:\/\/www.facebook.com\/OrganisatorFachmagazin\" \/>\n<meta property=\"article:published_time\" content=\"2022-04-19T11:43:40+00:00\" \/>\n<meta property=\"article:modified_time\" content=\"2022-08-01T13:57:53+00:00\" \/>\n<meta property=\"og:image\" content=\"https:\/\/www.m-q.ch\/wp-content\/uploads\/2022\/04\/Mit-vereinten-Kraeften-das-Oekosystem-der-Schweizer-Krankenversicherungen-erneuern_MQ.jpg\" \/>\n<meta name=\"author\" content=\"galledia\" \/>\n<meta name=\"twitter:card\" content=\"summary_large_image\" \/>\n<meta name=\"twitter:creator\" content=\"@admin\" \/>\n<script type=\"application\/ld+json\" class=\"yoast-schema-graph\">{\"@context\":\"https:\\\/\\\/schema.org\",\"@graph\":[{\"@type\":\"Article\",\"@id\":\"https:\\\/\\\/www.m-q.ch\\\/de\\\/mit-vereinten-kraeften-das-oekosystem-der-schweizer-krankenversicherungen-erneuern\\\/#article\",\"isPartOf\":{\"@id\":\"https:\\\/\\\/www.organisator.ch\\\/operational-excellence\\\/2022-04-19\\\/mit-vereinten-kraeften-das-oekosystem-der-schweizer-krankenversicherungen-erneuern\\\/\"},\"author\":{\"name\":\"galledia\",\"@id\":\"https:\\\/\\\/www.organisator.ch\\\/#\\\/schema\\\/person\\\/4e51799071cd2dd1232ac003643ef5f0\"},\"headline\":\"Mit vereinten Kr\u00e4ften das \u00d6kosystem der Schweizer Krankenversicherungen erneuern\",\"datePublished\":\"2022-04-19T11:43:40+00:00\",\"dateModified\":\"2022-08-01T13:57:53+00:00\",\"mainEntityOfPage\":{\"@id\":\"https:\\\/\\\/www.organisator.ch\\\/operational-excellence\\\/2022-04-19\\\/mit-vereinten-kraeften-das-oekosystem-der-schweizer-krankenversicherungen-erneuern\\\/\"},\"wordCount\":472,\"publisher\":{\"@id\":\"https:\\\/\\\/www.organisator.ch\\\/#organization\"},\"image\":{\"@id\":\"https:\\\/\\\/www.m-q.ch\\\/de\\\/mit-vereinten-kraeften-das-oekosystem-der-schweizer-krankenversicherungen-erneuern\\\/#primaryimage\"},\"thumbnailUrl\":\"https:\\\/\\\/www.m-q.ch\\\/wp-content\\\/uploads\\\/2022\\\/04\\\/Mit-vereinten-Kraeften-das-Oekosystem-der-Schweizer-Krankenversicherungen-erneuern_MQ.jpg\",\"keywords\":[\"Krankenversicherungen\",\"Softwarel\u00f6sungen\"],\"articleSection\":[\"OPERATIONAL EXCELLENCE\"],\"inLanguage\":\"it-IT\"},{\"@type\":\"WebPage\",\"@id\":\"https:\\\/\\\/www.organisator.ch\\\/operational-excellence\\\/2022-04-19\\\/mit-vereinten-kraeften-das-oekosystem-der-schweizer-krankenversicherungen-erneuern\\\/\",\"url\":\"https:\\\/\\\/www.m-q.ch\\\/de\\\/mit-vereinten-kraeften-das-oekosystem-der-schweizer-krankenversicherungen-erneuern\\\/\",\"name\":\"Mit vereinten Kr\u00e4ften das \u00d6kosystem der Schweizer Krankenversicherungen erneuern - Organisator\",\"isPartOf\":{\"@id\":\"https:\\\/\\\/www.organisator.ch\\\/#website\"},\"primaryImageOfPage\":{\"@id\":\"https:\\\/\\\/www.m-q.ch\\\/de\\\/mit-vereinten-kraeften-das-oekosystem-der-schweizer-krankenversicherungen-erneuern\\\/#primaryimage\"},\"image\":{\"@id\":\"https:\\\/\\\/www.m-q.ch\\\/de\\\/mit-vereinten-kraeften-das-oekosystem-der-schweizer-krankenversicherungen-erneuern\\\/#primaryimage\"},\"thumbnailUrl\":\"https:\\\/\\\/www.m-q.ch\\\/wp-content\\\/uploads\\\/2022\\\/04\\\/Mit-vereinten-Kraeften-das-Oekosystem-der-Schweizer-Krankenversicherungen-erneuern_MQ.jpg\",\"datePublished\":\"2022-04-19T11:43:40+00:00\",\"dateModified\":\"2022-08-01T13:57:53+00:00\",\"description\":\"Sumex AG, eine hundertprozentige Tochtergesellschaft der ELCA Gruppe, einem f\u00fchrenden Schweizer Unternehmen f\u00fcr Engineering, Entwicklung und Business Solutions, und Secon AG, ein Prozess- und Datenspezialist f\u00fcr das Kerngesch\u00e4ft der Versicherungen, geben die Gr\u00fcndung einer strategischen Partnerschaft bekannt.\",\"breadcrumb\":{\"@id\":\"https:\\\/\\\/www.m-q.ch\\\/de\\\/mit-vereinten-kraeften-das-oekosystem-der-schweizer-krankenversicherungen-erneuern\\\/#breadcrumb\"},\"inLanguage\":\"it-IT\",\"potentialAction\":[{\"@type\":\"ReadAction\",\"target\":[\"https:\\\/\\\/www.m-q.ch\\\/de\\\/mit-vereinten-kraeften-das-oekosystem-der-schweizer-krankenversicherungen-erneuern\\\/\"]}]},{\"@type\":\"ImageObject\",\"inLanguage\":\"it-IT\",\"@id\":\"https:\\\/\\\/www.m-q.ch\\\/de\\\/mit-vereinten-kraeften-das-oekosystem-der-schweizer-krankenversicherungen-erneuern\\\/#primaryimage\",\"url\":\"https:\\\/\\\/www.m-q.ch\\\/wp-content\\\/uploads\\\/2022\\\/04\\\/Mit-vereinten-Kraeften-das-Oekosystem-der-Schweizer-Krankenversicherungen-erneuern_MQ.jpg\",\"contentUrl\":\"https:\\\/\\\/www.m-q.ch\\\/wp-content\\\/uploads\\\/2022\\\/04\\\/Mit-vereinten-Kraeften-das-Oekosystem-der-Schweizer-Krankenversicherungen-erneuern_MQ.jpg\"},{\"@type\":\"BreadcrumbList\",\"@id\":\"https:\\\/\\\/www.m-q.ch\\\/de\\\/mit-vereinten-kraeften-das-oekosystem-der-schweizer-krankenversicherungen-erneuern\\\/#breadcrumb\",\"itemListElement\":[{\"@type\":\"ListItem\",\"position\":1,\"name\":\"Home\",\"item\":\"https:\\\/\\\/www.organisator.ch\\\/\"},{\"@type\":\"ListItem\",\"position\":2,\"name\":\"Mit vereinten Kr\u00e4ften das \u00d6kosystem der Schweizer Krankenversicherungen erneuern\"}]},{\"@type\":\"WebSite\",\"@id\":\"https:\\\/\\\/www.organisator.ch\\\/#website\",\"url\":\"https:\\\/\\\/www.organisator.ch\\\/\",\"name\":\"Organisator\",\"description\":\"Kompetent. Praxisnah. Der ORGANISATOR bereitet in 10 Ausgaben pro Jahr die wesentlichen Themen f\u00fcr F\u00fchrungskr\u00e4fte von KMU auf.\",\"publisher\":{\"@id\":\"https:\\\/\\\/www.organisator.ch\\\/#organization\"},\"potentialAction\":[{\"@type\":\"SearchAction\",\"target\":{\"@type\":\"EntryPoint\",\"urlTemplate\":\"https:\\\/\\\/www.organisator.ch\\\/?s={search_term_string}\"},\"query-input\":{\"@type\":\"PropertyValueSpecification\",\"valueRequired\":true,\"valueName\":\"search_term_string\"}}],\"inLanguage\":\"it-IT\"},{\"@type\":\"Organization\",\"@id\":\"https:\\\/\\\/www.organisator.ch\\\/#organization\",\"name\":\"Organisator\",\"url\":\"https:\\\/\\\/www.organisator.ch\\\/\",\"logo\":{\"@type\":\"ImageObject\",\"inLanguage\":\"it-IT\",\"@id\":\"https:\\\/\\\/www.organisator.ch\\\/#\\\/schema\\\/logo\\\/image\\\/\",\"url\":\"https:\\\/\\\/www.organisator.ch\\\/wp-content\\\/uploads\\\/2022\\\/01\\\/Logo_Organisator_Website.png\",\"contentUrl\":\"https:\\\/\\\/www.organisator.ch\\\/wp-content\\\/uploads\\\/2022\\\/01\\\/Logo_Organisator_Website.png\",\"width\":800,\"height\":77,\"caption\":\"Organisator\"},\"image\":{\"@id\":\"https:\\\/\\\/www.organisator.ch\\\/#\\\/schema\\\/logo\\\/image\\\/\"},\"sameAs\":[\"https:\\\/\\\/www.facebook.com\\\/OrganisatorFachmagazin\",\"https:\\\/\\\/www.linkedin.com\\\/showcase\\\/organisator-das-magazin-fr-kmu\",\"https:\\\/\\\/www.xing.com\\\/news\\\/pages\\\/organisator-ch-695\",\"https:\\\/\\\/www.youtube.com\\\/channel\\\/UCGP2Sq0iWaZwT3BdIAQFYpw\"]},{\"@type\":\"Person\",\"@id\":\"https:\\\/\\\/www.organisator.ch\\\/#\\\/schema\\\/person\\\/4e51799071cd2dd1232ac003643ef5f0\",\"name\":\"galledia\",\"image\":{\"@type\":\"ImageObject\",\"inLanguage\":\"it-IT\",\"@id\":\"https:\\\/\\\/secure.gravatar.com\\\/avatar\\\/78a7f90c01fc2bfc875782a0d4922b37cde2cf184ce347b91316d23cd7f69a36?s=96&d=mm&r=g\",\"url\":\"https:\\\/\\\/secure.gravatar.com\\\/avatar\\\/78a7f90c01fc2bfc875782a0d4922b37cde2cf184ce347b91316d23cd7f69a36?s=96&d=mm&r=g\",\"contentUrl\":\"https:\\\/\\\/secure.gravatar.com\\\/avatar\\\/78a7f90c01fc2bfc875782a0d4922b37cde2cf184ce347b91316d23cd7f69a36?s=96&d=mm&r=g\",\"caption\":\"galledia\"},\"sameAs\":[\"https:\\\/\\\/x.com\\\/admin\"],\"url\":\"https:\\\/\\\/www.organisator.ch\\\/it\\\/author\\\/galledia\\\/\"}]}<\/script>\n<!-- \/ Yoast SEO plugin. -->","yoast_head_json":{"title":"Unire le forze per rinnovare l'ecosistema dell'assicurazione sanitaria svizzera - Organizzatore","description":"Sumex AG, una societ\u00e0 interamente controllata dal Gruppo ELCA, leader in Svizzera nel settore dell'ingegneria, dello sviluppo e delle soluzioni aziendali, e Secon AG, specialista in processi e dati per il core business assicurativo, annunciano la formazione di una partnership strategica.","robots":{"index":"index","follow":"follow","max-snippet":"max-snippet:-1","max-image-preview":"max-image-preview:large","max-video-preview":"max-video-preview:-1"},"canonical":"https:\/\/www.m-q.ch\/de\/mit-vereinten-kraeften-das-oekosystem-der-schweizer-krankenversicherungen-erneuern\/","og_locale":"it_IT","og_type":"article","og_title":"Mit vereinten Kr\u00e4ften das \u00d6kosystem der Schweizer Krankenversicherungen erneuern - Organisator","og_description":"Sumex AG, eine hundertprozentige Tochtergesellschaft der ELCA Gruppe, einem f\u00fchrenden Schweizer Unternehmen f\u00fcr Engineering, Entwicklung und Business Solutions, und Secon AG, ein Prozess- und Datenspezialist f\u00fcr das Kerngesch\u00e4ft der Versicherungen, geben die Gr\u00fcndung einer strategischen Partnerschaft bekannt.","og_url":"https:\/\/www.m-q.ch\/de\/mit-vereinten-kraeften-das-oekosystem-der-schweizer-krankenversicherungen-erneuern\/","og_site_name":"Organisator","article_publisher":"https:\/\/www.facebook.com\/OrganisatorFachmagazin","article_published_time":"2022-04-19T11:43:40+00:00","article_modified_time":"2022-08-01T13:57:53+00:00","og_image":[{"url":"https:\/\/www.m-q.ch\/wp-content\/uploads\/2022\/04\/Mit-vereinten-Kraeften-das-Oekosystem-der-Schweizer-Krankenversicherungen-erneuern_MQ.jpg","type":"","width":"","height":""}],"author":"galledia","twitter_card":"summary_large_image","twitter_creator":"@admin","schema":{"@context":"https:\/\/schema.org","@graph":[{"@type":"Article","@id":"https:\/\/www.m-q.ch\/de\/mit-vereinten-kraeften-das-oekosystem-der-schweizer-krankenversicherungen-erneuern\/#article","isPartOf":{"@id":"https:\/\/www.organisator.ch\/operational-excellence\/2022-04-19\/mit-vereinten-kraeften-das-oekosystem-der-schweizer-krankenversicherungen-erneuern\/"},"author":{"name":"galledia","@id":"https:\/\/www.organisator.ch\/#\/schema\/person\/4e51799071cd2dd1232ac003643ef5f0"},"headline":"Mit vereinten Kr\u00e4ften das \u00d6kosystem der Schweizer Krankenversicherungen erneuern","datePublished":"2022-04-19T11:43:40+00:00","dateModified":"2022-08-01T13:57:53+00:00","mainEntityOfPage":{"@id":"https:\/\/www.organisator.ch\/operational-excellence\/2022-04-19\/mit-vereinten-kraeften-das-oekosystem-der-schweizer-krankenversicherungen-erneuern\/"},"wordCount":472,"publisher":{"@id":"https:\/\/www.organisator.ch\/#organization"},"image":{"@id":"https:\/\/www.m-q.ch\/de\/mit-vereinten-kraeften-das-oekosystem-der-schweizer-krankenversicherungen-erneuern\/#primaryimage"},"thumbnailUrl":"https:\/\/www.m-q.ch\/wp-content\/uploads\/2022\/04\/Mit-vereinten-Kraeften-das-Oekosystem-der-Schweizer-Krankenversicherungen-erneuern_MQ.jpg","keywords":["Krankenversicherungen","Softwarel\u00f6sungen"],"articleSection":["OPERATIONAL EXCELLENCE"],"inLanguage":"it-IT"},{"@type":"WebPage","@id":"https:\/\/www.organisator.ch\/operational-excellence\/2022-04-19\/mit-vereinten-kraeften-das-oekosystem-der-schweizer-krankenversicherungen-erneuern\/","url":"https:\/\/www.m-q.ch\/de\/mit-vereinten-kraeften-das-oekosystem-der-schweizer-krankenversicherungen-erneuern\/","name":"Unire le forze per rinnovare l'ecosistema dell'assicurazione sanitaria svizzera - Organizzatore","isPartOf":{"@id":"https:\/\/www.organisator.ch\/#website"},"primaryImageOfPage":{"@id":"https:\/\/www.m-q.ch\/de\/mit-vereinten-kraeften-das-oekosystem-der-schweizer-krankenversicherungen-erneuern\/#primaryimage"},"image":{"@id":"https:\/\/www.m-q.ch\/de\/mit-vereinten-kraeften-das-oekosystem-der-schweizer-krankenversicherungen-erneuern\/#primaryimage"},"thumbnailUrl":"https:\/\/www.m-q.ch\/wp-content\/uploads\/2022\/04\/Mit-vereinten-Kraeften-das-Oekosystem-der-Schweizer-Krankenversicherungen-erneuern_MQ.jpg","datePublished":"2022-04-19T11:43:40+00:00","dateModified":"2022-08-01T13:57:53+00:00","description":"Sumex AG, una societ\u00e0 interamente controllata dal Gruppo ELCA, leader in Svizzera nel settore dell'ingegneria, dello sviluppo e delle soluzioni aziendali, e Secon AG, specialista in processi e dati per il core business assicurativo, annunciano la formazione di una partnership strategica.","breadcrumb":{"@id":"https:\/\/www.m-q.ch\/de\/mit-vereinten-kraeften-das-oekosystem-der-schweizer-krankenversicherungen-erneuern\/#breadcrumb"},"inLanguage":"it-IT","potentialAction":[{"@type":"ReadAction","target":["https:\/\/www.m-q.ch\/de\/mit-vereinten-kraeften-das-oekosystem-der-schweizer-krankenversicherungen-erneuern\/"]}]},{"@type":"ImageObject","inLanguage":"it-IT","@id":"https:\/\/www.m-q.ch\/de\/mit-vereinten-kraeften-das-oekosystem-der-schweizer-krankenversicherungen-erneuern\/#primaryimage","url":"https:\/\/www.m-q.ch\/wp-content\/uploads\/2022\/04\/Mit-vereinten-Kraeften-das-Oekosystem-der-Schweizer-Krankenversicherungen-erneuern_MQ.jpg","contentUrl":"https:\/\/www.m-q.ch\/wp-content\/uploads\/2022\/04\/Mit-vereinten-Kraeften-das-Oekosystem-der-Schweizer-Krankenversicherungen-erneuern_MQ.jpg"},{"@type":"BreadcrumbList","@id":"https:\/\/www.m-q.ch\/de\/mit-vereinten-kraeften-das-oekosystem-der-schweizer-krankenversicherungen-erneuern\/#breadcrumb","itemListElement":[{"@type":"ListItem","position":1,"name":"Home","item":"https:\/\/www.organisator.ch\/"},{"@type":"ListItem","position":2,"name":"Mit vereinten Kr\u00e4ften das \u00d6kosystem der Schweizer Krankenversicherungen erneuern"}]},{"@type":"WebSite","@id":"https:\/\/www.organisator.ch\/#website","url":"https:\/\/www.organisator.ch\/","name":"Organizzatore","description":"Competente. Pratico. In 10 numeri all'anno, ORGANISATOR presenta i temi essenziali per i manager delle PMI.","publisher":{"@id":"https:\/\/www.organisator.ch\/#organization"},"potentialAction":[{"@type":"SearchAction","target":{"@type":"EntryPoint","urlTemplate":"https:\/\/www.organisator.ch\/?s={search_term_string}"},"query-input":{"@type":"PropertyValueSpecification","valueRequired":true,"valueName":"search_term_string"}}],"inLanguage":"it-IT"},{"@type":"Organization","@id":"https:\/\/www.organisator.ch\/#organization","name":"Organizzatore","url":"https:\/\/www.organisator.ch\/","logo":{"@type":"ImageObject","inLanguage":"it-IT","@id":"https:\/\/www.organisator.ch\/#\/schema\/logo\/image\/","url":"https:\/\/www.organisator.ch\/wp-content\/uploads\/2022\/01\/Logo_Organisator_Website.png","contentUrl":"https:\/\/www.organisator.ch\/wp-content\/uploads\/2022\/01\/Logo_Organisator_Website.png","width":800,"height":77,"caption":"Organisator"},"image":{"@id":"https:\/\/www.organisator.ch\/#\/schema\/logo\/image\/"},"sameAs":["https:\/\/www.facebook.com\/OrganisatorFachmagazin","https:\/\/www.linkedin.com\/showcase\/organisator-das-magazin-fr-kmu","https:\/\/www.xing.com\/news\/pages\/organisator-ch-695","https:\/\/www.youtube.com\/channel\/UCGP2Sq0iWaZwT3BdIAQFYpw"]},{"@type":"Person","@id":"https:\/\/www.organisator.ch\/#\/schema\/person\/4e51799071cd2dd1232ac003643ef5f0","name":"galledia","image":{"@type":"ImageObject","inLanguage":"it-IT","@id":"https:\/\/secure.gravatar.com\/avatar\/78a7f90c01fc2bfc875782a0d4922b37cde2cf184ce347b91316d23cd7f69a36?s=96&d=mm&r=g","url":"https:\/\/secure.gravatar.com\/avatar\/78a7f90c01fc2bfc875782a0d4922b37cde2cf184ce347b91316d23cd7f69a36?s=96&d=mm&r=g","contentUrl":"https:\/\/secure.gravatar.com\/avatar\/78a7f90c01fc2bfc875782a0d4922b37cde2cf184ce347b91316d23cd7f69a36?s=96&d=mm&r=g","caption":"galledia"},"sameAs":["https:\/\/x.com\/admin"],"url":"https:\/\/www.organisator.ch\/it\/author\/galledia\/"}]}},"_links":{"self":[{"href":"https:\/\/www.organisator.ch\/it\/wp-json\/wp\/v2\/posts\/12592","targetHints":{"allow":["GET"]}}],"collection":[{"href":"https:\/\/www.organisator.ch\/it\/wp-json\/wp\/v2\/posts"}],"about":[{"href":"https:\/\/www.organisator.ch\/it\/wp-json\/wp\/v2\/types\/post"}],"author":[{"embeddable":true,"href":"https:\/\/www.organisator.ch\/it\/wp-json\/wp\/v2\/users\/8"}],"replies":[{"embeddable":true,"href":"https:\/\/www.organisator.ch\/it\/wp-json\/wp\/v2\/comments?post=12592"}],"version-history":[{"count":4,"href":"https:\/\/www.organisator.ch\/it\/wp-json\/wp\/v2\/posts\/12592\/revisions"}],"predecessor-version":[{"id":16117,"href":"https:\/\/www.organisator.ch\/it\/wp-json\/wp\/v2\/posts\/12592\/revisions\/16117"}],"wp:attachment":[{"href":"https:\/\/www.organisator.ch\/it\/wp-json\/wp\/v2\/media?parent=12592"}],"wp:term":[{"taxonomy":"category","embeddable":true,"href":"https:\/\/www.organisator.ch\/it\/wp-json\/wp\/v2\/categories?post=12592"},{"taxonomy":"post_tag","embeddable":true,"href":"https:\/\/www.organisator.ch\/it\/wp-json\/wp\/v2\/tags?post=12592"}],"curies":[{"name":"wp","href":"https:\/\/api.w.org\/{rel}","templated":true}]}}