{"id":12607,"date":"2022-04-20T09:05:15","date_gmt":"2022-04-20T07:05:15","guid":{"rendered":"https:\/\/www.m-q.ch\/?p=16156"},"modified":"2022-08-02T12:45:42","modified_gmt":"2022-08-02T10:45:42","slug":"control-2022-vor-dem-start","status":"publish","type":"post","link":"https:\/\/www.organisator.ch\/it\/operational-excellence\/2022-04-20\/control-2022-vor-dem-start\/","title":{"rendered":"Controllo 2022 prima della partenza"},"content":{"rendered":"<figure id=\"attachment_16157\" class=\"wp-caption alignnone\" style=\"width: 443px\" aria-describedby=\"caption-attachment-16157\"><img class=\"alignnone wp-image-16157 size-full\" src=\"https:\/\/www.m-q.ch\/wp-content\/uploads\/2022\/04\/MQ-Management-Qualitaet-Control-2022-vor-dem-Start.jpg\" alt=\"Controllo 2022\" width=\"443\" height=\"267\" \/><figcaption id=\"caption-attachment-16157\" class=\"wp-caption-text\">Presentato a Control 2022: VIDEODOC della Marcel Aubert SA (Immagine: Marcel Aubert SA)<\/figcaption><\/figure>\r\nControl 2022 \u00e8 ai blocchi di partenza: la fiera leader dell'assicurazione della qualit\u00e0 avr\u00e0 luogo a Stoccarda dal 3 al 6 maggio 2022. Dopo la pausa dovuta alla pandemia, la fiera leader della metrologia vuole essere di nuovo all'altezza della sua reputazione di forum ideale per il contatto personale e lo scambio commerciale. Dopo tutto, c'\u00e8 una grande richiesta di discussione professionale sui nuovi sviluppi nel settore della QA. Pi\u00f9 di 800 espositori da pi\u00f9 di 30 paesi presenteranno i loro prodotti e soluzioni. Il progresso dell'automazione, della digitalizzazione, dei processi senza contatto, dei servizi a distanza e della tracciabilit\u00e0 end-to-end riguarda tutte le industrie, ora anche i settori dei servizi. Gli utenti della tecnologia di ispezione usano varie soluzioni di QA online in processi in rete - anche senza contatto. Tutto ci\u00f2 verr\u00e0 approfondito alla mostra speciale \"Tecnologia di misurazione senza contatto\" della Fraunhofer Vision Alliance, che si terr\u00e0 per la 17esima volta a Control 2022. Nel padiglione 6, presenter\u00e0 una sezione trasversale di tecnologie innovative dal campo della tecnologia di misurazione e prova senza contatto.\r\n<h2>Ampia gamma di innovazioni - anche da parte di espositori svizzeri<\/h2>\r\nSoluzioni e sistemi nella tecnologia di misurazione e di prova, test dei materiali, apparecchiature di analisi, tecnologia di visione, elaborazione delle immagini, tecnologia dei sensori e tecnologia di pesatura e conteggio sono stati significativamente sviluppati negli ultimi due anni e sono in attesa di un pubblico specializzato interessato a Control 2022. Ecco una - molto piccola - selezione dei prodotti presentati nel campo della metrologia dimensionale:\r\n<ul>\r\n \t<li>VIDEODOC della Marcel Aubert SA, Biel: questo software di documentazione delle parti funziona in combinazione con l'ottica digitale. Include uno zoom digitale controllato dalla rotella del mouse e pratiche funzioni di misurazione. I simboli predefiniti possono anche essere sovrapposti all'immagine per confrontare le geometrie. Questa applicazione permette di disegnare sull'immagine con pochi clic e, soprattutto, di aggiungere dimensioni. I risultati possono essere esportati in un foglio di calcolo Excel. (Padiglione 4, Stand 4102)<\/li>\r\n \t<li>Processo di misurazione efficiente grazie alla rotazione motorizzata dei pezzi della dk Fixiersysteme GmbH &amp; Co. KG, Deutlingen: Le parti simmetriche rotanti devono essere ruotate sull'intera circonferenza o in specifiche posizioni angolari per la misurazione ottica o tattile. Sia il movimento meccanico di rotazione che l'assegnazione dell'angolo di rotazione al corrispondente valore misurato possono essere notevolmente semplificati utilizzando un azionamento motore con encoder. Sar\u00e0 esposta una soluzione standard per l'azionamento controllato di mandrini a griffe, pinze e contropunte di vari tipi e dimensioni, nonch\u00e9 con e senza contropunta. (Padiglione 3, Stand 3407)<\/li>\r\n \t<li>IMS PREMIUM di IMS AG, Root: la soluzione software per la gestione della qualit\u00e0 ha un'interfaccia utente ergonomica. Il funzionamento intuitivo entra in gioco anche nell'esecuzione del processo. I processi e i moduli controllati dal flusso di lavoro sono presentati in un modo user-friendly e permettono un controllo delle informazioni e dei compiti facile da usare e automatizzato. Grazie a numerose opzioni di integrazione, i flussi di lavoro possono essere continuati senza problemi in altri software. (Padiglione 8, Stand 8307)<\/li>\r\n \t<li>Controllo di precisione SQUARE da Kunz\r\nAG, Zofingen, \u00e8 un dispositivo di misurazione della quadratura completamente autonomo con una guida di scorrimento di alta precisione. La superficie di guida liscia come uno specchio garantisce uno scorrimento uniforme del carrello di misura e un'elevata precisione del sistema. \u00c8 completamente compatibile con l'officina, facile da usare e indipendente dai collegamenti elettrici e dell'aria. (Padiglione 4, Stand 4420)<\/li>\r\n \t<li>Verisurf Software, Anaheim, CA, USA, presenta la nuova versione 2022 del suo software di misurazione universale. La nuova versione accelera i processi di ispezione automatizzati con il riconoscimento automatico e veloce delle caratteristiche e la programmazione point-and-click delle routine di ispezione. Secondo il produttore, \u00e8 l'unico software di misura costruito su una piattaforma CAD 3D completa e supporta tutti i formati CAD e tutti i bracci di misura portatili, i laser tracker, gli scanner e le CMM manuali e programmabili tramite un'interfaccia comune. (Padiglione 3, Stand 3314)<\/li>\r\n<\/ul>\r\n<em>Ulteriori informazioni: <a href=\"http:\/\/www.control-messe.de\/\">www.control-messe.de<\/a><\/em>\n<p class=\"syndicated-attribution\">Questo articolo \u00e8 apparso originariamente su m-q.ch - <a href=\"https:\/\/www.m-q.ch\/de\/control-2022-vor-dem-start\/\" target=\"_blank\">https:\/\/www.m-q.ch\/de\/control-2022-vor-dem-start\/<\/a><\/p>","protected":false},"excerpt":{"rendered":"<p>Die Control 2022 steht in den Startl\u00f6chern: Vom 3. bis 6. Mai 2022 findet die f\u00fchrende Qualit\u00e4tssicherungs-Fachmesse in Stuttgart statt. Nach der pandemiebedingten Pause will die Leitmesse f\u00fcr die Messtechnik ihrem Ruf als ideales Forum f\u00fcr den pers\u00f6nlichen Kontakt und den gesch\u00e4ftlichen Fachaustausch wieder gerecht werden. Denn der Bedarf an fachlicher Diskussion \u00fcber Neuentwicklungen der [\u2026]<\/p>\n","protected":false},"author":8,"featured_media":0,"comment_status":"closed","ping_status":"closed","sticky":false,"template":"","format":"standard","meta":{"_acf_changed":false,"_yoast_wpseo_focuskw":"Control 2022","_yoast_wpseo_metadesc":"Aussteller und Fachbesucher machen sich bereit f\u00fcr die Control 2022, die internationale Fachmesse f\u00fcr Qualit\u00e4tssicherung.","articlekey":"","footnotes":""},"categories":[582],"tags":[2814],"class_list":["post-12607","post","type-post","status-publish","format-standard","hentry","category-operational-excellence","tag-control-2022"],"acf":[],"yoast_head":"<!-- This site is optimized with the Yoast SEO plugin v27.5 - https:\/\/yoast.com\/product\/yoast-seo-wordpress\/ -->\n<title>Control 2022 vor dem Start - Organisator<\/title>\n<meta name=\"description\" content=\"Aussteller und Fachbesucher machen sich bereit f\u00fcr die Control 2022, die internationale Fachmesse f\u00fcr Qualit\u00e4tssicherung.\" \/>\n<meta name=\"robots\" content=\"index, follow, max-snippet:-1, max-image-preview:large, max-video-preview:-1\" \/>\n<link rel=\"canonical\" href=\"https:\/\/www.m-q.ch\/de\/control-2022-vor-dem-start\/\" \/>\n<meta property=\"og:locale\" content=\"it_IT\" \/>\n<meta property=\"og:type\" content=\"article\" \/>\n<meta property=\"og:title\" content=\"Control 2022 vor dem Start - Organisator\" \/>\n<meta property=\"og:description\" content=\"Aussteller und Fachbesucher machen sich bereit f\u00fcr die Control 2022, die internationale Fachmesse f\u00fcr Qualit\u00e4tssicherung.\" \/>\n<meta property=\"og:url\" content=\"https:\/\/www.m-q.ch\/de\/control-2022-vor-dem-start\/\" \/>\n<meta property=\"og:site_name\" content=\"Organisator\" \/>\n<meta property=\"article:publisher\" content=\"https:\/\/www.facebook.com\/OrganisatorFachmagazin\" \/>\n<meta property=\"article:published_time\" content=\"2022-04-20T07:05:15+00:00\" \/>\n<meta property=\"article:modified_time\" content=\"2022-08-02T10:45:42+00:00\" \/>\n<meta property=\"og:image\" content=\"https:\/\/www.m-q.ch\/wp-content\/uploads\/2022\/04\/MQ-Management-Qualitaet-Control-2022-vor-dem-Start.jpg\" \/>\n<meta name=\"author\" content=\"galledia\" \/>\n<meta name=\"twitter:card\" content=\"summary_large_image\" \/>\n<meta name=\"twitter:creator\" content=\"@admin\" \/>\n<script type=\"application\/ld+json\" class=\"yoast-schema-graph\">{\"@context\":\"https:\\\/\\\/schema.org\",\"@graph\":[{\"@type\":\"Article\",\"@id\":\"https:\\\/\\\/www.m-q.ch\\\/de\\\/control-2022-vor-dem-start\\\/#article\",\"isPartOf\":{\"@id\":\"https:\\\/\\\/www.organisator.ch\\\/operational-excellence\\\/2022-04-20\\\/control-2022-vor-dem-start\\\/\"},\"author\":{\"name\":\"galledia\",\"@id\":\"https:\\\/\\\/www.organisator.ch\\\/#\\\/schema\\\/person\\\/4e51799071cd2dd1232ac003643ef5f0\"},\"headline\":\"Control 2022 vor dem Start\",\"datePublished\":\"2022-04-20T07:05:15+00:00\",\"dateModified\":\"2022-08-02T10:45:42+00:00\",\"mainEntityOfPage\":{\"@id\":\"https:\\\/\\\/www.organisator.ch\\\/operational-excellence\\\/2022-04-20\\\/control-2022-vor-dem-start\\\/\"},\"wordCount\":572,\"publisher\":{\"@id\":\"https:\\\/\\\/www.organisator.ch\\\/#organization\"},\"image\":{\"@id\":\"https:\\\/\\\/www.m-q.ch\\\/de\\\/control-2022-vor-dem-start\\\/#primaryimage\"},\"thumbnailUrl\":\"https:\\\/\\\/www.m-q.ch\\\/wp-content\\\/uploads\\\/2022\\\/04\\\/MQ-Management-Qualitaet-Control-2022-vor-dem-Start.jpg\",\"keywords\":[\"Control 2022\"],\"articleSection\":[\"OPERATIONAL EXCELLENCE\"],\"inLanguage\":\"it-IT\"},{\"@type\":\"WebPage\",\"@id\":\"https:\\\/\\\/www.organisator.ch\\\/operational-excellence\\\/2022-04-20\\\/control-2022-vor-dem-start\\\/\",\"url\":\"https:\\\/\\\/www.m-q.ch\\\/de\\\/control-2022-vor-dem-start\\\/\",\"name\":\"Control 2022 vor dem Start - Organisator\",\"isPartOf\":{\"@id\":\"https:\\\/\\\/www.organisator.ch\\\/#website\"},\"primaryImageOfPage\":{\"@id\":\"https:\\\/\\\/www.m-q.ch\\\/de\\\/control-2022-vor-dem-start\\\/#primaryimage\"},\"image\":{\"@id\":\"https:\\\/\\\/www.m-q.ch\\\/de\\\/control-2022-vor-dem-start\\\/#primaryimage\"},\"thumbnailUrl\":\"https:\\\/\\\/www.m-q.ch\\\/wp-content\\\/uploads\\\/2022\\\/04\\\/MQ-Management-Qualitaet-Control-2022-vor-dem-Start.jpg\",\"datePublished\":\"2022-04-20T07:05:15+00:00\",\"dateModified\":\"2022-08-02T10:45:42+00:00\",\"description\":\"Aussteller und Fachbesucher machen sich bereit f\u00fcr die Control 2022, die internationale Fachmesse f\u00fcr Qualit\u00e4tssicherung.\",\"breadcrumb\":{\"@id\":\"https:\\\/\\\/www.m-q.ch\\\/de\\\/control-2022-vor-dem-start\\\/#breadcrumb\"},\"inLanguage\":\"it-IT\",\"potentialAction\":[{\"@type\":\"ReadAction\",\"target\":[\"https:\\\/\\\/www.m-q.ch\\\/de\\\/control-2022-vor-dem-start\\\/\"]}]},{\"@type\":\"ImageObject\",\"inLanguage\":\"it-IT\",\"@id\":\"https:\\\/\\\/www.m-q.ch\\\/de\\\/control-2022-vor-dem-start\\\/#primaryimage\",\"url\":\"https:\\\/\\\/www.m-q.ch\\\/wp-content\\\/uploads\\\/2022\\\/04\\\/MQ-Management-Qualitaet-Control-2022-vor-dem-Start.jpg\",\"contentUrl\":\"https:\\\/\\\/www.m-q.ch\\\/wp-content\\\/uploads\\\/2022\\\/04\\\/MQ-Management-Qualitaet-Control-2022-vor-dem-Start.jpg\"},{\"@type\":\"BreadcrumbList\",\"@id\":\"https:\\\/\\\/www.m-q.ch\\\/de\\\/control-2022-vor-dem-start\\\/#breadcrumb\",\"itemListElement\":[{\"@type\":\"ListItem\",\"position\":1,\"name\":\"Home\",\"item\":\"https:\\\/\\\/www.organisator.ch\\\/\"},{\"@type\":\"ListItem\",\"position\":2,\"name\":\"Control 2022 vor dem Start\"}]},{\"@type\":\"WebSite\",\"@id\":\"https:\\\/\\\/www.organisator.ch\\\/#website\",\"url\":\"https:\\\/\\\/www.organisator.ch\\\/\",\"name\":\"Organisator\",\"description\":\"Kompetent. Praxisnah. Der ORGANISATOR bereitet in 10 Ausgaben pro Jahr die wesentlichen Themen f\u00fcr F\u00fchrungskr\u00e4fte von KMU auf.\",\"publisher\":{\"@id\":\"https:\\\/\\\/www.organisator.ch\\\/#organization\"},\"potentialAction\":[{\"@type\":\"SearchAction\",\"target\":{\"@type\":\"EntryPoint\",\"urlTemplate\":\"https:\\\/\\\/www.organisator.ch\\\/?s={search_term_string}\"},\"query-input\":{\"@type\":\"PropertyValueSpecification\",\"valueRequired\":true,\"valueName\":\"search_term_string\"}}],\"inLanguage\":\"it-IT\"},{\"@type\":\"Organization\",\"@id\":\"https:\\\/\\\/www.organisator.ch\\\/#organization\",\"name\":\"Organisator\",\"url\":\"https:\\\/\\\/www.organisator.ch\\\/\",\"logo\":{\"@type\":\"ImageObject\",\"inLanguage\":\"it-IT\",\"@id\":\"https:\\\/\\\/www.organisator.ch\\\/#\\\/schema\\\/logo\\\/image\\\/\",\"url\":\"https:\\\/\\\/www.organisator.ch\\\/wp-content\\\/uploads\\\/2022\\\/01\\\/Logo_Organisator_Website.png\",\"contentUrl\":\"https:\\\/\\\/www.organisator.ch\\\/wp-content\\\/uploads\\\/2022\\\/01\\\/Logo_Organisator_Website.png\",\"width\":800,\"height\":77,\"caption\":\"Organisator\"},\"image\":{\"@id\":\"https:\\\/\\\/www.organisator.ch\\\/#\\\/schema\\\/logo\\\/image\\\/\"},\"sameAs\":[\"https:\\\/\\\/www.facebook.com\\\/OrganisatorFachmagazin\",\"https:\\\/\\\/www.linkedin.com\\\/showcase\\\/organisator-das-magazin-fr-kmu\",\"https:\\\/\\\/www.xing.com\\\/news\\\/pages\\\/organisator-ch-695\",\"https:\\\/\\\/www.youtube.com\\\/channel\\\/UCGP2Sq0iWaZwT3BdIAQFYpw\"]},{\"@type\":\"Person\",\"@id\":\"https:\\\/\\\/www.organisator.ch\\\/#\\\/schema\\\/person\\\/4e51799071cd2dd1232ac003643ef5f0\",\"name\":\"galledia\",\"image\":{\"@type\":\"ImageObject\",\"inLanguage\":\"it-IT\",\"@id\":\"https:\\\/\\\/secure.gravatar.com\\\/avatar\\\/78a7f90c01fc2bfc875782a0d4922b37cde2cf184ce347b91316d23cd7f69a36?s=96&d=mm&r=g\",\"url\":\"https:\\\/\\\/secure.gravatar.com\\\/avatar\\\/78a7f90c01fc2bfc875782a0d4922b37cde2cf184ce347b91316d23cd7f69a36?s=96&d=mm&r=g\",\"contentUrl\":\"https:\\\/\\\/secure.gravatar.com\\\/avatar\\\/78a7f90c01fc2bfc875782a0d4922b37cde2cf184ce347b91316d23cd7f69a36?s=96&d=mm&r=g\",\"caption\":\"galledia\"},\"sameAs\":[\"https:\\\/\\\/x.com\\\/admin\"],\"url\":\"https:\\\/\\\/www.organisator.ch\\\/it\\\/author\\\/galledia\\\/\"}]}<\/script>\n<!-- \/ Yoast SEO plugin. -->","yoast_head_json":{"title":"Il controllo 2022 sta per iniziare - Organizzatore","description":"Espositori e visitatori si preparano per Control 2022, la fiera internazionale del controllo qualit\u00e0.","robots":{"index":"index","follow":"follow","max-snippet":"max-snippet:-1","max-image-preview":"max-image-preview:large","max-video-preview":"max-video-preview:-1"},"canonical":"https:\/\/www.m-q.ch\/de\/control-2022-vor-dem-start\/","og_locale":"it_IT","og_type":"article","og_title":"Control 2022 vor dem Start - Organisator","og_description":"Aussteller und Fachbesucher machen sich bereit f\u00fcr die Control 2022, die internationale Fachmesse f\u00fcr Qualit\u00e4tssicherung.","og_url":"https:\/\/www.m-q.ch\/de\/control-2022-vor-dem-start\/","og_site_name":"Organisator","article_publisher":"https:\/\/www.facebook.com\/OrganisatorFachmagazin","article_published_time":"2022-04-20T07:05:15+00:00","article_modified_time":"2022-08-02T10:45:42+00:00","og_image":[{"url":"https:\/\/www.m-q.ch\/wp-content\/uploads\/2022\/04\/MQ-Management-Qualitaet-Control-2022-vor-dem-Start.jpg","type":"","width":"","height":""}],"author":"galledia","twitter_card":"summary_large_image","twitter_creator":"@admin","schema":{"@context":"https:\/\/schema.org","@graph":[{"@type":"Article","@id":"https:\/\/www.m-q.ch\/de\/control-2022-vor-dem-start\/#article","isPartOf":{"@id":"https:\/\/www.organisator.ch\/operational-excellence\/2022-04-20\/control-2022-vor-dem-start\/"},"author":{"name":"galledia","@id":"https:\/\/www.organisator.ch\/#\/schema\/person\/4e51799071cd2dd1232ac003643ef5f0"},"headline":"Control 2022 vor dem Start","datePublished":"2022-04-20T07:05:15+00:00","dateModified":"2022-08-02T10:45:42+00:00","mainEntityOfPage":{"@id":"https:\/\/www.organisator.ch\/operational-excellence\/2022-04-20\/control-2022-vor-dem-start\/"},"wordCount":572,"publisher":{"@id":"https:\/\/www.organisator.ch\/#organization"},"image":{"@id":"https:\/\/www.m-q.ch\/de\/control-2022-vor-dem-start\/#primaryimage"},"thumbnailUrl":"https:\/\/www.m-q.ch\/wp-content\/uploads\/2022\/04\/MQ-Management-Qualitaet-Control-2022-vor-dem-Start.jpg","keywords":["Control 2022"],"articleSection":["OPERATIONAL EXCELLENCE"],"inLanguage":"it-IT"},{"@type":"WebPage","@id":"https:\/\/www.organisator.ch\/operational-excellence\/2022-04-20\/control-2022-vor-dem-start\/","url":"https:\/\/www.m-q.ch\/de\/control-2022-vor-dem-start\/","name":"Il controllo 2022 sta per iniziare - Organizzatore","isPartOf":{"@id":"https:\/\/www.organisator.ch\/#website"},"primaryImageOfPage":{"@id":"https:\/\/www.m-q.ch\/de\/control-2022-vor-dem-start\/#primaryimage"},"image":{"@id":"https:\/\/www.m-q.ch\/de\/control-2022-vor-dem-start\/#primaryimage"},"thumbnailUrl":"https:\/\/www.m-q.ch\/wp-content\/uploads\/2022\/04\/MQ-Management-Qualitaet-Control-2022-vor-dem-Start.jpg","datePublished":"2022-04-20T07:05:15+00:00","dateModified":"2022-08-02T10:45:42+00:00","description":"Espositori e visitatori si preparano per Control 2022, la fiera internazionale del controllo qualit\u00e0.","breadcrumb":{"@id":"https:\/\/www.m-q.ch\/de\/control-2022-vor-dem-start\/#breadcrumb"},"inLanguage":"it-IT","potentialAction":[{"@type":"ReadAction","target":["https:\/\/www.m-q.ch\/de\/control-2022-vor-dem-start\/"]}]},{"@type":"ImageObject","inLanguage":"it-IT","@id":"https:\/\/www.m-q.ch\/de\/control-2022-vor-dem-start\/#primaryimage","url":"https:\/\/www.m-q.ch\/wp-content\/uploads\/2022\/04\/MQ-Management-Qualitaet-Control-2022-vor-dem-Start.jpg","contentUrl":"https:\/\/www.m-q.ch\/wp-content\/uploads\/2022\/04\/MQ-Management-Qualitaet-Control-2022-vor-dem-Start.jpg"},{"@type":"BreadcrumbList","@id":"https:\/\/www.m-q.ch\/de\/control-2022-vor-dem-start\/#breadcrumb","itemListElement":[{"@type":"ListItem","position":1,"name":"Home","item":"https:\/\/www.organisator.ch\/"},{"@type":"ListItem","position":2,"name":"Control 2022 vor dem Start"}]},{"@type":"WebSite","@id":"https:\/\/www.organisator.ch\/#website","url":"https:\/\/www.organisator.ch\/","name":"Organizzatore","description":"Competente. Pratico. In 10 numeri all'anno, ORGANISATOR presenta i temi essenziali per i manager delle PMI.","publisher":{"@id":"https:\/\/www.organisator.ch\/#organization"},"potentialAction":[{"@type":"SearchAction","target":{"@type":"EntryPoint","urlTemplate":"https:\/\/www.organisator.ch\/?s={search_term_string}"},"query-input":{"@type":"PropertyValueSpecification","valueRequired":true,"valueName":"search_term_string"}}],"inLanguage":"it-IT"},{"@type":"Organization","@id":"https:\/\/www.organisator.ch\/#organization","name":"Organizzatore","url":"https:\/\/www.organisator.ch\/","logo":{"@type":"ImageObject","inLanguage":"it-IT","@id":"https:\/\/www.organisator.ch\/#\/schema\/logo\/image\/","url":"https:\/\/www.organisator.ch\/wp-content\/uploads\/2022\/01\/Logo_Organisator_Website.png","contentUrl":"https:\/\/www.organisator.ch\/wp-content\/uploads\/2022\/01\/Logo_Organisator_Website.png","width":800,"height":77,"caption":"Organisator"},"image":{"@id":"https:\/\/www.organisator.ch\/#\/schema\/logo\/image\/"},"sameAs":["https:\/\/www.facebook.com\/OrganisatorFachmagazin","https:\/\/www.linkedin.com\/showcase\/organisator-das-magazin-fr-kmu","https:\/\/www.xing.com\/news\/pages\/organisator-ch-695","https:\/\/www.youtube.com\/channel\/UCGP2Sq0iWaZwT3BdIAQFYpw"]},{"@type":"Person","@id":"https:\/\/www.organisator.ch\/#\/schema\/person\/4e51799071cd2dd1232ac003643ef5f0","name":"galledia","image":{"@type":"ImageObject","inLanguage":"it-IT","@id":"https:\/\/secure.gravatar.com\/avatar\/78a7f90c01fc2bfc875782a0d4922b37cde2cf184ce347b91316d23cd7f69a36?s=96&d=mm&r=g","url":"https:\/\/secure.gravatar.com\/avatar\/78a7f90c01fc2bfc875782a0d4922b37cde2cf184ce347b91316d23cd7f69a36?s=96&d=mm&r=g","contentUrl":"https:\/\/secure.gravatar.com\/avatar\/78a7f90c01fc2bfc875782a0d4922b37cde2cf184ce347b91316d23cd7f69a36?s=96&d=mm&r=g","caption":"galledia"},"sameAs":["https:\/\/x.com\/admin"],"url":"https:\/\/www.organisator.ch\/it\/author\/galledia\/"}]}},"_links":{"self":[{"href":"https:\/\/www.organisator.ch\/it\/wp-json\/wp\/v2\/posts\/12607","targetHints":{"allow":["GET"]}}],"collection":[{"href":"https:\/\/www.organisator.ch\/it\/wp-json\/wp\/v2\/posts"}],"about":[{"href":"https:\/\/www.organisator.ch\/it\/wp-json\/wp\/v2\/types\/post"}],"author":[{"embeddable":true,"href":"https:\/\/www.organisator.ch\/it\/wp-json\/wp\/v2\/users\/8"}],"replies":[{"embeddable":true,"href":"https:\/\/www.organisator.ch\/it\/wp-json\/wp\/v2\/comments?post=12607"}],"version-history":[{"count":2,"href":"https:\/\/www.organisator.ch\/it\/wp-json\/wp\/v2\/posts\/12607\/revisions"}],"predecessor-version":[{"id":16149,"href":"https:\/\/www.organisator.ch\/it\/wp-json\/wp\/v2\/posts\/12607\/revisions\/16149"}],"wp:attachment":[{"href":"https:\/\/www.organisator.ch\/it\/wp-json\/wp\/v2\/media?parent=12607"}],"wp:term":[{"taxonomy":"category","embeddable":true,"href":"https:\/\/www.organisator.ch\/it\/wp-json\/wp\/v2\/categories?post=12607"},{"taxonomy":"post_tag","embeddable":true,"href":"https:\/\/www.organisator.ch\/it\/wp-json\/wp\/v2\/tags?post=12607"}],"curies":[{"name":"wp","href":"https:\/\/api.w.org\/{rel}","templated":true}]}}