{"id":12620,"date":"2022-04-20T15:33:37","date_gmt":"2022-04-20T13:33:37","guid":{"rendered":"https:\/\/www.organisator.ch\/?p=12620"},"modified":"2022-04-28T09:58:47","modified_gmt":"2022-04-28T07:58:47","slug":"lehrabgaengerstudie-2021-kaufmaennische-berufsleute-schauen-optimistisch-nach-vorne","status":"publish","type":"post","link":"https:\/\/www.organisator.ch\/it\/human-resources\/2022-04-20\/lehrabgaengerstudie-2021-kaufmaennische-berufsleute-schauen-optimistisch-nach-vorne\/","title":{"rendered":"Apprenticeship leaver study 2021: gli apprendisti commerciali sono ottimisti sul futuro"},"content":{"rendered":"<figure id=\"attachment_12621\" aria-describedby=\"caption-attachment-12621\" style=\"width: 680px\" class=\"wp-caption alignnone\"><img loading=\"lazy\" decoding=\"async\" class=\"size-full wp-image-12621\" src=\"https:\/\/www.organisator.ch\/wp-content\/uploads\/2022\/04\/Lehrabgaengerstudie-2021-Kaufmaennische-Berufsleute-schauen-optimistisch-nach-vorne-1_Organisator.jpg\" alt=\"\" width=\"680\" height=\"720\" srcset=\"https:\/\/www.organisator.ch\/wp-content\/uploads\/2022\/04\/Lehrabgaengerstudie-2021-Kaufmaennische-Berufsleute-schauen-optimistisch-nach-vorne-1_Organisator.jpg 680w, https:\/\/www.organisator.ch\/wp-content\/uploads\/2022\/04\/Lehrabgaengerstudie-2021-Kaufmaennische-Berufsleute-schauen-optimistisch-nach-vorne-1_Organisator-11x12.jpg 11w, https:\/\/www.organisator.ch\/wp-content\/uploads\/2022\/04\/Lehrabgaengerstudie-2021-Kaufmaennische-Berufsleute-schauen-optimistisch-nach-vorne-1_Organisator-165x175.jpg 165w, https:\/\/www.organisator.ch\/wp-content\/uploads\/2022\/04\/Lehrabgaengerstudie-2021-Kaufmaennische-Berufsleute-schauen-optimistisch-nach-vorne-1_Organisator-331x350.jpg 331w, https:\/\/www.organisator.ch\/wp-content\/uploads\/2022\/04\/Lehrabgaengerstudie-2021-Kaufmaennische-Berufsleute-schauen-optimistisch-nach-vorne-1_Organisator-300x318.jpg 300w\" sizes=\"auto, (max-width: 680px) 100vw, 680px\" \/><figcaption id=\"caption-attachment-12621\" class=\"wp-caption-text\">Secondo lo studio di apprendistato leaver 2021 della Commercial Association, i giovani professionisti sono ottimisti sul futuro. (Immagine: Unsplash.com)<\/figcaption><\/figure>\n<p>Con circa 14.000 diplomati all'anno, l'apprendistato commerciale \u00e8 la formazione di base pi\u00f9 popolare in Svizzera. Per monitorare la situazione durante e dopo l'apprendistato e i progetti futuri dei giovani professionisti, l'Associazione degli impiegati di commercio conduce dal 2006 un sondaggio annuale sugli apprendisti di commercio in Svizzera. Circa 3.600 persone hanno partecipato alla prima ondata del sondaggio nel luglio 2021; circa 1.200 persone hanno partecipato alla seconda ondata del sondaggio nel novembre 2021. Gli ultimi due anni sono stati segnati dalla pandemia di Corona e dalle misure prescritte. Per gli apprendisti commerciali, questo significava una routine quotidiana con ufficio e scuola a casa e quindi un contatto ridotto con i loro amici, colleghi di scuola e dipendenti dell'azienda. Oltre alla situazione lavorativa dei giovani professionisti e ai loro piani di formazione ulteriore, il focus dello studio 2021 su chi lascia l'apprendistato \u00e8 quindi la salute mentale e il benessere generale.<\/p>\n<h3>Dopo l'apprendistato \u00e8 tutt'altro che finito<\/h3>\n<p>La pandemia del Covid 19 ha colpito duramente i giovani professionisti e ha reso difficile il loro ingresso nel mercato del lavoro. Tuttavia, la situazione dei laureati in apprendistato si \u00e8 ripresa rapidamente dopo le sfide legate alla pandemia nel 2020. Cos\u00ec, la maggior parte dei laureati (71,6%) \u00e8 occupata al momento della seconda ondata del sondaggio nel novembre 2021 (cfr. grafico 1). \"La tendenza all'aumento osservata negli ultimi anni sta continuando dopo un minimo provvisorio nel 2020\", conferma Kathrin Ziltener, responsabile dell'istruzione di base e dell'orientamento giovanile presso l'Associazione degli impiegati del commercio. Con 4,2%, la quota di persone in cerca di lavoro a novembre \u00e8 ancora pi\u00f9 bassa che negli anni precedenti a Corona. L'interesse dei giovani apprendisti commerciali per la formazione continua \u00e8 ancora enorme. Circa 90% dei partecipanti hanno gi\u00e0 iniziato un'ulteriore formazione o hanno intenzione di farlo in futuro. \"L'indagine conferma che il CT continua a servire come una solida formazione di base per una grande variet\u00e0 di specializzazioni e carriere\", dice Ziltener.<\/p>\n<figure id=\"attachment_12622\" aria-describedby=\"caption-attachment-12622\" style=\"width: 680px\" class=\"wp-caption alignnone\"><img loading=\"lazy\" decoding=\"async\" class=\"size-full wp-image-12622\" src=\"https:\/\/www.organisator.ch\/wp-content\/uploads\/2022\/04\/Lehrabgaengerstudie-2021-Kaufmaennische-Berufsleute-schauen-optimistisch-nach-vorne-2_Organisator.jpg\" alt=\"\" width=\"680\" height=\"446\" srcset=\"https:\/\/www.organisator.ch\/wp-content\/uploads\/2022\/04\/Lehrabgaengerstudie-2021-Kaufmaennische-Berufsleute-schauen-optimistisch-nach-vorne-2_Organisator.jpg 680w, https:\/\/www.organisator.ch\/wp-content\/uploads\/2022\/04\/Lehrabgaengerstudie-2021-Kaufmaennische-Berufsleute-schauen-optimistisch-nach-vorne-2_Organisator-18x12.jpg 18w, https:\/\/www.organisator.ch\/wp-content\/uploads\/2022\/04\/Lehrabgaengerstudie-2021-Kaufmaennische-Berufsleute-schauen-optimistisch-nach-vorne-2_Organisator-267x175.jpg 267w, https:\/\/www.organisator.ch\/wp-content\/uploads\/2022\/04\/Lehrabgaengerstudie-2021-Kaufmaennische-Berufsleute-schauen-optimistisch-nach-vorne-2_Organisator-534x350.jpg 534w, https:\/\/www.organisator.ch\/wp-content\/uploads\/2022\/04\/Lehrabgaengerstudie-2021-Kaufmaennische-Berufsleute-schauen-optimistisch-nach-vorne-2_Organisator-300x197.jpg 300w\" sizes=\"auto, (max-width: 680px) 100vw, 680px\" \/><figcaption id=\"caption-attachment-12622\" class=\"wp-caption-text\">Grafico 1: Occupazione quattro mesi dopo il completamento dell'apprendistato (in %) (Fonte: kfmv)<\/figcaption><\/figure>\n<h3>Apprenticeship Leaver Study 2021 ha chiesto specificamente del benessere e della salute mentale<\/h3>\n<p>Fa piacere che circa 90% abbiano avuto una percezione positiva del periodo di formazione nell'azienda di apprendistato\/tirocinio: Sia per quanto riguarda la natura dei compiti, l'atmosfera di lavoro e il sostegno fornito dai formatori professionali e pratici. La maggior parte degli intervistati ha anche affrontato bene la situazione pi\u00f9 difficile del Covid 19 ed \u00e8 positiva per il futuro. Tuttavia, una parte considerevole di giovani ha anche espresso timori. Circa un terzo (32,4 %) dei giovani dice che il futuro li preoccupa. \"Le ragioni sono di diversa natura: alcuni sono preoccupati per il loro futuro professionale, per il loro lavoro o per il proseguimento degli studi, altri si sentono sovraccarichi e stressati\", spiega Ziltener. I megatrend della digitalizzazione e del cambiamento climatico sono anche tra i fattori di incertezza.<br \/>\nZiltener afferma: \"\u00c8 particolarmente importante che i giovani abbiano la possibilit\u00e0 di parlare delle paure e dei sentimenti negativi. Solo parlandone apertamente si possono trovare soluzioni anche per chi ne \u00e8 colpito e rafforzare la salute mentale\". 86% dei partecipanti hanno una o pi\u00f9 persone nel loro ambiente con cui possono parlare delle loro preoccupazioni e paure in confidenza. Tuttavia, non tutti i giovani stanno bene allo stesso modo: circa 14% dichiarano che non possono o non vogliono parlare con nessuno dei loro problemi (cfr. grafico 2). Per questi giovani, c'\u00e8 un urgente bisogno di punti di contatto esterni in modo che possano anche ottenere il sostegno necessario in situazioni difficili.<\/p>\n<figure id=\"attachment_12623\" aria-describedby=\"caption-attachment-12623\" style=\"width: 680px\" class=\"wp-caption alignnone\"><img loading=\"lazy\" decoding=\"async\" class=\"size-full wp-image-12623\" src=\"https:\/\/www.organisator.ch\/wp-content\/uploads\/2022\/04\/Lehrabgaengerstudie-2021-Kaufmaennische-Berufsleute-schauen-optimistisch-nach-vorne-3_Organisator.jpg\" alt=\"\" width=\"680\" height=\"458\" srcset=\"https:\/\/www.organisator.ch\/wp-content\/uploads\/2022\/04\/Lehrabgaengerstudie-2021-Kaufmaennische-Berufsleute-schauen-optimistisch-nach-vorne-3_Organisator.jpg 680w, https:\/\/www.organisator.ch\/wp-content\/uploads\/2022\/04\/Lehrabgaengerstudie-2021-Kaufmaennische-Berufsleute-schauen-optimistisch-nach-vorne-3_Organisator-18x12.jpg 18w, https:\/\/www.organisator.ch\/wp-content\/uploads\/2022\/04\/Lehrabgaengerstudie-2021-Kaufmaennische-Berufsleute-schauen-optimistisch-nach-vorne-3_Organisator-260x175.jpg 260w, https:\/\/www.organisator.ch\/wp-content\/uploads\/2022\/04\/Lehrabgaengerstudie-2021-Kaufmaennische-Berufsleute-schauen-optimistisch-nach-vorne-3_Organisator-520x350.jpg 520w, https:\/\/www.organisator.ch\/wp-content\/uploads\/2022\/04\/Lehrabgaengerstudie-2021-Kaufmaennische-Berufsleute-schauen-optimistisch-nach-vorne-3_Organisator-300x202.jpg 300w\" sizes=\"auto, (max-width: 680px) 100vw, 680px\" \/><figcaption id=\"caption-attachment-12623\" class=\"wp-caption-text\">Grafico 2: Dove gli studenti desideravano pi\u00f9 supporto durante la pandemia. (Fonte: kfmv)<\/figcaption><\/figure>\n<h3>Nuovo <a href=\"https:\/\/www.organisator.ch\/de\/human-resources\/hrm\/2022-01-28\/gesunde-lernende-dank-bgm-von-gesundheitsfoerderung-schweiz\/\">Partnership con Promozione Salute Svizzera<\/a><\/h3>\n<p>L'Associazione Commerciale dice che prende molto sul serio le preoccupazioni degli apprendisti commerciali e il loro bisogno di maggiori informazioni e quindi sta espandendo i suoi servizi di supporto esistenti. Questo include una nuova partnership con la Fondazione svizzera per la promozione della salute. Questa partnership si concentra sulla salute degli studenti e su uffici domestici sani. Reto K\u00e4lin, responsabile dei partenariati di Promozione Salute Svizzera, conferma: \"Il Job Stress Index, che compiliamo periodicamente dal 2014, fornisce cifre chiave su come lo stress legato al lavoro influenzi la salute e la produttivit\u00e0 dei dipendenti. L'ultima indagine sottolinea che si dovrebbe prestare particolare attenzione alla salute mentale dei giovani lavoratori\". Un confronto tra diversi gruppi di et\u00e0 mostra che in Svizzera, i giovani lavoratori tra i 16 e i 24 anni hanno i livelli di stress pi\u00f9 alti. Promozione Salute Svizzera ha lanciato l'offerta Apprentice per gli studenti della formazione professionale nel 2021 per promuovere la salute mentale degli studenti. Nell'ambito dei programmi d'azione cantonali e delle due campagne linguistiche regionali per la promozione della salute mentale, la Fondazione collabora anche con i cantoni per far s\u00ec che i giovani seguano una dieta equilibrata, facciano pi\u00f9 movimento e si mantengano sani mentalmente.<\/p>\n<p><em>Fonte e ulteriori informazioni: <a href=\"http:\/\/www.kfmv.ch\">KV Svizzera<\/a><\/em><\/p>","protected":false},"excerpt":{"rendered":"<p>Mit rund 14 000 Absolvierenden pro Jahr ist die KV-Lehre die beliebteste Grundbildung der Schweiz. Um die Situation w\u00e4hrend und nach der Lehre sowie die Zukunftspl\u00e4ne der jungen Berufsleute zu observieren, f\u00fchrt der Kaufm\u00e4nnische Verband seit 2006 j\u00e4hrlich eine Umfrage bei KV-Lehrabg\u00e4nger\/-innen in der Schweiz durch. An der ersten Erhebungswelle im Juli 2021 haben rund [&hellip;]<\/p>\n","protected":false},"author":4,"featured_media":0,"comment_status":"closed","ping_status":"closed","sticky":false,"template":"","format":"standard","meta":{"_acf_changed":false,"_yoast_wpseo_focuskw":"Lehrabg\u00e4ngerstudie 2021","_yoast_wpseo_metadesc":"Die Lehrabg\u00e4ngerstudie 2021 zeigt, dass ein Grossteil der jungen Berufsleute die erschwerte Covid-19-Situation gut \u00fcberstanden hat.","articlekey":"","footnotes":""},"categories":[579],"tags":[62,132,459,503],"class_list":["post-12620","post","type-post","status-publish","format-standard","hentry","category-human-resources","tag-aus-weiterbildung","tag-coronavirus","tag-studie","tag-verbaende"],"acf":[],"yoast_head":"<!-- This site is optimized with the Yoast SEO plugin v27.4 - https:\/\/yoast.com\/product\/yoast-seo-wordpress\/ -->\n<title>Lehrabg\u00e4ngerstudie 2021: Kaufm\u00e4nnische Berufsleute schauen optimistisch nach vorne - Organisator<\/title>\n<meta name=\"description\" content=\"Die Lehrabg\u00e4ngerstudie 2021 zeigt, dass ein Grossteil der jungen Berufsleute die erschwerte Covid-19-Situation gut \u00fcberstanden hat.\" \/>\n<meta name=\"robots\" content=\"index, follow, max-snippet:-1, max-image-preview:large, max-video-preview:-1\" \/>\n<link rel=\"canonical\" href=\"https:\/\/www.organisator.ch\/it\/risorse-umane\/2022-04-20\/lehrabgaengerstudie-2021-kaufmaennische-berufsleute-schauen-optimistisch-nach-vorne\/\" \/>\n<meta property=\"og:locale\" content=\"it_IT\" \/>\n<meta property=\"og:type\" content=\"article\" \/>\n<meta property=\"og:title\" content=\"Lehrabg\u00e4ngerstudie 2021: Kaufm\u00e4nnische Berufsleute schauen optimistisch nach vorne\" \/>\n<meta property=\"og:description\" content=\"Die Lehrabg\u00e4ngerstudie 2021 zeigt, dass ein Grossteil der jungen Berufsleute die erschwerte Covid-19-Situation gut \u00fcberstanden hat.\" \/>\n<meta property=\"og:url\" content=\"https:\/\/www.organisator.ch\/it\/risorse-umane\/2022-04-20\/lehrabgaengerstudie-2021-kaufmaennische-berufsleute-schauen-optimistisch-nach-vorne\/\" \/>\n<meta property=\"og:site_name\" content=\"Organisator\" \/>\n<meta property=\"article:publisher\" content=\"https:\/\/www.facebook.com\/OrganisatorFachmagazin\" \/>\n<meta property=\"article:published_time\" content=\"2022-04-20T13:33:37+00:00\" \/>\n<meta property=\"article:modified_time\" content=\"2022-04-28T07:58:47+00:00\" \/>\n<meta property=\"og:image\" content=\"https:\/\/www.organisator.ch\/wp-content\/uploads\/2022\/04\/Lehrabgaengerstudie-2021-Kaufmaennische-Berufsleute-schauen-optimistisch-nach-vorne-1_Organisator.jpg\" \/>\n\t<meta property=\"og:image:width\" content=\"680\" \/>\n\t<meta property=\"og:image:height\" content=\"720\" \/>\n\t<meta property=\"og:image:type\" content=\"image\/jpeg\" \/>\n<meta name=\"author\" content=\"thomas.berner\" \/>\n<meta name=\"twitter:card\" content=\"summary_large_image\" \/>\n<meta name=\"twitter:title\" content=\"#Lehrabg\u00e4ngerstudie 2021: Kaufm\u00e4nnische #Berufsleute schauen optimistisch nach vorne\" \/>\n<meta name=\"twitter:description\" content=\"Die #Lehrabg\u00e4ngerstudie 2021 zeigt, dass ein Grossteil der jungen #Berufsleute die erschwerte #Covid-19-Situation gut \u00fcberstanden hat.\" \/>\n<meta name=\"twitter:image\" content=\"https:\/\/www.organisator.ch\/wp-content\/uploads\/2022\/04\/Lehrabgaengerstudie-2021-Kaufmaennische-Berufsleute-schauen-optimistisch-nach-vorne-1_Organisator.jpg\" \/>\n<script type=\"application\/ld+json\" class=\"yoast-schema-graph\">{\"@context\":\"https:\\\/\\\/schema.org\",\"@graph\":[{\"@type\":\"Article\",\"@id\":\"https:\\\/\\\/www.organisator.ch\\\/human-resources\\\/2022-04-20\\\/lehrabgaengerstudie-2021-kaufmaennische-berufsleute-schauen-optimistisch-nach-vorne\\\/#article\",\"isPartOf\":{\"@id\":\"https:\\\/\\\/www.organisator.ch\\\/human-resources\\\/2022-04-20\\\/lehrabgaengerstudie-2021-kaufmaennische-berufsleute-schauen-optimistisch-nach-vorne\\\/\"},\"author\":{\"name\":\"thomas.berner\",\"@id\":\"https:\\\/\\\/www.organisator.ch\\\/#\\\/schema\\\/person\\\/6f650f90b2842cd4c0cc334b4e36f67e\"},\"headline\":\"Lehrabg\u00e4ngerstudie 2021: Kaufm\u00e4nnische Berufsleute schauen optimistisch nach vorne\",\"datePublished\":\"2022-04-20T13:33:37+00:00\",\"dateModified\":\"2022-04-28T07:58:47+00:00\",\"mainEntityOfPage\":{\"@id\":\"https:\\\/\\\/www.organisator.ch\\\/human-resources\\\/2022-04-20\\\/lehrabgaengerstudie-2021-kaufmaennische-berufsleute-schauen-optimistisch-nach-vorne\\\/\"},\"wordCount\":795,\"publisher\":{\"@id\":\"https:\\\/\\\/www.organisator.ch\\\/#organization\"},\"image\":{\"@id\":\"https:\\\/\\\/www.organisator.ch\\\/human-resources\\\/2022-04-20\\\/lehrabgaengerstudie-2021-kaufmaennische-berufsleute-schauen-optimistisch-nach-vorne\\\/#primaryimage\"},\"thumbnailUrl\":\"https:\\\/\\\/www.organisator.ch\\\/wp-content\\\/uploads\\\/2022\\\/04\\\/Lehrabgaengerstudie-2021-Kaufmaennische-Berufsleute-schauen-optimistisch-nach-vorne-1_Organisator.jpg\",\"keywords\":[\"Aus-\\\/Weiterbildung\",\"Coronavirus\",\"Studie\",\"Verb\u00e4nde\"],\"articleSection\":[\"HUMAN RESOURCES\"],\"inLanguage\":\"it-IT\"},{\"@type\":\"WebPage\",\"@id\":\"https:\\\/\\\/www.organisator.ch\\\/human-resources\\\/2022-04-20\\\/lehrabgaengerstudie-2021-kaufmaennische-berufsleute-schauen-optimistisch-nach-vorne\\\/\",\"url\":\"https:\\\/\\\/www.organisator.ch\\\/human-resources\\\/2022-04-20\\\/lehrabgaengerstudie-2021-kaufmaennische-berufsleute-schauen-optimistisch-nach-vorne\\\/\",\"name\":\"Lehrabg\u00e4ngerstudie 2021: Kaufm\u00e4nnische Berufsleute schauen optimistisch nach vorne - Organisator\",\"isPartOf\":{\"@id\":\"https:\\\/\\\/www.organisator.ch\\\/#website\"},\"primaryImageOfPage\":{\"@id\":\"https:\\\/\\\/www.organisator.ch\\\/human-resources\\\/2022-04-20\\\/lehrabgaengerstudie-2021-kaufmaennische-berufsleute-schauen-optimistisch-nach-vorne\\\/#primaryimage\"},\"image\":{\"@id\":\"https:\\\/\\\/www.organisator.ch\\\/human-resources\\\/2022-04-20\\\/lehrabgaengerstudie-2021-kaufmaennische-berufsleute-schauen-optimistisch-nach-vorne\\\/#primaryimage\"},\"thumbnailUrl\":\"https:\\\/\\\/www.organisator.ch\\\/wp-content\\\/uploads\\\/2022\\\/04\\\/Lehrabgaengerstudie-2021-Kaufmaennische-Berufsleute-schauen-optimistisch-nach-vorne-1_Organisator.jpg\",\"datePublished\":\"2022-04-20T13:33:37+00:00\",\"dateModified\":\"2022-04-28T07:58:47+00:00\",\"description\":\"Die Lehrabg\u00e4ngerstudie 2021 zeigt, dass ein Grossteil der jungen Berufsleute die erschwerte Covid-19-Situation gut \u00fcberstanden hat.\",\"breadcrumb\":{\"@id\":\"https:\\\/\\\/www.organisator.ch\\\/human-resources\\\/2022-04-20\\\/lehrabgaengerstudie-2021-kaufmaennische-berufsleute-schauen-optimistisch-nach-vorne\\\/#breadcrumb\"},\"inLanguage\":\"it-IT\",\"potentialAction\":[{\"@type\":\"ReadAction\",\"target\":[\"https:\\\/\\\/www.organisator.ch\\\/human-resources\\\/2022-04-20\\\/lehrabgaengerstudie-2021-kaufmaennische-berufsleute-schauen-optimistisch-nach-vorne\\\/\"]}]},{\"@type\":\"ImageObject\",\"inLanguage\":\"it-IT\",\"@id\":\"https:\\\/\\\/www.organisator.ch\\\/human-resources\\\/2022-04-20\\\/lehrabgaengerstudie-2021-kaufmaennische-berufsleute-schauen-optimistisch-nach-vorne\\\/#primaryimage\",\"url\":\"https:\\\/\\\/www.organisator.ch\\\/wp-content\\\/uploads\\\/2022\\\/04\\\/Lehrabgaengerstudie-2021-Kaufmaennische-Berufsleute-schauen-optimistisch-nach-vorne-1_Organisator.jpg\",\"contentUrl\":\"https:\\\/\\\/www.organisator.ch\\\/wp-content\\\/uploads\\\/2022\\\/04\\\/Lehrabgaengerstudie-2021-Kaufmaennische-Berufsleute-schauen-optimistisch-nach-vorne-1_Organisator.jpg\"},{\"@type\":\"BreadcrumbList\",\"@id\":\"https:\\\/\\\/www.organisator.ch\\\/human-resources\\\/2022-04-20\\\/lehrabgaengerstudie-2021-kaufmaennische-berufsleute-schauen-optimistisch-nach-vorne\\\/#breadcrumb\",\"itemListElement\":[{\"@type\":\"ListItem\",\"position\":1,\"name\":\"Home\",\"item\":\"https:\\\/\\\/www.organisator.ch\\\/\"},{\"@type\":\"ListItem\",\"position\":2,\"name\":\"Lehrabg\u00e4ngerstudie 2021: Kaufm\u00e4nnische Berufsleute schauen optimistisch nach vorne\"}]},{\"@type\":\"WebSite\",\"@id\":\"https:\\\/\\\/www.organisator.ch\\\/#website\",\"url\":\"https:\\\/\\\/www.organisator.ch\\\/\",\"name\":\"Organisator\",\"description\":\"Kompetent. Praxisnah. Der ORGANISATOR bereitet in 10 Ausgaben pro Jahr die wesentlichen Themen f\u00fcr F\u00fchrungskr\u00e4fte von KMU auf.\",\"publisher\":{\"@id\":\"https:\\\/\\\/www.organisator.ch\\\/#organization\"},\"potentialAction\":[{\"@type\":\"SearchAction\",\"target\":{\"@type\":\"EntryPoint\",\"urlTemplate\":\"https:\\\/\\\/www.organisator.ch\\\/?s={search_term_string}\"},\"query-input\":{\"@type\":\"PropertyValueSpecification\",\"valueRequired\":true,\"valueName\":\"search_term_string\"}}],\"inLanguage\":\"it-IT\"},{\"@type\":\"Organization\",\"@id\":\"https:\\\/\\\/www.organisator.ch\\\/#organization\",\"name\":\"Organisator\",\"url\":\"https:\\\/\\\/www.organisator.ch\\\/\",\"logo\":{\"@type\":\"ImageObject\",\"inLanguage\":\"it-IT\",\"@id\":\"https:\\\/\\\/www.organisator.ch\\\/#\\\/schema\\\/logo\\\/image\\\/\",\"url\":\"https:\\\/\\\/www.organisator.ch\\\/wp-content\\\/uploads\\\/2022\\\/01\\\/Logo_Organisator_Website.png\",\"contentUrl\":\"https:\\\/\\\/www.organisator.ch\\\/wp-content\\\/uploads\\\/2022\\\/01\\\/Logo_Organisator_Website.png\",\"width\":800,\"height\":77,\"caption\":\"Organisator\"},\"image\":{\"@id\":\"https:\\\/\\\/www.organisator.ch\\\/#\\\/schema\\\/logo\\\/image\\\/\"},\"sameAs\":[\"https:\\\/\\\/www.facebook.com\\\/OrganisatorFachmagazin\",\"https:\\\/\\\/www.linkedin.com\\\/showcase\\\/organisator-das-magazin-fr-kmu\",\"https:\\\/\\\/www.xing.com\\\/news\\\/pages\\\/organisator-ch-695\",\"https:\\\/\\\/www.youtube.com\\\/channel\\\/UCGP2Sq0iWaZwT3BdIAQFYpw\"]},{\"@type\":\"Person\",\"@id\":\"https:\\\/\\\/www.organisator.ch\\\/#\\\/schema\\\/person\\\/6f650f90b2842cd4c0cc334b4e36f67e\",\"name\":\"thomas.berner\",\"image\":{\"@type\":\"ImageObject\",\"inLanguage\":\"it-IT\",\"@id\":\"https:\\\/\\\/secure.gravatar.com\\\/avatar\\\/ac5001d2a36cb6c6cd3e50789007ffca834b477b74a2144564522e944eabff61?s=96&d=mm&r=g\",\"url\":\"https:\\\/\\\/secure.gravatar.com\\\/avatar\\\/ac5001d2a36cb6c6cd3e50789007ffca834b477b74a2144564522e944eabff61?s=96&d=mm&r=g\",\"contentUrl\":\"https:\\\/\\\/secure.gravatar.com\\\/avatar\\\/ac5001d2a36cb6c6cd3e50789007ffca834b477b74a2144564522e944eabff61?s=96&d=mm&r=g\",\"caption\":\"thomas.berner\"},\"url\":\"https:\\\/\\\/www.organisator.ch\\\/it\\\/author\\\/thomas-berner\\\/\"}]}<\/script>\n<!-- \/ Yoast SEO plugin. -->","yoast_head_json":{"title":"Studio sull'abbandono dell'apprendistato 2021: gli apprendisti commerciali sono ottimisti sul futuro - Organizzatore","description":"Lo studio sugli abbandoni di apprendistato del 2021 mostra che un'ampia percentuale di giovani professionisti ha superato bene la difficile situazione del Covid 19.","robots":{"index":"index","follow":"follow","max-snippet":"max-snippet:-1","max-image-preview":"max-image-preview:large","max-video-preview":"max-video-preview:-1"},"canonical":"https:\/\/www.organisator.ch\/it\/risorse-umane\/2022-04-20\/lehrabgaengerstudie-2021-kaufmaennische-berufsleute-schauen-optimistisch-nach-vorne\/","og_locale":"it_IT","og_type":"article","og_title":"Lehrabg\u00e4ngerstudie 2021: Kaufm\u00e4nnische Berufsleute schauen optimistisch nach vorne","og_description":"Die Lehrabg\u00e4ngerstudie 2021 zeigt, dass ein Grossteil der jungen Berufsleute die erschwerte Covid-19-Situation gut \u00fcberstanden hat.","og_url":"https:\/\/www.organisator.ch\/it\/risorse-umane\/2022-04-20\/lehrabgaengerstudie-2021-kaufmaennische-berufsleute-schauen-optimistisch-nach-vorne\/","og_site_name":"Organisator","article_publisher":"https:\/\/www.facebook.com\/OrganisatorFachmagazin","article_published_time":"2022-04-20T13:33:37+00:00","article_modified_time":"2022-04-28T07:58:47+00:00","og_image":[{"width":680,"height":720,"url":"https:\/\/www.organisator.ch\/wp-content\/uploads\/2022\/04\/Lehrabgaengerstudie-2021-Kaufmaennische-Berufsleute-schauen-optimistisch-nach-vorne-1_Organisator.jpg","type":"image\/jpeg"}],"author":"thomas.berner","twitter_card":"summary_large_image","twitter_title":"#Lehrabg\u00e4ngerstudie 2021: Kaufm\u00e4nnische #Berufsleute schauen optimistisch nach vorne","twitter_description":"Die #Lehrabg\u00e4ngerstudie 2021 zeigt, dass ein Grossteil der jungen #Berufsleute die erschwerte #Covid-19-Situation gut \u00fcberstanden hat.","twitter_image":"https:\/\/www.organisator.ch\/wp-content\/uploads\/2022\/04\/Lehrabgaengerstudie-2021-Kaufmaennische-Berufsleute-schauen-optimistisch-nach-vorne-1_Organisator.jpg","schema":{"@context":"https:\/\/schema.org","@graph":[{"@type":"Article","@id":"https:\/\/www.organisator.ch\/human-resources\/2022-04-20\/lehrabgaengerstudie-2021-kaufmaennische-berufsleute-schauen-optimistisch-nach-vorne\/#article","isPartOf":{"@id":"https:\/\/www.organisator.ch\/human-resources\/2022-04-20\/lehrabgaengerstudie-2021-kaufmaennische-berufsleute-schauen-optimistisch-nach-vorne\/"},"author":{"name":"thomas.berner","@id":"https:\/\/www.organisator.ch\/#\/schema\/person\/6f650f90b2842cd4c0cc334b4e36f67e"},"headline":"Lehrabg\u00e4ngerstudie 2021: Kaufm\u00e4nnische Berufsleute schauen optimistisch nach vorne","datePublished":"2022-04-20T13:33:37+00:00","dateModified":"2022-04-28T07:58:47+00:00","mainEntityOfPage":{"@id":"https:\/\/www.organisator.ch\/human-resources\/2022-04-20\/lehrabgaengerstudie-2021-kaufmaennische-berufsleute-schauen-optimistisch-nach-vorne\/"},"wordCount":795,"publisher":{"@id":"https:\/\/www.organisator.ch\/#organization"},"image":{"@id":"https:\/\/www.organisator.ch\/human-resources\/2022-04-20\/lehrabgaengerstudie-2021-kaufmaennische-berufsleute-schauen-optimistisch-nach-vorne\/#primaryimage"},"thumbnailUrl":"https:\/\/www.organisator.ch\/wp-content\/uploads\/2022\/04\/Lehrabgaengerstudie-2021-Kaufmaennische-Berufsleute-schauen-optimistisch-nach-vorne-1_Organisator.jpg","keywords":["Aus-\/Weiterbildung","Coronavirus","Studie","Verb\u00e4nde"],"articleSection":["HUMAN RESOURCES"],"inLanguage":"it-IT"},{"@type":"WebPage","@id":"https:\/\/www.organisator.ch\/human-resources\/2022-04-20\/lehrabgaengerstudie-2021-kaufmaennische-berufsleute-schauen-optimistisch-nach-vorne\/","url":"https:\/\/www.organisator.ch\/human-resources\/2022-04-20\/lehrabgaengerstudie-2021-kaufmaennische-berufsleute-schauen-optimistisch-nach-vorne\/","name":"Studio sull'abbandono dell'apprendistato 2021: gli apprendisti commerciali sono ottimisti sul futuro - Organizzatore","isPartOf":{"@id":"https:\/\/www.organisator.ch\/#website"},"primaryImageOfPage":{"@id":"https:\/\/www.organisator.ch\/human-resources\/2022-04-20\/lehrabgaengerstudie-2021-kaufmaennische-berufsleute-schauen-optimistisch-nach-vorne\/#primaryimage"},"image":{"@id":"https:\/\/www.organisator.ch\/human-resources\/2022-04-20\/lehrabgaengerstudie-2021-kaufmaennische-berufsleute-schauen-optimistisch-nach-vorne\/#primaryimage"},"thumbnailUrl":"https:\/\/www.organisator.ch\/wp-content\/uploads\/2022\/04\/Lehrabgaengerstudie-2021-Kaufmaennische-Berufsleute-schauen-optimistisch-nach-vorne-1_Organisator.jpg","datePublished":"2022-04-20T13:33:37+00:00","dateModified":"2022-04-28T07:58:47+00:00","description":"Lo studio sugli abbandoni di apprendistato del 2021 mostra che un'ampia percentuale di giovani professionisti ha superato bene la difficile situazione del Covid 19.","breadcrumb":{"@id":"https:\/\/www.organisator.ch\/human-resources\/2022-04-20\/lehrabgaengerstudie-2021-kaufmaennische-berufsleute-schauen-optimistisch-nach-vorne\/#breadcrumb"},"inLanguage":"it-IT","potentialAction":[{"@type":"ReadAction","target":["https:\/\/www.organisator.ch\/human-resources\/2022-04-20\/lehrabgaengerstudie-2021-kaufmaennische-berufsleute-schauen-optimistisch-nach-vorne\/"]}]},{"@type":"ImageObject","inLanguage":"it-IT","@id":"https:\/\/www.organisator.ch\/human-resources\/2022-04-20\/lehrabgaengerstudie-2021-kaufmaennische-berufsleute-schauen-optimistisch-nach-vorne\/#primaryimage","url":"https:\/\/www.organisator.ch\/wp-content\/uploads\/2022\/04\/Lehrabgaengerstudie-2021-Kaufmaennische-Berufsleute-schauen-optimistisch-nach-vorne-1_Organisator.jpg","contentUrl":"https:\/\/www.organisator.ch\/wp-content\/uploads\/2022\/04\/Lehrabgaengerstudie-2021-Kaufmaennische-Berufsleute-schauen-optimistisch-nach-vorne-1_Organisator.jpg"},{"@type":"BreadcrumbList","@id":"https:\/\/www.organisator.ch\/human-resources\/2022-04-20\/lehrabgaengerstudie-2021-kaufmaennische-berufsleute-schauen-optimistisch-nach-vorne\/#breadcrumb","itemListElement":[{"@type":"ListItem","position":1,"name":"Home","item":"https:\/\/www.organisator.ch\/"},{"@type":"ListItem","position":2,"name":"Lehrabg\u00e4ngerstudie 2021: Kaufm\u00e4nnische Berufsleute schauen optimistisch nach vorne"}]},{"@type":"WebSite","@id":"https:\/\/www.organisator.ch\/#website","url":"https:\/\/www.organisator.ch\/","name":"Organizzatore","description":"Competente. Pratico. In 10 numeri all'anno, ORGANISATOR presenta i temi essenziali per i manager delle PMI.","publisher":{"@id":"https:\/\/www.organisator.ch\/#organization"},"potentialAction":[{"@type":"SearchAction","target":{"@type":"EntryPoint","urlTemplate":"https:\/\/www.organisator.ch\/?s={search_term_string}"},"query-input":{"@type":"PropertyValueSpecification","valueRequired":true,"valueName":"search_term_string"}}],"inLanguage":"it-IT"},{"@type":"Organization","@id":"https:\/\/www.organisator.ch\/#organization","name":"Organizzatore","url":"https:\/\/www.organisator.ch\/","logo":{"@type":"ImageObject","inLanguage":"it-IT","@id":"https:\/\/www.organisator.ch\/#\/schema\/logo\/image\/","url":"https:\/\/www.organisator.ch\/wp-content\/uploads\/2022\/01\/Logo_Organisator_Website.png","contentUrl":"https:\/\/www.organisator.ch\/wp-content\/uploads\/2022\/01\/Logo_Organisator_Website.png","width":800,"height":77,"caption":"Organisator"},"image":{"@id":"https:\/\/www.organisator.ch\/#\/schema\/logo\/image\/"},"sameAs":["https:\/\/www.facebook.com\/OrganisatorFachmagazin","https:\/\/www.linkedin.com\/showcase\/organisator-das-magazin-fr-kmu","https:\/\/www.xing.com\/news\/pages\/organisator-ch-695","https:\/\/www.youtube.com\/channel\/UCGP2Sq0iWaZwT3BdIAQFYpw"]},{"@type":"Person","@id":"https:\/\/www.organisator.ch\/#\/schema\/person\/6f650f90b2842cd4c0cc334b4e36f67e","name":"Tommaso.berner","image":{"@type":"ImageObject","inLanguage":"it-IT","@id":"https:\/\/secure.gravatar.com\/avatar\/ac5001d2a36cb6c6cd3e50789007ffca834b477b74a2144564522e944eabff61?s=96&d=mm&r=g","url":"https:\/\/secure.gravatar.com\/avatar\/ac5001d2a36cb6c6cd3e50789007ffca834b477b74a2144564522e944eabff61?s=96&d=mm&r=g","contentUrl":"https:\/\/secure.gravatar.com\/avatar\/ac5001d2a36cb6c6cd3e50789007ffca834b477b74a2144564522e944eabff61?s=96&d=mm&r=g","caption":"thomas.berner"},"url":"https:\/\/www.organisator.ch\/it\/author\/thomas-berner\/"}]}},"_links":{"self":[{"href":"https:\/\/www.organisator.ch\/it\/wp-json\/wp\/v2\/posts\/12620","targetHints":{"allow":["GET"]}}],"collection":[{"href":"https:\/\/www.organisator.ch\/it\/wp-json\/wp\/v2\/posts"}],"about":[{"href":"https:\/\/www.organisator.ch\/it\/wp-json\/wp\/v2\/types\/post"}],"author":[{"embeddable":true,"href":"https:\/\/www.organisator.ch\/it\/wp-json\/wp\/v2\/users\/4"}],"replies":[{"embeddable":true,"href":"https:\/\/www.organisator.ch\/it\/wp-json\/wp\/v2\/comments?post=12620"}],"version-history":[{"count":1,"href":"https:\/\/www.organisator.ch\/it\/wp-json\/wp\/v2\/posts\/12620\/revisions"}],"predecessor-version":[{"id":12624,"href":"https:\/\/www.organisator.ch\/it\/wp-json\/wp\/v2\/posts\/12620\/revisions\/12624"}],"wp:attachment":[{"href":"https:\/\/www.organisator.ch\/it\/wp-json\/wp\/v2\/media?parent=12620"}],"wp:term":[{"taxonomy":"category","embeddable":true,"href":"https:\/\/www.organisator.ch\/it\/wp-json\/wp\/v2\/categories?post=12620"},{"taxonomy":"post_tag","embeddable":true,"href":"https:\/\/www.organisator.ch\/it\/wp-json\/wp\/v2\/tags?post=12620"}],"curies":[{"name":"wp","href":"https:\/\/api.w.org\/{rel}","templated":true}]}}