{"id":12656,"date":"2022-04-25T16:15:10","date_gmt":"2022-04-25T14:15:10","guid":{"rendered":"https:\/\/www.werbewoche.ch\/?p=169785"},"modified":"2022-07-30T15:18:30","modified_gmt":"2022-07-30T13:18:30","slug":"crk-hutter-consult-the-house-zusammen-fuer-eit-swiss","status":"publish","type":"post","link":"https:\/\/www.organisator.ch\/it\/marketing\/2022-04-25\/crk-hutter-consult-the-house-zusammen-fuer-eit-swiss\/","title":{"rendered":"CRK, Hutter-Consult &amp; The House insieme per EIT.Swiss"},"content":{"rendered":"<img class=\"alignnone wp-image-169789 size-large\" src=\"https:\/\/www.werbewoche.ch\/wp-content\/uploads\/2022\/04\/TH_ETI-Swiss_1400x768-1024x575.jpg\" alt=\"CRK\" width=\"768\" height=\"431\" \/>Dopo aver ottenuto il mandato, The House \u00e8 responsabile della strategia media, della pianificazione dei canali, dell'acquisto, nonch\u00e9 della gestione e dell'ottimizzazione delle campagne sui media digitali e analogici. Hutter-Consult \u00e8 la terza agenzia di MYTY Svizzera che si occupa delle campagne sui social network e sulla ricerca.\r\n\r\nIl focus principale \u00e8 sulla campagna d'immagine, che sar\u00e0 vissuta attraverso i canali primari TV, online, social media e search, oltre che con affissioni e con strumenti di comunicazione interna come rinforzo tattico e comunicazione associativa. La campagna d'immagine della CRK \u00e8 in corso dal 2021. Il mandato e le misure specifiche, in particolare l'attuale campagna d'immagine, sono orientati a tre anni, fino al 2023.\r\n\r\n<hr \/>\r\n\r\n<strong>Responsabile di EIT.Swiss:<\/strong> Laura Kopp, responsabile delle relazioni pubbliche. <strong>Agenzie responsabili:<\/strong> CRK - Strategia\/Creazione e Comunicazione, The House - Media, Hutter-Consult - Social-Media &amp; Ricerca\r\n\r\n<em><strong>Informazioni sulla casa<\/strong>Come moderna agenzia di comunicazione boutique, The House sviluppa esperienze di comunicazione creative per aziende svizzere di medie dimensioni e le fa vivere in modo mediaticamente efficace attraverso un'orchestrazione integrata e basata sui dati di strategia, creazione, tecnologia e media lungo il customer journey.<\/em>\r\n\r\n<em><strong>Circa il gruppo MYTY:<\/strong> MYTY Group AG riunisce attualmente otto agenzie con pi\u00f9 di 400 dipendenti in 15 sedi in Svizzera e Germania. Offre ai suoi clienti nazionali e internazionali competenze in rete nelle aree di marketing, creazione, relazioni pubbliche, campagne, attivazione, eCommerce, Web3 e innovazione dei modelli di business e li aiuta a comunicare efficacemente nell'era digitale. Insieme, il gruppo sviluppa soluzioni per tutti i gruppi target e attraverso tutti i canali. La missione comune \u00e8 sempre quella di soddisfare i requisiti tecnici cos\u00ec come lo zeitgeist che cambia, al fine di sviluppare le migliori soluzioni possibili per i clienti e gli utenti. Con questo approccio olistico, MYTY mira a diventare uno dei gruppi di agenzie leader in Europa.<\/em>","protected":false},"excerpt":{"rendered":"<p>The House verantwortet nach dem Mandatsgewinn die Mediastrategie, das Channel-Planning, den Einkauf sowie den Betrieb und Optimierung der Kampagnen in den digitalen und analogen Medien. Hutter-Consult \u00fcbernimmt als dritte MYTY Schweiz Agentur die Kampagnen-Aufgaben in den Social-Networks und Search. Hauptaugenmerk liegt auf der Image-Kampagne, welche \u00fcber die prim\u00e4ren Kan\u00e4le TV, Online, Social-Media und Search sowie [\u2026]<\/p>\n","protected":false},"author":8,"featured_media":0,"comment_status":"closed","ping_status":"closed","sticky":false,"template":"","format":"standard","meta":{"_acf_changed":false,"_yoast_wpseo_focuskw":"CRK","_yoast_wpseo_metadesc":"The House ist ab sofort f\u00fcr das Media-Mandat der Imagekampagne von EIT.Swiss verantwortlich.","articlekey":"","footnotes":""},"categories":[29],"tags":[2823,3008,3203,3177,2824,3178],"class_list":["post-12656","post","type-post","status-publish","format-standard","hentry","category-marketing","tag-agentur","tag-crk","tag-eit-swiss","tag-hutter-consult","tag-plakat","tag-the-house"],"acf":[],"yoast_head":"<!-- This site is optimized with the Yoast SEO plugin v27.5 - https:\/\/yoast.com\/product\/yoast-seo-wordpress\/ -->\n<title>CRK, Hutter-Consult &amp; The House zusammen f\u00fcr EIT.Swiss - Organisator<\/title>\n<meta name=\"description\" content=\"The House ist ab sofort f\u00fcr das Media-Mandat der Imagekampagne von EIT.Swiss verantwortlich.\" \/>\n<meta name=\"robots\" content=\"index, follow, max-snippet:-1, max-image-preview:large, max-video-preview:-1\" \/>\n<link rel=\"canonical\" href=\"https:\/\/www.werbewoche.ch\/de\/marketing\/2022-04-25\/crk-hutter-consult-the-house-zusammen-fuer-eit-swiss\/\" \/>\n<meta property=\"og:locale\" content=\"it_IT\" \/>\n<meta property=\"og:type\" content=\"article\" \/>\n<meta property=\"og:title\" content=\"CRK, Hutter-Consult &amp; The House zusammen f\u00fcr EIT.Swiss - Organisator\" \/>\n<meta property=\"og:description\" content=\"The House ist ab sofort f\u00fcr das Media-Mandat der Imagekampagne von EIT.Swiss verantwortlich.\" \/>\n<meta property=\"og:url\" content=\"https:\/\/www.werbewoche.ch\/de\/marketing\/2022-04-25\/crk-hutter-consult-the-house-zusammen-fuer-eit-swiss\/\" \/>\n<meta property=\"og:site_name\" content=\"Organisator\" \/>\n<meta property=\"article:publisher\" content=\"https:\/\/www.facebook.com\/OrganisatorFachmagazin\" \/>\n<meta property=\"article:published_time\" content=\"2022-04-25T14:15:10+00:00\" \/>\n<meta property=\"article:modified_time\" content=\"2022-07-30T13:18:30+00:00\" \/>\n<meta property=\"og:image\" content=\"https:\/\/www.werbewoche.ch\/wp-content\/uploads\/2022\/04\/TH_ETI-Swiss_1400x768-1024x575.jpg\" \/>\n<meta name=\"author\" content=\"galledia\" \/>\n<meta name=\"twitter:card\" content=\"summary_large_image\" \/>\n<meta name=\"twitter:creator\" content=\"@admin\" \/>\n<script type=\"application\/ld+json\" class=\"yoast-schema-graph\">{\"@context\":\"https:\\\/\\\/schema.org\",\"@graph\":[{\"@type\":\"Article\",\"@id\":\"https:\\\/\\\/www.werbewoche.ch\\\/de\\\/marketing\\\/2022-04-25\\\/crk-hutter-consult-the-house-zusammen-fuer-eit-swiss\\\/#article\",\"isPartOf\":{\"@id\":\"https:\\\/\\\/www.organisator.ch\\\/marketing\\\/2022-04-25\\\/crk-hutter-consult-the-house-zusammen-fuer-eit-swiss\\\/\"},\"author\":{\"name\":\"galledia\",\"@id\":\"https:\\\/\\\/www.organisator.ch\\\/#\\\/schema\\\/person\\\/4e51799071cd2dd1232ac003643ef5f0\"},\"headline\":\"CRK, Hutter-Consult &amp; The House zusammen f\u00fcr EIT.Swiss\",\"datePublished\":\"2022-04-25T14:15:10+00:00\",\"dateModified\":\"2022-07-30T13:18:30+00:00\",\"mainEntityOfPage\":{\"@id\":\"https:\\\/\\\/www.organisator.ch\\\/marketing\\\/2022-04-25\\\/crk-hutter-consult-the-house-zusammen-fuer-eit-swiss\\\/\"},\"wordCount\":286,\"publisher\":{\"@id\":\"https:\\\/\\\/www.organisator.ch\\\/#organization\"},\"image\":{\"@id\":\"https:\\\/\\\/www.werbewoche.ch\\\/de\\\/marketing\\\/2022-04-25\\\/crk-hutter-consult-the-house-zusammen-fuer-eit-swiss\\\/#primaryimage\"},\"thumbnailUrl\":\"https:\\\/\\\/www.werbewoche.ch\\\/wp-content\\\/uploads\\\/2022\\\/04\\\/TH_ETI-Swiss_1400x768-1024x575.jpg\",\"keywords\":[\"Agentur\",\"CRK\",\"EIT.Swiss\",\"Hutter-Consult\",\"Plakat\",\"The House\"],\"articleSection\":[\"MARKETING\"],\"inLanguage\":\"it-IT\"},{\"@type\":\"WebPage\",\"@id\":\"https:\\\/\\\/www.organisator.ch\\\/marketing\\\/2022-04-25\\\/crk-hutter-consult-the-house-zusammen-fuer-eit-swiss\\\/\",\"url\":\"https:\\\/\\\/www.werbewoche.ch\\\/de\\\/marketing\\\/2022-04-25\\\/crk-hutter-consult-the-house-zusammen-fuer-eit-swiss\\\/\",\"name\":\"CRK, Hutter-Consult &amp; The House zusammen f\u00fcr EIT.Swiss - Organisator\",\"isPartOf\":{\"@id\":\"https:\\\/\\\/www.organisator.ch\\\/#website\"},\"primaryImageOfPage\":{\"@id\":\"https:\\\/\\\/www.werbewoche.ch\\\/de\\\/marketing\\\/2022-04-25\\\/crk-hutter-consult-the-house-zusammen-fuer-eit-swiss\\\/#primaryimage\"},\"image\":{\"@id\":\"https:\\\/\\\/www.werbewoche.ch\\\/de\\\/marketing\\\/2022-04-25\\\/crk-hutter-consult-the-house-zusammen-fuer-eit-swiss\\\/#primaryimage\"},\"thumbnailUrl\":\"https:\\\/\\\/www.werbewoche.ch\\\/wp-content\\\/uploads\\\/2022\\\/04\\\/TH_ETI-Swiss_1400x768-1024x575.jpg\",\"datePublished\":\"2022-04-25T14:15:10+00:00\",\"dateModified\":\"2022-07-30T13:18:30+00:00\",\"description\":\"The House ist ab sofort f\u00fcr das Media-Mandat der Imagekampagne von EIT.Swiss verantwortlich.\",\"breadcrumb\":{\"@id\":\"https:\\\/\\\/www.werbewoche.ch\\\/de\\\/marketing\\\/2022-04-25\\\/crk-hutter-consult-the-house-zusammen-fuer-eit-swiss\\\/#breadcrumb\"},\"inLanguage\":\"it-IT\",\"potentialAction\":[{\"@type\":\"ReadAction\",\"target\":[\"https:\\\/\\\/www.werbewoche.ch\\\/de\\\/marketing\\\/2022-04-25\\\/crk-hutter-consult-the-house-zusammen-fuer-eit-swiss\\\/\"]}]},{\"@type\":\"ImageObject\",\"inLanguage\":\"it-IT\",\"@id\":\"https:\\\/\\\/www.werbewoche.ch\\\/de\\\/marketing\\\/2022-04-25\\\/crk-hutter-consult-the-house-zusammen-fuer-eit-swiss\\\/#primaryimage\",\"url\":\"https:\\\/\\\/www.werbewoche.ch\\\/wp-content\\\/uploads\\\/2022\\\/04\\\/TH_ETI-Swiss_1400x768-1024x575.jpg\",\"contentUrl\":\"https:\\\/\\\/www.werbewoche.ch\\\/wp-content\\\/uploads\\\/2022\\\/04\\\/TH_ETI-Swiss_1400x768-1024x575.jpg\"},{\"@type\":\"BreadcrumbList\",\"@id\":\"https:\\\/\\\/www.werbewoche.ch\\\/de\\\/marketing\\\/2022-04-25\\\/crk-hutter-consult-the-house-zusammen-fuer-eit-swiss\\\/#breadcrumb\",\"itemListElement\":[{\"@type\":\"ListItem\",\"position\":1,\"name\":\"Home\",\"item\":\"https:\\\/\\\/www.organisator.ch\\\/\"},{\"@type\":\"ListItem\",\"position\":2,\"name\":\"CRK, Hutter-Consult &amp; The House zusammen f\u00fcr EIT.Swiss\"}]},{\"@type\":\"WebSite\",\"@id\":\"https:\\\/\\\/www.organisator.ch\\\/#website\",\"url\":\"https:\\\/\\\/www.organisator.ch\\\/\",\"name\":\"Organisator\",\"description\":\"Kompetent. Praxisnah. Der ORGANISATOR bereitet in 10 Ausgaben pro Jahr die wesentlichen Themen f\u00fcr F\u00fchrungskr\u00e4fte von KMU auf.\",\"publisher\":{\"@id\":\"https:\\\/\\\/www.organisator.ch\\\/#organization\"},\"potentialAction\":[{\"@type\":\"SearchAction\",\"target\":{\"@type\":\"EntryPoint\",\"urlTemplate\":\"https:\\\/\\\/www.organisator.ch\\\/?s={search_term_string}\"},\"query-input\":{\"@type\":\"PropertyValueSpecification\",\"valueRequired\":true,\"valueName\":\"search_term_string\"}}],\"inLanguage\":\"it-IT\"},{\"@type\":\"Organization\",\"@id\":\"https:\\\/\\\/www.organisator.ch\\\/#organization\",\"name\":\"Organisator\",\"url\":\"https:\\\/\\\/www.organisator.ch\\\/\",\"logo\":{\"@type\":\"ImageObject\",\"inLanguage\":\"it-IT\",\"@id\":\"https:\\\/\\\/www.organisator.ch\\\/#\\\/schema\\\/logo\\\/image\\\/\",\"url\":\"https:\\\/\\\/www.organisator.ch\\\/wp-content\\\/uploads\\\/2022\\\/01\\\/Logo_Organisator_Website.png\",\"contentUrl\":\"https:\\\/\\\/www.organisator.ch\\\/wp-content\\\/uploads\\\/2022\\\/01\\\/Logo_Organisator_Website.png\",\"width\":800,\"height\":77,\"caption\":\"Organisator\"},\"image\":{\"@id\":\"https:\\\/\\\/www.organisator.ch\\\/#\\\/schema\\\/logo\\\/image\\\/\"},\"sameAs\":[\"https:\\\/\\\/www.facebook.com\\\/OrganisatorFachmagazin\",\"https:\\\/\\\/www.linkedin.com\\\/showcase\\\/organisator-das-magazin-fr-kmu\",\"https:\\\/\\\/www.xing.com\\\/news\\\/pages\\\/organisator-ch-695\",\"https:\\\/\\\/www.youtube.com\\\/channel\\\/UCGP2Sq0iWaZwT3BdIAQFYpw\"]},{\"@type\":\"Person\",\"@id\":\"https:\\\/\\\/www.organisator.ch\\\/#\\\/schema\\\/person\\\/4e51799071cd2dd1232ac003643ef5f0\",\"name\":\"galledia\",\"image\":{\"@type\":\"ImageObject\",\"inLanguage\":\"it-IT\",\"@id\":\"https:\\\/\\\/secure.gravatar.com\\\/avatar\\\/78a7f90c01fc2bfc875782a0d4922b37cde2cf184ce347b91316d23cd7f69a36?s=96&d=mm&r=g\",\"url\":\"https:\\\/\\\/secure.gravatar.com\\\/avatar\\\/78a7f90c01fc2bfc875782a0d4922b37cde2cf184ce347b91316d23cd7f69a36?s=96&d=mm&r=g\",\"contentUrl\":\"https:\\\/\\\/secure.gravatar.com\\\/avatar\\\/78a7f90c01fc2bfc875782a0d4922b37cde2cf184ce347b91316d23cd7f69a36?s=96&d=mm&r=g\",\"caption\":\"galledia\"},\"sameAs\":[\"https:\\\/\\\/x.com\\\/admin\"],\"url\":\"https:\\\/\\\/www.organisator.ch\\\/it\\\/author\\\/galledia\\\/\"}]}<\/script>\n<!-- \/ Yoast SEO plugin. -->","yoast_head_json":{"title":"CRK, Hutter-Consult e The House insieme per EIT.Swiss - Organizzatore","description":"La Camera \u00e8 ora responsabile del mandato mediatico della campagna d'immagine di EIT.Swiss.","robots":{"index":"index","follow":"follow","max-snippet":"max-snippet:-1","max-image-preview":"max-image-preview:large","max-video-preview":"max-video-preview:-1"},"canonical":"https:\/\/www.werbewoche.ch\/de\/marketing\/2022-04-25\/crk-hutter-consult-the-house-zusammen-fuer-eit-swiss\/","og_locale":"it_IT","og_type":"article","og_title":"CRK, Hutter-Consult &amp; The House zusammen f\u00fcr EIT.Swiss - Organisator","og_description":"The House ist ab sofort f\u00fcr das Media-Mandat der Imagekampagne von EIT.Swiss verantwortlich.","og_url":"https:\/\/www.werbewoche.ch\/de\/marketing\/2022-04-25\/crk-hutter-consult-the-house-zusammen-fuer-eit-swiss\/","og_site_name":"Organisator","article_publisher":"https:\/\/www.facebook.com\/OrganisatorFachmagazin","article_published_time":"2022-04-25T14:15:10+00:00","article_modified_time":"2022-07-30T13:18:30+00:00","og_image":[{"url":"https:\/\/www.werbewoche.ch\/wp-content\/uploads\/2022\/04\/TH_ETI-Swiss_1400x768-1024x575.jpg","type":"","width":"","height":""}],"author":"galledia","twitter_card":"summary_large_image","twitter_creator":"@admin","schema":{"@context":"https:\/\/schema.org","@graph":[{"@type":"Article","@id":"https:\/\/www.werbewoche.ch\/de\/marketing\/2022-04-25\/crk-hutter-consult-the-house-zusammen-fuer-eit-swiss\/#article","isPartOf":{"@id":"https:\/\/www.organisator.ch\/marketing\/2022-04-25\/crk-hutter-consult-the-house-zusammen-fuer-eit-swiss\/"},"author":{"name":"galledia","@id":"https:\/\/www.organisator.ch\/#\/schema\/person\/4e51799071cd2dd1232ac003643ef5f0"},"headline":"CRK, Hutter-Consult &amp; The House zusammen f\u00fcr EIT.Swiss","datePublished":"2022-04-25T14:15:10+00:00","dateModified":"2022-07-30T13:18:30+00:00","mainEntityOfPage":{"@id":"https:\/\/www.organisator.ch\/marketing\/2022-04-25\/crk-hutter-consult-the-house-zusammen-fuer-eit-swiss\/"},"wordCount":286,"publisher":{"@id":"https:\/\/www.organisator.ch\/#organization"},"image":{"@id":"https:\/\/www.werbewoche.ch\/de\/marketing\/2022-04-25\/crk-hutter-consult-the-house-zusammen-fuer-eit-swiss\/#primaryimage"},"thumbnailUrl":"https:\/\/www.werbewoche.ch\/wp-content\/uploads\/2022\/04\/TH_ETI-Swiss_1400x768-1024x575.jpg","keywords":["Agentur","CRK","EIT.Swiss","Hutter-Consult","Plakat","The House"],"articleSection":["MARKETING"],"inLanguage":"it-IT"},{"@type":"WebPage","@id":"https:\/\/www.organisator.ch\/marketing\/2022-04-25\/crk-hutter-consult-the-house-zusammen-fuer-eit-swiss\/","url":"https:\/\/www.werbewoche.ch\/de\/marketing\/2022-04-25\/crk-hutter-consult-the-house-zusammen-fuer-eit-swiss\/","name":"CRK, Hutter-Consult e The House insieme per EIT.Swiss - Organizzatore","isPartOf":{"@id":"https:\/\/www.organisator.ch\/#website"},"primaryImageOfPage":{"@id":"https:\/\/www.werbewoche.ch\/de\/marketing\/2022-04-25\/crk-hutter-consult-the-house-zusammen-fuer-eit-swiss\/#primaryimage"},"image":{"@id":"https:\/\/www.werbewoche.ch\/de\/marketing\/2022-04-25\/crk-hutter-consult-the-house-zusammen-fuer-eit-swiss\/#primaryimage"},"thumbnailUrl":"https:\/\/www.werbewoche.ch\/wp-content\/uploads\/2022\/04\/TH_ETI-Swiss_1400x768-1024x575.jpg","datePublished":"2022-04-25T14:15:10+00:00","dateModified":"2022-07-30T13:18:30+00:00","description":"La Camera \u00e8 ora responsabile del mandato mediatico della campagna d'immagine di EIT.Swiss.","breadcrumb":{"@id":"https:\/\/www.werbewoche.ch\/de\/marketing\/2022-04-25\/crk-hutter-consult-the-house-zusammen-fuer-eit-swiss\/#breadcrumb"},"inLanguage":"it-IT","potentialAction":[{"@type":"ReadAction","target":["https:\/\/www.werbewoche.ch\/de\/marketing\/2022-04-25\/crk-hutter-consult-the-house-zusammen-fuer-eit-swiss\/"]}]},{"@type":"ImageObject","inLanguage":"it-IT","@id":"https:\/\/www.werbewoche.ch\/de\/marketing\/2022-04-25\/crk-hutter-consult-the-house-zusammen-fuer-eit-swiss\/#primaryimage","url":"https:\/\/www.werbewoche.ch\/wp-content\/uploads\/2022\/04\/TH_ETI-Swiss_1400x768-1024x575.jpg","contentUrl":"https:\/\/www.werbewoche.ch\/wp-content\/uploads\/2022\/04\/TH_ETI-Swiss_1400x768-1024x575.jpg"},{"@type":"BreadcrumbList","@id":"https:\/\/www.werbewoche.ch\/de\/marketing\/2022-04-25\/crk-hutter-consult-the-house-zusammen-fuer-eit-swiss\/#breadcrumb","itemListElement":[{"@type":"ListItem","position":1,"name":"Home","item":"https:\/\/www.organisator.ch\/"},{"@type":"ListItem","position":2,"name":"CRK, Hutter-Consult &amp; The House zusammen f\u00fcr EIT.Swiss"}]},{"@type":"WebSite","@id":"https:\/\/www.organisator.ch\/#website","url":"https:\/\/www.organisator.ch\/","name":"Organizzatore","description":"Competente. Pratico. In 10 numeri all'anno, ORGANISATOR presenta i temi essenziali per i manager delle PMI.","publisher":{"@id":"https:\/\/www.organisator.ch\/#organization"},"potentialAction":[{"@type":"SearchAction","target":{"@type":"EntryPoint","urlTemplate":"https:\/\/www.organisator.ch\/?s={search_term_string}"},"query-input":{"@type":"PropertyValueSpecification","valueRequired":true,"valueName":"search_term_string"}}],"inLanguage":"it-IT"},{"@type":"Organization","@id":"https:\/\/www.organisator.ch\/#organization","name":"Organizzatore","url":"https:\/\/www.organisator.ch\/","logo":{"@type":"ImageObject","inLanguage":"it-IT","@id":"https:\/\/www.organisator.ch\/#\/schema\/logo\/image\/","url":"https:\/\/www.organisator.ch\/wp-content\/uploads\/2022\/01\/Logo_Organisator_Website.png","contentUrl":"https:\/\/www.organisator.ch\/wp-content\/uploads\/2022\/01\/Logo_Organisator_Website.png","width":800,"height":77,"caption":"Organisator"},"image":{"@id":"https:\/\/www.organisator.ch\/#\/schema\/logo\/image\/"},"sameAs":["https:\/\/www.facebook.com\/OrganisatorFachmagazin","https:\/\/www.linkedin.com\/showcase\/organisator-das-magazin-fr-kmu","https:\/\/www.xing.com\/news\/pages\/organisator-ch-695","https:\/\/www.youtube.com\/channel\/UCGP2Sq0iWaZwT3BdIAQFYpw"]},{"@type":"Person","@id":"https:\/\/www.organisator.ch\/#\/schema\/person\/4e51799071cd2dd1232ac003643ef5f0","name":"galledia","image":{"@type":"ImageObject","inLanguage":"it-IT","@id":"https:\/\/secure.gravatar.com\/avatar\/78a7f90c01fc2bfc875782a0d4922b37cde2cf184ce347b91316d23cd7f69a36?s=96&d=mm&r=g","url":"https:\/\/secure.gravatar.com\/avatar\/78a7f90c01fc2bfc875782a0d4922b37cde2cf184ce347b91316d23cd7f69a36?s=96&d=mm&r=g","contentUrl":"https:\/\/secure.gravatar.com\/avatar\/78a7f90c01fc2bfc875782a0d4922b37cde2cf184ce347b91316d23cd7f69a36?s=96&d=mm&r=g","caption":"galledia"},"sameAs":["https:\/\/x.com\/admin"],"url":"https:\/\/www.organisator.ch\/it\/author\/galledia\/"}]}},"_links":{"self":[{"href":"https:\/\/www.organisator.ch\/it\/wp-json\/wp\/v2\/posts\/12656","targetHints":{"allow":["GET"]}}],"collection":[{"href":"https:\/\/www.organisator.ch\/it\/wp-json\/wp\/v2\/posts"}],"about":[{"href":"https:\/\/www.organisator.ch\/it\/wp-json\/wp\/v2\/types\/post"}],"author":[{"embeddable":true,"href":"https:\/\/www.organisator.ch\/it\/wp-json\/wp\/v2\/users\/8"}],"replies":[{"embeddable":true,"href":"https:\/\/www.organisator.ch\/it\/wp-json\/wp\/v2\/comments?post=12656"}],"version-history":[{"count":3,"href":"https:\/\/www.organisator.ch\/it\/wp-json\/wp\/v2\/posts\/12656\/revisions"}],"predecessor-version":[{"id":15990,"href":"https:\/\/www.organisator.ch\/it\/wp-json\/wp\/v2\/posts\/12656\/revisions\/15990"}],"wp:attachment":[{"href":"https:\/\/www.organisator.ch\/it\/wp-json\/wp\/v2\/media?parent=12656"}],"wp:term":[{"taxonomy":"category","embeddable":true,"href":"https:\/\/www.organisator.ch\/it\/wp-json\/wp\/v2\/categories?post=12656"},{"taxonomy":"post_tag","embeddable":true,"href":"https:\/\/www.organisator.ch\/it\/wp-json\/wp\/v2\/tags?post=12656"}],"curies":[{"name":"wp","href":"https:\/\/api.w.org\/{rel}","templated":true}]}}