{"id":12664,"date":"2022-04-27T05:16:42","date_gmt":"2022-04-27T03:16:42","guid":{"rendered":"https:\/\/www.organisator.ch\/?p=12664"},"modified":"2022-04-27T09:16:34","modified_gmt":"2022-04-27T07:16:34","slug":"klimastiftung-schweiz-blickt-auf-wegweisendes-jahr-zurueck","status":"publish","type":"post","link":"https:\/\/www.organisator.ch\/it\/sustainability\/2022-04-27\/klimastiftung-schweiz-blickt-auf-wegweisendes-jahr-zurueck\/","title":{"rendered":"La Fondazione svizzera per il clima guarda indietro a un anno innovativo"},"content":{"rendered":"<figure id=\"attachment_12665\" class=\"wp-caption alignnone\" style=\"width: 680px;\" aria-describedby=\"caption-attachment-12665\"><img class=\"size-full wp-image-12665\" src=\"https:\/\/www.organisator.ch\/wp-content\/uploads\/2022\/04\/Klimastiftung-Schweiz-blickt-auf-wegweisendes-Jahr-zurueck_Organisator.jpg\" sizes=\"(max-width: 680px) 100vw, 680px\" srcset=\"https:\/\/www.organisator.ch\/wp-content\/uploads\/2022\/04\/Klimastiftung-Schweiz-blickt-auf-wegweisendes-Jahr-zurueck_Organisator.jpg 680w, https:\/\/www.organisator.ch\/wp-content\/uploads\/2022\/04\/Klimastiftung-Schweiz-blickt-auf-wegweisendes-Jahr-zurueck_Organisator-18x10.jpg 18w, https:\/\/www.organisator.ch\/wp-content\/uploads\/2022\/04\/Klimastiftung-Schweiz-blickt-auf-wegweisendes-Jahr-zurueck_Organisator-311x175.jpg 311w, https:\/\/www.organisator.ch\/wp-content\/uploads\/2022\/04\/Klimastiftung-Schweiz-blickt-auf-wegweisendes-Jahr-zurueck_Organisator-621x350.jpg 621w, https:\/\/www.organisator.ch\/wp-content\/uploads\/2022\/04\/Klimastiftung-Schweiz-blickt-auf-wegweisendes-Jahr-zurueck_Organisator-300x169.jpg 300w\" alt=\"\" width=\"680\" height=\"383\" \/><figcaption id=\"caption-attachment-12665\" class=\"wp-caption-text\">Il tetto solare pieghevole di dhp technology, sostenuto dalla Fondazione svizzera per il clima, \u00e8 in fase di espansione. (Immagine: Fondazione svizzera per il clima \/ dhp technology AG)<\/figcaption><\/figure>\r\nDare un contributo importante agli obiettivi climatici netti a zero della Svizzera e del Liechtenstein e rafforzare la piazza economica promuovendo le innovazioni per la protezione del clima tra le PMI. Questo \u00e8 l'obiettivo della Fondazione svizzera per il clima. Dal 2009, la fondazione sostiene le PMI locali nella realizzazione di progetti di protezione del clima. Nuovi progetti sono stati aggiunti anche nel 2021: l'anno scorso la fondazione ha concesso 2,4 milioni di franchi svizzeri. Questi fondi andranno a circa 100 PMI in Svizzera e nel Liechtenstein. <a href=\"https:\/\/www.organisator.ch\/de\/sustainability\/2020-04-21\/klimastiftung-unterstuetzung-fuer-klimaschutz-waechst-weiter\/\">Nel complesso, le attivit\u00e0 della Fondazione sono cresciute ancora e ancora<\/a>.\r\n<h3><strong>Le innovazioni sono al centro dei finanziamenti<\/strong><\/h3>\r\nUna gran parte del finanziamento, 1,7 milioni di franchi svizzeri, \u00e8 confluita anche nelle innovazioni del 2021. Un totale di 19 progetti innovativi di protezione del clima hanno ricevuto un impegno dalla Fondazione svizzera per il clima. Tra questi, per esempio, una batteria di sale comune: le batterie di sale della PMI di Meiringen <a href=\"https:\/\/maxcomm.us12.list-manage.com\/track\/click?u=74090039ecde65db808b5baa9&amp;id=5400f8f0eb&amp;e=2fa6853443\">Consultazione della batteria<\/a> sono costituiti da materiali non critici e facilmente disponibili, hanno una lunga durata e possono essere riciclati economicamente. La Fondazione svizzera per il clima sostiene il loro sviluppo con 150.000 franchi svizzeri. Anche il <a href=\"https:\/\/maxcomm.us12.list-manage.com\/track\/click?u=74090039ecde65db808b5baa9&amp;id=f6e4a77af7&amp;e=2fa6853443\">Cyltronic AG<\/a> riceve ora un finanziamento dalla fondazione: la start-up con sede a Winterthur sta sviluppando un nuovo tipo di cilindro elettrico come alternativa all'aria compressa che pu\u00f2 far risparmiare una notevole quantit\u00e0 di energia nell'industria. <a href=\"https:\/\/maxcomm.us12.list-manage.com\/track\/click?u=74090039ecde65db808b5baa9&amp;id=2be874db70&amp;e=2fa6853443\">ExerGo<\/a> di Sion, d'altra parte, sta lavorando su un concetto innovativo per il teleriscaldamento e il raffreddamento nelle citt\u00e0. Con il sistema altamente efficiente, fino a 90% di CO<sub>2<\/sub>-emissioni.\r\n<h3><strong>Programmi di efficienza energetica terminati<\/strong><\/h3>\r\nAltri 0,7 milioni di franchi sono stati destinati a progetti di efficienza energetica nel 2021: Con questo, la fondazione ha sostenuto misure concrete da parte delle PMI per risparmiare energia nelle loro operazioni. Inoltre, ha contribuito ai costi delle consultazioni energetiche con il <a href=\"https:\/\/maxcomm.us12.list-manage.com\/track\/click?u=74090039ecde65db808b5baa9&amp;id=23d91d2007&amp;e=2fa6853443\">atto Agenzia Cleantech Svizzera<\/a> e il <a href=\"https:\/\/maxcomm.us12.list-manage.com\/track\/click?u=74090039ecde65db808b5baa9&amp;id=8f8d553a30&amp;e=2fa6853443\">Agenzia dell'energia per l'industria EnAW<\/a>.\r\n\r\nEntrambi i programmi di efficienza energetica della Fondazione svizzera per il clima sono scaduti come previsto nel 2021. In futuro, la Fondazione concentrer\u00e0 i suoi finanziamenti esclusivamente sul settore dell'innovazione. \u00c8 qui che vede il maggiore effetto leva: \"Promuovendo l'innovazione, i nostri fondi sviluppano il loro massimo effetto per quanto riguarda il raggiungimento degli obiettivi climatici\", dice il presidente del consiglio di fondazione Thomas H\u00fcgli. \"Sono necessarie nuove soluzioni per decarbonizzare l'economia, specialmente nell'industria delle costruzioni e dei materiali riciclabili, nella mobilit\u00e0 e nell'agricoltura. Stiamo facendo la nostra parte sostenendo ancora di pi\u00f9 le tecnologie e i progetti innovativi in queste aree\".\r\n<h3>Come viene finanziata la Fondazione svizzera per il clima<\/h3>\r\nL'impegno della Fondazione svizzera per il clima \u00e8 reso possibile grazie a 26 aziende di servizi della Svizzera e del Liechtenstein: ogni anno le aziende partner donano il denaro che ricevono dalla ridistribuzione di CO<sub>2<\/sub>-La fondazione comune utilizza questo denaro per finanziare progetti di protezione del clima da parte delle PMI. Dall'estate 2021, nuovi partner si sono aggiunti alla Fondazione svizzera per il clima: la Basilese, la Banca cantonale di Zugo, la Mobiliar, l'Union Bancaire Priv\u00e9e (UBP) e LGT Capital Partners. \u00c8 aperto ad altre aziende interessate che desiderano sostenere la fondazione come partner e dare cos\u00ec un contributo concreto alla protezione del clima in Svizzera e nel Liechtenstein.\r\n\r\n<a href=\"http:\/\/www.klimastiftung.ch\/\"><em>Fonte e ulteriori informazioni<\/em><\/a>\r\n\r\nIl post <a href=\"https:\/\/www.organisator.ch\/de\/sustainability\/2022-04-27\/klimastiftung-schweiz-blickt-auf-wegweisendes-jahr-zurueck\/\" rel=\"nofollow\">La Fondazione svizzera per il clima guarda indietro a un anno innovativo<\/a> \u00e8 apparso per la prima volta su <a href=\"https:\/\/www.organisator.ch\/de\" rel=\"nofollow\">Organizzatore<\/a>.","protected":false},"excerpt":{"rendered":"<p>Durch die F\u00f6rderung von Klimaschutz-Innovationen bei KMU einen wichtigen Beitrag an die Netto-Null-Klimaziele der Schweiz und Liechtenstein leisten und den Wirtschaftsstandort st\u00e4rken. Das ist das Ziel der Klimastiftung Schweiz. Seit 2009 unterst\u00fctzt die Stiftung lokale KMU bei der Umsetzung von Klimaschutzprojekten. Auch 2021 sind neue Projekte dazu gekommen: 2.4 Millionen Franken hat die Stiftung letztes [\u2026]<\/p>\n<p>The post <a rel=\"nofollow\" href=\"https:\/\/www.organisator.ch\/de\/sustainability\/2022-04-27\/klimastiftung-schweiz-blickt-auf-wegweisendes-jahr-zurueck\/\">Klimastiftung Schweiz blickt auf wegweisendes Jahr zur\u00fcck<\/a> appeared first on <a rel=\"nofollow\" href=\"https:\/\/www.organisator.ch\/de\">Organisator<\/a>.<\/p>\n","protected":false},"author":4,"featured_media":0,"comment_status":"closed","ping_status":"closed","sticky":false,"template":"","format":"standard","meta":{"_acf_changed":false,"_yoast_wpseo_focuskw":"Klimastiftung","_yoast_wpseo_metadesc":"Die Klimastiftung Schweiz hat ein wegweisendes Jahr hinter sich. Insgesamt f\u00fcnf neue Partnerschaften konnten aufgegleist werden.","articlekey":"","footnotes":""},"categories":[580],"tags":[1525,358,2707],"class_list":["post-12664","post","type-post","status-publish","format-standard","hentry","category-sustainability","tag-klimastiftung","tag-nachhaltige-wirtschaft","tag-wirtschaftsfoerderung"],"acf":[],"yoast_head":"<!-- This site is optimized with the Yoast SEO plugin v27.5 - https:\/\/yoast.com\/product\/yoast-seo-wordpress\/ -->\n<title>Klimastiftung Schweiz blickt auf wegweisendes Jahr zur\u00fcck - Organisator<\/title>\n<meta name=\"description\" content=\"Die Klimastiftung Schweiz hat ein wegweisendes Jahr hinter sich. Insgesamt f\u00fcnf neue Partnerschaften konnten aufgegleist werden.\" \/>\n<meta name=\"robots\" content=\"index, follow, max-snippet:-1, max-image-preview:large, max-video-preview:-1\" \/>\n<link rel=\"canonical\" href=\"https:\/\/www.organisator.ch\/it\/sostenibilita\/2022-04-27\/klimastiftung-schweiz-blickt-auf-wegweisendes-jahr-zurueck\/\" \/>\n<meta property=\"og:locale\" content=\"it_IT\" \/>\n<meta property=\"og:type\" content=\"article\" \/>\n<meta property=\"og:title\" content=\"Klimastiftung Schweiz blickt auf wegweisendes Jahr zur\u00fcck\" \/>\n<meta property=\"og:description\" content=\"Die Klimastiftung Schweiz hat ein wegweisendes Jahr hinter sich. Insgesamt f\u00fcnf neue Partnerschaften konnten aufgegleist werden.\" \/>\n<meta property=\"og:url\" content=\"https:\/\/www.organisator.ch\/it\/sostenibilita\/2022-04-27\/klimastiftung-schweiz-blickt-auf-wegweisendes-jahr-zurueck\/\" \/>\n<meta property=\"og:site_name\" content=\"Organisator\" \/>\n<meta property=\"article:publisher\" content=\"https:\/\/www.facebook.com\/OrganisatorFachmagazin\" \/>\n<meta property=\"article:published_time\" content=\"2022-04-27T03:16:42+00:00\" \/>\n<meta property=\"article:modified_time\" content=\"2022-04-27T07:16:34+00:00\" \/>\n<meta property=\"og:image\" content=\"https:\/\/www.organisator.ch\/wp-content\/uploads\/2022\/04\/Klimastiftung-Schweiz-blickt-auf-wegweisendes-Jahr-zurueck_Organisator.jpg\" \/>\n\t<meta property=\"og:image:width\" content=\"680\" \/>\n\t<meta property=\"og:image:height\" content=\"383\" \/>\n\t<meta property=\"og:image:type\" content=\"image\/jpeg\" \/>\n<meta name=\"author\" content=\"thomas.berner\" \/>\n<meta name=\"twitter:card\" content=\"summary_large_image\" \/>\n<meta name=\"twitter:title\" content=\"#Klimastiftung Schweiz blickt auf wegweisendes Jahr zur\u00fcck\" \/>\n<meta name=\"twitter:description\" content=\"Die #Klimastiftung Schweiz hat ein wegweisendes Jahr hinter sich. Insgesamt f\u00fcnf neue #Partnerschaften konnten aufgegleist werden.\" \/>\n<meta name=\"twitter:image\" content=\"https:\/\/www.organisator.ch\/wp-content\/uploads\/2022\/04\/Klimastiftung-Schweiz-blickt-auf-wegweisendes-Jahr-zurueck_Organisator.jpg\" \/>\n<script type=\"application\/ld+json\" class=\"yoast-schema-graph\">{\"@context\":\"https:\\\/\\\/schema.org\",\"@graph\":[{\"@type\":\"Article\",\"@id\":\"https:\\\/\\\/www.organisator.ch\\\/sustainability\\\/2022-04-27\\\/klimastiftung-schweiz-blickt-auf-wegweisendes-jahr-zurueck\\\/#article\",\"isPartOf\":{\"@id\":\"https:\\\/\\\/www.organisator.ch\\\/sustainability\\\/2022-04-27\\\/klimastiftung-schweiz-blickt-auf-wegweisendes-jahr-zurueck\\\/\"},\"author\":{\"name\":\"thomas.berner\",\"@id\":\"https:\\\/\\\/www.organisator.ch\\\/#\\\/schema\\\/person\\\/6f650f90b2842cd4c0cc334b4e36f67e\"},\"headline\":\"Klimastiftung Schweiz blickt auf wegweisendes Jahr zur\u00fcck\",\"datePublished\":\"2022-04-27T03:16:42+00:00\",\"dateModified\":\"2022-04-27T07:16:34+00:00\",\"mainEntityOfPage\":{\"@id\":\"https:\\\/\\\/www.organisator.ch\\\/sustainability\\\/2022-04-27\\\/klimastiftung-schweiz-blickt-auf-wegweisendes-jahr-zurueck\\\/\"},\"wordCount\":496,\"publisher\":{\"@id\":\"https:\\\/\\\/www.organisator.ch\\\/#organization\"},\"image\":{\"@id\":\"https:\\\/\\\/www.organisator.ch\\\/sustainability\\\/2022-04-27\\\/klimastiftung-schweiz-blickt-auf-wegweisendes-jahr-zurueck\\\/#primaryimage\"},\"thumbnailUrl\":\"https:\\\/\\\/www.organisator.ch\\\/wp-content\\\/uploads\\\/2022\\\/04\\\/Klimastiftung-Schweiz-blickt-auf-wegweisendes-Jahr-zurueck_Organisator.jpg\",\"keywords\":[\"Klimastiftung\",\"Nachhaltige Wirtschaft\",\"Wirtschaftsf\u00f6rderung\"],\"articleSection\":[\"SUSTAINABILITY\"],\"inLanguage\":\"it-IT\"},{\"@type\":\"WebPage\",\"@id\":\"https:\\\/\\\/www.organisator.ch\\\/sustainability\\\/2022-04-27\\\/klimastiftung-schweiz-blickt-auf-wegweisendes-jahr-zurueck\\\/\",\"url\":\"https:\\\/\\\/www.organisator.ch\\\/sustainability\\\/2022-04-27\\\/klimastiftung-schweiz-blickt-auf-wegweisendes-jahr-zurueck\\\/\",\"name\":\"Klimastiftung Schweiz blickt auf wegweisendes Jahr zur\u00fcck - Organisator\",\"isPartOf\":{\"@id\":\"https:\\\/\\\/www.organisator.ch\\\/#website\"},\"primaryImageOfPage\":{\"@id\":\"https:\\\/\\\/www.organisator.ch\\\/sustainability\\\/2022-04-27\\\/klimastiftung-schweiz-blickt-auf-wegweisendes-jahr-zurueck\\\/#primaryimage\"},\"image\":{\"@id\":\"https:\\\/\\\/www.organisator.ch\\\/sustainability\\\/2022-04-27\\\/klimastiftung-schweiz-blickt-auf-wegweisendes-jahr-zurueck\\\/#primaryimage\"},\"thumbnailUrl\":\"https:\\\/\\\/www.organisator.ch\\\/wp-content\\\/uploads\\\/2022\\\/04\\\/Klimastiftung-Schweiz-blickt-auf-wegweisendes-Jahr-zurueck_Organisator.jpg\",\"datePublished\":\"2022-04-27T03:16:42+00:00\",\"dateModified\":\"2022-04-27T07:16:34+00:00\",\"description\":\"Die Klimastiftung Schweiz hat ein wegweisendes Jahr hinter sich. Insgesamt f\u00fcnf neue Partnerschaften konnten aufgegleist werden.\",\"breadcrumb\":{\"@id\":\"https:\\\/\\\/www.organisator.ch\\\/sustainability\\\/2022-04-27\\\/klimastiftung-schweiz-blickt-auf-wegweisendes-jahr-zurueck\\\/#breadcrumb\"},\"inLanguage\":\"it-IT\",\"potentialAction\":[{\"@type\":\"ReadAction\",\"target\":[\"https:\\\/\\\/www.organisator.ch\\\/sustainability\\\/2022-04-27\\\/klimastiftung-schweiz-blickt-auf-wegweisendes-jahr-zurueck\\\/\"]}]},{\"@type\":\"ImageObject\",\"inLanguage\":\"it-IT\",\"@id\":\"https:\\\/\\\/www.organisator.ch\\\/sustainability\\\/2022-04-27\\\/klimastiftung-schweiz-blickt-auf-wegweisendes-jahr-zurueck\\\/#primaryimage\",\"url\":\"https:\\\/\\\/www.organisator.ch\\\/wp-content\\\/uploads\\\/2022\\\/04\\\/Klimastiftung-Schweiz-blickt-auf-wegweisendes-Jahr-zurueck_Organisator.jpg\",\"contentUrl\":\"https:\\\/\\\/www.organisator.ch\\\/wp-content\\\/uploads\\\/2022\\\/04\\\/Klimastiftung-Schweiz-blickt-auf-wegweisendes-Jahr-zurueck_Organisator.jpg\"},{\"@type\":\"BreadcrumbList\",\"@id\":\"https:\\\/\\\/www.organisator.ch\\\/sustainability\\\/2022-04-27\\\/klimastiftung-schweiz-blickt-auf-wegweisendes-jahr-zurueck\\\/#breadcrumb\",\"itemListElement\":[{\"@type\":\"ListItem\",\"position\":1,\"name\":\"Home\",\"item\":\"https:\\\/\\\/www.organisator.ch\\\/\"},{\"@type\":\"ListItem\",\"position\":2,\"name\":\"Klimastiftung Schweiz blickt auf wegweisendes Jahr zur\u00fcck\"}]},{\"@type\":\"WebSite\",\"@id\":\"https:\\\/\\\/www.organisator.ch\\\/#website\",\"url\":\"https:\\\/\\\/www.organisator.ch\\\/\",\"name\":\"Organisator\",\"description\":\"Kompetent. Praxisnah. Der ORGANISATOR bereitet in 10 Ausgaben pro Jahr die wesentlichen Themen f\u00fcr F\u00fchrungskr\u00e4fte von KMU auf.\",\"publisher\":{\"@id\":\"https:\\\/\\\/www.organisator.ch\\\/#organization\"},\"potentialAction\":[{\"@type\":\"SearchAction\",\"target\":{\"@type\":\"EntryPoint\",\"urlTemplate\":\"https:\\\/\\\/www.organisator.ch\\\/?s={search_term_string}\"},\"query-input\":{\"@type\":\"PropertyValueSpecification\",\"valueRequired\":true,\"valueName\":\"search_term_string\"}}],\"inLanguage\":\"it-IT\"},{\"@type\":\"Organization\",\"@id\":\"https:\\\/\\\/www.organisator.ch\\\/#organization\",\"name\":\"Organisator\",\"url\":\"https:\\\/\\\/www.organisator.ch\\\/\",\"logo\":{\"@type\":\"ImageObject\",\"inLanguage\":\"it-IT\",\"@id\":\"https:\\\/\\\/www.organisator.ch\\\/#\\\/schema\\\/logo\\\/image\\\/\",\"url\":\"https:\\\/\\\/www.organisator.ch\\\/wp-content\\\/uploads\\\/2022\\\/01\\\/Logo_Organisator_Website.png\",\"contentUrl\":\"https:\\\/\\\/www.organisator.ch\\\/wp-content\\\/uploads\\\/2022\\\/01\\\/Logo_Organisator_Website.png\",\"width\":800,\"height\":77,\"caption\":\"Organisator\"},\"image\":{\"@id\":\"https:\\\/\\\/www.organisator.ch\\\/#\\\/schema\\\/logo\\\/image\\\/\"},\"sameAs\":[\"https:\\\/\\\/www.facebook.com\\\/OrganisatorFachmagazin\",\"https:\\\/\\\/www.linkedin.com\\\/showcase\\\/organisator-das-magazin-fr-kmu\",\"https:\\\/\\\/www.xing.com\\\/news\\\/pages\\\/organisator-ch-695\",\"https:\\\/\\\/www.youtube.com\\\/channel\\\/UCGP2Sq0iWaZwT3BdIAQFYpw\"]},{\"@type\":\"Person\",\"@id\":\"https:\\\/\\\/www.organisator.ch\\\/#\\\/schema\\\/person\\\/6f650f90b2842cd4c0cc334b4e36f67e\",\"name\":\"thomas.berner\",\"image\":{\"@type\":\"ImageObject\",\"inLanguage\":\"it-IT\",\"@id\":\"https:\\\/\\\/secure.gravatar.com\\\/avatar\\\/ac5001d2a36cb6c6cd3e50789007ffca834b477b74a2144564522e944eabff61?s=96&d=mm&r=g\",\"url\":\"https:\\\/\\\/secure.gravatar.com\\\/avatar\\\/ac5001d2a36cb6c6cd3e50789007ffca834b477b74a2144564522e944eabff61?s=96&d=mm&r=g\",\"contentUrl\":\"https:\\\/\\\/secure.gravatar.com\\\/avatar\\\/ac5001d2a36cb6c6cd3e50789007ffca834b477b74a2144564522e944eabff61?s=96&d=mm&r=g\",\"caption\":\"thomas.berner\"},\"url\":\"https:\\\/\\\/www.organisator.ch\\\/it\\\/author\\\/thomas-berner\\\/\"}]}<\/script>\n<!-- \/ Yoast SEO plugin. -->","yoast_head_json":{"title":"La Fondazione Svizzera per il Clima guarda indietro a un anno innovativo - Organizzatore","description":"La Fondazione Svizzera per il Clima ha vissuto un anno di grandi successi. In totale sono state avviate cinque nuove partnership.","robots":{"index":"index","follow":"follow","max-snippet":"max-snippet:-1","max-image-preview":"max-image-preview:large","max-video-preview":"max-video-preview:-1"},"canonical":"https:\/\/www.organisator.ch\/it\/sostenibilita\/2022-04-27\/klimastiftung-schweiz-blickt-auf-wegweisendes-jahr-zurueck\/","og_locale":"it_IT","og_type":"article","og_title":"Klimastiftung Schweiz blickt auf wegweisendes Jahr zur\u00fcck","og_description":"Die Klimastiftung Schweiz hat ein wegweisendes Jahr hinter sich. Insgesamt f\u00fcnf neue Partnerschaften konnten aufgegleist werden.","og_url":"https:\/\/www.organisator.ch\/it\/sostenibilita\/2022-04-27\/klimastiftung-schweiz-blickt-auf-wegweisendes-jahr-zurueck\/","og_site_name":"Organisator","article_publisher":"https:\/\/www.facebook.com\/OrganisatorFachmagazin","article_published_time":"2022-04-27T03:16:42+00:00","article_modified_time":"2022-04-27T07:16:34+00:00","og_image":[{"width":680,"height":383,"url":"https:\/\/www.organisator.ch\/wp-content\/uploads\/2022\/04\/Klimastiftung-Schweiz-blickt-auf-wegweisendes-Jahr-zurueck_Organisator.jpg","type":"image\/jpeg"}],"author":"thomas.berner","twitter_card":"summary_large_image","twitter_title":"#Klimastiftung Schweiz blickt auf wegweisendes Jahr zur\u00fcck","twitter_description":"Die #Klimastiftung Schweiz hat ein wegweisendes Jahr hinter sich. Insgesamt f\u00fcnf neue #Partnerschaften konnten aufgegleist werden.","twitter_image":"https:\/\/www.organisator.ch\/wp-content\/uploads\/2022\/04\/Klimastiftung-Schweiz-blickt-auf-wegweisendes-Jahr-zurueck_Organisator.jpg","schema":{"@context":"https:\/\/schema.org","@graph":[{"@type":"Article","@id":"https:\/\/www.organisator.ch\/sustainability\/2022-04-27\/klimastiftung-schweiz-blickt-auf-wegweisendes-jahr-zurueck\/#article","isPartOf":{"@id":"https:\/\/www.organisator.ch\/sustainability\/2022-04-27\/klimastiftung-schweiz-blickt-auf-wegweisendes-jahr-zurueck\/"},"author":{"name":"thomas.berner","@id":"https:\/\/www.organisator.ch\/#\/schema\/person\/6f650f90b2842cd4c0cc334b4e36f67e"},"headline":"Klimastiftung Schweiz blickt auf wegweisendes Jahr zur\u00fcck","datePublished":"2022-04-27T03:16:42+00:00","dateModified":"2022-04-27T07:16:34+00:00","mainEntityOfPage":{"@id":"https:\/\/www.organisator.ch\/sustainability\/2022-04-27\/klimastiftung-schweiz-blickt-auf-wegweisendes-jahr-zurueck\/"},"wordCount":496,"publisher":{"@id":"https:\/\/www.organisator.ch\/#organization"},"image":{"@id":"https:\/\/www.organisator.ch\/sustainability\/2022-04-27\/klimastiftung-schweiz-blickt-auf-wegweisendes-jahr-zurueck\/#primaryimage"},"thumbnailUrl":"https:\/\/www.organisator.ch\/wp-content\/uploads\/2022\/04\/Klimastiftung-Schweiz-blickt-auf-wegweisendes-Jahr-zurueck_Organisator.jpg","keywords":["Klimastiftung","Nachhaltige Wirtschaft","Wirtschaftsf\u00f6rderung"],"articleSection":["SUSTAINABILITY"],"inLanguage":"it-IT"},{"@type":"WebPage","@id":"https:\/\/www.organisator.ch\/sustainability\/2022-04-27\/klimastiftung-schweiz-blickt-auf-wegweisendes-jahr-zurueck\/","url":"https:\/\/www.organisator.ch\/sustainability\/2022-04-27\/klimastiftung-schweiz-blickt-auf-wegweisendes-jahr-zurueck\/","name":"La Fondazione Svizzera per il Clima guarda indietro a un anno innovativo - Organizzatore","isPartOf":{"@id":"https:\/\/www.organisator.ch\/#website"},"primaryImageOfPage":{"@id":"https:\/\/www.organisator.ch\/sustainability\/2022-04-27\/klimastiftung-schweiz-blickt-auf-wegweisendes-jahr-zurueck\/#primaryimage"},"image":{"@id":"https:\/\/www.organisator.ch\/sustainability\/2022-04-27\/klimastiftung-schweiz-blickt-auf-wegweisendes-jahr-zurueck\/#primaryimage"},"thumbnailUrl":"https:\/\/www.organisator.ch\/wp-content\/uploads\/2022\/04\/Klimastiftung-Schweiz-blickt-auf-wegweisendes-Jahr-zurueck_Organisator.jpg","datePublished":"2022-04-27T03:16:42+00:00","dateModified":"2022-04-27T07:16:34+00:00","description":"La Fondazione Svizzera per il Clima ha vissuto un anno di grandi successi. In totale sono state avviate cinque nuove partnership.","breadcrumb":{"@id":"https:\/\/www.organisator.ch\/sustainability\/2022-04-27\/klimastiftung-schweiz-blickt-auf-wegweisendes-jahr-zurueck\/#breadcrumb"},"inLanguage":"it-IT","potentialAction":[{"@type":"ReadAction","target":["https:\/\/www.organisator.ch\/sustainability\/2022-04-27\/klimastiftung-schweiz-blickt-auf-wegweisendes-jahr-zurueck\/"]}]},{"@type":"ImageObject","inLanguage":"it-IT","@id":"https:\/\/www.organisator.ch\/sustainability\/2022-04-27\/klimastiftung-schweiz-blickt-auf-wegweisendes-jahr-zurueck\/#primaryimage","url":"https:\/\/www.organisator.ch\/wp-content\/uploads\/2022\/04\/Klimastiftung-Schweiz-blickt-auf-wegweisendes-Jahr-zurueck_Organisator.jpg","contentUrl":"https:\/\/www.organisator.ch\/wp-content\/uploads\/2022\/04\/Klimastiftung-Schweiz-blickt-auf-wegweisendes-Jahr-zurueck_Organisator.jpg"},{"@type":"BreadcrumbList","@id":"https:\/\/www.organisator.ch\/sustainability\/2022-04-27\/klimastiftung-schweiz-blickt-auf-wegweisendes-jahr-zurueck\/#breadcrumb","itemListElement":[{"@type":"ListItem","position":1,"name":"Home","item":"https:\/\/www.organisator.ch\/"},{"@type":"ListItem","position":2,"name":"Klimastiftung Schweiz blickt auf wegweisendes Jahr zur\u00fcck"}]},{"@type":"WebSite","@id":"https:\/\/www.organisator.ch\/#website","url":"https:\/\/www.organisator.ch\/","name":"Organizzatore","description":"Competente. Pratico. In 10 numeri all'anno, ORGANISATOR presenta i temi essenziali per i manager delle PMI.","publisher":{"@id":"https:\/\/www.organisator.ch\/#organization"},"potentialAction":[{"@type":"SearchAction","target":{"@type":"EntryPoint","urlTemplate":"https:\/\/www.organisator.ch\/?s={search_term_string}"},"query-input":{"@type":"PropertyValueSpecification","valueRequired":true,"valueName":"search_term_string"}}],"inLanguage":"it-IT"},{"@type":"Organization","@id":"https:\/\/www.organisator.ch\/#organization","name":"Organizzatore","url":"https:\/\/www.organisator.ch\/","logo":{"@type":"ImageObject","inLanguage":"it-IT","@id":"https:\/\/www.organisator.ch\/#\/schema\/logo\/image\/","url":"https:\/\/www.organisator.ch\/wp-content\/uploads\/2022\/01\/Logo_Organisator_Website.png","contentUrl":"https:\/\/www.organisator.ch\/wp-content\/uploads\/2022\/01\/Logo_Organisator_Website.png","width":800,"height":77,"caption":"Organisator"},"image":{"@id":"https:\/\/www.organisator.ch\/#\/schema\/logo\/image\/"},"sameAs":["https:\/\/www.facebook.com\/OrganisatorFachmagazin","https:\/\/www.linkedin.com\/showcase\/organisator-das-magazin-fr-kmu","https:\/\/www.xing.com\/news\/pages\/organisator-ch-695","https:\/\/www.youtube.com\/channel\/UCGP2Sq0iWaZwT3BdIAQFYpw"]},{"@type":"Person","@id":"https:\/\/www.organisator.ch\/#\/schema\/person\/6f650f90b2842cd4c0cc334b4e36f67e","name":"Tommaso.berner","image":{"@type":"ImageObject","inLanguage":"it-IT","@id":"https:\/\/secure.gravatar.com\/avatar\/ac5001d2a36cb6c6cd3e50789007ffca834b477b74a2144564522e944eabff61?s=96&d=mm&r=g","url":"https:\/\/secure.gravatar.com\/avatar\/ac5001d2a36cb6c6cd3e50789007ffca834b477b74a2144564522e944eabff61?s=96&d=mm&r=g","contentUrl":"https:\/\/secure.gravatar.com\/avatar\/ac5001d2a36cb6c6cd3e50789007ffca834b477b74a2144564522e944eabff61?s=96&d=mm&r=g","caption":"thomas.berner"},"url":"https:\/\/www.organisator.ch\/it\/author\/thomas-berner\/"}]}},"_links":{"self":[{"href":"https:\/\/www.organisator.ch\/it\/wp-json\/wp\/v2\/posts\/12664","targetHints":{"allow":["GET"]}}],"collection":[{"href":"https:\/\/www.organisator.ch\/it\/wp-json\/wp\/v2\/posts"}],"about":[{"href":"https:\/\/www.organisator.ch\/it\/wp-json\/wp\/v2\/types\/post"}],"author":[{"embeddable":true,"href":"https:\/\/www.organisator.ch\/it\/wp-json\/wp\/v2\/users\/4"}],"replies":[{"embeddable":true,"href":"https:\/\/www.organisator.ch\/it\/wp-json\/wp\/v2\/comments?post=12664"}],"version-history":[{"count":4,"href":"https:\/\/www.organisator.ch\/it\/wp-json\/wp\/v2\/posts\/12664\/revisions"}],"predecessor-version":[{"id":12688,"href":"https:\/\/www.organisator.ch\/it\/wp-json\/wp\/v2\/posts\/12664\/revisions\/12688"}],"wp:attachment":[{"href":"https:\/\/www.organisator.ch\/it\/wp-json\/wp\/v2\/media?parent=12664"}],"wp:term":[{"taxonomy":"category","embeddable":true,"href":"https:\/\/www.organisator.ch\/it\/wp-json\/wp\/v2\/categories?post=12664"},{"taxonomy":"post_tag","embeddable":true,"href":"https:\/\/www.organisator.ch\/it\/wp-json\/wp\/v2\/tags?post=12664"}],"curies":[{"name":"wp","href":"https:\/\/api.w.org\/{rel}","templated":true}]}}