{"id":12669,"date":"2022-04-26T11:54:52","date_gmt":"2022-04-26T09:54:52","guid":{"rendered":"https:\/\/www.werbewoche.ch\/?p=169816"},"modified":"2022-07-30T12:21:32","modified_gmt":"2022-07-30T10:21:32","slug":"neo-advertising-gewinnt-plakat-konzession-in-nyon","status":"publish","type":"post","link":"https:\/\/www.organisator.ch\/it\/marketing\/2022-04-26\/neo-advertising-gewinnt-plakat-konzession-in-nyon\/","title":{"rendered":"Neo Advertising vince la concessione per i cartelloni a Nyon"},"content":{"rendered":"<img class=\"alignnone wp-image-169817 size-large\" src=\"https:\/\/www.werbewoche.ch\/wp-content\/uploads\/2022\/04\/NEO_ADVERTISING_NYON-1024x768.jpg\" alt=\"Nyon\" width=\"768\" height=\"576\" \/>\r\n\r\nNyon, con oltre 21.000 abitanti, fa parte della regione metropolitana di Ginevra-Losanna. Quest'area economica \u00e8 il pi\u00f9 grande agglomerato della Svizzera dopo Zurigo. Aziende famose come Hublot e la federazione calcistica UEFA hanno la loro sede a Nyon.\r\n\r\nFlorian Maas, COO di Neo Advertising: \"Siamo molto soddisfatti della futura partnership con la citt\u00e0 di Nyon, perch\u00e9 a Nyon e dintorni offriamo gi\u00e0 spazi pubblicitari digitali e analogici nei centri commerciali, nei negozi Coop e nelle stazioni di servizio Coop Pronto, nonch\u00e9 presso Let's Go Fitness, tra gli altri. Con l'aggiudicazione di questo contratto, ampliamo la nostra offerta OOH con altri 28 spazi pubblicitari analogici su suolo pubblico e possiamo cos\u00ec offrire ai nostri clienti un portafoglio interessante a Nyon e nell'area di Ginevra.\"\r\n\r\n<hr \/>\r\n\r\n<em>Neo Advertising \u00e8 uno dei fornitori leader nel mercato svizzero della pubblicit\u00e0 esterna (Out-of-Home o OOH). Grazie a un portafoglio nazionale di oltre 8.300 spazi pubblicitari analogici e digitali in posizioni privilegiate, i clienti di Neo Advertising raggiungono un vasto pubblico con messaggi pubblicitari efficaci. Neo Advertising \u00e8 posseduta in maggioranza dal gruppo Goldbach. Il Gruppo Goldbach \u00e8 attivo in Svizzera, Austria e Germania ed \u00e8 una societ\u00e0 del Gruppo TX. Neo Advertising possiede il certificato EcoEntreprise.<\/em>","protected":false},"excerpt":{"rendered":"<p>Nyon geh\u00f6rt mit \u00fcber 21\u2019000 Einwohnerinnen und Einwohnern zur Metropolregion Genf- Lausanne. Dieser Wirtschaftsraum ist nach Z\u00fcrich das gr\u00f6sste Ballungsgebiet der Schweiz. Namhafte Unternehmen wie\u00a0 Hublot oder der Fussballverband UEFA haben ihren Hauptsitz in Nyon. Florian Maas, COO von Neo Advertising: \u00abWir freuen uns sehr \u00fcber die zuk\u00fcnftige Partnerschaft mit der Stadt Nyon, denn in [\u2026]<\/p>\n","protected":false},"author":8,"featured_media":0,"comment_status":"closed","ping_status":"closed","sticky":false,"template":"","format":"standard","meta":{"_acf_changed":false,"_yoast_wpseo_focuskw":"Nyon","_yoast_wpseo_metadesc":"Ab dem 1. Juli wird Neo Advertising f\u00fcr mindestens zehn Jahre alle Plakatstellen auf \u00f6ffentlichem Grund der Stadt Nyon bewirtschaften und vermarkten.","articlekey":"","footnotes":""},"categories":[29],"tags":[2827,2828,2829,3173,2830],"class_list":["post-12669","post","type-post","status-publish","format-standard","hentry","category-marketing","tag-aussenwerbung","tag-dooh","tag-neo-advertising","tag-nyon","tag-tx-group"],"acf":[],"yoast_head":"<!-- This site is optimized with the Yoast SEO plugin v27.5 - https:\/\/yoast.com\/product\/yoast-seo-wordpress\/ -->\n<title>Neo Advertising gewinnt Plakat-Konzession in Nyon - Organisator<\/title>\n<meta name=\"description\" content=\"Ab dem 1. Juli wird Neo Advertising f\u00fcr mindestens zehn Jahre alle Plakatstellen auf \u00f6ffentlichem Grund der Stadt Nyon bewirtschaften und vermarkten.\" \/>\n<meta name=\"robots\" content=\"index, follow, max-snippet:-1, max-image-preview:large, max-video-preview:-1\" \/>\n<link rel=\"canonical\" href=\"https:\/\/www.werbewoche.ch\/de\/marketing\/2022-04-26\/neo-advertising-gewinnt-plakat-konzession-in-nyon\/\" \/>\n<meta property=\"og:locale\" content=\"it_IT\" \/>\n<meta property=\"og:type\" content=\"article\" \/>\n<meta property=\"og:title\" content=\"Neo Advertising gewinnt Plakat-Konzession in Nyon - Organisator\" \/>\n<meta property=\"og:description\" content=\"Ab dem 1. Juli wird Neo Advertising f\u00fcr mindestens zehn Jahre alle Plakatstellen auf \u00f6ffentlichem Grund der Stadt Nyon bewirtschaften und vermarkten.\" \/>\n<meta property=\"og:url\" content=\"https:\/\/www.werbewoche.ch\/de\/marketing\/2022-04-26\/neo-advertising-gewinnt-plakat-konzession-in-nyon\/\" \/>\n<meta property=\"og:site_name\" content=\"Organisator\" \/>\n<meta property=\"article:publisher\" content=\"https:\/\/www.facebook.com\/OrganisatorFachmagazin\" \/>\n<meta property=\"article:published_time\" content=\"2022-04-26T09:54:52+00:00\" \/>\n<meta property=\"article:modified_time\" content=\"2022-07-30T10:21:32+00:00\" \/>\n<meta property=\"og:image\" content=\"https:\/\/www.werbewoche.ch\/wp-content\/uploads\/2022\/04\/NEO_ADVERTISING_NYON-1024x768.jpg\" \/>\n<meta name=\"author\" content=\"galledia\" \/>\n<meta name=\"twitter:card\" content=\"summary_large_image\" \/>\n<meta name=\"twitter:creator\" content=\"@admin\" \/>\n<script type=\"application\/ld+json\" class=\"yoast-schema-graph\">{\"@context\":\"https:\\\/\\\/schema.org\",\"@graph\":[{\"@type\":\"Article\",\"@id\":\"https:\\\/\\\/www.werbewoche.ch\\\/de\\\/marketing\\\/2022-04-26\\\/neo-advertising-gewinnt-plakat-konzession-in-nyon\\\/#article\",\"isPartOf\":{\"@id\":\"https:\\\/\\\/www.organisator.ch\\\/marketing\\\/2022-04-26\\\/neo-advertising-gewinnt-plakat-konzession-in-nyon\\\/\"},\"author\":{\"name\":\"galledia\",\"@id\":\"https:\\\/\\\/www.organisator.ch\\\/#\\\/schema\\\/person\\\/4e51799071cd2dd1232ac003643ef5f0\"},\"headline\":\"Neo Advertising gewinnt Plakat-Konzession in Nyon\",\"datePublished\":\"2022-04-26T09:54:52+00:00\",\"dateModified\":\"2022-07-30T10:21:32+00:00\",\"mainEntityOfPage\":{\"@id\":\"https:\\\/\\\/www.organisator.ch\\\/marketing\\\/2022-04-26\\\/neo-advertising-gewinnt-plakat-konzession-in-nyon\\\/\"},\"wordCount\":200,\"publisher\":{\"@id\":\"https:\\\/\\\/www.organisator.ch\\\/#organization\"},\"image\":{\"@id\":\"https:\\\/\\\/www.werbewoche.ch\\\/de\\\/marketing\\\/2022-04-26\\\/neo-advertising-gewinnt-plakat-konzession-in-nyon\\\/#primaryimage\"},\"thumbnailUrl\":\"https:\\\/\\\/www.werbewoche.ch\\\/wp-content\\\/uploads\\\/2022\\\/04\\\/NEO_ADVERTISING_NYON-1024x768.jpg\",\"keywords\":[\"Aussenwerbung\",\"DOOH\",\"Neo Advertising\",\"Nyon\",\"TX Group\"],\"articleSection\":[\"MARKETING\"],\"inLanguage\":\"it-IT\"},{\"@type\":\"WebPage\",\"@id\":\"https:\\\/\\\/www.organisator.ch\\\/marketing\\\/2022-04-26\\\/neo-advertising-gewinnt-plakat-konzession-in-nyon\\\/\",\"url\":\"https:\\\/\\\/www.werbewoche.ch\\\/de\\\/marketing\\\/2022-04-26\\\/neo-advertising-gewinnt-plakat-konzession-in-nyon\\\/\",\"name\":\"Neo Advertising gewinnt Plakat-Konzession in Nyon - Organisator\",\"isPartOf\":{\"@id\":\"https:\\\/\\\/www.organisator.ch\\\/#website\"},\"primaryImageOfPage\":{\"@id\":\"https:\\\/\\\/www.werbewoche.ch\\\/de\\\/marketing\\\/2022-04-26\\\/neo-advertising-gewinnt-plakat-konzession-in-nyon\\\/#primaryimage\"},\"image\":{\"@id\":\"https:\\\/\\\/www.werbewoche.ch\\\/de\\\/marketing\\\/2022-04-26\\\/neo-advertising-gewinnt-plakat-konzession-in-nyon\\\/#primaryimage\"},\"thumbnailUrl\":\"https:\\\/\\\/www.werbewoche.ch\\\/wp-content\\\/uploads\\\/2022\\\/04\\\/NEO_ADVERTISING_NYON-1024x768.jpg\",\"datePublished\":\"2022-04-26T09:54:52+00:00\",\"dateModified\":\"2022-07-30T10:21:32+00:00\",\"description\":\"Ab dem 1. Juli wird Neo Advertising f\u00fcr mindestens zehn Jahre alle Plakatstellen auf \u00f6ffentlichem Grund der Stadt Nyon bewirtschaften und vermarkten.\",\"breadcrumb\":{\"@id\":\"https:\\\/\\\/www.werbewoche.ch\\\/de\\\/marketing\\\/2022-04-26\\\/neo-advertising-gewinnt-plakat-konzession-in-nyon\\\/#breadcrumb\"},\"inLanguage\":\"it-IT\",\"potentialAction\":[{\"@type\":\"ReadAction\",\"target\":[\"https:\\\/\\\/www.werbewoche.ch\\\/de\\\/marketing\\\/2022-04-26\\\/neo-advertising-gewinnt-plakat-konzession-in-nyon\\\/\"]}]},{\"@type\":\"ImageObject\",\"inLanguage\":\"it-IT\",\"@id\":\"https:\\\/\\\/www.werbewoche.ch\\\/de\\\/marketing\\\/2022-04-26\\\/neo-advertising-gewinnt-plakat-konzession-in-nyon\\\/#primaryimage\",\"url\":\"https:\\\/\\\/www.werbewoche.ch\\\/wp-content\\\/uploads\\\/2022\\\/04\\\/NEO_ADVERTISING_NYON-1024x768.jpg\",\"contentUrl\":\"https:\\\/\\\/www.werbewoche.ch\\\/wp-content\\\/uploads\\\/2022\\\/04\\\/NEO_ADVERTISING_NYON-1024x768.jpg\"},{\"@type\":\"BreadcrumbList\",\"@id\":\"https:\\\/\\\/www.werbewoche.ch\\\/de\\\/marketing\\\/2022-04-26\\\/neo-advertising-gewinnt-plakat-konzession-in-nyon\\\/#breadcrumb\",\"itemListElement\":[{\"@type\":\"ListItem\",\"position\":1,\"name\":\"Home\",\"item\":\"https:\\\/\\\/www.organisator.ch\\\/\"},{\"@type\":\"ListItem\",\"position\":2,\"name\":\"Neo Advertising gewinnt Plakat-Konzession in Nyon\"}]},{\"@type\":\"WebSite\",\"@id\":\"https:\\\/\\\/www.organisator.ch\\\/#website\",\"url\":\"https:\\\/\\\/www.organisator.ch\\\/\",\"name\":\"Organisator\",\"description\":\"Kompetent. Praxisnah. Der ORGANISATOR bereitet in 10 Ausgaben pro Jahr die wesentlichen Themen f\u00fcr F\u00fchrungskr\u00e4fte von KMU auf.\",\"publisher\":{\"@id\":\"https:\\\/\\\/www.organisator.ch\\\/#organization\"},\"potentialAction\":[{\"@type\":\"SearchAction\",\"target\":{\"@type\":\"EntryPoint\",\"urlTemplate\":\"https:\\\/\\\/www.organisator.ch\\\/?s={search_term_string}\"},\"query-input\":{\"@type\":\"PropertyValueSpecification\",\"valueRequired\":true,\"valueName\":\"search_term_string\"}}],\"inLanguage\":\"it-IT\"},{\"@type\":\"Organization\",\"@id\":\"https:\\\/\\\/www.organisator.ch\\\/#organization\",\"name\":\"Organisator\",\"url\":\"https:\\\/\\\/www.organisator.ch\\\/\",\"logo\":{\"@type\":\"ImageObject\",\"inLanguage\":\"it-IT\",\"@id\":\"https:\\\/\\\/www.organisator.ch\\\/#\\\/schema\\\/logo\\\/image\\\/\",\"url\":\"https:\\\/\\\/www.organisator.ch\\\/wp-content\\\/uploads\\\/2022\\\/01\\\/Logo_Organisator_Website.png\",\"contentUrl\":\"https:\\\/\\\/www.organisator.ch\\\/wp-content\\\/uploads\\\/2022\\\/01\\\/Logo_Organisator_Website.png\",\"width\":800,\"height\":77,\"caption\":\"Organisator\"},\"image\":{\"@id\":\"https:\\\/\\\/www.organisator.ch\\\/#\\\/schema\\\/logo\\\/image\\\/\"},\"sameAs\":[\"https:\\\/\\\/www.facebook.com\\\/OrganisatorFachmagazin\",\"https:\\\/\\\/www.linkedin.com\\\/showcase\\\/organisator-das-magazin-fr-kmu\",\"https:\\\/\\\/www.xing.com\\\/news\\\/pages\\\/organisator-ch-695\",\"https:\\\/\\\/www.youtube.com\\\/channel\\\/UCGP2Sq0iWaZwT3BdIAQFYpw\"]},{\"@type\":\"Person\",\"@id\":\"https:\\\/\\\/www.organisator.ch\\\/#\\\/schema\\\/person\\\/4e51799071cd2dd1232ac003643ef5f0\",\"name\":\"galledia\",\"image\":{\"@type\":\"ImageObject\",\"inLanguage\":\"it-IT\",\"@id\":\"https:\\\/\\\/secure.gravatar.com\\\/avatar\\\/78a7f90c01fc2bfc875782a0d4922b37cde2cf184ce347b91316d23cd7f69a36?s=96&d=mm&r=g\",\"url\":\"https:\\\/\\\/secure.gravatar.com\\\/avatar\\\/78a7f90c01fc2bfc875782a0d4922b37cde2cf184ce347b91316d23cd7f69a36?s=96&d=mm&r=g\",\"contentUrl\":\"https:\\\/\\\/secure.gravatar.com\\\/avatar\\\/78a7f90c01fc2bfc875782a0d4922b37cde2cf184ce347b91316d23cd7f69a36?s=96&d=mm&r=g\",\"caption\":\"galledia\"},\"sameAs\":[\"https:\\\/\\\/x.com\\\/admin\"],\"url\":\"https:\\\/\\\/www.organisator.ch\\\/it\\\/author\\\/galledia\\\/\"}]}<\/script>\n<!-- \/ Yoast SEO plugin. -->","yoast_head_json":{"title":"Neo Advertising si aggiudica la concessione per i cartelloni pubblicitari a Nyon - Organizzatore","description":"Dal 1\u00b0 luglio, Neo Advertising gestir\u00e0 e commercializzer\u00e0 per almeno dieci anni tutti i siti di affissione su suolo pubblico della citt\u00e0 di Nyon.","robots":{"index":"index","follow":"follow","max-snippet":"max-snippet:-1","max-image-preview":"max-image-preview:large","max-video-preview":"max-video-preview:-1"},"canonical":"https:\/\/www.werbewoche.ch\/de\/marketing\/2022-04-26\/neo-advertising-gewinnt-plakat-konzession-in-nyon\/","og_locale":"it_IT","og_type":"article","og_title":"Neo Advertising gewinnt Plakat-Konzession in Nyon - Organisator","og_description":"Ab dem 1. Juli wird Neo Advertising f\u00fcr mindestens zehn Jahre alle Plakatstellen auf \u00f6ffentlichem Grund der Stadt Nyon bewirtschaften und vermarkten.","og_url":"https:\/\/www.werbewoche.ch\/de\/marketing\/2022-04-26\/neo-advertising-gewinnt-plakat-konzession-in-nyon\/","og_site_name":"Organisator","article_publisher":"https:\/\/www.facebook.com\/OrganisatorFachmagazin","article_published_time":"2022-04-26T09:54:52+00:00","article_modified_time":"2022-07-30T10:21:32+00:00","og_image":[{"url":"https:\/\/www.werbewoche.ch\/wp-content\/uploads\/2022\/04\/NEO_ADVERTISING_NYON-1024x768.jpg","type":"","width":"","height":""}],"author":"galledia","twitter_card":"summary_large_image","twitter_creator":"@admin","schema":{"@context":"https:\/\/schema.org","@graph":[{"@type":"Article","@id":"https:\/\/www.werbewoche.ch\/de\/marketing\/2022-04-26\/neo-advertising-gewinnt-plakat-konzession-in-nyon\/#article","isPartOf":{"@id":"https:\/\/www.organisator.ch\/marketing\/2022-04-26\/neo-advertising-gewinnt-plakat-konzession-in-nyon\/"},"author":{"name":"galledia","@id":"https:\/\/www.organisator.ch\/#\/schema\/person\/4e51799071cd2dd1232ac003643ef5f0"},"headline":"Neo Advertising gewinnt Plakat-Konzession in Nyon","datePublished":"2022-04-26T09:54:52+00:00","dateModified":"2022-07-30T10:21:32+00:00","mainEntityOfPage":{"@id":"https:\/\/www.organisator.ch\/marketing\/2022-04-26\/neo-advertising-gewinnt-plakat-konzession-in-nyon\/"},"wordCount":200,"publisher":{"@id":"https:\/\/www.organisator.ch\/#organization"},"image":{"@id":"https:\/\/www.werbewoche.ch\/de\/marketing\/2022-04-26\/neo-advertising-gewinnt-plakat-konzession-in-nyon\/#primaryimage"},"thumbnailUrl":"https:\/\/www.werbewoche.ch\/wp-content\/uploads\/2022\/04\/NEO_ADVERTISING_NYON-1024x768.jpg","keywords":["Aussenwerbung","DOOH","Neo Advertising","Nyon","TX Group"],"articleSection":["MARKETING"],"inLanguage":"it-IT"},{"@type":"WebPage","@id":"https:\/\/www.organisator.ch\/marketing\/2022-04-26\/neo-advertising-gewinnt-plakat-konzession-in-nyon\/","url":"https:\/\/www.werbewoche.ch\/de\/marketing\/2022-04-26\/neo-advertising-gewinnt-plakat-konzession-in-nyon\/","name":"Neo Advertising si aggiudica la concessione per i cartelloni pubblicitari a Nyon - Organizzatore","isPartOf":{"@id":"https:\/\/www.organisator.ch\/#website"},"primaryImageOfPage":{"@id":"https:\/\/www.werbewoche.ch\/de\/marketing\/2022-04-26\/neo-advertising-gewinnt-plakat-konzession-in-nyon\/#primaryimage"},"image":{"@id":"https:\/\/www.werbewoche.ch\/de\/marketing\/2022-04-26\/neo-advertising-gewinnt-plakat-konzession-in-nyon\/#primaryimage"},"thumbnailUrl":"https:\/\/www.werbewoche.ch\/wp-content\/uploads\/2022\/04\/NEO_ADVERTISING_NYON-1024x768.jpg","datePublished":"2022-04-26T09:54:52+00:00","dateModified":"2022-07-30T10:21:32+00:00","description":"Dal 1\u00b0 luglio, Neo Advertising gestir\u00e0 e commercializzer\u00e0 per almeno dieci anni tutti i siti di affissione su suolo pubblico della citt\u00e0 di Nyon.","breadcrumb":{"@id":"https:\/\/www.werbewoche.ch\/de\/marketing\/2022-04-26\/neo-advertising-gewinnt-plakat-konzession-in-nyon\/#breadcrumb"},"inLanguage":"it-IT","potentialAction":[{"@type":"ReadAction","target":["https:\/\/www.werbewoche.ch\/de\/marketing\/2022-04-26\/neo-advertising-gewinnt-plakat-konzession-in-nyon\/"]}]},{"@type":"ImageObject","inLanguage":"it-IT","@id":"https:\/\/www.werbewoche.ch\/de\/marketing\/2022-04-26\/neo-advertising-gewinnt-plakat-konzession-in-nyon\/#primaryimage","url":"https:\/\/www.werbewoche.ch\/wp-content\/uploads\/2022\/04\/NEO_ADVERTISING_NYON-1024x768.jpg","contentUrl":"https:\/\/www.werbewoche.ch\/wp-content\/uploads\/2022\/04\/NEO_ADVERTISING_NYON-1024x768.jpg"},{"@type":"BreadcrumbList","@id":"https:\/\/www.werbewoche.ch\/de\/marketing\/2022-04-26\/neo-advertising-gewinnt-plakat-konzession-in-nyon\/#breadcrumb","itemListElement":[{"@type":"ListItem","position":1,"name":"Home","item":"https:\/\/www.organisator.ch\/"},{"@type":"ListItem","position":2,"name":"Neo Advertising gewinnt Plakat-Konzession in Nyon"}]},{"@type":"WebSite","@id":"https:\/\/www.organisator.ch\/#website","url":"https:\/\/www.organisator.ch\/","name":"Organizzatore","description":"Competente. Pratico. In 10 numeri all'anno, ORGANISATOR presenta i temi essenziali per i manager delle PMI.","publisher":{"@id":"https:\/\/www.organisator.ch\/#organization"},"potentialAction":[{"@type":"SearchAction","target":{"@type":"EntryPoint","urlTemplate":"https:\/\/www.organisator.ch\/?s={search_term_string}"},"query-input":{"@type":"PropertyValueSpecification","valueRequired":true,"valueName":"search_term_string"}}],"inLanguage":"it-IT"},{"@type":"Organization","@id":"https:\/\/www.organisator.ch\/#organization","name":"Organizzatore","url":"https:\/\/www.organisator.ch\/","logo":{"@type":"ImageObject","inLanguage":"it-IT","@id":"https:\/\/www.organisator.ch\/#\/schema\/logo\/image\/","url":"https:\/\/www.organisator.ch\/wp-content\/uploads\/2022\/01\/Logo_Organisator_Website.png","contentUrl":"https:\/\/www.organisator.ch\/wp-content\/uploads\/2022\/01\/Logo_Organisator_Website.png","width":800,"height":77,"caption":"Organisator"},"image":{"@id":"https:\/\/www.organisator.ch\/#\/schema\/logo\/image\/"},"sameAs":["https:\/\/www.facebook.com\/OrganisatorFachmagazin","https:\/\/www.linkedin.com\/showcase\/organisator-das-magazin-fr-kmu","https:\/\/www.xing.com\/news\/pages\/organisator-ch-695","https:\/\/www.youtube.com\/channel\/UCGP2Sq0iWaZwT3BdIAQFYpw"]},{"@type":"Person","@id":"https:\/\/www.organisator.ch\/#\/schema\/person\/4e51799071cd2dd1232ac003643ef5f0","name":"galledia","image":{"@type":"ImageObject","inLanguage":"it-IT","@id":"https:\/\/secure.gravatar.com\/avatar\/78a7f90c01fc2bfc875782a0d4922b37cde2cf184ce347b91316d23cd7f69a36?s=96&d=mm&r=g","url":"https:\/\/secure.gravatar.com\/avatar\/78a7f90c01fc2bfc875782a0d4922b37cde2cf184ce347b91316d23cd7f69a36?s=96&d=mm&r=g","contentUrl":"https:\/\/secure.gravatar.com\/avatar\/78a7f90c01fc2bfc875782a0d4922b37cde2cf184ce347b91316d23cd7f69a36?s=96&d=mm&r=g","caption":"galledia"},"sameAs":["https:\/\/x.com\/admin"],"url":"https:\/\/www.organisator.ch\/it\/author\/galledia\/"}]}},"_links":{"self":[{"href":"https:\/\/www.organisator.ch\/it\/wp-json\/wp\/v2\/posts\/12669","targetHints":{"allow":["GET"]}}],"collection":[{"href":"https:\/\/www.organisator.ch\/it\/wp-json\/wp\/v2\/posts"}],"about":[{"href":"https:\/\/www.organisator.ch\/it\/wp-json\/wp\/v2\/types\/post"}],"author":[{"embeddable":true,"href":"https:\/\/www.organisator.ch\/it\/wp-json\/wp\/v2\/users\/8"}],"replies":[{"embeddable":true,"href":"https:\/\/www.organisator.ch\/it\/wp-json\/wp\/v2\/comments?post=12669"}],"version-history":[{"count":3,"href":"https:\/\/www.organisator.ch\/it\/wp-json\/wp\/v2\/posts\/12669\/revisions"}],"predecessor-version":[{"id":15985,"href":"https:\/\/www.organisator.ch\/it\/wp-json\/wp\/v2\/posts\/12669\/revisions\/15985"}],"wp:attachment":[{"href":"https:\/\/www.organisator.ch\/it\/wp-json\/wp\/v2\/media?parent=12669"}],"wp:term":[{"taxonomy":"category","embeddable":true,"href":"https:\/\/www.organisator.ch\/it\/wp-json\/wp\/v2\/categories?post=12669"},{"taxonomy":"post_tag","embeddable":true,"href":"https:\/\/www.organisator.ch\/it\/wp-json\/wp\/v2\/tags?post=12669"}],"curies":[{"name":"wp","href":"https:\/\/api.w.org\/{rel}","templated":true}]}}