{"id":127,"date":"2015-12-29T10:56:01","date_gmt":"2015-12-29T09:56:01","guid":{"rendered":"https:\/\/dev.umweltperspektiven.ch\/?p=127"},"modified":"2022-02-09T11:06:25","modified_gmt":"2022-02-09T10:06:25","slug":"kanton-zuerich-oekostrom-wird-standard","status":"publish","type":"post","link":"https:\/\/www.organisator.ch\/it\/sustainability\/2015-12-29\/kanton-zuerich-oekostrom-wird-standard\/","title":{"rendered":"Cantone di Zurigo: l'elettricit\u00e0 verde diventa standard"},"content":{"rendered":"<figure id=\"attachment_128\" aria-describedby=\"caption-attachment-128\" style=\"width: 680px\" class=\"wp-caption alignnone\"><a href=\"\/\/dev.umweltperspektiven.ch\/wp-content\/uploads\/2016\/12\/Kanton-Z\u00fcrich-\u00d6kostrom-wird-Standard-umweltperspektiven.jpg\"><img loading=\"lazy\" decoding=\"async\" class=\"wp-image-128 size-medium\" src=\"\/\/www.umweltperspektiven.ch\/wp-content\/uploads\/2016\/12\/Kanton-Z\u00fcrich-\u00d6kostrom-wird-Standard-umweltperspektiven.jpg\" alt=\"Centrale elettrica di Letten nella citt\u00e0 di Zurigo: il prodotto standard \u00e8 ora l&#039;energia idroelettrica.\" width=\"680\" height=\"510\" \/><\/a><figcaption id=\"caption-attachment-128\" class=\"wp-caption-text\">Centrale elettrica di Letten nella citt\u00e0 di Zurigo: il prodotto standard \u00e8 ora l'energia idroelettrica.<\/figcaption><\/figure>\n<p>Dal 1\u00b0 gennaio 2016, i clienti privati del cantone di Zurigo potranno acquistare l'elettricit\u00e0 verde dalla presa di corrente solo come standard. Questo \u00e8 stato deciso dal consiglio cantonale due anni fa. Se qualcuno vuole l'energia nucleare, deve richiederlo esplicitamente.<\/p>\n<p>I fornitori di energia del cantone si sono gi\u00e0 adattati in gran parte alle nuove norme: Per esempio, la Elektrizit\u00e4tswerke des Kantons Z\u00fcrich (EKZ) \u00e8 passata a prodotti ecologici standard gi\u00e0 all'inizio del 2015. Il prodotto di base \u00e8 costituito principalmente da energia idroelettrica, e chi vuole pu\u00f2 aumentare la quota di solare e bioenergia. L'energia nucleare non \u00e8 pi\u00f9 disponibile. Anche la Elektrizit\u00e4tswerke der Stadt Z\u00fcrich (EKZ) offre ora solo energia rinnovabile. Chi vuole pu\u00f2 anche partecipare direttamente agli impianti solari o acquistare elettricit\u00e0 dalla centrale elettrica di Letten nella citt\u00e0 stessa.<\/p>","protected":false},"excerpt":{"rendered":"<p>Ab 1. Januar 2016 kommt f\u00fcr Privatkunden im Kanton Z\u00fcrich standardm\u00e4ssig nur noch \u00d6kostrom aus der Steckdose. Dies hat der Kantonsrat bereits vor zwei Jahren beschlossen. Will jemand Atomstrom, so muss er dies explizit fordern. Die Energieversorger im Kanton haben sich gr\u00f6sstenteils den neuen Bestimmungen bereits angepasst: So haben die Elektrizit\u00e4tswerke des Kantons Z\u00fcrich (EKZ) [&hellip;]<\/p>\n","protected":false},"author":1,"featured_media":9342,"comment_status":"open","ping_status":"open","sticky":false,"template":"","format":"standard","meta":{"_acf_changed":false,"_yoast_wpseo_focuskw":"\u00d6kostrom wird Standard","_yoast_wpseo_metadesc":"\u00d6kostrom wird Standard: Ab 2016 m\u00fcssen Energieversorger im Kanton Z\u00fcrich \u00d6kostrom als Standardprodukt anbieten. Atomstrom gibt es nur noch auf Anfrage.","articlekey":"","footnotes":""},"categories":[580],"tags":[1029,1098,1142,1474,1866],"class_list":["post-127","post","type-post","status-publish","format-standard","has-post-thumbnail","hentry","category-sustainability","tag-ekz","tag-enerneuerbare-energie","tag-ewz","tag-kanton-zuerich","tag-oekostrom"],"acf":[],"yoast_head":"<!-- This site is optimized with the Yoast SEO plugin v27.4 - https:\/\/yoast.com\/product\/yoast-seo-wordpress\/ -->\n<title>Kanton Z\u00fcrich: \u00d6kostrom wird Standard - Organisator<\/title>\n<meta name=\"description\" content=\"\u00d6kostrom wird Standard: Ab 2016 m\u00fcssen Energieversorger im Kanton Z\u00fcrich \u00d6kostrom als Standardprodukt anbieten. Atomstrom gibt es nur noch auf Anfrage.\" \/>\n<meta name=\"robots\" content=\"index, follow, max-snippet:-1, max-image-preview:large, max-video-preview:-1\" \/>\n<link rel=\"canonical\" href=\"https:\/\/www.organisator.ch\/it\/sostenibilita\/2015-12-29\/kanton-zuerich-oekostrom-wird-standard\/\" \/>\n<meta property=\"og:locale\" content=\"it_IT\" \/>\n<meta property=\"og:type\" content=\"article\" \/>\n<meta property=\"og:title\" content=\"Kanton Z\u00fcrich: \u00d6kostrom wird Standard - Organisator\" \/>\n<meta property=\"og:description\" content=\"\u00d6kostrom wird Standard: Ab 2016 m\u00fcssen Energieversorger im Kanton Z\u00fcrich \u00d6kostrom als Standardprodukt anbieten. Atomstrom gibt es nur noch auf Anfrage.\" \/>\n<meta property=\"og:url\" content=\"https:\/\/www.organisator.ch\/it\/sostenibilita\/2015-12-29\/kanton-zuerich-oekostrom-wird-standard\/\" \/>\n<meta property=\"og:site_name\" content=\"Organisator\" \/>\n<meta property=\"article:publisher\" content=\"https:\/\/www.facebook.com\/OrganisatorFachmagazin\" \/>\n<meta property=\"article:published_time\" content=\"2015-12-29T09:56:01+00:00\" \/>\n<meta property=\"article:modified_time\" content=\"2022-02-09T10:06:25+00:00\" \/>\n<meta property=\"og:image\" content=\"https:\/\/www.organisator.ch\/wp-content\/uploads\/2016\/12\/Kanton-Zuerich-Oekostrom-wird-Standard-umweltperspektiven.jpg\" \/>\n\t<meta property=\"og:image:width\" content=\"1024\" \/>\n\t<meta property=\"og:image:height\" content=\"768\" \/>\n\t<meta property=\"og:image:type\" content=\"image\/jpeg\" \/>\n<meta name=\"author\" content=\"admin\" \/>\n<meta name=\"twitter:card\" content=\"summary_large_image\" \/>\n<script type=\"application\/ld+json\" class=\"yoast-schema-graph\">{\"@context\":\"https:\\\/\\\/schema.org\",\"@graph\":[{\"@type\":\"Article\",\"@id\":\"https:\\\/\\\/www.organisator.ch\\\/sustainability\\\/2015-12-29\\\/kanton-zuerich-oekostrom-wird-standard\\\/#article\",\"isPartOf\":{\"@id\":\"https:\\\/\\\/www.organisator.ch\\\/sustainability\\\/2015-12-29\\\/kanton-zuerich-oekostrom-wird-standard\\\/\"},\"author\":{\"name\":\"admin\",\"@id\":\"https:\\\/\\\/www.organisator.ch\\\/#\\\/schema\\\/person\\\/aa2bace6c5c5aad60102004a50c4eb1c\"},\"headline\":\"Kanton Z\u00fcrich: \u00d6kostrom wird Standard\",\"datePublished\":\"2015-12-29T09:56:01+00:00\",\"dateModified\":\"2022-02-09T10:06:25+00:00\",\"mainEntityOfPage\":{\"@id\":\"https:\\\/\\\/www.organisator.ch\\\/sustainability\\\/2015-12-29\\\/kanton-zuerich-oekostrom-wird-standard\\\/\"},\"wordCount\":147,\"commentCount\":0,\"publisher\":{\"@id\":\"https:\\\/\\\/www.organisator.ch\\\/#organization\"},\"image\":{\"@id\":\"https:\\\/\\\/www.organisator.ch\\\/sustainability\\\/2015-12-29\\\/kanton-zuerich-oekostrom-wird-standard\\\/#primaryimage\"},\"thumbnailUrl\":\"https:\\\/\\\/www.organisator.ch\\\/wp-content\\\/uploads\\\/2016\\\/12\\\/Kanton-Zuerich-Oekostrom-wird-Standard-umweltperspektiven.jpg\",\"keywords\":[\"EKZ\",\"Enerneuerbare Energie\",\"EWZ\",\"Kanton Z\u00fcrich\",\"\u00d6kostrom\"],\"articleSection\":[\"SUSTAINABILITY\"],\"inLanguage\":\"it-IT\"},{\"@type\":\"WebPage\",\"@id\":\"https:\\\/\\\/www.organisator.ch\\\/sustainability\\\/2015-12-29\\\/kanton-zuerich-oekostrom-wird-standard\\\/\",\"url\":\"https:\\\/\\\/www.organisator.ch\\\/sustainability\\\/2015-12-29\\\/kanton-zuerich-oekostrom-wird-standard\\\/\",\"name\":\"Kanton Z\u00fcrich: \u00d6kostrom wird Standard - Organisator\",\"isPartOf\":{\"@id\":\"https:\\\/\\\/www.organisator.ch\\\/#website\"},\"primaryImageOfPage\":{\"@id\":\"https:\\\/\\\/www.organisator.ch\\\/sustainability\\\/2015-12-29\\\/kanton-zuerich-oekostrom-wird-standard\\\/#primaryimage\"},\"image\":{\"@id\":\"https:\\\/\\\/www.organisator.ch\\\/sustainability\\\/2015-12-29\\\/kanton-zuerich-oekostrom-wird-standard\\\/#primaryimage\"},\"thumbnailUrl\":\"https:\\\/\\\/www.organisator.ch\\\/wp-content\\\/uploads\\\/2016\\\/12\\\/Kanton-Zuerich-Oekostrom-wird-Standard-umweltperspektiven.jpg\",\"datePublished\":\"2015-12-29T09:56:01+00:00\",\"dateModified\":\"2022-02-09T10:06:25+00:00\",\"description\":\"\u00d6kostrom wird Standard: Ab 2016 m\u00fcssen Energieversorger im Kanton Z\u00fcrich \u00d6kostrom als Standardprodukt anbieten. Atomstrom gibt es nur noch auf Anfrage.\",\"breadcrumb\":{\"@id\":\"https:\\\/\\\/www.organisator.ch\\\/sustainability\\\/2015-12-29\\\/kanton-zuerich-oekostrom-wird-standard\\\/#breadcrumb\"},\"inLanguage\":\"it-IT\",\"potentialAction\":[{\"@type\":\"ReadAction\",\"target\":[\"https:\\\/\\\/www.organisator.ch\\\/sustainability\\\/2015-12-29\\\/kanton-zuerich-oekostrom-wird-standard\\\/\"]}]},{\"@type\":\"ImageObject\",\"inLanguage\":\"it-IT\",\"@id\":\"https:\\\/\\\/www.organisator.ch\\\/sustainability\\\/2015-12-29\\\/kanton-zuerich-oekostrom-wird-standard\\\/#primaryimage\",\"url\":\"https:\\\/\\\/www.organisator.ch\\\/wp-content\\\/uploads\\\/2016\\\/12\\\/Kanton-Zuerich-Oekostrom-wird-Standard-umweltperspektiven.jpg\",\"contentUrl\":\"https:\\\/\\\/www.organisator.ch\\\/wp-content\\\/uploads\\\/2016\\\/12\\\/Kanton-Zuerich-Oekostrom-wird-Standard-umweltperspektiven.jpg\",\"width\":1024,\"height\":768,\"caption\":\"Lettenkraftwerk in der Stadt Z\u00fcrich: Das Standardprodukt ist neu Wasserkraft.\"},{\"@type\":\"BreadcrumbList\",\"@id\":\"https:\\\/\\\/www.organisator.ch\\\/sustainability\\\/2015-12-29\\\/kanton-zuerich-oekostrom-wird-standard\\\/#breadcrumb\",\"itemListElement\":[{\"@type\":\"ListItem\",\"position\":1,\"name\":\"Home\",\"item\":\"https:\\\/\\\/www.organisator.ch\\\/\"},{\"@type\":\"ListItem\",\"position\":2,\"name\":\"Kanton Z\u00fcrich: \u00d6kostrom wird Standard\"}]},{\"@type\":\"WebSite\",\"@id\":\"https:\\\/\\\/www.organisator.ch\\\/#website\",\"url\":\"https:\\\/\\\/www.organisator.ch\\\/\",\"name\":\"Organisator\",\"description\":\"Kompetent. Praxisnah. Der ORGANISATOR bereitet in 10 Ausgaben pro Jahr die wesentlichen Themen f\u00fcr F\u00fchrungskr\u00e4fte von KMU auf.\",\"publisher\":{\"@id\":\"https:\\\/\\\/www.organisator.ch\\\/#organization\"},\"potentialAction\":[{\"@type\":\"SearchAction\",\"target\":{\"@type\":\"EntryPoint\",\"urlTemplate\":\"https:\\\/\\\/www.organisator.ch\\\/?s={search_term_string}\"},\"query-input\":{\"@type\":\"PropertyValueSpecification\",\"valueRequired\":true,\"valueName\":\"search_term_string\"}}],\"inLanguage\":\"it-IT\"},{\"@type\":\"Organization\",\"@id\":\"https:\\\/\\\/www.organisator.ch\\\/#organization\",\"name\":\"Organisator\",\"url\":\"https:\\\/\\\/www.organisator.ch\\\/\",\"logo\":{\"@type\":\"ImageObject\",\"inLanguage\":\"it-IT\",\"@id\":\"https:\\\/\\\/www.organisator.ch\\\/#\\\/schema\\\/logo\\\/image\\\/\",\"url\":\"https:\\\/\\\/www.organisator.ch\\\/wp-content\\\/uploads\\\/2022\\\/01\\\/Logo_Organisator_Website.png\",\"contentUrl\":\"https:\\\/\\\/www.organisator.ch\\\/wp-content\\\/uploads\\\/2022\\\/01\\\/Logo_Organisator_Website.png\",\"width\":800,\"height\":77,\"caption\":\"Organisator\"},\"image\":{\"@id\":\"https:\\\/\\\/www.organisator.ch\\\/#\\\/schema\\\/logo\\\/image\\\/\"},\"sameAs\":[\"https:\\\/\\\/www.facebook.com\\\/OrganisatorFachmagazin\",\"https:\\\/\\\/www.linkedin.com\\\/showcase\\\/organisator-das-magazin-fr-kmu\",\"https:\\\/\\\/www.xing.com\\\/news\\\/pages\\\/organisator-ch-695\",\"https:\\\/\\\/www.youtube.com\\\/channel\\\/UCGP2Sq0iWaZwT3BdIAQFYpw\"]},{\"@type\":\"Person\",\"@id\":\"https:\\\/\\\/www.organisator.ch\\\/#\\\/schema\\\/person\\\/aa2bace6c5c5aad60102004a50c4eb1c\",\"name\":\"admin\",\"image\":{\"@type\":\"ImageObject\",\"inLanguage\":\"it-IT\",\"@id\":\"https:\\\/\\\/secure.gravatar.com\\\/avatar\\\/ae2f4d718e6c49043e314ce431e7e645d646302a24a5ef5a8bc8e3f5a032e319?s=96&d=mm&r=g\",\"url\":\"https:\\\/\\\/secure.gravatar.com\\\/avatar\\\/ae2f4d718e6c49043e314ce431e7e645d646302a24a5ef5a8bc8e3f5a032e319?s=96&d=mm&r=g\",\"contentUrl\":\"https:\\\/\\\/secure.gravatar.com\\\/avatar\\\/ae2f4d718e6c49043e314ce431e7e645d646302a24a5ef5a8bc8e3f5a032e319?s=96&d=mm&r=g\",\"caption\":\"admin\"},\"sameAs\":[\"https:\\\/\\\/www.organisator.ch\"],\"url\":\"https:\\\/\\\/www.organisator.ch\\\/it\\\/author\\\/admin\\\/\"}]}<\/script>\n<!-- \/ Yoast SEO plugin. -->","yoast_head_json":{"title":"Cantone di Zurigo: l'elettricit\u00e0 verde diventa uno standard - Organizzatore","description":"L'elettricit\u00e0 verde diventa standard: a partire dal 2016, i fornitori di energia del Cantone di Zurigo dovranno offrire elettricit\u00e0 verde come prodotto standard. L'energia nucleare sar\u00e0 disponibile solo su richiesta.","robots":{"index":"index","follow":"follow","max-snippet":"max-snippet:-1","max-image-preview":"max-image-preview:large","max-video-preview":"max-video-preview:-1"},"canonical":"https:\/\/www.organisator.ch\/it\/sostenibilita\/2015-12-29\/kanton-zuerich-oekostrom-wird-standard\/","og_locale":"it_IT","og_type":"article","og_title":"Kanton Z\u00fcrich: \u00d6kostrom wird Standard - Organisator","og_description":"\u00d6kostrom wird Standard: Ab 2016 m\u00fcssen Energieversorger im Kanton Z\u00fcrich \u00d6kostrom als Standardprodukt anbieten. Atomstrom gibt es nur noch auf Anfrage.","og_url":"https:\/\/www.organisator.ch\/it\/sostenibilita\/2015-12-29\/kanton-zuerich-oekostrom-wird-standard\/","og_site_name":"Organisator","article_publisher":"https:\/\/www.facebook.com\/OrganisatorFachmagazin","article_published_time":"2015-12-29T09:56:01+00:00","article_modified_time":"2022-02-09T10:06:25+00:00","og_image":[{"width":1024,"height":768,"url":"https:\/\/www.organisator.ch\/wp-content\/uploads\/2016\/12\/Kanton-Zuerich-Oekostrom-wird-Standard-umweltperspektiven.jpg","type":"image\/jpeg"}],"author":"admin","twitter_card":"summary_large_image","schema":{"@context":"https:\/\/schema.org","@graph":[{"@type":"Article","@id":"https:\/\/www.organisator.ch\/sustainability\/2015-12-29\/kanton-zuerich-oekostrom-wird-standard\/#article","isPartOf":{"@id":"https:\/\/www.organisator.ch\/sustainability\/2015-12-29\/kanton-zuerich-oekostrom-wird-standard\/"},"author":{"name":"admin","@id":"https:\/\/www.organisator.ch\/#\/schema\/person\/aa2bace6c5c5aad60102004a50c4eb1c"},"headline":"Kanton Z\u00fcrich: \u00d6kostrom wird Standard","datePublished":"2015-12-29T09:56:01+00:00","dateModified":"2022-02-09T10:06:25+00:00","mainEntityOfPage":{"@id":"https:\/\/www.organisator.ch\/sustainability\/2015-12-29\/kanton-zuerich-oekostrom-wird-standard\/"},"wordCount":147,"commentCount":0,"publisher":{"@id":"https:\/\/www.organisator.ch\/#organization"},"image":{"@id":"https:\/\/www.organisator.ch\/sustainability\/2015-12-29\/kanton-zuerich-oekostrom-wird-standard\/#primaryimage"},"thumbnailUrl":"https:\/\/www.organisator.ch\/wp-content\/uploads\/2016\/12\/Kanton-Zuerich-Oekostrom-wird-Standard-umweltperspektiven.jpg","keywords":["EKZ","Enerneuerbare Energie","EWZ","Kanton Z\u00fcrich","\u00d6kostrom"],"articleSection":["SUSTAINABILITY"],"inLanguage":"it-IT"},{"@type":"WebPage","@id":"https:\/\/www.organisator.ch\/sustainability\/2015-12-29\/kanton-zuerich-oekostrom-wird-standard\/","url":"https:\/\/www.organisator.ch\/sustainability\/2015-12-29\/kanton-zuerich-oekostrom-wird-standard\/","name":"Cantone di Zurigo: l'elettricit\u00e0 verde diventa uno standard - Organizzatore","isPartOf":{"@id":"https:\/\/www.organisator.ch\/#website"},"primaryImageOfPage":{"@id":"https:\/\/www.organisator.ch\/sustainability\/2015-12-29\/kanton-zuerich-oekostrom-wird-standard\/#primaryimage"},"image":{"@id":"https:\/\/www.organisator.ch\/sustainability\/2015-12-29\/kanton-zuerich-oekostrom-wird-standard\/#primaryimage"},"thumbnailUrl":"https:\/\/www.organisator.ch\/wp-content\/uploads\/2016\/12\/Kanton-Zuerich-Oekostrom-wird-Standard-umweltperspektiven.jpg","datePublished":"2015-12-29T09:56:01+00:00","dateModified":"2022-02-09T10:06:25+00:00","description":"L'elettricit\u00e0 verde diventa standard: a partire dal 2016, i fornitori di energia del Cantone di Zurigo dovranno offrire elettricit\u00e0 verde come prodotto standard. L'energia nucleare sar\u00e0 disponibile solo su richiesta.","breadcrumb":{"@id":"https:\/\/www.organisator.ch\/sustainability\/2015-12-29\/kanton-zuerich-oekostrom-wird-standard\/#breadcrumb"},"inLanguage":"it-IT","potentialAction":[{"@type":"ReadAction","target":["https:\/\/www.organisator.ch\/sustainability\/2015-12-29\/kanton-zuerich-oekostrom-wird-standard\/"]}]},{"@type":"ImageObject","inLanguage":"it-IT","@id":"https:\/\/www.organisator.ch\/sustainability\/2015-12-29\/kanton-zuerich-oekostrom-wird-standard\/#primaryimage","url":"https:\/\/www.organisator.ch\/wp-content\/uploads\/2016\/12\/Kanton-Zuerich-Oekostrom-wird-Standard-umweltperspektiven.jpg","contentUrl":"https:\/\/www.organisator.ch\/wp-content\/uploads\/2016\/12\/Kanton-Zuerich-Oekostrom-wird-Standard-umweltperspektiven.jpg","width":1024,"height":768,"caption":"Lettenkraftwerk in der Stadt Z\u00fcrich: Das Standardprodukt ist neu Wasserkraft."},{"@type":"BreadcrumbList","@id":"https:\/\/www.organisator.ch\/sustainability\/2015-12-29\/kanton-zuerich-oekostrom-wird-standard\/#breadcrumb","itemListElement":[{"@type":"ListItem","position":1,"name":"Home","item":"https:\/\/www.organisator.ch\/"},{"@type":"ListItem","position":2,"name":"Kanton Z\u00fcrich: \u00d6kostrom wird Standard"}]},{"@type":"WebSite","@id":"https:\/\/www.organisator.ch\/#website","url":"https:\/\/www.organisator.ch\/","name":"Organizzatore","description":"Competente. Pratico. In 10 numeri all'anno, ORGANISATOR presenta i temi essenziali per i manager delle PMI.","publisher":{"@id":"https:\/\/www.organisator.ch\/#organization"},"potentialAction":[{"@type":"SearchAction","target":{"@type":"EntryPoint","urlTemplate":"https:\/\/www.organisator.ch\/?s={search_term_string}"},"query-input":{"@type":"PropertyValueSpecification","valueRequired":true,"valueName":"search_term_string"}}],"inLanguage":"it-IT"},{"@type":"Organization","@id":"https:\/\/www.organisator.ch\/#organization","name":"Organizzatore","url":"https:\/\/www.organisator.ch\/","logo":{"@type":"ImageObject","inLanguage":"it-IT","@id":"https:\/\/www.organisator.ch\/#\/schema\/logo\/image\/","url":"https:\/\/www.organisator.ch\/wp-content\/uploads\/2022\/01\/Logo_Organisator_Website.png","contentUrl":"https:\/\/www.organisator.ch\/wp-content\/uploads\/2022\/01\/Logo_Organisator_Website.png","width":800,"height":77,"caption":"Organisator"},"image":{"@id":"https:\/\/www.organisator.ch\/#\/schema\/logo\/image\/"},"sameAs":["https:\/\/www.facebook.com\/OrganisatorFachmagazin","https:\/\/www.linkedin.com\/showcase\/organisator-das-magazin-fr-kmu","https:\/\/www.xing.com\/news\/pages\/organisator-ch-695","https:\/\/www.youtube.com\/channel\/UCGP2Sq0iWaZwT3BdIAQFYpw"]},{"@type":"Person","@id":"https:\/\/www.organisator.ch\/#\/schema\/person\/aa2bace6c5c5aad60102004a50c4eb1c","name":"amministratore","image":{"@type":"ImageObject","inLanguage":"it-IT","@id":"https:\/\/secure.gravatar.com\/avatar\/ae2f4d718e6c49043e314ce431e7e645d646302a24a5ef5a8bc8e3f5a032e319?s=96&d=mm&r=g","url":"https:\/\/secure.gravatar.com\/avatar\/ae2f4d718e6c49043e314ce431e7e645d646302a24a5ef5a8bc8e3f5a032e319?s=96&d=mm&r=g","contentUrl":"https:\/\/secure.gravatar.com\/avatar\/ae2f4d718e6c49043e314ce431e7e645d646302a24a5ef5a8bc8e3f5a032e319?s=96&d=mm&r=g","caption":"admin"},"sameAs":["https:\/\/www.organisator.ch"],"url":"https:\/\/www.organisator.ch\/it\/author\/admin\/"}]}},"_links":{"self":[{"href":"https:\/\/www.organisator.ch\/it\/wp-json\/wp\/v2\/posts\/127","targetHints":{"allow":["GET"]}}],"collection":[{"href":"https:\/\/www.organisator.ch\/it\/wp-json\/wp\/v2\/posts"}],"about":[{"href":"https:\/\/www.organisator.ch\/it\/wp-json\/wp\/v2\/types\/post"}],"author":[{"embeddable":true,"href":"https:\/\/www.organisator.ch\/it\/wp-json\/wp\/v2\/users\/1"}],"replies":[{"embeddable":true,"href":"https:\/\/www.organisator.ch\/it\/wp-json\/wp\/v2\/comments?post=127"}],"version-history":[{"count":1,"href":"https:\/\/www.organisator.ch\/it\/wp-json\/wp\/v2\/posts\/127\/revisions"}],"predecessor-version":[{"id":10630,"href":"https:\/\/www.organisator.ch\/it\/wp-json\/wp\/v2\/posts\/127\/revisions\/10630"}],"wp:featuredmedia":[{"embeddable":true,"href":"https:\/\/www.organisator.ch\/it\/wp-json\/wp\/v2\/media\/9342"}],"wp:attachment":[{"href":"https:\/\/www.organisator.ch\/it\/wp-json\/wp\/v2\/media?parent=127"}],"wp:term":[{"taxonomy":"category","embeddable":true,"href":"https:\/\/www.organisator.ch\/it\/wp-json\/wp\/v2\/categories?post=127"},{"taxonomy":"post_tag","embeddable":true,"href":"https:\/\/www.organisator.ch\/it\/wp-json\/wp\/v2\/tags?post=127"}],"curies":[{"name":"wp","href":"https:\/\/api.w.org\/{rel}","templated":true}]}}