{"id":12702,"date":"2022-04-28T09:57:17","date_gmt":"2022-04-28T07:57:17","guid":{"rendered":"https:\/\/www.m-q.ch\/?p=16289"},"modified":"2022-07-30T15:48:10","modified_gmt":"2022-07-30T13:48:10","slug":"viele-unternehmen-koennen-datenvolumen-nicht-genuegend-bewaeltigen","status":"publish","type":"post","link":"https:\/\/www.organisator.ch\/it\/operational-excellence\/2022-04-28\/viele-unternehmen-koennen-datenvolumen-nicht-genuegend-bewaeltigen\/","title":{"rendered":"Molte aziende non riescono a gestire sufficientemente i volumi di dati"},"content":{"rendered":"<figure id=\"attachment_16290\" class=\"wp-caption alignnone\" style=\"width: 680px\" aria-describedby=\"caption-attachment-16290\"><img class=\"alignnone wp-image-16290 size-full\" src=\"https:\/\/www.m-q.ch\/wp-content\/uploads\/2022\/04\/Viele-Unternehmen-koennen-Datenvolumen-nicht-genuegend-bewaeltigen_MQ.jpg\" alt=\"Azienda\" width=\"680\" height=\"418\" \/><figcaption id=\"caption-attachment-16290\" class=\"wp-caption-text\">Il volume di dati sta crescendo in tutto il mondo. Ma gli investimenti nelle aziende non stanno tenendo il passo abbastanza, secondo molti professionisti IT. (Immagine: Pixabay.com)<\/figcaption><\/figure>\r\nDigital Realty, fornitore globale di tecnologia cloud e di soluzioni di data center, colocation e interconnessione carrier-neutral, ha pubblicato i risultati della sua prima Global Data Insights Survey. All'indagine hanno partecipato oltre 7.000 dirigenti di 23 Paesi e nove settori industriali. \"Recentemente abbiamo osservato un nuovo megatrend sulla nostra piattaforma: l'esplosione dei dati aziendali a livello globale. Poich\u00e9 tutti i settori hanno bisogno di creare, consumare, analizzare, archiviare e condividere volumi sempre maggiori di dati, si stanno trasformando in industrie dell'informazione\", ha dichiarato Dave McCrory, VP of Growth e Global Head of Insights and Analytics di Digital Realty, spiegando le motivazioni che hanno spinto a condurre l'indagine. L'azienda ha gi\u00e0 condotto un'indagine su questo tema in passato. <a href=\"https:\/\/www.m-q.ch\/de\/data-gravity-index-dgx-zeigt-europa-ist-das-globale-gravitationszentrum-fuer-unternehmensdaten\/\">indagine simile<\/a> effettuato.\r\n<h2>I dati diventano l'agenda del business<\/h2>\r\nL'indagine conferma che i dati stanno diventando sempre pi\u00f9 importanti e che la strategia e i risultati delle aziende dipendono dagli approfondimenti basati sui dati. Dati\r\n\u00e8 onnipresente. Il volume dei dati si sta moltiplicando in tutte le sedi aziendali. Questo porta alla necessit\u00e0 di aggregare le informazioni in modo efficiente. Il 47 % dei dirigenti IT intervistati ha dichiarato di conservare i dati a livello decentralizzato, mentre il 52 % li conserva a livello centrale. Ci\u00f2 evidenzia quanto siano diverse le strategie di organizzazione e gestione dei dati nei vari settori. Questo pu\u00f2 avere un impatto diretto sulla capacit\u00e0 di un'organizzazione di creare valore e risultati dai dati e conferma che l'aggregazione deve essere prioritaria.\r\n\r\nI dirigenti IT hanno indicato che gli approfondimenti basati sui dati sono essenziali per migliorare l'esperienza dei clienti (50 %) per la strategia di localizzazione dell'infrastruttura dati (37 %) per lo sviluppo di nuovi prodotti digitali (35 %) e per guidare la crescita del business (28 %). Un dato fondamentale emerso dall'indagine \u00e8 che le grandi aziende di tutto il mondo non investono a sufficienza negli strumenti e nelle infrastrutture necessarie per gestire il crescente volume di dati.\r\n<h2>Gestire i crescenti volumi di dati: Molti ostacoli<\/h2>\r\nIl 53% degli intervistati a livello globale ha indicato la mancanza di investimenti sufficienti in sistemi o infrastrutture di dati come il principale ostacolo che impedisce alla loro organizzazione di ottenere informazioni guidate dai dati. Allo stesso modo, il 50 % degli intervistati ha citato la mancanza di investimenti sufficienti in strumenti di analisi rilevanti. Per far fronte alla rapida crescita dei dati, le aziende devono assicurarsi che questi non rimangano isolati e che siano in grado di estrarre informazioni da essi in modo prescrittivo e con risparmio di tempo. E questo richiede investimenti.\r\n\r\nLo studio mostra dove ovunque sembra esserci un intoppo: regolamenti, norme sulla protezione dei dati, clienti riluttanti e mancanza di investimenti nei sistemi di dati ostacolano l'agenda aziendale guidata dai dati. 35 % dei dirigenti IT hanno citato la privacy e le normative sui dati come uno dei principali ostacoli agli approfondimenti basati sui dati. La maggioranza ha anche riconosciuto la necessit\u00e0 di mantenere copie locali di dati e applicazioni per servire un numero crescente di utenti finali e dispositivi in rete e per garantire operazioni aziendali sicure e conformi.\r\n<h2>Costruire le competenze del personale per aggiungere valore ai dati<\/h2>\r\nL'indagine mostra anche che il 65 dei dirigenti IT di alcune delle pi\u00f9 grandi aziende del mondo credono di dover investire nelle competenze sui dati dei loro team per rimanere competitivi e ricavare valore dai dati. L'importanza dello sviluppo del team come passo critico per il business ha superato l'investimento nell'IA (59 %) quando \u00e8 stato chiesto cosa fosse pi\u00f9 importante per le aziende fare nei prossimi due anni per ottenere maggiori approfondimenti guidati dai dati. In risposta alla stessa domanda, il 61 % delle aziende con pi\u00f9 di 1 miliardo di dollari di fatturato ha detto che dar\u00e0 la priorit\u00e0 alla formazione dei dirigenti sull'impatto dei silos di dati.\r\n<h2>Le strategie data first stanno vincendo la gara<\/h2>\r\nLe aziende leader stanno realizzando i vantaggi dell'integrazione dei dati, della sicurezza e dei controlli nei cosiddetti data center multi-tenant, dove nuovi flussi di lavoro intelligenti vengono sbloccati nei centri di scambio dati tra dipendenti, clienti, partner ed ecosistemi. 82 % dei dirigenti IT concordano sul fatto che hanno bisogno di un\r\nfornitore globale di data center in grado di offrire copertura globale, capacit\u00e0 e connettivit\u00e0 diretta nelle principali aree metropolitane su un'unica piattaforma di data center. Inoltre, il 75 % delle aziende con oltre 1 miliardo di dollari di fatturato ha una strategia formale per i dati, rispetto al 63 % delle aziende globali in generale. Ci\u00f2 suggerisce che le aziende pi\u00f9 grandi sono un po' pi\u00f9 avanti in termini di elaborazione dei dati. Questo probabilmente d\u00e0 loro un vantaggio rispetto ai concorrenti pi\u00f9 piccoli.\r\n\r\n<em>Fonte: <a href=\"http:\/\/www.digitalrealty.com\/\">Digital Realty<\/a><\/em>\n<p class=\"syndicated-attribution\">Questo articolo \u00e8 apparso originariamente su m-q.ch - <a href=\"https:\/\/www.m-q.ch\/de\/viele-unternehmen-koennen-datenvolumen-nicht-genuegend-bewaeltigen\/\" target=\"_blank\">https:\/\/www.m-q.ch\/de\/viele-unternehmen-koennen-datenvolumen-nicht-genuegend-bewaeltigen\/<\/a><\/p>","protected":false},"excerpt":{"rendered":"<p>Digital Realty, ein weltweit t\u00e4tiger Anbieter von Cloud-Technologie und Carrier-neutralen Rechenzentren, Colocation- und Interconnection-L\u00f6sungen, hat die Ergebnisse seiner ersten Global Data Insights Survey ver\u00f6ffentlicht. Mehr als 7.000 F\u00fchrungskr\u00e4fte aus 23 L\u00e4ndern und neun Branchen nahmen an der Umfrage teil. \u201eK\u00fcrzlich haben wir einen neuen Megatrend auf unserer Plattform beobachtet: die explosionsartige weltweite Zunahme der Unternehmensdaten. [\u2026]<\/p>\n","protected":false},"author":8,"featured_media":0,"comment_status":"closed","ping_status":"closed","sticky":false,"template":"","format":"standard","meta":{"_acf_changed":false,"_yoast_wpseo_focuskw":"Unternehmen","_yoast_wpseo_metadesc":"Eine Studie zeigt, dass Daten zu einem der gesch\u00e4ftskritischsten Bereiche f\u00fcr alle Unternehmen werden.","articlekey":"","footnotes":""},"categories":[582],"tags":[3163,492,3209],"class_list":["post-12702","post","type-post","status-publish","format-standard","hentry","category-operational-excellence","tag-datenvolumen","tag-unternehmen","tag-viele"],"acf":[],"yoast_head":"<!-- This site is optimized with the Yoast SEO plugin v27.5 - https:\/\/yoast.com\/product\/yoast-seo-wordpress\/ -->\n<title>Viele Unternehmen k\u00f6nnen Datenvolumen nicht gen\u00fcgend bew\u00e4ltigen - Organisator<\/title>\n<meta name=\"description\" content=\"Eine Studie zeigt, dass Daten zu einem der gesch\u00e4ftskritischsten Bereiche f\u00fcr alle Unternehmen werden.\" \/>\n<meta name=\"robots\" content=\"index, follow, max-snippet:-1, max-image-preview:large, max-video-preview:-1\" \/>\n<link rel=\"canonical\" href=\"https:\/\/www.m-q.ch\/de\/viele-unternehmen-koennen-datenvolumen-nicht-genuegend-bewaeltigen\/\" \/>\n<meta property=\"og:locale\" content=\"it_IT\" \/>\n<meta property=\"og:type\" content=\"article\" \/>\n<meta property=\"og:title\" content=\"Viele Unternehmen k\u00f6nnen Datenvolumen nicht gen\u00fcgend bew\u00e4ltigen - Organisator\" \/>\n<meta property=\"og:description\" content=\"Eine Studie zeigt, dass Daten zu einem der gesch\u00e4ftskritischsten Bereiche f\u00fcr alle Unternehmen werden.\" \/>\n<meta property=\"og:url\" content=\"https:\/\/www.m-q.ch\/de\/viele-unternehmen-koennen-datenvolumen-nicht-genuegend-bewaeltigen\/\" \/>\n<meta property=\"og:site_name\" content=\"Organisator\" \/>\n<meta property=\"article:publisher\" content=\"https:\/\/www.facebook.com\/OrganisatorFachmagazin\" \/>\n<meta property=\"article:published_time\" content=\"2022-04-28T07:57:17+00:00\" \/>\n<meta property=\"article:modified_time\" content=\"2022-07-30T13:48:10+00:00\" \/>\n<meta property=\"og:image\" content=\"https:\/\/www.m-q.ch\/wp-content\/uploads\/2022\/04\/Viele-Unternehmen-koennen-Datenvolumen-nicht-genuegend-bewaeltigen_MQ.jpg\" \/>\n<meta name=\"author\" content=\"galledia\" \/>\n<meta name=\"twitter:card\" content=\"summary_large_image\" \/>\n<meta name=\"twitter:creator\" content=\"@admin\" \/>\n<script type=\"application\/ld+json\" class=\"yoast-schema-graph\">{\"@context\":\"https:\\\/\\\/schema.org\",\"@graph\":[{\"@type\":\"Article\",\"@id\":\"https:\\\/\\\/www.m-q.ch\\\/de\\\/viele-unternehmen-koennen-datenvolumen-nicht-genuegend-bewaeltigen\\\/#article\",\"isPartOf\":{\"@id\":\"https:\\\/\\\/www.organisator.ch\\\/operational-excellence\\\/2022-04-28\\\/viele-unternehmen-koennen-datenvolumen-nicht-genuegend-bewaeltigen\\\/\"},\"author\":{\"name\":\"galledia\",\"@id\":\"https:\\\/\\\/www.organisator.ch\\\/#\\\/schema\\\/person\\\/4e51799071cd2dd1232ac003643ef5f0\"},\"headline\":\"Viele Unternehmen k\u00f6nnen Datenvolumen nicht gen\u00fcgend bew\u00e4ltigen\",\"datePublished\":\"2022-04-28T07:57:17+00:00\",\"dateModified\":\"2022-07-30T13:48:10+00:00\",\"mainEntityOfPage\":{\"@id\":\"https:\\\/\\\/www.organisator.ch\\\/operational-excellence\\\/2022-04-28\\\/viele-unternehmen-koennen-datenvolumen-nicht-genuegend-bewaeltigen\\\/\"},\"wordCount\":744,\"publisher\":{\"@id\":\"https:\\\/\\\/www.organisator.ch\\\/#organization\"},\"image\":{\"@id\":\"https:\\\/\\\/www.m-q.ch\\\/de\\\/viele-unternehmen-koennen-datenvolumen-nicht-genuegend-bewaeltigen\\\/#primaryimage\"},\"thumbnailUrl\":\"https:\\\/\\\/www.m-q.ch\\\/wp-content\\\/uploads\\\/2022\\\/04\\\/Viele-Unternehmen-koennen-Datenvolumen-nicht-genuegend-bewaeltigen_MQ.jpg\",\"keywords\":[\"Datenvolumen\",\"Unternehmen\",\"Viele\"],\"articleSection\":[\"OPERATIONAL EXCELLENCE\"],\"inLanguage\":\"it-IT\"},{\"@type\":\"WebPage\",\"@id\":\"https:\\\/\\\/www.organisator.ch\\\/operational-excellence\\\/2022-04-28\\\/viele-unternehmen-koennen-datenvolumen-nicht-genuegend-bewaeltigen\\\/\",\"url\":\"https:\\\/\\\/www.m-q.ch\\\/de\\\/viele-unternehmen-koennen-datenvolumen-nicht-genuegend-bewaeltigen\\\/\",\"name\":\"Viele Unternehmen k\u00f6nnen Datenvolumen nicht gen\u00fcgend bew\u00e4ltigen - Organisator\",\"isPartOf\":{\"@id\":\"https:\\\/\\\/www.organisator.ch\\\/#website\"},\"primaryImageOfPage\":{\"@id\":\"https:\\\/\\\/www.m-q.ch\\\/de\\\/viele-unternehmen-koennen-datenvolumen-nicht-genuegend-bewaeltigen\\\/#primaryimage\"},\"image\":{\"@id\":\"https:\\\/\\\/www.m-q.ch\\\/de\\\/viele-unternehmen-koennen-datenvolumen-nicht-genuegend-bewaeltigen\\\/#primaryimage\"},\"thumbnailUrl\":\"https:\\\/\\\/www.m-q.ch\\\/wp-content\\\/uploads\\\/2022\\\/04\\\/Viele-Unternehmen-koennen-Datenvolumen-nicht-genuegend-bewaeltigen_MQ.jpg\",\"datePublished\":\"2022-04-28T07:57:17+00:00\",\"dateModified\":\"2022-07-30T13:48:10+00:00\",\"description\":\"Eine Studie zeigt, dass Daten zu einem der gesch\u00e4ftskritischsten Bereiche f\u00fcr alle Unternehmen werden.\",\"breadcrumb\":{\"@id\":\"https:\\\/\\\/www.m-q.ch\\\/de\\\/viele-unternehmen-koennen-datenvolumen-nicht-genuegend-bewaeltigen\\\/#breadcrumb\"},\"inLanguage\":\"it-IT\",\"potentialAction\":[{\"@type\":\"ReadAction\",\"target\":[\"https:\\\/\\\/www.m-q.ch\\\/de\\\/viele-unternehmen-koennen-datenvolumen-nicht-genuegend-bewaeltigen\\\/\"]}]},{\"@type\":\"ImageObject\",\"inLanguage\":\"it-IT\",\"@id\":\"https:\\\/\\\/www.m-q.ch\\\/de\\\/viele-unternehmen-koennen-datenvolumen-nicht-genuegend-bewaeltigen\\\/#primaryimage\",\"url\":\"https:\\\/\\\/www.m-q.ch\\\/wp-content\\\/uploads\\\/2022\\\/04\\\/Viele-Unternehmen-koennen-Datenvolumen-nicht-genuegend-bewaeltigen_MQ.jpg\",\"contentUrl\":\"https:\\\/\\\/www.m-q.ch\\\/wp-content\\\/uploads\\\/2022\\\/04\\\/Viele-Unternehmen-koennen-Datenvolumen-nicht-genuegend-bewaeltigen_MQ.jpg\"},{\"@type\":\"BreadcrumbList\",\"@id\":\"https:\\\/\\\/www.m-q.ch\\\/de\\\/viele-unternehmen-koennen-datenvolumen-nicht-genuegend-bewaeltigen\\\/#breadcrumb\",\"itemListElement\":[{\"@type\":\"ListItem\",\"position\":1,\"name\":\"Home\",\"item\":\"https:\\\/\\\/www.organisator.ch\\\/\"},{\"@type\":\"ListItem\",\"position\":2,\"name\":\"Viele Unternehmen k\u00f6nnen Datenvolumen nicht gen\u00fcgend bew\u00e4ltigen\"}]},{\"@type\":\"WebSite\",\"@id\":\"https:\\\/\\\/www.organisator.ch\\\/#website\",\"url\":\"https:\\\/\\\/www.organisator.ch\\\/\",\"name\":\"Organisator\",\"description\":\"Kompetent. Praxisnah. Der ORGANISATOR bereitet in 10 Ausgaben pro Jahr die wesentlichen Themen f\u00fcr F\u00fchrungskr\u00e4fte von KMU auf.\",\"publisher\":{\"@id\":\"https:\\\/\\\/www.organisator.ch\\\/#organization\"},\"potentialAction\":[{\"@type\":\"SearchAction\",\"target\":{\"@type\":\"EntryPoint\",\"urlTemplate\":\"https:\\\/\\\/www.organisator.ch\\\/?s={search_term_string}\"},\"query-input\":{\"@type\":\"PropertyValueSpecification\",\"valueRequired\":true,\"valueName\":\"search_term_string\"}}],\"inLanguage\":\"it-IT\"},{\"@type\":\"Organization\",\"@id\":\"https:\\\/\\\/www.organisator.ch\\\/#organization\",\"name\":\"Organisator\",\"url\":\"https:\\\/\\\/www.organisator.ch\\\/\",\"logo\":{\"@type\":\"ImageObject\",\"inLanguage\":\"it-IT\",\"@id\":\"https:\\\/\\\/www.organisator.ch\\\/#\\\/schema\\\/logo\\\/image\\\/\",\"url\":\"https:\\\/\\\/www.organisator.ch\\\/wp-content\\\/uploads\\\/2022\\\/01\\\/Logo_Organisator_Website.png\",\"contentUrl\":\"https:\\\/\\\/www.organisator.ch\\\/wp-content\\\/uploads\\\/2022\\\/01\\\/Logo_Organisator_Website.png\",\"width\":800,\"height\":77,\"caption\":\"Organisator\"},\"image\":{\"@id\":\"https:\\\/\\\/www.organisator.ch\\\/#\\\/schema\\\/logo\\\/image\\\/\"},\"sameAs\":[\"https:\\\/\\\/www.facebook.com\\\/OrganisatorFachmagazin\",\"https:\\\/\\\/www.linkedin.com\\\/showcase\\\/organisator-das-magazin-fr-kmu\",\"https:\\\/\\\/www.xing.com\\\/news\\\/pages\\\/organisator-ch-695\",\"https:\\\/\\\/www.youtube.com\\\/channel\\\/UCGP2Sq0iWaZwT3BdIAQFYpw\"]},{\"@type\":\"Person\",\"@id\":\"https:\\\/\\\/www.organisator.ch\\\/#\\\/schema\\\/person\\\/4e51799071cd2dd1232ac003643ef5f0\",\"name\":\"galledia\",\"image\":{\"@type\":\"ImageObject\",\"inLanguage\":\"it-IT\",\"@id\":\"https:\\\/\\\/secure.gravatar.com\\\/avatar\\\/78a7f90c01fc2bfc875782a0d4922b37cde2cf184ce347b91316d23cd7f69a36?s=96&d=mm&r=g\",\"url\":\"https:\\\/\\\/secure.gravatar.com\\\/avatar\\\/78a7f90c01fc2bfc875782a0d4922b37cde2cf184ce347b91316d23cd7f69a36?s=96&d=mm&r=g\",\"contentUrl\":\"https:\\\/\\\/secure.gravatar.com\\\/avatar\\\/78a7f90c01fc2bfc875782a0d4922b37cde2cf184ce347b91316d23cd7f69a36?s=96&d=mm&r=g\",\"caption\":\"galledia\"},\"sameAs\":[\"https:\\\/\\\/x.com\\\/admin\"],\"url\":\"https:\\\/\\\/www.organisator.ch\\\/it\\\/author\\\/galledia\\\/\"}]}<\/script>\n<!-- \/ Yoast SEO plugin. -->","yoast_head_json":{"title":"Molte aziende non riescono a gestire a sufficienza i volumi di dati - Organizzatore","description":"Uno studio dimostra che i dati stanno diventando una delle aree pi\u00f9 critiche per il business di tutte le aziende.","robots":{"index":"index","follow":"follow","max-snippet":"max-snippet:-1","max-image-preview":"max-image-preview:large","max-video-preview":"max-video-preview:-1"},"canonical":"https:\/\/www.m-q.ch\/de\/viele-unternehmen-koennen-datenvolumen-nicht-genuegend-bewaeltigen\/","og_locale":"it_IT","og_type":"article","og_title":"Viele Unternehmen k\u00f6nnen Datenvolumen nicht gen\u00fcgend bew\u00e4ltigen - Organisator","og_description":"Eine Studie zeigt, dass Daten zu einem der gesch\u00e4ftskritischsten Bereiche f\u00fcr alle Unternehmen werden.","og_url":"https:\/\/www.m-q.ch\/de\/viele-unternehmen-koennen-datenvolumen-nicht-genuegend-bewaeltigen\/","og_site_name":"Organisator","article_publisher":"https:\/\/www.facebook.com\/OrganisatorFachmagazin","article_published_time":"2022-04-28T07:57:17+00:00","article_modified_time":"2022-07-30T13:48:10+00:00","og_image":[{"url":"https:\/\/www.m-q.ch\/wp-content\/uploads\/2022\/04\/Viele-Unternehmen-koennen-Datenvolumen-nicht-genuegend-bewaeltigen_MQ.jpg","type":"","width":"","height":""}],"author":"galledia","twitter_card":"summary_large_image","twitter_creator":"@admin","schema":{"@context":"https:\/\/schema.org","@graph":[{"@type":"Article","@id":"https:\/\/www.m-q.ch\/de\/viele-unternehmen-koennen-datenvolumen-nicht-genuegend-bewaeltigen\/#article","isPartOf":{"@id":"https:\/\/www.organisator.ch\/operational-excellence\/2022-04-28\/viele-unternehmen-koennen-datenvolumen-nicht-genuegend-bewaeltigen\/"},"author":{"name":"galledia","@id":"https:\/\/www.organisator.ch\/#\/schema\/person\/4e51799071cd2dd1232ac003643ef5f0"},"headline":"Viele Unternehmen k\u00f6nnen Datenvolumen nicht gen\u00fcgend bew\u00e4ltigen","datePublished":"2022-04-28T07:57:17+00:00","dateModified":"2022-07-30T13:48:10+00:00","mainEntityOfPage":{"@id":"https:\/\/www.organisator.ch\/operational-excellence\/2022-04-28\/viele-unternehmen-koennen-datenvolumen-nicht-genuegend-bewaeltigen\/"},"wordCount":744,"publisher":{"@id":"https:\/\/www.organisator.ch\/#organization"},"image":{"@id":"https:\/\/www.m-q.ch\/de\/viele-unternehmen-koennen-datenvolumen-nicht-genuegend-bewaeltigen\/#primaryimage"},"thumbnailUrl":"https:\/\/www.m-q.ch\/wp-content\/uploads\/2022\/04\/Viele-Unternehmen-koennen-Datenvolumen-nicht-genuegend-bewaeltigen_MQ.jpg","keywords":["Datenvolumen","Unternehmen","Viele"],"articleSection":["OPERATIONAL EXCELLENCE"],"inLanguage":"it-IT"},{"@type":"WebPage","@id":"https:\/\/www.organisator.ch\/operational-excellence\/2022-04-28\/viele-unternehmen-koennen-datenvolumen-nicht-genuegend-bewaeltigen\/","url":"https:\/\/www.m-q.ch\/de\/viele-unternehmen-koennen-datenvolumen-nicht-genuegend-bewaeltigen\/","name":"Molte aziende non riescono a gestire a sufficienza i volumi di dati - Organizzatore","isPartOf":{"@id":"https:\/\/www.organisator.ch\/#website"},"primaryImageOfPage":{"@id":"https:\/\/www.m-q.ch\/de\/viele-unternehmen-koennen-datenvolumen-nicht-genuegend-bewaeltigen\/#primaryimage"},"image":{"@id":"https:\/\/www.m-q.ch\/de\/viele-unternehmen-koennen-datenvolumen-nicht-genuegend-bewaeltigen\/#primaryimage"},"thumbnailUrl":"https:\/\/www.m-q.ch\/wp-content\/uploads\/2022\/04\/Viele-Unternehmen-koennen-Datenvolumen-nicht-genuegend-bewaeltigen_MQ.jpg","datePublished":"2022-04-28T07:57:17+00:00","dateModified":"2022-07-30T13:48:10+00:00","description":"Uno studio dimostra che i dati stanno diventando una delle aree pi\u00f9 critiche per il business di tutte le aziende.","breadcrumb":{"@id":"https:\/\/www.m-q.ch\/de\/viele-unternehmen-koennen-datenvolumen-nicht-genuegend-bewaeltigen\/#breadcrumb"},"inLanguage":"it-IT","potentialAction":[{"@type":"ReadAction","target":["https:\/\/www.m-q.ch\/de\/viele-unternehmen-koennen-datenvolumen-nicht-genuegend-bewaeltigen\/"]}]},{"@type":"ImageObject","inLanguage":"it-IT","@id":"https:\/\/www.m-q.ch\/de\/viele-unternehmen-koennen-datenvolumen-nicht-genuegend-bewaeltigen\/#primaryimage","url":"https:\/\/www.m-q.ch\/wp-content\/uploads\/2022\/04\/Viele-Unternehmen-koennen-Datenvolumen-nicht-genuegend-bewaeltigen_MQ.jpg","contentUrl":"https:\/\/www.m-q.ch\/wp-content\/uploads\/2022\/04\/Viele-Unternehmen-koennen-Datenvolumen-nicht-genuegend-bewaeltigen_MQ.jpg"},{"@type":"BreadcrumbList","@id":"https:\/\/www.m-q.ch\/de\/viele-unternehmen-koennen-datenvolumen-nicht-genuegend-bewaeltigen\/#breadcrumb","itemListElement":[{"@type":"ListItem","position":1,"name":"Home","item":"https:\/\/www.organisator.ch\/"},{"@type":"ListItem","position":2,"name":"Viele Unternehmen k\u00f6nnen Datenvolumen nicht gen\u00fcgend bew\u00e4ltigen"}]},{"@type":"WebSite","@id":"https:\/\/www.organisator.ch\/#website","url":"https:\/\/www.organisator.ch\/","name":"Organizzatore","description":"Competente. Pratico. In 10 numeri all'anno, ORGANISATOR presenta i temi essenziali per i manager delle PMI.","publisher":{"@id":"https:\/\/www.organisator.ch\/#organization"},"potentialAction":[{"@type":"SearchAction","target":{"@type":"EntryPoint","urlTemplate":"https:\/\/www.organisator.ch\/?s={search_term_string}"},"query-input":{"@type":"PropertyValueSpecification","valueRequired":true,"valueName":"search_term_string"}}],"inLanguage":"it-IT"},{"@type":"Organization","@id":"https:\/\/www.organisator.ch\/#organization","name":"Organizzatore","url":"https:\/\/www.organisator.ch\/","logo":{"@type":"ImageObject","inLanguage":"it-IT","@id":"https:\/\/www.organisator.ch\/#\/schema\/logo\/image\/","url":"https:\/\/www.organisator.ch\/wp-content\/uploads\/2022\/01\/Logo_Organisator_Website.png","contentUrl":"https:\/\/www.organisator.ch\/wp-content\/uploads\/2022\/01\/Logo_Organisator_Website.png","width":800,"height":77,"caption":"Organisator"},"image":{"@id":"https:\/\/www.organisator.ch\/#\/schema\/logo\/image\/"},"sameAs":["https:\/\/www.facebook.com\/OrganisatorFachmagazin","https:\/\/www.linkedin.com\/showcase\/organisator-das-magazin-fr-kmu","https:\/\/www.xing.com\/news\/pages\/organisator-ch-695","https:\/\/www.youtube.com\/channel\/UCGP2Sq0iWaZwT3BdIAQFYpw"]},{"@type":"Person","@id":"https:\/\/www.organisator.ch\/#\/schema\/person\/4e51799071cd2dd1232ac003643ef5f0","name":"galledia","image":{"@type":"ImageObject","inLanguage":"it-IT","@id":"https:\/\/secure.gravatar.com\/avatar\/78a7f90c01fc2bfc875782a0d4922b37cde2cf184ce347b91316d23cd7f69a36?s=96&d=mm&r=g","url":"https:\/\/secure.gravatar.com\/avatar\/78a7f90c01fc2bfc875782a0d4922b37cde2cf184ce347b91316d23cd7f69a36?s=96&d=mm&r=g","contentUrl":"https:\/\/secure.gravatar.com\/avatar\/78a7f90c01fc2bfc875782a0d4922b37cde2cf184ce347b91316d23cd7f69a36?s=96&d=mm&r=g","caption":"galledia"},"sameAs":["https:\/\/x.com\/admin"],"url":"https:\/\/www.organisator.ch\/it\/author\/galledia\/"}]}},"_links":{"self":[{"href":"https:\/\/www.organisator.ch\/it\/wp-json\/wp\/v2\/posts\/12702","targetHints":{"allow":["GET"]}}],"collection":[{"href":"https:\/\/www.organisator.ch\/it\/wp-json\/wp\/v2\/posts"}],"about":[{"href":"https:\/\/www.organisator.ch\/it\/wp-json\/wp\/v2\/types\/post"}],"author":[{"embeddable":true,"href":"https:\/\/www.organisator.ch\/it\/wp-json\/wp\/v2\/users\/8"}],"replies":[{"embeddable":true,"href":"https:\/\/www.organisator.ch\/it\/wp-json\/wp\/v2\/comments?post=12702"}],"version-history":[{"count":4,"href":"https:\/\/www.organisator.ch\/it\/wp-json\/wp\/v2\/posts\/12702\/revisions"}],"predecessor-version":[{"id":15973,"href":"https:\/\/www.organisator.ch\/it\/wp-json\/wp\/v2\/posts\/12702\/revisions\/15973"}],"wp:attachment":[{"href":"https:\/\/www.organisator.ch\/it\/wp-json\/wp\/v2\/media?parent=12702"}],"wp:term":[{"taxonomy":"category","embeddable":true,"href":"https:\/\/www.organisator.ch\/it\/wp-json\/wp\/v2\/categories?post=12702"},{"taxonomy":"post_tag","embeddable":true,"href":"https:\/\/www.organisator.ch\/it\/wp-json\/wp\/v2\/tags?post=12702"}],"curies":[{"name":"wp","href":"https:\/\/api.w.org\/{rel}","templated":true}]}}