{"id":12711,"date":"2022-04-29T04:33:21","date_gmt":"2022-04-29T02:33:21","guid":{"rendered":"https:\/\/www.organisator.ch\/?p=12711"},"modified":"2022-04-28T14:48:15","modified_gmt":"2022-04-28T12:48:15","slug":"procure-ch-uebernimmt-die-hoehere-fachschule-fuer-aussenwirtschaft","status":"publish","type":"post","link":"https:\/\/www.organisator.ch\/it\/management\/2022-04-29\/procure-ch-uebernimmt-die-hoehere-fachschule-fuer-aussenwirtschaft\/","title":{"rendered":"procure.ch rileva la Scuola tecnica superiore per il commercio estero"},"content":{"rendered":"<figure id=\"attachment_12712\" aria-describedby=\"caption-attachment-12712\" style=\"width: 680px\" class=\"wp-caption alignnone\"><img loading=\"lazy\" decoding=\"async\" class=\"size-full wp-image-12712\" src=\"https:\/\/www.organisator.ch\/wp-content\/uploads\/2022\/04\/procure.ch-uebernimmt-die-Hoehere-Fachschule-fuer-Aussenwirtschaft_Organisator.jpg\" alt=\"\" width=\"680\" height=\"432\" srcset=\"https:\/\/www.organisator.ch\/wp-content\/uploads\/2022\/04\/procure.ch-uebernimmt-die-Hoehere-Fachschule-fuer-Aussenwirtschaft_Organisator.jpg 680w, https:\/\/www.organisator.ch\/wp-content\/uploads\/2022\/04\/procure.ch-uebernimmt-die-Hoehere-Fachschule-fuer-Aussenwirtschaft_Organisator-18x12.jpg 18w, https:\/\/www.organisator.ch\/wp-content\/uploads\/2022\/04\/procure.ch-uebernimmt-die-Hoehere-Fachschule-fuer-Aussenwirtschaft_Organisator-275x175.jpg 275w, https:\/\/www.organisator.ch\/wp-content\/uploads\/2022\/04\/procure.ch-uebernimmt-die-Hoehere-Fachschule-fuer-Aussenwirtschaft_Organisator-551x350.jpg 551w, https:\/\/www.organisator.ch\/wp-content\/uploads\/2022\/04\/procure.ch-uebernimmt-die-Hoehere-Fachschule-fuer-Aussenwirtschaft_Organisator-300x191.jpg 300w\" sizes=\"auto, (max-width: 680px) 100vw, 680px\" \/><figcaption id=\"caption-attachment-12712\" class=\"wp-caption-text\">Due istituzioni si fondono: l'associazione di categoria procure.ch rileva la H\u00f6here Fachschule f\u00fcr Aussenwirtschaft HFA. (Immagine: zVg)<\/figcaption><\/figure>\n<p>Da due anni, la H\u00f6here Fachschule f\u00fcr Aussenwirtschaft (HFA) di Aarau e procure.ch sono fortemente presenti sul mercato svizzero con un'offerta formativa comune, il corso per specialisti del commercio estero con certificato federale. Questa cooperazione positiva sar\u00e0 ora ampliata in modo completo, come annunciano le due organizzazioni. Con effetto retroattivo al 1\u00b0 gennaio 2022, procure.ch, l'associazione professionale degli acquirenti in Svizzera, riprende il Collegio svizzero del commercio estero. L'acquisizione fa parte del piano di successione per la HFA, che in precedenza era a conduzione familiare e caratterizzata da una cultura e un impegno per la qualit\u00e0 altrettanto vissuti. Con l'acquisizione da parte di procure.ch, sia la continuazione della cultura aziendale precedente che la presenza di successo sul mercato devono essere assicurate a lungo termine. I precedenti proprietari di HFA rimarranno associati a procure.ch e HFA. L'attuale presidente del consiglio di amministrazione, Urs Angliker, continuer\u00e0 a supervisionare direttamente i progetti fino alla fine del 2023 e quindi a sostenere il nuovo amministratore delegato operativo, Fabian Angliker, dal 1\u00b0 maggio 2022 in base alle necessit\u00e0. Il marchio HFA rimarr\u00e0 completamente intatto. La cooperazione con procure.ch sar\u00e0 ampliata.<\/p>\n<p>Come <em>il<\/em> Il posizionamento dell'HFA come fornitore di formazione nell'ambiente del commercio estero \u00e8 rafforzato. <em>il<\/em> Procure.ch, un fornitore di formazione ideale per gli acquisti, secondo il comunicato stampa. I servizi per i membri saranno ampliati. La presenza congiunta sul mercato sar\u00e0 rafforzata e l'HFA sar\u00e0 gestito come un marchio aggiuntivo e indipendente. Tutti i dipendenti saranno ripresi, dato che entrambe le organizzazioni continueranno ad essere gestite in parallelo. Ci\u00f2 significa che la comprensione della qualit\u00e0 e la competenza saranno pienamente conservate. Entrambe le organizzazioni sono soddisfatte di questo passo logico e positivo verso il futuro.<\/p>\n<p><em>Fonte e ulteriori informazioni: <a href=\"http:\/\/www.procure.ch\">www.procure.ch<\/a>, <a href=\"http:\/\/www.aussenwirtschaft.biz\">www.aussenwirtschaft.biz<\/a><\/em><\/p>","protected":false},"excerpt":{"rendered":"<p>Seit zwei Jahren sind die H\u00f6here Fachschule f\u00fcr Aussenwirtschaft (HFA) in Aarau und procure.ch mit einem gemeinsamen Bildungsangebot, dem Lehrgang f\u00fcr Aussenhandelsfachleute mit eidgen\u00f6ssischem Fachausweis, stark im Schweizer Markt vertreten. Diese positive Zusammenarbeit wird nun umfassend ausgebaut, wie die beiden Organisationen mitteilen. R\u00fcckwirkend auf 1. Januar 2022 \u00fcbernimmt procure.ch, der Fachverband der Eink\u00e4uferinnen und Eink\u00e4ufer [&hellip;]<\/p>\n","protected":false},"author":4,"featured_media":12712,"comment_status":"closed","ping_status":"closed","sticky":false,"template":"","format":"standard","meta":{"_acf_changed":false,"_yoast_wpseo_focuskw":"H\u00f6here Fachschule f\u00fcr Aussenwirtschaft","_yoast_wpseo_metadesc":"Der Fachverband f\u00fcr Eink\u00e4uferinnen und Eink\u00e4ufer, procure.ch, \u00fcbernimmt die HFA (H\u00f6here Fachschule f\u00fcr Aussenwirtschaft).","articlekey":"","footnotes":""},"categories":[28],"tags":[62,63,169,503],"class_list":["post-12711","post","type-post","status-publish","format-standard","has-post-thumbnail","hentry","category-management","tag-aus-weiterbildung","tag-aussenwirtschaft","tag-einkauf","tag-verbaende"],"acf":[],"yoast_head":"<!-- This site is optimized with the Yoast SEO plugin v27.5 - https:\/\/yoast.com\/product\/yoast-seo-wordpress\/ -->\n<title>procure.ch \u00fcbernimmt die H\u00f6here Fachschule f\u00fcr Aussenwirtschaft - Organisator<\/title>\n<meta name=\"description\" content=\"Der Fachverband f\u00fcr Eink\u00e4uferinnen und Eink\u00e4ufer, procure.ch, \u00fcbernimmt die HFA (H\u00f6here Fachschule f\u00fcr Aussenwirtschaft).\" \/>\n<meta name=\"robots\" content=\"index, follow, max-snippet:-1, max-image-preview:large, max-video-preview:-1\" \/>\n<link rel=\"canonical\" href=\"https:\/\/www.organisator.ch\/it\/gestione-2\/2022-04-29\/procure-ch-uebernimmt-die-hoehere-fachschule-fuer-aussenwirtschaft\/\" \/>\n<meta property=\"og:locale\" content=\"it_IT\" \/>\n<meta property=\"og:type\" content=\"article\" \/>\n<meta property=\"og:title\" content=\"procure.ch \u00fcbernimmt die H\u00f6here Fachschule f\u00fcr Aussenwirtschaft\" \/>\n<meta property=\"og:description\" content=\"Der Fachverband f\u00fcr Eink\u00e4uferinnen und Eink\u00e4ufer, procure.ch, \u00fcbernimmt die HFA (H\u00f6here Fachschule f\u00fcr Aussenwirtschaft).\" \/>\n<meta property=\"og:url\" content=\"https:\/\/www.organisator.ch\/it\/gestione-2\/2022-04-29\/procure-ch-uebernimmt-die-hoehere-fachschule-fuer-aussenwirtschaft\/\" \/>\n<meta property=\"og:site_name\" content=\"Organisator\" \/>\n<meta property=\"article:publisher\" content=\"https:\/\/www.facebook.com\/OrganisatorFachmagazin\" \/>\n<meta property=\"article:published_time\" content=\"2022-04-29T02:33:21+00:00\" \/>\n<meta property=\"og:image\" content=\"https:\/\/www.organisator.ch\/wp-content\/uploads\/2022\/04\/procure.ch-uebernimmt-die-Hoehere-Fachschule-fuer-Aussenwirtschaft_Organisator.jpg\" \/>\n\t<meta property=\"og:image:width\" content=\"680\" \/>\n\t<meta property=\"og:image:height\" content=\"432\" \/>\n\t<meta property=\"og:image:type\" content=\"image\/jpeg\" \/>\n<meta name=\"author\" content=\"thomas.berner\" \/>\n<meta name=\"twitter:card\" content=\"summary_large_image\" \/>\n<meta name=\"twitter:title\" content=\"#procure.ch \u00fcbernimmt die H\u00f6here #Fachschule f\u00fcr #Aussenwirtschaft\" \/>\n<meta name=\"twitter:description\" content=\"Der #Fachverband f\u00fcr #Eink\u00e4uferinnen und #Eink\u00e4ufer, #procure.ch, \u00fcbernimmt die #HFA (H\u00f6here Fachschule f\u00fcr Aussenwirtschaft).\" \/>\n<meta name=\"twitter:image\" content=\"https:\/\/www.organisator.ch\/wp-content\/uploads\/2022\/04\/procure.ch-uebernimmt-die-Hoehere-Fachschule-fuer-Aussenwirtschaft_Organisator.jpg\" \/>\n<script type=\"application\/ld+json\" class=\"yoast-schema-graph\">{\"@context\":\"https:\\\/\\\/schema.org\",\"@graph\":[{\"@type\":\"Article\",\"@id\":\"https:\\\/\\\/www.organisator.ch\\\/management\\\/2022-04-29\\\/procure-ch-uebernimmt-die-hoehere-fachschule-fuer-aussenwirtschaft\\\/#article\",\"isPartOf\":{\"@id\":\"https:\\\/\\\/www.organisator.ch\\\/management\\\/2022-04-29\\\/procure-ch-uebernimmt-die-hoehere-fachschule-fuer-aussenwirtschaft\\\/\"},\"author\":{\"name\":\"thomas.berner\",\"@id\":\"https:\\\/\\\/www.organisator.ch\\\/#\\\/schema\\\/person\\\/6f650f90b2842cd4c0cc334b4e36f67e\"},\"headline\":\"procure.ch \u00fcbernimmt die H\u00f6here Fachschule f\u00fcr Aussenwirtschaft\",\"datePublished\":\"2022-04-29T02:33:21+00:00\",\"mainEntityOfPage\":{\"@id\":\"https:\\\/\\\/www.organisator.ch\\\/management\\\/2022-04-29\\\/procure-ch-uebernimmt-die-hoehere-fachschule-fuer-aussenwirtschaft\\\/\"},\"wordCount\":316,\"publisher\":{\"@id\":\"https:\\\/\\\/www.organisator.ch\\\/#organization\"},\"image\":{\"@id\":\"https:\\\/\\\/www.organisator.ch\\\/management\\\/2022-04-29\\\/procure-ch-uebernimmt-die-hoehere-fachschule-fuer-aussenwirtschaft\\\/#primaryimage\"},\"thumbnailUrl\":\"https:\\\/\\\/www.organisator.ch\\\/wp-content\\\/uploads\\\/2022\\\/04\\\/procure.ch-uebernimmt-die-Hoehere-Fachschule-fuer-Aussenwirtschaft_Organisator.jpg\",\"keywords\":[\"Aus-\\\/Weiterbildung\",\"Aussenwirtschaft\",\"Einkauf\",\"Verb\u00e4nde\"],\"articleSection\":[\"MANAGEMENT\"],\"inLanguage\":\"it-IT\"},{\"@type\":\"WebPage\",\"@id\":\"https:\\\/\\\/www.organisator.ch\\\/management\\\/2022-04-29\\\/procure-ch-uebernimmt-die-hoehere-fachschule-fuer-aussenwirtschaft\\\/\",\"url\":\"https:\\\/\\\/www.organisator.ch\\\/management\\\/2022-04-29\\\/procure-ch-uebernimmt-die-hoehere-fachschule-fuer-aussenwirtschaft\\\/\",\"name\":\"procure.ch \u00fcbernimmt die H\u00f6here Fachschule f\u00fcr Aussenwirtschaft - Organisator\",\"isPartOf\":{\"@id\":\"https:\\\/\\\/www.organisator.ch\\\/#website\"},\"primaryImageOfPage\":{\"@id\":\"https:\\\/\\\/www.organisator.ch\\\/management\\\/2022-04-29\\\/procure-ch-uebernimmt-die-hoehere-fachschule-fuer-aussenwirtschaft\\\/#primaryimage\"},\"image\":{\"@id\":\"https:\\\/\\\/www.organisator.ch\\\/management\\\/2022-04-29\\\/procure-ch-uebernimmt-die-hoehere-fachschule-fuer-aussenwirtschaft\\\/#primaryimage\"},\"thumbnailUrl\":\"https:\\\/\\\/www.organisator.ch\\\/wp-content\\\/uploads\\\/2022\\\/04\\\/procure.ch-uebernimmt-die-Hoehere-Fachschule-fuer-Aussenwirtschaft_Organisator.jpg\",\"datePublished\":\"2022-04-29T02:33:21+00:00\",\"description\":\"Der Fachverband f\u00fcr Eink\u00e4uferinnen und Eink\u00e4ufer, procure.ch, \u00fcbernimmt die HFA (H\u00f6here Fachschule f\u00fcr Aussenwirtschaft).\",\"breadcrumb\":{\"@id\":\"https:\\\/\\\/www.organisator.ch\\\/management\\\/2022-04-29\\\/procure-ch-uebernimmt-die-hoehere-fachschule-fuer-aussenwirtschaft\\\/#breadcrumb\"},\"inLanguage\":\"it-IT\",\"potentialAction\":[{\"@type\":\"ReadAction\",\"target\":[\"https:\\\/\\\/www.organisator.ch\\\/management\\\/2022-04-29\\\/procure-ch-uebernimmt-die-hoehere-fachschule-fuer-aussenwirtschaft\\\/\"]}]},{\"@type\":\"ImageObject\",\"inLanguage\":\"it-IT\",\"@id\":\"https:\\\/\\\/www.organisator.ch\\\/management\\\/2022-04-29\\\/procure-ch-uebernimmt-die-hoehere-fachschule-fuer-aussenwirtschaft\\\/#primaryimage\",\"url\":\"https:\\\/\\\/www.organisator.ch\\\/wp-content\\\/uploads\\\/2022\\\/04\\\/procure.ch-uebernimmt-die-Hoehere-Fachschule-fuer-Aussenwirtschaft_Organisator.jpg\",\"contentUrl\":\"https:\\\/\\\/www.organisator.ch\\\/wp-content\\\/uploads\\\/2022\\\/04\\\/procure.ch-uebernimmt-die-Hoehere-Fachschule-fuer-Aussenwirtschaft_Organisator.jpg\",\"width\":680,\"height\":432,\"caption\":\"Zwei Institutionen gehen zusammen: der Fachverband procure.ch \u00fcbernimmt die H\u00f6here Fachschule f\u00fcr Aussenwirtschaft HFA. (Bild: zVg)\"},{\"@type\":\"BreadcrumbList\",\"@id\":\"https:\\\/\\\/www.organisator.ch\\\/management\\\/2022-04-29\\\/procure-ch-uebernimmt-die-hoehere-fachschule-fuer-aussenwirtschaft\\\/#breadcrumb\",\"itemListElement\":[{\"@type\":\"ListItem\",\"position\":1,\"name\":\"Home\",\"item\":\"https:\\\/\\\/www.organisator.ch\\\/\"},{\"@type\":\"ListItem\",\"position\":2,\"name\":\"procure.ch \u00fcbernimmt die H\u00f6here Fachschule f\u00fcr Aussenwirtschaft\"}]},{\"@type\":\"WebSite\",\"@id\":\"https:\\\/\\\/www.organisator.ch\\\/#website\",\"url\":\"https:\\\/\\\/www.organisator.ch\\\/\",\"name\":\"Organisator\",\"description\":\"Kompetent. Praxisnah. Der ORGANISATOR bereitet in 10 Ausgaben pro Jahr die wesentlichen Themen f\u00fcr F\u00fchrungskr\u00e4fte von KMU auf.\",\"publisher\":{\"@id\":\"https:\\\/\\\/www.organisator.ch\\\/#organization\"},\"potentialAction\":[{\"@type\":\"SearchAction\",\"target\":{\"@type\":\"EntryPoint\",\"urlTemplate\":\"https:\\\/\\\/www.organisator.ch\\\/?s={search_term_string}\"},\"query-input\":{\"@type\":\"PropertyValueSpecification\",\"valueRequired\":true,\"valueName\":\"search_term_string\"}}],\"inLanguage\":\"it-IT\"},{\"@type\":\"Organization\",\"@id\":\"https:\\\/\\\/www.organisator.ch\\\/#organization\",\"name\":\"Organisator\",\"url\":\"https:\\\/\\\/www.organisator.ch\\\/\",\"logo\":{\"@type\":\"ImageObject\",\"inLanguage\":\"it-IT\",\"@id\":\"https:\\\/\\\/www.organisator.ch\\\/#\\\/schema\\\/logo\\\/image\\\/\",\"url\":\"https:\\\/\\\/www.organisator.ch\\\/wp-content\\\/uploads\\\/2022\\\/01\\\/Logo_Organisator_Website.png\",\"contentUrl\":\"https:\\\/\\\/www.organisator.ch\\\/wp-content\\\/uploads\\\/2022\\\/01\\\/Logo_Organisator_Website.png\",\"width\":800,\"height\":77,\"caption\":\"Organisator\"},\"image\":{\"@id\":\"https:\\\/\\\/www.organisator.ch\\\/#\\\/schema\\\/logo\\\/image\\\/\"},\"sameAs\":[\"https:\\\/\\\/www.facebook.com\\\/OrganisatorFachmagazin\",\"https:\\\/\\\/www.linkedin.com\\\/showcase\\\/organisator-das-magazin-fr-kmu\",\"https:\\\/\\\/www.xing.com\\\/news\\\/pages\\\/organisator-ch-695\",\"https:\\\/\\\/www.youtube.com\\\/channel\\\/UCGP2Sq0iWaZwT3BdIAQFYpw\"]},{\"@type\":\"Person\",\"@id\":\"https:\\\/\\\/www.organisator.ch\\\/#\\\/schema\\\/person\\\/6f650f90b2842cd4c0cc334b4e36f67e\",\"name\":\"thomas.berner\",\"image\":{\"@type\":\"ImageObject\",\"inLanguage\":\"it-IT\",\"@id\":\"https:\\\/\\\/secure.gravatar.com\\\/avatar\\\/ac5001d2a36cb6c6cd3e50789007ffca834b477b74a2144564522e944eabff61?s=96&d=mm&r=g\",\"url\":\"https:\\\/\\\/secure.gravatar.com\\\/avatar\\\/ac5001d2a36cb6c6cd3e50789007ffca834b477b74a2144564522e944eabff61?s=96&d=mm&r=g\",\"contentUrl\":\"https:\\\/\\\/secure.gravatar.com\\\/avatar\\\/ac5001d2a36cb6c6cd3e50789007ffca834b477b74a2144564522e944eabff61?s=96&d=mm&r=g\",\"caption\":\"thomas.berner\"},\"url\":\"https:\\\/\\\/www.organisator.ch\\\/it\\\/author\\\/thomas-berner\\\/\"}]}<\/script>\n<!-- \/ Yoast SEO plugin. -->","yoast_head_json":{"title":"procure.ch rileva la Scuola tecnica superiore per il commercio estero - Organizzatore","description":"L'associazione professionale degli acquirenti procure.ch rileva la HFA (H\u00f6here Fachschule f\u00fcr Aussenwirtschaft).","robots":{"index":"index","follow":"follow","max-snippet":"max-snippet:-1","max-image-preview":"max-image-preview:large","max-video-preview":"max-video-preview:-1"},"canonical":"https:\/\/www.organisator.ch\/it\/gestione-2\/2022-04-29\/procure-ch-uebernimmt-die-hoehere-fachschule-fuer-aussenwirtschaft\/","og_locale":"it_IT","og_type":"article","og_title":"procure.ch \u00fcbernimmt die H\u00f6here Fachschule f\u00fcr Aussenwirtschaft","og_description":"Der Fachverband f\u00fcr Eink\u00e4uferinnen und Eink\u00e4ufer, procure.ch, \u00fcbernimmt die HFA (H\u00f6here Fachschule f\u00fcr Aussenwirtschaft).","og_url":"https:\/\/www.organisator.ch\/it\/gestione-2\/2022-04-29\/procure-ch-uebernimmt-die-hoehere-fachschule-fuer-aussenwirtschaft\/","og_site_name":"Organisator","article_publisher":"https:\/\/www.facebook.com\/OrganisatorFachmagazin","article_published_time":"2022-04-29T02:33:21+00:00","og_image":[{"width":680,"height":432,"url":"https:\/\/www.organisator.ch\/wp-content\/uploads\/2022\/04\/procure.ch-uebernimmt-die-Hoehere-Fachschule-fuer-Aussenwirtschaft_Organisator.jpg","type":"image\/jpeg"}],"author":"thomas.berner","twitter_card":"summary_large_image","twitter_title":"#procure.ch \u00fcbernimmt die H\u00f6here #Fachschule f\u00fcr #Aussenwirtschaft","twitter_description":"Der #Fachverband f\u00fcr #Eink\u00e4uferinnen und #Eink\u00e4ufer, #procure.ch, \u00fcbernimmt die #HFA (H\u00f6here Fachschule f\u00fcr Aussenwirtschaft).","twitter_image":"https:\/\/www.organisator.ch\/wp-content\/uploads\/2022\/04\/procure.ch-uebernimmt-die-Hoehere-Fachschule-fuer-Aussenwirtschaft_Organisator.jpg","schema":{"@context":"https:\/\/schema.org","@graph":[{"@type":"Article","@id":"https:\/\/www.organisator.ch\/management\/2022-04-29\/procure-ch-uebernimmt-die-hoehere-fachschule-fuer-aussenwirtschaft\/#article","isPartOf":{"@id":"https:\/\/www.organisator.ch\/management\/2022-04-29\/procure-ch-uebernimmt-die-hoehere-fachschule-fuer-aussenwirtschaft\/"},"author":{"name":"thomas.berner","@id":"https:\/\/www.organisator.ch\/#\/schema\/person\/6f650f90b2842cd4c0cc334b4e36f67e"},"headline":"procure.ch \u00fcbernimmt die H\u00f6here Fachschule f\u00fcr Aussenwirtschaft","datePublished":"2022-04-29T02:33:21+00:00","mainEntityOfPage":{"@id":"https:\/\/www.organisator.ch\/management\/2022-04-29\/procure-ch-uebernimmt-die-hoehere-fachschule-fuer-aussenwirtschaft\/"},"wordCount":316,"publisher":{"@id":"https:\/\/www.organisator.ch\/#organization"},"image":{"@id":"https:\/\/www.organisator.ch\/management\/2022-04-29\/procure-ch-uebernimmt-die-hoehere-fachschule-fuer-aussenwirtschaft\/#primaryimage"},"thumbnailUrl":"https:\/\/www.organisator.ch\/wp-content\/uploads\/2022\/04\/procure.ch-uebernimmt-die-Hoehere-Fachschule-fuer-Aussenwirtschaft_Organisator.jpg","keywords":["Aus-\/Weiterbildung","Aussenwirtschaft","Einkauf","Verb\u00e4nde"],"articleSection":["MANAGEMENT"],"inLanguage":"it-IT"},{"@type":"WebPage","@id":"https:\/\/www.organisator.ch\/management\/2022-04-29\/procure-ch-uebernimmt-die-hoehere-fachschule-fuer-aussenwirtschaft\/","url":"https:\/\/www.organisator.ch\/management\/2022-04-29\/procure-ch-uebernimmt-die-hoehere-fachschule-fuer-aussenwirtschaft\/","name":"procure.ch rileva la Scuola tecnica superiore per il commercio estero - Organizzatore","isPartOf":{"@id":"https:\/\/www.organisator.ch\/#website"},"primaryImageOfPage":{"@id":"https:\/\/www.organisator.ch\/management\/2022-04-29\/procure-ch-uebernimmt-die-hoehere-fachschule-fuer-aussenwirtschaft\/#primaryimage"},"image":{"@id":"https:\/\/www.organisator.ch\/management\/2022-04-29\/procure-ch-uebernimmt-die-hoehere-fachschule-fuer-aussenwirtschaft\/#primaryimage"},"thumbnailUrl":"https:\/\/www.organisator.ch\/wp-content\/uploads\/2022\/04\/procure.ch-uebernimmt-die-Hoehere-Fachschule-fuer-Aussenwirtschaft_Organisator.jpg","datePublished":"2022-04-29T02:33:21+00:00","description":"L'associazione professionale degli acquirenti procure.ch rileva la HFA (H\u00f6here Fachschule f\u00fcr Aussenwirtschaft).","breadcrumb":{"@id":"https:\/\/www.organisator.ch\/management\/2022-04-29\/procure-ch-uebernimmt-die-hoehere-fachschule-fuer-aussenwirtschaft\/#breadcrumb"},"inLanguage":"it-IT","potentialAction":[{"@type":"ReadAction","target":["https:\/\/www.organisator.ch\/management\/2022-04-29\/procure-ch-uebernimmt-die-hoehere-fachschule-fuer-aussenwirtschaft\/"]}]},{"@type":"ImageObject","inLanguage":"it-IT","@id":"https:\/\/www.organisator.ch\/management\/2022-04-29\/procure-ch-uebernimmt-die-hoehere-fachschule-fuer-aussenwirtschaft\/#primaryimage","url":"https:\/\/www.organisator.ch\/wp-content\/uploads\/2022\/04\/procure.ch-uebernimmt-die-Hoehere-Fachschule-fuer-Aussenwirtschaft_Organisator.jpg","contentUrl":"https:\/\/www.organisator.ch\/wp-content\/uploads\/2022\/04\/procure.ch-uebernimmt-die-Hoehere-Fachschule-fuer-Aussenwirtschaft_Organisator.jpg","width":680,"height":432,"caption":"Zwei Institutionen gehen zusammen: der Fachverband procure.ch \u00fcbernimmt die H\u00f6here Fachschule f\u00fcr Aussenwirtschaft HFA. (Bild: zVg)"},{"@type":"BreadcrumbList","@id":"https:\/\/www.organisator.ch\/management\/2022-04-29\/procure-ch-uebernimmt-die-hoehere-fachschule-fuer-aussenwirtschaft\/#breadcrumb","itemListElement":[{"@type":"ListItem","position":1,"name":"Home","item":"https:\/\/www.organisator.ch\/"},{"@type":"ListItem","position":2,"name":"procure.ch \u00fcbernimmt die H\u00f6here Fachschule f\u00fcr Aussenwirtschaft"}]},{"@type":"WebSite","@id":"https:\/\/www.organisator.ch\/#website","url":"https:\/\/www.organisator.ch\/","name":"Organizzatore","description":"Competente. Pratico. In 10 numeri all'anno, ORGANISATOR presenta i temi essenziali per i manager delle PMI.","publisher":{"@id":"https:\/\/www.organisator.ch\/#organization"},"potentialAction":[{"@type":"SearchAction","target":{"@type":"EntryPoint","urlTemplate":"https:\/\/www.organisator.ch\/?s={search_term_string}"},"query-input":{"@type":"PropertyValueSpecification","valueRequired":true,"valueName":"search_term_string"}}],"inLanguage":"it-IT"},{"@type":"Organization","@id":"https:\/\/www.organisator.ch\/#organization","name":"Organizzatore","url":"https:\/\/www.organisator.ch\/","logo":{"@type":"ImageObject","inLanguage":"it-IT","@id":"https:\/\/www.organisator.ch\/#\/schema\/logo\/image\/","url":"https:\/\/www.organisator.ch\/wp-content\/uploads\/2022\/01\/Logo_Organisator_Website.png","contentUrl":"https:\/\/www.organisator.ch\/wp-content\/uploads\/2022\/01\/Logo_Organisator_Website.png","width":800,"height":77,"caption":"Organisator"},"image":{"@id":"https:\/\/www.organisator.ch\/#\/schema\/logo\/image\/"},"sameAs":["https:\/\/www.facebook.com\/OrganisatorFachmagazin","https:\/\/www.linkedin.com\/showcase\/organisator-das-magazin-fr-kmu","https:\/\/www.xing.com\/news\/pages\/organisator-ch-695","https:\/\/www.youtube.com\/channel\/UCGP2Sq0iWaZwT3BdIAQFYpw"]},{"@type":"Person","@id":"https:\/\/www.organisator.ch\/#\/schema\/person\/6f650f90b2842cd4c0cc334b4e36f67e","name":"Tommaso.berner","image":{"@type":"ImageObject","inLanguage":"it-IT","@id":"https:\/\/secure.gravatar.com\/avatar\/ac5001d2a36cb6c6cd3e50789007ffca834b477b74a2144564522e944eabff61?s=96&d=mm&r=g","url":"https:\/\/secure.gravatar.com\/avatar\/ac5001d2a36cb6c6cd3e50789007ffca834b477b74a2144564522e944eabff61?s=96&d=mm&r=g","contentUrl":"https:\/\/secure.gravatar.com\/avatar\/ac5001d2a36cb6c6cd3e50789007ffca834b477b74a2144564522e944eabff61?s=96&d=mm&r=g","caption":"thomas.berner"},"url":"https:\/\/www.organisator.ch\/it\/author\/thomas-berner\/"}]}},"_links":{"self":[{"href":"https:\/\/www.organisator.ch\/it\/wp-json\/wp\/v2\/posts\/12711","targetHints":{"allow":["GET"]}}],"collection":[{"href":"https:\/\/www.organisator.ch\/it\/wp-json\/wp\/v2\/posts"}],"about":[{"href":"https:\/\/www.organisator.ch\/it\/wp-json\/wp\/v2\/types\/post"}],"author":[{"embeddable":true,"href":"https:\/\/www.organisator.ch\/it\/wp-json\/wp\/v2\/users\/4"}],"replies":[{"embeddable":true,"href":"https:\/\/www.organisator.ch\/it\/wp-json\/wp\/v2\/comments?post=12711"}],"version-history":[{"count":1,"href":"https:\/\/www.organisator.ch\/it\/wp-json\/wp\/v2\/posts\/12711\/revisions"}],"predecessor-version":[{"id":12713,"href":"https:\/\/www.organisator.ch\/it\/wp-json\/wp\/v2\/posts\/12711\/revisions\/12713"}],"wp:featuredmedia":[{"embeddable":true,"href":"https:\/\/www.organisator.ch\/it\/wp-json\/wp\/v2\/media\/12712"}],"wp:attachment":[{"href":"https:\/\/www.organisator.ch\/it\/wp-json\/wp\/v2\/media?parent=12711"}],"wp:term":[{"taxonomy":"category","embeddable":true,"href":"https:\/\/www.organisator.ch\/it\/wp-json\/wp\/v2\/categories?post=12711"},{"taxonomy":"post_tag","embeddable":true,"href":"https:\/\/www.organisator.ch\/it\/wp-json\/wp\/v2\/tags?post=12711"}],"curies":[{"name":"wp","href":"https:\/\/api.w.org\/{rel}","templated":true}]}}