{"id":12745,"date":"2022-05-02T16:37:32","date_gmt":"2022-05-02T14:37:32","guid":{"rendered":"https:\/\/www.m-q.ch\/?p=16307"},"modified":"2022-07-30T15:39:27","modified_gmt":"2022-07-30T13:39:27","slug":"den-reset-knopf-druecken","status":"publish","type":"post","link":"https:\/\/www.organisator.ch\/it\/operational-excellence\/2022-05-02\/den-reset-knopf-druecken\/","title":{"rendered":"Premere il pulsante di reset"},"content":{"rendered":"<figure id=\"attachment_16308\" class=\"wp-caption alignnone\" style=\"width: 680px\" aria-describedby=\"caption-attachment-16308\"><img class=\"alignnone wp-image-16308 size-full\" src=\"https:\/\/www.m-q.ch\/wp-content\/uploads\/2022\/05\/Den-Reset-Knopf-druecken_MQ.jpg\" alt=\"Pulsante di reset\" width=\"680\" height=\"952\" \/><figcaption id=\"caption-attachment-16308\" class=\"wp-caption-text\">Premere il pulsante di reset: Questo \u00e8 ci\u00f2 che raccomanda l'autore Jens-Uwe Meyer nel suo libro recentemente pubblicato. (Immagine: zVg).<\/figcaption><\/figure>\r\nNegli ultimi due anni, molte aziende hanno dovuto dominare una crisi dopo l'altra - crisi che hanno accelerato massicciamente la trasformazione dell'economia:\r\n<ul>\r\n \t<li><em>Marzo 2020.<\/em> Il primo blocco legato alla corona. Improvvisamente, la digitalizzazione diventa vitale per le aziende. Dipendenti, fornitori, clienti e partner usano nuovi strumenti nella loro vita quotidiana, hanno imparato nuovi modi di lavorare e acquisito nuove competenze digitali. McKinsey stima che Corona ha accelerato la trasformazione digitale da cinque a sette anni.<\/li>\r\n \t<li><em>Autunno 2021.<\/em> In molte aziende, le forniture non funzionano pi\u00f9, perch\u00e9 le catene di approvvigionamento internazionali sono state interrotte in qualche misura fino ad oggi. Migliaia di navi piene di merci galleggiano davanti ai porti perch\u00e9 nessuno porta via i container parcheggiati. Inoltre, la carenza di lavoratori qualificati \u00e8 pi\u00f9 evidente che mai.<\/li>\r\n \t<li><em>Febbraio 2022.<\/em> La Russia attacca l'Ucraina. Improvvisamente, la transizione energetica ha anche una rilevanza per la politica di sicurezza. La dipendenza dai combustibili fossili deve essere radicalmente ridotta non solo per ragioni climatiche, ma anche economiche.<\/li>\r\n<\/ul>\r\nQuesti punti salienti descrivono la situazione nella regione DACH nel 2022. La digitalizzazione, la carenza di lavoratori qualificati e il passaggio accelerato a una produzione a impatto zero sul clima sono tre tendenze che si rafforzano a vicenda. Questo si traduce in un cambiamento turbo che sta interessando quasi tutte le industrie. Entro il 2030 - secondo le previsioni - emerger\u00e0 un'economia completamente nuova, almeno nelle nazioni industrializzate: digitale, meno dipendente dalla manodopera qualificata e neutrale per il clima. Tutto viene messo alla prova, per cos\u00ec dire: dal design del posto di lavoro alle strategie per il futuro che guidano le azioni delle aziende.\r\n<h2><strong>Non solo le aziende devono reinventarsi...<\/strong><\/h2>\r\nAffinch\u00e9 la trasformazione desiderata o richiesta abbia successo, le aziende devono premere il \"pulsante di reset\", per cos\u00ec dire, sui seguenti quattro livelli:\r\n<ul>\r\n \t<li>Strategia aziendale<\/li>\r\n \t<li>Organizzazione<\/li>\r\n \t<li>Leadership e<\/li>\r\n \t<li>Mentalit\u00e0 degli impiegati<\/li>\r\n<\/ul>\r\nQuesti quattro livelli sono inestricabilmente legati, perch\u00e9: A cosa serve la strategia pi\u00f9 lungimirante se le strutture aziendali restano quelle vecchie, i dirigenti non le seguono e i dipendenti non si sviluppano ulteriormente?\r\n\r\nPer effettuare il reset, spesso necessario, le aziende devono innanzitutto mettere in discussione tutto ci\u00f2 che hanno pensato e fatto fino ad ora e scomporlo in piccoli pezzi di puzzle - in altre parole, azzerare mentalmente tutto. Prima di rimettere insieme i pezzi per formare un nuovo insieme, \u00e8 necessario chiarire, tra le altre, le seguenti questioni:\r\n<ul>\r\n \t<li>Quali delle nostre competenze (fondamentali) sono ancora rilevanti in futuro o quali nuove potremmo sviluppare?<\/li>\r\n \t<li>Quali prodotti sono (ancora) richiesti a medio e lungo termine? Come potrebbe essere il nostro nuovo portafoglio di prodotti?<\/li>\r\n \t<li>Come dobbiamo lavorare insieme in futuro - anche con i fornitori di servizi esterni come i fornitori? Di quali nuovi abbiamo bisogno?<\/li>\r\n \t<li>Come possiamo, come organizzazione, reagire in modo ottimale alle mutevoli esigenze dei clienti e alle condizioni economiche?<\/li>\r\n \t<li>Come possiamo sfruttare al meglio le opportunit\u00e0 derivanti dal cambiamento?<\/li>\r\n<\/ul>\r\n<h2><strong>\u00a0<\/strong><strong>... i dipendenti devono anche essere pronti per il \"pulsante di reset\".<\/strong><\/h2>\r\nTuttavia, la nuova strategia pu\u00f2 essere piena di vita solo se i dipendenti la sostengono, se non con entusiasmo, almeno con convinzione. Per questo deve essere comunicato e discusso con loro, in modo trasversale alle funzioni e alle divisioni. Inoltre, sono necessari ulteriori concetti di formazione per fornire ai dipendenti il nuovo know-how e le competenze necessarie. E i dipendenti? Devono essere pronti ad approfittare di queste offerte e ad acquisire in modo proattivo le competenze di cui avranno bisogno in futuro.\r\n\r\nDi solito i dipendenti sono disposti a farlo se possono dare forma attiva al cambiamento. Inoltre, se vengono trasmessi in modo credibile: Se partecipate alla trasformazione, il piccolo ramo su cui siete attualmente seduti pu\u00f2 spezzarsi, ma c'\u00e8 un ramo spesso sotto di voi che vi prender\u00e0 e vi sosterr\u00e0 stabilmente negli anni a venire.\r\n\r\n<em><strong>All'autore:<\/strong> <\/em>\r\n<em>Il dottor Jens-Uwe Meyer \u00e8 l'autore del libro \"Reset - Wie sich Unternehmen und Organisationen neu erfinden\" (Reset - How Companies and Organisations Reinvent Themselves), che sar\u00e0 pubblicato nell'aprile 2022 nella <a href=\"https:\/\/www.businessvillage.de\/\">Editore BusinessVillage<\/a> \u00e8 stato pubblicato. Meyer \u00e8 amministratore delegato della societ\u00e0 di software <a href=\"https:\/\/www.innolytics.de\/\">Innolytics AG<\/a> e un ricercato keynote speaker nel campo dell'innovazione e della digitalizzazione.<\/em>\n<p class=\"syndicated-attribution\">Questo articolo \u00e8 apparso originariamente su m-q.ch - <a href=\"https:\/\/www.m-q.ch\/de\/den-reset-knopf-druecken\/\" target=\"_blank\">https:\/\/www.m-q.ch\/de\/den-reset-knopf-druecken\/<\/a><\/p>","protected":false},"excerpt":{"rendered":"<p>In den zur\u00fcckliegenden zwei Jahren mussten viele Unternehmen eine Krise nach der anderen meistern \u2013 Krisen, die den Wandel der Wirtschaft massiv beschleunigten: M\u00e4rz 2020. Der erste corona-bedingte Lockdown. Pl\u00f6tzlich wird die Digitalisierung f\u00fcr Unternehmen \u00fcberlebenswichtig. Besch\u00e4ftigte, Lieferanten, Kunden und Partner nutzen neue Tools im Alltag, haben neue Arbeitsweisen erlernt und neue digitale Kenntnisse erworben. [\u2026]<\/p>\n","protected":false},"author":8,"featured_media":0,"comment_status":"closed","ping_status":"closed","sticky":false,"template":"","format":"standard","meta":{"_acf_changed":false,"_yoast_wpseo_focuskw":"Reset-Knopf","_yoast_wpseo_metadesc":"Ukrainekrieg, Corona, Klimawandel, Lieferkettenprobleme \u2013 was viele Unternehmen aktuell erleben, ist eine Zeitenwende.","articlekey":"","footnotes":""},"categories":[582],"tags":[3161],"class_list":["post-12745","post","type-post","status-publish","format-standard","hentry","category-operational-excellence","tag-reset-knopf"],"acf":[],"yoast_head":"<!-- This site is optimized with the Yoast SEO plugin v27.5 - https:\/\/yoast.com\/product\/yoast-seo-wordpress\/ -->\n<title>Den Reset-Knopf dr\u00fccken - Organisator<\/title>\n<meta name=\"description\" content=\"Ukrainekrieg, Corona, Klimawandel, Lieferkettenprobleme \u2013 was viele Unternehmen aktuell erleben, ist eine Zeitenwende.\" \/>\n<meta name=\"robots\" content=\"index, follow, max-snippet:-1, max-image-preview:large, max-video-preview:-1\" \/>\n<link rel=\"canonical\" href=\"https:\/\/www.m-q.ch\/de\/den-reset-knopf-druecken\/\" \/>\n<meta property=\"og:locale\" content=\"it_IT\" \/>\n<meta property=\"og:type\" content=\"article\" \/>\n<meta property=\"og:title\" content=\"Den Reset-Knopf dr\u00fccken - Organisator\" \/>\n<meta property=\"og:description\" content=\"Ukrainekrieg, Corona, Klimawandel, Lieferkettenprobleme \u2013 was viele Unternehmen aktuell erleben, ist eine Zeitenwende.\" \/>\n<meta property=\"og:url\" content=\"https:\/\/www.m-q.ch\/de\/den-reset-knopf-druecken\/\" \/>\n<meta property=\"og:site_name\" content=\"Organisator\" \/>\n<meta property=\"article:publisher\" content=\"https:\/\/www.facebook.com\/OrganisatorFachmagazin\" \/>\n<meta property=\"article:published_time\" content=\"2022-05-02T14:37:32+00:00\" \/>\n<meta property=\"article:modified_time\" content=\"2022-07-30T13:39:27+00:00\" \/>\n<meta property=\"og:image\" content=\"https:\/\/www.m-q.ch\/wp-content\/uploads\/2022\/05\/Den-Reset-Knopf-druecken_MQ.jpg\" \/>\n<meta name=\"author\" content=\"galledia\" \/>\n<meta name=\"twitter:card\" content=\"summary_large_image\" \/>\n<meta name=\"twitter:creator\" content=\"@admin\" \/>\n<script type=\"application\/ld+json\" class=\"yoast-schema-graph\">{\"@context\":\"https:\\\/\\\/schema.org\",\"@graph\":[{\"@type\":\"Article\",\"@id\":\"https:\\\/\\\/www.m-q.ch\\\/de\\\/den-reset-knopf-druecken\\\/#article\",\"isPartOf\":{\"@id\":\"https:\\\/\\\/www.organisator.ch\\\/operational-excellence\\\/2022-05-02\\\/den-reset-knopf-druecken\\\/\"},\"author\":{\"name\":\"galledia\",\"@id\":\"https:\\\/\\\/www.organisator.ch\\\/#\\\/schema\\\/person\\\/4e51799071cd2dd1232ac003643ef5f0\"},\"headline\":\"Den Reset-Knopf dr\u00fccken\",\"datePublished\":\"2022-05-02T14:37:32+00:00\",\"dateModified\":\"2022-07-30T13:39:27+00:00\",\"mainEntityOfPage\":{\"@id\":\"https:\\\/\\\/www.organisator.ch\\\/operational-excellence\\\/2022-05-02\\\/den-reset-knopf-druecken\\\/\"},\"wordCount\":656,\"publisher\":{\"@id\":\"https:\\\/\\\/www.organisator.ch\\\/#organization\"},\"image\":{\"@id\":\"https:\\\/\\\/www.m-q.ch\\\/de\\\/den-reset-knopf-druecken\\\/#primaryimage\"},\"thumbnailUrl\":\"https:\\\/\\\/www.m-q.ch\\\/wp-content\\\/uploads\\\/2022\\\/05\\\/Den-Reset-Knopf-druecken_MQ.jpg\",\"keywords\":[\"Reset-Knopf\"],\"articleSection\":[\"OPERATIONAL EXCELLENCE\"],\"inLanguage\":\"it-IT\"},{\"@type\":\"WebPage\",\"@id\":\"https:\\\/\\\/www.organisator.ch\\\/operational-excellence\\\/2022-05-02\\\/den-reset-knopf-druecken\\\/\",\"url\":\"https:\\\/\\\/www.m-q.ch\\\/de\\\/den-reset-knopf-druecken\\\/\",\"name\":\"Den Reset-Knopf dr\u00fccken - Organisator\",\"isPartOf\":{\"@id\":\"https:\\\/\\\/www.organisator.ch\\\/#website\"},\"primaryImageOfPage\":{\"@id\":\"https:\\\/\\\/www.m-q.ch\\\/de\\\/den-reset-knopf-druecken\\\/#primaryimage\"},\"image\":{\"@id\":\"https:\\\/\\\/www.m-q.ch\\\/de\\\/den-reset-knopf-druecken\\\/#primaryimage\"},\"thumbnailUrl\":\"https:\\\/\\\/www.m-q.ch\\\/wp-content\\\/uploads\\\/2022\\\/05\\\/Den-Reset-Knopf-druecken_MQ.jpg\",\"datePublished\":\"2022-05-02T14:37:32+00:00\",\"dateModified\":\"2022-07-30T13:39:27+00:00\",\"description\":\"Ukrainekrieg, Corona, Klimawandel, Lieferkettenprobleme \u2013 was viele Unternehmen aktuell erleben, ist eine Zeitenwende.\",\"breadcrumb\":{\"@id\":\"https:\\\/\\\/www.m-q.ch\\\/de\\\/den-reset-knopf-druecken\\\/#breadcrumb\"},\"inLanguage\":\"it-IT\",\"potentialAction\":[{\"@type\":\"ReadAction\",\"target\":[\"https:\\\/\\\/www.m-q.ch\\\/de\\\/den-reset-knopf-druecken\\\/\"]}]},{\"@type\":\"ImageObject\",\"inLanguage\":\"it-IT\",\"@id\":\"https:\\\/\\\/www.m-q.ch\\\/de\\\/den-reset-knopf-druecken\\\/#primaryimage\",\"url\":\"https:\\\/\\\/www.m-q.ch\\\/wp-content\\\/uploads\\\/2022\\\/05\\\/Den-Reset-Knopf-druecken_MQ.jpg\",\"contentUrl\":\"https:\\\/\\\/www.m-q.ch\\\/wp-content\\\/uploads\\\/2022\\\/05\\\/Den-Reset-Knopf-druecken_MQ.jpg\"},{\"@type\":\"BreadcrumbList\",\"@id\":\"https:\\\/\\\/www.m-q.ch\\\/de\\\/den-reset-knopf-druecken\\\/#breadcrumb\",\"itemListElement\":[{\"@type\":\"ListItem\",\"position\":1,\"name\":\"Home\",\"item\":\"https:\\\/\\\/www.organisator.ch\\\/\"},{\"@type\":\"ListItem\",\"position\":2,\"name\":\"Den Reset-Knopf dr\u00fccken\"}]},{\"@type\":\"WebSite\",\"@id\":\"https:\\\/\\\/www.organisator.ch\\\/#website\",\"url\":\"https:\\\/\\\/www.organisator.ch\\\/\",\"name\":\"Organisator\",\"description\":\"Kompetent. Praxisnah. Der ORGANISATOR bereitet in 10 Ausgaben pro Jahr die wesentlichen Themen f\u00fcr F\u00fchrungskr\u00e4fte von KMU auf.\",\"publisher\":{\"@id\":\"https:\\\/\\\/www.organisator.ch\\\/#organization\"},\"potentialAction\":[{\"@type\":\"SearchAction\",\"target\":{\"@type\":\"EntryPoint\",\"urlTemplate\":\"https:\\\/\\\/www.organisator.ch\\\/?s={search_term_string}\"},\"query-input\":{\"@type\":\"PropertyValueSpecification\",\"valueRequired\":true,\"valueName\":\"search_term_string\"}}],\"inLanguage\":\"it-IT\"},{\"@type\":\"Organization\",\"@id\":\"https:\\\/\\\/www.organisator.ch\\\/#organization\",\"name\":\"Organisator\",\"url\":\"https:\\\/\\\/www.organisator.ch\\\/\",\"logo\":{\"@type\":\"ImageObject\",\"inLanguage\":\"it-IT\",\"@id\":\"https:\\\/\\\/www.organisator.ch\\\/#\\\/schema\\\/logo\\\/image\\\/\",\"url\":\"https:\\\/\\\/www.organisator.ch\\\/wp-content\\\/uploads\\\/2022\\\/01\\\/Logo_Organisator_Website.png\",\"contentUrl\":\"https:\\\/\\\/www.organisator.ch\\\/wp-content\\\/uploads\\\/2022\\\/01\\\/Logo_Organisator_Website.png\",\"width\":800,\"height\":77,\"caption\":\"Organisator\"},\"image\":{\"@id\":\"https:\\\/\\\/www.organisator.ch\\\/#\\\/schema\\\/logo\\\/image\\\/\"},\"sameAs\":[\"https:\\\/\\\/www.facebook.com\\\/OrganisatorFachmagazin\",\"https:\\\/\\\/www.linkedin.com\\\/showcase\\\/organisator-das-magazin-fr-kmu\",\"https:\\\/\\\/www.xing.com\\\/news\\\/pages\\\/organisator-ch-695\",\"https:\\\/\\\/www.youtube.com\\\/channel\\\/UCGP2Sq0iWaZwT3BdIAQFYpw\"]},{\"@type\":\"Person\",\"@id\":\"https:\\\/\\\/www.organisator.ch\\\/#\\\/schema\\\/person\\\/4e51799071cd2dd1232ac003643ef5f0\",\"name\":\"galledia\",\"image\":{\"@type\":\"ImageObject\",\"inLanguage\":\"it-IT\",\"@id\":\"https:\\\/\\\/secure.gravatar.com\\\/avatar\\\/78a7f90c01fc2bfc875782a0d4922b37cde2cf184ce347b91316d23cd7f69a36?s=96&d=mm&r=g\",\"url\":\"https:\\\/\\\/secure.gravatar.com\\\/avatar\\\/78a7f90c01fc2bfc875782a0d4922b37cde2cf184ce347b91316d23cd7f69a36?s=96&d=mm&r=g\",\"contentUrl\":\"https:\\\/\\\/secure.gravatar.com\\\/avatar\\\/78a7f90c01fc2bfc875782a0d4922b37cde2cf184ce347b91316d23cd7f69a36?s=96&d=mm&r=g\",\"caption\":\"galledia\"},\"sameAs\":[\"https:\\\/\\\/x.com\\\/admin\"],\"url\":\"https:\\\/\\\/www.organisator.ch\\\/it\\\/author\\\/galledia\\\/\"}]}<\/script>\n<!-- \/ Yoast SEO plugin. -->","yoast_head_json":{"title":"Premere il pulsante di reset - Organizzatore","description":"Guerra in Ucraina, Corona, cambiamenti climatici, problemi della catena di approvvigionamento: quello che molte aziende stanno vivendo \u00e8 un punto di svolta.","robots":{"index":"index","follow":"follow","max-snippet":"max-snippet:-1","max-image-preview":"max-image-preview:large","max-video-preview":"max-video-preview:-1"},"canonical":"https:\/\/www.m-q.ch\/de\/den-reset-knopf-druecken\/","og_locale":"it_IT","og_type":"article","og_title":"Den Reset-Knopf dr\u00fccken - Organisator","og_description":"Ukrainekrieg, Corona, Klimawandel, Lieferkettenprobleme \u2013 was viele Unternehmen aktuell erleben, ist eine Zeitenwende.","og_url":"https:\/\/www.m-q.ch\/de\/den-reset-knopf-druecken\/","og_site_name":"Organisator","article_publisher":"https:\/\/www.facebook.com\/OrganisatorFachmagazin","article_published_time":"2022-05-02T14:37:32+00:00","article_modified_time":"2022-07-30T13:39:27+00:00","og_image":[{"url":"https:\/\/www.m-q.ch\/wp-content\/uploads\/2022\/05\/Den-Reset-Knopf-druecken_MQ.jpg","type":"","width":"","height":""}],"author":"galledia","twitter_card":"summary_large_image","twitter_creator":"@admin","schema":{"@context":"https:\/\/schema.org","@graph":[{"@type":"Article","@id":"https:\/\/www.m-q.ch\/de\/den-reset-knopf-druecken\/#article","isPartOf":{"@id":"https:\/\/www.organisator.ch\/operational-excellence\/2022-05-02\/den-reset-knopf-druecken\/"},"author":{"name":"galledia","@id":"https:\/\/www.organisator.ch\/#\/schema\/person\/4e51799071cd2dd1232ac003643ef5f0"},"headline":"Den Reset-Knopf dr\u00fccken","datePublished":"2022-05-02T14:37:32+00:00","dateModified":"2022-07-30T13:39:27+00:00","mainEntityOfPage":{"@id":"https:\/\/www.organisator.ch\/operational-excellence\/2022-05-02\/den-reset-knopf-druecken\/"},"wordCount":656,"publisher":{"@id":"https:\/\/www.organisator.ch\/#organization"},"image":{"@id":"https:\/\/www.m-q.ch\/de\/den-reset-knopf-druecken\/#primaryimage"},"thumbnailUrl":"https:\/\/www.m-q.ch\/wp-content\/uploads\/2022\/05\/Den-Reset-Knopf-druecken_MQ.jpg","keywords":["Reset-Knopf"],"articleSection":["OPERATIONAL EXCELLENCE"],"inLanguage":"it-IT"},{"@type":"WebPage","@id":"https:\/\/www.organisator.ch\/operational-excellence\/2022-05-02\/den-reset-knopf-druecken\/","url":"https:\/\/www.m-q.ch\/de\/den-reset-knopf-druecken\/","name":"Premere il pulsante di reset - Organizzatore","isPartOf":{"@id":"https:\/\/www.organisator.ch\/#website"},"primaryImageOfPage":{"@id":"https:\/\/www.m-q.ch\/de\/den-reset-knopf-druecken\/#primaryimage"},"image":{"@id":"https:\/\/www.m-q.ch\/de\/den-reset-knopf-druecken\/#primaryimage"},"thumbnailUrl":"https:\/\/www.m-q.ch\/wp-content\/uploads\/2022\/05\/Den-Reset-Knopf-druecken_MQ.jpg","datePublished":"2022-05-02T14:37:32+00:00","dateModified":"2022-07-30T13:39:27+00:00","description":"Guerra in Ucraina, Corona, cambiamenti climatici, problemi della catena di approvvigionamento: quello che molte aziende stanno vivendo \u00e8 un punto di svolta.","breadcrumb":{"@id":"https:\/\/www.m-q.ch\/de\/den-reset-knopf-druecken\/#breadcrumb"},"inLanguage":"it-IT","potentialAction":[{"@type":"ReadAction","target":["https:\/\/www.m-q.ch\/de\/den-reset-knopf-druecken\/"]}]},{"@type":"ImageObject","inLanguage":"it-IT","@id":"https:\/\/www.m-q.ch\/de\/den-reset-knopf-druecken\/#primaryimage","url":"https:\/\/www.m-q.ch\/wp-content\/uploads\/2022\/05\/Den-Reset-Knopf-druecken_MQ.jpg","contentUrl":"https:\/\/www.m-q.ch\/wp-content\/uploads\/2022\/05\/Den-Reset-Knopf-druecken_MQ.jpg"},{"@type":"BreadcrumbList","@id":"https:\/\/www.m-q.ch\/de\/den-reset-knopf-druecken\/#breadcrumb","itemListElement":[{"@type":"ListItem","position":1,"name":"Home","item":"https:\/\/www.organisator.ch\/"},{"@type":"ListItem","position":2,"name":"Den Reset-Knopf dr\u00fccken"}]},{"@type":"WebSite","@id":"https:\/\/www.organisator.ch\/#website","url":"https:\/\/www.organisator.ch\/","name":"Organizzatore","description":"Competente. Pratico. In 10 numeri all'anno, ORGANISATOR presenta i temi essenziali per i manager delle PMI.","publisher":{"@id":"https:\/\/www.organisator.ch\/#organization"},"potentialAction":[{"@type":"SearchAction","target":{"@type":"EntryPoint","urlTemplate":"https:\/\/www.organisator.ch\/?s={search_term_string}"},"query-input":{"@type":"PropertyValueSpecification","valueRequired":true,"valueName":"search_term_string"}}],"inLanguage":"it-IT"},{"@type":"Organization","@id":"https:\/\/www.organisator.ch\/#organization","name":"Organizzatore","url":"https:\/\/www.organisator.ch\/","logo":{"@type":"ImageObject","inLanguage":"it-IT","@id":"https:\/\/www.organisator.ch\/#\/schema\/logo\/image\/","url":"https:\/\/www.organisator.ch\/wp-content\/uploads\/2022\/01\/Logo_Organisator_Website.png","contentUrl":"https:\/\/www.organisator.ch\/wp-content\/uploads\/2022\/01\/Logo_Organisator_Website.png","width":800,"height":77,"caption":"Organisator"},"image":{"@id":"https:\/\/www.organisator.ch\/#\/schema\/logo\/image\/"},"sameAs":["https:\/\/www.facebook.com\/OrganisatorFachmagazin","https:\/\/www.linkedin.com\/showcase\/organisator-das-magazin-fr-kmu","https:\/\/www.xing.com\/news\/pages\/organisator-ch-695","https:\/\/www.youtube.com\/channel\/UCGP2Sq0iWaZwT3BdIAQFYpw"]},{"@type":"Person","@id":"https:\/\/www.organisator.ch\/#\/schema\/person\/4e51799071cd2dd1232ac003643ef5f0","name":"galledia","image":{"@type":"ImageObject","inLanguage":"it-IT","@id":"https:\/\/secure.gravatar.com\/avatar\/78a7f90c01fc2bfc875782a0d4922b37cde2cf184ce347b91316d23cd7f69a36?s=96&d=mm&r=g","url":"https:\/\/secure.gravatar.com\/avatar\/78a7f90c01fc2bfc875782a0d4922b37cde2cf184ce347b91316d23cd7f69a36?s=96&d=mm&r=g","contentUrl":"https:\/\/secure.gravatar.com\/avatar\/78a7f90c01fc2bfc875782a0d4922b37cde2cf184ce347b91316d23cd7f69a36?s=96&d=mm&r=g","caption":"galledia"},"sameAs":["https:\/\/x.com\/admin"],"url":"https:\/\/www.organisator.ch\/it\/author\/galledia\/"}]}},"_links":{"self":[{"href":"https:\/\/www.organisator.ch\/it\/wp-json\/wp\/v2\/posts\/12745","targetHints":{"allow":["GET"]}}],"collection":[{"href":"https:\/\/www.organisator.ch\/it\/wp-json\/wp\/v2\/posts"}],"about":[{"href":"https:\/\/www.organisator.ch\/it\/wp-json\/wp\/v2\/types\/post"}],"author":[{"embeddable":true,"href":"https:\/\/www.organisator.ch\/it\/wp-json\/wp\/v2\/users\/8"}],"replies":[{"embeddable":true,"href":"https:\/\/www.organisator.ch\/it\/wp-json\/wp\/v2\/comments?post=12745"}],"version-history":[{"count":4,"href":"https:\/\/www.organisator.ch\/it\/wp-json\/wp\/v2\/posts\/12745\/revisions"}],"predecessor-version":[{"id":15965,"href":"https:\/\/www.organisator.ch\/it\/wp-json\/wp\/v2\/posts\/12745\/revisions\/15965"}],"wp:attachment":[{"href":"https:\/\/www.organisator.ch\/it\/wp-json\/wp\/v2\/media?parent=12745"}],"wp:term":[{"taxonomy":"category","embeddable":true,"href":"https:\/\/www.organisator.ch\/it\/wp-json\/wp\/v2\/categories?post=12745"},{"taxonomy":"post_tag","embeddable":true,"href":"https:\/\/www.organisator.ch\/it\/wp-json\/wp\/v2\/tags?post=12745"}],"curies":[{"name":"wp","href":"https:\/\/api.w.org\/{rel}","templated":true}]}}