{"id":12776,"date":"2022-05-04T13:37:24","date_gmt":"2022-05-04T11:37:24","guid":{"rendered":"https:\/\/www.organisator.ch\/?p=12776"},"modified":"2022-05-04T13:37:24","modified_gmt":"2022-05-04T11:37:24","slug":"wertstoffsammler-mr-green-faehrt-nun-elektrisch","status":"publish","type":"post","link":"https:\/\/www.organisator.ch\/it\/sustainability\/2022-05-04\/wertstoffsammler-mr-green-faehrt-nun-elektrisch\/","title":{"rendered":"Il raccoglitore di materiali riciclabili Mr. Green ora funziona con l'elettricit\u00e0"},"content":{"rendered":"<figure id=\"attachment_12777\" aria-describedby=\"caption-attachment-12777\" style=\"width: 680px\" class=\"wp-caption alignnone\"><img loading=\"lazy\" decoding=\"async\" class=\"size-full wp-image-12777\" src=\"https:\/\/www.organisator.ch\/wp-content\/uploads\/2022\/05\/Wertstoffsammler-Mr-Green-faehrt-nun-elektrisch_Organisator.jpg\" alt=\"\" width=\"680\" height=\"379\" srcset=\"https:\/\/www.organisator.ch\/wp-content\/uploads\/2022\/05\/Wertstoffsammler-Mr-Green-faehrt-nun-elektrisch_Organisator.jpg 680w, https:\/\/www.organisator.ch\/wp-content\/uploads\/2022\/05\/Wertstoffsammler-Mr-Green-faehrt-nun-elektrisch_Organisator-18x10.jpg 18w, https:\/\/www.organisator.ch\/wp-content\/uploads\/2022\/05\/Wertstoffsammler-Mr-Green-faehrt-nun-elektrisch_Organisator-314x175.jpg 314w, https:\/\/www.organisator.ch\/wp-content\/uploads\/2022\/05\/Wertstoffsammler-Mr-Green-faehrt-nun-elektrisch_Organisator-628x350.jpg 628w, https:\/\/www.organisator.ch\/wp-content\/uploads\/2022\/05\/Wertstoffsammler-Mr-Green-faehrt-nun-elektrisch_Organisator-300x167.jpg 300w\" sizes=\"auto, (max-width: 680px) 100vw, 680px\" \/><figcaption id=\"caption-attachment-12777\" class=\"wp-caption-text\">I veicoli elettrici di Yepp Logistics sono ora in tour per Mr Green. (Immagine: YEPP Logistics)<\/figcaption><\/figure>\n<p>La sostenibilit\u00e0 inizia su piccola scala, cio\u00e8 nella propria casa. Restituire i materiali riciclabili al ciclo \u00e8 importante per combattere le sempre crescenti montagne di rifiuti. Dal 2009 il raccoglitore di materiali riciclabili Mr. Green fornisce un notevole contributo in tal senso: l'azienda zurighese raccoglie 14 diversi materiali riciclabili da pi\u00f9 di 10.000 clienti nei cantoni di Zurigo, Berna e Basilea - in sacchi verdi che sono diventati parte della vita quotidiana nella citt\u00e0 sulla Limmat. I riciclabili convenzionali come il vetro, l'alluminio, le batterie, le pentole e la carta, ma anche gli imballaggi di plastica, i Tetrapak e i coni di sughero finiscono tutti in questi sacchi verdi - e vengono raccolti dalla porta di casa, selezionati e riciclati in modo professionale. \"Con Mr. Green, non \u00e8 solo pi\u00f9 facile riciclare, ma anche meglio e di pi\u00f9\", dice il co-fondatore e amministratore delegato Valentin Fisler.<\/p>\n<h3>Passo intermedio per la logistica sostenibile<\/h3>\n<p>I raccoglitori di materiali riciclabili di Mr. Green a Zurigo hanno ora collaborato con YEPP Logistics Ltd. a questo scopo - e possono cos\u00ec mantenere ancora meglio la loro promessa ecologica. I professionisti della logistica e del fulfilment di Schlieren raccolgono ora le borse con una flotta di sprinter elettrici nuovi di zecca della Mercedes-Benz. L'esperienza iniziale \u00e8 stata acquisita a partire da agosto dell'anno scorso. Questo segna l'inizio di un nuovo capitolo non solo nella storia di Mr. Green, ma anche in quella di YEPP Logistics, secondo la societ\u00e0. \"Vogliamo diventare il partner pi\u00f9 sostenibile per soluzioni logistiche e di fulfilment individuali\", afferma Tullio Bucher, amministratore delegato e partner di YEPP Logistics. La flotta di Sprinter elettrici \u00e8 un passo intermedio verso la logistica sostenibile. \"E questo deve e dovrebbe essere il pi\u00f9 sostenibile possibile\". In linea con gli sviluppi tecnici, anche i veicoli pi\u00f9 grandi saranno sostituiti nel tempo.<\/p>\n<h3>Raccoglitori di materiali riciclabili con ulteriori ambizioni<\/h3>\n<p>Con il nome Green Bird, l'azienda sta inoltre sviluppando ulteriori progetti e clienti nell'ambito dell'economia circolare e, insieme a partner come Mr. \"Vogliamo promuovere l'economia circolare offrendo una logistica circolare\", spiega Bucher ed elabora come l'impegno verde sia il<br \/>\nL'esperto di logistica si \u00e8 ispirato: \"Perch\u00e9 i clienti di Mr. Green, per esempio, non dovrebbero avere anche la possibilit\u00e0 di ricevere prodotti dal negozio web o di restituire pacchi quando ritirano regolarmente i loro materiali riciclabili direttamente dalla loro porta? Green Bird non \u00e8 solo un'offerta di soluzioni logistiche ecologiche, ma piuttosto offre una connessione a una rete di partner che la pensano allo stesso modo e che possono beneficiare l'uno dell'altro e utilizzare le sinergie.<\/p>\n<p><em>Fonti e ulteriori informazioni: <a href=\"https:\/\/mr-green.ch\/\">mr-green.ch<\/a>; <a href=\"https:\/\/www.yepp.ch\/\">yepp.ch<\/a><\/em><\/p>","protected":false},"excerpt":{"rendered":"<p>Nachhaltigkeit beginnt im Kleinen, das heisst im eigenen Haushalt. Die Wertstoffe wieder in den Kreislauf zur\u00fcckzuf\u00fchren ist wichtig, um gegen die stetig wachsenden Abfallberge anzuk\u00e4mpfen. Der Wertstoffsammler Mr. Green leistet daf\u00fcr seit 2009 einen namhaften Beitrag: Das Unternehmen aus Z\u00fcrich sammelt bei \u00fcber 10&#8217;000 Kunden in den Kantonen Z\u00fcrich, Bern und Basel 14 verschiedene Wertstoffe [&hellip;]<\/p>\n","protected":false},"author":4,"featured_media":12777,"comment_status":"closed","ping_status":"closed","sticky":false,"template":"","format":"standard","meta":{"_acf_changed":false,"_yoast_wpseo_focuskw":"Wertstoffsammler","_yoast_wpseo_metadesc":"Das Logistikunternehmen YEPP Logistics f\u00e4hrt f\u00fcr die Wertstoffsammler von Mr. Green mit elektrisch betriebenen Fahrzeugen.","articlekey":"","footnotes":""},"categories":[580],"tags":[1006,594,328],"class_list":["post-12776","post","type-post","status-publish","format-standard","has-post-thumbnail","hentry","category-sustainability","tag-e-mobilitaet","tag-kreislaufwirtschaft","tag-logistik"],"acf":[],"yoast_head":"<!-- This site is optimized with the Yoast SEO plugin v27.4 - https:\/\/yoast.com\/product\/yoast-seo-wordpress\/ -->\n<title>Wertstoffsammler Mr. Green f\u00e4hrt nun elektrisch - Organisator<\/title>\n<meta name=\"description\" content=\"Das Logistikunternehmen YEPP Logistics f\u00e4hrt f\u00fcr die Wertstoffsammler von Mr. Green mit elektrisch betriebenen Fahrzeugen.\" \/>\n<meta name=\"robots\" content=\"index, follow, max-snippet:-1, max-image-preview:large, max-video-preview:-1\" \/>\n<link rel=\"canonical\" href=\"https:\/\/www.organisator.ch\/it\/sostenibilita\/2022-05-04\/wertstoffsammler-mr-green-faehrt-nun-elektrisch\/\" \/>\n<meta property=\"og:locale\" content=\"it_IT\" \/>\n<meta property=\"og:type\" content=\"article\" \/>\n<meta property=\"og:title\" content=\"Wertstoffsammler Mr. Green f\u00e4hrt nun elektrisch\" \/>\n<meta property=\"og:description\" content=\"Das Logistikunternehmen YEPP Logistics f\u00e4hrt f\u00fcr die Wertstoffsammler von Mr. Green mit elektrisch betriebenen Fahrzeugen.\" \/>\n<meta property=\"og:url\" content=\"https:\/\/www.organisator.ch\/it\/sostenibilita\/2022-05-04\/wertstoffsammler-mr-green-faehrt-nun-elektrisch\/\" \/>\n<meta property=\"og:site_name\" content=\"Organisator\" \/>\n<meta property=\"article:publisher\" content=\"https:\/\/www.facebook.com\/OrganisatorFachmagazin\" \/>\n<meta property=\"article:published_time\" content=\"2022-05-04T11:37:24+00:00\" \/>\n<meta property=\"og:image\" content=\"https:\/\/www.organisator.ch\/wp-content\/uploads\/2022\/05\/Wertstoffsammler-Mr-Green-faehrt-nun-elektrisch_Organisator.jpg\" \/>\n\t<meta property=\"og:image:width\" content=\"680\" \/>\n\t<meta property=\"og:image:height\" content=\"379\" \/>\n\t<meta property=\"og:image:type\" content=\"image\/jpeg\" \/>\n<meta name=\"author\" content=\"thomas.berner\" \/>\n<meta name=\"twitter:card\" content=\"summary_large_image\" \/>\n<meta name=\"twitter:title\" content=\"#Wertstoffsammler Mr. Green f\u00e4hrt nun elektrisch\" \/>\n<meta name=\"twitter:description\" content=\"Das Logistikunternehmen #YEPP Logistics f\u00e4hrt f\u00fcr die #Wertstoffsammler von #Mr.Green mit elektrisch betriebenen Fahrzeugen.\" \/>\n<meta name=\"twitter:image\" content=\"https:\/\/www.organisator.ch\/wp-content\/uploads\/2022\/05\/Wertstoffsammler-Mr-Green-faehrt-nun-elektrisch_Organisator.jpg\" \/>\n<script type=\"application\/ld+json\" class=\"yoast-schema-graph\">{\"@context\":\"https:\\\/\\\/schema.org\",\"@graph\":[{\"@type\":\"Article\",\"@id\":\"https:\\\/\\\/www.organisator.ch\\\/sustainability\\\/2022-05-04\\\/wertstoffsammler-mr-green-faehrt-nun-elektrisch\\\/#article\",\"isPartOf\":{\"@id\":\"https:\\\/\\\/www.organisator.ch\\\/sustainability\\\/2022-05-04\\\/wertstoffsammler-mr-green-faehrt-nun-elektrisch\\\/\"},\"author\":{\"name\":\"thomas.berner\",\"@id\":\"https:\\\/\\\/www.organisator.ch\\\/#\\\/schema\\\/person\\\/6f650f90b2842cd4c0cc334b4e36f67e\"},\"headline\":\"Wertstoffsammler Mr. Green f\u00e4hrt nun elektrisch\",\"datePublished\":\"2022-05-04T11:37:24+00:00\",\"mainEntityOfPage\":{\"@id\":\"https:\\\/\\\/www.organisator.ch\\\/sustainability\\\/2022-05-04\\\/wertstoffsammler-mr-green-faehrt-nun-elektrisch\\\/\"},\"wordCount\":450,\"publisher\":{\"@id\":\"https:\\\/\\\/www.organisator.ch\\\/#organization\"},\"image\":{\"@id\":\"https:\\\/\\\/www.organisator.ch\\\/sustainability\\\/2022-05-04\\\/wertstoffsammler-mr-green-faehrt-nun-elektrisch\\\/#primaryimage\"},\"thumbnailUrl\":\"https:\\\/\\\/www.organisator.ch\\\/wp-content\\\/uploads\\\/2022\\\/05\\\/Wertstoffsammler-Mr-Green-faehrt-nun-elektrisch_Organisator.jpg\",\"keywords\":[\"E-Mobilit\u00e4t\",\"Kreislaufwirtschaft\",\"Logistik\"],\"articleSection\":[\"SUSTAINABILITY\"],\"inLanguage\":\"it-IT\"},{\"@type\":\"WebPage\",\"@id\":\"https:\\\/\\\/www.organisator.ch\\\/sustainability\\\/2022-05-04\\\/wertstoffsammler-mr-green-faehrt-nun-elektrisch\\\/\",\"url\":\"https:\\\/\\\/www.organisator.ch\\\/sustainability\\\/2022-05-04\\\/wertstoffsammler-mr-green-faehrt-nun-elektrisch\\\/\",\"name\":\"Wertstoffsammler Mr. Green f\u00e4hrt nun elektrisch - Organisator\",\"isPartOf\":{\"@id\":\"https:\\\/\\\/www.organisator.ch\\\/#website\"},\"primaryImageOfPage\":{\"@id\":\"https:\\\/\\\/www.organisator.ch\\\/sustainability\\\/2022-05-04\\\/wertstoffsammler-mr-green-faehrt-nun-elektrisch\\\/#primaryimage\"},\"image\":{\"@id\":\"https:\\\/\\\/www.organisator.ch\\\/sustainability\\\/2022-05-04\\\/wertstoffsammler-mr-green-faehrt-nun-elektrisch\\\/#primaryimage\"},\"thumbnailUrl\":\"https:\\\/\\\/www.organisator.ch\\\/wp-content\\\/uploads\\\/2022\\\/05\\\/Wertstoffsammler-Mr-Green-faehrt-nun-elektrisch_Organisator.jpg\",\"datePublished\":\"2022-05-04T11:37:24+00:00\",\"description\":\"Das Logistikunternehmen YEPP Logistics f\u00e4hrt f\u00fcr die Wertstoffsammler von Mr. Green mit elektrisch betriebenen Fahrzeugen.\",\"breadcrumb\":{\"@id\":\"https:\\\/\\\/www.organisator.ch\\\/sustainability\\\/2022-05-04\\\/wertstoffsammler-mr-green-faehrt-nun-elektrisch\\\/#breadcrumb\"},\"inLanguage\":\"it-IT\",\"potentialAction\":[{\"@type\":\"ReadAction\",\"target\":[\"https:\\\/\\\/www.organisator.ch\\\/sustainability\\\/2022-05-04\\\/wertstoffsammler-mr-green-faehrt-nun-elektrisch\\\/\"]}]},{\"@type\":\"ImageObject\",\"inLanguage\":\"it-IT\",\"@id\":\"https:\\\/\\\/www.organisator.ch\\\/sustainability\\\/2022-05-04\\\/wertstoffsammler-mr-green-faehrt-nun-elektrisch\\\/#primaryimage\",\"url\":\"https:\\\/\\\/www.organisator.ch\\\/wp-content\\\/uploads\\\/2022\\\/05\\\/Wertstoffsammler-Mr-Green-faehrt-nun-elektrisch_Organisator.jpg\",\"contentUrl\":\"https:\\\/\\\/www.organisator.ch\\\/wp-content\\\/uploads\\\/2022\\\/05\\\/Wertstoffsammler-Mr-Green-faehrt-nun-elektrisch_Organisator.jpg\",\"width\":680,\"height\":379,\"caption\":\"Elektrisch betriebene Fahrzeuge von Yepp Logistics gehen nun f\u00fcr Mr. Green auf Tour. (Bild: Yepp)\"},{\"@type\":\"BreadcrumbList\",\"@id\":\"https:\\\/\\\/www.organisator.ch\\\/sustainability\\\/2022-05-04\\\/wertstoffsammler-mr-green-faehrt-nun-elektrisch\\\/#breadcrumb\",\"itemListElement\":[{\"@type\":\"ListItem\",\"position\":1,\"name\":\"Home\",\"item\":\"https:\\\/\\\/www.organisator.ch\\\/\"},{\"@type\":\"ListItem\",\"position\":2,\"name\":\"Wertstoffsammler Mr. Green f\u00e4hrt nun elektrisch\"}]},{\"@type\":\"WebSite\",\"@id\":\"https:\\\/\\\/www.organisator.ch\\\/#website\",\"url\":\"https:\\\/\\\/www.organisator.ch\\\/\",\"name\":\"Organisator\",\"description\":\"Kompetent. Praxisnah. Der ORGANISATOR bereitet in 10 Ausgaben pro Jahr die wesentlichen Themen f\u00fcr F\u00fchrungskr\u00e4fte von KMU auf.\",\"publisher\":{\"@id\":\"https:\\\/\\\/www.organisator.ch\\\/#organization\"},\"potentialAction\":[{\"@type\":\"SearchAction\",\"target\":{\"@type\":\"EntryPoint\",\"urlTemplate\":\"https:\\\/\\\/www.organisator.ch\\\/?s={search_term_string}\"},\"query-input\":{\"@type\":\"PropertyValueSpecification\",\"valueRequired\":true,\"valueName\":\"search_term_string\"}}],\"inLanguage\":\"it-IT\"},{\"@type\":\"Organization\",\"@id\":\"https:\\\/\\\/www.organisator.ch\\\/#organization\",\"name\":\"Organisator\",\"url\":\"https:\\\/\\\/www.organisator.ch\\\/\",\"logo\":{\"@type\":\"ImageObject\",\"inLanguage\":\"it-IT\",\"@id\":\"https:\\\/\\\/www.organisator.ch\\\/#\\\/schema\\\/logo\\\/image\\\/\",\"url\":\"https:\\\/\\\/www.organisator.ch\\\/wp-content\\\/uploads\\\/2022\\\/01\\\/Logo_Organisator_Website.png\",\"contentUrl\":\"https:\\\/\\\/www.organisator.ch\\\/wp-content\\\/uploads\\\/2022\\\/01\\\/Logo_Organisator_Website.png\",\"width\":800,\"height\":77,\"caption\":\"Organisator\"},\"image\":{\"@id\":\"https:\\\/\\\/www.organisator.ch\\\/#\\\/schema\\\/logo\\\/image\\\/\"},\"sameAs\":[\"https:\\\/\\\/www.facebook.com\\\/OrganisatorFachmagazin\",\"https:\\\/\\\/www.linkedin.com\\\/showcase\\\/organisator-das-magazin-fr-kmu\",\"https:\\\/\\\/www.xing.com\\\/news\\\/pages\\\/organisator-ch-695\",\"https:\\\/\\\/www.youtube.com\\\/channel\\\/UCGP2Sq0iWaZwT3BdIAQFYpw\"]},{\"@type\":\"Person\",\"@id\":\"https:\\\/\\\/www.organisator.ch\\\/#\\\/schema\\\/person\\\/6f650f90b2842cd4c0cc334b4e36f67e\",\"name\":\"thomas.berner\",\"image\":{\"@type\":\"ImageObject\",\"inLanguage\":\"it-IT\",\"@id\":\"https:\\\/\\\/secure.gravatar.com\\\/avatar\\\/ac5001d2a36cb6c6cd3e50789007ffca834b477b74a2144564522e944eabff61?s=96&d=mm&r=g\",\"url\":\"https:\\\/\\\/secure.gravatar.com\\\/avatar\\\/ac5001d2a36cb6c6cd3e50789007ffca834b477b74a2144564522e944eabff61?s=96&d=mm&r=g\",\"contentUrl\":\"https:\\\/\\\/secure.gravatar.com\\\/avatar\\\/ac5001d2a36cb6c6cd3e50789007ffca834b477b74a2144564522e944eabff61?s=96&d=mm&r=g\",\"caption\":\"thomas.berner\"},\"url\":\"https:\\\/\\\/www.organisator.ch\\\/it\\\/author\\\/thomas-berner\\\/\"}]}<\/script>\n<!-- \/ Yoast SEO plugin. -->","yoast_head_json":{"title":"Il raccoglitore di rifiuti Mr. Green ora diventa elettrico - Organizzatore","description":"La societ\u00e0 di logistica YEPP Logistics guida i veicoli ad alimentazione elettrica per i raccoglitori di Mr. Green.","robots":{"index":"index","follow":"follow","max-snippet":"max-snippet:-1","max-image-preview":"max-image-preview:large","max-video-preview":"max-video-preview:-1"},"canonical":"https:\/\/www.organisator.ch\/it\/sostenibilita\/2022-05-04\/wertstoffsammler-mr-green-faehrt-nun-elektrisch\/","og_locale":"it_IT","og_type":"article","og_title":"Wertstoffsammler Mr. Green f\u00e4hrt nun elektrisch","og_description":"Das Logistikunternehmen YEPP Logistics f\u00e4hrt f\u00fcr die Wertstoffsammler von Mr. Green mit elektrisch betriebenen Fahrzeugen.","og_url":"https:\/\/www.organisator.ch\/it\/sostenibilita\/2022-05-04\/wertstoffsammler-mr-green-faehrt-nun-elektrisch\/","og_site_name":"Organisator","article_publisher":"https:\/\/www.facebook.com\/OrganisatorFachmagazin","article_published_time":"2022-05-04T11:37:24+00:00","og_image":[{"width":680,"height":379,"url":"https:\/\/www.organisator.ch\/wp-content\/uploads\/2022\/05\/Wertstoffsammler-Mr-Green-faehrt-nun-elektrisch_Organisator.jpg","type":"image\/jpeg"}],"author":"thomas.berner","twitter_card":"summary_large_image","twitter_title":"#Wertstoffsammler Mr. Green f\u00e4hrt nun elektrisch","twitter_description":"Das Logistikunternehmen #YEPP Logistics f\u00e4hrt f\u00fcr die #Wertstoffsammler von #Mr.Green mit elektrisch betriebenen Fahrzeugen.","twitter_image":"https:\/\/www.organisator.ch\/wp-content\/uploads\/2022\/05\/Wertstoffsammler-Mr-Green-faehrt-nun-elektrisch_Organisator.jpg","schema":{"@context":"https:\/\/schema.org","@graph":[{"@type":"Article","@id":"https:\/\/www.organisator.ch\/sustainability\/2022-05-04\/wertstoffsammler-mr-green-faehrt-nun-elektrisch\/#article","isPartOf":{"@id":"https:\/\/www.organisator.ch\/sustainability\/2022-05-04\/wertstoffsammler-mr-green-faehrt-nun-elektrisch\/"},"author":{"name":"thomas.berner","@id":"https:\/\/www.organisator.ch\/#\/schema\/person\/6f650f90b2842cd4c0cc334b4e36f67e"},"headline":"Wertstoffsammler Mr. Green f\u00e4hrt nun elektrisch","datePublished":"2022-05-04T11:37:24+00:00","mainEntityOfPage":{"@id":"https:\/\/www.organisator.ch\/sustainability\/2022-05-04\/wertstoffsammler-mr-green-faehrt-nun-elektrisch\/"},"wordCount":450,"publisher":{"@id":"https:\/\/www.organisator.ch\/#organization"},"image":{"@id":"https:\/\/www.organisator.ch\/sustainability\/2022-05-04\/wertstoffsammler-mr-green-faehrt-nun-elektrisch\/#primaryimage"},"thumbnailUrl":"https:\/\/www.organisator.ch\/wp-content\/uploads\/2022\/05\/Wertstoffsammler-Mr-Green-faehrt-nun-elektrisch_Organisator.jpg","keywords":["E-Mobilit\u00e4t","Kreislaufwirtschaft","Logistik"],"articleSection":["SUSTAINABILITY"],"inLanguage":"it-IT"},{"@type":"WebPage","@id":"https:\/\/www.organisator.ch\/sustainability\/2022-05-04\/wertstoffsammler-mr-green-faehrt-nun-elektrisch\/","url":"https:\/\/www.organisator.ch\/sustainability\/2022-05-04\/wertstoffsammler-mr-green-faehrt-nun-elektrisch\/","name":"Il raccoglitore di rifiuti Mr. Green ora diventa elettrico - Organizzatore","isPartOf":{"@id":"https:\/\/www.organisator.ch\/#website"},"primaryImageOfPage":{"@id":"https:\/\/www.organisator.ch\/sustainability\/2022-05-04\/wertstoffsammler-mr-green-faehrt-nun-elektrisch\/#primaryimage"},"image":{"@id":"https:\/\/www.organisator.ch\/sustainability\/2022-05-04\/wertstoffsammler-mr-green-faehrt-nun-elektrisch\/#primaryimage"},"thumbnailUrl":"https:\/\/www.organisator.ch\/wp-content\/uploads\/2022\/05\/Wertstoffsammler-Mr-Green-faehrt-nun-elektrisch_Organisator.jpg","datePublished":"2022-05-04T11:37:24+00:00","description":"La societ\u00e0 di logistica YEPP Logistics guida i veicoli ad alimentazione elettrica per i raccoglitori di Mr. Green.","breadcrumb":{"@id":"https:\/\/www.organisator.ch\/sustainability\/2022-05-04\/wertstoffsammler-mr-green-faehrt-nun-elektrisch\/#breadcrumb"},"inLanguage":"it-IT","potentialAction":[{"@type":"ReadAction","target":["https:\/\/www.organisator.ch\/sustainability\/2022-05-04\/wertstoffsammler-mr-green-faehrt-nun-elektrisch\/"]}]},{"@type":"ImageObject","inLanguage":"it-IT","@id":"https:\/\/www.organisator.ch\/sustainability\/2022-05-04\/wertstoffsammler-mr-green-faehrt-nun-elektrisch\/#primaryimage","url":"https:\/\/www.organisator.ch\/wp-content\/uploads\/2022\/05\/Wertstoffsammler-Mr-Green-faehrt-nun-elektrisch_Organisator.jpg","contentUrl":"https:\/\/www.organisator.ch\/wp-content\/uploads\/2022\/05\/Wertstoffsammler-Mr-Green-faehrt-nun-elektrisch_Organisator.jpg","width":680,"height":379,"caption":"Elektrisch betriebene Fahrzeuge von Yepp Logistics gehen nun f\u00fcr Mr. Green auf Tour. (Bild: Yepp)"},{"@type":"BreadcrumbList","@id":"https:\/\/www.organisator.ch\/sustainability\/2022-05-04\/wertstoffsammler-mr-green-faehrt-nun-elektrisch\/#breadcrumb","itemListElement":[{"@type":"ListItem","position":1,"name":"Home","item":"https:\/\/www.organisator.ch\/"},{"@type":"ListItem","position":2,"name":"Wertstoffsammler Mr. Green f\u00e4hrt nun elektrisch"}]},{"@type":"WebSite","@id":"https:\/\/www.organisator.ch\/#website","url":"https:\/\/www.organisator.ch\/","name":"Organizzatore","description":"Competente. Pratico. In 10 numeri all'anno, ORGANISATOR presenta i temi essenziali per i manager delle PMI.","publisher":{"@id":"https:\/\/www.organisator.ch\/#organization"},"potentialAction":[{"@type":"SearchAction","target":{"@type":"EntryPoint","urlTemplate":"https:\/\/www.organisator.ch\/?s={search_term_string}"},"query-input":{"@type":"PropertyValueSpecification","valueRequired":true,"valueName":"search_term_string"}}],"inLanguage":"it-IT"},{"@type":"Organization","@id":"https:\/\/www.organisator.ch\/#organization","name":"Organizzatore","url":"https:\/\/www.organisator.ch\/","logo":{"@type":"ImageObject","inLanguage":"it-IT","@id":"https:\/\/www.organisator.ch\/#\/schema\/logo\/image\/","url":"https:\/\/www.organisator.ch\/wp-content\/uploads\/2022\/01\/Logo_Organisator_Website.png","contentUrl":"https:\/\/www.organisator.ch\/wp-content\/uploads\/2022\/01\/Logo_Organisator_Website.png","width":800,"height":77,"caption":"Organisator"},"image":{"@id":"https:\/\/www.organisator.ch\/#\/schema\/logo\/image\/"},"sameAs":["https:\/\/www.facebook.com\/OrganisatorFachmagazin","https:\/\/www.linkedin.com\/showcase\/organisator-das-magazin-fr-kmu","https:\/\/www.xing.com\/news\/pages\/organisator-ch-695","https:\/\/www.youtube.com\/channel\/UCGP2Sq0iWaZwT3BdIAQFYpw"]},{"@type":"Person","@id":"https:\/\/www.organisator.ch\/#\/schema\/person\/6f650f90b2842cd4c0cc334b4e36f67e","name":"Tommaso.berner","image":{"@type":"ImageObject","inLanguage":"it-IT","@id":"https:\/\/secure.gravatar.com\/avatar\/ac5001d2a36cb6c6cd3e50789007ffca834b477b74a2144564522e944eabff61?s=96&d=mm&r=g","url":"https:\/\/secure.gravatar.com\/avatar\/ac5001d2a36cb6c6cd3e50789007ffca834b477b74a2144564522e944eabff61?s=96&d=mm&r=g","contentUrl":"https:\/\/secure.gravatar.com\/avatar\/ac5001d2a36cb6c6cd3e50789007ffca834b477b74a2144564522e944eabff61?s=96&d=mm&r=g","caption":"thomas.berner"},"url":"https:\/\/www.organisator.ch\/it\/author\/thomas-berner\/"}]}},"_links":{"self":[{"href":"https:\/\/www.organisator.ch\/it\/wp-json\/wp\/v2\/posts\/12776","targetHints":{"allow":["GET"]}}],"collection":[{"href":"https:\/\/www.organisator.ch\/it\/wp-json\/wp\/v2\/posts"}],"about":[{"href":"https:\/\/www.organisator.ch\/it\/wp-json\/wp\/v2\/types\/post"}],"author":[{"embeddable":true,"href":"https:\/\/www.organisator.ch\/it\/wp-json\/wp\/v2\/users\/4"}],"replies":[{"embeddable":true,"href":"https:\/\/www.organisator.ch\/it\/wp-json\/wp\/v2\/comments?post=12776"}],"version-history":[{"count":3,"href":"https:\/\/www.organisator.ch\/it\/wp-json\/wp\/v2\/posts\/12776\/revisions"}],"predecessor-version":[{"id":12826,"href":"https:\/\/www.organisator.ch\/it\/wp-json\/wp\/v2\/posts\/12776\/revisions\/12826"}],"wp:featuredmedia":[{"embeddable":true,"href":"https:\/\/www.organisator.ch\/it\/wp-json\/wp\/v2\/media\/12777"}],"wp:attachment":[{"href":"https:\/\/www.organisator.ch\/it\/wp-json\/wp\/v2\/media?parent=12776"}],"wp:term":[{"taxonomy":"category","embeddable":true,"href":"https:\/\/www.organisator.ch\/it\/wp-json\/wp\/v2\/categories?post=12776"},{"taxonomy":"post_tag","embeddable":true,"href":"https:\/\/www.organisator.ch\/it\/wp-json\/wp\/v2\/tags?post=12776"}],"curies":[{"name":"wp","href":"https:\/\/api.w.org\/{rel}","templated":true}]}}