{"id":12780,"date":"2022-05-05T13:47:01","date_gmt":"2022-05-05T11:47:01","guid":{"rendered":"https:\/\/www.organisator.ch\/?p=12780"},"modified":"2022-05-04T14:01:08","modified_gmt":"2022-05-04T12:01:08","slug":"wachstum-von-noventa-eroeffnet-neue-karrierechancen","status":"publish","type":"post","link":"https:\/\/www.organisator.ch\/it\/management\/2022-05-05\/wachstum-von-noventa-eroeffnet-neue-karrierechancen\/","title":{"rendered":"La crescita di Noventa apre nuove opportunit\u00e0 di carriera"},"content":{"rendered":"<figure id=\"attachment_12781\" aria-describedby=\"caption-attachment-12781\" style=\"width: 680px\" class=\"wp-caption alignnone\"><img loading=\"lazy\" decoding=\"async\" class=\"size-full wp-image-12781\" src=\"https:\/\/www.organisator.ch\/wp-content\/uploads\/2022\/05\/Wachstum-von-Noventa-eroeffnet-neue-Karrierechancen_Organisator.jpg\" alt=\"\" width=\"680\" height=\"454\" srcset=\"https:\/\/www.organisator.ch\/wp-content\/uploads\/2022\/05\/Wachstum-von-Noventa-eroeffnet-neue-Karrierechancen_Organisator.jpg 680w, https:\/\/www.organisator.ch\/wp-content\/uploads\/2022\/05\/Wachstum-von-Noventa-eroeffnet-neue-Karrierechancen_Organisator-18x12.jpg 18w, https:\/\/www.organisator.ch\/wp-content\/uploads\/2022\/05\/Wachstum-von-Noventa-eroeffnet-neue-Karrierechancen_Organisator-262x175.jpg 262w, https:\/\/www.organisator.ch\/wp-content\/uploads\/2022\/05\/Wachstum-von-Noventa-eroeffnet-neue-Karrierechancen_Organisator-524x350.jpg 524w, https:\/\/www.organisator.ch\/wp-content\/uploads\/2022\/05\/Wachstum-von-Noventa-eroeffnet-neue-Karrierechancen_Organisator-300x200.jpg 300w\" sizes=\"auto, (max-width: 680px) 100vw, 680px\" \/><figcaption id=\"caption-attachment-12781\" class=\"wp-caption-text\">Alla ricerca di talenti per portare avanti i progetti lungimiranti in modo mirato: Il CEO Patrick Besserer e la responsabile del progetto Rahel Hasler. (Immagine: zVg \/ Noventa)<\/figcaption><\/figure>\n<p>Grazie a nuovi clienti, progetti e prodotti, l'azienda tecnologica Noventa continua a crescere come partner di sviluppo e produzione di OEM affermati e giovani aziende innovative. \"Dopo tempi difficili, ci aspettiamo un anno promettente con nuovi clienti e prodotti innovativi. In questo modo abbiamo potuto raggiungere per la prima volta un fatturato di oltre 100 milioni di franchi svizzeri\", dice Patrick Besserer, CEO di Noventa AG. I progetti per i clienti esistenti come CWS, LaPreva, Laufen, V-Zug, K\u00e4rcher e Winterhalter contribuiranno anche a questo.<\/p>\n<h3><strong>La crescita di Noventa offre opportunit\u00e0 per nuovi dipendenti<\/strong><\/h3>\n<p>Con la sua crescita, l'azienda sta anche aprendo opportunit\u00e0 di carriera per nuovi dipendenti. \"Grazie al portafoglio ordini pieno, ai nuovi clienti e ai nuovi progetti, siamo chiaramente su un percorso di crescita. In quasi tutte le aree, stiamo aprendo opportunit\u00e0 per i nuovi talenti per plasmare attivamente il futuro della nostra azienda\", dice il Chief Business Administration Philippe B\u00fcrki. Nei prossimi mesi, l'azienda pubblicizzer\u00e0 numerosi posti vacanti, secondo la dichiarazione. Il sito di Diepoldsau \u00e8 gi\u00e0 alla ricerca di un rinforzo del personale per i compiti di amministrazione aziendale, ma anche per la gestione dei progetti, lo sviluppo, gli acquisti e le finanze.<\/p>\n<h3><strong>Piani di modernizzazione e di espansione per tutte le sedi<\/strong><\/h3>\n<p>I segmenti dei prodotti industriali e dei prodotti sanitari e per l'igiene in particolare si stanno sviluppando positivamente, ma la crescita sta anche aumentando significativamente nei segmenti dei beni di consumo, dell'automobile e delle macchine da caff\u00e8. Pertanto, tutte le sedi sono completamente utilizzate e la Noventa AG sta portando avanti il suo ulteriore sviluppo, continua la dichiarazione ai media. Il sito rumeno \u00e8 stato modernizzato e ampliato con nuovi uffici e spazi di produzione, nonch\u00e9 con ulteriori macchine per lo stampaggio a iniezione. Un'espansione dello spazio di produzione \u00e8 prevista anche nel sito di produzione in Tailandia. Nella sede svizzera, l'azienda continua a investire nel suo centro di innovazione per creare ancora pi\u00f9 spazio per la creativit\u00e0 e lo sviluppo.<\/p>\n<h3><strong>Noventa sviluppa e produce prodotti all'avanguardia per i clienti<\/strong><\/h3>\n<p>Con circa 700 dipendenti e siti di produzione in Svizzera, Tailandia e Romania, l'azienda tecnologica supporta lo sviluppo e la fabbricazione di prodotti per il futuro. \"Siamo orgogliosi di sviluppare e produrre prodotti innovativi per la maturit\u00e0 del mercato insieme ai nostri clienti\", dice lo sviluppatore del prodotto Christian Frei. \"Questo \u00e8 anche particolarmente vantaggioso per le aziende che vogliono lavorare con uno specialista per sistemi di prodotti sofisticati\".<\/p>\n<p>Un esempio recente \u00e8 il baby monitor \"Sandy\" di Dokoki, che \u00e8 dotato di telecamere, un aiuto per il sonno, un lettore multimediale integrato e una comunicazione bidirezionale e pu\u00f2 essere comodamente controllato tramite uno smartphone. Noventa illustra anche il suo entusiasmo per le nuove idee con una prima mondiale: Il sistema igienico e senza acqua Clesana per camper e barche sar\u00e0 lanciato gi\u00e0 nel secondo trimestre del 2022. Per Laufen, Noventa produce la toilette con doccia di alta qualit\u00e0 Aqiva specialmente per il mercato cinese, e per CWS i sistemi igienici moderni e attraenti della linea di prodotti CWS PureLine.<\/p>\n<h3><strong>Da specialista della plastica a centro di innovazione e produzione<\/strong><\/h3>\n<p>Le radici di Noventa risalgono al 1958. Nel frattempo, l'azienda si \u00e8 sviluppata in un efficiente centro di innovazione e produzione di sistemi di prodotti sofisticati che vengono realizzati e prodotti per conto dei clienti. Con circa 700 collaboratori in tre sedi (sede centrale in Svizzera, Tailandia e Romania), il gruppo Noventa ha raggiunto nel 2021 un fatturato annuo di circa 82 milioni di CHF. \u00c8 guidata da un team di gestione di tre persone, che detiene anche una quota di maggioranza della societ\u00e0. I suoi clienti includono Bernina, Compleo, CWS, Laufen, LaPreva, Ivoclar, K\u00e4rcher, Siemens, SKROSS, V-Zug e Winterhalter. Dal 2004, Noventa ha agito come azienda vetrina per la gestione snella. Dopo l'introduzione della Lean Production, l'azienda ha aumentato significativamente il suo fatturato sulla stessa superficie. Anche i clienti dell'azienda beneficiano di questo know-how. Il gruppo Noventa comprende le filiali Noventa (Thailandia) Co., Ltd, Noventa Romania S.R.L. (Romania), Noventa Tooling AG (Widnau), Noventa Consulting AG (Diepoldsau) e LaPreva AG (Diepoldsau).<\/p>\n<p><a href=\"http:\/\/www.noventa.com\"><em>Ulteriori informazioni<\/em><\/a><\/p>","protected":false},"excerpt":{"rendered":"<p>Dank neuer Kunden, Projekte und Produkte ist das Technologieunternehmen Noventa als Entwicklungs- und Fertigungspartner von etablierten OEM und innovativen Jungunternehmen weiter auf Wachstumskurs. \u00abNach herausfordernden Zeiten blicken wir auf ein vielversprechendes Jahr mit neuen Kunden und wegweisenden Produkten. Dabei k\u00f6nnten wir erstmals einen Umsatz von \u00fcber 100 Mio. Franken erreichen\u00bb, so Patrick Besserer, CEO der [&hellip;]<\/p>\n","protected":false},"author":4,"featured_media":12781,"comment_status":"closed","ping_status":"closed","sticky":false,"template":"","format":"standard","meta":{"_acf_changed":false,"_yoast_wpseo_focuskw":"Noventa","_yoast_wpseo_metadesc":"Dank voller Auftragsb\u00fccher, neuer Kunden und zukunftsweisender Projekte k\u00f6nnte Noventa die Umsatzmarke von 100 Mio. Franken 2022 knacken.","articlekey":"","footnotes":""},"categories":[28],"tags":[236,294,492],"class_list":["post-12780","post","type-post","status-publish","format-standard","has-post-thumbnail","hentry","category-management","tag-geschaeftsbericht","tag-karriere","tag-unternehmen"],"acf":[],"yoast_head":"<!-- This site is optimized with the Yoast SEO plugin v27.5 - https:\/\/yoast.com\/product\/yoast-seo-wordpress\/ -->\n<title>Wachstum von Noventa er\u00f6ffnet neue Karrierechancen - Organisator<\/title>\n<meta name=\"description\" content=\"Dank voller Auftragsb\u00fccher, neuer Kunden und zukunftsweisender Projekte k\u00f6nnte Noventa die Umsatzmarke von 100 Mio. Franken 2022 knacken.\" \/>\n<meta name=\"robots\" content=\"index, follow, max-snippet:-1, max-image-preview:large, max-video-preview:-1\" \/>\n<link rel=\"canonical\" href=\"https:\/\/www.organisator.ch\/it\/gestione-2\/2022-05-05\/wachstum-von-noventa-eroeffnet-neue-karrierechancen\/\" \/>\n<meta property=\"og:locale\" content=\"it_IT\" \/>\n<meta property=\"og:type\" content=\"article\" \/>\n<meta property=\"og:title\" content=\"Wachstum von Noventa er\u00f6ffnet neue Karrierechancen\" \/>\n<meta property=\"og:description\" content=\"Dank voller Auftragsb\u00fccher, neuer Kunden und zukunftsweisender Projekte k\u00f6nnte Noventa die Umsatzmarke von 100 Mio. Franken 2022 knacken.\" \/>\n<meta property=\"og:url\" content=\"https:\/\/www.organisator.ch\/it\/gestione-2\/2022-05-05\/wachstum-von-noventa-eroeffnet-neue-karrierechancen\/\" \/>\n<meta property=\"og:site_name\" content=\"Organisator\" \/>\n<meta property=\"article:publisher\" content=\"https:\/\/www.facebook.com\/OrganisatorFachmagazin\" \/>\n<meta property=\"article:published_time\" content=\"2022-05-05T11:47:01+00:00\" \/>\n<meta property=\"og:image\" content=\"https:\/\/www.organisator.ch\/wp-content\/uploads\/2022\/05\/Wachstum-von-Noventa-eroeffnet-neue-Karrierechancen_Organisator.jpg\" \/>\n\t<meta property=\"og:image:width\" content=\"680\" \/>\n\t<meta property=\"og:image:height\" content=\"454\" \/>\n\t<meta property=\"og:image:type\" content=\"image\/jpeg\" \/>\n<meta name=\"author\" content=\"thomas.berner\" \/>\n<meta name=\"twitter:card\" content=\"summary_large_image\" \/>\n<meta name=\"twitter:title\" content=\"Wachstum von #Noventa er\u00f6ffnet neue #Karrierechancen\" \/>\n<meta name=\"twitter:description\" content=\"Dank voller #Auftragsb\u00fccher, neuer Kunden und zukunftsweisender Projekte k\u00f6nnte #Noventa die #Umsatzmarke von 100 Mio. Franken 2022 knacken.\" \/>\n<meta name=\"twitter:image\" content=\"https:\/\/www.organisator.ch\/wp-content\/uploads\/2022\/05\/Wachstum-von-Noventa-eroeffnet-neue-Karrierechancen_Organisator.jpg\" \/>\n<script type=\"application\/ld+json\" class=\"yoast-schema-graph\">{\"@context\":\"https:\\\/\\\/schema.org\",\"@graph\":[{\"@type\":\"Article\",\"@id\":\"https:\\\/\\\/www.organisator.ch\\\/management\\\/2022-05-05\\\/wachstum-von-noventa-eroeffnet-neue-karrierechancen\\\/#article\",\"isPartOf\":{\"@id\":\"https:\\\/\\\/www.organisator.ch\\\/management\\\/2022-05-05\\\/wachstum-von-noventa-eroeffnet-neue-karrierechancen\\\/\"},\"author\":{\"name\":\"thomas.berner\",\"@id\":\"https:\\\/\\\/www.organisator.ch\\\/#\\\/schema\\\/person\\\/6f650f90b2842cd4c0cc334b4e36f67e\"},\"headline\":\"Wachstum von Noventa er\u00f6ffnet neue Karrierechancen\",\"datePublished\":\"2022-05-05T11:47:01+00:00\",\"mainEntityOfPage\":{\"@id\":\"https:\\\/\\\/www.organisator.ch\\\/management\\\/2022-05-05\\\/wachstum-von-noventa-eroeffnet-neue-karrierechancen\\\/\"},\"wordCount\":637,\"publisher\":{\"@id\":\"https:\\\/\\\/www.organisator.ch\\\/#organization\"},\"image\":{\"@id\":\"https:\\\/\\\/www.organisator.ch\\\/management\\\/2022-05-05\\\/wachstum-von-noventa-eroeffnet-neue-karrierechancen\\\/#primaryimage\"},\"thumbnailUrl\":\"https:\\\/\\\/www.organisator.ch\\\/wp-content\\\/uploads\\\/2022\\\/05\\\/Wachstum-von-Noventa-eroeffnet-neue-Karrierechancen_Organisator.jpg\",\"keywords\":[\"Gesch\u00e4ftsbericht\",\"Karriere\",\"Unternehmen\"],\"articleSection\":[\"MANAGEMENT\"],\"inLanguage\":\"it-IT\"},{\"@type\":\"WebPage\",\"@id\":\"https:\\\/\\\/www.organisator.ch\\\/management\\\/2022-05-05\\\/wachstum-von-noventa-eroeffnet-neue-karrierechancen\\\/\",\"url\":\"https:\\\/\\\/www.organisator.ch\\\/management\\\/2022-05-05\\\/wachstum-von-noventa-eroeffnet-neue-karrierechancen\\\/\",\"name\":\"Wachstum von Noventa er\u00f6ffnet neue Karrierechancen - Organisator\",\"isPartOf\":{\"@id\":\"https:\\\/\\\/www.organisator.ch\\\/#website\"},\"primaryImageOfPage\":{\"@id\":\"https:\\\/\\\/www.organisator.ch\\\/management\\\/2022-05-05\\\/wachstum-von-noventa-eroeffnet-neue-karrierechancen\\\/#primaryimage\"},\"image\":{\"@id\":\"https:\\\/\\\/www.organisator.ch\\\/management\\\/2022-05-05\\\/wachstum-von-noventa-eroeffnet-neue-karrierechancen\\\/#primaryimage\"},\"thumbnailUrl\":\"https:\\\/\\\/www.organisator.ch\\\/wp-content\\\/uploads\\\/2022\\\/05\\\/Wachstum-von-Noventa-eroeffnet-neue-Karrierechancen_Organisator.jpg\",\"datePublished\":\"2022-05-05T11:47:01+00:00\",\"description\":\"Dank voller Auftragsb\u00fccher, neuer Kunden und zukunftsweisender Projekte k\u00f6nnte Noventa die Umsatzmarke von 100 Mio. Franken 2022 knacken.\",\"breadcrumb\":{\"@id\":\"https:\\\/\\\/www.organisator.ch\\\/management\\\/2022-05-05\\\/wachstum-von-noventa-eroeffnet-neue-karrierechancen\\\/#breadcrumb\"},\"inLanguage\":\"it-IT\",\"potentialAction\":[{\"@type\":\"ReadAction\",\"target\":[\"https:\\\/\\\/www.organisator.ch\\\/management\\\/2022-05-05\\\/wachstum-von-noventa-eroeffnet-neue-karrierechancen\\\/\"]}]},{\"@type\":\"ImageObject\",\"inLanguage\":\"it-IT\",\"@id\":\"https:\\\/\\\/www.organisator.ch\\\/management\\\/2022-05-05\\\/wachstum-von-noventa-eroeffnet-neue-karrierechancen\\\/#primaryimage\",\"url\":\"https:\\\/\\\/www.organisator.ch\\\/wp-content\\\/uploads\\\/2022\\\/05\\\/Wachstum-von-Noventa-eroeffnet-neue-Karrierechancen_Organisator.jpg\",\"contentUrl\":\"https:\\\/\\\/www.organisator.ch\\\/wp-content\\\/uploads\\\/2022\\\/05\\\/Wachstum-von-Noventa-eroeffnet-neue-Karrierechancen_Organisator.jpg\",\"width\":680,\"height\":454,\"caption\":\"Auf der Suche nach Talenten, die die zukunftsweisenden Projekte zielgerichtet vorantreiben: Noventa CEO Patrick Besserer und Project-Managerin Rahel Hasler. (Bild: zVg \\\/ Noventa)\"},{\"@type\":\"BreadcrumbList\",\"@id\":\"https:\\\/\\\/www.organisator.ch\\\/management\\\/2022-05-05\\\/wachstum-von-noventa-eroeffnet-neue-karrierechancen\\\/#breadcrumb\",\"itemListElement\":[{\"@type\":\"ListItem\",\"position\":1,\"name\":\"Home\",\"item\":\"https:\\\/\\\/www.organisator.ch\\\/\"},{\"@type\":\"ListItem\",\"position\":2,\"name\":\"Wachstum von Noventa er\u00f6ffnet neue Karrierechancen\"}]},{\"@type\":\"WebSite\",\"@id\":\"https:\\\/\\\/www.organisator.ch\\\/#website\",\"url\":\"https:\\\/\\\/www.organisator.ch\\\/\",\"name\":\"Organisator\",\"description\":\"Kompetent. Praxisnah. Der ORGANISATOR bereitet in 10 Ausgaben pro Jahr die wesentlichen Themen f\u00fcr F\u00fchrungskr\u00e4fte von KMU auf.\",\"publisher\":{\"@id\":\"https:\\\/\\\/www.organisator.ch\\\/#organization\"},\"potentialAction\":[{\"@type\":\"SearchAction\",\"target\":{\"@type\":\"EntryPoint\",\"urlTemplate\":\"https:\\\/\\\/www.organisator.ch\\\/?s={search_term_string}\"},\"query-input\":{\"@type\":\"PropertyValueSpecification\",\"valueRequired\":true,\"valueName\":\"search_term_string\"}}],\"inLanguage\":\"it-IT\"},{\"@type\":\"Organization\",\"@id\":\"https:\\\/\\\/www.organisator.ch\\\/#organization\",\"name\":\"Organisator\",\"url\":\"https:\\\/\\\/www.organisator.ch\\\/\",\"logo\":{\"@type\":\"ImageObject\",\"inLanguage\":\"it-IT\",\"@id\":\"https:\\\/\\\/www.organisator.ch\\\/#\\\/schema\\\/logo\\\/image\\\/\",\"url\":\"https:\\\/\\\/www.organisator.ch\\\/wp-content\\\/uploads\\\/2022\\\/01\\\/Logo_Organisator_Website.png\",\"contentUrl\":\"https:\\\/\\\/www.organisator.ch\\\/wp-content\\\/uploads\\\/2022\\\/01\\\/Logo_Organisator_Website.png\",\"width\":800,\"height\":77,\"caption\":\"Organisator\"},\"image\":{\"@id\":\"https:\\\/\\\/www.organisator.ch\\\/#\\\/schema\\\/logo\\\/image\\\/\"},\"sameAs\":[\"https:\\\/\\\/www.facebook.com\\\/OrganisatorFachmagazin\",\"https:\\\/\\\/www.linkedin.com\\\/showcase\\\/organisator-das-magazin-fr-kmu\",\"https:\\\/\\\/www.xing.com\\\/news\\\/pages\\\/organisator-ch-695\",\"https:\\\/\\\/www.youtube.com\\\/channel\\\/UCGP2Sq0iWaZwT3BdIAQFYpw\"]},{\"@type\":\"Person\",\"@id\":\"https:\\\/\\\/www.organisator.ch\\\/#\\\/schema\\\/person\\\/6f650f90b2842cd4c0cc334b4e36f67e\",\"name\":\"thomas.berner\",\"image\":{\"@type\":\"ImageObject\",\"inLanguage\":\"it-IT\",\"@id\":\"https:\\\/\\\/secure.gravatar.com\\\/avatar\\\/ac5001d2a36cb6c6cd3e50789007ffca834b477b74a2144564522e944eabff61?s=96&d=mm&r=g\",\"url\":\"https:\\\/\\\/secure.gravatar.com\\\/avatar\\\/ac5001d2a36cb6c6cd3e50789007ffca834b477b74a2144564522e944eabff61?s=96&d=mm&r=g\",\"contentUrl\":\"https:\\\/\\\/secure.gravatar.com\\\/avatar\\\/ac5001d2a36cb6c6cd3e50789007ffca834b477b74a2144564522e944eabff61?s=96&d=mm&r=g\",\"caption\":\"thomas.berner\"},\"url\":\"https:\\\/\\\/www.organisator.ch\\\/it\\\/author\\\/thomas-berner\\\/\"}]}<\/script>\n<!-- \/ Yoast SEO plugin. -->","yoast_head_json":{"title":"La crescita di Noventa apre nuove opportunit\u00e0 di carriera - Organizzatore","description":"Grazie a un portafoglio ordini completo, a nuovi clienti e a progetti lungimiranti, Noventa potrebbe superare la soglia dei 100 milioni di franchi svizzeri di fatturato nel 2022.","robots":{"index":"index","follow":"follow","max-snippet":"max-snippet:-1","max-image-preview":"max-image-preview:large","max-video-preview":"max-video-preview:-1"},"canonical":"https:\/\/www.organisator.ch\/it\/gestione-2\/2022-05-05\/wachstum-von-noventa-eroeffnet-neue-karrierechancen\/","og_locale":"it_IT","og_type":"article","og_title":"Wachstum von Noventa er\u00f6ffnet neue Karrierechancen","og_description":"Dank voller Auftragsb\u00fccher, neuer Kunden und zukunftsweisender Projekte k\u00f6nnte Noventa die Umsatzmarke von 100 Mio. Franken 2022 knacken.","og_url":"https:\/\/www.organisator.ch\/it\/gestione-2\/2022-05-05\/wachstum-von-noventa-eroeffnet-neue-karrierechancen\/","og_site_name":"Organisator","article_publisher":"https:\/\/www.facebook.com\/OrganisatorFachmagazin","article_published_time":"2022-05-05T11:47:01+00:00","og_image":[{"width":680,"height":454,"url":"https:\/\/www.organisator.ch\/wp-content\/uploads\/2022\/05\/Wachstum-von-Noventa-eroeffnet-neue-Karrierechancen_Organisator.jpg","type":"image\/jpeg"}],"author":"thomas.berner","twitter_card":"summary_large_image","twitter_title":"Wachstum von #Noventa er\u00f6ffnet neue #Karrierechancen","twitter_description":"Dank voller #Auftragsb\u00fccher, neuer Kunden und zukunftsweisender Projekte k\u00f6nnte #Noventa die #Umsatzmarke von 100 Mio. Franken 2022 knacken.","twitter_image":"https:\/\/www.organisator.ch\/wp-content\/uploads\/2022\/05\/Wachstum-von-Noventa-eroeffnet-neue-Karrierechancen_Organisator.jpg","schema":{"@context":"https:\/\/schema.org","@graph":[{"@type":"Article","@id":"https:\/\/www.organisator.ch\/management\/2022-05-05\/wachstum-von-noventa-eroeffnet-neue-karrierechancen\/#article","isPartOf":{"@id":"https:\/\/www.organisator.ch\/management\/2022-05-05\/wachstum-von-noventa-eroeffnet-neue-karrierechancen\/"},"author":{"name":"thomas.berner","@id":"https:\/\/www.organisator.ch\/#\/schema\/person\/6f650f90b2842cd4c0cc334b4e36f67e"},"headline":"Wachstum von Noventa er\u00f6ffnet neue Karrierechancen","datePublished":"2022-05-05T11:47:01+00:00","mainEntityOfPage":{"@id":"https:\/\/www.organisator.ch\/management\/2022-05-05\/wachstum-von-noventa-eroeffnet-neue-karrierechancen\/"},"wordCount":637,"publisher":{"@id":"https:\/\/www.organisator.ch\/#organization"},"image":{"@id":"https:\/\/www.organisator.ch\/management\/2022-05-05\/wachstum-von-noventa-eroeffnet-neue-karrierechancen\/#primaryimage"},"thumbnailUrl":"https:\/\/www.organisator.ch\/wp-content\/uploads\/2022\/05\/Wachstum-von-Noventa-eroeffnet-neue-Karrierechancen_Organisator.jpg","keywords":["Gesch\u00e4ftsbericht","Karriere","Unternehmen"],"articleSection":["MANAGEMENT"],"inLanguage":"it-IT"},{"@type":"WebPage","@id":"https:\/\/www.organisator.ch\/management\/2022-05-05\/wachstum-von-noventa-eroeffnet-neue-karrierechancen\/","url":"https:\/\/www.organisator.ch\/management\/2022-05-05\/wachstum-von-noventa-eroeffnet-neue-karrierechancen\/","name":"La crescita di Noventa apre nuove opportunit\u00e0 di carriera - Organizzatore","isPartOf":{"@id":"https:\/\/www.organisator.ch\/#website"},"primaryImageOfPage":{"@id":"https:\/\/www.organisator.ch\/management\/2022-05-05\/wachstum-von-noventa-eroeffnet-neue-karrierechancen\/#primaryimage"},"image":{"@id":"https:\/\/www.organisator.ch\/management\/2022-05-05\/wachstum-von-noventa-eroeffnet-neue-karrierechancen\/#primaryimage"},"thumbnailUrl":"https:\/\/www.organisator.ch\/wp-content\/uploads\/2022\/05\/Wachstum-von-Noventa-eroeffnet-neue-Karrierechancen_Organisator.jpg","datePublished":"2022-05-05T11:47:01+00:00","description":"Grazie a un portafoglio ordini completo, a nuovi clienti e a progetti lungimiranti, Noventa potrebbe superare la soglia dei 100 milioni di franchi svizzeri di fatturato nel 2022.","breadcrumb":{"@id":"https:\/\/www.organisator.ch\/management\/2022-05-05\/wachstum-von-noventa-eroeffnet-neue-karrierechancen\/#breadcrumb"},"inLanguage":"it-IT","potentialAction":[{"@type":"ReadAction","target":["https:\/\/www.organisator.ch\/management\/2022-05-05\/wachstum-von-noventa-eroeffnet-neue-karrierechancen\/"]}]},{"@type":"ImageObject","inLanguage":"it-IT","@id":"https:\/\/www.organisator.ch\/management\/2022-05-05\/wachstum-von-noventa-eroeffnet-neue-karrierechancen\/#primaryimage","url":"https:\/\/www.organisator.ch\/wp-content\/uploads\/2022\/05\/Wachstum-von-Noventa-eroeffnet-neue-Karrierechancen_Organisator.jpg","contentUrl":"https:\/\/www.organisator.ch\/wp-content\/uploads\/2022\/05\/Wachstum-von-Noventa-eroeffnet-neue-Karrierechancen_Organisator.jpg","width":680,"height":454,"caption":"Auf der Suche nach Talenten, die die zukunftsweisenden Projekte zielgerichtet vorantreiben: Noventa CEO Patrick Besserer und Project-Managerin Rahel Hasler. (Bild: zVg \/ Noventa)"},{"@type":"BreadcrumbList","@id":"https:\/\/www.organisator.ch\/management\/2022-05-05\/wachstum-von-noventa-eroeffnet-neue-karrierechancen\/#breadcrumb","itemListElement":[{"@type":"ListItem","position":1,"name":"Home","item":"https:\/\/www.organisator.ch\/"},{"@type":"ListItem","position":2,"name":"Wachstum von Noventa er\u00f6ffnet neue Karrierechancen"}]},{"@type":"WebSite","@id":"https:\/\/www.organisator.ch\/#website","url":"https:\/\/www.organisator.ch\/","name":"Organizzatore","description":"Competente. Pratico. In 10 numeri all'anno, ORGANISATOR presenta i temi essenziali per i manager delle PMI.","publisher":{"@id":"https:\/\/www.organisator.ch\/#organization"},"potentialAction":[{"@type":"SearchAction","target":{"@type":"EntryPoint","urlTemplate":"https:\/\/www.organisator.ch\/?s={search_term_string}"},"query-input":{"@type":"PropertyValueSpecification","valueRequired":true,"valueName":"search_term_string"}}],"inLanguage":"it-IT"},{"@type":"Organization","@id":"https:\/\/www.organisator.ch\/#organization","name":"Organizzatore","url":"https:\/\/www.organisator.ch\/","logo":{"@type":"ImageObject","inLanguage":"it-IT","@id":"https:\/\/www.organisator.ch\/#\/schema\/logo\/image\/","url":"https:\/\/www.organisator.ch\/wp-content\/uploads\/2022\/01\/Logo_Organisator_Website.png","contentUrl":"https:\/\/www.organisator.ch\/wp-content\/uploads\/2022\/01\/Logo_Organisator_Website.png","width":800,"height":77,"caption":"Organisator"},"image":{"@id":"https:\/\/www.organisator.ch\/#\/schema\/logo\/image\/"},"sameAs":["https:\/\/www.facebook.com\/OrganisatorFachmagazin","https:\/\/www.linkedin.com\/showcase\/organisator-das-magazin-fr-kmu","https:\/\/www.xing.com\/news\/pages\/organisator-ch-695","https:\/\/www.youtube.com\/channel\/UCGP2Sq0iWaZwT3BdIAQFYpw"]},{"@type":"Person","@id":"https:\/\/www.organisator.ch\/#\/schema\/person\/6f650f90b2842cd4c0cc334b4e36f67e","name":"Tommaso.berner","image":{"@type":"ImageObject","inLanguage":"it-IT","@id":"https:\/\/secure.gravatar.com\/avatar\/ac5001d2a36cb6c6cd3e50789007ffca834b477b74a2144564522e944eabff61?s=96&d=mm&r=g","url":"https:\/\/secure.gravatar.com\/avatar\/ac5001d2a36cb6c6cd3e50789007ffca834b477b74a2144564522e944eabff61?s=96&d=mm&r=g","contentUrl":"https:\/\/secure.gravatar.com\/avatar\/ac5001d2a36cb6c6cd3e50789007ffca834b477b74a2144564522e944eabff61?s=96&d=mm&r=g","caption":"thomas.berner"},"url":"https:\/\/www.organisator.ch\/it\/author\/thomas-berner\/"}]}},"_links":{"self":[{"href":"https:\/\/www.organisator.ch\/it\/wp-json\/wp\/v2\/posts\/12780","targetHints":{"allow":["GET"]}}],"collection":[{"href":"https:\/\/www.organisator.ch\/it\/wp-json\/wp\/v2\/posts"}],"about":[{"href":"https:\/\/www.organisator.ch\/it\/wp-json\/wp\/v2\/types\/post"}],"author":[{"embeddable":true,"href":"https:\/\/www.organisator.ch\/it\/wp-json\/wp\/v2\/users\/4"}],"replies":[{"embeddable":true,"href":"https:\/\/www.organisator.ch\/it\/wp-json\/wp\/v2\/comments?post=12780"}],"version-history":[{"count":1,"href":"https:\/\/www.organisator.ch\/it\/wp-json\/wp\/v2\/posts\/12780\/revisions"}],"predecessor-version":[{"id":12782,"href":"https:\/\/www.organisator.ch\/it\/wp-json\/wp\/v2\/posts\/12780\/revisions\/12782"}],"wp:featuredmedia":[{"embeddable":true,"href":"https:\/\/www.organisator.ch\/it\/wp-json\/wp\/v2\/media\/12781"}],"wp:attachment":[{"href":"https:\/\/www.organisator.ch\/it\/wp-json\/wp\/v2\/media?parent=12780"}],"wp:term":[{"taxonomy":"category","embeddable":true,"href":"https:\/\/www.organisator.ch\/it\/wp-json\/wp\/v2\/categories?post=12780"},{"taxonomy":"post_tag","embeddable":true,"href":"https:\/\/www.organisator.ch\/it\/wp-json\/wp\/v2\/tags?post=12780"}],"curies":[{"name":"wp","href":"https:\/\/api.w.org\/{rel}","templated":true}]}}