{"id":12784,"date":"2022-05-04T14:55:34","date_gmt":"2022-05-04T12:55:34","guid":{"rendered":"https:\/\/www.m-q.ch\/?p=16313"},"modified":"2022-08-02T12:38:29","modified_gmt":"2022-08-02T10:38:29","slug":"quality-mining-day-fachkongress-fuer-qualitaetsmanagement","status":"publish","type":"post","link":"https:\/\/www.organisator.ch\/it\/operational-excellence\/2022-05-04\/quality-mining-day-fachkongress-fuer-qualitaetsmanagement\/","title":{"rendered":"Giornata della qualit\u00e0 mineraria: Congresso per la gestione della qualit\u00e0"},"content":{"rendered":"<figure id=\"attachment_16314\" class=\"wp-caption alignnone\" style=\"width: 680px\" aria-describedby=\"caption-attachment-16314\"><img class=\"alignnone wp-image-16314 size-full\" src=\"https:\/\/www.m-q.ch\/wp-content\/uploads\/2022\/05\/Quality-Mining-Day-Fachkongress-fuer-Qualitaetsmanagement_MQ.jpg\" alt=\"Giornata delle miniere di qualit\u00e0\" width=\"680\" height=\"389\" \/><figcaption id=\"caption-attachment-16314\" class=\"wp-caption-text\">Il Quality Mining Day avr\u00e0 luogo il 20 ottobre 2022 a Karlsruhe\/Ettlingen. (Immagine: Quality Miners GmbH)<\/figcaption><\/figure>\r\nIl mondo si \u00e8 mosso pi\u00f9 velocemente negli ultimi due anni che nei decenni precedenti. I processi di produzione, gli ambienti di lavoro e le catene di approvvigionamento sono ora sotto esame e devono adattarsi a una nuova realt\u00e0 in modo rapido e agile. Solo in questo modo le aziende saranno in grado di assicurare il loro successo in futuro. La qualit\u00e0, come motore del cambiamento, guider\u00e0 positivamente questi cambiamenti. Conoscendo l'urgenza di questi cambiamenti, i temi di \"Qualit\u00e0 &amp; Cambiamento\" sono di conseguenza al centro della Giornata della Qualit\u00e0. Il 20 ottobre 2022 a Ettlingen, Baden-W\u00fcrttemberg, i rappresentanti della qualit\u00e0 provenienti da tutta la Germania potranno attingere a conoscenze preziose, ispirazione e contatti di rete.\r\n<h2>Relatori rinomati al Quality Mining Day<\/h2>\r\nIl congresso dovrebbe rendere facile per i visitatori commerciali trovare le vene d'oro. Relatori di alto livello sono gi\u00e0 stati ingaggiati per la Giornata delle miniere di qualit\u00e0. Tra loro c'\u00e8 l'oratore principale, il dottor Lars Vollmer, un disturbatore costruttivo, imprenditore e autore di business che \u00e8 entrato nelle liste dei bestseller. La sua disciplina \u00e8 un'ispirazione provocatoria. Anche l'atleta estremo Norman B\u00fccher romper\u00e0 deliberatamente i confini e fornir\u00e0 al suo pubblico nuove prospettive. Inoltre, il Dr. Ing. Benedikt Sommerhoff condurr\u00e0 il pubblico professionale nell'emozionante viaggio di \"Quality Management in Transition\". Sono previsti altri oratori. Il Dr. Ing. Alexander Schloske lavora al Fraunhofer Institute for Manufacturing Engineering and Automation di Stoccarda. Ha molti anni di esperienza di progetto nel campo della gestione dei prodotti e della qualit\u00e0 in una vasta gamma di industrie.\r\n<h2>Sconto per prenotazioni anticipate fino alla fine di maggio<\/h2>\r\nIn due tavole rotonde - sul futuro della gestione della qualit\u00e0 e sulla gestione del cambiamento - i relatori risponderanno alle domande del pubblico. \"Lo scambio attivo tra professionisti e lo scavo comune per la qualit\u00e0 sono in primo piano in questo congresso\", afferma Tobias Brehm, Business Development Manager dell'organizzatore, Quality Miners GmbH. Di conseguenza, la conferenza offrir\u00e0 anche uno spazio per il networking attivo.\r\n\r\nI biglietti early bird possono essere prenotati fino al 31.05.2022 al prezzo di soli 99 euro. Al <a href=\"https:\/\/quality-mining-day.de\/\">Sito web dell'evento<\/a> potete anche trovare tutte le informazioni dettagliate sul Quality Mining Day.\n<p class=\"syndicated-attribution\">Questo articolo \u00e8 apparso originariamente su m-q.ch - <a href=\"https:\/\/www.m-q.ch\/de\/quality-mining-day-fachkongress-fuer-qualitaetsmanagement\/\" target=\"_blank\">https:\/\/www.m-q.ch\/de\/quality-mining-day-fachkongress-fuer-qualitaetsmanagement\/<\/a><\/p>","protected":false},"excerpt":{"rendered":"<p>Die Welt hat sich in den letzten zwei Jahren schneller weitergedreht als in Jahrzehnten zuvor. Fertigungsprozesse, Arbeitswelten und Lieferketten sind jetzt auf dem Pr\u00fcfstand und m\u00fcssen sich schnell und agil auf eine neue Realit\u00e4t einstellen. Nur so werden Unternehmen ihren Erfolg in Zukunft sichern k\u00f6nnen. Qualit\u00e4t wird als Motor des Wandels diese Ver\u00e4nderungen positiv antreiben. [\u2026]<\/p>\n","protected":false},"author":8,"featured_media":0,"comment_status":"closed","ping_status":"closed","sticky":false,"template":"","format":"standard","meta":{"_acf_changed":false,"_yoast_wpseo_focuskw":"Quality Mining Day","_yoast_wpseo_metadesc":"Qualit\u00e4t als Motor des Wandels. Der Quality Mining Day bietet Qualit\u00e4tsmanagern tiefsch\u00fcrfende Einblicke und erm\u00f6glicht fach\u00fcbergreifendes Networking.","articlekey":"","footnotes":""},"categories":[582],"tags":[3248],"class_list":["post-12784","post","type-post","status-publish","format-standard","hentry","category-operational-excellence","tag-quality-mining-day"],"acf":[],"yoast_head":"<!-- This site is optimized with the Yoast SEO plugin v27.5 - https:\/\/yoast.com\/product\/yoast-seo-wordpress\/ -->\n<title>Quality Mining Day: Fachkongress f\u00fcr Qualit\u00e4tsmanagement - Organisator<\/title>\n<meta name=\"description\" content=\"Qualit\u00e4t als Motor des Wandels. Der Quality Mining Day bietet Qualit\u00e4tsmanagern tiefsch\u00fcrfende Einblicke und erm\u00f6glicht fach\u00fcbergreifendes Networking.\" \/>\n<meta name=\"robots\" content=\"index, follow, max-snippet:-1, max-image-preview:large, max-video-preview:-1\" \/>\n<link rel=\"canonical\" href=\"https:\/\/www.m-q.ch\/de\/quality-mining-day-fachkongress-fuer-qualitaetsmanagement\/\" \/>\n<meta property=\"og:locale\" content=\"it_IT\" \/>\n<meta property=\"og:type\" content=\"article\" \/>\n<meta property=\"og:title\" content=\"Quality Mining Day: Fachkongress f\u00fcr Qualit\u00e4tsmanagement - Organisator\" \/>\n<meta property=\"og:description\" content=\"Qualit\u00e4t als Motor des Wandels. Der Quality Mining Day bietet Qualit\u00e4tsmanagern tiefsch\u00fcrfende Einblicke und erm\u00f6glicht fach\u00fcbergreifendes Networking.\" \/>\n<meta property=\"og:url\" content=\"https:\/\/www.m-q.ch\/de\/quality-mining-day-fachkongress-fuer-qualitaetsmanagement\/\" \/>\n<meta property=\"og:site_name\" content=\"Organisator\" \/>\n<meta property=\"article:publisher\" content=\"https:\/\/www.facebook.com\/OrganisatorFachmagazin\" \/>\n<meta property=\"article:published_time\" content=\"2022-05-04T12:55:34+00:00\" \/>\n<meta property=\"article:modified_time\" content=\"2022-08-02T10:38:29+00:00\" \/>\n<meta property=\"og:image\" content=\"https:\/\/www.m-q.ch\/wp-content\/uploads\/2022\/05\/Quality-Mining-Day-Fachkongress-fuer-Qualitaetsmanagement_MQ.jpg\" \/>\n<meta name=\"author\" content=\"galledia\" \/>\n<meta name=\"twitter:card\" content=\"summary_large_image\" \/>\n<meta name=\"twitter:creator\" content=\"@admin\" \/>\n<script type=\"application\/ld+json\" class=\"yoast-schema-graph\">{\"@context\":\"https:\\\/\\\/schema.org\",\"@graph\":[{\"@type\":\"Article\",\"@id\":\"https:\\\/\\\/www.m-q.ch\\\/de\\\/quality-mining-day-fachkongress-fuer-qualitaetsmanagement\\\/#article\",\"isPartOf\":{\"@id\":\"https:\\\/\\\/www.organisator.ch\\\/operational-excellence\\\/2022-05-04\\\/quality-mining-day-fachkongress-fuer-qualitaetsmanagement\\\/\"},\"author\":{\"name\":\"galledia\",\"@id\":\"https:\\\/\\\/www.organisator.ch\\\/#\\\/schema\\\/person\\\/4e51799071cd2dd1232ac003643ef5f0\"},\"headline\":\"Quality Mining Day: Fachkongress f\u00fcr Qualit\u00e4tsmanagement\",\"datePublished\":\"2022-05-04T12:55:34+00:00\",\"dateModified\":\"2022-08-02T10:38:29+00:00\",\"mainEntityOfPage\":{\"@id\":\"https:\\\/\\\/www.organisator.ch\\\/operational-excellence\\\/2022-05-04\\\/quality-mining-day-fachkongress-fuer-qualitaetsmanagement\\\/\"},\"wordCount\":355,\"publisher\":{\"@id\":\"https:\\\/\\\/www.organisator.ch\\\/#organization\"},\"image\":{\"@id\":\"https:\\\/\\\/www.m-q.ch\\\/de\\\/quality-mining-day-fachkongress-fuer-qualitaetsmanagement\\\/#primaryimage\"},\"thumbnailUrl\":\"https:\\\/\\\/www.m-q.ch\\\/wp-content\\\/uploads\\\/2022\\\/05\\\/Quality-Mining-Day-Fachkongress-fuer-Qualitaetsmanagement_MQ.jpg\",\"keywords\":[\"Quality Mining Day\"],\"articleSection\":[\"OPERATIONAL EXCELLENCE\"],\"inLanguage\":\"it-IT\"},{\"@type\":\"WebPage\",\"@id\":\"https:\\\/\\\/www.organisator.ch\\\/operational-excellence\\\/2022-05-04\\\/quality-mining-day-fachkongress-fuer-qualitaetsmanagement\\\/\",\"url\":\"https:\\\/\\\/www.m-q.ch\\\/de\\\/quality-mining-day-fachkongress-fuer-qualitaetsmanagement\\\/\",\"name\":\"Quality Mining Day: Fachkongress f\u00fcr Qualit\u00e4tsmanagement - Organisator\",\"isPartOf\":{\"@id\":\"https:\\\/\\\/www.organisator.ch\\\/#website\"},\"primaryImageOfPage\":{\"@id\":\"https:\\\/\\\/www.m-q.ch\\\/de\\\/quality-mining-day-fachkongress-fuer-qualitaetsmanagement\\\/#primaryimage\"},\"image\":{\"@id\":\"https:\\\/\\\/www.m-q.ch\\\/de\\\/quality-mining-day-fachkongress-fuer-qualitaetsmanagement\\\/#primaryimage\"},\"thumbnailUrl\":\"https:\\\/\\\/www.m-q.ch\\\/wp-content\\\/uploads\\\/2022\\\/05\\\/Quality-Mining-Day-Fachkongress-fuer-Qualitaetsmanagement_MQ.jpg\",\"datePublished\":\"2022-05-04T12:55:34+00:00\",\"dateModified\":\"2022-08-02T10:38:29+00:00\",\"description\":\"Qualit\u00e4t als Motor des Wandels. Der Quality Mining Day bietet Qualit\u00e4tsmanagern tiefsch\u00fcrfende Einblicke und erm\u00f6glicht fach\u00fcbergreifendes Networking.\",\"breadcrumb\":{\"@id\":\"https:\\\/\\\/www.m-q.ch\\\/de\\\/quality-mining-day-fachkongress-fuer-qualitaetsmanagement\\\/#breadcrumb\"},\"inLanguage\":\"it-IT\",\"potentialAction\":[{\"@type\":\"ReadAction\",\"target\":[\"https:\\\/\\\/www.m-q.ch\\\/de\\\/quality-mining-day-fachkongress-fuer-qualitaetsmanagement\\\/\"]}]},{\"@type\":\"ImageObject\",\"inLanguage\":\"it-IT\",\"@id\":\"https:\\\/\\\/www.m-q.ch\\\/de\\\/quality-mining-day-fachkongress-fuer-qualitaetsmanagement\\\/#primaryimage\",\"url\":\"https:\\\/\\\/www.m-q.ch\\\/wp-content\\\/uploads\\\/2022\\\/05\\\/Quality-Mining-Day-Fachkongress-fuer-Qualitaetsmanagement_MQ.jpg\",\"contentUrl\":\"https:\\\/\\\/www.m-q.ch\\\/wp-content\\\/uploads\\\/2022\\\/05\\\/Quality-Mining-Day-Fachkongress-fuer-Qualitaetsmanagement_MQ.jpg\"},{\"@type\":\"BreadcrumbList\",\"@id\":\"https:\\\/\\\/www.m-q.ch\\\/de\\\/quality-mining-day-fachkongress-fuer-qualitaetsmanagement\\\/#breadcrumb\",\"itemListElement\":[{\"@type\":\"ListItem\",\"position\":1,\"name\":\"Home\",\"item\":\"https:\\\/\\\/www.organisator.ch\\\/\"},{\"@type\":\"ListItem\",\"position\":2,\"name\":\"Quality Mining Day: Fachkongress f\u00fcr Qualit\u00e4tsmanagement\"}]},{\"@type\":\"WebSite\",\"@id\":\"https:\\\/\\\/www.organisator.ch\\\/#website\",\"url\":\"https:\\\/\\\/www.organisator.ch\\\/\",\"name\":\"Organisator\",\"description\":\"Kompetent. Praxisnah. Der ORGANISATOR bereitet in 10 Ausgaben pro Jahr die wesentlichen Themen f\u00fcr F\u00fchrungskr\u00e4fte von KMU auf.\",\"publisher\":{\"@id\":\"https:\\\/\\\/www.organisator.ch\\\/#organization\"},\"potentialAction\":[{\"@type\":\"SearchAction\",\"target\":{\"@type\":\"EntryPoint\",\"urlTemplate\":\"https:\\\/\\\/www.organisator.ch\\\/?s={search_term_string}\"},\"query-input\":{\"@type\":\"PropertyValueSpecification\",\"valueRequired\":true,\"valueName\":\"search_term_string\"}}],\"inLanguage\":\"it-IT\"},{\"@type\":\"Organization\",\"@id\":\"https:\\\/\\\/www.organisator.ch\\\/#organization\",\"name\":\"Organisator\",\"url\":\"https:\\\/\\\/www.organisator.ch\\\/\",\"logo\":{\"@type\":\"ImageObject\",\"inLanguage\":\"it-IT\",\"@id\":\"https:\\\/\\\/www.organisator.ch\\\/#\\\/schema\\\/logo\\\/image\\\/\",\"url\":\"https:\\\/\\\/www.organisator.ch\\\/wp-content\\\/uploads\\\/2022\\\/01\\\/Logo_Organisator_Website.png\",\"contentUrl\":\"https:\\\/\\\/www.organisator.ch\\\/wp-content\\\/uploads\\\/2022\\\/01\\\/Logo_Organisator_Website.png\",\"width\":800,\"height\":77,\"caption\":\"Organisator\"},\"image\":{\"@id\":\"https:\\\/\\\/www.organisator.ch\\\/#\\\/schema\\\/logo\\\/image\\\/\"},\"sameAs\":[\"https:\\\/\\\/www.facebook.com\\\/OrganisatorFachmagazin\",\"https:\\\/\\\/www.linkedin.com\\\/showcase\\\/organisator-das-magazin-fr-kmu\",\"https:\\\/\\\/www.xing.com\\\/news\\\/pages\\\/organisator-ch-695\",\"https:\\\/\\\/www.youtube.com\\\/channel\\\/UCGP2Sq0iWaZwT3BdIAQFYpw\"]},{\"@type\":\"Person\",\"@id\":\"https:\\\/\\\/www.organisator.ch\\\/#\\\/schema\\\/person\\\/4e51799071cd2dd1232ac003643ef5f0\",\"name\":\"galledia\",\"image\":{\"@type\":\"ImageObject\",\"inLanguage\":\"it-IT\",\"@id\":\"https:\\\/\\\/secure.gravatar.com\\\/avatar\\\/78a7f90c01fc2bfc875782a0d4922b37cde2cf184ce347b91316d23cd7f69a36?s=96&d=mm&r=g\",\"url\":\"https:\\\/\\\/secure.gravatar.com\\\/avatar\\\/78a7f90c01fc2bfc875782a0d4922b37cde2cf184ce347b91316d23cd7f69a36?s=96&d=mm&r=g\",\"contentUrl\":\"https:\\\/\\\/secure.gravatar.com\\\/avatar\\\/78a7f90c01fc2bfc875782a0d4922b37cde2cf184ce347b91316d23cd7f69a36?s=96&d=mm&r=g\",\"caption\":\"galledia\"},\"sameAs\":[\"https:\\\/\\\/x.com\\\/admin\"],\"url\":\"https:\\\/\\\/www.organisator.ch\\\/it\\\/author\\\/galledia\\\/\"}]}<\/script>\n<!-- \/ Yoast SEO plugin. -->","yoast_head_json":{"title":"Giornata dell'estrazione della qualit\u00e0: Congresso per la gestione della qualit\u00e0 - Organizzatore","description":"La qualit\u00e0 come motore del cambiamento. Il Quality Mining Day offre ai responsabili della qualit\u00e0 profondi spunti di riflessione e consente un networking interdisciplinare.","robots":{"index":"index","follow":"follow","max-snippet":"max-snippet:-1","max-image-preview":"max-image-preview:large","max-video-preview":"max-video-preview:-1"},"canonical":"https:\/\/www.m-q.ch\/de\/quality-mining-day-fachkongress-fuer-qualitaetsmanagement\/","og_locale":"it_IT","og_type":"article","og_title":"Quality Mining Day: Fachkongress f\u00fcr Qualit\u00e4tsmanagement - Organisator","og_description":"Qualit\u00e4t als Motor des Wandels. Der Quality Mining Day bietet Qualit\u00e4tsmanagern tiefsch\u00fcrfende Einblicke und erm\u00f6glicht fach\u00fcbergreifendes Networking.","og_url":"https:\/\/www.m-q.ch\/de\/quality-mining-day-fachkongress-fuer-qualitaetsmanagement\/","og_site_name":"Organisator","article_publisher":"https:\/\/www.facebook.com\/OrganisatorFachmagazin","article_published_time":"2022-05-04T12:55:34+00:00","article_modified_time":"2022-08-02T10:38:29+00:00","og_image":[{"url":"https:\/\/www.m-q.ch\/wp-content\/uploads\/2022\/05\/Quality-Mining-Day-Fachkongress-fuer-Qualitaetsmanagement_MQ.jpg","type":"","width":"","height":""}],"author":"galledia","twitter_card":"summary_large_image","twitter_creator":"@admin","schema":{"@context":"https:\/\/schema.org","@graph":[{"@type":"Article","@id":"https:\/\/www.m-q.ch\/de\/quality-mining-day-fachkongress-fuer-qualitaetsmanagement\/#article","isPartOf":{"@id":"https:\/\/www.organisator.ch\/operational-excellence\/2022-05-04\/quality-mining-day-fachkongress-fuer-qualitaetsmanagement\/"},"author":{"name":"galledia","@id":"https:\/\/www.organisator.ch\/#\/schema\/person\/4e51799071cd2dd1232ac003643ef5f0"},"headline":"Quality Mining Day: Fachkongress f\u00fcr Qualit\u00e4tsmanagement","datePublished":"2022-05-04T12:55:34+00:00","dateModified":"2022-08-02T10:38:29+00:00","mainEntityOfPage":{"@id":"https:\/\/www.organisator.ch\/operational-excellence\/2022-05-04\/quality-mining-day-fachkongress-fuer-qualitaetsmanagement\/"},"wordCount":355,"publisher":{"@id":"https:\/\/www.organisator.ch\/#organization"},"image":{"@id":"https:\/\/www.m-q.ch\/de\/quality-mining-day-fachkongress-fuer-qualitaetsmanagement\/#primaryimage"},"thumbnailUrl":"https:\/\/www.m-q.ch\/wp-content\/uploads\/2022\/05\/Quality-Mining-Day-Fachkongress-fuer-Qualitaetsmanagement_MQ.jpg","keywords":["Quality Mining Day"],"articleSection":["OPERATIONAL EXCELLENCE"],"inLanguage":"it-IT"},{"@type":"WebPage","@id":"https:\/\/www.organisator.ch\/operational-excellence\/2022-05-04\/quality-mining-day-fachkongress-fuer-qualitaetsmanagement\/","url":"https:\/\/www.m-q.ch\/de\/quality-mining-day-fachkongress-fuer-qualitaetsmanagement\/","name":"Giornata dell'estrazione della qualit\u00e0: Congresso per la gestione della qualit\u00e0 - Organizzatore","isPartOf":{"@id":"https:\/\/www.organisator.ch\/#website"},"primaryImageOfPage":{"@id":"https:\/\/www.m-q.ch\/de\/quality-mining-day-fachkongress-fuer-qualitaetsmanagement\/#primaryimage"},"image":{"@id":"https:\/\/www.m-q.ch\/de\/quality-mining-day-fachkongress-fuer-qualitaetsmanagement\/#primaryimage"},"thumbnailUrl":"https:\/\/www.m-q.ch\/wp-content\/uploads\/2022\/05\/Quality-Mining-Day-Fachkongress-fuer-Qualitaetsmanagement_MQ.jpg","datePublished":"2022-05-04T12:55:34+00:00","dateModified":"2022-08-02T10:38:29+00:00","description":"La qualit\u00e0 come motore del cambiamento. Il Quality Mining Day offre ai responsabili della qualit\u00e0 profondi spunti di riflessione e consente un networking interdisciplinare.","breadcrumb":{"@id":"https:\/\/www.m-q.ch\/de\/quality-mining-day-fachkongress-fuer-qualitaetsmanagement\/#breadcrumb"},"inLanguage":"it-IT","potentialAction":[{"@type":"ReadAction","target":["https:\/\/www.m-q.ch\/de\/quality-mining-day-fachkongress-fuer-qualitaetsmanagement\/"]}]},{"@type":"ImageObject","inLanguage":"it-IT","@id":"https:\/\/www.m-q.ch\/de\/quality-mining-day-fachkongress-fuer-qualitaetsmanagement\/#primaryimage","url":"https:\/\/www.m-q.ch\/wp-content\/uploads\/2022\/05\/Quality-Mining-Day-Fachkongress-fuer-Qualitaetsmanagement_MQ.jpg","contentUrl":"https:\/\/www.m-q.ch\/wp-content\/uploads\/2022\/05\/Quality-Mining-Day-Fachkongress-fuer-Qualitaetsmanagement_MQ.jpg"},{"@type":"BreadcrumbList","@id":"https:\/\/www.m-q.ch\/de\/quality-mining-day-fachkongress-fuer-qualitaetsmanagement\/#breadcrumb","itemListElement":[{"@type":"ListItem","position":1,"name":"Home","item":"https:\/\/www.organisator.ch\/"},{"@type":"ListItem","position":2,"name":"Quality Mining Day: Fachkongress f\u00fcr Qualit\u00e4tsmanagement"}]},{"@type":"WebSite","@id":"https:\/\/www.organisator.ch\/#website","url":"https:\/\/www.organisator.ch\/","name":"Organizzatore","description":"Competente. Pratico. In 10 numeri all'anno, ORGANISATOR presenta i temi essenziali per i manager delle PMI.","publisher":{"@id":"https:\/\/www.organisator.ch\/#organization"},"potentialAction":[{"@type":"SearchAction","target":{"@type":"EntryPoint","urlTemplate":"https:\/\/www.organisator.ch\/?s={search_term_string}"},"query-input":{"@type":"PropertyValueSpecification","valueRequired":true,"valueName":"search_term_string"}}],"inLanguage":"it-IT"},{"@type":"Organization","@id":"https:\/\/www.organisator.ch\/#organization","name":"Organizzatore","url":"https:\/\/www.organisator.ch\/","logo":{"@type":"ImageObject","inLanguage":"it-IT","@id":"https:\/\/www.organisator.ch\/#\/schema\/logo\/image\/","url":"https:\/\/www.organisator.ch\/wp-content\/uploads\/2022\/01\/Logo_Organisator_Website.png","contentUrl":"https:\/\/www.organisator.ch\/wp-content\/uploads\/2022\/01\/Logo_Organisator_Website.png","width":800,"height":77,"caption":"Organisator"},"image":{"@id":"https:\/\/www.organisator.ch\/#\/schema\/logo\/image\/"},"sameAs":["https:\/\/www.facebook.com\/OrganisatorFachmagazin","https:\/\/www.linkedin.com\/showcase\/organisator-das-magazin-fr-kmu","https:\/\/www.xing.com\/news\/pages\/organisator-ch-695","https:\/\/www.youtube.com\/channel\/UCGP2Sq0iWaZwT3BdIAQFYpw"]},{"@type":"Person","@id":"https:\/\/www.organisator.ch\/#\/schema\/person\/4e51799071cd2dd1232ac003643ef5f0","name":"galledia","image":{"@type":"ImageObject","inLanguage":"it-IT","@id":"https:\/\/secure.gravatar.com\/avatar\/78a7f90c01fc2bfc875782a0d4922b37cde2cf184ce347b91316d23cd7f69a36?s=96&d=mm&r=g","url":"https:\/\/secure.gravatar.com\/avatar\/78a7f90c01fc2bfc875782a0d4922b37cde2cf184ce347b91316d23cd7f69a36?s=96&d=mm&r=g","contentUrl":"https:\/\/secure.gravatar.com\/avatar\/78a7f90c01fc2bfc875782a0d4922b37cde2cf184ce347b91316d23cd7f69a36?s=96&d=mm&r=g","caption":"galledia"},"sameAs":["https:\/\/x.com\/admin"],"url":"https:\/\/www.organisator.ch\/it\/author\/galledia\/"}]}},"_links":{"self":[{"href":"https:\/\/www.organisator.ch\/it\/wp-json\/wp\/v2\/posts\/12784","targetHints":{"allow":["GET"]}}],"collection":[{"href":"https:\/\/www.organisator.ch\/it\/wp-json\/wp\/v2\/posts"}],"about":[{"href":"https:\/\/www.organisator.ch\/it\/wp-json\/wp\/v2\/types\/post"}],"author":[{"embeddable":true,"href":"https:\/\/www.organisator.ch\/it\/wp-json\/wp\/v2\/users\/8"}],"replies":[{"embeddable":true,"href":"https:\/\/www.organisator.ch\/it\/wp-json\/wp\/v2\/comments?post=12784"}],"version-history":[{"count":4,"href":"https:\/\/www.organisator.ch\/it\/wp-json\/wp\/v2\/posts\/12784\/revisions"}],"predecessor-version":[{"id":16144,"href":"https:\/\/www.organisator.ch\/it\/wp-json\/wp\/v2\/posts\/12784\/revisions\/16144"}],"wp:attachment":[{"href":"https:\/\/www.organisator.ch\/it\/wp-json\/wp\/v2\/media?parent=12784"}],"wp:term":[{"taxonomy":"category","embeddable":true,"href":"https:\/\/www.organisator.ch\/it\/wp-json\/wp\/v2\/categories?post=12784"},{"taxonomy":"post_tag","embeddable":true,"href":"https:\/\/www.organisator.ch\/it\/wp-json\/wp\/v2\/tags?post=12784"}],"curies":[{"name":"wp","href":"https:\/\/api.w.org\/{rel}","templated":true}]}}