{"id":12814,"date":"2022-05-06T13:48:02","date_gmt":"2022-05-06T11:48:02","guid":{"rendered":"https:\/\/www.m-q.ch\/?p=16332"},"modified":"2022-08-02T12:18:43","modified_gmt":"2022-08-02T10:18:43","slug":"cyber-risk-management-bewusstsein-allein-reicht-nicht","status":"publish","type":"post","link":"https:\/\/www.organisator.ch\/it\/operational-excellence\/2022-05-06\/cyber-risk-management-bewusstsein-allein-reicht-nicht\/","title":{"rendered":"Gestione del rischio informatico: la consapevolezza da sola non basta"},"content":{"rendered":"<figure id=\"attachment_16333\" class=\"wp-caption alignnone\" style=\"width: 680px\" aria-describedby=\"caption-attachment-16333\"><img class=\"alignnone wp-image-16333 size-full\" src=\"https:\/\/www.m-q.ch\/wp-content\/uploads\/2022\/05\/Cyber-Risk-Management-Bewusstsein-allein-reicht-nicht_MQ.jpg\" alt=\"Rischio informatico\" width=\"680\" height=\"454\" \/><figcaption id=\"caption-attachment-16333\" class=\"wp-caption-text\">Secondo uno studio, molte aziende prendono ancora la gestione del rischio informatico un po' troppo alla leggera. (Immagine: Unsplash.com)<\/figcaption><\/figure>\r\nGli organi di controllo sono sempre pi\u00f9 chiamati ad adempiere ai loro doveri legali di controllo e supervisione anche nell'affrontare i rischi informatici, secondo i risultati di un nuovo studio sulla gestione dei rischi informatici nelle aziende. Oltre all'obbligo legale, ci sono anche buoni motivi dal punto di vista economico per investire nella gestione dei rischi informatici, secondo lo studio condotto dalla Scuola universitaria professionale di Lucerna in collaborazione con l'assicuratore Mobiliare e l'organizzazione mantello delle imprese economiesuisse. Dopo tutto, gli attacchi informatici potrebbero causare danni considerevoli alle organizzazioni, che nel caso peggiore potrebbero significare multe elevate, una grave perdita di reputazione, il ritiro delle licenze operative o il fallimento.\r\n<h2>Una nave senza capitano: mancanza di dichiarazioni sulla preparazione al rischio informatico<\/h2>\r\nSecondo lo studio, molte aziende sembrano mancare fondamentalmente di una base centrale per la gestione dei rischi informatici: Nessuna delle organizzazioni intervistate ha definito esplicitamente la misura in cui i rischi informatici devono essere consapevolmente assunti per raggiungere gli obiettivi aziendali. \"Da una prospettiva di gestione del rischio, questo \u00e8 paragonabile a una nave che non ha un capitano\", dice <a href=\"https:\/\/www.m-q.ch\/de\/wie-covid-19-die-rolle-der-risk-manager-veraendert\/\">Stefan Hunziker<\/a>autore dello studio e responsabile del Centro di competenza per la gestione del rischio e della conformit\u00e0 presso l'Universit\u00e0 di Scienze Applicate e Arti di Lucerna. A quanto pare, sviluppare le cosiddette dichiarazioni di propensione al rischio \u00e8 molto difficile nella pratica.\r\n\r\nLo studio HSLU mostra anche che esiste un divario tra il livello tecnico dell'infrastruttura IT e il livello organizzativo nell'affrontare i rischi informatici. \"I rischi informatici sono ancora troppo considerati come un problema puramente informatico. Di conseguenza, sono gestiti in modo decentrato e operativo e non sono sufficientemente integrati nella gestione del rischio a livello aziendale\", spiega Hunziker. Qui si nota una discrepanza tra la rilevanza del rischio (consapevolezza) e la \"governance del rischio\". \"Questa circostanza impedisce un confronto coerente - e quindi anche una prioritizzazione significativa - dei rischi informatici e delle altre categorie di rischio a livello di top management\", afferma l'esperto. Come primo passo nella giusta direzione, raccomanda di promuovere la collaborazione tra il Chief Information Security Officer (CISO) e il Risk Manager. \"Perch\u00e9 \u00e8 qui che si crea il ponte tra la sicurezza informatica tecnica e la gestione dei rischi aziendali\", spiega Hunziker.\r\n<h2>La questione del rischio \"umano\": sono necessari ulteriori investimenti<\/h2>\r\nSpesso, le misure pi\u00f9 semplici e ugualmente efficaci per affrontare i rischi informatici sono ancora trascurate. Stefan Hunziker: \"La definizione dei rischi informatici pu\u00f2 quindi essere anche un po' fuorviante, poich\u00e9 molte cause di rischio non si trovano nel cyber spazio, ma nella cattiva condotta umana. \u00c8 utile fare un'analogia con la medicina, dove \u00e8 noto da tempo che un comportamento umano corretto impedisce la trasmissione delle malattie. La disinfezione regolare, il lavaggio disciplinato delle mani e il mantenimento della distanza sono comportamenti consolidati - almeno dallo scoppio della pandemia di Corona. Il presente studio conferma che il \"fattore umano\", o il comportamento umano, non \u00e8 ancora affrontato abbastanza nell'area della sicurezza informatica rispetto alle misure tecniche. \"Il fattore umano \u00e8 solo un elemento nel processo di miglioramento continuo della sicurezza informatica, ma \u00e8 molto importante\", dice Hunziker. Il comportamento umano nell'affrontare la sicurezza informatica dovrebbe essere addestrato in modo tale che diventi naturale e \"normale\" come starnutire nella piega del braccio.\r\n<h2>Gestione del rischio informatico e migrazione cloud<\/h2>\r\nMolti rischi informatici sono causati dall'uso del cloud. \u00c8 quindi ancora pi\u00f9 importante che le organizzazioni pianifichino bene il passaggio al cloud e lo accompagnino con misure adeguate. \"La creazione di una strategia chiara \u00e8 l'inizio di una migrazione al cloud ben pianificata\", afferma Armand Portmann, autore dello studio e responsabile dell'area Information &amp; Cyber Security | Privacy presso il Dipartimento di Informatica dell'Universit\u00e0 di Scienze Applicate e Arti di Lucerna. Fortunatamente, la maggior parte delle organizzazioni intervistate dispone di un documento che descrive le condizioni quadro per l'introduzione e l'utilizzo dei servizi cloud. Ci\u00f2 permette di concludere che il tema del cloud computing gode ora di attenzione anche negli organi di gestione. \"C'\u00e8 la consapevolezza che l'uso dei servizi cloud \u00e8 associato a dei rischi\", afferma Armand Portmann.\r\n\r\nTuttavia, quando si tratta di definire i rischi legati all'utilizzo dei servizi cloud, le organizzazioni intervistate non sono a corto di risposte. \"Tra i primi tre ci sono la perdita di riservatezza, rispettivamente la violazione della protezione dei dati, la dipendenza dal fornitore di servizi cloud e le questioni di responsabilit\u00e0\", spiega Fernand Dubler, autore dello studio e ricercatore associato presso l'Universit\u00e0 di Scienze Applicate e Arti di Lucerna. L'argomento \u00e8 complesso. Non sorprende quindi che le misure necessarie per mitigare questi rischi non siano semplici. Dubler aggiunge: \"Queste misure sono estremamente diverse e devono essere sviluppate individualmente a partire dalla situazione concreta di outsourcing. Questo spesso pone sfide molto grandi per le organizzazioni interessate\".\r\n\r\n<em>Fonte e ulteriori informazioni: <a href=\"http:\/\/www.hslu.ch\/\">Universit\u00e0 di Lucerna<\/a><\/em>\n<p class=\"syndicated-attribution\">Questo articolo \u00e8 apparso originariamente su m-q.ch - <a href=\"https:\/\/www.m-q.ch\/de\/cyber-risk-management-bewusstsein-allein-reicht-nicht\/\" target=\"_blank\">https:\/\/www.m-q.ch\/de\/cyber-risk-management-bewusstsein-allein-reicht-nicht\/<\/a><\/p>","protected":false},"excerpt":{"rendered":"<p>Aufsichtsorgane seien zunehmend gefordert, ihre rechtlichen Kontroll- und Aufsichtspflichten auch im Umgang mit Cyber-Risiken wahrzunehmen, so die Erkenntnisse einer neuen Studie zum Umgang mit Cyberrisiken in Unternehmen. Nebst der rechtlichen Verpflichtung gebe es aber auch aus betriebswirtschaftlicher Sicht gute Gr\u00fcnde, in das Cyber Risk Management zu investieren, so die Studie weiter, die von der Hochschule [\u2026]<\/p>\n","protected":false},"author":8,"featured_media":0,"comment_status":"closed","ping_status":"closed","sticky":false,"template":"","format":"standard","meta":{"_acf_changed":false,"_yoast_wpseo_focuskw":"Cyber Risk","_yoast_wpseo_metadesc":"Schweizer Unternehmen integrieren Cyber-Risiken zu wenig stark ins Risikomanagement. Das zeigt eine gemeinsame Studie der Hochschule Luzern, der Mobiliar und der economiesuisse.","articlekey":"","footnotes":""},"categories":[582],"tags":[3247],"class_list":["post-12814","post","type-post","status-publish","format-standard","hentry","category-operational-excellence","tag-cyber-risk"],"acf":[],"yoast_head":"<!-- This site is optimized with the Yoast SEO plugin v27.5 - https:\/\/yoast.com\/product\/yoast-seo-wordpress\/ -->\n<title>Cyber Risk Management: Bewusstsein allein reicht nicht - Organisator<\/title>\n<meta name=\"description\" content=\"Schweizer Unternehmen integrieren Cyber-Risiken zu wenig stark ins Risikomanagement. Das zeigt eine gemeinsame Studie der Hochschule Luzern, der Mobiliar und der economiesuisse.\" \/>\n<meta name=\"robots\" content=\"index, follow, max-snippet:-1, max-image-preview:large, max-video-preview:-1\" \/>\n<link rel=\"canonical\" href=\"https:\/\/www.m-q.ch\/de\/cyber-risk-management-bewusstsein-allein-reicht-nicht\/\" \/>\n<meta property=\"og:locale\" content=\"it_IT\" \/>\n<meta property=\"og:type\" content=\"article\" \/>\n<meta property=\"og:title\" content=\"Cyber Risk Management: Bewusstsein allein reicht nicht - Organisator\" \/>\n<meta property=\"og:description\" content=\"Schweizer Unternehmen integrieren Cyber-Risiken zu wenig stark ins Risikomanagement. Das zeigt eine gemeinsame Studie der Hochschule Luzern, der Mobiliar und der economiesuisse.\" \/>\n<meta property=\"og:url\" content=\"https:\/\/www.m-q.ch\/de\/cyber-risk-management-bewusstsein-allein-reicht-nicht\/\" \/>\n<meta property=\"og:site_name\" content=\"Organisator\" \/>\n<meta property=\"article:publisher\" content=\"https:\/\/www.facebook.com\/OrganisatorFachmagazin\" \/>\n<meta property=\"article:published_time\" content=\"2022-05-06T11:48:02+00:00\" \/>\n<meta property=\"article:modified_time\" content=\"2022-08-02T10:18:43+00:00\" \/>\n<meta property=\"og:image\" content=\"https:\/\/www.m-q.ch\/wp-content\/uploads\/2022\/05\/Cyber-Risk-Management-Bewusstsein-allein-reicht-nicht_MQ.jpg\" \/>\n<meta name=\"author\" content=\"galledia\" \/>\n<meta name=\"twitter:card\" content=\"summary_large_image\" \/>\n<meta name=\"twitter:creator\" content=\"@admin\" \/>\n<script type=\"application\/ld+json\" class=\"yoast-schema-graph\">{\"@context\":\"https:\\\/\\\/schema.org\",\"@graph\":[{\"@type\":\"Article\",\"@id\":\"https:\\\/\\\/www.m-q.ch\\\/de\\\/cyber-risk-management-bewusstsein-allein-reicht-nicht\\\/#article\",\"isPartOf\":{\"@id\":\"https:\\\/\\\/www.organisator.ch\\\/operational-excellence\\\/2022-05-06\\\/cyber-risk-management-bewusstsein-allein-reicht-nicht\\\/\"},\"author\":{\"name\":\"galledia\",\"@id\":\"https:\\\/\\\/www.organisator.ch\\\/#\\\/schema\\\/person\\\/4e51799071cd2dd1232ac003643ef5f0\"},\"headline\":\"Cyber Risk Management: Bewusstsein allein reicht nicht\",\"datePublished\":\"2022-05-06T11:48:02+00:00\",\"dateModified\":\"2022-08-02T10:18:43+00:00\",\"mainEntityOfPage\":{\"@id\":\"https:\\\/\\\/www.organisator.ch\\\/operational-excellence\\\/2022-05-06\\\/cyber-risk-management-bewusstsein-allein-reicht-nicht\\\/\"},\"wordCount\":747,\"publisher\":{\"@id\":\"https:\\\/\\\/www.organisator.ch\\\/#organization\"},\"image\":{\"@id\":\"https:\\\/\\\/www.m-q.ch\\\/de\\\/cyber-risk-management-bewusstsein-allein-reicht-nicht\\\/#primaryimage\"},\"thumbnailUrl\":\"https:\\\/\\\/www.m-q.ch\\\/wp-content\\\/uploads\\\/2022\\\/05\\\/Cyber-Risk-Management-Bewusstsein-allein-reicht-nicht_MQ.jpg\",\"keywords\":[\"Cyber Risk\"],\"articleSection\":[\"OPERATIONAL EXCELLENCE\"],\"inLanguage\":\"it-IT\"},{\"@type\":\"WebPage\",\"@id\":\"https:\\\/\\\/www.organisator.ch\\\/operational-excellence\\\/2022-05-06\\\/cyber-risk-management-bewusstsein-allein-reicht-nicht\\\/\",\"url\":\"https:\\\/\\\/www.m-q.ch\\\/de\\\/cyber-risk-management-bewusstsein-allein-reicht-nicht\\\/\",\"name\":\"Cyber Risk Management: Bewusstsein allein reicht nicht - Organisator\",\"isPartOf\":{\"@id\":\"https:\\\/\\\/www.organisator.ch\\\/#website\"},\"primaryImageOfPage\":{\"@id\":\"https:\\\/\\\/www.m-q.ch\\\/de\\\/cyber-risk-management-bewusstsein-allein-reicht-nicht\\\/#primaryimage\"},\"image\":{\"@id\":\"https:\\\/\\\/www.m-q.ch\\\/de\\\/cyber-risk-management-bewusstsein-allein-reicht-nicht\\\/#primaryimage\"},\"thumbnailUrl\":\"https:\\\/\\\/www.m-q.ch\\\/wp-content\\\/uploads\\\/2022\\\/05\\\/Cyber-Risk-Management-Bewusstsein-allein-reicht-nicht_MQ.jpg\",\"datePublished\":\"2022-05-06T11:48:02+00:00\",\"dateModified\":\"2022-08-02T10:18:43+00:00\",\"description\":\"Schweizer Unternehmen integrieren Cyber-Risiken zu wenig stark ins Risikomanagement. Das zeigt eine gemeinsame Studie der Hochschule Luzern, der Mobiliar und der economiesuisse.\",\"breadcrumb\":{\"@id\":\"https:\\\/\\\/www.m-q.ch\\\/de\\\/cyber-risk-management-bewusstsein-allein-reicht-nicht\\\/#breadcrumb\"},\"inLanguage\":\"it-IT\",\"potentialAction\":[{\"@type\":\"ReadAction\",\"target\":[\"https:\\\/\\\/www.m-q.ch\\\/de\\\/cyber-risk-management-bewusstsein-allein-reicht-nicht\\\/\"]}]},{\"@type\":\"ImageObject\",\"inLanguage\":\"it-IT\",\"@id\":\"https:\\\/\\\/www.m-q.ch\\\/de\\\/cyber-risk-management-bewusstsein-allein-reicht-nicht\\\/#primaryimage\",\"url\":\"https:\\\/\\\/www.m-q.ch\\\/wp-content\\\/uploads\\\/2022\\\/05\\\/Cyber-Risk-Management-Bewusstsein-allein-reicht-nicht_MQ.jpg\",\"contentUrl\":\"https:\\\/\\\/www.m-q.ch\\\/wp-content\\\/uploads\\\/2022\\\/05\\\/Cyber-Risk-Management-Bewusstsein-allein-reicht-nicht_MQ.jpg\"},{\"@type\":\"BreadcrumbList\",\"@id\":\"https:\\\/\\\/www.m-q.ch\\\/de\\\/cyber-risk-management-bewusstsein-allein-reicht-nicht\\\/#breadcrumb\",\"itemListElement\":[{\"@type\":\"ListItem\",\"position\":1,\"name\":\"Home\",\"item\":\"https:\\\/\\\/www.organisator.ch\\\/\"},{\"@type\":\"ListItem\",\"position\":2,\"name\":\"Cyber Risk Management: Bewusstsein allein reicht nicht\"}]},{\"@type\":\"WebSite\",\"@id\":\"https:\\\/\\\/www.organisator.ch\\\/#website\",\"url\":\"https:\\\/\\\/www.organisator.ch\\\/\",\"name\":\"Organisator\",\"description\":\"Kompetent. Praxisnah. Der ORGANISATOR bereitet in 10 Ausgaben pro Jahr die wesentlichen Themen f\u00fcr F\u00fchrungskr\u00e4fte von KMU auf.\",\"publisher\":{\"@id\":\"https:\\\/\\\/www.organisator.ch\\\/#organization\"},\"potentialAction\":[{\"@type\":\"SearchAction\",\"target\":{\"@type\":\"EntryPoint\",\"urlTemplate\":\"https:\\\/\\\/www.organisator.ch\\\/?s={search_term_string}\"},\"query-input\":{\"@type\":\"PropertyValueSpecification\",\"valueRequired\":true,\"valueName\":\"search_term_string\"}}],\"inLanguage\":\"it-IT\"},{\"@type\":\"Organization\",\"@id\":\"https:\\\/\\\/www.organisator.ch\\\/#organization\",\"name\":\"Organisator\",\"url\":\"https:\\\/\\\/www.organisator.ch\\\/\",\"logo\":{\"@type\":\"ImageObject\",\"inLanguage\":\"it-IT\",\"@id\":\"https:\\\/\\\/www.organisator.ch\\\/#\\\/schema\\\/logo\\\/image\\\/\",\"url\":\"https:\\\/\\\/www.organisator.ch\\\/wp-content\\\/uploads\\\/2022\\\/01\\\/Logo_Organisator_Website.png\",\"contentUrl\":\"https:\\\/\\\/www.organisator.ch\\\/wp-content\\\/uploads\\\/2022\\\/01\\\/Logo_Organisator_Website.png\",\"width\":800,\"height\":77,\"caption\":\"Organisator\"},\"image\":{\"@id\":\"https:\\\/\\\/www.organisator.ch\\\/#\\\/schema\\\/logo\\\/image\\\/\"},\"sameAs\":[\"https:\\\/\\\/www.facebook.com\\\/OrganisatorFachmagazin\",\"https:\\\/\\\/www.linkedin.com\\\/showcase\\\/organisator-das-magazin-fr-kmu\",\"https:\\\/\\\/www.xing.com\\\/news\\\/pages\\\/organisator-ch-695\",\"https:\\\/\\\/www.youtube.com\\\/channel\\\/UCGP2Sq0iWaZwT3BdIAQFYpw\"]},{\"@type\":\"Person\",\"@id\":\"https:\\\/\\\/www.organisator.ch\\\/#\\\/schema\\\/person\\\/4e51799071cd2dd1232ac003643ef5f0\",\"name\":\"galledia\",\"image\":{\"@type\":\"ImageObject\",\"inLanguage\":\"it-IT\",\"@id\":\"https:\\\/\\\/secure.gravatar.com\\\/avatar\\\/78a7f90c01fc2bfc875782a0d4922b37cde2cf184ce347b91316d23cd7f69a36?s=96&d=mm&r=g\",\"url\":\"https:\\\/\\\/secure.gravatar.com\\\/avatar\\\/78a7f90c01fc2bfc875782a0d4922b37cde2cf184ce347b91316d23cd7f69a36?s=96&d=mm&r=g\",\"contentUrl\":\"https:\\\/\\\/secure.gravatar.com\\\/avatar\\\/78a7f90c01fc2bfc875782a0d4922b37cde2cf184ce347b91316d23cd7f69a36?s=96&d=mm&r=g\",\"caption\":\"galledia\"},\"sameAs\":[\"https:\\\/\\\/x.com\\\/admin\"],\"url\":\"https:\\\/\\\/www.organisator.ch\\\/it\\\/author\\\/galledia\\\/\"}]}<\/script>\n<!-- \/ Yoast SEO plugin. -->","yoast_head_json":{"title":"Gestione del rischio informatico: la consapevolezza da sola non basta - Organizzatore","description":"Le aziende svizzere non integrano sufficientemente i rischi informatici nella loro gestione del rischio. Questo \u00e8 il risultato di uno studio congiunto dell'Universit\u00e0 di Scienze Applicate e Arti di Lucerna, della Mobiliare e di economiesuisse.","robots":{"index":"index","follow":"follow","max-snippet":"max-snippet:-1","max-image-preview":"max-image-preview:large","max-video-preview":"max-video-preview:-1"},"canonical":"https:\/\/www.m-q.ch\/de\/cyber-risk-management-bewusstsein-allein-reicht-nicht\/","og_locale":"it_IT","og_type":"article","og_title":"Cyber Risk Management: Bewusstsein allein reicht nicht - Organisator","og_description":"Schweizer Unternehmen integrieren Cyber-Risiken zu wenig stark ins Risikomanagement. Das zeigt eine gemeinsame Studie der Hochschule Luzern, der Mobiliar und der economiesuisse.","og_url":"https:\/\/www.m-q.ch\/de\/cyber-risk-management-bewusstsein-allein-reicht-nicht\/","og_site_name":"Organisator","article_publisher":"https:\/\/www.facebook.com\/OrganisatorFachmagazin","article_published_time":"2022-05-06T11:48:02+00:00","article_modified_time":"2022-08-02T10:18:43+00:00","og_image":[{"url":"https:\/\/www.m-q.ch\/wp-content\/uploads\/2022\/05\/Cyber-Risk-Management-Bewusstsein-allein-reicht-nicht_MQ.jpg","type":"","width":"","height":""}],"author":"galledia","twitter_card":"summary_large_image","twitter_creator":"@admin","schema":{"@context":"https:\/\/schema.org","@graph":[{"@type":"Article","@id":"https:\/\/www.m-q.ch\/de\/cyber-risk-management-bewusstsein-allein-reicht-nicht\/#article","isPartOf":{"@id":"https:\/\/www.organisator.ch\/operational-excellence\/2022-05-06\/cyber-risk-management-bewusstsein-allein-reicht-nicht\/"},"author":{"name":"galledia","@id":"https:\/\/www.organisator.ch\/#\/schema\/person\/4e51799071cd2dd1232ac003643ef5f0"},"headline":"Cyber Risk Management: Bewusstsein allein reicht nicht","datePublished":"2022-05-06T11:48:02+00:00","dateModified":"2022-08-02T10:18:43+00:00","mainEntityOfPage":{"@id":"https:\/\/www.organisator.ch\/operational-excellence\/2022-05-06\/cyber-risk-management-bewusstsein-allein-reicht-nicht\/"},"wordCount":747,"publisher":{"@id":"https:\/\/www.organisator.ch\/#organization"},"image":{"@id":"https:\/\/www.m-q.ch\/de\/cyber-risk-management-bewusstsein-allein-reicht-nicht\/#primaryimage"},"thumbnailUrl":"https:\/\/www.m-q.ch\/wp-content\/uploads\/2022\/05\/Cyber-Risk-Management-Bewusstsein-allein-reicht-nicht_MQ.jpg","keywords":["Cyber Risk"],"articleSection":["OPERATIONAL EXCELLENCE"],"inLanguage":"it-IT"},{"@type":"WebPage","@id":"https:\/\/www.organisator.ch\/operational-excellence\/2022-05-06\/cyber-risk-management-bewusstsein-allein-reicht-nicht\/","url":"https:\/\/www.m-q.ch\/de\/cyber-risk-management-bewusstsein-allein-reicht-nicht\/","name":"Gestione del rischio informatico: la consapevolezza da sola non basta - Organizzatore","isPartOf":{"@id":"https:\/\/www.organisator.ch\/#website"},"primaryImageOfPage":{"@id":"https:\/\/www.m-q.ch\/de\/cyber-risk-management-bewusstsein-allein-reicht-nicht\/#primaryimage"},"image":{"@id":"https:\/\/www.m-q.ch\/de\/cyber-risk-management-bewusstsein-allein-reicht-nicht\/#primaryimage"},"thumbnailUrl":"https:\/\/www.m-q.ch\/wp-content\/uploads\/2022\/05\/Cyber-Risk-Management-Bewusstsein-allein-reicht-nicht_MQ.jpg","datePublished":"2022-05-06T11:48:02+00:00","dateModified":"2022-08-02T10:18:43+00:00","description":"Le aziende svizzere non integrano sufficientemente i rischi informatici nella loro gestione del rischio. Questo \u00e8 il risultato di uno studio congiunto dell'Universit\u00e0 di Scienze Applicate e Arti di Lucerna, della Mobiliare e di economiesuisse.","breadcrumb":{"@id":"https:\/\/www.m-q.ch\/de\/cyber-risk-management-bewusstsein-allein-reicht-nicht\/#breadcrumb"},"inLanguage":"it-IT","potentialAction":[{"@type":"ReadAction","target":["https:\/\/www.m-q.ch\/de\/cyber-risk-management-bewusstsein-allein-reicht-nicht\/"]}]},{"@type":"ImageObject","inLanguage":"it-IT","@id":"https:\/\/www.m-q.ch\/de\/cyber-risk-management-bewusstsein-allein-reicht-nicht\/#primaryimage","url":"https:\/\/www.m-q.ch\/wp-content\/uploads\/2022\/05\/Cyber-Risk-Management-Bewusstsein-allein-reicht-nicht_MQ.jpg","contentUrl":"https:\/\/www.m-q.ch\/wp-content\/uploads\/2022\/05\/Cyber-Risk-Management-Bewusstsein-allein-reicht-nicht_MQ.jpg"},{"@type":"BreadcrumbList","@id":"https:\/\/www.m-q.ch\/de\/cyber-risk-management-bewusstsein-allein-reicht-nicht\/#breadcrumb","itemListElement":[{"@type":"ListItem","position":1,"name":"Home","item":"https:\/\/www.organisator.ch\/"},{"@type":"ListItem","position":2,"name":"Cyber Risk Management: Bewusstsein allein reicht nicht"}]},{"@type":"WebSite","@id":"https:\/\/www.organisator.ch\/#website","url":"https:\/\/www.organisator.ch\/","name":"Organizzatore","description":"Competente. Pratico. In 10 numeri all'anno, ORGANISATOR presenta i temi essenziali per i manager delle PMI.","publisher":{"@id":"https:\/\/www.organisator.ch\/#organization"},"potentialAction":[{"@type":"SearchAction","target":{"@type":"EntryPoint","urlTemplate":"https:\/\/www.organisator.ch\/?s={search_term_string}"},"query-input":{"@type":"PropertyValueSpecification","valueRequired":true,"valueName":"search_term_string"}}],"inLanguage":"it-IT"},{"@type":"Organization","@id":"https:\/\/www.organisator.ch\/#organization","name":"Organizzatore","url":"https:\/\/www.organisator.ch\/","logo":{"@type":"ImageObject","inLanguage":"it-IT","@id":"https:\/\/www.organisator.ch\/#\/schema\/logo\/image\/","url":"https:\/\/www.organisator.ch\/wp-content\/uploads\/2022\/01\/Logo_Organisator_Website.png","contentUrl":"https:\/\/www.organisator.ch\/wp-content\/uploads\/2022\/01\/Logo_Organisator_Website.png","width":800,"height":77,"caption":"Organisator"},"image":{"@id":"https:\/\/www.organisator.ch\/#\/schema\/logo\/image\/"},"sameAs":["https:\/\/www.facebook.com\/OrganisatorFachmagazin","https:\/\/www.linkedin.com\/showcase\/organisator-das-magazin-fr-kmu","https:\/\/www.xing.com\/news\/pages\/organisator-ch-695","https:\/\/www.youtube.com\/channel\/UCGP2Sq0iWaZwT3BdIAQFYpw"]},{"@type":"Person","@id":"https:\/\/www.organisator.ch\/#\/schema\/person\/4e51799071cd2dd1232ac003643ef5f0","name":"galledia","image":{"@type":"ImageObject","inLanguage":"it-IT","@id":"https:\/\/secure.gravatar.com\/avatar\/78a7f90c01fc2bfc875782a0d4922b37cde2cf184ce347b91316d23cd7f69a36?s=96&d=mm&r=g","url":"https:\/\/secure.gravatar.com\/avatar\/78a7f90c01fc2bfc875782a0d4922b37cde2cf184ce347b91316d23cd7f69a36?s=96&d=mm&r=g","contentUrl":"https:\/\/secure.gravatar.com\/avatar\/78a7f90c01fc2bfc875782a0d4922b37cde2cf184ce347b91316d23cd7f69a36?s=96&d=mm&r=g","caption":"galledia"},"sameAs":["https:\/\/x.com\/admin"],"url":"https:\/\/www.organisator.ch\/it\/author\/galledia\/"}]}},"_links":{"self":[{"href":"https:\/\/www.organisator.ch\/it\/wp-json\/wp\/v2\/posts\/12814","targetHints":{"allow":["GET"]}}],"collection":[{"href":"https:\/\/www.organisator.ch\/it\/wp-json\/wp\/v2\/posts"}],"about":[{"href":"https:\/\/www.organisator.ch\/it\/wp-json\/wp\/v2\/types\/post"}],"author":[{"embeddable":true,"href":"https:\/\/www.organisator.ch\/it\/wp-json\/wp\/v2\/users\/8"}],"replies":[{"embeddable":true,"href":"https:\/\/www.organisator.ch\/it\/wp-json\/wp\/v2\/comments?post=12814"}],"version-history":[{"count":4,"href":"https:\/\/www.organisator.ch\/it\/wp-json\/wp\/v2\/posts\/12814\/revisions"}],"predecessor-version":[{"id":16136,"href":"https:\/\/www.organisator.ch\/it\/wp-json\/wp\/v2\/posts\/12814\/revisions\/16136"}],"wp:attachment":[{"href":"https:\/\/www.organisator.ch\/it\/wp-json\/wp\/v2\/media?parent=12814"}],"wp:term":[{"taxonomy":"category","embeddable":true,"href":"https:\/\/www.organisator.ch\/it\/wp-json\/wp\/v2\/categories?post=12814"},{"taxonomy":"post_tag","embeddable":true,"href":"https:\/\/www.organisator.ch\/it\/wp-json\/wp\/v2\/tags?post=12814"}],"curies":[{"name":"wp","href":"https:\/\/api.w.org\/{rel}","templated":true}]}}