{"id":12819,"date":"2022-05-09T08:30:05","date_gmt":"2022-05-09T06:30:05","guid":{"rendered":"https:\/\/www.organisator.ch\/?p=12819"},"modified":"2022-05-09T08:30:05","modified_gmt":"2022-05-09T06:30:05","slug":"wuerth-ag-feiert-60-jaehriges-jubilaeum","status":"publish","type":"post","link":"https:\/\/www.organisator.ch\/it\/management\/2022-05-09\/wuerth-ag-feiert-60-jaehriges-jubilaeum\/","title":{"rendered":"W\u00fcrth AG celebra il 60\u00b0 anniversario"},"content":{"rendered":"<figure id=\"attachment_12820\" aria-describedby=\"caption-attachment-12820\" style=\"width: 680px\" class=\"wp-caption alignnone\"><img loading=\"lazy\" decoding=\"async\" class=\"size-full wp-image-12820\" src=\"https:\/\/www.organisator.ch\/wp-content\/uploads\/2022\/05\/Wuerth-AG-feiert-60-jaehriges-Jubilaeum_Organisator.jpg\" alt=\"\" width=\"680\" height=\"453\" srcset=\"https:\/\/www.organisator.ch\/wp-content\/uploads\/2022\/05\/Wuerth-AG-feiert-60-jaehriges-Jubilaeum_Organisator.jpg 680w, https:\/\/www.organisator.ch\/wp-content\/uploads\/2022\/05\/Wuerth-AG-feiert-60-jaehriges-Jubilaeum_Organisator-18x12.jpg 18w, https:\/\/www.organisator.ch\/wp-content\/uploads\/2022\/05\/Wuerth-AG-feiert-60-jaehriges-Jubilaeum_Organisator-263x175.jpg 263w, https:\/\/www.organisator.ch\/wp-content\/uploads\/2022\/05\/Wuerth-AG-feiert-60-jaehriges-Jubilaeum_Organisator-525x350.jpg 525w, https:\/\/www.organisator.ch\/wp-content\/uploads\/2022\/05\/Wuerth-AG-feiert-60-jaehriges-Jubilaeum_Organisator-300x200.jpg 300w\" sizes=\"auto, (max-width: 680px) 100vw, 680px\" \/><figcaption id=\"caption-attachment-12820\" class=\"wp-caption-text\">W\u00fcrth AG con sede ad Arlesheim. (Immagine: zVg \/ W\u00fcrth)<\/figcaption><\/figure>\n<p>Da 60 anni la W\u00fcrth AG fornisce agli artigiani di tutti i settori prodotti di qualit\u00e0 e soluzioni di sistema coordinate per l'officina, il magazzino e la strada. Reinhold W\u00fcrth, un grossista e rivenditore esperto, ha assunto la direzione del grossista di viti Adolf W\u00fcrth con sede a K\u00fcnzelsau, in Germania, dopo la morte inaspettata di suo padre nel 1954 a soli 19 anni. Oggi, il gruppo internazionale W\u00fcrth \u00e8, per suo conto, il leader mondiale nello sviluppo, produzione e vendita di materiali di montaggio e fissaggio. Inoltre, le societ\u00e0 commerciali e di produzione, le Allied Companies, sono attive in campi di business correlati. Questi includono, per esempio, il commercio all'ingrosso di materiale elettrico, l'elettronica e i servizi finanziari. Il Gruppo impiega pi\u00f9 di 83.000 persone in pi\u00f9 di 400 aziende con oltre 2.400 filiali in pi\u00f9 di 80 paesi nel mondo.<\/p>\n<h3>W\u00fcrth AG in Svizzera<\/h3>\n<p>Gi\u00e0 da bambino, Reinhold W\u00fcrth aveva potuto accompagnare suo padre nei viaggi di vendita in Austria e Svizzera. Questo ha aperto la strada all'espansione del campo degli affari. In un'intervista del gennaio 2022, il Prof. Dr. h. c. mult. Reinhold W\u00fcrth, presidente del consiglio di sorveglianza dei Family Trusts del Gruppo W\u00fcrth, qual \u00e8 il suo ricordo pi\u00f9 bello del periodo di fondazione: \"Erano i miei viaggi nella Confederazione Svizzera per aiutare a creare l'organizzazione della forza vendita e a sondare i clienti\". Ma ricorda con affetto anche le questioni private: \"Come appassionato sciatore, sono stato a Davos quasi ogni stagione invernale per 40 anni. Oggi, all'et\u00e0 di 86 anni, faccio tesoro dei ricordi delle discese dalla cima del Weissfluh al K\u00fcblis con un dislivello di 2.000 metri\".<\/p>\n<h3>Da un'impresa di due persone a un'azienda all'ingrosso<\/h3>\n<p>I primi dipendenti della Schrauben W\u00fcrth GmbH fecero un vero lavoro pionieristico. Praticamente dal nulla, hanno conquistato nuovi territori con il loro libro di punta e il blocco degli ordini - con successo. La Schrauben W\u00fcrth GmbH crebbe rapidamente e gi\u00e0 nel 1966 le vendite superarono 1 milione di franchi svizzeri. Nel 1979, la soglia dei 10 milioni di franchi di vendite \u00e8 stata superata. Nel 1983, l'azienda \u00e8 stata trasformata da W\u00fcrth GmbH a W\u00fcrth AG. La W\u00fcrth AG si \u00e8 trasferita nell'attuale sede centrale di Arlesheim nel 1985. Nel 2003, il centro amministrativo e commerciale \u00e8 stato ampliato con due grandi magazzini, un'ala di uffici e il Forum W\u00fcrth, architettonicamente sofisticato, in cui si sono trasferiti arte e cultura. Nel 2021, la W\u00fcrth AG ha realizzato un fatturato annuo di circa 183,5 milioni di CHF. Tra l'altro, la W\u00fcrth AG attribuisce questo risultato alla sua strategia multicanale di successo, attraverso la quale i clienti vengono raggiunti attraverso tutti i punti di contatto.<\/p>\n<h3>La vicinanza ai clienti come fattore di successo<\/h3>\n<p>Secondo la W\u00fcrth AG, sono l'ottimismo, il dinamismo, l'apprezzamento dei collaboratori e l'impegno verso i clienti che hanno plasmato la cultura aziendale in Svizzera e sono tuttora vissuti. La capacit\u00e0 di reinventare costantemente l'azienda, i prodotti e la stessa W\u00fcrth sono i fattori alla base dell'eccezionale storia di successo che la W\u00fcrth AG scrive ormai da 60 anni.<\/p>\n<p>W\u00fcrth ha anche iniziato a sviluppare i propri prodotti nel 1975. ORSY\u00ae, ASSY\u00ae, ZEBRA\u00ae e M-CUBE\u00ae sono oggi sinonimo di funzionalit\u00e0, durata e alta qualit\u00e0. Pi\u00f9 di 400 addetti alla vendita, 43 negozi per artigiani, il negozio online e la W\u00fcrth App con la funzione Click&amp;Collect assicurano una grande vicinanza ai clienti. Da un anno a questa parte, i clienti della W\u00fcrth AG hanno anche la possibilit\u00e0 di raccogliere punti ad ogni acquisto e di convertirli in premi interessanti. L'e-business come parte della strategia multicanale continuer\u00e0 a guadagnare importanza in futuro. E il patrono dell'azienda Prof. Dr. h. c. mult. Reinhold W\u00fcrth promette: \"Potete essere sicuri che i dipendenti della W\u00fcrth AG continueranno anche in futuro a fare tutto il possibile per soddisfare i desideri dei nostri clienti e per fornire un servizio nel vero senso della parola, cio\u00e8 servire ed eseguire.\"<\/p>\n<p><em>Ulteriori informazioni: <a href=\"https:\/\/www.wuerth-ag.ch\/de\/ch\/home\">www.wuerth-ag.ch<\/a><\/em><\/p>","protected":false},"excerpt":{"rendered":"<p>Die W\u00fcrth AG beliefert Handwerker aller Branchen mit Qualit\u00e4tsprodukten und aufeinander abgestimmten Systeml\u00f6sungen rund um Werkstatt, Lager und f\u00fcr unterwegs, und dies seit nunmehr 60 Jahren. Der gelernte Gross- und Einzelhandelskaufmann Reinhold W\u00fcrth \u00fcbernahm nach dem \u00fcberraschenden Tod seines Vaters 1954 im Alter von nur 19 Jahren die Gesch\u00e4ftsleitung der Schraubengrosshandlung Adolf W\u00fcrth mit Sitz [&hellip;]<\/p>\n","protected":false},"author":4,"featured_media":12820,"comment_status":"closed","ping_status":"closed","sticky":false,"template":"","format":"standard","meta":{"_acf_changed":false,"_yoast_wpseo_focuskw":"W\u00fcrth AG","_yoast_wpseo_metadesc":"Aus einem Zweimannbetrieb ist in 60 Jahren die W\u00fcrth AG mit 750 Mitarbeitenden, 43 Handwerker-Shops und \u00fcber 150'000 Produkten entstanden.","articlekey":"","footnotes":""},"categories":[28],"tags":[206,335,492],"class_list":["post-12819","post","type-post","status-publish","format-standard","has-post-thumbnail","hentry","category-management","tag-firmenjubilaeum","tag-management-und-unternehmensfuehrung","tag-unternehmen"],"acf":[],"yoast_head":"<!-- This site is optimized with the Yoast SEO plugin v27.5 - https:\/\/yoast.com\/product\/yoast-seo-wordpress\/ -->\n<title>W\u00fcrth AG feiert 60-j\u00e4hriges Jubil\u00e4um - Organisator<\/title>\n<meta name=\"description\" content=\"Aus einem Zweimannbetrieb ist in 60 Jahren die W\u00fcrth AG mit 750 Mitarbeitenden, 43 Handwerker-Shops und \u00fcber 150&#039;000 Produkten entstanden.\" \/>\n<meta name=\"robots\" content=\"index, follow, max-snippet:-1, max-image-preview:large, max-video-preview:-1\" \/>\n<link rel=\"canonical\" href=\"https:\/\/www.organisator.ch\/it\/gestione-2\/2022-05-09\/wuerth-ag-feiert-60-jaehriges-jubilaeum\/\" \/>\n<meta property=\"og:locale\" content=\"it_IT\" \/>\n<meta property=\"og:type\" content=\"article\" \/>\n<meta property=\"og:title\" content=\"W\u00fcrth AG feiert 60-j\u00e4hriges Jubil\u00e4um\" \/>\n<meta property=\"og:description\" content=\"Aus einem Zweimannbetrieb ist in 60 Jahren die W\u00fcrth AG mit 750 Mitarbeitenden, 43 Handwerker-Shops und \u00fcber 150&#039;000 Produkten entstanden.\" \/>\n<meta property=\"og:url\" content=\"https:\/\/www.organisator.ch\/it\/gestione-2\/2022-05-09\/wuerth-ag-feiert-60-jaehriges-jubilaeum\/\" \/>\n<meta property=\"og:site_name\" content=\"Organisator\" \/>\n<meta property=\"article:publisher\" content=\"https:\/\/www.facebook.com\/OrganisatorFachmagazin\" \/>\n<meta property=\"article:published_time\" content=\"2022-05-09T06:30:05+00:00\" \/>\n<meta property=\"og:image\" content=\"https:\/\/www.organisator.ch\/wp-content\/uploads\/2022\/05\/Wuerth-AG-feiert-60-jaehriges-Jubilaeum_Organisator.jpg\" \/>\n\t<meta property=\"og:image:width\" content=\"680\" \/>\n\t<meta property=\"og:image:height\" content=\"453\" \/>\n\t<meta property=\"og:image:type\" content=\"image\/jpeg\" \/>\n<meta name=\"author\" content=\"thomas.berner\" \/>\n<meta name=\"twitter:card\" content=\"summary_large_image\" \/>\n<meta name=\"twitter:title\" content=\"#W\u00fcrth AG feiert #60-j\u00e4hriges Jubil\u00e4um\" \/>\n<meta name=\"twitter:description\" content=\"Aus einem #Zweimannbetrieb ist in 60 Jahren die #W\u00fcrth AG mit 750 Mitarbeitenden, 43 #Handwerker-Shops und \u00fcber 150&#039;000 Produkten entstanden.\" \/>\n<meta name=\"twitter:image\" content=\"https:\/\/www.organisator.ch\/wp-content\/uploads\/2022\/05\/Wuerth-AG-feiert-60-jaehriges-Jubilaeum_Organisator.jpg\" \/>\n<script type=\"application\/ld+json\" class=\"yoast-schema-graph\">{\"@context\":\"https:\\\/\\\/schema.org\",\"@graph\":[{\"@type\":\"Article\",\"@id\":\"https:\\\/\\\/www.organisator.ch\\\/management\\\/2022-05-09\\\/wuerth-ag-feiert-60-jaehriges-jubilaeum\\\/#article\",\"isPartOf\":{\"@id\":\"https:\\\/\\\/www.organisator.ch\\\/management\\\/2022-05-09\\\/wuerth-ag-feiert-60-jaehriges-jubilaeum\\\/\"},\"author\":{\"name\":\"thomas.berner\",\"@id\":\"https:\\\/\\\/www.organisator.ch\\\/#\\\/schema\\\/person\\\/6f650f90b2842cd4c0cc334b4e36f67e\"},\"headline\":\"W\u00fcrth AG feiert 60-j\u00e4hriges Jubil\u00e4um\",\"datePublished\":\"2022-05-09T06:30:05+00:00\",\"mainEntityOfPage\":{\"@id\":\"https:\\\/\\\/www.organisator.ch\\\/management\\\/2022-05-09\\\/wuerth-ag-feiert-60-jaehriges-jubilaeum\\\/\"},\"wordCount\":654,\"publisher\":{\"@id\":\"https:\\\/\\\/www.organisator.ch\\\/#organization\"},\"image\":{\"@id\":\"https:\\\/\\\/www.organisator.ch\\\/management\\\/2022-05-09\\\/wuerth-ag-feiert-60-jaehriges-jubilaeum\\\/#primaryimage\"},\"thumbnailUrl\":\"https:\\\/\\\/www.organisator.ch\\\/wp-content\\\/uploads\\\/2022\\\/05\\\/Wuerth-AG-feiert-60-jaehriges-Jubilaeum_Organisator.jpg\",\"keywords\":[\"Firmenjubil\u00e4um\",\"Management und Unternehmensf\u00fchrung\",\"Unternehmen\"],\"articleSection\":[\"MANAGEMENT\"],\"inLanguage\":\"it-IT\"},{\"@type\":\"WebPage\",\"@id\":\"https:\\\/\\\/www.organisator.ch\\\/management\\\/2022-05-09\\\/wuerth-ag-feiert-60-jaehriges-jubilaeum\\\/\",\"url\":\"https:\\\/\\\/www.organisator.ch\\\/management\\\/2022-05-09\\\/wuerth-ag-feiert-60-jaehriges-jubilaeum\\\/\",\"name\":\"W\u00fcrth AG feiert 60-j\u00e4hriges Jubil\u00e4um - Organisator\",\"isPartOf\":{\"@id\":\"https:\\\/\\\/www.organisator.ch\\\/#website\"},\"primaryImageOfPage\":{\"@id\":\"https:\\\/\\\/www.organisator.ch\\\/management\\\/2022-05-09\\\/wuerth-ag-feiert-60-jaehriges-jubilaeum\\\/#primaryimage\"},\"image\":{\"@id\":\"https:\\\/\\\/www.organisator.ch\\\/management\\\/2022-05-09\\\/wuerth-ag-feiert-60-jaehriges-jubilaeum\\\/#primaryimage\"},\"thumbnailUrl\":\"https:\\\/\\\/www.organisator.ch\\\/wp-content\\\/uploads\\\/2022\\\/05\\\/Wuerth-AG-feiert-60-jaehriges-Jubilaeum_Organisator.jpg\",\"datePublished\":\"2022-05-09T06:30:05+00:00\",\"description\":\"Aus einem Zweimannbetrieb ist in 60 Jahren die W\u00fcrth AG mit 750 Mitarbeitenden, 43 Handwerker-Shops und \u00fcber 150'000 Produkten entstanden.\",\"breadcrumb\":{\"@id\":\"https:\\\/\\\/www.organisator.ch\\\/management\\\/2022-05-09\\\/wuerth-ag-feiert-60-jaehriges-jubilaeum\\\/#breadcrumb\"},\"inLanguage\":\"it-IT\",\"potentialAction\":[{\"@type\":\"ReadAction\",\"target\":[\"https:\\\/\\\/www.organisator.ch\\\/management\\\/2022-05-09\\\/wuerth-ag-feiert-60-jaehriges-jubilaeum\\\/\"]}]},{\"@type\":\"ImageObject\",\"inLanguage\":\"it-IT\",\"@id\":\"https:\\\/\\\/www.organisator.ch\\\/management\\\/2022-05-09\\\/wuerth-ag-feiert-60-jaehriges-jubilaeum\\\/#primaryimage\",\"url\":\"https:\\\/\\\/www.organisator.ch\\\/wp-content\\\/uploads\\\/2022\\\/05\\\/Wuerth-AG-feiert-60-jaehriges-Jubilaeum_Organisator.jpg\",\"contentUrl\":\"https:\\\/\\\/www.organisator.ch\\\/wp-content\\\/uploads\\\/2022\\\/05\\\/Wuerth-AG-feiert-60-jaehriges-Jubilaeum_Organisator.jpg\",\"width\":680,\"height\":453,\"caption\":\"Die W\u00fcrth AG mit ihrem Sitz in Arlesheim. (Bild: zVg \\\/ W\u00fcrth)\"},{\"@type\":\"BreadcrumbList\",\"@id\":\"https:\\\/\\\/www.organisator.ch\\\/management\\\/2022-05-09\\\/wuerth-ag-feiert-60-jaehriges-jubilaeum\\\/#breadcrumb\",\"itemListElement\":[{\"@type\":\"ListItem\",\"position\":1,\"name\":\"Home\",\"item\":\"https:\\\/\\\/www.organisator.ch\\\/\"},{\"@type\":\"ListItem\",\"position\":2,\"name\":\"W\u00fcrth AG feiert 60-j\u00e4hriges Jubil\u00e4um\"}]},{\"@type\":\"WebSite\",\"@id\":\"https:\\\/\\\/www.organisator.ch\\\/#website\",\"url\":\"https:\\\/\\\/www.organisator.ch\\\/\",\"name\":\"Organisator\",\"description\":\"Kompetent. Praxisnah. Der ORGANISATOR bereitet in 10 Ausgaben pro Jahr die wesentlichen Themen f\u00fcr F\u00fchrungskr\u00e4fte von KMU auf.\",\"publisher\":{\"@id\":\"https:\\\/\\\/www.organisator.ch\\\/#organization\"},\"potentialAction\":[{\"@type\":\"SearchAction\",\"target\":{\"@type\":\"EntryPoint\",\"urlTemplate\":\"https:\\\/\\\/www.organisator.ch\\\/?s={search_term_string}\"},\"query-input\":{\"@type\":\"PropertyValueSpecification\",\"valueRequired\":true,\"valueName\":\"search_term_string\"}}],\"inLanguage\":\"it-IT\"},{\"@type\":\"Organization\",\"@id\":\"https:\\\/\\\/www.organisator.ch\\\/#organization\",\"name\":\"Organisator\",\"url\":\"https:\\\/\\\/www.organisator.ch\\\/\",\"logo\":{\"@type\":\"ImageObject\",\"inLanguage\":\"it-IT\",\"@id\":\"https:\\\/\\\/www.organisator.ch\\\/#\\\/schema\\\/logo\\\/image\\\/\",\"url\":\"https:\\\/\\\/www.organisator.ch\\\/wp-content\\\/uploads\\\/2022\\\/01\\\/Logo_Organisator_Website.png\",\"contentUrl\":\"https:\\\/\\\/www.organisator.ch\\\/wp-content\\\/uploads\\\/2022\\\/01\\\/Logo_Organisator_Website.png\",\"width\":800,\"height\":77,\"caption\":\"Organisator\"},\"image\":{\"@id\":\"https:\\\/\\\/www.organisator.ch\\\/#\\\/schema\\\/logo\\\/image\\\/\"},\"sameAs\":[\"https:\\\/\\\/www.facebook.com\\\/OrganisatorFachmagazin\",\"https:\\\/\\\/www.linkedin.com\\\/showcase\\\/organisator-das-magazin-fr-kmu\",\"https:\\\/\\\/www.xing.com\\\/news\\\/pages\\\/organisator-ch-695\",\"https:\\\/\\\/www.youtube.com\\\/channel\\\/UCGP2Sq0iWaZwT3BdIAQFYpw\"]},{\"@type\":\"Person\",\"@id\":\"https:\\\/\\\/www.organisator.ch\\\/#\\\/schema\\\/person\\\/6f650f90b2842cd4c0cc334b4e36f67e\",\"name\":\"thomas.berner\",\"image\":{\"@type\":\"ImageObject\",\"inLanguage\":\"it-IT\",\"@id\":\"https:\\\/\\\/secure.gravatar.com\\\/avatar\\\/ac5001d2a36cb6c6cd3e50789007ffca834b477b74a2144564522e944eabff61?s=96&d=mm&r=g\",\"url\":\"https:\\\/\\\/secure.gravatar.com\\\/avatar\\\/ac5001d2a36cb6c6cd3e50789007ffca834b477b74a2144564522e944eabff61?s=96&d=mm&r=g\",\"contentUrl\":\"https:\\\/\\\/secure.gravatar.com\\\/avatar\\\/ac5001d2a36cb6c6cd3e50789007ffca834b477b74a2144564522e944eabff61?s=96&d=mm&r=g\",\"caption\":\"thomas.berner\"},\"url\":\"https:\\\/\\\/www.organisator.ch\\\/it\\\/author\\\/thomas-berner\\\/\"}]}<\/script>\n<!-- \/ Yoast SEO plugin. -->","yoast_head_json":{"title":"W\u00fcrth AG celebra il 60\u00b0 anniversario - Organizzatore","description":"In 60 anni, un'azienda di due persone \u00e8 cresciuta fino a diventare la W\u00fcrth AG con 750 dipendenti, 43 botteghe artigiane e oltre 150.000 prodotti.","robots":{"index":"index","follow":"follow","max-snippet":"max-snippet:-1","max-image-preview":"max-image-preview:large","max-video-preview":"max-video-preview:-1"},"canonical":"https:\/\/www.organisator.ch\/it\/gestione-2\/2022-05-09\/wuerth-ag-feiert-60-jaehriges-jubilaeum\/","og_locale":"it_IT","og_type":"article","og_title":"W\u00fcrth AG feiert 60-j\u00e4hriges Jubil\u00e4um","og_description":"Aus einem Zweimannbetrieb ist in 60 Jahren die W\u00fcrth AG mit 750 Mitarbeitenden, 43 Handwerker-Shops und \u00fcber 150'000 Produkten entstanden.","og_url":"https:\/\/www.organisator.ch\/it\/gestione-2\/2022-05-09\/wuerth-ag-feiert-60-jaehriges-jubilaeum\/","og_site_name":"Organisator","article_publisher":"https:\/\/www.facebook.com\/OrganisatorFachmagazin","article_published_time":"2022-05-09T06:30:05+00:00","og_image":[{"width":680,"height":453,"url":"https:\/\/www.organisator.ch\/wp-content\/uploads\/2022\/05\/Wuerth-AG-feiert-60-jaehriges-Jubilaeum_Organisator.jpg","type":"image\/jpeg"}],"author":"thomas.berner","twitter_card":"summary_large_image","twitter_title":"#W\u00fcrth AG feiert #60-j\u00e4hriges Jubil\u00e4um","twitter_description":"Aus einem #Zweimannbetrieb ist in 60 Jahren die #W\u00fcrth AG mit 750 Mitarbeitenden, 43 #Handwerker-Shops und \u00fcber 150'000 Produkten entstanden.","twitter_image":"https:\/\/www.organisator.ch\/wp-content\/uploads\/2022\/05\/Wuerth-AG-feiert-60-jaehriges-Jubilaeum_Organisator.jpg","schema":{"@context":"https:\/\/schema.org","@graph":[{"@type":"Article","@id":"https:\/\/www.organisator.ch\/management\/2022-05-09\/wuerth-ag-feiert-60-jaehriges-jubilaeum\/#article","isPartOf":{"@id":"https:\/\/www.organisator.ch\/management\/2022-05-09\/wuerth-ag-feiert-60-jaehriges-jubilaeum\/"},"author":{"name":"thomas.berner","@id":"https:\/\/www.organisator.ch\/#\/schema\/person\/6f650f90b2842cd4c0cc334b4e36f67e"},"headline":"W\u00fcrth AG feiert 60-j\u00e4hriges Jubil\u00e4um","datePublished":"2022-05-09T06:30:05+00:00","mainEntityOfPage":{"@id":"https:\/\/www.organisator.ch\/management\/2022-05-09\/wuerth-ag-feiert-60-jaehriges-jubilaeum\/"},"wordCount":654,"publisher":{"@id":"https:\/\/www.organisator.ch\/#organization"},"image":{"@id":"https:\/\/www.organisator.ch\/management\/2022-05-09\/wuerth-ag-feiert-60-jaehriges-jubilaeum\/#primaryimage"},"thumbnailUrl":"https:\/\/www.organisator.ch\/wp-content\/uploads\/2022\/05\/Wuerth-AG-feiert-60-jaehriges-Jubilaeum_Organisator.jpg","keywords":["Firmenjubil\u00e4um","Management und Unternehmensf\u00fchrung","Unternehmen"],"articleSection":["MANAGEMENT"],"inLanguage":"it-IT"},{"@type":"WebPage","@id":"https:\/\/www.organisator.ch\/management\/2022-05-09\/wuerth-ag-feiert-60-jaehriges-jubilaeum\/","url":"https:\/\/www.organisator.ch\/management\/2022-05-09\/wuerth-ag-feiert-60-jaehriges-jubilaeum\/","name":"W\u00fcrth AG celebra il 60\u00b0 anniversario - Organizzatore","isPartOf":{"@id":"https:\/\/www.organisator.ch\/#website"},"primaryImageOfPage":{"@id":"https:\/\/www.organisator.ch\/management\/2022-05-09\/wuerth-ag-feiert-60-jaehriges-jubilaeum\/#primaryimage"},"image":{"@id":"https:\/\/www.organisator.ch\/management\/2022-05-09\/wuerth-ag-feiert-60-jaehriges-jubilaeum\/#primaryimage"},"thumbnailUrl":"https:\/\/www.organisator.ch\/wp-content\/uploads\/2022\/05\/Wuerth-AG-feiert-60-jaehriges-Jubilaeum_Organisator.jpg","datePublished":"2022-05-09T06:30:05+00:00","description":"In 60 anni, un'azienda di due persone \u00e8 cresciuta fino a diventare la W\u00fcrth AG con 750 dipendenti, 43 botteghe artigiane e oltre 150.000 prodotti.","breadcrumb":{"@id":"https:\/\/www.organisator.ch\/management\/2022-05-09\/wuerth-ag-feiert-60-jaehriges-jubilaeum\/#breadcrumb"},"inLanguage":"it-IT","potentialAction":[{"@type":"ReadAction","target":["https:\/\/www.organisator.ch\/management\/2022-05-09\/wuerth-ag-feiert-60-jaehriges-jubilaeum\/"]}]},{"@type":"ImageObject","inLanguage":"it-IT","@id":"https:\/\/www.organisator.ch\/management\/2022-05-09\/wuerth-ag-feiert-60-jaehriges-jubilaeum\/#primaryimage","url":"https:\/\/www.organisator.ch\/wp-content\/uploads\/2022\/05\/Wuerth-AG-feiert-60-jaehriges-Jubilaeum_Organisator.jpg","contentUrl":"https:\/\/www.organisator.ch\/wp-content\/uploads\/2022\/05\/Wuerth-AG-feiert-60-jaehriges-Jubilaeum_Organisator.jpg","width":680,"height":453,"caption":"Die W\u00fcrth AG mit ihrem Sitz in Arlesheim. (Bild: zVg \/ W\u00fcrth)"},{"@type":"BreadcrumbList","@id":"https:\/\/www.organisator.ch\/management\/2022-05-09\/wuerth-ag-feiert-60-jaehriges-jubilaeum\/#breadcrumb","itemListElement":[{"@type":"ListItem","position":1,"name":"Home","item":"https:\/\/www.organisator.ch\/"},{"@type":"ListItem","position":2,"name":"W\u00fcrth AG feiert 60-j\u00e4hriges Jubil\u00e4um"}]},{"@type":"WebSite","@id":"https:\/\/www.organisator.ch\/#website","url":"https:\/\/www.organisator.ch\/","name":"Organizzatore","description":"Competente. Pratico. In 10 numeri all'anno, ORGANISATOR presenta i temi essenziali per i manager delle PMI.","publisher":{"@id":"https:\/\/www.organisator.ch\/#organization"},"potentialAction":[{"@type":"SearchAction","target":{"@type":"EntryPoint","urlTemplate":"https:\/\/www.organisator.ch\/?s={search_term_string}"},"query-input":{"@type":"PropertyValueSpecification","valueRequired":true,"valueName":"search_term_string"}}],"inLanguage":"it-IT"},{"@type":"Organization","@id":"https:\/\/www.organisator.ch\/#organization","name":"Organizzatore","url":"https:\/\/www.organisator.ch\/","logo":{"@type":"ImageObject","inLanguage":"it-IT","@id":"https:\/\/www.organisator.ch\/#\/schema\/logo\/image\/","url":"https:\/\/www.organisator.ch\/wp-content\/uploads\/2022\/01\/Logo_Organisator_Website.png","contentUrl":"https:\/\/www.organisator.ch\/wp-content\/uploads\/2022\/01\/Logo_Organisator_Website.png","width":800,"height":77,"caption":"Organisator"},"image":{"@id":"https:\/\/www.organisator.ch\/#\/schema\/logo\/image\/"},"sameAs":["https:\/\/www.facebook.com\/OrganisatorFachmagazin","https:\/\/www.linkedin.com\/showcase\/organisator-das-magazin-fr-kmu","https:\/\/www.xing.com\/news\/pages\/organisator-ch-695","https:\/\/www.youtube.com\/channel\/UCGP2Sq0iWaZwT3BdIAQFYpw"]},{"@type":"Person","@id":"https:\/\/www.organisator.ch\/#\/schema\/person\/6f650f90b2842cd4c0cc334b4e36f67e","name":"Tommaso.berner","image":{"@type":"ImageObject","inLanguage":"it-IT","@id":"https:\/\/secure.gravatar.com\/avatar\/ac5001d2a36cb6c6cd3e50789007ffca834b477b74a2144564522e944eabff61?s=96&d=mm&r=g","url":"https:\/\/secure.gravatar.com\/avatar\/ac5001d2a36cb6c6cd3e50789007ffca834b477b74a2144564522e944eabff61?s=96&d=mm&r=g","contentUrl":"https:\/\/secure.gravatar.com\/avatar\/ac5001d2a36cb6c6cd3e50789007ffca834b477b74a2144564522e944eabff61?s=96&d=mm&r=g","caption":"thomas.berner"},"url":"https:\/\/www.organisator.ch\/it\/author\/thomas-berner\/"}]}},"_links":{"self":[{"href":"https:\/\/www.organisator.ch\/it\/wp-json\/wp\/v2\/posts\/12819","targetHints":{"allow":["GET"]}}],"collection":[{"href":"https:\/\/www.organisator.ch\/it\/wp-json\/wp\/v2\/posts"}],"about":[{"href":"https:\/\/www.organisator.ch\/it\/wp-json\/wp\/v2\/types\/post"}],"author":[{"embeddable":true,"href":"https:\/\/www.organisator.ch\/it\/wp-json\/wp\/v2\/users\/4"}],"replies":[{"embeddable":true,"href":"https:\/\/www.organisator.ch\/it\/wp-json\/wp\/v2\/comments?post=12819"}],"version-history":[{"count":1,"href":"https:\/\/www.organisator.ch\/it\/wp-json\/wp\/v2\/posts\/12819\/revisions"}],"predecessor-version":[{"id":12821,"href":"https:\/\/www.organisator.ch\/it\/wp-json\/wp\/v2\/posts\/12819\/revisions\/12821"}],"wp:featuredmedia":[{"embeddable":true,"href":"https:\/\/www.organisator.ch\/it\/wp-json\/wp\/v2\/media\/12820"}],"wp:attachment":[{"href":"https:\/\/www.organisator.ch\/it\/wp-json\/wp\/v2\/media?parent=12819"}],"wp:term":[{"taxonomy":"category","embeddable":true,"href":"https:\/\/www.organisator.ch\/it\/wp-json\/wp\/v2\/categories?post=12819"},{"taxonomy":"post_tag","embeddable":true,"href":"https:\/\/www.organisator.ch\/it\/wp-json\/wp\/v2\/tags?post=12819"}],"curies":[{"name":"wp","href":"https:\/\/api.w.org\/{rel}","templated":true}]}}