{"id":12853,"date":"2022-05-13T08:13:17","date_gmt":"2022-05-13T06:13:17","guid":{"rendered":"https:\/\/www.organisator.ch\/?p=12853"},"modified":"2022-05-13T08:13:17","modified_gmt":"2022-05-13T06:13:17","slug":"tide-ocean-sa-gewinnt-swiss-ethics-award-2022","status":"publish","type":"post","link":"https:\/\/www.organisator.ch\/it\/sustainability\/2022-05-13\/tide-ocean-sa-gewinnt-swiss-ethics-award-2022\/","title":{"rendered":"Tide Ocean SA vince il Premio Etico Svizzero 2022"},"content":{"rendered":"<figure id=\"attachment_12854\" aria-describedby=\"caption-attachment-12854\" style=\"width: 680px\" class=\"wp-caption alignnone\"><img loading=\"lazy\" decoding=\"async\" class=\"size-full wp-image-12854\" src=\"https:\/\/www.organisator.ch\/wp-content\/uploads\/2022\/05\/Tide-Ocean-SA-gewinnt-Swiss-Ethics-Award-2022_Organisator.jpg\" alt=\"\" width=\"680\" height=\"460\" srcset=\"https:\/\/www.organisator.ch\/wp-content\/uploads\/2022\/05\/Tide-Ocean-SA-gewinnt-Swiss-Ethics-Award-2022_Organisator.jpg 680w, https:\/\/www.organisator.ch\/wp-content\/uploads\/2022\/05\/Tide-Ocean-SA-gewinnt-Swiss-Ethics-Award-2022_Organisator-18x12.jpg 18w, https:\/\/www.organisator.ch\/wp-content\/uploads\/2022\/05\/Tide-Ocean-SA-gewinnt-Swiss-Ethics-Award-2022_Organisator-259x175.jpg 259w, https:\/\/www.organisator.ch\/wp-content\/uploads\/2022\/05\/Tide-Ocean-SA-gewinnt-Swiss-Ethics-Award-2022_Organisator-517x350.jpg 517w, https:\/\/www.organisator.ch\/wp-content\/uploads\/2022\/05\/Tide-Ocean-SA-gewinnt-Swiss-Ethics-Award-2022_Organisator-300x203.jpg 300w\" sizes=\"auto, (max-width: 680px) 100vw, 680px\" \/><figcaption id=\"caption-attachment-12854\" class=\"wp-caption-text\">Thomas Schori di Tide Ocean SA (a sinistra) riceve il trofeo del Premio Etico Svizzero 2022. (Foto: Thomas Berner)<\/figcaption><\/figure>\n<p>I tempi non potrebbero essere migliori per discutere di etica, sostenibilit\u00e0 e concetti di leadership del futuro: Una guerra imperversa nell'Europa dell'Est, il cambiamento climatico si fa sentire sempre di pi\u00f9 anche nel nostro Paese, una pandemia ha rivelato i limiti delle catene di approvvigionamento globali e tutto questo ci fa capire su quali fragili fondamenta \u00e8 costruita la nostra prosperit\u00e0. Werner von Allmen, fondatore e CEO del Forum Svizzero dell'Eccellenza, che ha tenuto il Future Leadership Forum l'11 maggio 2022 e ha potuto nuovamente consegnare lo Swiss Ethics Award. Werner von Allmen ha chiarito che il premio da solo non pu\u00f2 rendere il mondo un posto migliore, ma dovrebbe contribuire a sensibilizzare la societ\u00e0 sul tema dell'eccellenza sostenibile.<\/p>\n<h3><strong>Come sulla terra, cos\u00ec nell'universo<\/strong><\/h3>\n<p>Prima della cerimonia di premiazione, i circa 150 ospiti presenti al KKL di Lucerna hanno assistito a presentazioni emozionanti e talvolta stimolanti. In primo luogo, Michael Brenner, membro del Consiglio Direttivo Collegiale del Gruppo Weleda, ha dato un'idea di come pu\u00f2 apparire concretamente la \"Leadership del futuro\": Guidati da valori e da una ragion d'essere aziendale sostenuta da tutto il personale. Pensare, sentire e volere sono alla base di tutto ci\u00f2 che facciamo - e avere il coraggio di assumersi la responsabilit\u00e0 dell'insieme.<\/p>\n<p>L'astrofisica e ricercatrice spaziale Prof. Dr. Kathrin Altwegg ha poi portato il pubblico in mondi completamente diversi. Abbiamo bisogno di un'etica nello spazio? Una domanda a cui l'oratore ha risposto affermativamente. Perch\u00e9 le stesse domande che ci poniamo sulla Terra - chi la \"possiede\"? Ci sono aree che dobbiamo proteggere o possiamo andare ovunque? - si applicano anche all'universo. A questo proposito, ha criticato gli ultimi sviluppi della \"privatizzazione\" dell'orbita, ad esempio da parte di super-ricchi come Elon Musk, Jeff Bezos o Richard Branson, che stanno contribuendo a far degenerare lo spazio in un nuovo \"Far West\" con il turismo spaziale o i satelliti a basso costo.<\/p>\n<h3><strong>\u00c8 necessario un cambiamento di paradigma<\/strong><\/h3>\n<p>Lo storico e filosofo Philipp Blom ha analizzato la storia dell'umanit\u00e0, che \u00e8 sempre riuscita a risolvere i problemi da sola. Ma secondo lui siamo attualmente a un punto di svolta: \"Siamo alla fine di una storia culturale in cui l'uomo \u00e8 il 'capo'\", ha detto Philipp Blom. I problemi globali non possono quindi pi\u00f9 essere risolti semplicemente \"fuori dal sistema\". Sono necessari un ripensamento e un cambio di paradigma, come \u00e8 accaduto durante l'ultima \"Piccola Era Glaciale\" nel XVI-XVII secolo, quando l'istruzione e la ricerca hanno costituito la base per una \"Et\u00e0 dell'Oro\", ad esempio nei Paesi Bassi.<\/p>\n<p>Alcuni aspetti delle presentazioni ascoltate sono stati approfonditi in una tavola rotonda guidata da Werner von Allmen. Anche il gesuita Christian Rutishauser ha portato una prospettiva teologica e spirituale. Per lui, una delle qualit\u00e0 di un leader \u00e8 la capacit\u00e0 di lasciarsi guidare. Alla domanda sull'attuale situazione nell'Europa dell'Est, il gruppo ha convenuto che l'etica e la guerra non possono essere conciliate. Ma di fronte a un aggressore chiaramente identificabile, anche gli atteggiamenti pacifisti raggiungono i loro limiti: Chi viene attaccato deve potersi difendere, se necessario con la forza delle armi...<\/p>\n<h3><strong>Premio svizzero di etica 2022: progetti con un futuro<\/strong><\/h3>\n<p>\u00c8 seguita la presentazione del <a href=\"https:\/\/www.organisator.ch\/de\/operational-excellence\/2022-02-21\/swiss-ethics-award-2022-fuenf-ethische-und-nachhaltige-projekte-2\/\">Cinque organizzazioni nominate per il Premio svizzero di etica<\/a>Energie360\u00b0 ha presentato il suo progetto di riciclo del legno di scarto in energia per il riscaldamento. Attraverso un processo pirolitico, il prodotto residuo non \u00e8 CO2, ma carbonio puro, che pu\u00f2 essere utilizzato, ad esempio, come fertilizzante o aggregato per materiali da costruzione. La Hunziker Partner AG \u00e8 stata nominata per il suo concetto di formazione interna, che segue un approccio olistico e non si limita alle competenze professionali. Ad esempio, i dipendenti vengono formati anche sul comportamento ecologico. Recycling Paradies, invece, permette alle persone con disabilit\u00e0 o biografie difficili di ritrovare il proprio posto nel mondo del lavoro. La giuria ha sottolineato in particolare che in questo caso \u00e8 stata trovata una combinazione vincente di benefici ecologici e responsabilit\u00e0 sociale.<\/p>\n<p>Il progetto \"Happy Hazelnut\" di Yourharvest si \u00e8 posto il compito di fornire un ambiente umano alle centinaia di lavoratori migranti e alle loro famiglie che ogni anno raccolgono nocciole in Turchia. Il lavoro minorile \u00e8 sostituito dalle scuole e, invece di vivere in baracche, i lavoratori migranti hanno un rifugio pulito.<\/p>\n<h3><strong>Oceani puliti e sicurezza dei mezzi di sussistenza per i pescatori<\/strong><\/h3>\n<p>L'azienda vincitrice Tide Ocean SA, rappresentata da Thomas Schori, \u00e8 stata particolarmente apprezzata dalla giuria per diversi aspetti: in primo luogo, l'organizzazione affronta il problema globale dell'inquinamento da plastica negli oceani. A tal fine, Tide Ocean gestisce una catena di valore completa per la plastica oceanica riciclata ed \u00e8 particolarmente attiva nel sud-est asiatico, la regione con il pi\u00f9 alto tasso di rifiuti plastici. Un processo appositamente sviluppato trasforma i rifiuti plastici in granulato di plastica di alta qualit\u00e0, che pu\u00f2 essere utilizzato gi\u00e0 oggi in molti prodotti. D'altra parte, i pescatori che vivevano come nomadi del mare e che oggi non possono pi\u00f9 continuare questo stile di vita tradizionale, ricevono da Tide Ocean un prezzo per la raccolta della plastica ben superiore a quello di mercato e quindi una nuova fonte di reddito. Le imprese sociali selezionano e trattano la plastica. I lavoratori che vi sono impiegati ricevono sicurezza sociale, formazione e, in alcuni casi, alloggio. Il potenziale di riciclaggio dei rifiuti plastici \u00e8 grande: secondo Thomas Schori, solo poco meno del dieci per cento della plastica prodotta nel mondo non viene ancora riciclata, ma \"finisce da qualche parte nel mondo\" - o poco pi\u00f9: Negli oceani, che con la loro flora e fauna danno un importante contributo non solo al nostro clima, ma costituiscono anche la base della vita di milioni di persone.<\/p>\n<p><em>Ulteriori informazioni: <a href=\"http:\/\/www.swiss-excellence-forum.ch\">www.swiss-excellence-forum.ch<\/a><\/em><\/p>","protected":false},"excerpt":{"rendered":"<p>Die Zeiten k\u00f6nnten wohl nicht besser sein, um \u00fcber Ethik, Nachhaltigkeit und F\u00fchrungskonzepte der Zukunft zu diskutieren: Im Osten Europas tobt ein Krieg, der Klimawandel macht sich auch bei uns immer st\u00e4rker bemerkbar, eine Pandemie hat die Grenzen der globalen Lieferketten aufgezeigt und dies alles f\u00fchrt uns vor Augen, auf welch fragilen Fundamenten unser Wohlstand [&hellip;]<\/p>\n","protected":false},"author":4,"featured_media":12854,"comment_status":"closed","ping_status":"closed","sticky":false,"template":"","format":"standard","meta":{"_acf_changed":false,"_yoast_wpseo_focuskw":"Tide Ocean","_yoast_wpseo_metadesc":"Am 11. Mai 2022 wurde in Luzern im Rahmen des Future Leadership Forums der Swiss Ethics Award vergeben: Gewinner ist Tide Ocean SA.","articlekey":"","footnotes":""},"categories":[580],"tags":[66,183,358,492],"class_list":["post-12853","post","type-post","status-publish","format-standard","has-post-thumbnail","hentry","category-sustainability","tag-awards","tag-ethik","tag-nachhaltige-wirtschaft","tag-unternehmen"],"acf":[],"yoast_head":"<!-- This site is optimized with the Yoast SEO plugin v27.5 - https:\/\/yoast.com\/product\/yoast-seo-wordpress\/ -->\n<title>Tide Ocean SA gewinnt Swiss Ethics Award 2022 - Organisator<\/title>\n<meta name=\"description\" content=\"Am 11. Mai 2022 wurde in Luzern im Rahmen des Future Leadership Forums der Swiss Ethics Award vergeben: Gewinner ist Tide Ocean SA.\" \/>\n<meta name=\"robots\" content=\"index, follow, max-snippet:-1, max-image-preview:large, max-video-preview:-1\" \/>\n<link rel=\"canonical\" href=\"https:\/\/www.organisator.ch\/it\/sostenibilita\/2022-05-13\/tide-ocean-sa-gewinnt-swiss-ethics-award-2022\/\" \/>\n<meta property=\"og:locale\" content=\"it_IT\" \/>\n<meta property=\"og:type\" content=\"article\" \/>\n<meta property=\"og:title\" content=\"Tide Ocean SA gewinnt Swiss Ethics Award 2022\" \/>\n<meta property=\"og:description\" content=\"Am 11. Mai 2022 wurde in Luzern im Rahmen des Future Leadership Forums der Swiss Ethics Award vergeben: Gewinner ist Tide Ocean SA.\" \/>\n<meta property=\"og:url\" content=\"https:\/\/www.organisator.ch\/it\/sostenibilita\/2022-05-13\/tide-ocean-sa-gewinnt-swiss-ethics-award-2022\/\" \/>\n<meta property=\"og:site_name\" content=\"Organisator\" \/>\n<meta property=\"article:publisher\" content=\"https:\/\/www.facebook.com\/OrganisatorFachmagazin\" \/>\n<meta property=\"article:published_time\" content=\"2022-05-13T06:13:17+00:00\" \/>\n<meta property=\"og:image\" content=\"https:\/\/www.organisator.ch\/wp-content\/uploads\/2022\/05\/Tide-Ocean-SA-gewinnt-Swiss-Ethics-Award-2022_Organisator.jpg\" \/>\n\t<meta property=\"og:image:width\" content=\"680\" \/>\n\t<meta property=\"og:image:height\" content=\"460\" \/>\n\t<meta property=\"og:image:type\" content=\"image\/jpeg\" \/>\n<meta name=\"author\" content=\"thomas.berner\" \/>\n<meta name=\"twitter:card\" content=\"summary_large_image\" \/>\n<meta name=\"twitter:title\" content=\"Tide Ocean SA gewinnt Swiss #Ethics Award 2022\" \/>\n<meta name=\"twitter:description\" content=\"Am 11. Mai 2022 wurde in Luzern im Rahmen des Future Leadership Forums der #SwissEthicsAward vergeben: Gewinner ist #TideOcean SA.\" \/>\n<meta name=\"twitter:image\" content=\"https:\/\/www.organisator.ch\/wp-content\/uploads\/2022\/05\/Tide-Ocean-SA-gewinnt-Swiss-Ethics-Award-2022_Organisator.jpg\" \/>\n<script type=\"application\/ld+json\" class=\"yoast-schema-graph\">{\"@context\":\"https:\\\/\\\/schema.org\",\"@graph\":[{\"@type\":\"Article\",\"@id\":\"https:\\\/\\\/www.organisator.ch\\\/sustainability\\\/2022-05-13\\\/tide-ocean-sa-gewinnt-swiss-ethics-award-2022\\\/#article\",\"isPartOf\":{\"@id\":\"https:\\\/\\\/www.organisator.ch\\\/sustainability\\\/2022-05-13\\\/tide-ocean-sa-gewinnt-swiss-ethics-award-2022\\\/\"},\"author\":{\"name\":\"thomas.berner\",\"@id\":\"https:\\\/\\\/www.organisator.ch\\\/#\\\/schema\\\/person\\\/6f650f90b2842cd4c0cc334b4e36f67e\"},\"headline\":\"Tide Ocean SA gewinnt Swiss Ethics Award 2022\",\"datePublished\":\"2022-05-13T06:13:17+00:00\",\"mainEntityOfPage\":{\"@id\":\"https:\\\/\\\/www.organisator.ch\\\/sustainability\\\/2022-05-13\\\/tide-ocean-sa-gewinnt-swiss-ethics-award-2022\\\/\"},\"wordCount\":965,\"publisher\":{\"@id\":\"https:\\\/\\\/www.organisator.ch\\\/#organization\"},\"image\":{\"@id\":\"https:\\\/\\\/www.organisator.ch\\\/sustainability\\\/2022-05-13\\\/tide-ocean-sa-gewinnt-swiss-ethics-award-2022\\\/#primaryimage\"},\"thumbnailUrl\":\"https:\\\/\\\/www.organisator.ch\\\/wp-content\\\/uploads\\\/2022\\\/05\\\/Tide-Ocean-SA-gewinnt-Swiss-Ethics-Award-2022_Organisator.jpg\",\"keywords\":[\"Awards\",\"Ethik\",\"Nachhaltige Wirtschaft\",\"Unternehmen\"],\"articleSection\":[\"SUSTAINABILITY\"],\"inLanguage\":\"it-IT\"},{\"@type\":\"WebPage\",\"@id\":\"https:\\\/\\\/www.organisator.ch\\\/sustainability\\\/2022-05-13\\\/tide-ocean-sa-gewinnt-swiss-ethics-award-2022\\\/\",\"url\":\"https:\\\/\\\/www.organisator.ch\\\/sustainability\\\/2022-05-13\\\/tide-ocean-sa-gewinnt-swiss-ethics-award-2022\\\/\",\"name\":\"Tide Ocean SA gewinnt Swiss Ethics Award 2022 - Organisator\",\"isPartOf\":{\"@id\":\"https:\\\/\\\/www.organisator.ch\\\/#website\"},\"primaryImageOfPage\":{\"@id\":\"https:\\\/\\\/www.organisator.ch\\\/sustainability\\\/2022-05-13\\\/tide-ocean-sa-gewinnt-swiss-ethics-award-2022\\\/#primaryimage\"},\"image\":{\"@id\":\"https:\\\/\\\/www.organisator.ch\\\/sustainability\\\/2022-05-13\\\/tide-ocean-sa-gewinnt-swiss-ethics-award-2022\\\/#primaryimage\"},\"thumbnailUrl\":\"https:\\\/\\\/www.organisator.ch\\\/wp-content\\\/uploads\\\/2022\\\/05\\\/Tide-Ocean-SA-gewinnt-Swiss-Ethics-Award-2022_Organisator.jpg\",\"datePublished\":\"2022-05-13T06:13:17+00:00\",\"description\":\"Am 11. Mai 2022 wurde in Luzern im Rahmen des Future Leadership Forums der Swiss Ethics Award vergeben: Gewinner ist Tide Ocean SA.\",\"breadcrumb\":{\"@id\":\"https:\\\/\\\/www.organisator.ch\\\/sustainability\\\/2022-05-13\\\/tide-ocean-sa-gewinnt-swiss-ethics-award-2022\\\/#breadcrumb\"},\"inLanguage\":\"it-IT\",\"potentialAction\":[{\"@type\":\"ReadAction\",\"target\":[\"https:\\\/\\\/www.organisator.ch\\\/sustainability\\\/2022-05-13\\\/tide-ocean-sa-gewinnt-swiss-ethics-award-2022\\\/\"]}]},{\"@type\":\"ImageObject\",\"inLanguage\":\"it-IT\",\"@id\":\"https:\\\/\\\/www.organisator.ch\\\/sustainability\\\/2022-05-13\\\/tide-ocean-sa-gewinnt-swiss-ethics-award-2022\\\/#primaryimage\",\"url\":\"https:\\\/\\\/www.organisator.ch\\\/wp-content\\\/uploads\\\/2022\\\/05\\\/Tide-Ocean-SA-gewinnt-Swiss-Ethics-Award-2022_Organisator.jpg\",\"contentUrl\":\"https:\\\/\\\/www.organisator.ch\\\/wp-content\\\/uploads\\\/2022\\\/05\\\/Tide-Ocean-SA-gewinnt-Swiss-Ethics-Award-2022_Organisator.jpg\",\"width\":680,\"height\":460,\"caption\":\"Thomas Schori von der Tide Ocean SA (links) erh\u00e4lt die Troph\u00e4e f\u00fcr den Swiss Ethics Award 2022. (Bild: Thomas Berner)\"},{\"@type\":\"BreadcrumbList\",\"@id\":\"https:\\\/\\\/www.organisator.ch\\\/sustainability\\\/2022-05-13\\\/tide-ocean-sa-gewinnt-swiss-ethics-award-2022\\\/#breadcrumb\",\"itemListElement\":[{\"@type\":\"ListItem\",\"position\":1,\"name\":\"Home\",\"item\":\"https:\\\/\\\/www.organisator.ch\\\/\"},{\"@type\":\"ListItem\",\"position\":2,\"name\":\"Tide Ocean SA gewinnt Swiss Ethics Award 2022\"}]},{\"@type\":\"WebSite\",\"@id\":\"https:\\\/\\\/www.organisator.ch\\\/#website\",\"url\":\"https:\\\/\\\/www.organisator.ch\\\/\",\"name\":\"Organisator\",\"description\":\"Kompetent. Praxisnah. Der ORGANISATOR bereitet in 10 Ausgaben pro Jahr die wesentlichen Themen f\u00fcr F\u00fchrungskr\u00e4fte von KMU auf.\",\"publisher\":{\"@id\":\"https:\\\/\\\/www.organisator.ch\\\/#organization\"},\"potentialAction\":[{\"@type\":\"SearchAction\",\"target\":{\"@type\":\"EntryPoint\",\"urlTemplate\":\"https:\\\/\\\/www.organisator.ch\\\/?s={search_term_string}\"},\"query-input\":{\"@type\":\"PropertyValueSpecification\",\"valueRequired\":true,\"valueName\":\"search_term_string\"}}],\"inLanguage\":\"it-IT\"},{\"@type\":\"Organization\",\"@id\":\"https:\\\/\\\/www.organisator.ch\\\/#organization\",\"name\":\"Organisator\",\"url\":\"https:\\\/\\\/www.organisator.ch\\\/\",\"logo\":{\"@type\":\"ImageObject\",\"inLanguage\":\"it-IT\",\"@id\":\"https:\\\/\\\/www.organisator.ch\\\/#\\\/schema\\\/logo\\\/image\\\/\",\"url\":\"https:\\\/\\\/www.organisator.ch\\\/wp-content\\\/uploads\\\/2022\\\/01\\\/Logo_Organisator_Website.png\",\"contentUrl\":\"https:\\\/\\\/www.organisator.ch\\\/wp-content\\\/uploads\\\/2022\\\/01\\\/Logo_Organisator_Website.png\",\"width\":800,\"height\":77,\"caption\":\"Organisator\"},\"image\":{\"@id\":\"https:\\\/\\\/www.organisator.ch\\\/#\\\/schema\\\/logo\\\/image\\\/\"},\"sameAs\":[\"https:\\\/\\\/www.facebook.com\\\/OrganisatorFachmagazin\",\"https:\\\/\\\/www.linkedin.com\\\/showcase\\\/organisator-das-magazin-fr-kmu\",\"https:\\\/\\\/www.xing.com\\\/news\\\/pages\\\/organisator-ch-695\",\"https:\\\/\\\/www.youtube.com\\\/channel\\\/UCGP2Sq0iWaZwT3BdIAQFYpw\"]},{\"@type\":\"Person\",\"@id\":\"https:\\\/\\\/www.organisator.ch\\\/#\\\/schema\\\/person\\\/6f650f90b2842cd4c0cc334b4e36f67e\",\"name\":\"thomas.berner\",\"image\":{\"@type\":\"ImageObject\",\"inLanguage\":\"it-IT\",\"@id\":\"https:\\\/\\\/secure.gravatar.com\\\/avatar\\\/ac5001d2a36cb6c6cd3e50789007ffca834b477b74a2144564522e944eabff61?s=96&d=mm&r=g\",\"url\":\"https:\\\/\\\/secure.gravatar.com\\\/avatar\\\/ac5001d2a36cb6c6cd3e50789007ffca834b477b74a2144564522e944eabff61?s=96&d=mm&r=g\",\"contentUrl\":\"https:\\\/\\\/secure.gravatar.com\\\/avatar\\\/ac5001d2a36cb6c6cd3e50789007ffca834b477b74a2144564522e944eabff61?s=96&d=mm&r=g\",\"caption\":\"thomas.berner\"},\"url\":\"https:\\\/\\\/www.organisator.ch\\\/it\\\/author\\\/thomas-berner\\\/\"}]}<\/script>\n<!-- \/ Yoast SEO plugin. -->","yoast_head_json":{"title":"Tide Ocean SA vince il Premio Etico Svizzero 2022 - Organizzatore","description":"L'11 maggio 2022, il Premio svizzero per l'etica \u00e8 stato consegnato a Lucerna nell'ambito del Future Leadership Forum: Il vincitore \u00e8 Tide Ocean SA.","robots":{"index":"index","follow":"follow","max-snippet":"max-snippet:-1","max-image-preview":"max-image-preview:large","max-video-preview":"max-video-preview:-1"},"canonical":"https:\/\/www.organisator.ch\/it\/sostenibilita\/2022-05-13\/tide-ocean-sa-gewinnt-swiss-ethics-award-2022\/","og_locale":"it_IT","og_type":"article","og_title":"Tide Ocean SA gewinnt Swiss Ethics Award 2022","og_description":"Am 11. Mai 2022 wurde in Luzern im Rahmen des Future Leadership Forums der Swiss Ethics Award vergeben: Gewinner ist Tide Ocean SA.","og_url":"https:\/\/www.organisator.ch\/it\/sostenibilita\/2022-05-13\/tide-ocean-sa-gewinnt-swiss-ethics-award-2022\/","og_site_name":"Organisator","article_publisher":"https:\/\/www.facebook.com\/OrganisatorFachmagazin","article_published_time":"2022-05-13T06:13:17+00:00","og_image":[{"width":680,"height":460,"url":"https:\/\/www.organisator.ch\/wp-content\/uploads\/2022\/05\/Tide-Ocean-SA-gewinnt-Swiss-Ethics-Award-2022_Organisator.jpg","type":"image\/jpeg"}],"author":"thomas.berner","twitter_card":"summary_large_image","twitter_title":"Tide Ocean SA gewinnt Swiss #Ethics Award 2022","twitter_description":"Am 11. Mai 2022 wurde in Luzern im Rahmen des Future Leadership Forums der #SwissEthicsAward vergeben: Gewinner ist #TideOcean SA.","twitter_image":"https:\/\/www.organisator.ch\/wp-content\/uploads\/2022\/05\/Tide-Ocean-SA-gewinnt-Swiss-Ethics-Award-2022_Organisator.jpg","schema":{"@context":"https:\/\/schema.org","@graph":[{"@type":"Article","@id":"https:\/\/www.organisator.ch\/sustainability\/2022-05-13\/tide-ocean-sa-gewinnt-swiss-ethics-award-2022\/#article","isPartOf":{"@id":"https:\/\/www.organisator.ch\/sustainability\/2022-05-13\/tide-ocean-sa-gewinnt-swiss-ethics-award-2022\/"},"author":{"name":"thomas.berner","@id":"https:\/\/www.organisator.ch\/#\/schema\/person\/6f650f90b2842cd4c0cc334b4e36f67e"},"headline":"Tide Ocean SA gewinnt Swiss Ethics Award 2022","datePublished":"2022-05-13T06:13:17+00:00","mainEntityOfPage":{"@id":"https:\/\/www.organisator.ch\/sustainability\/2022-05-13\/tide-ocean-sa-gewinnt-swiss-ethics-award-2022\/"},"wordCount":965,"publisher":{"@id":"https:\/\/www.organisator.ch\/#organization"},"image":{"@id":"https:\/\/www.organisator.ch\/sustainability\/2022-05-13\/tide-ocean-sa-gewinnt-swiss-ethics-award-2022\/#primaryimage"},"thumbnailUrl":"https:\/\/www.organisator.ch\/wp-content\/uploads\/2022\/05\/Tide-Ocean-SA-gewinnt-Swiss-Ethics-Award-2022_Organisator.jpg","keywords":["Awards","Ethik","Nachhaltige Wirtschaft","Unternehmen"],"articleSection":["SUSTAINABILITY"],"inLanguage":"it-IT"},{"@type":"WebPage","@id":"https:\/\/www.organisator.ch\/sustainability\/2022-05-13\/tide-ocean-sa-gewinnt-swiss-ethics-award-2022\/","url":"https:\/\/www.organisator.ch\/sustainability\/2022-05-13\/tide-ocean-sa-gewinnt-swiss-ethics-award-2022\/","name":"Tide Ocean SA vince il Premio Etico Svizzero 2022 - Organizzatore","isPartOf":{"@id":"https:\/\/www.organisator.ch\/#website"},"primaryImageOfPage":{"@id":"https:\/\/www.organisator.ch\/sustainability\/2022-05-13\/tide-ocean-sa-gewinnt-swiss-ethics-award-2022\/#primaryimage"},"image":{"@id":"https:\/\/www.organisator.ch\/sustainability\/2022-05-13\/tide-ocean-sa-gewinnt-swiss-ethics-award-2022\/#primaryimage"},"thumbnailUrl":"https:\/\/www.organisator.ch\/wp-content\/uploads\/2022\/05\/Tide-Ocean-SA-gewinnt-Swiss-Ethics-Award-2022_Organisator.jpg","datePublished":"2022-05-13T06:13:17+00:00","description":"L'11 maggio 2022, il Premio svizzero per l'etica \u00e8 stato consegnato a Lucerna nell'ambito del Future Leadership Forum: Il vincitore \u00e8 Tide Ocean SA.","breadcrumb":{"@id":"https:\/\/www.organisator.ch\/sustainability\/2022-05-13\/tide-ocean-sa-gewinnt-swiss-ethics-award-2022\/#breadcrumb"},"inLanguage":"it-IT","potentialAction":[{"@type":"ReadAction","target":["https:\/\/www.organisator.ch\/sustainability\/2022-05-13\/tide-ocean-sa-gewinnt-swiss-ethics-award-2022\/"]}]},{"@type":"ImageObject","inLanguage":"it-IT","@id":"https:\/\/www.organisator.ch\/sustainability\/2022-05-13\/tide-ocean-sa-gewinnt-swiss-ethics-award-2022\/#primaryimage","url":"https:\/\/www.organisator.ch\/wp-content\/uploads\/2022\/05\/Tide-Ocean-SA-gewinnt-Swiss-Ethics-Award-2022_Organisator.jpg","contentUrl":"https:\/\/www.organisator.ch\/wp-content\/uploads\/2022\/05\/Tide-Ocean-SA-gewinnt-Swiss-Ethics-Award-2022_Organisator.jpg","width":680,"height":460,"caption":"Thomas Schori von der Tide Ocean SA (links) erh\u00e4lt die Troph\u00e4e f\u00fcr den Swiss Ethics Award 2022. (Bild: Thomas Berner)"},{"@type":"BreadcrumbList","@id":"https:\/\/www.organisator.ch\/sustainability\/2022-05-13\/tide-ocean-sa-gewinnt-swiss-ethics-award-2022\/#breadcrumb","itemListElement":[{"@type":"ListItem","position":1,"name":"Home","item":"https:\/\/www.organisator.ch\/"},{"@type":"ListItem","position":2,"name":"Tide Ocean SA gewinnt Swiss Ethics Award 2022"}]},{"@type":"WebSite","@id":"https:\/\/www.organisator.ch\/#website","url":"https:\/\/www.organisator.ch\/","name":"Organizzatore","description":"Competente. Pratico. In 10 numeri all'anno, ORGANISATOR presenta i temi essenziali per i manager delle PMI.","publisher":{"@id":"https:\/\/www.organisator.ch\/#organization"},"potentialAction":[{"@type":"SearchAction","target":{"@type":"EntryPoint","urlTemplate":"https:\/\/www.organisator.ch\/?s={search_term_string}"},"query-input":{"@type":"PropertyValueSpecification","valueRequired":true,"valueName":"search_term_string"}}],"inLanguage":"it-IT"},{"@type":"Organization","@id":"https:\/\/www.organisator.ch\/#organization","name":"Organizzatore","url":"https:\/\/www.organisator.ch\/","logo":{"@type":"ImageObject","inLanguage":"it-IT","@id":"https:\/\/www.organisator.ch\/#\/schema\/logo\/image\/","url":"https:\/\/www.organisator.ch\/wp-content\/uploads\/2022\/01\/Logo_Organisator_Website.png","contentUrl":"https:\/\/www.organisator.ch\/wp-content\/uploads\/2022\/01\/Logo_Organisator_Website.png","width":800,"height":77,"caption":"Organisator"},"image":{"@id":"https:\/\/www.organisator.ch\/#\/schema\/logo\/image\/"},"sameAs":["https:\/\/www.facebook.com\/OrganisatorFachmagazin","https:\/\/www.linkedin.com\/showcase\/organisator-das-magazin-fr-kmu","https:\/\/www.xing.com\/news\/pages\/organisator-ch-695","https:\/\/www.youtube.com\/channel\/UCGP2Sq0iWaZwT3BdIAQFYpw"]},{"@type":"Person","@id":"https:\/\/www.organisator.ch\/#\/schema\/person\/6f650f90b2842cd4c0cc334b4e36f67e","name":"Tommaso.berner","image":{"@type":"ImageObject","inLanguage":"it-IT","@id":"https:\/\/secure.gravatar.com\/avatar\/ac5001d2a36cb6c6cd3e50789007ffca834b477b74a2144564522e944eabff61?s=96&d=mm&r=g","url":"https:\/\/secure.gravatar.com\/avatar\/ac5001d2a36cb6c6cd3e50789007ffca834b477b74a2144564522e944eabff61?s=96&d=mm&r=g","contentUrl":"https:\/\/secure.gravatar.com\/avatar\/ac5001d2a36cb6c6cd3e50789007ffca834b477b74a2144564522e944eabff61?s=96&d=mm&r=g","caption":"thomas.berner"},"url":"https:\/\/www.organisator.ch\/it\/author\/thomas-berner\/"}]}},"_links":{"self":[{"href":"https:\/\/www.organisator.ch\/it\/wp-json\/wp\/v2\/posts\/12853","targetHints":{"allow":["GET"]}}],"collection":[{"href":"https:\/\/www.organisator.ch\/it\/wp-json\/wp\/v2\/posts"}],"about":[{"href":"https:\/\/www.organisator.ch\/it\/wp-json\/wp\/v2\/types\/post"}],"author":[{"embeddable":true,"href":"https:\/\/www.organisator.ch\/it\/wp-json\/wp\/v2\/users\/4"}],"replies":[{"embeddable":true,"href":"https:\/\/www.organisator.ch\/it\/wp-json\/wp\/v2\/comments?post=12853"}],"version-history":[{"count":3,"href":"https:\/\/www.organisator.ch\/it\/wp-json\/wp\/v2\/posts\/12853\/revisions"}],"predecessor-version":[{"id":12885,"href":"https:\/\/www.organisator.ch\/it\/wp-json\/wp\/v2\/posts\/12853\/revisions\/12885"}],"wp:featuredmedia":[{"embeddable":true,"href":"https:\/\/www.organisator.ch\/it\/wp-json\/wp\/v2\/media\/12854"}],"wp:attachment":[{"href":"https:\/\/www.organisator.ch\/it\/wp-json\/wp\/v2\/media?parent=12853"}],"wp:term":[{"taxonomy":"category","embeddable":true,"href":"https:\/\/www.organisator.ch\/it\/wp-json\/wp\/v2\/categories?post=12853"},{"taxonomy":"post_tag","embeddable":true,"href":"https:\/\/www.organisator.ch\/it\/wp-json\/wp\/v2\/tags?post=12853"}],"curies":[{"name":"wp","href":"https:\/\/api.w.org\/{rel}","templated":true}]}}