{"id":12874,"date":"2022-05-13T16:59:44","date_gmt":"2022-05-13T14:59:44","guid":{"rendered":"https:\/\/www.werbewoche.ch\/?p=171130"},"modified":"2022-08-01T14:02:06","modified_gmt":"2022-08-01T12:02:06","slug":"schweiz-tourismus-yamuna-betschart-uebernimmt-leitung-des-heimmarktes","status":"publish","type":"post","link":"https:\/\/www.organisator.ch\/it\/marketing\/2022-05-13\/schweiz-tourismus-yamuna-betschart-uebernimmt-leitung-des-heimmarktes\/","title":{"rendered":"Svizzera Turismo: Yamuna Betschart assume la direzione del mercato interno"},"content":{"rendered":"<figure id=\"attachment_171131\" class=\"wp-caption alignnone\" style=\"width: 683px\" aria-describedby=\"caption-attachment-171131\"><img class=\"alignnone wp-image-171131 size-large\" src=\"https:\/\/www.werbewoche.ch\/wp-content\/uploads\/2022\/05\/Betschart-Yamuna-683x1024.jpg\" alt=\"Yamuna\" width=\"683\" height=\"1024\" \/><figcaption id=\"caption-attachment-171131\" class=\"wp-caption-text\">Yamuna Beschart.<\/figcaption><\/figure>\r\nYamuna Betschart, Senior Marketing Manager Asia Pacific del Gruppo Lufthansa a Singapore fino alla fine del 2021, dal 1\u00b0 giugno \u00e8 la nuova Market Manager Svizzera di ST. Il titolare di un MAS in Management della Comunicazione conseguito presso l'Universit\u00e0 di Scienze Applicate e Arti di Lucerna torna in Svizzera dopo aver ricoperto numerosi incarichi presso marchi e operatori globali a Singapore e assume la responsabilit\u00e0 del dipartimento \"Mercato Svizzera\" presso ST.\r\n<h3><strong>Principale mercato del turismo svizzero<\/strong><\/h3>\r\nNel 2019 sono stati registrati quasi 18 milioni di pernottamenti in hotel nel mercato svizzero, con una quota di mercato di oltre il 45% per i pernottamenti nazionali. Nell'anno della pandemia 2021 \u00e8 stato stabilito un record assoluto con quasi 21 milioni di pernottamenti in hotel.\r\n\r\nLe misure di marketing di ST e dei suoi partner sono ora sotto la responsabilit\u00e0 di Yamuna Betschart, una comunicatrice esperta con molte competenze di marketing e leadership a livello internazionale. Il suo compito sar\u00e0 quello di mantenere e rafforzare il rinnovato amore degli svizzeri per la loro patria come meta di vacanza al di l\u00e0 della pandemia.\r\n\r\n\"Sono impaziente di vedere un nuovo volto alla ST, con una grande esperienza di marketing internazionale. Yamuna Betschart continuer\u00e0 a guidare il nostro mercato cos\u00ec centrale in Svizzera e ad arricchire le nostre attivit\u00e0 qui con la sua visione del mondo\", \u00e8 stato l'apprezzamento di Martin Nydegger, Direttore di ST.","protected":false},"excerpt":{"rendered":"<p>Yamuna Betschart, bis Ende 2021 Senior Marketing Manager Asia Pacific der Lufthansa Group in Singapur, ist ab 1. Juni neue Marktleiterin Schweiz bei ST. Die Inhaberin eines MAS in Communication Management der Hochschule Luzern kehrt nach zahlreichen Stationen bei globalen Marken und Akteuren in Singapur in die Schweiz zur\u00fcck und \u00fcbernimmt die Verantwortung f\u00fcr die [\u2026]<\/p>\n","protected":false},"author":8,"featured_media":0,"comment_status":"closed","ping_status":"closed","sticky":false,"template":"","format":"standard","meta":{"_acf_changed":false,"_yoast_wpseo_focuskw":"Yamuna","_yoast_wpseo_metadesc":"Der gemessen an Hotellogiern\u00e4chten gr\u00f6sste Markt f\u00fcr den Schweizer Tourismus liegt ab 1. Juni in der Verantwortung von Yamuna Betschart.","articlekey":"","footnotes":""},"categories":[29],"tags":[2853,2854,3225],"class_list":["post-12874","post","type-post","status-publish","format-standard","hentry","category-marketing","tag-jobchange","tag-schweiz-tourismus","tag-yamuna"],"acf":[],"yoast_head":"<!-- This site is optimized with the Yoast SEO plugin v27.5 - https:\/\/yoast.com\/product\/yoast-seo-wordpress\/ -->\n<title>Schweiz Tourismus: Yamuna Betschart \u00fcbernimmt Leitung des Heimmarktes - Organisator<\/title>\n<meta name=\"description\" content=\"Der gemessen an Hotellogiern\u00e4chten gr\u00f6sste Markt f\u00fcr den Schweizer Tourismus liegt ab 1. Juni in der Verantwortung von Yamuna Betschart.\" \/>\n<meta name=\"robots\" content=\"index, follow, max-snippet:-1, max-image-preview:large, max-video-preview:-1\" \/>\n<link rel=\"canonical\" href=\"https:\/\/www.werbewoche.ch\/de\/marketing\/2022-05-13\/schweiz-tourismus-yamuna-betschart-uebernimmt-leitung-des-heimmarktes\/\" \/>\n<meta property=\"og:locale\" content=\"it_IT\" \/>\n<meta property=\"og:type\" content=\"article\" \/>\n<meta property=\"og:title\" content=\"Schweiz Tourismus: Yamuna Betschart \u00fcbernimmt Leitung des Heimmarktes - Organisator\" \/>\n<meta property=\"og:description\" content=\"Der gemessen an Hotellogiern\u00e4chten gr\u00f6sste Markt f\u00fcr den Schweizer Tourismus liegt ab 1. Juni in der Verantwortung von Yamuna Betschart.\" \/>\n<meta property=\"og:url\" content=\"https:\/\/www.werbewoche.ch\/de\/marketing\/2022-05-13\/schweiz-tourismus-yamuna-betschart-uebernimmt-leitung-des-heimmarktes\/\" \/>\n<meta property=\"og:site_name\" content=\"Organisator\" \/>\n<meta property=\"article:publisher\" content=\"https:\/\/www.facebook.com\/OrganisatorFachmagazin\" \/>\n<meta property=\"article:published_time\" content=\"2022-05-13T14:59:44+00:00\" \/>\n<meta property=\"article:modified_time\" content=\"2022-08-01T12:02:06+00:00\" \/>\n<meta property=\"og:image\" content=\"https:\/\/www.werbewoche.ch\/wp-content\/uploads\/2022\/05\/Betschart-Yamuna-683x1024.jpg\" \/>\n<meta name=\"author\" content=\"galledia\" \/>\n<meta name=\"twitter:card\" content=\"summary_large_image\" \/>\n<meta name=\"twitter:creator\" content=\"@admin\" \/>\n<script type=\"application\/ld+json\" class=\"yoast-schema-graph\">{\"@context\":\"https:\\\/\\\/schema.org\",\"@graph\":[{\"@type\":\"Article\",\"@id\":\"https:\\\/\\\/www.werbewoche.ch\\\/de\\\/marketing\\\/2022-05-13\\\/schweiz-tourismus-yamuna-betschart-uebernimmt-leitung-des-heimmarktes\\\/#article\",\"isPartOf\":{\"@id\":\"https:\\\/\\\/www.organisator.ch\\\/marketing\\\/2022-05-13\\\/schweiz-tourismus-yamuna-betschart-uebernimmt-leitung-des-heimmarktes\\\/\"},\"author\":{\"name\":\"galledia\",\"@id\":\"https:\\\/\\\/www.organisator.ch\\\/#\\\/schema\\\/person\\\/4e51799071cd2dd1232ac003643ef5f0\"},\"headline\":\"Schweiz Tourismus: Yamuna Betschart \u00fcbernimmt Leitung des Heimmarktes\",\"datePublished\":\"2022-05-13T14:59:44+00:00\",\"dateModified\":\"2022-08-01T12:02:06+00:00\",\"mainEntityOfPage\":{\"@id\":\"https:\\\/\\\/www.organisator.ch\\\/marketing\\\/2022-05-13\\\/schweiz-tourismus-yamuna-betschart-uebernimmt-leitung-des-heimmarktes\\\/\"},\"wordCount\":201,\"publisher\":{\"@id\":\"https:\\\/\\\/www.organisator.ch\\\/#organization\"},\"image\":{\"@id\":\"https:\\\/\\\/www.werbewoche.ch\\\/de\\\/marketing\\\/2022-05-13\\\/schweiz-tourismus-yamuna-betschart-uebernimmt-leitung-des-heimmarktes\\\/#primaryimage\"},\"thumbnailUrl\":\"https:\\\/\\\/www.werbewoche.ch\\\/wp-content\\\/uploads\\\/2022\\\/05\\\/Betschart-Yamuna-683x1024.jpg\",\"keywords\":[\"Jobchange\",\"Schweiz Tourismus\",\"Yamuna\"],\"articleSection\":[\"MARKETING\"],\"inLanguage\":\"it-IT\"},{\"@type\":\"WebPage\",\"@id\":\"https:\\\/\\\/www.organisator.ch\\\/marketing\\\/2022-05-13\\\/schweiz-tourismus-yamuna-betschart-uebernimmt-leitung-des-heimmarktes\\\/\",\"url\":\"https:\\\/\\\/www.werbewoche.ch\\\/de\\\/marketing\\\/2022-05-13\\\/schweiz-tourismus-yamuna-betschart-uebernimmt-leitung-des-heimmarktes\\\/\",\"name\":\"Schweiz Tourismus: Yamuna Betschart \u00fcbernimmt Leitung des Heimmarktes - Organisator\",\"isPartOf\":{\"@id\":\"https:\\\/\\\/www.organisator.ch\\\/#website\"},\"primaryImageOfPage\":{\"@id\":\"https:\\\/\\\/www.werbewoche.ch\\\/de\\\/marketing\\\/2022-05-13\\\/schweiz-tourismus-yamuna-betschart-uebernimmt-leitung-des-heimmarktes\\\/#primaryimage\"},\"image\":{\"@id\":\"https:\\\/\\\/www.werbewoche.ch\\\/de\\\/marketing\\\/2022-05-13\\\/schweiz-tourismus-yamuna-betschart-uebernimmt-leitung-des-heimmarktes\\\/#primaryimage\"},\"thumbnailUrl\":\"https:\\\/\\\/www.werbewoche.ch\\\/wp-content\\\/uploads\\\/2022\\\/05\\\/Betschart-Yamuna-683x1024.jpg\",\"datePublished\":\"2022-05-13T14:59:44+00:00\",\"dateModified\":\"2022-08-01T12:02:06+00:00\",\"description\":\"Der gemessen an Hotellogiern\u00e4chten gr\u00f6sste Markt f\u00fcr den Schweizer Tourismus liegt ab 1. Juni in der Verantwortung von Yamuna Betschart.\",\"breadcrumb\":{\"@id\":\"https:\\\/\\\/www.werbewoche.ch\\\/de\\\/marketing\\\/2022-05-13\\\/schweiz-tourismus-yamuna-betschart-uebernimmt-leitung-des-heimmarktes\\\/#breadcrumb\"},\"inLanguage\":\"it-IT\",\"potentialAction\":[{\"@type\":\"ReadAction\",\"target\":[\"https:\\\/\\\/www.werbewoche.ch\\\/de\\\/marketing\\\/2022-05-13\\\/schweiz-tourismus-yamuna-betschart-uebernimmt-leitung-des-heimmarktes\\\/\"]}]},{\"@type\":\"ImageObject\",\"inLanguage\":\"it-IT\",\"@id\":\"https:\\\/\\\/www.werbewoche.ch\\\/de\\\/marketing\\\/2022-05-13\\\/schweiz-tourismus-yamuna-betschart-uebernimmt-leitung-des-heimmarktes\\\/#primaryimage\",\"url\":\"https:\\\/\\\/www.werbewoche.ch\\\/wp-content\\\/uploads\\\/2022\\\/05\\\/Betschart-Yamuna-683x1024.jpg\",\"contentUrl\":\"https:\\\/\\\/www.werbewoche.ch\\\/wp-content\\\/uploads\\\/2022\\\/05\\\/Betschart-Yamuna-683x1024.jpg\"},{\"@type\":\"BreadcrumbList\",\"@id\":\"https:\\\/\\\/www.werbewoche.ch\\\/de\\\/marketing\\\/2022-05-13\\\/schweiz-tourismus-yamuna-betschart-uebernimmt-leitung-des-heimmarktes\\\/#breadcrumb\",\"itemListElement\":[{\"@type\":\"ListItem\",\"position\":1,\"name\":\"Home\",\"item\":\"https:\\\/\\\/www.organisator.ch\\\/\"},{\"@type\":\"ListItem\",\"position\":2,\"name\":\"Schweiz Tourismus: Yamuna Betschart \u00fcbernimmt Leitung des Heimmarktes\"}]},{\"@type\":\"WebSite\",\"@id\":\"https:\\\/\\\/www.organisator.ch\\\/#website\",\"url\":\"https:\\\/\\\/www.organisator.ch\\\/\",\"name\":\"Organisator\",\"description\":\"Kompetent. Praxisnah. Der ORGANISATOR bereitet in 10 Ausgaben pro Jahr die wesentlichen Themen f\u00fcr F\u00fchrungskr\u00e4fte von KMU auf.\",\"publisher\":{\"@id\":\"https:\\\/\\\/www.organisator.ch\\\/#organization\"},\"potentialAction\":[{\"@type\":\"SearchAction\",\"target\":{\"@type\":\"EntryPoint\",\"urlTemplate\":\"https:\\\/\\\/www.organisator.ch\\\/?s={search_term_string}\"},\"query-input\":{\"@type\":\"PropertyValueSpecification\",\"valueRequired\":true,\"valueName\":\"search_term_string\"}}],\"inLanguage\":\"it-IT\"},{\"@type\":\"Organization\",\"@id\":\"https:\\\/\\\/www.organisator.ch\\\/#organization\",\"name\":\"Organisator\",\"url\":\"https:\\\/\\\/www.organisator.ch\\\/\",\"logo\":{\"@type\":\"ImageObject\",\"inLanguage\":\"it-IT\",\"@id\":\"https:\\\/\\\/www.organisator.ch\\\/#\\\/schema\\\/logo\\\/image\\\/\",\"url\":\"https:\\\/\\\/www.organisator.ch\\\/wp-content\\\/uploads\\\/2022\\\/01\\\/Logo_Organisator_Website.png\",\"contentUrl\":\"https:\\\/\\\/www.organisator.ch\\\/wp-content\\\/uploads\\\/2022\\\/01\\\/Logo_Organisator_Website.png\",\"width\":800,\"height\":77,\"caption\":\"Organisator\"},\"image\":{\"@id\":\"https:\\\/\\\/www.organisator.ch\\\/#\\\/schema\\\/logo\\\/image\\\/\"},\"sameAs\":[\"https:\\\/\\\/www.facebook.com\\\/OrganisatorFachmagazin\",\"https:\\\/\\\/www.linkedin.com\\\/showcase\\\/organisator-das-magazin-fr-kmu\",\"https:\\\/\\\/www.xing.com\\\/news\\\/pages\\\/organisator-ch-695\",\"https:\\\/\\\/www.youtube.com\\\/channel\\\/UCGP2Sq0iWaZwT3BdIAQFYpw\"]},{\"@type\":\"Person\",\"@id\":\"https:\\\/\\\/www.organisator.ch\\\/#\\\/schema\\\/person\\\/4e51799071cd2dd1232ac003643ef5f0\",\"name\":\"galledia\",\"image\":{\"@type\":\"ImageObject\",\"inLanguage\":\"it-IT\",\"@id\":\"https:\\\/\\\/secure.gravatar.com\\\/avatar\\\/78a7f90c01fc2bfc875782a0d4922b37cde2cf184ce347b91316d23cd7f69a36?s=96&d=mm&r=g\",\"url\":\"https:\\\/\\\/secure.gravatar.com\\\/avatar\\\/78a7f90c01fc2bfc875782a0d4922b37cde2cf184ce347b91316d23cd7f69a36?s=96&d=mm&r=g\",\"contentUrl\":\"https:\\\/\\\/secure.gravatar.com\\\/avatar\\\/78a7f90c01fc2bfc875782a0d4922b37cde2cf184ce347b91316d23cd7f69a36?s=96&d=mm&r=g\",\"caption\":\"galledia\"},\"sameAs\":[\"https:\\\/\\\/x.com\\\/admin\"],\"url\":\"https:\\\/\\\/www.organisator.ch\\\/it\\\/author\\\/galledia\\\/\"}]}<\/script>\n<!-- \/ Yoast SEO plugin. -->","yoast_head_json":{"title":"Svizzera Turismo: Yamuna Betschart assume la direzione del mercato interno - Organizzatore","description":"Il pi\u00f9 grande mercato del turismo svizzero in termini di pernottamenti alberghieri sar\u00e0 di competenza di Yamuna Betschart dal 1\u00b0 giugno.","robots":{"index":"index","follow":"follow","max-snippet":"max-snippet:-1","max-image-preview":"max-image-preview:large","max-video-preview":"max-video-preview:-1"},"canonical":"https:\/\/www.werbewoche.ch\/de\/marketing\/2022-05-13\/schweiz-tourismus-yamuna-betschart-uebernimmt-leitung-des-heimmarktes\/","og_locale":"it_IT","og_type":"article","og_title":"Schweiz Tourismus: Yamuna Betschart \u00fcbernimmt Leitung des Heimmarktes - Organisator","og_description":"Der gemessen an Hotellogiern\u00e4chten gr\u00f6sste Markt f\u00fcr den Schweizer Tourismus liegt ab 1. Juni in der Verantwortung von Yamuna Betschart.","og_url":"https:\/\/www.werbewoche.ch\/de\/marketing\/2022-05-13\/schweiz-tourismus-yamuna-betschart-uebernimmt-leitung-des-heimmarktes\/","og_site_name":"Organisator","article_publisher":"https:\/\/www.facebook.com\/OrganisatorFachmagazin","article_published_time":"2022-05-13T14:59:44+00:00","article_modified_time":"2022-08-01T12:02:06+00:00","og_image":[{"url":"https:\/\/www.werbewoche.ch\/wp-content\/uploads\/2022\/05\/Betschart-Yamuna-683x1024.jpg","type":"","width":"","height":""}],"author":"galledia","twitter_card":"summary_large_image","twitter_creator":"@admin","schema":{"@context":"https:\/\/schema.org","@graph":[{"@type":"Article","@id":"https:\/\/www.werbewoche.ch\/de\/marketing\/2022-05-13\/schweiz-tourismus-yamuna-betschart-uebernimmt-leitung-des-heimmarktes\/#article","isPartOf":{"@id":"https:\/\/www.organisator.ch\/marketing\/2022-05-13\/schweiz-tourismus-yamuna-betschart-uebernimmt-leitung-des-heimmarktes\/"},"author":{"name":"galledia","@id":"https:\/\/www.organisator.ch\/#\/schema\/person\/4e51799071cd2dd1232ac003643ef5f0"},"headline":"Schweiz Tourismus: Yamuna Betschart \u00fcbernimmt Leitung des Heimmarktes","datePublished":"2022-05-13T14:59:44+00:00","dateModified":"2022-08-01T12:02:06+00:00","mainEntityOfPage":{"@id":"https:\/\/www.organisator.ch\/marketing\/2022-05-13\/schweiz-tourismus-yamuna-betschart-uebernimmt-leitung-des-heimmarktes\/"},"wordCount":201,"publisher":{"@id":"https:\/\/www.organisator.ch\/#organization"},"image":{"@id":"https:\/\/www.werbewoche.ch\/de\/marketing\/2022-05-13\/schweiz-tourismus-yamuna-betschart-uebernimmt-leitung-des-heimmarktes\/#primaryimage"},"thumbnailUrl":"https:\/\/www.werbewoche.ch\/wp-content\/uploads\/2022\/05\/Betschart-Yamuna-683x1024.jpg","keywords":["Jobchange","Schweiz Tourismus","Yamuna"],"articleSection":["MARKETING"],"inLanguage":"it-IT"},{"@type":"WebPage","@id":"https:\/\/www.organisator.ch\/marketing\/2022-05-13\/schweiz-tourismus-yamuna-betschart-uebernimmt-leitung-des-heimmarktes\/","url":"https:\/\/www.werbewoche.ch\/de\/marketing\/2022-05-13\/schweiz-tourismus-yamuna-betschart-uebernimmt-leitung-des-heimmarktes\/","name":"Svizzera Turismo: Yamuna Betschart assume la direzione del mercato interno - Organizzatore","isPartOf":{"@id":"https:\/\/www.organisator.ch\/#website"},"primaryImageOfPage":{"@id":"https:\/\/www.werbewoche.ch\/de\/marketing\/2022-05-13\/schweiz-tourismus-yamuna-betschart-uebernimmt-leitung-des-heimmarktes\/#primaryimage"},"image":{"@id":"https:\/\/www.werbewoche.ch\/de\/marketing\/2022-05-13\/schweiz-tourismus-yamuna-betschart-uebernimmt-leitung-des-heimmarktes\/#primaryimage"},"thumbnailUrl":"https:\/\/www.werbewoche.ch\/wp-content\/uploads\/2022\/05\/Betschart-Yamuna-683x1024.jpg","datePublished":"2022-05-13T14:59:44+00:00","dateModified":"2022-08-01T12:02:06+00:00","description":"Il pi\u00f9 grande mercato del turismo svizzero in termini di pernottamenti alberghieri sar\u00e0 di competenza di Yamuna Betschart dal 1\u00b0 giugno.","breadcrumb":{"@id":"https:\/\/www.werbewoche.ch\/de\/marketing\/2022-05-13\/schweiz-tourismus-yamuna-betschart-uebernimmt-leitung-des-heimmarktes\/#breadcrumb"},"inLanguage":"it-IT","potentialAction":[{"@type":"ReadAction","target":["https:\/\/www.werbewoche.ch\/de\/marketing\/2022-05-13\/schweiz-tourismus-yamuna-betschart-uebernimmt-leitung-des-heimmarktes\/"]}]},{"@type":"ImageObject","inLanguage":"it-IT","@id":"https:\/\/www.werbewoche.ch\/de\/marketing\/2022-05-13\/schweiz-tourismus-yamuna-betschart-uebernimmt-leitung-des-heimmarktes\/#primaryimage","url":"https:\/\/www.werbewoche.ch\/wp-content\/uploads\/2022\/05\/Betschart-Yamuna-683x1024.jpg","contentUrl":"https:\/\/www.werbewoche.ch\/wp-content\/uploads\/2022\/05\/Betschart-Yamuna-683x1024.jpg"},{"@type":"BreadcrumbList","@id":"https:\/\/www.werbewoche.ch\/de\/marketing\/2022-05-13\/schweiz-tourismus-yamuna-betschart-uebernimmt-leitung-des-heimmarktes\/#breadcrumb","itemListElement":[{"@type":"ListItem","position":1,"name":"Home","item":"https:\/\/www.organisator.ch\/"},{"@type":"ListItem","position":2,"name":"Schweiz Tourismus: Yamuna Betschart \u00fcbernimmt Leitung des Heimmarktes"}]},{"@type":"WebSite","@id":"https:\/\/www.organisator.ch\/#website","url":"https:\/\/www.organisator.ch\/","name":"Organizzatore","description":"Competente. Pratico. In 10 numeri all'anno, ORGANISATOR presenta i temi essenziali per i manager delle PMI.","publisher":{"@id":"https:\/\/www.organisator.ch\/#organization"},"potentialAction":[{"@type":"SearchAction","target":{"@type":"EntryPoint","urlTemplate":"https:\/\/www.organisator.ch\/?s={search_term_string}"},"query-input":{"@type":"PropertyValueSpecification","valueRequired":true,"valueName":"search_term_string"}}],"inLanguage":"it-IT"},{"@type":"Organization","@id":"https:\/\/www.organisator.ch\/#organization","name":"Organizzatore","url":"https:\/\/www.organisator.ch\/","logo":{"@type":"ImageObject","inLanguage":"it-IT","@id":"https:\/\/www.organisator.ch\/#\/schema\/logo\/image\/","url":"https:\/\/www.organisator.ch\/wp-content\/uploads\/2022\/01\/Logo_Organisator_Website.png","contentUrl":"https:\/\/www.organisator.ch\/wp-content\/uploads\/2022\/01\/Logo_Organisator_Website.png","width":800,"height":77,"caption":"Organisator"},"image":{"@id":"https:\/\/www.organisator.ch\/#\/schema\/logo\/image\/"},"sameAs":["https:\/\/www.facebook.com\/OrganisatorFachmagazin","https:\/\/www.linkedin.com\/showcase\/organisator-das-magazin-fr-kmu","https:\/\/www.xing.com\/news\/pages\/organisator-ch-695","https:\/\/www.youtube.com\/channel\/UCGP2Sq0iWaZwT3BdIAQFYpw"]},{"@type":"Person","@id":"https:\/\/www.organisator.ch\/#\/schema\/person\/4e51799071cd2dd1232ac003643ef5f0","name":"galledia","image":{"@type":"ImageObject","inLanguage":"it-IT","@id":"https:\/\/secure.gravatar.com\/avatar\/78a7f90c01fc2bfc875782a0d4922b37cde2cf184ce347b91316d23cd7f69a36?s=96&d=mm&r=g","url":"https:\/\/secure.gravatar.com\/avatar\/78a7f90c01fc2bfc875782a0d4922b37cde2cf184ce347b91316d23cd7f69a36?s=96&d=mm&r=g","contentUrl":"https:\/\/secure.gravatar.com\/avatar\/78a7f90c01fc2bfc875782a0d4922b37cde2cf184ce347b91316d23cd7f69a36?s=96&d=mm&r=g","caption":"galledia"},"sameAs":["https:\/\/x.com\/admin"],"url":"https:\/\/www.organisator.ch\/it\/author\/galledia\/"}]}},"_links":{"self":[{"href":"https:\/\/www.organisator.ch\/it\/wp-json\/wp\/v2\/posts\/12874","targetHints":{"allow":["GET"]}}],"collection":[{"href":"https:\/\/www.organisator.ch\/it\/wp-json\/wp\/v2\/posts"}],"about":[{"href":"https:\/\/www.organisator.ch\/it\/wp-json\/wp\/v2\/types\/post"}],"author":[{"embeddable":true,"href":"https:\/\/www.organisator.ch\/it\/wp-json\/wp\/v2\/users\/8"}],"replies":[{"embeddable":true,"href":"https:\/\/www.organisator.ch\/it\/wp-json\/wp\/v2\/comments?post=12874"}],"version-history":[{"count":6,"href":"https:\/\/www.organisator.ch\/it\/wp-json\/wp\/v2\/posts\/12874\/revisions"}],"predecessor-version":[{"id":16055,"href":"https:\/\/www.organisator.ch\/it\/wp-json\/wp\/v2\/posts\/12874\/revisions\/16055"}],"wp:attachment":[{"href":"https:\/\/www.organisator.ch\/it\/wp-json\/wp\/v2\/media?parent=12874"}],"wp:term":[{"taxonomy":"category","embeddable":true,"href":"https:\/\/www.organisator.ch\/it\/wp-json\/wp\/v2\/categories?post=12874"},{"taxonomy":"post_tag","embeddable":true,"href":"https:\/\/www.organisator.ch\/it\/wp-json\/wp\/v2\/tags?post=12874"}],"curies":[{"name":"wp","href":"https:\/\/api.w.org\/{rel}","templated":true}]}}