{"id":12881,"date":"2022-05-16T08:47:13","date_gmt":"2022-05-16T06:47:13","guid":{"rendered":"https:\/\/www.organisator.ch\/?p=12881"},"modified":"2022-05-16T08:47:13","modified_gmt":"2022-05-16T06:47:13","slug":"e-cargobikes-zentralschweizer-betriebe-erhalten-unterstuetzung","status":"publish","type":"post","link":"https:\/\/www.organisator.ch\/it\/sustainability\/2022-05-16\/e-cargobikes-zentralschweizer-betriebe-erhalten-unterstuetzung\/","title":{"rendered":"E-Cargobikes: le imprese della Svizzera centrale ricevono un sostegno"},"content":{"rendered":"<figure id=\"attachment_12882\" aria-describedby=\"caption-attachment-12882\" style=\"width: 680px\" class=\"wp-caption alignnone\"><img loading=\"lazy\" decoding=\"async\" class=\"size-full wp-image-12882\" src=\"https:\/\/www.organisator.ch\/wp-content\/uploads\/2022\/05\/E-Cargobikes-Zentralschweizer-Betriebe-erhalten-Unterstuetzung_Organisator.jpg\" alt=\"\" width=\"680\" height=\"454\" srcset=\"https:\/\/www.organisator.ch\/wp-content\/uploads\/2022\/05\/E-Cargobikes-Zentralschweizer-Betriebe-erhalten-Unterstuetzung_Organisator.jpg 680w, https:\/\/www.organisator.ch\/wp-content\/uploads\/2022\/05\/E-Cargobikes-Zentralschweizer-Betriebe-erhalten-Unterstuetzung_Organisator-18x12.jpg 18w, https:\/\/www.organisator.ch\/wp-content\/uploads\/2022\/05\/E-Cargobikes-Zentralschweizer-Betriebe-erhalten-Unterstuetzung_Organisator-262x175.jpg 262w, https:\/\/www.organisator.ch\/wp-content\/uploads\/2022\/05\/E-Cargobikes-Zentralschweizer-Betriebe-erhalten-Unterstuetzung_Organisator-524x350.jpg 524w, https:\/\/www.organisator.ch\/wp-content\/uploads\/2022\/05\/E-Cargobikes-Zentralschweizer-Betriebe-erhalten-Unterstuetzung_Organisator-300x200.jpg 300w\" sizes=\"auto, (max-width: 680px) 100vw, 680px\" \/><figcaption id=\"caption-attachment-12882\" class=\"wp-caption-text\">Con la nuova bicicletta e il rimorchio e-cargo, Sascha Zbinden pu\u00f2 raggiungere pi\u00f9 rapidamente i suoi clienti e tornare alla sua officina. (Foto: Marcel Kaufmann \/ zVg AKS)<\/figcaption><\/figure>\n<p>La Fondazione Albert Koechlin (AKS), fondata nel 1997, sostiene regolarmente progetti sostenibili nella Svizzera centrale nei settori dell'assistenza sociale, dell'istruzione, della cultura, dell'economia e dell'ambiente. Secondo lo scopo della fondazione, l'attenzione \u00e8 sempre rivolta al bene comune. La fondazione sta attualmente sostenendo le aziende che vogliono cambiare la loro logistica in modo sostenibile acquistando una bicicletta da carico elettronica nell'ambito del progetto \"clever unterwegs\". Le aziende della Svizzera centrale possono scegliere tra un numero limitato di modelli di biciclette o rimorchi per il trasporto di merci elettriche. Le aziende interessate possono ottenere informazioni e candidarsi online su cleverunterwegs.ch\/e-cargobike. L'attuale finestra di candidatura \u00e8 aperta fino all'assegnazione di tutte le e-cargobike disponibili quest'anno. La prossima finestra di applicazione \u00e8 prevista per la primavera del 2023.<\/p>\n<h3>La Fondazione si fa carico del 60 percento dei costi di acquisizione<\/h3>\n<p>L'integrazione delle e-cargo bike richiede cambiamenti nelle operazioni quotidiane e investimenti preliminari. Grazie al sostegno finanziario dell'AKS, l'acquisto di una e-cargo bike diventa possibile e conveniente. Le aziende che desiderano sostituire i viaggi precedentemente effettuati in auto o in furgone con una e-cargo bike ricevono un sostegno finanziario dalla fondazione pari al 60% dei costi di acquisto. Oltre all'acquisto, il pacchetto complessivo comprende un servizio di assistenza iniziale dopo un anno e l'etichettatura appropriata.<\/p>\n<p>Le aziende le cui domande sono state prese in considerazione possono ottenere una consulenza dal rivenditore specializzato Velociped di Kriens, visionare i modelli disponibili e fare un giro di prova. Una volta scelto il modello giusto, l'etichettatura verr\u00e0 effettuata di concerto con l'azienda, in modo da poter consegnare la propria e-cargo bike quest'estate.<\/p>\n<h3>E-cargo bike: vantaggi sulle brevi distanze<\/h3>\n<p>L'utilizzo di una e-cargo bike presenta numerosi vantaggi per le aziende. Per gli spostamenti in centro citt\u00e0 fino a 3 chilometri, la e-cargo bike \u00e8 pi\u00f9 veloce delle auto o dei furgoni per le consegne. Ci\u00f2 significa che le aziende possono raggiungere i loro clienti o le loro filiali in modo pi\u00f9 rapido ed efficiente, senza perdere tempo negli ingorghi o nella ricerca di un parcheggio. Inoltre, l'uso di e-cargobike pu\u00f2 mettere in evidenza l'impegno per la protezione del clima. Tuttavia, finora solo poche aziende hanno scoperto questi vantaggi e hanno osato acquistare una e-cargo bike. Secondo il responsabile del progetto Andreas Merz, la Fondazione Albert Koechlin vuole abbattere questa barriera con il suo impegno e aiutare la e-cargo bike a raggiungere una svolta: \"In questo modo, apriamo un'ulteriore forma di mobilit\u00e0 sostenibile per le aziende, che da tempo si \u00e8 affermata nella mobilit\u00e0 privata delle famiglie\".<\/p>\n<h3>Implementazione di successo con imprese pilota<\/h3>\n<p>Insieme a Feinwerk e El Imposible Roasters, AKS ha gi\u00e0 messo in funzione le prime due biciclette e rimorchi per il trasporto di merci elettroniche nell'ambito di un progetto pilota. Secondo il proprietario Sacha Zbinden, per il team di Feinwerk si tratta di un sogno che si \u00e8 realizzato da tempo: \"Dato che lavoriamo spesso nel centro di Lucerna, la e-cargobike e il rimorchio ci consentono di raggiungere il cliente e di tornare in officina in modo pi\u00f9 rapido e semplice.<\/p>\n<p>Anche per Mario Waldisp\u00fchl, comproprietario della torrefazione El Imposible Roasters di Horw e ristoratore, il nuovo rimorchio offre molti vantaggi: \"Con il grande rimorchio possiamo gestire le consegne di caff\u00e8 in modo pi\u00f9 efficiente e in futuro anche recarci a eventi nella zona e servire il caff\u00e8 direttamente dal rimorchio\". Questo ci permetter\u00e0 di fare un altro passo avanti verso la fruizione sostenibile del caff\u00e8\".<\/p>\n<p><em>Ulteriori informazioni: <a href=\"https:\/\/www.cleverunterwegs.ch\/veloverkehr\/e-cargobike\">cleverunterwegs.ch\/e-cargobike<\/a><\/em><\/p>","protected":false},"excerpt":{"rendered":"<p>Die 1997 gegr\u00fcndete Albert Koechlin Stiftung (AKS) unterst\u00fctzt in der Zentralschweiz regelm\u00e4ssig nachhaltige Projekte in den Bereichen Soziales, Bildung, Kultur, Wirtschaft und Umwelt. Dabei steht gem\u00e4ss Stiftungszweck immer das Gemeinwohl im Zentrum. Aktuell unterst\u00fctzt die Stiftung im Rahmen des Projekts \u00abclever unterwegs\u00bb Betriebe, die mit der Anschaffung eines E-Cargobikes ihre Logistik nachhaltig ver\u00e4ndern wollen. Innerschweizer [&hellip;]<\/p>\n","protected":false},"author":4,"featured_media":12882,"comment_status":"closed","ping_status":"closed","sticky":false,"template":"","format":"standard","meta":{"_acf_changed":false,"_yoast_wpseo_focuskw":"E-Cargobikes","_yoast_wpseo_metadesc":"Die Albert Koechlin Stiftung unterst\u00fctzt in der Innerschweiz Betriebe bei der Anschaffung eines E-Cargobikes.","articlekey":"","footnotes":""},"categories":[580],"tags":[328,358,1775,2856],"class_list":["post-12881","post","type-post","status-publish","format-standard","has-post-thumbnail","hentry","category-sustainability","tag-logistik","tag-nachhaltige-wirtschaft","tag-nachhaltiger-verkehr","tag-zentralschweiz"],"acf":[],"yoast_head":"<!-- This site is optimized with the Yoast SEO plugin v27.5 - https:\/\/yoast.com\/product\/yoast-seo-wordpress\/ -->\n<title>E-Cargobikes: Zentralschweizer Betriebe erhalten Unterst\u00fctzung - Organisator<\/title>\n<meta name=\"description\" content=\"Die Albert Koechlin Stiftung unterst\u00fctzt in der Innerschweiz Betriebe bei der Anschaffung eines E-Cargobikes.\" \/>\n<meta name=\"robots\" content=\"index, follow, max-snippet:-1, max-image-preview:large, max-video-preview:-1\" \/>\n<link rel=\"canonical\" href=\"https:\/\/www.organisator.ch\/it\/sostenibilita\/2022-05-16\/e-cargobikes-zentralschweizer-betriebe-erhalten-unterstuetzung\/\" \/>\n<meta property=\"og:locale\" content=\"it_IT\" \/>\n<meta property=\"og:type\" content=\"article\" \/>\n<meta property=\"og:title\" content=\"E-Cargobikes: Zentralschweizer Betriebe erhalten Unterst\u00fctzung\" \/>\n<meta property=\"og:description\" content=\"Die Albert Koechlin Stiftung unterst\u00fctzt in der Innerschweiz Betriebe bei der Anschaffung eines E-Cargobikes.\" \/>\n<meta property=\"og:url\" content=\"https:\/\/www.organisator.ch\/it\/sostenibilita\/2022-05-16\/e-cargobikes-zentralschweizer-betriebe-erhalten-unterstuetzung\/\" \/>\n<meta property=\"og:site_name\" content=\"Organisator\" \/>\n<meta property=\"article:publisher\" content=\"https:\/\/www.facebook.com\/OrganisatorFachmagazin\" \/>\n<meta property=\"article:published_time\" content=\"2022-05-16T06:47:13+00:00\" \/>\n<meta property=\"og:image\" content=\"https:\/\/www.organisator.ch\/wp-content\/uploads\/2022\/05\/E-Cargobikes-Zentralschweizer-Betriebe-erhalten-Unterstuetzung_Organisator.jpg\" \/>\n\t<meta property=\"og:image:width\" content=\"680\" \/>\n\t<meta property=\"og:image:height\" content=\"454\" \/>\n\t<meta property=\"og:image:type\" content=\"image\/jpeg\" \/>\n<meta name=\"author\" content=\"thomas.berner\" \/>\n<meta name=\"twitter:card\" content=\"summary_large_image\" \/>\n<meta name=\"twitter:title\" content=\"#E-Cargobikes: Zentralschweizer Betriebe erhalten #Unterst\u00fctzung\" \/>\n<meta name=\"twitter:description\" content=\"Die Albert Koechlin Stiftung #AKS unterst\u00fctzt in der Innerschweiz Betriebe bei der Anschaffung eines #E-Cargobikes.\" \/>\n<meta name=\"twitter:image\" content=\"https:\/\/www.organisator.ch\/wp-content\/uploads\/2022\/05\/E-Cargobikes-Zentralschweizer-Betriebe-erhalten-Unterstuetzung_Organisator.jpg\" \/>\n<script type=\"application\/ld+json\" class=\"yoast-schema-graph\">{\"@context\":\"https:\\\/\\\/schema.org\",\"@graph\":[{\"@type\":\"Article\",\"@id\":\"https:\\\/\\\/www.organisator.ch\\\/sustainability\\\/2022-05-16\\\/e-cargobikes-zentralschweizer-betriebe-erhalten-unterstuetzung\\\/#article\",\"isPartOf\":{\"@id\":\"https:\\\/\\\/www.organisator.ch\\\/sustainability\\\/2022-05-16\\\/e-cargobikes-zentralschweizer-betriebe-erhalten-unterstuetzung\\\/\"},\"author\":{\"name\":\"thomas.berner\",\"@id\":\"https:\\\/\\\/www.organisator.ch\\\/#\\\/schema\\\/person\\\/6f650f90b2842cd4c0cc334b4e36f67e\"},\"headline\":\"E-Cargobikes: Zentralschweizer Betriebe erhalten Unterst\u00fctzung\",\"datePublished\":\"2022-05-16T06:47:13+00:00\",\"mainEntityOfPage\":{\"@id\":\"https:\\\/\\\/www.organisator.ch\\\/sustainability\\\/2022-05-16\\\/e-cargobikes-zentralschweizer-betriebe-erhalten-unterstuetzung\\\/\"},\"wordCount\":575,\"publisher\":{\"@id\":\"https:\\\/\\\/www.organisator.ch\\\/#organization\"},\"image\":{\"@id\":\"https:\\\/\\\/www.organisator.ch\\\/sustainability\\\/2022-05-16\\\/e-cargobikes-zentralschweizer-betriebe-erhalten-unterstuetzung\\\/#primaryimage\"},\"thumbnailUrl\":\"https:\\\/\\\/www.organisator.ch\\\/wp-content\\\/uploads\\\/2022\\\/05\\\/E-Cargobikes-Zentralschweizer-Betriebe-erhalten-Unterstuetzung_Organisator.jpg\",\"keywords\":[\"Logistik\",\"Nachhaltige Wirtschaft\",\"Nachhaltiger Verkehr\",\"Zentralschweiz\"],\"articleSection\":[\"SUSTAINABILITY\"],\"inLanguage\":\"it-IT\"},{\"@type\":\"WebPage\",\"@id\":\"https:\\\/\\\/www.organisator.ch\\\/sustainability\\\/2022-05-16\\\/e-cargobikes-zentralschweizer-betriebe-erhalten-unterstuetzung\\\/\",\"url\":\"https:\\\/\\\/www.organisator.ch\\\/sustainability\\\/2022-05-16\\\/e-cargobikes-zentralschweizer-betriebe-erhalten-unterstuetzung\\\/\",\"name\":\"E-Cargobikes: Zentralschweizer Betriebe erhalten Unterst\u00fctzung - Organisator\",\"isPartOf\":{\"@id\":\"https:\\\/\\\/www.organisator.ch\\\/#website\"},\"primaryImageOfPage\":{\"@id\":\"https:\\\/\\\/www.organisator.ch\\\/sustainability\\\/2022-05-16\\\/e-cargobikes-zentralschweizer-betriebe-erhalten-unterstuetzung\\\/#primaryimage\"},\"image\":{\"@id\":\"https:\\\/\\\/www.organisator.ch\\\/sustainability\\\/2022-05-16\\\/e-cargobikes-zentralschweizer-betriebe-erhalten-unterstuetzung\\\/#primaryimage\"},\"thumbnailUrl\":\"https:\\\/\\\/www.organisator.ch\\\/wp-content\\\/uploads\\\/2022\\\/05\\\/E-Cargobikes-Zentralschweizer-Betriebe-erhalten-Unterstuetzung_Organisator.jpg\",\"datePublished\":\"2022-05-16T06:47:13+00:00\",\"description\":\"Die Albert Koechlin Stiftung unterst\u00fctzt in der Innerschweiz Betriebe bei der Anschaffung eines E-Cargobikes.\",\"breadcrumb\":{\"@id\":\"https:\\\/\\\/www.organisator.ch\\\/sustainability\\\/2022-05-16\\\/e-cargobikes-zentralschweizer-betriebe-erhalten-unterstuetzung\\\/#breadcrumb\"},\"inLanguage\":\"it-IT\",\"potentialAction\":[{\"@type\":\"ReadAction\",\"target\":[\"https:\\\/\\\/www.organisator.ch\\\/sustainability\\\/2022-05-16\\\/e-cargobikes-zentralschweizer-betriebe-erhalten-unterstuetzung\\\/\"]}]},{\"@type\":\"ImageObject\",\"inLanguage\":\"it-IT\",\"@id\":\"https:\\\/\\\/www.organisator.ch\\\/sustainability\\\/2022-05-16\\\/e-cargobikes-zentralschweizer-betriebe-erhalten-unterstuetzung\\\/#primaryimage\",\"url\":\"https:\\\/\\\/www.organisator.ch\\\/wp-content\\\/uploads\\\/2022\\\/05\\\/E-Cargobikes-Zentralschweizer-Betriebe-erhalten-Unterstuetzung_Organisator.jpg\",\"contentUrl\":\"https:\\\/\\\/www.organisator.ch\\\/wp-content\\\/uploads\\\/2022\\\/05\\\/E-Cargobikes-Zentralschweizer-Betriebe-erhalten-Unterstuetzung_Organisator.jpg\",\"width\":680,\"height\":454,\"caption\":\"Mit dem neuen E-Cargobike samt Anh\u00e4nger ist Sascha Zbinden rascher bei seinen Kunden und zur\u00fcck in seiner Werkstatt. (Foto: Marcel Kaufmann \\\/ zVg AKS)\"},{\"@type\":\"BreadcrumbList\",\"@id\":\"https:\\\/\\\/www.organisator.ch\\\/sustainability\\\/2022-05-16\\\/e-cargobikes-zentralschweizer-betriebe-erhalten-unterstuetzung\\\/#breadcrumb\",\"itemListElement\":[{\"@type\":\"ListItem\",\"position\":1,\"name\":\"Home\",\"item\":\"https:\\\/\\\/www.organisator.ch\\\/\"},{\"@type\":\"ListItem\",\"position\":2,\"name\":\"E-Cargobikes: Zentralschweizer Betriebe erhalten Unterst\u00fctzung\"}]},{\"@type\":\"WebSite\",\"@id\":\"https:\\\/\\\/www.organisator.ch\\\/#website\",\"url\":\"https:\\\/\\\/www.organisator.ch\\\/\",\"name\":\"Organisator\",\"description\":\"Kompetent. Praxisnah. Der ORGANISATOR bereitet in 10 Ausgaben pro Jahr die wesentlichen Themen f\u00fcr F\u00fchrungskr\u00e4fte von KMU auf.\",\"publisher\":{\"@id\":\"https:\\\/\\\/www.organisator.ch\\\/#organization\"},\"potentialAction\":[{\"@type\":\"SearchAction\",\"target\":{\"@type\":\"EntryPoint\",\"urlTemplate\":\"https:\\\/\\\/www.organisator.ch\\\/?s={search_term_string}\"},\"query-input\":{\"@type\":\"PropertyValueSpecification\",\"valueRequired\":true,\"valueName\":\"search_term_string\"}}],\"inLanguage\":\"it-IT\"},{\"@type\":\"Organization\",\"@id\":\"https:\\\/\\\/www.organisator.ch\\\/#organization\",\"name\":\"Organisator\",\"url\":\"https:\\\/\\\/www.organisator.ch\\\/\",\"logo\":{\"@type\":\"ImageObject\",\"inLanguage\":\"it-IT\",\"@id\":\"https:\\\/\\\/www.organisator.ch\\\/#\\\/schema\\\/logo\\\/image\\\/\",\"url\":\"https:\\\/\\\/www.organisator.ch\\\/wp-content\\\/uploads\\\/2022\\\/01\\\/Logo_Organisator_Website.png\",\"contentUrl\":\"https:\\\/\\\/www.organisator.ch\\\/wp-content\\\/uploads\\\/2022\\\/01\\\/Logo_Organisator_Website.png\",\"width\":800,\"height\":77,\"caption\":\"Organisator\"},\"image\":{\"@id\":\"https:\\\/\\\/www.organisator.ch\\\/#\\\/schema\\\/logo\\\/image\\\/\"},\"sameAs\":[\"https:\\\/\\\/www.facebook.com\\\/OrganisatorFachmagazin\",\"https:\\\/\\\/www.linkedin.com\\\/showcase\\\/organisator-das-magazin-fr-kmu\",\"https:\\\/\\\/www.xing.com\\\/news\\\/pages\\\/organisator-ch-695\",\"https:\\\/\\\/www.youtube.com\\\/channel\\\/UCGP2Sq0iWaZwT3BdIAQFYpw\"]},{\"@type\":\"Person\",\"@id\":\"https:\\\/\\\/www.organisator.ch\\\/#\\\/schema\\\/person\\\/6f650f90b2842cd4c0cc334b4e36f67e\",\"name\":\"thomas.berner\",\"image\":{\"@type\":\"ImageObject\",\"inLanguage\":\"it-IT\",\"@id\":\"https:\\\/\\\/secure.gravatar.com\\\/avatar\\\/ac5001d2a36cb6c6cd3e50789007ffca834b477b74a2144564522e944eabff61?s=96&d=mm&r=g\",\"url\":\"https:\\\/\\\/secure.gravatar.com\\\/avatar\\\/ac5001d2a36cb6c6cd3e50789007ffca834b477b74a2144564522e944eabff61?s=96&d=mm&r=g\",\"contentUrl\":\"https:\\\/\\\/secure.gravatar.com\\\/avatar\\\/ac5001d2a36cb6c6cd3e50789007ffca834b477b74a2144564522e944eabff61?s=96&d=mm&r=g\",\"caption\":\"thomas.berner\"},\"url\":\"https:\\\/\\\/www.organisator.ch\\\/it\\\/author\\\/thomas-berner\\\/\"}]}<\/script>\n<!-- \/ Yoast SEO plugin. -->","yoast_head_json":{"title":"E-Cargobikes: le imprese della Svizzera centrale ricevono un sostegno - Organizzatore","description":"La Fondazione Albert Koechlin sostiene le aziende della Svizzera centrale nell'acquisto di una e-cargo bike.","robots":{"index":"index","follow":"follow","max-snippet":"max-snippet:-1","max-image-preview":"max-image-preview:large","max-video-preview":"max-video-preview:-1"},"canonical":"https:\/\/www.organisator.ch\/it\/sostenibilita\/2022-05-16\/e-cargobikes-zentralschweizer-betriebe-erhalten-unterstuetzung\/","og_locale":"it_IT","og_type":"article","og_title":"E-Cargobikes: Zentralschweizer Betriebe erhalten Unterst\u00fctzung","og_description":"Die Albert Koechlin Stiftung unterst\u00fctzt in der Innerschweiz Betriebe bei der Anschaffung eines E-Cargobikes.","og_url":"https:\/\/www.organisator.ch\/it\/sostenibilita\/2022-05-16\/e-cargobikes-zentralschweizer-betriebe-erhalten-unterstuetzung\/","og_site_name":"Organisator","article_publisher":"https:\/\/www.facebook.com\/OrganisatorFachmagazin","article_published_time":"2022-05-16T06:47:13+00:00","og_image":[{"width":680,"height":454,"url":"https:\/\/www.organisator.ch\/wp-content\/uploads\/2022\/05\/E-Cargobikes-Zentralschweizer-Betriebe-erhalten-Unterstuetzung_Organisator.jpg","type":"image\/jpeg"}],"author":"thomas.berner","twitter_card":"summary_large_image","twitter_title":"#E-Cargobikes: Zentralschweizer Betriebe erhalten #Unterst\u00fctzung","twitter_description":"Die Albert Koechlin Stiftung #AKS unterst\u00fctzt in der Innerschweiz Betriebe bei der Anschaffung eines #E-Cargobikes.","twitter_image":"https:\/\/www.organisator.ch\/wp-content\/uploads\/2022\/05\/E-Cargobikes-Zentralschweizer-Betriebe-erhalten-Unterstuetzung_Organisator.jpg","schema":{"@context":"https:\/\/schema.org","@graph":[{"@type":"Article","@id":"https:\/\/www.organisator.ch\/sustainability\/2022-05-16\/e-cargobikes-zentralschweizer-betriebe-erhalten-unterstuetzung\/#article","isPartOf":{"@id":"https:\/\/www.organisator.ch\/sustainability\/2022-05-16\/e-cargobikes-zentralschweizer-betriebe-erhalten-unterstuetzung\/"},"author":{"name":"thomas.berner","@id":"https:\/\/www.organisator.ch\/#\/schema\/person\/6f650f90b2842cd4c0cc334b4e36f67e"},"headline":"E-Cargobikes: Zentralschweizer Betriebe erhalten Unterst\u00fctzung","datePublished":"2022-05-16T06:47:13+00:00","mainEntityOfPage":{"@id":"https:\/\/www.organisator.ch\/sustainability\/2022-05-16\/e-cargobikes-zentralschweizer-betriebe-erhalten-unterstuetzung\/"},"wordCount":575,"publisher":{"@id":"https:\/\/www.organisator.ch\/#organization"},"image":{"@id":"https:\/\/www.organisator.ch\/sustainability\/2022-05-16\/e-cargobikes-zentralschweizer-betriebe-erhalten-unterstuetzung\/#primaryimage"},"thumbnailUrl":"https:\/\/www.organisator.ch\/wp-content\/uploads\/2022\/05\/E-Cargobikes-Zentralschweizer-Betriebe-erhalten-Unterstuetzung_Organisator.jpg","keywords":["Logistik","Nachhaltige Wirtschaft","Nachhaltiger Verkehr","Zentralschweiz"],"articleSection":["SUSTAINABILITY"],"inLanguage":"it-IT"},{"@type":"WebPage","@id":"https:\/\/www.organisator.ch\/sustainability\/2022-05-16\/e-cargobikes-zentralschweizer-betriebe-erhalten-unterstuetzung\/","url":"https:\/\/www.organisator.ch\/sustainability\/2022-05-16\/e-cargobikes-zentralschweizer-betriebe-erhalten-unterstuetzung\/","name":"E-Cargobikes: le imprese della Svizzera centrale ricevono un sostegno - Organizzatore","isPartOf":{"@id":"https:\/\/www.organisator.ch\/#website"},"primaryImageOfPage":{"@id":"https:\/\/www.organisator.ch\/sustainability\/2022-05-16\/e-cargobikes-zentralschweizer-betriebe-erhalten-unterstuetzung\/#primaryimage"},"image":{"@id":"https:\/\/www.organisator.ch\/sustainability\/2022-05-16\/e-cargobikes-zentralschweizer-betriebe-erhalten-unterstuetzung\/#primaryimage"},"thumbnailUrl":"https:\/\/www.organisator.ch\/wp-content\/uploads\/2022\/05\/E-Cargobikes-Zentralschweizer-Betriebe-erhalten-Unterstuetzung_Organisator.jpg","datePublished":"2022-05-16T06:47:13+00:00","description":"La Fondazione Albert Koechlin sostiene le aziende della Svizzera centrale nell'acquisto di una e-cargo bike.","breadcrumb":{"@id":"https:\/\/www.organisator.ch\/sustainability\/2022-05-16\/e-cargobikes-zentralschweizer-betriebe-erhalten-unterstuetzung\/#breadcrumb"},"inLanguage":"it-IT","potentialAction":[{"@type":"ReadAction","target":["https:\/\/www.organisator.ch\/sustainability\/2022-05-16\/e-cargobikes-zentralschweizer-betriebe-erhalten-unterstuetzung\/"]}]},{"@type":"ImageObject","inLanguage":"it-IT","@id":"https:\/\/www.organisator.ch\/sustainability\/2022-05-16\/e-cargobikes-zentralschweizer-betriebe-erhalten-unterstuetzung\/#primaryimage","url":"https:\/\/www.organisator.ch\/wp-content\/uploads\/2022\/05\/E-Cargobikes-Zentralschweizer-Betriebe-erhalten-Unterstuetzung_Organisator.jpg","contentUrl":"https:\/\/www.organisator.ch\/wp-content\/uploads\/2022\/05\/E-Cargobikes-Zentralschweizer-Betriebe-erhalten-Unterstuetzung_Organisator.jpg","width":680,"height":454,"caption":"Mit dem neuen E-Cargobike samt Anh\u00e4nger ist Sascha Zbinden rascher bei seinen Kunden und zur\u00fcck in seiner Werkstatt. (Foto: Marcel Kaufmann \/ zVg AKS)"},{"@type":"BreadcrumbList","@id":"https:\/\/www.organisator.ch\/sustainability\/2022-05-16\/e-cargobikes-zentralschweizer-betriebe-erhalten-unterstuetzung\/#breadcrumb","itemListElement":[{"@type":"ListItem","position":1,"name":"Home","item":"https:\/\/www.organisator.ch\/"},{"@type":"ListItem","position":2,"name":"E-Cargobikes: Zentralschweizer Betriebe erhalten Unterst\u00fctzung"}]},{"@type":"WebSite","@id":"https:\/\/www.organisator.ch\/#website","url":"https:\/\/www.organisator.ch\/","name":"Organizzatore","description":"Competente. Pratico. In 10 numeri all'anno, ORGANISATOR presenta i temi essenziali per i manager delle PMI.","publisher":{"@id":"https:\/\/www.organisator.ch\/#organization"},"potentialAction":[{"@type":"SearchAction","target":{"@type":"EntryPoint","urlTemplate":"https:\/\/www.organisator.ch\/?s={search_term_string}"},"query-input":{"@type":"PropertyValueSpecification","valueRequired":true,"valueName":"search_term_string"}}],"inLanguage":"it-IT"},{"@type":"Organization","@id":"https:\/\/www.organisator.ch\/#organization","name":"Organizzatore","url":"https:\/\/www.organisator.ch\/","logo":{"@type":"ImageObject","inLanguage":"it-IT","@id":"https:\/\/www.organisator.ch\/#\/schema\/logo\/image\/","url":"https:\/\/www.organisator.ch\/wp-content\/uploads\/2022\/01\/Logo_Organisator_Website.png","contentUrl":"https:\/\/www.organisator.ch\/wp-content\/uploads\/2022\/01\/Logo_Organisator_Website.png","width":800,"height":77,"caption":"Organisator"},"image":{"@id":"https:\/\/www.organisator.ch\/#\/schema\/logo\/image\/"},"sameAs":["https:\/\/www.facebook.com\/OrganisatorFachmagazin","https:\/\/www.linkedin.com\/showcase\/organisator-das-magazin-fr-kmu","https:\/\/www.xing.com\/news\/pages\/organisator-ch-695","https:\/\/www.youtube.com\/channel\/UCGP2Sq0iWaZwT3BdIAQFYpw"]},{"@type":"Person","@id":"https:\/\/www.organisator.ch\/#\/schema\/person\/6f650f90b2842cd4c0cc334b4e36f67e","name":"Tommaso.berner","image":{"@type":"ImageObject","inLanguage":"it-IT","@id":"https:\/\/secure.gravatar.com\/avatar\/ac5001d2a36cb6c6cd3e50789007ffca834b477b74a2144564522e944eabff61?s=96&d=mm&r=g","url":"https:\/\/secure.gravatar.com\/avatar\/ac5001d2a36cb6c6cd3e50789007ffca834b477b74a2144564522e944eabff61?s=96&d=mm&r=g","contentUrl":"https:\/\/secure.gravatar.com\/avatar\/ac5001d2a36cb6c6cd3e50789007ffca834b477b74a2144564522e944eabff61?s=96&d=mm&r=g","caption":"thomas.berner"},"url":"https:\/\/www.organisator.ch\/it\/author\/thomas-berner\/"}]}},"_links":{"self":[{"href":"https:\/\/www.organisator.ch\/it\/wp-json\/wp\/v2\/posts\/12881","targetHints":{"allow":["GET"]}}],"collection":[{"href":"https:\/\/www.organisator.ch\/it\/wp-json\/wp\/v2\/posts"}],"about":[{"href":"https:\/\/www.organisator.ch\/it\/wp-json\/wp\/v2\/types\/post"}],"author":[{"embeddable":true,"href":"https:\/\/www.organisator.ch\/it\/wp-json\/wp\/v2\/users\/4"}],"replies":[{"embeddable":true,"href":"https:\/\/www.organisator.ch\/it\/wp-json\/wp\/v2\/comments?post=12881"}],"version-history":[{"count":3,"href":"https:\/\/www.organisator.ch\/it\/wp-json\/wp\/v2\/posts\/12881\/revisions"}],"predecessor-version":[{"id":12954,"href":"https:\/\/www.organisator.ch\/it\/wp-json\/wp\/v2\/posts\/12881\/revisions\/12954"}],"wp:featuredmedia":[{"embeddable":true,"href":"https:\/\/www.organisator.ch\/it\/wp-json\/wp\/v2\/media\/12882"}],"wp:attachment":[{"href":"https:\/\/www.organisator.ch\/it\/wp-json\/wp\/v2\/media?parent=12881"}],"wp:term":[{"taxonomy":"category","embeddable":true,"href":"https:\/\/www.organisator.ch\/it\/wp-json\/wp\/v2\/categories?post=12881"},{"taxonomy":"post_tag","embeddable":true,"href":"https:\/\/www.organisator.ch\/it\/wp-json\/wp\/v2\/tags?post=12881"}],"curies":[{"name":"wp","href":"https:\/\/api.w.org\/{rel}","templated":true}]}}