{"id":12887,"date":"2022-05-16T12:15:28","date_gmt":"2022-05-16T10:15:28","guid":{"rendered":"https:\/\/www.werbewoche.ch\/?p=171178"},"modified":"2022-07-30T15:31:28","modified_gmt":"2022-07-30T13:31:28","slug":"frauenarbeit-lunch-in-der-kronenhalle","status":"publish","type":"post","link":"https:\/\/www.organisator.ch\/it\/marketing\/2022-05-16\/frauenarbeit-lunch-in-der-kronenhalle\/","title":{"rendered":"1TP4Pranzo di lavoro delle donne alla Kronenhalle"},"content":{"rendered":"<figure id=\"attachment_171180\" class=\"wp-caption alignnone\" style=\"width: 768px\" aria-describedby=\"caption-attachment-171180\"><img class=\"alignnone wp-image-171180 size-large\" src=\"https:\/\/www.werbewoche.ch\/wp-content\/uploads\/2022\/05\/frauenarbeit_0221-1024x683.jpg\" alt=\"Sala della Corona\" width=\"768\" height=\"512\" \/><figcaption id=\"caption-attachment-171180\" class=\"wp-caption-text\">Regula B\u00fchrer Fecker, promotrice di #Frauenarbeit, d\u00e0 il benvenuto agli ospiti. \u00a9 Djamila Grossman \/ Comunicazione universitaria ZHdK.<\/figcaption><\/figure>\r\n#Frauenarbeit \u00e8 la pi\u00f9 grande piattaforma svizzera per le giovani donne e le carriere. L'iniziativa \u00e8 stata avviata cinque anni fa dalla reclutatrice di Rod Regula B\u00fchrer Fecker. L'obiettivo \u00e8 quello di riunire, incoraggiare e ispirare le giovani donne con ambizioni professionali. Nel frattempo, la comunit\u00e0 su Instagram conta pi\u00f9 di 12.000 follower ed \u00e8 attiva nel presentare e mettere in rete i modelli di ruolo femminili svizzeri. Venerd\u00ec 13 maggio, la fondazione #Frauenarbeit ha invitato a pranzo alla Kronenhalle 60 donne provenienti dai settori della finanza, dei media, del marketing, della comunicazione e della cultura. Si tratta della seconda edizione di questo pranzo di networking. Ci sono state molte risate, scambi intensi, networking e progetti per il futuro. Hulda Zumsteg, patrona della Kronenhalle, ne sarebbe stata certamente orgogliosa. Il pranzo di lavoro di #Women \u00e8 un evento annuale e la partecipazione \u00e8 solo su invito personale. Se volete seguire #Frauenarbeit, potete farlo su Instagram all'indirizzo @frauenarbeit.\r\n<h3>Ecco alcune impressioni<\/h3>\r\n(tutte le foto \u00a9 Djamila Grossman \/ Comunicazione universitaria ZHdK)\r\n\r\n<img class=\"alignnone wp-image-171182 size-large\" src=\"https:\/\/www.werbewoche.ch\/wp-content\/uploads\/2022\/05\/frauenarbeit_0024-1024x682.jpg\" alt=\"Sala della Corona\" width=\"768\" height=\"512\" \/>\r\n<figure id=\"attachment_171183\" class=\"wp-caption alignnone\" style=\"width: 768px\" aria-describedby=\"caption-attachment-171183\"><img class=\"alignnone wp-image-171183 size-large\" src=\"https:\/\/www.werbewoche.ch\/wp-content\/uploads\/2022\/05\/frauenarbeit_0054-1024x682.jpg\" alt=\"Sala della Corona\" width=\"768\" height=\"512\" \/><figcaption id=\"caption-attachment-171183\" class=\"wp-caption-text\">Regula B\u00fchrer Fecker, promotrice del lavoro di #Women e reclutatrice e partner di Rod Kommunikation.<\/figcaption><\/figure>\r\n<figure id=\"attachment_171184\" class=\"wp-caption alignnone\" style=\"width: 768px\" aria-describedby=\"caption-attachment-171184\"><img class=\"alignnone wp-image-171184 size-large\" src=\"https:\/\/www.werbewoche.ch\/wp-content\/uploads\/2022\/05\/Katja-Schoenenberger-1024x682.jpg\" alt=\"Sala della Corona\" width=\"768\" height=\"512\" \/><figcaption id=\"caption-attachment-171184\" class=\"wp-caption-text\">Regula B\u00fchrer Fecker in conversazione con Katja Sch\u00f6nenberger di Pro Juventute.<\/figcaption><\/figure>\r\n<figure id=\"attachment_171185\" class=\"wp-caption alignnone\" style=\"width: 768px\" aria-describedby=\"caption-attachment-171185\"><img class=\"alignnone wp-image-171185 size-large\" src=\"https:\/\/www.werbewoche.ch\/wp-content\/uploads\/2022\/05\/Kerstin-Yael-Andres-1024x682.jpg\" alt=\"Sala della Corona\" width=\"768\" height=\"512\" \/><figcaption id=\"caption-attachment-171185\" class=\"wp-caption-text\">Kerstin Hasse di Tamedia e Yael Anders, freelance.<\/figcaption><\/figure>\r\n<figure id=\"attachment_171186\" class=\"wp-caption alignnone\" style=\"width: 768px\" aria-describedby=\"caption-attachment-171186\"><img class=\"alignnone wp-image-171186 size-large\" src=\"https:\/\/www.werbewoche.ch\/wp-content\/uploads\/2022\/05\/Kiki-und-Lauren-1024x682.jpg\" alt=\"Sala della Corona\" width=\"768\" height=\"512\" \/><figcaption id=\"caption-attachment-171186\" class=\"wp-caption-text\">Kiki Maeder, SRF (a sinistra) e Lauren Wildbolz, Future Cuisine.<\/figcaption><\/figure>\r\n<figure id=\"attachment_171187\" class=\"wp-caption alignnone\" style=\"width: 768px\" aria-describedby=\"caption-attachment-171187\"><img class=\"alignnone wp-image-171187 size-large\" src=\"https:\/\/www.werbewoche.ch\/wp-content\/uploads\/2022\/05\/Manuela-Albrecht-1024x682.jpg\" alt=\"Sala della Corona\" width=\"768\" height=\"512\" \/><figcaption id=\"caption-attachment-171187\" class=\"wp-caption-text\">Manuela Albrecht, Comunicazione Rod.<\/figcaption><\/figure>\r\n<figure id=\"attachment_171189\" class=\"wp-caption alignnone\" style=\"width: 768px\" aria-describedby=\"caption-attachment-171189\"><img class=\"alignnone wp-image-171189 size-large\" src=\"https:\/\/www.werbewoche.ch\/wp-content\/uploads\/2022\/05\/Manuela-Leonhard-1024x682.jpg\" alt=\"Sala della Corona\" width=\"768\" height=\"512\" \/><figcaption id=\"caption-attachment-171189\" class=\"wp-caption-text\">Manuela Leonhard, Citt\u00e0 di Zurigo.<\/figcaption><\/figure>\r\n<figure id=\"attachment_171190\" class=\"wp-caption alignnone\" style=\"width: 768px\" aria-describedby=\"caption-attachment-171190\"><img class=\"alignnone wp-image-171190 size-large\" src=\"https:\/\/www.werbewoche.ch\/wp-content\/uploads\/2022\/05\/Michele-Widmer-1024x682.jpg\" alt=\"Sala della Corona\" width=\"768\" height=\"512\" \/><figcaption id=\"caption-attachment-171190\" class=\"wp-caption-text\">Mich\u00e8le Widmer, Personale.<\/figcaption><\/figure>\r\n<figure id=\"attachment_171191\" class=\"wp-caption alignnone\" style=\"width: 768px\" aria-describedby=\"caption-attachment-171191\"><img class=\"alignnone wp-image-171191 size-large\" src=\"https:\/\/www.werbewoche.ch\/wp-content\/uploads\/2022\/05\/Nina-Krucker-1024x682.jpg\" alt=\"Sala della Corona\" width=\"768\" height=\"512\" \/><figcaption id=\"caption-attachment-171191\" class=\"wp-caption-text\">Nina Krucker, Farner Consulting (a sinistra) e Judith Weber, #rauenarbeit.<\/figcaption><\/figure>\r\n<figure id=\"attachment_171192\" class=\"wp-caption alignnone\" style=\"width: 768px\" aria-describedby=\"caption-attachment-171192\"><img class=\"alignnone wp-image-171192 size-large\" src=\"https:\/\/www.werbewoche.ch\/wp-content\/uploads\/2022\/05\/Sarah-Brunner-und-Manuela-L-1024x682.jpg\" alt=\"Sala della Corona\" width=\"768\" height=\"512\" \/><figcaption id=\"caption-attachment-171192\" class=\"wp-caption-text\">Manuela Leonhard abbraccia Sarah Brunner, Schauspielhaus di Zurigo (a sinistra).<\/figcaption><\/figure>\r\n<figure id=\"attachment_171193\" class=\"wp-caption alignnone\" style=\"width: 768px\" aria-describedby=\"caption-attachment-171193\"><img class=\"alignnone wp-image-171193 size-large\" src=\"https:\/\/www.werbewoche.ch\/wp-content\/uploads\/2022\/05\/Shqipe-vorne-rechts-Tiffany-1024x682.jpg\" alt=\"Sala della Corona\" width=\"768\" height=\"512\" \/><figcaption id=\"caption-attachment-171193\" class=\"wp-caption-text\">Steffi Buchli, Ringier (a sinistra) in conversazione con Shqipe Sylejmani, freelance.<\/figcaption><\/figure>\r\n<figure id=\"attachment_171194\" class=\"wp-caption alignnone\" style=\"width: 768px\" aria-describedby=\"caption-attachment-171194\"><img class=\"alignnone wp-image-171194 size-large\" src=\"https:\/\/www.werbewoche.ch\/wp-content\/uploads\/2022\/05\/Anja-Hermann-1024x682.jpg\" alt=\"Sala della Corona\" width=\"768\" height=\"512\" \/><figcaption id=\"caption-attachment-171194\" class=\"wp-caption-text\">Anja Hermann, Credit Suisse.<\/figcaption><\/figure>\r\n<figure id=\"attachment_171195\" class=\"wp-caption alignnone\" style=\"width: 768px\" aria-describedby=\"caption-attachment-171195\"><img class=\"alignnone wp-image-171195 size-large\" src=\"https:\/\/www.werbewoche.ch\/wp-content\/uploads\/2022\/05\/Anna-und-Jacki-1024x682.jpg\" alt=\"Sala della Corona\" width=\"768\" height=\"512\" \/><figcaption id=\"caption-attachment-171195\" class=\"wp-caption-text\">Jacqueline Krause-Blouin, caporedattore Annabelle (a sinistra) e Anna Kohler, condirettore m&amp;k.<\/figcaption><\/figure>\r\n<figure id=\"attachment_171196\" class=\"wp-caption alignnone\" style=\"width: 768px\" aria-describedby=\"caption-attachment-171196\"><img class=\"alignnone wp-image-171196 size-large\" src=\"https:\/\/www.werbewoche.ch\/wp-content\/uploads\/2022\/05\/ArjetaZuta-1024x682.jpg\" alt=\"Sala della Corona\" width=\"768\" height=\"512\" \/><figcaption id=\"caption-attachment-171196\" class=\"wp-caption-text\">Arjeta Zuta, Andreas &amp; Conrad.<\/figcaption><\/figure>\r\n<figure id=\"attachment_171197\" class=\"wp-caption alignnone\" style=\"width: 768px\" aria-describedby=\"caption-attachment-171197\"><img class=\"alignnone wp-image-171197 size-large\" src=\"https:\/\/www.werbewoche.ch\/wp-content\/uploads\/2022\/05\/Christina-Stahl-und-Nadine-1024x682.jpg\" alt=\"Sala della Corona\" width=\"768\" height=\"512\" \/><figcaption id=\"caption-attachment-171197\" class=\"wp-caption-text\">Christina Stahl, Ameli Zurich (a sinistra) e Nadine J\u00fcrgensen, elleXX.<\/figcaption><\/figure>\r\n<figure id=\"attachment_171198\" class=\"wp-caption alignnone\" style=\"width: 768px\" aria-describedby=\"caption-attachment-171198\"><img class=\"alignnone wp-image-171198 size-large\" src=\"https:\/\/www.werbewoche.ch\/wp-content\/uploads\/2022\/05\/Daniela-Baer-1024x682.jpg\" alt=\"Sala della Corona\" width=\"768\" height=\"512\" \/><figcaption id=\"caption-attachment-171198\" class=\"wp-caption-text\">Daniela B\u00e4r, Comunicazione Rod.<\/figcaption><\/figure>\r\n<figure id=\"attachment_171199\" class=\"wp-caption alignnone\" style=\"width: 768px\" aria-describedby=\"caption-attachment-171199\"><img class=\"alignnone wp-image-171199 size-large\" src=\"https:\/\/www.werbewoche.ch\/wp-content\/uploads\/2022\/05\/Danijela-Erni-1024x683.jpg\" alt=\"Sala della Corona\" width=\"768\" height=\"512\" \/><figcaption id=\"caption-attachment-171199\" class=\"wp-caption-text\">Florence Schnydrig Moser e Danijela Erni, entrambe della Z\u00fcrcher Kantonalbank.<\/figcaption><\/figure>\r\n<figure id=\"attachment_171200\" class=\"wp-caption alignnone\" style=\"width: 768px\" aria-describedby=\"caption-attachment-171200\"><img class=\"alignnone wp-image-171200 size-large\" src=\"https:\/\/www.werbewoche.ch\/wp-content\/uploads\/2022\/05\/Desiree-Pomper-1024x682.jpg\" alt=\"Sala della Corona\" width=\"768\" height=\"512\" \/><figcaption id=\"caption-attachment-171200\" class=\"wp-caption-text\">D\u00e9sir\u00e9e Pomper, 20 minuti.<\/figcaption><\/figure>\r\n<figure id=\"attachment_171201\" class=\"wp-caption alignnone\" style=\"width: 768px\" aria-describedby=\"caption-attachment-171201\"><img class=\"alignnone wp-image-171201 size-large\" src=\"https:\/\/www.werbewoche.ch\/wp-content\/uploads\/2022\/05\/Elena-Walder-Schiavone-1024x682.jpg\" alt=\"Sala della Corona\" width=\"768\" height=\"512\" \/><figcaption id=\"caption-attachment-171201\" class=\"wp-caption-text\">Elena Walder-Schiavone, Legge Smartup.<\/figcaption><\/figure>\r\n<figure id=\"attachment_171202\" class=\"wp-caption alignnone\" style=\"width: 768px\" aria-describedby=\"caption-attachment-171202\"><img class=\"alignnone wp-image-171202 size-large\" src=\"https:\/\/www.werbewoche.ch\/wp-content\/uploads\/2022\/05\/Evelyn-Grunder-1024x682.jpg\" alt=\"Sala della Corona\" width=\"768\" height=\"512\" \/><figcaption id=\"caption-attachment-171202\" class=\"wp-caption-text\">Maude Federspiel (al centro), Rod Communication e membro dello staff #Women's work, a colloquio con Irena Grundig, Farner Consulting.<\/figcaption><\/figure>\r\n<figure id=\"attachment_171203\" class=\"wp-caption alignnone\" style=\"width: 768px\" aria-describedby=\"caption-attachment-171203\"><img class=\"alignnone wp-image-171203 size-large\" src=\"https:\/\/www.werbewoche.ch\/wp-content\/uploads\/2022\/05\/Florence-1024x682.jpg\" alt=\"Sala della Corona\" width=\"768\" height=\"512\" \/><figcaption id=\"caption-attachment-171203\" class=\"wp-caption-text\">Florence Schnydrig Moser, Z\u00fcrcher Kantonalbank.<\/figcaption><\/figure>\r\n<figure id=\"attachment_171204\" class=\"wp-caption alignnone\" style=\"width: 768px\" aria-describedby=\"caption-attachment-171204\"><img class=\"alignnone wp-image-171204 size-large\" src=\"https:\/\/www.werbewoche.ch\/wp-content\/uploads\/2022\/05\/frauenarbeit_0012-1024x682.jpg\" alt=\"Sala della Corona\" width=\"768\" height=\"512\" \/><figcaption id=\"caption-attachment-171204\" class=\"wp-caption-text\">Tutto pronto per le signore: La Kronenhalle.<\/figcaption><\/figure>\r\n<img class=\"alignnone wp-image-171205 size-large\" src=\"https:\/\/www.werbewoche.ch\/wp-content\/uploads\/2022\/05\/frauenarbeit_0019-1024x682.jpg\" alt=\"Sala della Corona\" width=\"768\" height=\"512\" \/>\r\n\r\n<img class=\"alignnone wp-image-171206 size-large\" src=\"https:\/\/www.werbewoche.ch\/wp-content\/uploads\/2022\/05\/frauenarbeit_0024-1-1024x682.jpg\" alt=\"Sala della Corona\" width=\"768\" height=\"512\" \/>\r\n\r\n<img class=\"alignnone wp-image-171208 size-large\" src=\"https:\/\/www.werbewoche.ch\/wp-content\/uploads\/2022\/05\/frauenarbeit_0089-1024x682.jpg\" alt=\"Sala della Corona\" width=\"768\" height=\"512\" \/>\r\n<figure id=\"attachment_171210\" class=\"wp-caption alignnone\" style=\"width: 768px\" aria-describedby=\"caption-attachment-171210\"><img class=\"alignnone wp-image-171210 size-large\" src=\"https:\/\/www.werbewoche.ch\/wp-content\/uploads\/2022\/05\/frauenarbeit_0115-1024x683.jpg\" alt=\"Sala della Corona\" width=\"768\" height=\"512\" \/><figcaption id=\"caption-attachment-171210\" class=\"wp-caption-text\">Da sinistra: Priska Amstutz, Tagesanzeiger, Regula B\u00fchrer Fecker, Rod e #rauenarbeit e Jacqueline Krause-Blouin, caporedattore Annabelle.<\/figcaption><\/figure>\r\n<figure id=\"attachment_171211\" class=\"wp-caption alignnone\" style=\"width: 768px\" aria-describedby=\"caption-attachment-171211\"><img class=\"alignnone wp-image-171211 size-large\" src=\"https:\/\/www.werbewoche.ch\/wp-content\/uploads\/2022\/05\/frauenarbeit_0135-1024x683.jpg\" alt=\"Sala della Corona\" width=\"768\" height=\"512\" \/><figcaption id=\"caption-attachment-171211\" class=\"wp-caption-text\">Maude Federspiel, Rod e 1TP4Lavoro femminile.<\/figcaption><\/figure>\r\n<figure id=\"attachment_171212\" class=\"wp-caption alignnone\" style=\"width: 768px\" aria-describedby=\"caption-attachment-171212\"><img class=\"alignnone wp-image-171212 size-large\" src=\"https:\/\/www.werbewoche.ch\/wp-content\/uploads\/2022\/05\/frauenarbeit_0158-1024x682.jpg\" alt=\"Sala della Corona\" width=\"768\" height=\"512\" \/><figcaption id=\"caption-attachment-171212\" class=\"wp-caption-text\">Sharon Zucker, Digitec Galaxus.<\/figcaption><\/figure>\r\n<figure id=\"attachment_171213\" class=\"wp-caption alignnone\" style=\"width: 768px\" aria-describedby=\"caption-attachment-171213\"><img class=\"alignnone wp-image-171213 size-large\" src=\"https:\/\/www.werbewoche.ch\/wp-content\/uploads\/2022\/05\/frauenarbeit_0237-1024x682.jpg\" alt=\"Sala della Corona\" width=\"768\" height=\"512\" \/><figcaption id=\"caption-attachment-171213\" class=\"wp-caption-text\">Nadine J\u00fcrgensen accoglie Anja Knabenhans (a destra), freelance.<\/figcaption><\/figure>\r\n<figure id=\"attachment_171214\" class=\"wp-caption alignnone\" style=\"width: 768px\" aria-describedby=\"caption-attachment-171214\"><img class=\"alignnone wp-image-171214 size-large\" src=\"https:\/\/www.werbewoche.ch\/wp-content\/uploads\/2022\/05\/frauenarbeit_0262-1024x682.jpg\" alt=\"Sala della Corona\" width=\"768\" height=\"512\" \/><figcaption id=\"caption-attachment-171214\" class=\"wp-caption-text\">Nadine J\u00fcrgensen, elleXX in conversazione con Kerstin Hasse di Tamedia.<\/figcaption><\/figure>\r\n<figure id=\"attachment_171215\" class=\"wp-caption alignnone\" style=\"width: 768px\" aria-describedby=\"caption-attachment-171215\"><img class=\"alignnone wp-image-171215 size-large\" src=\"https:\/\/www.werbewoche.ch\/wp-content\/uploads\/2022\/05\/frauenarbeit_0287-1024x682.jpg\" alt=\"Sala della Corona\" width=\"768\" height=\"512\" \/><figcaption id=\"caption-attachment-171215\" class=\"wp-caption-text\">Regula B\u00fchrer Fecker (a sinistra) in conversazione con Katia Murmann, Ringier.<\/figcaption><\/figure>\r\n<figure id=\"attachment_171216\" class=\"wp-caption alignnone\" style=\"width: 768px\" aria-describedby=\"caption-attachment-171216\"><img class=\"alignnone wp-image-171216 size-large\" src=\"https:\/\/www.werbewoche.ch\/wp-content\/uploads\/2022\/05\/frauenarbeit_0324-1024x682.jpg\" alt=\"Sala della Corona\" width=\"768\" height=\"512\" \/><figcaption id=\"caption-attachment-171216\" class=\"wp-caption-text\">Regula B\u00fchrer Fecker in conversazione con Anna Kohler.<\/figcaption><\/figure>\r\n<figure id=\"attachment_171217\" class=\"wp-caption alignnone\" style=\"width: 768px\" aria-describedby=\"caption-attachment-171217\"><img class=\"alignnone wp-image-171217 size-large\" src=\"https:\/\/www.werbewoche.ch\/wp-content\/uploads\/2022\/05\/frauenarbeit_0367-1024x682.jpg\" alt=\"Sala della Corona\" width=\"768\" height=\"512\" \/><figcaption id=\"caption-attachment-171217\" class=\"wp-caption-text\">Sandra-Stella Triebl di Ladies Drive (in fondo a sinistra).<\/figcaption><\/figure>\r\n<figure id=\"attachment_171218\" class=\"wp-caption alignnone\" style=\"width: 768px\" aria-describedby=\"caption-attachment-171218\"><img class=\"alignnone wp-image-171218 size-large\" src=\"https:\/\/www.werbewoche.ch\/wp-content\/uploads\/2022\/05\/frauenarbeit_0378-1024x682.jpg\" alt=\"Sala della Corona\" width=\"768\" height=\"512\" \/><figcaption id=\"caption-attachment-171218\" class=\"wp-caption-text\">Anja Knabenhans, freelance e iniziatrice del podcast \"Mal ehrlich\".<\/figcaption><\/figure>\r\n<img class=\"alignnone wp-image-171219 size-large\" src=\"https:\/\/www.werbewoche.ch\/wp-content\/uploads\/2022\/05\/frauenarbeit_0382-1024x682.jpg\" alt=\"Sala della Corona\" width=\"768\" height=\"512\" \/>\r\n\r\nJudith Schuler, La solidariet\u00e0 svizzera.\r\n<figure id=\"attachment_171220\" class=\"wp-caption alignnone\" style=\"width: 768px\" aria-describedby=\"caption-attachment-171220\"><img class=\"alignnone wp-image-171220 size-large\" src=\"https:\/\/www.werbewoche.ch\/wp-content\/uploads\/2022\/05\/frauenarbeit_0395-1024x683.jpg\" alt=\"Sala della Corona\" width=\"768\" height=\"512\" \/><figcaption id=\"caption-attachment-171220\" class=\"wp-caption-text\">Nicole Pfammatter, CEO Hotelplan Suisse (a sinistra) e Lauren Wildbolz, Future Cuisine.<\/figcaption><\/figure>\r\n<img class=\"alignnone wp-image-171222 size-large\" src=\"https:\/\/www.werbewoche.ch\/wp-content\/uploads\/2022\/05\/frauenarbeit_0432-1024x682.jpg\" alt=\"Sala della Corona\" width=\"768\" height=\"512\" \/>\r\n\r\nLinda Rasumowski, Mental Well Mom (a sinistra) e Sharon Zucker, Digitec Galaxus.\r\n\r\n<img class=\"alignnone wp-image-171224 size-large\" src=\"https:\/\/www.werbewoche.ch\/wp-content\/uploads\/2022\/05\/frauenarbeit_0504-1-1024x682.jpg\" alt=\"Sala della Corona\" width=\"768\" height=\"512\" \/>\r\n\r\n<img class=\"alignnone wp-image-171225 size-large\" src=\"https:\/\/www.werbewoche.ch\/wp-content\/uploads\/2022\/05\/frauenarbeit_0507-1024x682.jpg\" alt=\"Sala della Corona\" width=\"768\" height=\"512\" \/>\r\n\r\n<img class=\"alignnone wp-image-171226 size-large\" src=\"https:\/\/www.werbewoche.ch\/wp-content\/uploads\/2022\/05\/frauenarbeit_0523-1024x682.jpg\" alt=\"Sala della Corona\" width=\"768\" height=\"512\" \/>\r\n<figure id=\"attachment_171228\" class=\"wp-caption alignnone\" style=\"width: 768px\" aria-describedby=\"caption-attachment-171228\"><img class=\"alignnone wp-image-171228 size-large\" src=\"https:\/\/www.werbewoche.ch\/wp-content\/uploads\/2022\/05\/frauenarbeit_0556-1024x682.jpg\" alt=\"Sala della Corona\" width=\"768\" height=\"512\" \/><figcaption id=\"caption-attachment-171228\" class=\"wp-caption-text\">Claudia Blumer, 20 Minuten (a sinistra) e Mich\u00e8le Widmer, Pers\u00f6nlich.<\/figcaption><\/figure>\r\n<figure id=\"attachment_171229\" class=\"wp-caption alignnone\" style=\"width: 768px\" aria-describedby=\"caption-attachment-171229\"><img class=\"alignnone wp-image-171229 size-large\" src=\"https:\/\/www.werbewoche.ch\/wp-content\/uploads\/2022\/05\/frauenarbeit_0603-1024x682.jpg\" alt=\"Sala della Corona\" width=\"768\" height=\"512\" \/><figcaption id=\"caption-attachment-171229\" class=\"wp-caption-text\">Nicole Pfammater, Hotelplan Suisse (a destra) in conversazione con Yael Anders.<\/figcaption><\/figure>\r\n<img class=\"alignnone wp-image-171230 size-large\" src=\"https:\/\/www.werbewoche.ch\/wp-content\/uploads\/2022\/05\/frauenarbeit_0677-1024x682.jpg\" alt=\"Sala della Corona\" width=\"768\" height=\"512\" \/>\r\n\r\n<img class=\"alignnone wp-image-171231 size-large\" src=\"https:\/\/www.werbewoche.ch\/wp-content\/uploads\/2022\/05\/frauenarbeit_0685-1024x682.jpg\" alt=\"Sala della Corona\" width=\"768\" height=\"512\" \/>\r\n<figure id=\"attachment_171233\" class=\"wp-caption alignnone\" style=\"width: 768px\" aria-describedby=\"caption-attachment-171233\"><img class=\"alignnone wp-image-171233 size-large\" src=\"https:\/\/www.werbewoche.ch\/wp-content\/uploads\/2022\/05\/frauenarbeit_0784-1024x682.jpg\" alt=\"Sala della Corona\" width=\"768\" height=\"512\" \/><figcaption id=\"caption-attachment-171233\" class=\"wp-caption-text\">Sandra-Stella Triebl, Ladies Drive.<\/figcaption><\/figure>\r\n<img class=\"alignnone wp-image-171234 size-large\" src=\"https:\/\/www.werbewoche.ch\/wp-content\/uploads\/2022\/05\/Isa-Leandra-Jacki-Christina-Stahl-1024x682.jpg\" alt=\"Sala della Corona\" width=\"768\" height=\"512\" \/>\r\n<figure id=\"attachment_171235\" class=\"wp-caption alignnone\" style=\"width: 768px\" aria-describedby=\"caption-attachment-171235\"><img class=\"alignnone wp-image-171235 size-large\" src=\"https:\/\/www.werbewoche.ch\/wp-content\/uploads\/2022\/05\/Isabelle-Gerber-1024x682.jpg\" alt=\"Sala della Corona\" width=\"768\" height=\"512\" \/><figcaption id=\"caption-attachment-171235\" class=\"wp-caption-text\">Isabelle Gerber, Operazione Libero.<\/figcaption><\/figure>\r\n<figure id=\"attachment_171236\" class=\"wp-caption alignnone\" style=\"width: 768px\" aria-describedby=\"caption-attachment-171236\"><img class=\"alignnone wp-image-171236 size-large\" src=\"https:\/\/www.werbewoche.ch\/wp-content\/uploads\/2022\/05\/Jasmin-Schmid-1024x682.jpg\" alt=\"Sala della Corona\" width=\"768\" height=\"512\" \/><figcaption id=\"caption-attachment-171236\" class=\"wp-caption-text\">Jasmin Schmid, WWF.<\/figcaption><\/figure>\r\n<figure id=\"attachment_171237\" class=\"wp-caption alignnone\" style=\"width: 768px\" aria-describedby=\"caption-attachment-171237\"><img class=\"alignnone wp-image-171237 size-large\" src=\"https:\/\/www.werbewoche.ch\/wp-content\/uploads\/2022\/05\/Jessica-Zuber-1024x682.jpg\" alt=\"Sala della Corona\" width=\"768\" height=\"512\" \/><figcaption id=\"caption-attachment-171237\" class=\"wp-caption-text\">Jessica Zuber, Farner Consulting.<\/figcaption><\/figure>\r\n<figure id=\"attachment_171238\" class=\"wp-caption alignnone\" style=\"width: 768px\" aria-describedby=\"caption-attachment-171238\"><img class=\"alignnone wp-image-171238 size-large\" src=\"https:\/\/www.werbewoche.ch\/wp-content\/uploads\/2022\/05\/Judith-und-Nadine-Juergensen-1024x682.jpg\" alt=\"Sala della Corona\" width=\"768\" height=\"512\" \/><figcaption id=\"caption-attachment-171238\" class=\"wp-caption-text\">Judith Weber, 1TP4Women'sWork (a sinistra) e Nadine J\u00fcrgensen.<\/figcaption><\/figure>\r\n\r\n<hr \/>\r\n\r\n<figure id=\"attachment_171239\" class=\"wp-caption alignnone\" style=\"width: 768px\" aria-describedby=\"caption-attachment-171239\"><img class=\"alignnone wp-image-171239 size-large\" src=\"https:\/\/www.werbewoche.ch\/wp-content\/uploads\/2022\/05\/Kafi-1024x682.jpg\" alt=\"Sala della Corona\" width=\"768\" height=\"512\" \/><figcaption id=\"caption-attachment-171239\" class=\"wp-caption-text\">Kafi Freitag (a sinistra), Kafi Freitag Coaching e Regula B\u00fchrer Fecker.<\/figcaption><\/figure>\r\n&nbsp;","protected":false},"excerpt":{"rendered":"<p>#Frauenarbeit ist die gr\u00f6sste Schweizer Plattform f\u00fcr junge Frauen und Beruf. Initiiert wurde die Initiative vor f\u00fcnf Jahren von der Rod-Werberin Regula B\u00fchrer Fecker. Ziel ist es, junge Frauen mit beruflichen Ambitionen zusammenzubringen, zu best\u00e4rken und zu inspirieren. Mittlerweile z\u00e4hlt die Community auf Instagram mehr als 12\u2019000 Followerinnen und ist aktiv im Vorstellen und Vernetzen [\u2026]<\/p>\n","protected":false},"author":8,"featured_media":0,"comment_status":"closed","ping_status":"closed","sticky":false,"template":"","format":"standard","meta":{"_acf_changed":false,"_yoast_wpseo_focuskw":"Kronenhalle","_yoast_wpseo_metadesc":"Am Freitag lud die Stiftung #Frauenarbeit 60 Frauen aus den Bereichen Finanz, Medien, Marketing, Kommunikation und Kultur zum Lunch in die Kronenhalle ein.","articlekey":"","footnotes":""},"categories":[29],"tags":[2857,2858,3186,2859],"class_list":["post-12887","post","type-post","status-publish","format-standard","hentry","category-marketing","tag-farner-consulting","tag-frauenarbeit","tag-kronenhalle","tag-rod-kommunikation"],"acf":[],"yoast_head":"<!-- This site is optimized with the Yoast SEO plugin v27.5 - https:\/\/yoast.com\/product\/yoast-seo-wordpress\/ -->\n<title>#Frauenarbeit-Lunch in der Kronenhalle - Organisator<\/title>\n<meta name=\"description\" content=\"Am Freitag lud die Stiftung #Frauenarbeit 60 Frauen aus den Bereichen Finanz, Medien, Marketing, Kommunikation und Kultur zum Lunch in die Kronenhalle ein.\" \/>\n<meta name=\"robots\" content=\"index, follow, max-snippet:-1, max-image-preview:large, max-video-preview:-1\" \/>\n<link rel=\"canonical\" href=\"https:\/\/www.werbewoche.ch\/de\/marketing\/2022-05-16\/frauenarbeit-lunch-in-der-kronenhalle\/\" \/>\n<meta property=\"og:locale\" content=\"it_IT\" \/>\n<meta property=\"og:type\" content=\"article\" \/>\n<meta property=\"og:title\" content=\"#Frauenarbeit-Lunch in der Kronenhalle - Organisator\" \/>\n<meta property=\"og:description\" content=\"Am Freitag lud die Stiftung #Frauenarbeit 60 Frauen aus den Bereichen Finanz, Medien, Marketing, Kommunikation und Kultur zum Lunch in die Kronenhalle ein.\" \/>\n<meta property=\"og:url\" content=\"https:\/\/www.werbewoche.ch\/de\/marketing\/2022-05-16\/frauenarbeit-lunch-in-der-kronenhalle\/\" \/>\n<meta property=\"og:site_name\" content=\"Organisator\" \/>\n<meta property=\"article:publisher\" content=\"https:\/\/www.facebook.com\/OrganisatorFachmagazin\" \/>\n<meta property=\"article:published_time\" content=\"2022-05-16T10:15:28+00:00\" \/>\n<meta property=\"article:modified_time\" content=\"2022-07-30T13:31:28+00:00\" \/>\n<meta property=\"og:image\" content=\"https:\/\/www.werbewoche.ch\/wp-content\/uploads\/2022\/05\/frauenarbeit_0221-1024x683.jpg\" \/>\n<meta name=\"author\" content=\"galledia\" \/>\n<meta name=\"twitter:card\" content=\"summary_large_image\" \/>\n<meta name=\"twitter:creator\" content=\"@admin\" \/>\n<script type=\"application\/ld+json\" class=\"yoast-schema-graph\">{\"@context\":\"https:\\\/\\\/schema.org\",\"@graph\":[{\"@type\":\"Article\",\"@id\":\"https:\\\/\\\/www.werbewoche.ch\\\/de\\\/marketing\\\/2022-05-16\\\/frauenarbeit-lunch-in-der-kronenhalle\\\/#article\",\"isPartOf\":{\"@id\":\"https:\\\/\\\/www.organisator.ch\\\/marketing\\\/2022-05-16\\\/frauenarbeit-lunch-in-der-kronenhalle\\\/\"},\"author\":{\"name\":\"galledia\",\"@id\":\"https:\\\/\\\/www.organisator.ch\\\/#\\\/schema\\\/person\\\/4e51799071cd2dd1232ac003643ef5f0\"},\"headline\":\"#Frauenarbeit-Lunch in der Kronenhalle\",\"datePublished\":\"2022-05-16T10:15:28+00:00\",\"dateModified\":\"2022-07-30T13:31:28+00:00\",\"mainEntityOfPage\":{\"@id\":\"https:\\\/\\\/www.organisator.ch\\\/marketing\\\/2022-05-16\\\/frauenarbeit-lunch-in-der-kronenhalle\\\/\"},\"wordCount\":521,\"publisher\":{\"@id\":\"https:\\\/\\\/www.organisator.ch\\\/#organization\"},\"image\":{\"@id\":\"https:\\\/\\\/www.werbewoche.ch\\\/de\\\/marketing\\\/2022-05-16\\\/frauenarbeit-lunch-in-der-kronenhalle\\\/#primaryimage\"},\"thumbnailUrl\":\"https:\\\/\\\/www.werbewoche.ch\\\/wp-content\\\/uploads\\\/2022\\\/05\\\/frauenarbeit_0221-1024x683.jpg\",\"keywords\":[\"Farner Consulting\",\"Frauenarbeit\",\"Kronenhalle\",\"Rod Kommunikation\"],\"articleSection\":[\"MARKETING\"],\"inLanguage\":\"it-IT\"},{\"@type\":\"WebPage\",\"@id\":\"https:\\\/\\\/www.organisator.ch\\\/marketing\\\/2022-05-16\\\/frauenarbeit-lunch-in-der-kronenhalle\\\/\",\"url\":\"https:\\\/\\\/www.werbewoche.ch\\\/de\\\/marketing\\\/2022-05-16\\\/frauenarbeit-lunch-in-der-kronenhalle\\\/\",\"name\":\"#Frauenarbeit-Lunch in der Kronenhalle - Organisator\",\"isPartOf\":{\"@id\":\"https:\\\/\\\/www.organisator.ch\\\/#website\"},\"primaryImageOfPage\":{\"@id\":\"https:\\\/\\\/www.werbewoche.ch\\\/de\\\/marketing\\\/2022-05-16\\\/frauenarbeit-lunch-in-der-kronenhalle\\\/#primaryimage\"},\"image\":{\"@id\":\"https:\\\/\\\/www.werbewoche.ch\\\/de\\\/marketing\\\/2022-05-16\\\/frauenarbeit-lunch-in-der-kronenhalle\\\/#primaryimage\"},\"thumbnailUrl\":\"https:\\\/\\\/www.werbewoche.ch\\\/wp-content\\\/uploads\\\/2022\\\/05\\\/frauenarbeit_0221-1024x683.jpg\",\"datePublished\":\"2022-05-16T10:15:28+00:00\",\"dateModified\":\"2022-07-30T13:31:28+00:00\",\"description\":\"Am Freitag lud die Stiftung #Frauenarbeit 60 Frauen aus den Bereichen Finanz, Medien, Marketing, Kommunikation und Kultur zum Lunch in die Kronenhalle ein.\",\"breadcrumb\":{\"@id\":\"https:\\\/\\\/www.werbewoche.ch\\\/de\\\/marketing\\\/2022-05-16\\\/frauenarbeit-lunch-in-der-kronenhalle\\\/#breadcrumb\"},\"inLanguage\":\"it-IT\",\"potentialAction\":[{\"@type\":\"ReadAction\",\"target\":[\"https:\\\/\\\/www.werbewoche.ch\\\/de\\\/marketing\\\/2022-05-16\\\/frauenarbeit-lunch-in-der-kronenhalle\\\/\"]}]},{\"@type\":\"ImageObject\",\"inLanguage\":\"it-IT\",\"@id\":\"https:\\\/\\\/www.werbewoche.ch\\\/de\\\/marketing\\\/2022-05-16\\\/frauenarbeit-lunch-in-der-kronenhalle\\\/#primaryimage\",\"url\":\"https:\\\/\\\/www.werbewoche.ch\\\/wp-content\\\/uploads\\\/2022\\\/05\\\/frauenarbeit_0221-1024x683.jpg\",\"contentUrl\":\"https:\\\/\\\/www.werbewoche.ch\\\/wp-content\\\/uploads\\\/2022\\\/05\\\/frauenarbeit_0221-1024x683.jpg\"},{\"@type\":\"BreadcrumbList\",\"@id\":\"https:\\\/\\\/www.werbewoche.ch\\\/de\\\/marketing\\\/2022-05-16\\\/frauenarbeit-lunch-in-der-kronenhalle\\\/#breadcrumb\",\"itemListElement\":[{\"@type\":\"ListItem\",\"position\":1,\"name\":\"Home\",\"item\":\"https:\\\/\\\/www.organisator.ch\\\/\"},{\"@type\":\"ListItem\",\"position\":2,\"name\":\"#Frauenarbeit-Lunch in der Kronenhalle\"}]},{\"@type\":\"WebSite\",\"@id\":\"https:\\\/\\\/www.organisator.ch\\\/#website\",\"url\":\"https:\\\/\\\/www.organisator.ch\\\/\",\"name\":\"Organisator\",\"description\":\"Kompetent. Praxisnah. Der ORGANISATOR bereitet in 10 Ausgaben pro Jahr die wesentlichen Themen f\u00fcr F\u00fchrungskr\u00e4fte von KMU auf.\",\"publisher\":{\"@id\":\"https:\\\/\\\/www.organisator.ch\\\/#organization\"},\"potentialAction\":[{\"@type\":\"SearchAction\",\"target\":{\"@type\":\"EntryPoint\",\"urlTemplate\":\"https:\\\/\\\/www.organisator.ch\\\/?s={search_term_string}\"},\"query-input\":{\"@type\":\"PropertyValueSpecification\",\"valueRequired\":true,\"valueName\":\"search_term_string\"}}],\"inLanguage\":\"it-IT\"},{\"@type\":\"Organization\",\"@id\":\"https:\\\/\\\/www.organisator.ch\\\/#organization\",\"name\":\"Organisator\",\"url\":\"https:\\\/\\\/www.organisator.ch\\\/\",\"logo\":{\"@type\":\"ImageObject\",\"inLanguage\":\"it-IT\",\"@id\":\"https:\\\/\\\/www.organisator.ch\\\/#\\\/schema\\\/logo\\\/image\\\/\",\"url\":\"https:\\\/\\\/www.organisator.ch\\\/wp-content\\\/uploads\\\/2022\\\/01\\\/Logo_Organisator_Website.png\",\"contentUrl\":\"https:\\\/\\\/www.organisator.ch\\\/wp-content\\\/uploads\\\/2022\\\/01\\\/Logo_Organisator_Website.png\",\"width\":800,\"height\":77,\"caption\":\"Organisator\"},\"image\":{\"@id\":\"https:\\\/\\\/www.organisator.ch\\\/#\\\/schema\\\/logo\\\/image\\\/\"},\"sameAs\":[\"https:\\\/\\\/www.facebook.com\\\/OrganisatorFachmagazin\",\"https:\\\/\\\/www.linkedin.com\\\/showcase\\\/organisator-das-magazin-fr-kmu\",\"https:\\\/\\\/www.xing.com\\\/news\\\/pages\\\/organisator-ch-695\",\"https:\\\/\\\/www.youtube.com\\\/channel\\\/UCGP2Sq0iWaZwT3BdIAQFYpw\"]},{\"@type\":\"Person\",\"@id\":\"https:\\\/\\\/www.organisator.ch\\\/#\\\/schema\\\/person\\\/4e51799071cd2dd1232ac003643ef5f0\",\"name\":\"galledia\",\"image\":{\"@type\":\"ImageObject\",\"inLanguage\":\"it-IT\",\"@id\":\"https:\\\/\\\/secure.gravatar.com\\\/avatar\\\/78a7f90c01fc2bfc875782a0d4922b37cde2cf184ce347b91316d23cd7f69a36?s=96&d=mm&r=g\",\"url\":\"https:\\\/\\\/secure.gravatar.com\\\/avatar\\\/78a7f90c01fc2bfc875782a0d4922b37cde2cf184ce347b91316d23cd7f69a36?s=96&d=mm&r=g\",\"contentUrl\":\"https:\\\/\\\/secure.gravatar.com\\\/avatar\\\/78a7f90c01fc2bfc875782a0d4922b37cde2cf184ce347b91316d23cd7f69a36?s=96&d=mm&r=g\",\"caption\":\"galledia\"},\"sameAs\":[\"https:\\\/\\\/x.com\\\/admin\"],\"url\":\"https:\\\/\\\/www.organisator.ch\\\/it\\\/author\\\/galledia\\\/\"}]}<\/script>\n<!-- \/ Yoast SEO plugin. -->","yoast_head_json":{"title":"#Pranzo di lavoro delle donne nella Kronenhalle - Organizzatore","description":"Venerd\u00ec scorso, la fondazione #Frauenarbeit ha invitato 60 donne dei settori finanza, media, marketing, comunicazione e cultura a un pranzo nella Kronenhalle.","robots":{"index":"index","follow":"follow","max-snippet":"max-snippet:-1","max-image-preview":"max-image-preview:large","max-video-preview":"max-video-preview:-1"},"canonical":"https:\/\/www.werbewoche.ch\/de\/marketing\/2022-05-16\/frauenarbeit-lunch-in-der-kronenhalle\/","og_locale":"it_IT","og_type":"article","og_title":"#Frauenarbeit-Lunch in der Kronenhalle - Organisator","og_description":"Am Freitag lud die Stiftung #Frauenarbeit 60 Frauen aus den Bereichen Finanz, Medien, Marketing, Kommunikation und Kultur zum Lunch in die Kronenhalle ein.","og_url":"https:\/\/www.werbewoche.ch\/de\/marketing\/2022-05-16\/frauenarbeit-lunch-in-der-kronenhalle\/","og_site_name":"Organisator","article_publisher":"https:\/\/www.facebook.com\/OrganisatorFachmagazin","article_published_time":"2022-05-16T10:15:28+00:00","article_modified_time":"2022-07-30T13:31:28+00:00","og_image":[{"url":"https:\/\/www.werbewoche.ch\/wp-content\/uploads\/2022\/05\/frauenarbeit_0221-1024x683.jpg","type":"","width":"","height":""}],"author":"galledia","twitter_card":"summary_large_image","twitter_creator":"@admin","schema":{"@context":"https:\/\/schema.org","@graph":[{"@type":"Article","@id":"https:\/\/www.werbewoche.ch\/de\/marketing\/2022-05-16\/frauenarbeit-lunch-in-der-kronenhalle\/#article","isPartOf":{"@id":"https:\/\/www.organisator.ch\/marketing\/2022-05-16\/frauenarbeit-lunch-in-der-kronenhalle\/"},"author":{"name":"galledia","@id":"https:\/\/www.organisator.ch\/#\/schema\/person\/4e51799071cd2dd1232ac003643ef5f0"},"headline":"#Frauenarbeit-Lunch in der Kronenhalle","datePublished":"2022-05-16T10:15:28+00:00","dateModified":"2022-07-30T13:31:28+00:00","mainEntityOfPage":{"@id":"https:\/\/www.organisator.ch\/marketing\/2022-05-16\/frauenarbeit-lunch-in-der-kronenhalle\/"},"wordCount":521,"publisher":{"@id":"https:\/\/www.organisator.ch\/#organization"},"image":{"@id":"https:\/\/www.werbewoche.ch\/de\/marketing\/2022-05-16\/frauenarbeit-lunch-in-der-kronenhalle\/#primaryimage"},"thumbnailUrl":"https:\/\/www.werbewoche.ch\/wp-content\/uploads\/2022\/05\/frauenarbeit_0221-1024x683.jpg","keywords":["Farner Consulting","Frauenarbeit","Kronenhalle","Rod Kommunikation"],"articleSection":["MARKETING"],"inLanguage":"it-IT"},{"@type":"WebPage","@id":"https:\/\/www.organisator.ch\/marketing\/2022-05-16\/frauenarbeit-lunch-in-der-kronenhalle\/","url":"https:\/\/www.werbewoche.ch\/de\/marketing\/2022-05-16\/frauenarbeit-lunch-in-der-kronenhalle\/","name":"#Pranzo di lavoro delle donne nella Kronenhalle - Organizzatore","isPartOf":{"@id":"https:\/\/www.organisator.ch\/#website"},"primaryImageOfPage":{"@id":"https:\/\/www.werbewoche.ch\/de\/marketing\/2022-05-16\/frauenarbeit-lunch-in-der-kronenhalle\/#primaryimage"},"image":{"@id":"https:\/\/www.werbewoche.ch\/de\/marketing\/2022-05-16\/frauenarbeit-lunch-in-der-kronenhalle\/#primaryimage"},"thumbnailUrl":"https:\/\/www.werbewoche.ch\/wp-content\/uploads\/2022\/05\/frauenarbeit_0221-1024x683.jpg","datePublished":"2022-05-16T10:15:28+00:00","dateModified":"2022-07-30T13:31:28+00:00","description":"Venerd\u00ec scorso, la fondazione #Frauenarbeit ha invitato 60 donne dei settori finanza, media, marketing, comunicazione e cultura a un pranzo nella Kronenhalle.","breadcrumb":{"@id":"https:\/\/www.werbewoche.ch\/de\/marketing\/2022-05-16\/frauenarbeit-lunch-in-der-kronenhalle\/#breadcrumb"},"inLanguage":"it-IT","potentialAction":[{"@type":"ReadAction","target":["https:\/\/www.werbewoche.ch\/de\/marketing\/2022-05-16\/frauenarbeit-lunch-in-der-kronenhalle\/"]}]},{"@type":"ImageObject","inLanguage":"it-IT","@id":"https:\/\/www.werbewoche.ch\/de\/marketing\/2022-05-16\/frauenarbeit-lunch-in-der-kronenhalle\/#primaryimage","url":"https:\/\/www.werbewoche.ch\/wp-content\/uploads\/2022\/05\/frauenarbeit_0221-1024x683.jpg","contentUrl":"https:\/\/www.werbewoche.ch\/wp-content\/uploads\/2022\/05\/frauenarbeit_0221-1024x683.jpg"},{"@type":"BreadcrumbList","@id":"https:\/\/www.werbewoche.ch\/de\/marketing\/2022-05-16\/frauenarbeit-lunch-in-der-kronenhalle\/#breadcrumb","itemListElement":[{"@type":"ListItem","position":1,"name":"Home","item":"https:\/\/www.organisator.ch\/"},{"@type":"ListItem","position":2,"name":"#Frauenarbeit-Lunch in der Kronenhalle"}]},{"@type":"WebSite","@id":"https:\/\/www.organisator.ch\/#website","url":"https:\/\/www.organisator.ch\/","name":"Organizzatore","description":"Competente. Pratico. In 10 numeri all'anno, ORGANISATOR presenta i temi essenziali per i manager delle PMI.","publisher":{"@id":"https:\/\/www.organisator.ch\/#organization"},"potentialAction":[{"@type":"SearchAction","target":{"@type":"EntryPoint","urlTemplate":"https:\/\/www.organisator.ch\/?s={search_term_string}"},"query-input":{"@type":"PropertyValueSpecification","valueRequired":true,"valueName":"search_term_string"}}],"inLanguage":"it-IT"},{"@type":"Organization","@id":"https:\/\/www.organisator.ch\/#organization","name":"Organizzatore","url":"https:\/\/www.organisator.ch\/","logo":{"@type":"ImageObject","inLanguage":"it-IT","@id":"https:\/\/www.organisator.ch\/#\/schema\/logo\/image\/","url":"https:\/\/www.organisator.ch\/wp-content\/uploads\/2022\/01\/Logo_Organisator_Website.png","contentUrl":"https:\/\/www.organisator.ch\/wp-content\/uploads\/2022\/01\/Logo_Organisator_Website.png","width":800,"height":77,"caption":"Organisator"},"image":{"@id":"https:\/\/www.organisator.ch\/#\/schema\/logo\/image\/"},"sameAs":["https:\/\/www.facebook.com\/OrganisatorFachmagazin","https:\/\/www.linkedin.com\/showcase\/organisator-das-magazin-fr-kmu","https:\/\/www.xing.com\/news\/pages\/organisator-ch-695","https:\/\/www.youtube.com\/channel\/UCGP2Sq0iWaZwT3BdIAQFYpw"]},{"@type":"Person","@id":"https:\/\/www.organisator.ch\/#\/schema\/person\/4e51799071cd2dd1232ac003643ef5f0","name":"galledia","image":{"@type":"ImageObject","inLanguage":"it-IT","@id":"https:\/\/secure.gravatar.com\/avatar\/78a7f90c01fc2bfc875782a0d4922b37cde2cf184ce347b91316d23cd7f69a36?s=96&d=mm&r=g","url":"https:\/\/secure.gravatar.com\/avatar\/78a7f90c01fc2bfc875782a0d4922b37cde2cf184ce347b91316d23cd7f69a36?s=96&d=mm&r=g","contentUrl":"https:\/\/secure.gravatar.com\/avatar\/78a7f90c01fc2bfc875782a0d4922b37cde2cf184ce347b91316d23cd7f69a36?s=96&d=mm&r=g","caption":"galledia"},"sameAs":["https:\/\/x.com\/admin"],"url":"https:\/\/www.organisator.ch\/it\/author\/galledia\/"}]}},"_links":{"self":[{"href":"https:\/\/www.organisator.ch\/it\/wp-json\/wp\/v2\/posts\/12887","targetHints":{"allow":["GET"]}}],"collection":[{"href":"https:\/\/www.organisator.ch\/it\/wp-json\/wp\/v2\/posts"}],"about":[{"href":"https:\/\/www.organisator.ch\/it\/wp-json\/wp\/v2\/types\/post"}],"author":[{"embeddable":true,"href":"https:\/\/www.organisator.ch\/it\/wp-json\/wp\/v2\/users\/8"}],"replies":[{"embeddable":true,"href":"https:\/\/www.organisator.ch\/it\/wp-json\/wp\/v2\/comments?post=12887"}],"version-history":[{"count":7,"href":"https:\/\/www.organisator.ch\/it\/wp-json\/wp\/v2\/posts\/12887\/revisions"}],"predecessor-version":[{"id":16020,"href":"https:\/\/www.organisator.ch\/it\/wp-json\/wp\/v2\/posts\/12887\/revisions\/16020"}],"wp:attachment":[{"href":"https:\/\/www.organisator.ch\/it\/wp-json\/wp\/v2\/media?parent=12887"}],"wp:term":[{"taxonomy":"category","embeddable":true,"href":"https:\/\/www.organisator.ch\/it\/wp-json\/wp\/v2\/categories?post=12887"},{"taxonomy":"post_tag","embeddable":true,"href":"https:\/\/www.organisator.ch\/it\/wp-json\/wp\/v2\/tags?post=12887"}],"curies":[{"name":"wp","href":"https:\/\/api.w.org\/{rel}","templated":true}]}}