{"id":12920,"date":"2022-05-18T12:22:40","date_gmt":"2022-05-18T10:22:40","guid":{"rendered":"https:\/\/www.werbewoche.ch\/?p=171443"},"modified":"2022-07-30T16:33:47","modified_gmt":"2022-07-30T14:33:47","slug":"vier-buecher-die-sie-interessieren-koennten-4","status":"publish","type":"post","link":"https:\/\/www.organisator.ch\/it\/marketing\/2022-05-18\/vier-buecher-die-sie-interessieren-koennten-4\/","title":{"rendered":"Quattro libri che potrebbero interessarti"},"content":{"rendered":"<strong><img class=\"aligncenter wp-image-171448 size-full\" src=\"https:\/\/www.werbewoche.ch\/wp-content\/uploads\/2022\/05\/header-lesetipps-mai-22.jpg\" alt=\"Libri\" width=\"1200\" height=\"729\" \/>La formula di YouTube<\/strong>\r\n\r\n<em>Come decifrare l'algoritmo e sviluppare una strategia di contenuti che generi profitti. <\/em>\r\n<ul>\r\n \t<li>Autore: Derral Eves<\/li>\r\n \t<li>Editore: Wiley-VCH, 2022<\/li>\r\n \t<li>Pagine: 385<\/li>\r\n \t<li>ISBN: 9783527510962<\/li>\r\n<\/ul>\r\nYouTube offre l'opportunit\u00e0 di raggiungere un vasto pubblico in tutto il mondo e di guadagnare molto denaro. Tuttavia, non \u00e8 sufficiente girare e caricare un video. Chi si avvicina alla piattaforma e sa leggere i suoi algoritmi avr\u00e0 pi\u00f9 successo. Non si tratta di stregoneria: alla fine, tutto dipende dalla capacit\u00e0 di soddisfare il proprio gruppo target. L'esperta di YouTube Derral Eves parla fuori dagli schemi del cucito e rivela molti consigli pratici. Anche se parla a lungo, fa venire voglia di iniziare il prossimo videoclip.\r\n\r\n<img class=\"aligncenter wp-image-171447 size-full\" src=\"https:\/\/www.werbewoche.ch\/wp-content\/uploads\/2022\/05\/Die-YouTube-Formel.jpg\" alt=\"Libri\" width=\"1200\" height=\"850\" \/>\r\n\r\n<strong>Conoscenza di base della gestione degli eventi<\/strong>\r\n<ul>\r\n \t<li>Autore: Dieter J\u00e4ger<\/li>\r\n \t<li>Editore: A. Francke Verlag, 2021<\/li>\r\n \t<li>Pagine: 244<\/li>\r\n \t<li>ISBN: 97838256814<\/li>\r\n<\/ul>\r\nGli eventi non sono solo expo e giochi olimpici, ma anche conferenze di partito, congressi o presentazioni di prodotti. Che siano grandi o piccoli, gli eventi devono essere ben pianificati e organizzati. Il libro di Dieter J\u00e4ger trasmette le basi e i concetti della pianificazione di eventi di successo. A volte potrebbe essere pi\u00f9 approfondito, altre volte \u00e8 un po' troppo da manuale. Tuttavia, \u00e8 un buon punto di partenza per una panoramica iniziale e come introduzione a temi particolari, come ad esempio la responsabilit\u00e0 sociale d'impresa o la sostenibilit\u00e0 nel settore degli eventi.\r\n\r\n<img class=\"aligncenter wp-image-171444 size-full\" src=\"https:\/\/www.werbewoche.ch\/wp-content\/uploads\/2022\/05\/Grundwissen_Eventmanagement.jpg\" alt=\"Libri\" width=\"1200\" height=\"850\" \/>\r\n\r\n<strong>Gestione del progetto Lean<\/strong>\r\n\r\n<em>Applicare metodi ibridi in modo da creare valore aggiunto. <\/em>\r\n<ul>\r\n \t<li>Autore: Claus H\u00fcsselmann<\/li>\r\n \t<li>Editore: Sch\u00e4ffer-Poeschel, 2021<\/li>\r\n \t<li>Pagine: 298<\/li>\r\n \t<li>ISBN: 9783791052342<\/li>\r\n<\/ul>\r\nLa gestione classica dei progetti funziona quando \u00e8 ancora possibile fare piani a lungo termine. Nel mondo di oggi, tuttavia, questo \u00e8 raramente il caso. La gestione agile dei progetti compensa questa debolezza con la massima flessibilit\u00e0 possibile. Secondo Claus H\u00fcsselmann, \u00e8 ancora meglio incorporare l'idea di base della produzione snella: evitare tutti gli sprechi. I tre modi di pensare, ovvero la gestione classica dei progetti, quella agile e quella lean, possono essere combinati in modo ibrido, anche all'interno di un progetto. Il libro riceve una detrazione di punti perch\u00e9 si concentra quasi esclusivamente su termini e regole e troppo poco sulla pratica.\r\n\r\n<strong><img class=\"aligncenter wp-image-171445 size-full\" src=\"https:\/\/www.werbewoche.ch\/wp-content\/uploads\/2022\/05\/Lean-Project-Management.jpg\" alt=\"Libri\" width=\"1200\" height=\"850\" \/>Le 44 insidie della digitalizzazione<\/strong>\r\n\r\n<em>... e come tutti noi li evitiamo. <\/em>\r\n<ul>\r\n \t<li>Autore: Nicole Gaiziunas<\/li>\r\n \t<li>Editore: Haufe Verlag, 2021<\/li>\r\n \t<li>Pagine: 215<\/li>\r\n \t<li>ISBN: 9783648156438<\/li>\r\n<\/ul>\r\nPer molti si tratta di uno scenario familiare: la strategia digitale \u00e8 in atto e sono state adottate numerose misure. La discussione sul necessario cambiamento culturale ha occupato da sola quella che sembrava un'intera settimana di riunioni. E poi? Succede poco o nulla. I consigli di fabbrica fanno ostruzionismo, i superiori delegano, i subordinati si defilano. I digitalizzatori sono saltati come una tigre e sono atterrati come un tappeto da letto. Nicole Gaiziunas spiega in modo chiaro e divertente come le aziende possono evitare le trappole pi\u00f9 insidiose della digitalizzazione, comunicare in modo preventivo e stroncare sul nascere potenziali crisi.<img class=\"aligncenter wp-image-171446 size-full\" src=\"https:\/\/www.werbewoche.ch\/wp-content\/uploads\/2022\/05\/Die-44-Fallen-der-Digitalisierung.jpg\" alt=\"Libri\" width=\"1200\" height=\"850\" \/>","protected":false},"excerpt":{"rendered":"<p>Die YouTube-Formel Wie Sie den Algorithmus entschl\u00fcsseln und eine umsatzstarke Content-Strategie entwickeln. Autor: Derral Eves Verlag: Wiley-VCH, 2022 Seiten: 385 ISBN: 9783527510962 YouTube bietet die M\u00f6glichkeit, ein grosses Publikum auf der ganzen Welt zu erreichen und viel Geld zu verdienen. Allerdings ist es nicht damit getan, ein Video zu drehen und hochzuladen. Wer sich auf [\u2026]<\/p>\n","protected":false},"author":8,"featured_media":0,"comment_status":"closed","ping_status":"closed","sticky":false,"template":"","format":"standard","meta":{"_acf_changed":false,"_yoast_wpseo_focuskw":"B\u00fccher","_yoast_wpseo_metadesc":"In Zusammenarbeit mit GetAbstract stellen wir Ihnen vier B\u00fccher aus dem Marketing- und Kommunikationsbereich vor.","articlekey":"","footnotes":""},"categories":[29],"tags":[2947,3211],"class_list":["post-12920","post","type-post","status-publish","format-standard","hentry","category-marketing","tag-buecher","tag-interessieren"],"acf":[],"yoast_head":"<!-- This site is optimized with the Yoast SEO plugin v27.5 - https:\/\/yoast.com\/product\/yoast-seo-wordpress\/ -->\n<title>Vier B\u00fccher, die Sie interessieren k\u00f6nnten - Organisator<\/title>\n<meta name=\"description\" content=\"In Zusammenarbeit mit GetAbstract stellen wir Ihnen vier B\u00fccher aus dem Marketing- und Kommunikationsbereich vor.\" \/>\n<meta name=\"robots\" content=\"index, follow, max-snippet:-1, max-image-preview:large, max-video-preview:-1\" \/>\n<link rel=\"canonical\" href=\"https:\/\/www.werbewoche.ch\/de\/marketing\/2022-05-18\/vier-buecher-die-sie-interessieren-koennten-15\/\" \/>\n<meta property=\"og:locale\" content=\"it_IT\" \/>\n<meta property=\"og:type\" content=\"article\" \/>\n<meta property=\"og:title\" content=\"Vier B\u00fccher, die Sie interessieren k\u00f6nnten - Organisator\" \/>\n<meta property=\"og:description\" content=\"In Zusammenarbeit mit GetAbstract stellen wir Ihnen vier B\u00fccher aus dem Marketing- und Kommunikationsbereich vor.\" \/>\n<meta property=\"og:url\" content=\"https:\/\/www.werbewoche.ch\/de\/marketing\/2022-05-18\/vier-buecher-die-sie-interessieren-koennten-15\/\" \/>\n<meta property=\"og:site_name\" content=\"Organisator\" \/>\n<meta property=\"article:publisher\" content=\"https:\/\/www.facebook.com\/OrganisatorFachmagazin\" \/>\n<meta property=\"article:published_time\" content=\"2022-05-18T10:22:40+00:00\" \/>\n<meta property=\"article:modified_time\" content=\"2022-07-30T14:33:47+00:00\" \/>\n<meta property=\"og:image\" content=\"https:\/\/www.werbewoche.ch\/wp-content\/uploads\/2022\/05\/header-lesetipps-mai-22.jpg\" \/>\n<meta name=\"author\" content=\"galledia\" \/>\n<meta name=\"twitter:card\" content=\"summary_large_image\" \/>\n<meta name=\"twitter:creator\" content=\"@admin\" \/>\n<script type=\"application\/ld+json\" class=\"yoast-schema-graph\">{\"@context\":\"https:\\\/\\\/schema.org\",\"@graph\":[{\"@type\":\"Article\",\"@id\":\"https:\\\/\\\/www.werbewoche.ch\\\/de\\\/marketing\\\/2022-05-18\\\/vier-buecher-die-sie-interessieren-koennten-15\\\/#article\",\"isPartOf\":{\"@id\":\"https:\\\/\\\/www.organisator.ch\\\/marketing\\\/2022-05-18\\\/vier-buecher-die-sie-interessieren-koennten-4\\\/\"},\"author\":{\"name\":\"galledia\",\"@id\":\"https:\\\/\\\/www.organisator.ch\\\/#\\\/schema\\\/person\\\/4e51799071cd2dd1232ac003643ef5f0\"},\"headline\":\"Vier B\u00fccher, die Sie interessieren k\u00f6nnten\",\"datePublished\":\"2022-05-18T10:22:40+00:00\",\"dateModified\":\"2022-07-30T14:33:47+00:00\",\"mainEntityOfPage\":{\"@id\":\"https:\\\/\\\/www.organisator.ch\\\/marketing\\\/2022-05-18\\\/vier-buecher-die-sie-interessieren-koennten-4\\\/\"},\"wordCount\":435,\"publisher\":{\"@id\":\"https:\\\/\\\/www.organisator.ch\\\/#organization\"},\"image\":{\"@id\":\"https:\\\/\\\/www.werbewoche.ch\\\/de\\\/marketing\\\/2022-05-18\\\/vier-buecher-die-sie-interessieren-koennten-15\\\/#primaryimage\"},\"thumbnailUrl\":\"https:\\\/\\\/www.werbewoche.ch\\\/wp-content\\\/uploads\\\/2022\\\/05\\\/header-lesetipps-mai-22.jpg\",\"keywords\":[\"B\u00fccher\",\"interessieren\"],\"articleSection\":[\"MARKETING\"],\"inLanguage\":\"it-IT\"},{\"@type\":\"WebPage\",\"@id\":\"https:\\\/\\\/www.organisator.ch\\\/marketing\\\/2022-05-18\\\/vier-buecher-die-sie-interessieren-koennten-4\\\/\",\"url\":\"https:\\\/\\\/www.werbewoche.ch\\\/de\\\/marketing\\\/2022-05-18\\\/vier-buecher-die-sie-interessieren-koennten-15\\\/\",\"name\":\"Vier B\u00fccher, die Sie interessieren k\u00f6nnten - Organisator\",\"isPartOf\":{\"@id\":\"https:\\\/\\\/www.organisator.ch\\\/#website\"},\"primaryImageOfPage\":{\"@id\":\"https:\\\/\\\/www.werbewoche.ch\\\/de\\\/marketing\\\/2022-05-18\\\/vier-buecher-die-sie-interessieren-koennten-15\\\/#primaryimage\"},\"image\":{\"@id\":\"https:\\\/\\\/www.werbewoche.ch\\\/de\\\/marketing\\\/2022-05-18\\\/vier-buecher-die-sie-interessieren-koennten-15\\\/#primaryimage\"},\"thumbnailUrl\":\"https:\\\/\\\/www.werbewoche.ch\\\/wp-content\\\/uploads\\\/2022\\\/05\\\/header-lesetipps-mai-22.jpg\",\"datePublished\":\"2022-05-18T10:22:40+00:00\",\"dateModified\":\"2022-07-30T14:33:47+00:00\",\"description\":\"In Zusammenarbeit mit GetAbstract stellen wir Ihnen vier B\u00fccher aus dem Marketing- und Kommunikationsbereich vor.\",\"breadcrumb\":{\"@id\":\"https:\\\/\\\/www.werbewoche.ch\\\/de\\\/marketing\\\/2022-05-18\\\/vier-buecher-die-sie-interessieren-koennten-15\\\/#breadcrumb\"},\"inLanguage\":\"it-IT\",\"potentialAction\":[{\"@type\":\"ReadAction\",\"target\":[\"https:\\\/\\\/www.werbewoche.ch\\\/de\\\/marketing\\\/2022-05-18\\\/vier-buecher-die-sie-interessieren-koennten-15\\\/\"]}]},{\"@type\":\"ImageObject\",\"inLanguage\":\"it-IT\",\"@id\":\"https:\\\/\\\/www.werbewoche.ch\\\/de\\\/marketing\\\/2022-05-18\\\/vier-buecher-die-sie-interessieren-koennten-15\\\/#primaryimage\",\"url\":\"https:\\\/\\\/www.werbewoche.ch\\\/wp-content\\\/uploads\\\/2022\\\/05\\\/header-lesetipps-mai-22.jpg\",\"contentUrl\":\"https:\\\/\\\/www.werbewoche.ch\\\/wp-content\\\/uploads\\\/2022\\\/05\\\/header-lesetipps-mai-22.jpg\"},{\"@type\":\"BreadcrumbList\",\"@id\":\"https:\\\/\\\/www.werbewoche.ch\\\/de\\\/marketing\\\/2022-05-18\\\/vier-buecher-die-sie-interessieren-koennten-15\\\/#breadcrumb\",\"itemListElement\":[{\"@type\":\"ListItem\",\"position\":1,\"name\":\"Home\",\"item\":\"https:\\\/\\\/www.organisator.ch\\\/\"},{\"@type\":\"ListItem\",\"position\":2,\"name\":\"Vier B\u00fccher, die Sie interessieren k\u00f6nnten\"}]},{\"@type\":\"WebSite\",\"@id\":\"https:\\\/\\\/www.organisator.ch\\\/#website\",\"url\":\"https:\\\/\\\/www.organisator.ch\\\/\",\"name\":\"Organisator\",\"description\":\"Kompetent. Praxisnah. Der ORGANISATOR bereitet in 10 Ausgaben pro Jahr die wesentlichen Themen f\u00fcr F\u00fchrungskr\u00e4fte von KMU auf.\",\"publisher\":{\"@id\":\"https:\\\/\\\/www.organisator.ch\\\/#organization\"},\"potentialAction\":[{\"@type\":\"SearchAction\",\"target\":{\"@type\":\"EntryPoint\",\"urlTemplate\":\"https:\\\/\\\/www.organisator.ch\\\/?s={search_term_string}\"},\"query-input\":{\"@type\":\"PropertyValueSpecification\",\"valueRequired\":true,\"valueName\":\"search_term_string\"}}],\"inLanguage\":\"it-IT\"},{\"@type\":\"Organization\",\"@id\":\"https:\\\/\\\/www.organisator.ch\\\/#organization\",\"name\":\"Organisator\",\"url\":\"https:\\\/\\\/www.organisator.ch\\\/\",\"logo\":{\"@type\":\"ImageObject\",\"inLanguage\":\"it-IT\",\"@id\":\"https:\\\/\\\/www.organisator.ch\\\/#\\\/schema\\\/logo\\\/image\\\/\",\"url\":\"https:\\\/\\\/www.organisator.ch\\\/wp-content\\\/uploads\\\/2022\\\/01\\\/Logo_Organisator_Website.png\",\"contentUrl\":\"https:\\\/\\\/www.organisator.ch\\\/wp-content\\\/uploads\\\/2022\\\/01\\\/Logo_Organisator_Website.png\",\"width\":800,\"height\":77,\"caption\":\"Organisator\"},\"image\":{\"@id\":\"https:\\\/\\\/www.organisator.ch\\\/#\\\/schema\\\/logo\\\/image\\\/\"},\"sameAs\":[\"https:\\\/\\\/www.facebook.com\\\/OrganisatorFachmagazin\",\"https:\\\/\\\/www.linkedin.com\\\/showcase\\\/organisator-das-magazin-fr-kmu\",\"https:\\\/\\\/www.xing.com\\\/news\\\/pages\\\/organisator-ch-695\",\"https:\\\/\\\/www.youtube.com\\\/channel\\\/UCGP2Sq0iWaZwT3BdIAQFYpw\"]},{\"@type\":\"Person\",\"@id\":\"https:\\\/\\\/www.organisator.ch\\\/#\\\/schema\\\/person\\\/4e51799071cd2dd1232ac003643ef5f0\",\"name\":\"galledia\",\"image\":{\"@type\":\"ImageObject\",\"inLanguage\":\"it-IT\",\"@id\":\"https:\\\/\\\/secure.gravatar.com\\\/avatar\\\/78a7f90c01fc2bfc875782a0d4922b37cde2cf184ce347b91316d23cd7f69a36?s=96&d=mm&r=g\",\"url\":\"https:\\\/\\\/secure.gravatar.com\\\/avatar\\\/78a7f90c01fc2bfc875782a0d4922b37cde2cf184ce347b91316d23cd7f69a36?s=96&d=mm&r=g\",\"contentUrl\":\"https:\\\/\\\/secure.gravatar.com\\\/avatar\\\/78a7f90c01fc2bfc875782a0d4922b37cde2cf184ce347b91316d23cd7f69a36?s=96&d=mm&r=g\",\"caption\":\"galledia\"},\"sameAs\":[\"https:\\\/\\\/x.com\\\/admin\"],\"url\":\"https:\\\/\\\/www.organisator.ch\\\/it\\\/author\\\/galledia\\\/\"}]}<\/script>\n<!-- \/ Yoast SEO plugin. -->","yoast_head_json":{"title":"Quattro libri che potrebbero interessarvi - Organizzatore","description":"In collaborazione con GetAbstract, presentiamo quattro libri del settore marketing e comunicazione.","robots":{"index":"index","follow":"follow","max-snippet":"max-snippet:-1","max-image-preview":"max-image-preview:large","max-video-preview":"max-video-preview:-1"},"canonical":"https:\/\/www.werbewoche.ch\/de\/marketing\/2022-05-18\/vier-buecher-die-sie-interessieren-koennten-15\/","og_locale":"it_IT","og_type":"article","og_title":"Vier B\u00fccher, die Sie interessieren k\u00f6nnten - Organisator","og_description":"In Zusammenarbeit mit GetAbstract stellen wir Ihnen vier B\u00fccher aus dem Marketing- und Kommunikationsbereich vor.","og_url":"https:\/\/www.werbewoche.ch\/de\/marketing\/2022-05-18\/vier-buecher-die-sie-interessieren-koennten-15\/","og_site_name":"Organisator","article_publisher":"https:\/\/www.facebook.com\/OrganisatorFachmagazin","article_published_time":"2022-05-18T10:22:40+00:00","article_modified_time":"2022-07-30T14:33:47+00:00","og_image":[{"url":"https:\/\/www.werbewoche.ch\/wp-content\/uploads\/2022\/05\/header-lesetipps-mai-22.jpg","type":"","width":"","height":""}],"author":"galledia","twitter_card":"summary_large_image","twitter_creator":"@admin","schema":{"@context":"https:\/\/schema.org","@graph":[{"@type":"Article","@id":"https:\/\/www.werbewoche.ch\/de\/marketing\/2022-05-18\/vier-buecher-die-sie-interessieren-koennten-15\/#article","isPartOf":{"@id":"https:\/\/www.organisator.ch\/marketing\/2022-05-18\/vier-buecher-die-sie-interessieren-koennten-4\/"},"author":{"name":"galledia","@id":"https:\/\/www.organisator.ch\/#\/schema\/person\/4e51799071cd2dd1232ac003643ef5f0"},"headline":"Vier B\u00fccher, die Sie interessieren k\u00f6nnten","datePublished":"2022-05-18T10:22:40+00:00","dateModified":"2022-07-30T14:33:47+00:00","mainEntityOfPage":{"@id":"https:\/\/www.organisator.ch\/marketing\/2022-05-18\/vier-buecher-die-sie-interessieren-koennten-4\/"},"wordCount":435,"publisher":{"@id":"https:\/\/www.organisator.ch\/#organization"},"image":{"@id":"https:\/\/www.werbewoche.ch\/de\/marketing\/2022-05-18\/vier-buecher-die-sie-interessieren-koennten-15\/#primaryimage"},"thumbnailUrl":"https:\/\/www.werbewoche.ch\/wp-content\/uploads\/2022\/05\/header-lesetipps-mai-22.jpg","keywords":["B\u00fccher","interessieren"],"articleSection":["MARKETING"],"inLanguage":"it-IT"},{"@type":"WebPage","@id":"https:\/\/www.organisator.ch\/marketing\/2022-05-18\/vier-buecher-die-sie-interessieren-koennten-4\/","url":"https:\/\/www.werbewoche.ch\/de\/marketing\/2022-05-18\/vier-buecher-die-sie-interessieren-koennten-15\/","name":"Quattro libri che potrebbero interessarvi - Organizzatore","isPartOf":{"@id":"https:\/\/www.organisator.ch\/#website"},"primaryImageOfPage":{"@id":"https:\/\/www.werbewoche.ch\/de\/marketing\/2022-05-18\/vier-buecher-die-sie-interessieren-koennten-15\/#primaryimage"},"image":{"@id":"https:\/\/www.werbewoche.ch\/de\/marketing\/2022-05-18\/vier-buecher-die-sie-interessieren-koennten-15\/#primaryimage"},"thumbnailUrl":"https:\/\/www.werbewoche.ch\/wp-content\/uploads\/2022\/05\/header-lesetipps-mai-22.jpg","datePublished":"2022-05-18T10:22:40+00:00","dateModified":"2022-07-30T14:33:47+00:00","description":"In collaborazione con GetAbstract, presentiamo quattro libri del settore marketing e comunicazione.","breadcrumb":{"@id":"https:\/\/www.werbewoche.ch\/de\/marketing\/2022-05-18\/vier-buecher-die-sie-interessieren-koennten-15\/#breadcrumb"},"inLanguage":"it-IT","potentialAction":[{"@type":"ReadAction","target":["https:\/\/www.werbewoche.ch\/de\/marketing\/2022-05-18\/vier-buecher-die-sie-interessieren-koennten-15\/"]}]},{"@type":"ImageObject","inLanguage":"it-IT","@id":"https:\/\/www.werbewoche.ch\/de\/marketing\/2022-05-18\/vier-buecher-die-sie-interessieren-koennten-15\/#primaryimage","url":"https:\/\/www.werbewoche.ch\/wp-content\/uploads\/2022\/05\/header-lesetipps-mai-22.jpg","contentUrl":"https:\/\/www.werbewoche.ch\/wp-content\/uploads\/2022\/05\/header-lesetipps-mai-22.jpg"},{"@type":"BreadcrumbList","@id":"https:\/\/www.werbewoche.ch\/de\/marketing\/2022-05-18\/vier-buecher-die-sie-interessieren-koennten-15\/#breadcrumb","itemListElement":[{"@type":"ListItem","position":1,"name":"Home","item":"https:\/\/www.organisator.ch\/"},{"@type":"ListItem","position":2,"name":"Vier B\u00fccher, die Sie interessieren k\u00f6nnten"}]},{"@type":"WebSite","@id":"https:\/\/www.organisator.ch\/#website","url":"https:\/\/www.organisator.ch\/","name":"Organizzatore","description":"Competente. Pratico. In 10 numeri all'anno, ORGANISATOR presenta i temi essenziali per i manager delle PMI.","publisher":{"@id":"https:\/\/www.organisator.ch\/#organization"},"potentialAction":[{"@type":"SearchAction","target":{"@type":"EntryPoint","urlTemplate":"https:\/\/www.organisator.ch\/?s={search_term_string}"},"query-input":{"@type":"PropertyValueSpecification","valueRequired":true,"valueName":"search_term_string"}}],"inLanguage":"it-IT"},{"@type":"Organization","@id":"https:\/\/www.organisator.ch\/#organization","name":"Organizzatore","url":"https:\/\/www.organisator.ch\/","logo":{"@type":"ImageObject","inLanguage":"it-IT","@id":"https:\/\/www.organisator.ch\/#\/schema\/logo\/image\/","url":"https:\/\/www.organisator.ch\/wp-content\/uploads\/2022\/01\/Logo_Organisator_Website.png","contentUrl":"https:\/\/www.organisator.ch\/wp-content\/uploads\/2022\/01\/Logo_Organisator_Website.png","width":800,"height":77,"caption":"Organisator"},"image":{"@id":"https:\/\/www.organisator.ch\/#\/schema\/logo\/image\/"},"sameAs":["https:\/\/www.facebook.com\/OrganisatorFachmagazin","https:\/\/www.linkedin.com\/showcase\/organisator-das-magazin-fr-kmu","https:\/\/www.xing.com\/news\/pages\/organisator-ch-695","https:\/\/www.youtube.com\/channel\/UCGP2Sq0iWaZwT3BdIAQFYpw"]},{"@type":"Person","@id":"https:\/\/www.organisator.ch\/#\/schema\/person\/4e51799071cd2dd1232ac003643ef5f0","name":"galledia","image":{"@type":"ImageObject","inLanguage":"it-IT","@id":"https:\/\/secure.gravatar.com\/avatar\/78a7f90c01fc2bfc875782a0d4922b37cde2cf184ce347b91316d23cd7f69a36?s=96&d=mm&r=g","url":"https:\/\/secure.gravatar.com\/avatar\/78a7f90c01fc2bfc875782a0d4922b37cde2cf184ce347b91316d23cd7f69a36?s=96&d=mm&r=g","contentUrl":"https:\/\/secure.gravatar.com\/avatar\/78a7f90c01fc2bfc875782a0d4922b37cde2cf184ce347b91316d23cd7f69a36?s=96&d=mm&r=g","caption":"galledia"},"sameAs":["https:\/\/x.com\/admin"],"url":"https:\/\/www.organisator.ch\/it\/author\/galledia\/"}]}},"_links":{"self":[{"href":"https:\/\/www.organisator.ch\/it\/wp-json\/wp\/v2\/posts\/12920","targetHints":{"allow":["GET"]}}],"collection":[{"href":"https:\/\/www.organisator.ch\/it\/wp-json\/wp\/v2\/posts"}],"about":[{"href":"https:\/\/www.organisator.ch\/it\/wp-json\/wp\/v2\/types\/post"}],"author":[{"embeddable":true,"href":"https:\/\/www.organisator.ch\/it\/wp-json\/wp\/v2\/users\/8"}],"replies":[{"embeddable":true,"href":"https:\/\/www.organisator.ch\/it\/wp-json\/wp\/v2\/comments?post=12920"}],"version-history":[{"count":3,"href":"https:\/\/www.organisator.ch\/it\/wp-json\/wp\/v2\/posts\/12920\/revisions"}],"predecessor-version":[{"id":15952,"href":"https:\/\/www.organisator.ch\/it\/wp-json\/wp\/v2\/posts\/12920\/revisions\/15952"}],"wp:attachment":[{"href":"https:\/\/www.organisator.ch\/it\/wp-json\/wp\/v2\/media?parent=12920"}],"wp:term":[{"taxonomy":"category","embeddable":true,"href":"https:\/\/www.organisator.ch\/it\/wp-json\/wp\/v2\/categories?post=12920"},{"taxonomy":"post_tag","embeddable":true,"href":"https:\/\/www.organisator.ch\/it\/wp-json\/wp\/v2\/tags?post=12920"}],"curies":[{"name":"wp","href":"https:\/\/api.w.org\/{rel}","templated":true}]}}