{"id":12937,"date":"2022-05-19T14:29:47","date_gmt":"2022-05-19T12:29:47","guid":{"rendered":"https:\/\/www.organisator.ch\/?p=12937"},"modified":"2022-05-19T14:29:47","modified_gmt":"2022-05-19T12:29:47","slug":"zweite-saeule-bedeutung-wird-unterschaetzt","status":"publish","type":"post","link":"https:\/\/www.organisator.ch\/it\/allgemein\/2022-05-19\/zweite-saeule-bedeutung-wird-unterschaetzt\/","title":{"rendered":"Secondo pilastro: importanza sottovalutata"},"content":{"rendered":"<figure id=\"attachment_12938\" aria-describedby=\"caption-attachment-12938\" style=\"width: 680px\" class=\"wp-caption alignnone\"><img loading=\"lazy\" decoding=\"async\" class=\"size-full wp-image-12938\" src=\"https:\/\/www.organisator.ch\/wp-content\/uploads\/2022\/05\/Zweite-Saeule-Bedeutung-wird-unterschaetzt_Organisator.jpg\" alt=\"\" width=\"680\" height=\"510\" srcset=\"https:\/\/www.organisator.ch\/wp-content\/uploads\/2022\/05\/Zweite-Saeule-Bedeutung-wird-unterschaetzt_Organisator.jpg 680w, https:\/\/www.organisator.ch\/wp-content\/uploads\/2022\/05\/Zweite-Saeule-Bedeutung-wird-unterschaetzt_Organisator-16x12.jpg 16w, https:\/\/www.organisator.ch\/wp-content\/uploads\/2022\/05\/Zweite-Saeule-Bedeutung-wird-unterschaetzt_Organisator-233x175.jpg 233w, https:\/\/www.organisator.ch\/wp-content\/uploads\/2022\/05\/Zweite-Saeule-Bedeutung-wird-unterschaetzt_Organisator-467x350.jpg 467w, https:\/\/www.organisator.ch\/wp-content\/uploads\/2022\/05\/Zweite-Saeule-Bedeutung-wird-unterschaetzt_Organisator-300x225.jpg 300w\" sizes=\"auto, (max-width: 680px) 100vw, 680px\" \/><figcaption id=\"caption-attachment-12938\" class=\"wp-caption-text\">Prosperit\u00e0 in pensione: gli averi di vecchiaia nella previdenza professionale (LPP) rappresentano la componente patrimoniale pi\u00f9 importante per la maggior parte degli svizzeri. Ma gran parte della popolazione svizzera ne sa troppo poco. (Immagine: Pixabay.com)<\/figcaption><\/figure>\n<p>La LPP, o secondo pilastro, \u00e8 spesso in secondo piano nel dibattito sulla previdenza per la vecchiaia. Anche il fatto che miliardi di franchi svizzeri provenienti dai redditi da capitale dei lavoratori attivi vengano utilizzati per le pensioni correnti non suscita alcuna resistenza. Lo dimostra uno studio condotto per la seconda volta per conto di Vita e Zurich sul tema \"Fair Play nella previdenza professionale\". Il punto di partenza di questo studio \u00e8 il risultato principale del primo studio Fairplay del 2021, che ha mostrato che 56% della popolazione attiva non considerano il capitale pensionistico LPP come parte del proprio patrimonio. Il presente studio ha esaminato le ragioni di questa mancanza di consapevolezza e dimostra che il legame con il proprio patrimonio previdenziale potrebbe essere rafforzato se ne aumentasse la visibilit\u00e0 e\/o se la popolazione potesse avere pi\u00f9 voce in capitolo sugli investimenti della LPP.<\/p>\n<h3>Risparmi LOB - importanza sistematicamente sottovalutata<\/h3>\n<p>\"La popolazione non \u00e8 consapevole dell'importanza della previdenza professionale per il proprio reddito in et\u00e0 avanzata\", osserva il direttore dello studio Michael Hermann. Oggi, il secondo pilastro (LPP) contribuisce al reddito pensionistico dei lavoratori medi in misura maggiore rispetto al primo pilastro (AVS). Tuttavia, gli intervistati in et\u00e0 lavorativa ritengono che l'importanza dell'AVS per la loro sicurezza finanziaria in et\u00e0 avanzata sia significativamente maggiore di quella della LPP. Si ipotizza una ripartizione del 44% (AVS), del 33% (LPP) e del 22% (risparmio volontario). \"Questa percezione distorta si accompagna al fatto che solo il 18% della popolazione attiva conosce la somma del proprio capitale pensionistico LPP\", afferma Hermann.<\/p>\n<h3>Contributi LPP - la met\u00e0 li percepisce come una tassa o un'imposta<\/h3>\n<p>Sebbene le detrazioni salariali LPP siano versate direttamente sul conto pensionistico personale, solo il 47% degli occupati le percepisce come un investimento nel proprio capitale pensionistico. Il 28% la considera una sorta di tassa (\"contributo per assicurare le pensioni in Svizzera\") e il 21% una tassa da pagare. La concezione e la denominazione dei contributi LPP come \"deduzione dal salario\" analoga a quella dei contributi AVS contribuiscono al fatto che solo il 43% percepisce il proprio capitale di previdenza come parte del proprio patrimonio. \"Se i contributi salariali alla previdenza professionale hanno il carattere di una tassa o di un'imposta per l'assicurato, si indebolisce l'idea di base della previdenza professionale come risparmio per la propria vecchiaia\", spiega Hermann.<\/p>\n<h3>Il secondo pilastro di solito non \u00e8 un problema di occupazione.<\/h3>\n<p>Sebbene la struttura del fondo pensione differisca notevolmente da un'azienda all'altra e coinvolga grandi somme di denaro, la LPP non \u00e8 di solito un problema al momento dell'assunzione. \"La struttura del piano pensionistico aziendale ha avuto un ruolo importante solo per il 22% dei dipendenti\", afferma Hermann. Solo il 18% ne ha parlato durante il processo di candidatura. Anche in questo caso, la BVG \u00e8 invisibile alla grande maggioranza.<\/p>\n<p>Secondo lo studio, \u00e8 sorprendente che i giovani adulti siano molto meno consapevoli della LPP rispetto agli anziani. Eppure sono proprio i pi\u00f9 giovani a risentire maggiormente dell'accumulo di ricchezza nel lungo periodo, a causa dell'utilizzo di gran parte del reddito da investimento per le pensioni correnti. Complessivamente, solo un terzo della popolazione \u00e8 consapevole del fatto che una parte dei guadagni in conto capitale di chi lavora viene attualmente utilizzata per finanziare le pensioni correnti.<\/p>\n<h3>BNS - maggiore visibilit\u00e0 e codeterminazione<\/h3>\n<p>Quali sono le soluzioni ai problemi individuati? \"Se si vuole rafforzare la consapevolezza e l'importanza del LPP tra la popolazione, \u00e8 necessario che esso diventi pi\u00f9 visibile e che ci sia una maggiore co-determinazione\", spiega Hermann. Questa \u00e8 la valutazione della popolazione: il 72% degli assicurati attivi sarebbe favorevole alla possibilit\u00e0 di avere una panoramica della situazione pensionistica in qualsiasi momento e ovunque con l'aiuto di un'app. Altrettanti sono favorevoli alla possibilit\u00e0 di scegliere il fondo pensione (72 %) o la strategia di investimento (71 %). Oltre a queste misure, anche il miglioramento generale della conoscenza degli investimenti contribuirebbe a una migliore comprensione del LPP. Chi ha familiarit\u00e0 con gli investimenti di capitale di solito ha un'ottima comprensione dei meccanismi del LOB.<\/p>\n<h3>La ridistribuzione nella BNS \u00e8 considerata iniqua<\/h3>\n<p>Solo un terzo degli intervistati \u00e8 consapevole del fatto che oggi circa la met\u00e0 del reddito da investimento di chi svolge un'attivit\u00e0 lavorativa viene utilizzato per finanziare le pensioni correnti. Tuttavia, se le persone in et\u00e0 lavorativa che contribuiscono alla LPP vengono informate di questa ridistribuzione del loro reddito da investimento, il 63% lo ritiene ingiusto. Un numero ancora maggiore di intervistati, il 78%, troverebbe ingiusto che una parte dei guadagni del proprio conto previdenziale del pilastro 3a venisse utilizzata per le pensioni correnti. \"Questo dimostra che il legame personale con il capitale pensionistico \u00e8 decisivo per il fatto che l'utilizzo dei guadagni per altri \u00e8 percepito come ingiusto ed estraneo al sistema\", afferma Hermann.<\/p>\n<p><em>Fonte: <a href=\"http:\/\/www.vita.ch\">Fondazioni Vita Collective<\/a><\/em><\/p>","protected":false},"excerpt":{"rendered":"<p>Das BVG bzw. die zweite S\u00e4ule steht in der Debatte rund um die Altersvorsorge oft im Hintergrund. Auch dass Milliarden von Schweizer Franken aus den Anlageertr\u00e4gen der aktiven Erwerbst\u00e4tigen f\u00fcr laufende Renten verwendet werden, f\u00fchrt kaum zu Widerstand. Dies zeigte eine zum zweiten Mal durchgef\u00fchrte Studie im Auftrag von Vita und Zurich zum Thema \u00abFairplay [&hellip;]<\/p>\n","protected":false},"author":4,"featured_media":0,"comment_status":"closed","ping_status":"closed","sticky":false,"template":"","format":"standard","meta":{"_acf_changed":false,"_yoast_wpseo_focuskw":"Zweite S\u00e4ule","_yoast_wpseo_metadesc":"Die Schweizer Bev\u00f6lkerung untersch\u00e4tzt die zweite S\u00e4ule f\u00fcr die finanzielle Absicherung im Alter im Vergleich zur AHV systematisch.","articlekey":"","footnotes":""},"categories":[1],"tags":[377,459,516],"class_list":["post-12937","post","type-post","status-publish","format-standard","hentry","category-allgemein","tag-pensionskassen","tag-studie","tag-vorsorge"],"acf":[],"yoast_head":"<!-- This site is optimized with the Yoast SEO plugin v27.5 - https:\/\/yoast.com\/product\/yoast-seo-wordpress\/ -->\n<title>Zweite S\u00e4ule: Bedeutung wird untersch\u00e4tzt - Organisator<\/title>\n<meta name=\"description\" content=\"Die Schweizer Bev\u00f6lkerung untersch\u00e4tzt die zweite S\u00e4ule f\u00fcr die finanzielle Absicherung im Alter im Vergleich zur AHV systematisch.\" \/>\n<meta name=\"robots\" content=\"index, follow, max-snippet:-1, max-image-preview:large, max-video-preview:-1\" \/>\n<link rel=\"canonical\" href=\"https:\/\/www.organisator.ch\/it\/generale\/2022-05-19\/zweite-saeule-bedeutung-wird-unterschaetzt\/\" \/>\n<meta property=\"og:locale\" content=\"it_IT\" \/>\n<meta property=\"og:type\" content=\"article\" \/>\n<meta property=\"og:title\" content=\"Zweite S\u00e4ule: Bedeutung wird untersch\u00e4tzt\" \/>\n<meta property=\"og:description\" content=\"Die Schweizer Bev\u00f6lkerung untersch\u00e4tzt die zweite S\u00e4ule f\u00fcr die finanzielle Absicherung im Alter im Vergleich zur AHV systematisch.\" \/>\n<meta property=\"og:url\" content=\"https:\/\/www.organisator.ch\/it\/generale\/2022-05-19\/zweite-saeule-bedeutung-wird-unterschaetzt\/\" \/>\n<meta property=\"og:site_name\" content=\"Organisator\" \/>\n<meta property=\"article:publisher\" content=\"https:\/\/www.facebook.com\/OrganisatorFachmagazin\" \/>\n<meta property=\"article:published_time\" content=\"2022-05-19T12:29:47+00:00\" \/>\n<meta property=\"og:image\" content=\"https:\/\/www.organisator.ch\/wp-content\/uploads\/2022\/05\/Zweite-Saeule-Bedeutung-wird-unterschaetzt_Organisator.jpg\" \/>\n\t<meta property=\"og:image:width\" content=\"680\" \/>\n\t<meta property=\"og:image:height\" content=\"510\" \/>\n\t<meta property=\"og:image:type\" content=\"image\/jpeg\" \/>\n<meta name=\"author\" content=\"thomas.berner\" \/>\n<meta name=\"twitter:card\" content=\"summary_large_image\" \/>\n<meta name=\"twitter:title\" content=\"Zweite S\u00e4ule: Bedeutung wird untersch\u00e4tzt\" \/>\n<meta name=\"twitter:description\" content=\"Die Schweizer Bev\u00f6lkerung untersch\u00e4tzt die zweite S\u00e4ule #BVG f\u00fcr die finanzielle Absicherung im Alter im Vergleich zur #AHV systematisch.\" \/>\n<meta name=\"twitter:image\" content=\"https:\/\/www.organisator.ch\/wp-content\/uploads\/2022\/05\/Zweite-Saeule-Bedeutung-wird-unterschaetzt_Organisator.jpg\" \/>\n<script type=\"application\/ld+json\" class=\"yoast-schema-graph\">{\"@context\":\"https:\\\/\\\/schema.org\",\"@graph\":[{\"@type\":\"Article\",\"@id\":\"https:\\\/\\\/www.organisator.ch\\\/de\\\/allgemein\\\/2022-05-19\\\/zweite-saeule-bedeutung-wird-unterschaetzt\\\/#article\",\"isPartOf\":{\"@id\":\"https:\\\/\\\/www.organisator.ch\\\/de\\\/allgemein\\\/2022-05-19\\\/zweite-saeule-bedeutung-wird-unterschaetzt\\\/\"},\"author\":{\"name\":\"thomas.berner\",\"@id\":\"https:\\\/\\\/www.organisator.ch\\\/#\\\/schema\\\/person\\\/6f650f90b2842cd4c0cc334b4e36f67e\"},\"headline\":\"Zweite S\u00e4ule: Bedeutung wird untersch\u00e4tzt\",\"datePublished\":\"2022-05-19T12:29:47+00:00\",\"mainEntityOfPage\":{\"@id\":\"https:\\\/\\\/www.organisator.ch\\\/de\\\/allgemein\\\/2022-05-19\\\/zweite-saeule-bedeutung-wird-unterschaetzt\\\/\"},\"wordCount\":847,\"publisher\":{\"@id\":\"https:\\\/\\\/www.organisator.ch\\\/#organization\"},\"image\":{\"@id\":\"https:\\\/\\\/www.organisator.ch\\\/de\\\/allgemein\\\/2022-05-19\\\/zweite-saeule-bedeutung-wird-unterschaetzt\\\/#primaryimage\"},\"thumbnailUrl\":\"https:\\\/\\\/www.organisator.ch\\\/wp-content\\\/uploads\\\/2022\\\/05\\\/Zweite-Saeule-Bedeutung-wird-unterschaetzt_Organisator.jpg\",\"keywords\":[\"Pensionskassen\",\"Studie\",\"Vorsorge\"],\"articleSection\":[\"Allgemein\"],\"inLanguage\":\"it-IT\"},{\"@type\":\"WebPage\",\"@id\":\"https:\\\/\\\/www.organisator.ch\\\/de\\\/allgemein\\\/2022-05-19\\\/zweite-saeule-bedeutung-wird-unterschaetzt\\\/\",\"url\":\"https:\\\/\\\/www.organisator.ch\\\/de\\\/allgemein\\\/2022-05-19\\\/zweite-saeule-bedeutung-wird-unterschaetzt\\\/\",\"name\":\"Zweite S\u00e4ule: Bedeutung wird untersch\u00e4tzt - Organisator\",\"isPartOf\":{\"@id\":\"https:\\\/\\\/www.organisator.ch\\\/#website\"},\"primaryImageOfPage\":{\"@id\":\"https:\\\/\\\/www.organisator.ch\\\/de\\\/allgemein\\\/2022-05-19\\\/zweite-saeule-bedeutung-wird-unterschaetzt\\\/#primaryimage\"},\"image\":{\"@id\":\"https:\\\/\\\/www.organisator.ch\\\/de\\\/allgemein\\\/2022-05-19\\\/zweite-saeule-bedeutung-wird-unterschaetzt\\\/#primaryimage\"},\"thumbnailUrl\":\"https:\\\/\\\/www.organisator.ch\\\/wp-content\\\/uploads\\\/2022\\\/05\\\/Zweite-Saeule-Bedeutung-wird-unterschaetzt_Organisator.jpg\",\"datePublished\":\"2022-05-19T12:29:47+00:00\",\"description\":\"Die Schweizer Bev\u00f6lkerung untersch\u00e4tzt die zweite S\u00e4ule f\u00fcr die finanzielle Absicherung im Alter im Vergleich zur AHV systematisch.\",\"breadcrumb\":{\"@id\":\"https:\\\/\\\/www.organisator.ch\\\/de\\\/allgemein\\\/2022-05-19\\\/zweite-saeule-bedeutung-wird-unterschaetzt\\\/#breadcrumb\"},\"inLanguage\":\"it-IT\",\"potentialAction\":[{\"@type\":\"ReadAction\",\"target\":[\"https:\\\/\\\/www.organisator.ch\\\/de\\\/allgemein\\\/2022-05-19\\\/zweite-saeule-bedeutung-wird-unterschaetzt\\\/\"]}]},{\"@type\":\"ImageObject\",\"inLanguage\":\"it-IT\",\"@id\":\"https:\\\/\\\/www.organisator.ch\\\/de\\\/allgemein\\\/2022-05-19\\\/zweite-saeule-bedeutung-wird-unterschaetzt\\\/#primaryimage\",\"url\":\"https:\\\/\\\/www.organisator.ch\\\/wp-content\\\/uploads\\\/2022\\\/05\\\/Zweite-Saeule-Bedeutung-wird-unterschaetzt_Organisator.jpg\",\"contentUrl\":\"https:\\\/\\\/www.organisator.ch\\\/wp-content\\\/uploads\\\/2022\\\/05\\\/Zweite-Saeule-Bedeutung-wird-unterschaetzt_Organisator.jpg\"},{\"@type\":\"BreadcrumbList\",\"@id\":\"https:\\\/\\\/www.organisator.ch\\\/de\\\/allgemein\\\/2022-05-19\\\/zweite-saeule-bedeutung-wird-unterschaetzt\\\/#breadcrumb\",\"itemListElement\":[{\"@type\":\"ListItem\",\"position\":1,\"name\":\"Home\",\"item\":\"https:\\\/\\\/www.organisator.ch\\\/\"},{\"@type\":\"ListItem\",\"position\":2,\"name\":\"Zweite S\u00e4ule: Bedeutung wird untersch\u00e4tzt\"}]},{\"@type\":\"WebSite\",\"@id\":\"https:\\\/\\\/www.organisator.ch\\\/#website\",\"url\":\"https:\\\/\\\/www.organisator.ch\\\/\",\"name\":\"Organisator\",\"description\":\"Kompetent. Praxisnah. Der ORGANISATOR bereitet in 10 Ausgaben pro Jahr die wesentlichen Themen f\u00fcr F\u00fchrungskr\u00e4fte von KMU auf.\",\"publisher\":{\"@id\":\"https:\\\/\\\/www.organisator.ch\\\/#organization\"},\"potentialAction\":[{\"@type\":\"SearchAction\",\"target\":{\"@type\":\"EntryPoint\",\"urlTemplate\":\"https:\\\/\\\/www.organisator.ch\\\/?s={search_term_string}\"},\"query-input\":{\"@type\":\"PropertyValueSpecification\",\"valueRequired\":true,\"valueName\":\"search_term_string\"}}],\"inLanguage\":\"it-IT\"},{\"@type\":\"Organization\",\"@id\":\"https:\\\/\\\/www.organisator.ch\\\/#organization\",\"name\":\"Organisator\",\"url\":\"https:\\\/\\\/www.organisator.ch\\\/\",\"logo\":{\"@type\":\"ImageObject\",\"inLanguage\":\"it-IT\",\"@id\":\"https:\\\/\\\/www.organisator.ch\\\/#\\\/schema\\\/logo\\\/image\\\/\",\"url\":\"https:\\\/\\\/www.organisator.ch\\\/wp-content\\\/uploads\\\/2022\\\/01\\\/Logo_Organisator_Website.png\",\"contentUrl\":\"https:\\\/\\\/www.organisator.ch\\\/wp-content\\\/uploads\\\/2022\\\/01\\\/Logo_Organisator_Website.png\",\"width\":800,\"height\":77,\"caption\":\"Organisator\"},\"image\":{\"@id\":\"https:\\\/\\\/www.organisator.ch\\\/#\\\/schema\\\/logo\\\/image\\\/\"},\"sameAs\":[\"https:\\\/\\\/www.facebook.com\\\/OrganisatorFachmagazin\",\"https:\\\/\\\/www.linkedin.com\\\/showcase\\\/organisator-das-magazin-fr-kmu\",\"https:\\\/\\\/www.xing.com\\\/news\\\/pages\\\/organisator-ch-695\",\"https:\\\/\\\/www.youtube.com\\\/channel\\\/UCGP2Sq0iWaZwT3BdIAQFYpw\"]},{\"@type\":\"Person\",\"@id\":\"https:\\\/\\\/www.organisator.ch\\\/#\\\/schema\\\/person\\\/6f650f90b2842cd4c0cc334b4e36f67e\",\"name\":\"thomas.berner\",\"image\":{\"@type\":\"ImageObject\",\"inLanguage\":\"it-IT\",\"@id\":\"https:\\\/\\\/secure.gravatar.com\\\/avatar\\\/ac5001d2a36cb6c6cd3e50789007ffca834b477b74a2144564522e944eabff61?s=96&d=mm&r=g\",\"url\":\"https:\\\/\\\/secure.gravatar.com\\\/avatar\\\/ac5001d2a36cb6c6cd3e50789007ffca834b477b74a2144564522e944eabff61?s=96&d=mm&r=g\",\"contentUrl\":\"https:\\\/\\\/secure.gravatar.com\\\/avatar\\\/ac5001d2a36cb6c6cd3e50789007ffca834b477b74a2144564522e944eabff61?s=96&d=mm&r=g\",\"caption\":\"thomas.berner\"},\"url\":\"https:\\\/\\\/www.organisator.ch\\\/it\\\/author\\\/thomas-berner\\\/\"}]}<\/script>\n<!-- \/ Yoast SEO plugin. -->","yoast_head_json":{"title":"Secondo pilastro: l'importanza \u00e8 sottovalutata - Organizzatore","description":"La popolazione svizzera sottostima sistematicamente il secondo pilastro della sicurezza finanziaria in et\u00e0 avanzata rispetto all'AVS.","robots":{"index":"index","follow":"follow","max-snippet":"max-snippet:-1","max-image-preview":"max-image-preview:large","max-video-preview":"max-video-preview:-1"},"canonical":"https:\/\/www.organisator.ch\/it\/generale\/2022-05-19\/zweite-saeule-bedeutung-wird-unterschaetzt\/","og_locale":"it_IT","og_type":"article","og_title":"Zweite S\u00e4ule: Bedeutung wird untersch\u00e4tzt","og_description":"Die Schweizer Bev\u00f6lkerung untersch\u00e4tzt die zweite S\u00e4ule f\u00fcr die finanzielle Absicherung im Alter im Vergleich zur AHV systematisch.","og_url":"https:\/\/www.organisator.ch\/it\/generale\/2022-05-19\/zweite-saeule-bedeutung-wird-unterschaetzt\/","og_site_name":"Organisator","article_publisher":"https:\/\/www.facebook.com\/OrganisatorFachmagazin","article_published_time":"2022-05-19T12:29:47+00:00","og_image":[{"width":680,"height":510,"url":"https:\/\/www.organisator.ch\/wp-content\/uploads\/2022\/05\/Zweite-Saeule-Bedeutung-wird-unterschaetzt_Organisator.jpg","type":"image\/jpeg"}],"author":"thomas.berner","twitter_card":"summary_large_image","twitter_title":"Zweite S\u00e4ule: Bedeutung wird untersch\u00e4tzt","twitter_description":"Die Schweizer Bev\u00f6lkerung untersch\u00e4tzt die zweite S\u00e4ule #BVG f\u00fcr die finanzielle Absicherung im Alter im Vergleich zur #AHV systematisch.","twitter_image":"https:\/\/www.organisator.ch\/wp-content\/uploads\/2022\/05\/Zweite-Saeule-Bedeutung-wird-unterschaetzt_Organisator.jpg","schema":{"@context":"https:\/\/schema.org","@graph":[{"@type":"Article","@id":"https:\/\/www.organisator.ch\/de\/allgemein\/2022-05-19\/zweite-saeule-bedeutung-wird-unterschaetzt\/#article","isPartOf":{"@id":"https:\/\/www.organisator.ch\/de\/allgemein\/2022-05-19\/zweite-saeule-bedeutung-wird-unterschaetzt\/"},"author":{"name":"thomas.berner","@id":"https:\/\/www.organisator.ch\/#\/schema\/person\/6f650f90b2842cd4c0cc334b4e36f67e"},"headline":"Zweite S\u00e4ule: Bedeutung wird untersch\u00e4tzt","datePublished":"2022-05-19T12:29:47+00:00","mainEntityOfPage":{"@id":"https:\/\/www.organisator.ch\/de\/allgemein\/2022-05-19\/zweite-saeule-bedeutung-wird-unterschaetzt\/"},"wordCount":847,"publisher":{"@id":"https:\/\/www.organisator.ch\/#organization"},"image":{"@id":"https:\/\/www.organisator.ch\/de\/allgemein\/2022-05-19\/zweite-saeule-bedeutung-wird-unterschaetzt\/#primaryimage"},"thumbnailUrl":"https:\/\/www.organisator.ch\/wp-content\/uploads\/2022\/05\/Zweite-Saeule-Bedeutung-wird-unterschaetzt_Organisator.jpg","keywords":["Pensionskassen","Studie","Vorsorge"],"articleSection":["Allgemein"],"inLanguage":"it-IT"},{"@type":"WebPage","@id":"https:\/\/www.organisator.ch\/de\/allgemein\/2022-05-19\/zweite-saeule-bedeutung-wird-unterschaetzt\/","url":"https:\/\/www.organisator.ch\/de\/allgemein\/2022-05-19\/zweite-saeule-bedeutung-wird-unterschaetzt\/","name":"Secondo pilastro: l'importanza \u00e8 sottovalutata - Organizzatore","isPartOf":{"@id":"https:\/\/www.organisator.ch\/#website"},"primaryImageOfPage":{"@id":"https:\/\/www.organisator.ch\/de\/allgemein\/2022-05-19\/zweite-saeule-bedeutung-wird-unterschaetzt\/#primaryimage"},"image":{"@id":"https:\/\/www.organisator.ch\/de\/allgemein\/2022-05-19\/zweite-saeule-bedeutung-wird-unterschaetzt\/#primaryimage"},"thumbnailUrl":"https:\/\/www.organisator.ch\/wp-content\/uploads\/2022\/05\/Zweite-Saeule-Bedeutung-wird-unterschaetzt_Organisator.jpg","datePublished":"2022-05-19T12:29:47+00:00","description":"La popolazione svizzera sottostima sistematicamente il secondo pilastro della sicurezza finanziaria in et\u00e0 avanzata rispetto all'AVS.","breadcrumb":{"@id":"https:\/\/www.organisator.ch\/de\/allgemein\/2022-05-19\/zweite-saeule-bedeutung-wird-unterschaetzt\/#breadcrumb"},"inLanguage":"it-IT","potentialAction":[{"@type":"ReadAction","target":["https:\/\/www.organisator.ch\/de\/allgemein\/2022-05-19\/zweite-saeule-bedeutung-wird-unterschaetzt\/"]}]},{"@type":"ImageObject","inLanguage":"it-IT","@id":"https:\/\/www.organisator.ch\/de\/allgemein\/2022-05-19\/zweite-saeule-bedeutung-wird-unterschaetzt\/#primaryimage","url":"https:\/\/www.organisator.ch\/wp-content\/uploads\/2022\/05\/Zweite-Saeule-Bedeutung-wird-unterschaetzt_Organisator.jpg","contentUrl":"https:\/\/www.organisator.ch\/wp-content\/uploads\/2022\/05\/Zweite-Saeule-Bedeutung-wird-unterschaetzt_Organisator.jpg"},{"@type":"BreadcrumbList","@id":"https:\/\/www.organisator.ch\/de\/allgemein\/2022-05-19\/zweite-saeule-bedeutung-wird-unterschaetzt\/#breadcrumb","itemListElement":[{"@type":"ListItem","position":1,"name":"Home","item":"https:\/\/www.organisator.ch\/"},{"@type":"ListItem","position":2,"name":"Zweite S\u00e4ule: Bedeutung wird untersch\u00e4tzt"}]},{"@type":"WebSite","@id":"https:\/\/www.organisator.ch\/#website","url":"https:\/\/www.organisator.ch\/","name":"Organizzatore","description":"Competente. Pratico. In 10 numeri all'anno, ORGANISATOR presenta i temi essenziali per i manager delle PMI.","publisher":{"@id":"https:\/\/www.organisator.ch\/#organization"},"potentialAction":[{"@type":"SearchAction","target":{"@type":"EntryPoint","urlTemplate":"https:\/\/www.organisator.ch\/?s={search_term_string}"},"query-input":{"@type":"PropertyValueSpecification","valueRequired":true,"valueName":"search_term_string"}}],"inLanguage":"it-IT"},{"@type":"Organization","@id":"https:\/\/www.organisator.ch\/#organization","name":"Organizzatore","url":"https:\/\/www.organisator.ch\/","logo":{"@type":"ImageObject","inLanguage":"it-IT","@id":"https:\/\/www.organisator.ch\/#\/schema\/logo\/image\/","url":"https:\/\/www.organisator.ch\/wp-content\/uploads\/2022\/01\/Logo_Organisator_Website.png","contentUrl":"https:\/\/www.organisator.ch\/wp-content\/uploads\/2022\/01\/Logo_Organisator_Website.png","width":800,"height":77,"caption":"Organisator"},"image":{"@id":"https:\/\/www.organisator.ch\/#\/schema\/logo\/image\/"},"sameAs":["https:\/\/www.facebook.com\/OrganisatorFachmagazin","https:\/\/www.linkedin.com\/showcase\/organisator-das-magazin-fr-kmu","https:\/\/www.xing.com\/news\/pages\/organisator-ch-695","https:\/\/www.youtube.com\/channel\/UCGP2Sq0iWaZwT3BdIAQFYpw"]},{"@type":"Person","@id":"https:\/\/www.organisator.ch\/#\/schema\/person\/6f650f90b2842cd4c0cc334b4e36f67e","name":"Tommaso.berner","image":{"@type":"ImageObject","inLanguage":"it-IT","@id":"https:\/\/secure.gravatar.com\/avatar\/ac5001d2a36cb6c6cd3e50789007ffca834b477b74a2144564522e944eabff61?s=96&d=mm&r=g","url":"https:\/\/secure.gravatar.com\/avatar\/ac5001d2a36cb6c6cd3e50789007ffca834b477b74a2144564522e944eabff61?s=96&d=mm&r=g","contentUrl":"https:\/\/secure.gravatar.com\/avatar\/ac5001d2a36cb6c6cd3e50789007ffca834b477b74a2144564522e944eabff61?s=96&d=mm&r=g","caption":"thomas.berner"},"url":"https:\/\/www.organisator.ch\/it\/author\/thomas-berner\/"}]}},"_links":{"self":[{"href":"https:\/\/www.organisator.ch\/it\/wp-json\/wp\/v2\/posts\/12937","targetHints":{"allow":["GET"]}}],"collection":[{"href":"https:\/\/www.organisator.ch\/it\/wp-json\/wp\/v2\/posts"}],"about":[{"href":"https:\/\/www.organisator.ch\/it\/wp-json\/wp\/v2\/types\/post"}],"author":[{"embeddable":true,"href":"https:\/\/www.organisator.ch\/it\/wp-json\/wp\/v2\/users\/4"}],"replies":[{"embeddable":true,"href":"https:\/\/www.organisator.ch\/it\/wp-json\/wp\/v2\/comments?post=12937"}],"version-history":[{"count":1,"href":"https:\/\/www.organisator.ch\/it\/wp-json\/wp\/v2\/posts\/12937\/revisions"}],"predecessor-version":[{"id":12939,"href":"https:\/\/www.organisator.ch\/it\/wp-json\/wp\/v2\/posts\/12937\/revisions\/12939"}],"wp:attachment":[{"href":"https:\/\/www.organisator.ch\/it\/wp-json\/wp\/v2\/media?parent=12937"}],"wp:term":[{"taxonomy":"category","embeddable":true,"href":"https:\/\/www.organisator.ch\/it\/wp-json\/wp\/v2\/categories?post=12937"},{"taxonomy":"post_tag","embeddable":true,"href":"https:\/\/www.organisator.ch\/it\/wp-json\/wp\/v2\/tags?post=12937"}],"curies":[{"name":"wp","href":"https:\/\/api.w.org\/{rel}","templated":true}]}}