{"id":12940,"date":"2022-05-19T15:49:24","date_gmt":"2022-05-19T13:49:24","guid":{"rendered":"https:\/\/www.organisator.ch\/?p=12940"},"modified":"2022-05-19T15:49:24","modified_gmt":"2022-05-19T13:49:24","slug":"zfsi-interesse-an-esg-richtlinien-nachhaltigen-investments-steigt","status":"publish","type":"post","link":"https:\/\/www.organisator.ch\/it\/sustainability\/2022-05-19\/zfsi-interesse-an-esg-richtlinien-nachhaltigen-investments-steigt\/","title":{"rendered":"ZFSI: cresce l'interesse per le linee guida ESG per gli investimenti sostenibili"},"content":{"rendered":"<figure id=\"attachment_12947\" aria-describedby=\"caption-attachment-12947\" style=\"width: 680px\" class=\"wp-caption alignnone\"><img loading=\"lazy\" decoding=\"async\" class=\"size-full wp-image-12947\" src=\"https:\/\/www.organisator.ch\/wp-content\/uploads\/2022\/05\/ZFSI-Interesse-an-ESG-Richtlinien-nachhaltigen-Investments-steigt_Organisator.jpg\" alt=\"\" width=\"680\" height=\"422\" srcset=\"https:\/\/www.organisator.ch\/wp-content\/uploads\/2022\/05\/ZFSI-Interesse-an-ESG-Richtlinien-nachhaltigen-Investments-steigt_Organisator.jpg 680w, https:\/\/www.organisator.ch\/wp-content\/uploads\/2022\/05\/ZFSI-Interesse-an-ESG-Richtlinien-nachhaltigen-Investments-steigt_Organisator-18x12.jpg 18w, https:\/\/www.organisator.ch\/wp-content\/uploads\/2022\/05\/ZFSI-Interesse-an-ESG-Richtlinien-nachhaltigen-Investments-steigt_Organisator-282x175.jpg 282w, https:\/\/www.organisator.ch\/wp-content\/uploads\/2022\/05\/ZFSI-Interesse-an-ESG-Richtlinien-nachhaltigen-Investments-steigt_Organisator-564x350.jpg 564w, https:\/\/www.organisator.ch\/wp-content\/uploads\/2022\/05\/ZFSI-Interesse-an-ESG-Richtlinien-nachhaltigen-Investments-steigt_Organisator-300x186.jpg 300w\" sizes=\"auto, (max-width: 680px) 100vw, 680px\" \/><figcaption id=\"caption-attachment-12947\" class=\"wp-caption-text\">Impressione del Forum di Zurigo per la finanza sostenibile presso la Kongresshaus di Zurigo. (Foto: Voxia Communication\/Keystone-SDA)<\/figcaption><\/figure>\n<p>Il 18 maggio 2022 si \u00e8 svolto per la seconda volta lo Zurich Forum for Sustainable Investment (ZFSI) presso la Kongresshaus di Zurigo. Ascoltatori attenti, discussioni vivaci e relatori che hanno condiviso la loro esperienza e le loro conoscenze approfondite sono stati responsabili del successo dell'evento, secondo gli organizzatori. Tra i relatori e i partecipanti al panel figurano Anne Marion-Bouchacourt di Soci\u00e9t\u00e9 G\u00e9n\u00e9rale, Kerstin Torgler di Zurich Insurance Company e Philip Hinsen della FINMA. Hanno espresso il loro punto di vista sul futuro degli investimenti sostenibili.<\/p>\n<p>Durante l'evento, gli esperti di finanza sostenibile si sono confrontati in numerose conferenze e workshop su temi e argomenti legati allo scetticismo nei confronti degli investimenti sostenibili e all'integrazione dei criteri ESG. Secondo gli organizzatori, la vivace partecipazione ha sottolineato ancora una volta la rilevanza di questi temi per i professionisti della finanza e il loro impegno a trovare soluzioni che abbiano un impatto reale.<\/p>\n<p>Lo scetticismo nei confronti degli investimenti sostenibili ha ispirato i partecipanti a cercare soluzioni fattibili e d'impatto. Il fondatore di Voxia communication, Laurent Ashenden, ha commentato: \"Se si dubita di una certa soluzione, di solito \u00e8 perch\u00e9 c'\u00e8 spazio per l'ottimizzazione. Con la scelta del tema di quest'anno abbiamo voluto richiamare esplicitamente l'attenzione su questo fatto e il feedback che abbiamo ricevuto ci ha dimostrato che questo aspetto colpisce nel segno\".<\/p>\n<p>Lo ZFSI si ispira al Forum di Ginevra per gli investimenti sostenibili, che si terr\u00e0 quest'anno per la tredicesima volta e che \u00e8 parte integrante dell'agenda del mercato finanziario svizzero. Quest'anno il GFSI si terr\u00e0 il 22 settembre presso il Fairmont Grand Hotel.<\/p>\n<p><a href=\"https:\/\/voxia.ch\/de\/gfsi-2022-geneva-forum-for-sustainable-investment\/\"><em>Ulteriori informazioni<\/em><\/a><\/p>","protected":false},"excerpt":{"rendered":"<p>Am 18. Mai 2022 fand zum zweiten Mal im Kongresshaus Z\u00fcrich das Zurich Forum for Sustainable Investment (ZFSI) statt. Aufmerksam lauschende Zuh\u00f6rerinnen und Zuh\u00f6rer, angeregte Diskussionen und Referierende, die ihre Erfahrungen und fundierten Kenntnisse weitergeben, waren gem\u00e4ss Angaben der Veranstalter f\u00fcr einen gelungenen Anlass verantwortlich. Zu den Referent\/-innen und Panel-Teilnehmenden geh\u00f6rten u.a. Anne Marion-Bouchacourt von [&hellip;]<\/p>\n","protected":false},"author":4,"featured_media":12947,"comment_status":"closed","ping_status":"closed","sticky":false,"template":"","format":"standard","meta":{"_acf_changed":false,"_yoast_wpseo_focuskw":"ZFSI","_yoast_wpseo_metadesc":"Das Zurich Forum for Sustainable Investment (ZFSI) brachte private und institutionelle Anleger sowie unabh\u00e4ngige Verm\u00f6gensverwalter zusammen.","articlekey":"","footnotes":""},"categories":[580],"tags":[193,202,1764],"class_list":["post-12940","post","type-post","status-publish","format-standard","has-post-thumbnail","hentry","category-sustainability","tag-fachkongressfachmesse","tag-finanzenrecht","tag-nachhaltige-investitionen"],"acf":[],"yoast_head":"<!-- This site is optimized with the Yoast SEO plugin v27.5 - https:\/\/yoast.com\/product\/yoast-seo-wordpress\/ -->\n<title>ZFSI: Interesse an ESG-Richtlinien nachhaltigen Investments steigt - Organisator<\/title>\n<meta name=\"description\" content=\"Das Zurich Forum for Sustainable Investment (ZFSI) brachte private und institutionelle Anleger sowie unabh\u00e4ngige Verm\u00f6gensverwalter zusammen.\" \/>\n<meta name=\"robots\" content=\"index, follow, max-snippet:-1, max-image-preview:large, max-video-preview:-1\" \/>\n<link rel=\"canonical\" href=\"https:\/\/www.organisator.ch\/it\/sostenibilita\/2022-05-19\/zfsi-interesse-an-esg-richtlinien-nachhaltigen-investments-steigt\/\" \/>\n<meta property=\"og:locale\" content=\"it_IT\" \/>\n<meta property=\"og:type\" content=\"article\" \/>\n<meta property=\"og:title\" content=\"ZFSI: Interesse an ESG-Richtlinien nachhaltigen Investments steigt\" \/>\n<meta property=\"og:description\" content=\"Das Zurich Forum for Sustainable Investment (ZFSI) brachte private und institutionelle Anleger sowie unabh\u00e4ngige Verm\u00f6gensverwalter zusammen.\" \/>\n<meta property=\"og:url\" content=\"https:\/\/www.organisator.ch\/it\/sostenibilita\/2022-05-19\/zfsi-interesse-an-esg-richtlinien-nachhaltigen-investments-steigt\/\" \/>\n<meta property=\"og:site_name\" content=\"Organisator\" \/>\n<meta property=\"article:publisher\" content=\"https:\/\/www.facebook.com\/OrganisatorFachmagazin\" \/>\n<meta property=\"article:published_time\" content=\"2022-05-19T13:49:24+00:00\" \/>\n<meta property=\"og:image\" content=\"https:\/\/www.organisator.ch\/wp-content\/uploads\/2022\/05\/ZFSI-Interesse-an-ESG-Richtlinien-nachhaltigen-Investments-steigt_Organisator.jpg\" \/>\n\t<meta property=\"og:image:width\" content=\"680\" \/>\n\t<meta property=\"og:image:height\" content=\"422\" \/>\n\t<meta property=\"og:image:type\" content=\"image\/jpeg\" \/>\n<meta name=\"author\" content=\"thomas.berner\" \/>\n<meta name=\"twitter:card\" content=\"summary_large_image\" \/>\n<meta name=\"twitter:title\" content=\"#ZFSI: Interesse an #ESG-Richtlinien nachhaltigen #Investments steigt\" \/>\n<meta name=\"twitter:description\" content=\"Das Zurich Forum for Sustainable Investment (#ZFSI) brachte private und institutionelle Anleger sowie unabh\u00e4ngige #Verm\u00f6gensverwalter zusammen.\" \/>\n<meta name=\"twitter:image\" content=\"https:\/\/www.organisator.ch\/wp-content\/uploads\/2022\/05\/ZFSI-Interesse-an-ESG-Richtlinien-nachhaltigen-Investments-steigt_Organisator.jpg\" \/>\n<script type=\"application\/ld+json\" class=\"yoast-schema-graph\">{\"@context\":\"https:\\\/\\\/schema.org\",\"@graph\":[{\"@type\":\"Article\",\"@id\":\"https:\\\/\\\/www.organisator.ch\\\/sustainability\\\/2022-05-19\\\/zfsi-interesse-an-esg-richtlinien-nachhaltigen-investments-steigt\\\/#article\",\"isPartOf\":{\"@id\":\"https:\\\/\\\/www.organisator.ch\\\/sustainability\\\/2022-05-19\\\/zfsi-interesse-an-esg-richtlinien-nachhaltigen-investments-steigt\\\/\"},\"author\":{\"name\":\"thomas.berner\",\"@id\":\"https:\\\/\\\/www.organisator.ch\\\/#\\\/schema\\\/person\\\/6f650f90b2842cd4c0cc334b4e36f67e\"},\"headline\":\"ZFSI: Interesse an ESG-Richtlinien nachhaltigen Investments steigt\",\"datePublished\":\"2022-05-19T13:49:24+00:00\",\"mainEntityOfPage\":{\"@id\":\"https:\\\/\\\/www.organisator.ch\\\/sustainability\\\/2022-05-19\\\/zfsi-interesse-an-esg-richtlinien-nachhaltigen-investments-steigt\\\/\"},\"wordCount\":306,\"publisher\":{\"@id\":\"https:\\\/\\\/www.organisator.ch\\\/#organization\"},\"image\":{\"@id\":\"https:\\\/\\\/www.organisator.ch\\\/sustainability\\\/2022-05-19\\\/zfsi-interesse-an-esg-richtlinien-nachhaltigen-investments-steigt\\\/#primaryimage\"},\"thumbnailUrl\":\"https:\\\/\\\/www.organisator.ch\\\/wp-content\\\/uploads\\\/2022\\\/05\\\/ZFSI-Interesse-an-ESG-Richtlinien-nachhaltigen-Investments-steigt_Organisator.jpg\",\"keywords\":[\"Fachkongress\\\/Fachmesse\",\"Finanzen\\\/Recht\",\"Nachhaltige Investitionen\"],\"articleSection\":[\"SUSTAINABILITY\"],\"inLanguage\":\"it-IT\"},{\"@type\":\"WebPage\",\"@id\":\"https:\\\/\\\/www.organisator.ch\\\/sustainability\\\/2022-05-19\\\/zfsi-interesse-an-esg-richtlinien-nachhaltigen-investments-steigt\\\/\",\"url\":\"https:\\\/\\\/www.organisator.ch\\\/sustainability\\\/2022-05-19\\\/zfsi-interesse-an-esg-richtlinien-nachhaltigen-investments-steigt\\\/\",\"name\":\"ZFSI: Interesse an ESG-Richtlinien nachhaltigen Investments steigt - Organisator\",\"isPartOf\":{\"@id\":\"https:\\\/\\\/www.organisator.ch\\\/#website\"},\"primaryImageOfPage\":{\"@id\":\"https:\\\/\\\/www.organisator.ch\\\/sustainability\\\/2022-05-19\\\/zfsi-interesse-an-esg-richtlinien-nachhaltigen-investments-steigt\\\/#primaryimage\"},\"image\":{\"@id\":\"https:\\\/\\\/www.organisator.ch\\\/sustainability\\\/2022-05-19\\\/zfsi-interesse-an-esg-richtlinien-nachhaltigen-investments-steigt\\\/#primaryimage\"},\"thumbnailUrl\":\"https:\\\/\\\/www.organisator.ch\\\/wp-content\\\/uploads\\\/2022\\\/05\\\/ZFSI-Interesse-an-ESG-Richtlinien-nachhaltigen-Investments-steigt_Organisator.jpg\",\"datePublished\":\"2022-05-19T13:49:24+00:00\",\"description\":\"Das Zurich Forum for Sustainable Investment (ZFSI) brachte private und institutionelle Anleger sowie unabh\u00e4ngige Verm\u00f6gensverwalter zusammen.\",\"breadcrumb\":{\"@id\":\"https:\\\/\\\/www.organisator.ch\\\/sustainability\\\/2022-05-19\\\/zfsi-interesse-an-esg-richtlinien-nachhaltigen-investments-steigt\\\/#breadcrumb\"},\"inLanguage\":\"it-IT\",\"potentialAction\":[{\"@type\":\"ReadAction\",\"target\":[\"https:\\\/\\\/www.organisator.ch\\\/sustainability\\\/2022-05-19\\\/zfsi-interesse-an-esg-richtlinien-nachhaltigen-investments-steigt\\\/\"]}]},{\"@type\":\"ImageObject\",\"inLanguage\":\"it-IT\",\"@id\":\"https:\\\/\\\/www.organisator.ch\\\/sustainability\\\/2022-05-19\\\/zfsi-interesse-an-esg-richtlinien-nachhaltigen-investments-steigt\\\/#primaryimage\",\"url\":\"https:\\\/\\\/www.organisator.ch\\\/wp-content\\\/uploads\\\/2022\\\/05\\\/ZFSI-Interesse-an-ESG-Richtlinien-nachhaltigen-Investments-steigt_Organisator.jpg\",\"contentUrl\":\"https:\\\/\\\/www.organisator.ch\\\/wp-content\\\/uploads\\\/2022\\\/05\\\/ZFSI-Interesse-an-ESG-Richtlinien-nachhaltigen-Investments-steigt_Organisator.jpg\",\"width\":680,\"height\":422,\"caption\":\"Impression vom Zurich Forum for Sustainable Finance \u2013 ZFSI, photographed on Wednesday, Mai 18, 2022 in Kongresshaus in Zurich. (VOXIA COMMUNICATION\\\/KEYSTONE-SDA)\"},{\"@type\":\"BreadcrumbList\",\"@id\":\"https:\\\/\\\/www.organisator.ch\\\/sustainability\\\/2022-05-19\\\/zfsi-interesse-an-esg-richtlinien-nachhaltigen-investments-steigt\\\/#breadcrumb\",\"itemListElement\":[{\"@type\":\"ListItem\",\"position\":1,\"name\":\"Home\",\"item\":\"https:\\\/\\\/www.organisator.ch\\\/\"},{\"@type\":\"ListItem\",\"position\":2,\"name\":\"ZFSI: Interesse an ESG-Richtlinien nachhaltigen Investments steigt\"}]},{\"@type\":\"WebSite\",\"@id\":\"https:\\\/\\\/www.organisator.ch\\\/#website\",\"url\":\"https:\\\/\\\/www.organisator.ch\\\/\",\"name\":\"Organisator\",\"description\":\"Kompetent. Praxisnah. Der ORGANISATOR bereitet in 10 Ausgaben pro Jahr die wesentlichen Themen f\u00fcr F\u00fchrungskr\u00e4fte von KMU auf.\",\"publisher\":{\"@id\":\"https:\\\/\\\/www.organisator.ch\\\/#organization\"},\"potentialAction\":[{\"@type\":\"SearchAction\",\"target\":{\"@type\":\"EntryPoint\",\"urlTemplate\":\"https:\\\/\\\/www.organisator.ch\\\/?s={search_term_string}\"},\"query-input\":{\"@type\":\"PropertyValueSpecification\",\"valueRequired\":true,\"valueName\":\"search_term_string\"}}],\"inLanguage\":\"it-IT\"},{\"@type\":\"Organization\",\"@id\":\"https:\\\/\\\/www.organisator.ch\\\/#organization\",\"name\":\"Organisator\",\"url\":\"https:\\\/\\\/www.organisator.ch\\\/\",\"logo\":{\"@type\":\"ImageObject\",\"inLanguage\":\"it-IT\",\"@id\":\"https:\\\/\\\/www.organisator.ch\\\/#\\\/schema\\\/logo\\\/image\\\/\",\"url\":\"https:\\\/\\\/www.organisator.ch\\\/wp-content\\\/uploads\\\/2022\\\/01\\\/Logo_Organisator_Website.png\",\"contentUrl\":\"https:\\\/\\\/www.organisator.ch\\\/wp-content\\\/uploads\\\/2022\\\/01\\\/Logo_Organisator_Website.png\",\"width\":800,\"height\":77,\"caption\":\"Organisator\"},\"image\":{\"@id\":\"https:\\\/\\\/www.organisator.ch\\\/#\\\/schema\\\/logo\\\/image\\\/\"},\"sameAs\":[\"https:\\\/\\\/www.facebook.com\\\/OrganisatorFachmagazin\",\"https:\\\/\\\/www.linkedin.com\\\/showcase\\\/organisator-das-magazin-fr-kmu\",\"https:\\\/\\\/www.xing.com\\\/news\\\/pages\\\/organisator-ch-695\",\"https:\\\/\\\/www.youtube.com\\\/channel\\\/UCGP2Sq0iWaZwT3BdIAQFYpw\"]},{\"@type\":\"Person\",\"@id\":\"https:\\\/\\\/www.organisator.ch\\\/#\\\/schema\\\/person\\\/6f650f90b2842cd4c0cc334b4e36f67e\",\"name\":\"thomas.berner\",\"image\":{\"@type\":\"ImageObject\",\"inLanguage\":\"it-IT\",\"@id\":\"https:\\\/\\\/secure.gravatar.com\\\/avatar\\\/ac5001d2a36cb6c6cd3e50789007ffca834b477b74a2144564522e944eabff61?s=96&d=mm&r=g\",\"url\":\"https:\\\/\\\/secure.gravatar.com\\\/avatar\\\/ac5001d2a36cb6c6cd3e50789007ffca834b477b74a2144564522e944eabff61?s=96&d=mm&r=g\",\"contentUrl\":\"https:\\\/\\\/secure.gravatar.com\\\/avatar\\\/ac5001d2a36cb6c6cd3e50789007ffca834b477b74a2144564522e944eabff61?s=96&d=mm&r=g\",\"caption\":\"thomas.berner\"},\"url\":\"https:\\\/\\\/www.organisator.ch\\\/it\\\/author\\\/thomas-berner\\\/\"}]}<\/script>\n<!-- \/ Yoast SEO plugin. -->","yoast_head_json":{"title":"ZFSI: Cresce l'interesse per le linee guida ESG per gli investimenti sostenibili - Organizzatore","description":"Lo Zurich Forum for Sustainable Investment (ZFSI) ha riunito investitori privati e istituzionali e gestori patrimoniali indipendenti.","robots":{"index":"index","follow":"follow","max-snippet":"max-snippet:-1","max-image-preview":"max-image-preview:large","max-video-preview":"max-video-preview:-1"},"canonical":"https:\/\/www.organisator.ch\/it\/sostenibilita\/2022-05-19\/zfsi-interesse-an-esg-richtlinien-nachhaltigen-investments-steigt\/","og_locale":"it_IT","og_type":"article","og_title":"ZFSI: Interesse an ESG-Richtlinien nachhaltigen Investments steigt","og_description":"Das Zurich Forum for Sustainable Investment (ZFSI) brachte private und institutionelle Anleger sowie unabh\u00e4ngige Verm\u00f6gensverwalter zusammen.","og_url":"https:\/\/www.organisator.ch\/it\/sostenibilita\/2022-05-19\/zfsi-interesse-an-esg-richtlinien-nachhaltigen-investments-steigt\/","og_site_name":"Organisator","article_publisher":"https:\/\/www.facebook.com\/OrganisatorFachmagazin","article_published_time":"2022-05-19T13:49:24+00:00","og_image":[{"width":680,"height":422,"url":"https:\/\/www.organisator.ch\/wp-content\/uploads\/2022\/05\/ZFSI-Interesse-an-ESG-Richtlinien-nachhaltigen-Investments-steigt_Organisator.jpg","type":"image\/jpeg"}],"author":"thomas.berner","twitter_card":"summary_large_image","twitter_title":"#ZFSI: Interesse an #ESG-Richtlinien nachhaltigen #Investments steigt","twitter_description":"Das Zurich Forum for Sustainable Investment (#ZFSI) brachte private und institutionelle Anleger sowie unabh\u00e4ngige #Verm\u00f6gensverwalter zusammen.","twitter_image":"https:\/\/www.organisator.ch\/wp-content\/uploads\/2022\/05\/ZFSI-Interesse-an-ESG-Richtlinien-nachhaltigen-Investments-steigt_Organisator.jpg","schema":{"@context":"https:\/\/schema.org","@graph":[{"@type":"Article","@id":"https:\/\/www.organisator.ch\/sustainability\/2022-05-19\/zfsi-interesse-an-esg-richtlinien-nachhaltigen-investments-steigt\/#article","isPartOf":{"@id":"https:\/\/www.organisator.ch\/sustainability\/2022-05-19\/zfsi-interesse-an-esg-richtlinien-nachhaltigen-investments-steigt\/"},"author":{"name":"thomas.berner","@id":"https:\/\/www.organisator.ch\/#\/schema\/person\/6f650f90b2842cd4c0cc334b4e36f67e"},"headline":"ZFSI: Interesse an ESG-Richtlinien nachhaltigen Investments steigt","datePublished":"2022-05-19T13:49:24+00:00","mainEntityOfPage":{"@id":"https:\/\/www.organisator.ch\/sustainability\/2022-05-19\/zfsi-interesse-an-esg-richtlinien-nachhaltigen-investments-steigt\/"},"wordCount":306,"publisher":{"@id":"https:\/\/www.organisator.ch\/#organization"},"image":{"@id":"https:\/\/www.organisator.ch\/sustainability\/2022-05-19\/zfsi-interesse-an-esg-richtlinien-nachhaltigen-investments-steigt\/#primaryimage"},"thumbnailUrl":"https:\/\/www.organisator.ch\/wp-content\/uploads\/2022\/05\/ZFSI-Interesse-an-ESG-Richtlinien-nachhaltigen-Investments-steigt_Organisator.jpg","keywords":["Fachkongress\/Fachmesse","Finanzen\/Recht","Nachhaltige Investitionen"],"articleSection":["SUSTAINABILITY"],"inLanguage":"it-IT"},{"@type":"WebPage","@id":"https:\/\/www.organisator.ch\/sustainability\/2022-05-19\/zfsi-interesse-an-esg-richtlinien-nachhaltigen-investments-steigt\/","url":"https:\/\/www.organisator.ch\/sustainability\/2022-05-19\/zfsi-interesse-an-esg-richtlinien-nachhaltigen-investments-steigt\/","name":"ZFSI: Cresce l'interesse per le linee guida ESG per gli investimenti sostenibili - Organizzatore","isPartOf":{"@id":"https:\/\/www.organisator.ch\/#website"},"primaryImageOfPage":{"@id":"https:\/\/www.organisator.ch\/sustainability\/2022-05-19\/zfsi-interesse-an-esg-richtlinien-nachhaltigen-investments-steigt\/#primaryimage"},"image":{"@id":"https:\/\/www.organisator.ch\/sustainability\/2022-05-19\/zfsi-interesse-an-esg-richtlinien-nachhaltigen-investments-steigt\/#primaryimage"},"thumbnailUrl":"https:\/\/www.organisator.ch\/wp-content\/uploads\/2022\/05\/ZFSI-Interesse-an-ESG-Richtlinien-nachhaltigen-Investments-steigt_Organisator.jpg","datePublished":"2022-05-19T13:49:24+00:00","description":"Lo Zurich Forum for Sustainable Investment (ZFSI) ha riunito investitori privati e istituzionali e gestori patrimoniali indipendenti.","breadcrumb":{"@id":"https:\/\/www.organisator.ch\/sustainability\/2022-05-19\/zfsi-interesse-an-esg-richtlinien-nachhaltigen-investments-steigt\/#breadcrumb"},"inLanguage":"it-IT","potentialAction":[{"@type":"ReadAction","target":["https:\/\/www.organisator.ch\/sustainability\/2022-05-19\/zfsi-interesse-an-esg-richtlinien-nachhaltigen-investments-steigt\/"]}]},{"@type":"ImageObject","inLanguage":"it-IT","@id":"https:\/\/www.organisator.ch\/sustainability\/2022-05-19\/zfsi-interesse-an-esg-richtlinien-nachhaltigen-investments-steigt\/#primaryimage","url":"https:\/\/www.organisator.ch\/wp-content\/uploads\/2022\/05\/ZFSI-Interesse-an-ESG-Richtlinien-nachhaltigen-Investments-steigt_Organisator.jpg","contentUrl":"https:\/\/www.organisator.ch\/wp-content\/uploads\/2022\/05\/ZFSI-Interesse-an-ESG-Richtlinien-nachhaltigen-Investments-steigt_Organisator.jpg","width":680,"height":422,"caption":"Impression vom Zurich Forum for Sustainable Finance \u2013 ZFSI, photographed on Wednesday, Mai 18, 2022 in Kongresshaus in Zurich. (VOXIA COMMUNICATION\/KEYSTONE-SDA)"},{"@type":"BreadcrumbList","@id":"https:\/\/www.organisator.ch\/sustainability\/2022-05-19\/zfsi-interesse-an-esg-richtlinien-nachhaltigen-investments-steigt\/#breadcrumb","itemListElement":[{"@type":"ListItem","position":1,"name":"Home","item":"https:\/\/www.organisator.ch\/"},{"@type":"ListItem","position":2,"name":"ZFSI: Interesse an ESG-Richtlinien nachhaltigen Investments steigt"}]},{"@type":"WebSite","@id":"https:\/\/www.organisator.ch\/#website","url":"https:\/\/www.organisator.ch\/","name":"Organizzatore","description":"Competente. Pratico. In 10 numeri all'anno, ORGANISATOR presenta i temi essenziali per i manager delle PMI.","publisher":{"@id":"https:\/\/www.organisator.ch\/#organization"},"potentialAction":[{"@type":"SearchAction","target":{"@type":"EntryPoint","urlTemplate":"https:\/\/www.organisator.ch\/?s={search_term_string}"},"query-input":{"@type":"PropertyValueSpecification","valueRequired":true,"valueName":"search_term_string"}}],"inLanguage":"it-IT"},{"@type":"Organization","@id":"https:\/\/www.organisator.ch\/#organization","name":"Organizzatore","url":"https:\/\/www.organisator.ch\/","logo":{"@type":"ImageObject","inLanguage":"it-IT","@id":"https:\/\/www.organisator.ch\/#\/schema\/logo\/image\/","url":"https:\/\/www.organisator.ch\/wp-content\/uploads\/2022\/01\/Logo_Organisator_Website.png","contentUrl":"https:\/\/www.organisator.ch\/wp-content\/uploads\/2022\/01\/Logo_Organisator_Website.png","width":800,"height":77,"caption":"Organisator"},"image":{"@id":"https:\/\/www.organisator.ch\/#\/schema\/logo\/image\/"},"sameAs":["https:\/\/www.facebook.com\/OrganisatorFachmagazin","https:\/\/www.linkedin.com\/showcase\/organisator-das-magazin-fr-kmu","https:\/\/www.xing.com\/news\/pages\/organisator-ch-695","https:\/\/www.youtube.com\/channel\/UCGP2Sq0iWaZwT3BdIAQFYpw"]},{"@type":"Person","@id":"https:\/\/www.organisator.ch\/#\/schema\/person\/6f650f90b2842cd4c0cc334b4e36f67e","name":"Tommaso.berner","image":{"@type":"ImageObject","inLanguage":"it-IT","@id":"https:\/\/secure.gravatar.com\/avatar\/ac5001d2a36cb6c6cd3e50789007ffca834b477b74a2144564522e944eabff61?s=96&d=mm&r=g","url":"https:\/\/secure.gravatar.com\/avatar\/ac5001d2a36cb6c6cd3e50789007ffca834b477b74a2144564522e944eabff61?s=96&d=mm&r=g","contentUrl":"https:\/\/secure.gravatar.com\/avatar\/ac5001d2a36cb6c6cd3e50789007ffca834b477b74a2144564522e944eabff61?s=96&d=mm&r=g","caption":"thomas.berner"},"url":"https:\/\/www.organisator.ch\/it\/author\/thomas-berner\/"}]}},"_links":{"self":[{"href":"https:\/\/www.organisator.ch\/it\/wp-json\/wp\/v2\/posts\/12940","targetHints":{"allow":["GET"]}}],"collection":[{"href":"https:\/\/www.organisator.ch\/it\/wp-json\/wp\/v2\/posts"}],"about":[{"href":"https:\/\/www.organisator.ch\/it\/wp-json\/wp\/v2\/types\/post"}],"author":[{"embeddable":true,"href":"https:\/\/www.organisator.ch\/it\/wp-json\/wp\/v2\/users\/4"}],"replies":[{"embeddable":true,"href":"https:\/\/www.organisator.ch\/it\/wp-json\/wp\/v2\/comments?post=12940"}],"version-history":[{"count":3,"href":"https:\/\/www.organisator.ch\/it\/wp-json\/wp\/v2\/posts\/12940\/revisions"}],"predecessor-version":[{"id":12984,"href":"https:\/\/www.organisator.ch\/it\/wp-json\/wp\/v2\/posts\/12940\/revisions\/12984"}],"wp:featuredmedia":[{"embeddable":true,"href":"https:\/\/www.organisator.ch\/it\/wp-json\/wp\/v2\/media\/12947"}],"wp:attachment":[{"href":"https:\/\/www.organisator.ch\/it\/wp-json\/wp\/v2\/media?parent=12940"}],"wp:term":[{"taxonomy":"category","embeddable":true,"href":"https:\/\/www.organisator.ch\/it\/wp-json\/wp\/v2\/categories?post=12940"},{"taxonomy":"post_tag","embeddable":true,"href":"https:\/\/www.organisator.ch\/it\/wp-json\/wp\/v2\/tags?post=12940"}],"curies":[{"name":"wp","href":"https:\/\/api.w.org\/{rel}","templated":true}]}}